{"id":26653,"date":"2024-06-17T23:52:31","date_gmt":"2024-06-18T04:52:31","guid":{"rendered":"https:\/\/radiohuancayo.com.pe\/wp54\/?p=26653"},"modified":"2024-06-18T00:34:23","modified_gmt":"2024-06-18T05:34:23","slug":"osiptel-anuncia-bloqueo-de-celulares-no-registrados-a-partir-del-22-de-julio","status":"publish","type":"post","link":"https:\/\/radiohuancayo.com.pe\/wp54\/osiptel-anuncia-bloqueo-de-celulares-no-registrados-a-partir-del-22-de-julio\/","title":{"rendered":"Osiptel anuncia bloqueo de celulares no registrados a partir del 22 de julio"},"content":{"rendered":"\n<p><strong>Con el objetivo de combatir el robo y comercio ilegal de celular, Osiptel anunci\u00f3 que a partir del 22 de julio, bloquear\u00e1n los equipos m\u00f3viles que no est\u00e9n registrados en la lista de celulares v\u00e1lidos.<\/strong><\/p>\n\n\n\n<p>Tatiana Piccini, directora de atenci\u00f3n y protecci\u00f3n del usuario del Osiptel, se\u00f1al\u00f3 que dicha medida est\u00e1 dirigida a los importadores y vendedores de celulares que tienen que registrar sus dispositivos.<\/p>\n\n\n\n<p>Hace una semana, algunos usuarios empezaron a a recibir mensaje de texto donde los alertan que sus celulares no est\u00e1n registrados y podr\u00edan ser bloqueados en caso no regularizan esta situaci\u00f3n.<\/p>\n\n\n\n<p>Los usuarios deben verificar que el IMEI, un c\u00f3digo de 15 d\u00edgitos, coincida con el mensaje de texto que reciban.<\/p>\n\n\n\n<p>En caso de alg\u00fan inconveniente, deber\u00e1n acudir a la tienda donde adqurieron el celular para regularizarlo. En caso no se resuelva el problema, se puede presentar un reclamo a Indecopi.<\/p>\n\n\n\n<p>Por otro lado, aquellos que compraron celulares en el extranjero tienen que registrarlos mediante su operador m\u00f3vil en Per\u00fa.<\/p>\n\n\n\n<p>Posteriormente, Piccini afirma que esta medida tiene el fin de reductir la alta cifra de inseguridad debido al robo de celulares en nuestro pa\u00eds.<\/p>\n","protected":false},"excerpt":{"rendered":"<p>Con el objetivo de combatir el robo y comercio ilegal de celular, Osiptel anunci\u00f3 que a partir del 22 de julio, bloquear\u00e1n los equipos m\u00f3viles que no est\u00e9n registrados en la lista de celulares v\u00e1lidos. Tatiana Piccini, directora de atenci\u00f3n y protecci\u00f3n del usuario del Osiptel, se\u00f1al\u00f3 que dicha medida est\u00e1 dirigida a los importadores y vendedores de celulares que tienen que registrar sus dispositivos. Hace una semana, algunos usuarios empezaron a a recibir mensaje de texto donde los alertan que sus celulares no est\u00e1n registrados y podr\u00edan ser bloqueados en caso no regularizan esta situaci\u00f3n. Los usuarios deben verificar que el IMEI, un c\u00f3digo de 15 d\u00edgitos, coincida con el mensaje de texto que reciban. En caso de alg\u00fan inconveniente, deber\u00e1n acudir a la tienda donde adqurieron el celular para regularizarlo. En caso no se resuelva el problema, se puede presentar un reclamo a Indecopi. Por otro lado, aquellos que compraron celulares en el extranjero tienen que registrarlos mediante su operador m\u00f3vil en Per\u00fa. Posteriormente, Piccini afirma que esta medida tiene el fin de reductir la alta cifra de inseguridad debido al robo de celulares en nuestro pa\u00eds.<\/p>\n","protected":false},"author":1,"featured_media":26654,"comment_status":"open","ping_status":"open","sticky":false,"template":"","format":"standard","meta":{"footnotes":""},"categories":[22],"tags":[],"class_list":["post-26653","post","type-post","status-publish","format-standard","has-post-thumbnail","hentry","category-portada"],"yoast_head":"<!-- This site is optimized with the Yoast SEO plugin v27.5 - https:\/\/yoast.com\/product\/yoast-seo-wordpress\/ -->\n<title>Osiptel anuncia bloqueo de celulares no registrados a partir del 22 de julio - Radio Huancayo<\/title>\n<meta name=\"robots\" content=\"index, follow, max-snippet:-1, max-image-preview:large, max-video-preview:-1\" \/>\n<link rel=\"canonical\" href=\"https:\/\/radiohuancayo.com.pe\/wp54\/osiptel-anuncia-bloqueo-de-celulares-no-registrados-a-partir-del-22-de-julio\/\" \/>\n<meta property=\"og:locale\" content=\"es_ES\" \/>\n<meta property=\"og:type\" content=\"article\" \/>\n<meta property=\"og:title\" content=\"Osiptel anuncia bloqueo de celulares no registrados a partir del 22 de julio - Radio Huancayo\" \/>\n<meta property=\"og:description\" content=\"Con el objetivo de combatir el robo y comercio ilegal de celular, Osiptel anunci\u00f3 que a partir del 22 de julio, bloquear\u00e1n los equipos m\u00f3viles que no est\u00e9n registrados en la lista de celulares v\u00e1lidos. Tatiana Piccini, directora de atenci\u00f3n y protecci\u00f3n del usuario del Osiptel, se\u00f1al\u00f3 que dicha medida est\u00e1 dirigida a los importadores y vendedores de celulares que tienen que registrar sus dispositivos. Hace una semana, algunos usuarios empezaron a a recibir mensaje de texto donde los alertan que sus celulares no est\u00e1n registrados y podr\u00edan ser bloqueados en caso no regularizan esta situaci\u00f3n. Los usuarios deben verificar que el IMEI, un c\u00f3digo de 15 d\u00edgitos, coincida con el mensaje de texto que reciban. En caso de alg\u00fan inconveniente, deber\u00e1n acudir a la tienda donde adqurieron el celular para regularizarlo. En caso no se resuelva el problema, se puede presentar un reclamo a Indecopi. Por otro lado, aquellos que compraron celulares en el extranjero tienen que registrarlos mediante su operador m\u00f3vil en Per\u00fa. Posteriormente, Piccini afirma que esta medida tiene el fin de reductir la alta cifra de inseguridad debido al robo de celulares en nuestro pa\u00eds.\" \/>\n<meta property=\"og:url\" content=\"https:\/\/radiohuancayo.com.pe\/wp54\/osiptel-anuncia-bloqueo-de-celulares-no-registrados-a-partir-del-22-de-julio\/\" \/>\n<meta property=\"og:site_name\" content=\"Radio Huancayo\" \/>\n<meta property=\"article:published_time\" content=\"2024-06-18T04:52:31+00:00\" \/>\n<meta property=\"article:modified_time\" content=\"2024-06-18T05:34:23+00:00\" \/>\n<meta property=\"og:image\" content=\"https:\/\/radiohuancayo.com.pe\/wp54\/wp-content\/uploads\/2024\/06\/image-6.png\" \/>\n\t<meta property=\"og:image:width\" content=\"640\" \/>\n\t<meta property=\"og:image:height\" content=\"352\" \/>\n\t<meta property=\"og:image:type\" content=\"image\/png\" \/>\n<meta name=\"author\" content=\"admin\" \/>\n<meta name=\"twitter:card\" content=\"summary_large_image\" \/>\n<meta name=\"twitter:label1\" content=\"Escrito por\" \/>\n\t<meta name=\"twitter:data1\" content=\"admin\" \/>\n\t<meta name=\"twitter:label2\" content=\"Tiempo de lectura\" \/>\n\t<meta name=\"twitter:data2\" content=\"2 minutos\" \/>\n<script type=\"application\/ld+json\" class=\"yoast-schema-graph\">{\"@context\":\"https:\\\/\\\/schema.org\",\"@graph\":[{\"@type\":\"Article\",\"@id\":\"https:\\\/\\\/radiohuancayo.com.pe\\\/wp54\\\/osiptel-anuncia-bloqueo-de-celulares-no-registrados-a-partir-del-22-de-julio\\\/#article\",\"isPartOf\":{\"@id\":\"https:\\\/\\\/radiohuancayo.com.pe\\\/wp54\\\/osiptel-anuncia-bloqueo-de-celulares-no-registrados-a-partir-del-22-de-julio\\\/\"},\"author\":{\"name\":\"admin\",\"@id\":\"https:\\\/\\\/radiohuancayo.com.pe\\\/wp54\\\/#\\\/schema\\\/person\\\/53e7c63df918deff345a30606cbf878c\"},\"headline\":\"Osiptel anuncia bloqueo de celulares no registrados a partir del 22 de julio\",\"datePublished\":\"2024-06-18T04:52:31+00:00\",\"dateModified\":\"2024-06-18T05:34:23+00:00\",\"mainEntityOfPage\":{\"@id\":\"https:\\\/\\\/radiohuancayo.com.pe\\\/wp54\\\/osiptel-anuncia-bloqueo-de-celulares-no-registrados-a-partir-del-22-de-julio\\\/\"},\"wordCount\":215,\"commentCount\":0,\"publisher\":{\"@id\":\"https:\\\/\\\/radiohuancayo.com.pe\\\/wp54\\\/#organization\"},\"image\":{\"@id\":\"https:\\\/\\\/radiohuancayo.com.pe\\\/wp54\\\/osiptel-anuncia-bloqueo-de-celulares-no-registrados-a-partir-del-22-de-julio\\\/#primaryimage\"},\"thumbnailUrl\":\"https:\\\/\\\/radiohuancayo.com.pe\\\/wp54\\\/wp-content\\\/uploads\\\/2024\\\/06\\\/image-6.png\",\"articleSection\":[\"Portada\"],\"inLanguage\":\"es\",\"potentialAction\":[{\"@type\":\"CommentAction\",\"name\":\"Comment\",\"target\":[\"https:\\\/\\\/radiohuancayo.com.pe\\\/wp54\\\/osiptel-anuncia-bloqueo-de-celulares-no-registrados-a-partir-del-22-de-julio\\\/#respond\"]}]},{\"@type\":\"WebPage\",\"@id\":\"https:\\\/\\\/radiohuancayo.com.pe\\\/wp54\\\/osiptel-anuncia-bloqueo-de-celulares-no-registrados-a-partir-del-22-de-julio\\\/\",\"url\":\"https:\\\/\\\/radiohuancayo.com.pe\\\/wp54\\\/osiptel-anuncia-bloqueo-de-celulares-no-registrados-a-partir-del-22-de-julio\\\/\",\"name\":\"Osiptel anuncia bloqueo de celulares no registrados a partir del 22 de julio - Radio Huancayo\",\"isPartOf\":{\"@id\":\"https:\\\/\\\/radiohuancayo.com.pe\\\/wp54\\\/#website\"},\"primaryImageOfPage\":{\"@id\":\"https:\\\/\\\/radiohuancayo.com.pe\\\/wp54\\\/osiptel-anuncia-bloqueo-de-celulares-no-registrados-a-partir-del-22-de-julio\\\/#primaryimage\"},\"image\":{\"@id\":\"https:\\\/\\\/radiohuancayo.com.pe\\\/wp54\\\/osiptel-anuncia-bloqueo-de-celulares-no-registrados-a-partir-del-22-de-julio\\\/#primaryimage\"},\"thumbnailUrl\":\"https:\\\/\\\/radiohuancayo.com.pe\\\/wp54\\\/wp-content\\\/uploads\\\/2024\\\/06\\\/image-6.png\",\"datePublished\":\"2024-06-18T04:52:31+00:00\",\"dateModified\":\"2024-06-18T05:34:23+00:00\",\"breadcrumb\":{\"@id\":\"https:\\\/\\\/radiohuancayo.com.pe\\\/wp54\\\/osiptel-anuncia-bloqueo-de-celulares-no-registrados-a-partir-del-22-de-julio\\\/#breadcrumb\"},\"inLanguage\":\"es\",\"potentialAction\":[{\"@type\":\"ReadAction\",\"target\":[\"https:\\\/\\\/radiohuancayo.com.pe\\\/wp54\\\/osiptel-anuncia-bloqueo-de-celulares-no-registrados-a-partir-del-22-de-julio\\\/\"]}]},{\"@type\":\"ImageObject\",\"inLanguage\":\"es\",\"@id\":\"https:\\\/\\\/radiohuancayo.com.pe\\\/wp54\\\/osiptel-anuncia-bloqueo-de-celulares-no-registrados-a-partir-del-22-de-julio\\\/#primaryimage\",\"url\":\"https:\\\/\\\/radiohuancayo.com.pe\\\/wp54\\\/wp-content\\\/uploads\\\/2024\\\/06\\\/image-6.png\",\"contentUrl\":\"https:\\\/\\\/radiohuancayo.com.pe\\\/wp54\\\/wp-content\\\/uploads\\\/2024\\\/06\\\/image-6.png\",\"width\":640,\"height\":352},{\"@type\":\"BreadcrumbList\",\"@id\":\"https:\\\/\\\/radiohuancayo.com.pe\\\/wp54\\\/osiptel-anuncia-bloqueo-de-celulares-no-registrados-a-partir-del-22-de-julio\\\/#breadcrumb\",\"itemListElement\":[{\"@type\":\"ListItem\",\"position\":1,\"name\":\"Portada\",\"item\":\"https:\\\/\\\/radiohuancayo.com.pe\\\/wp54\\\/\"},{\"@type\":\"ListItem\",\"position\":2,\"name\":\"Osiptel anuncia bloqueo de celulares no registrados a partir del 22 de julio\"}]},{\"@type\":\"WebSite\",\"@id\":\"https:\\\/\\\/radiohuancayo.com.pe\\\/wp54\\\/#website\",\"url\":\"https:\\\/\\\/radiohuancayo.com.pe\\\/wp54\\\/\",\"name\":\"Radio Huancayo\",\"description\":\"me gusta!!!\",\"publisher\":{\"@id\":\"https:\\\/\\\/radiohuancayo.com.pe\\\/wp54\\\/#organization\"},\"potentialAction\":[{\"@type\":\"SearchAction\",\"target\":{\"@type\":\"EntryPoint\",\"urlTemplate\":\"https:\\\/\\\/radiohuancayo.com.pe\\\/wp54\\\/?s={search_term_string}\"},\"query-input\":{\"@type\":\"PropertyValueSpecification\",\"valueRequired\":true,\"valueName\":\"search_term_string\"}}],\"inLanguage\":\"es\"},{\"@type\":\"Organization\",\"@id\":\"https:\\\/\\\/radiohuancayo.com.pe\\\/wp54\\\/#organization\",\"name\":\"Radio Huancayo\",\"url\":\"https:\\\/\\\/radiohuancayo.com.pe\\\/wp54\\\/\",\"logo\":{\"@type\":\"ImageObject\",\"inLanguage\":\"es\",\"@id\":\"https:\\\/\\\/radiohuancayo.com.pe\\\/wp54\\\/#\\\/schema\\\/logo\\\/image\\\/\",\"url\":\"https:\\\/\\\/radiohuancayo.com.pe\\\/wp54\\\/wp-content\\\/uploads\\\/2022\\\/04\\\/CABE01.png\",\"contentUrl\":\"https:\\\/\\\/radiohuancayo.com.pe\\\/wp54\\\/wp-content\\\/uploads\\\/2022\\\/04\\\/CABE01.png\",\"width\":1640,\"height\":300,\"caption\":\"Radio Huancayo\"},\"image\":{\"@id\":\"https:\\\/\\\/radiohuancayo.com.pe\\\/wp54\\\/#\\\/schema\\\/logo\\\/image\\\/\"}},{\"@type\":\"Person\",\"@id\":\"https:\\\/\\\/radiohuancayo.com.pe\\\/wp54\\\/#\\\/schema\\\/person\\\/53e7c63df918deff345a30606cbf878c\",\"name\":\"admin\",\"image\":{\"@type\":\"ImageObject\",\"inLanguage\":\"es\",\"@id\":\"https:\\\/\\\/secure.gravatar.com\\\/avatar\\\/3d9af84154e8f14d0ba4f62aa2abc4fcd3ee42a1c034539c08ef7c5615f414cb?s=96&d=mm&r=g\",\"url\":\"https:\\\/\\\/secure.gravatar.com\\\/avatar\\\/3d9af84154e8f14d0ba4f62aa2abc4fcd3ee42a1c034539c08ef7c5615f414cb?s=96&d=mm&r=g\",\"contentUrl\":\"https:\\\/\\\/secure.gravatar.com\\\/avatar\\\/3d9af84154e8f14d0ba4f62aa2abc4fcd3ee42a1c034539c08ef7c5615f414cb?s=96&d=mm&r=g\",\"caption\":\"admin\"},\"sameAs\":[\"https:\\\/\\\/radiohuancayo.com.pe\\\/wp54\"],\"url\":\"https:\\\/\\\/radiohuancayo.com.pe\\\/wp54\\\/author\\\/admin\\\/\"}]}<\/script>\n<!-- \/ Yoast SEO plugin. -->","yoast_head_json":{"title":"Osiptel anuncia bloqueo de celulares no registrados a partir del 22 de julio - Radio Huancayo","robots":{"index":"index","follow":"follow","max-snippet":"max-snippet:-1","max-image-preview":"max-image-preview:large","max-video-preview":"max-video-preview:-1"},"canonical":"https:\/\/radiohuancayo.com.pe\/wp54\/osiptel-anuncia-bloqueo-de-celulares-no-registrados-a-partir-del-22-de-julio\/","og_locale":"es_ES","og_type":"article","og_title":"Osiptel anuncia bloqueo de celulares no registrados a partir del 22 de julio - Radio Huancayo","og_description":"Con el objetivo de combatir el robo y comercio ilegal de celular, Osiptel anunci\u00f3 que a partir del 22 de julio, bloquear\u00e1n los equipos m\u00f3viles que no est\u00e9n registrados en la lista de celulares v\u00e1lidos. Tatiana Piccini, directora de atenci\u00f3n y protecci\u00f3n del usuario del Osiptel, se\u00f1al\u00f3 que dicha medida est\u00e1 dirigida a los importadores y vendedores de celulares que tienen que registrar sus dispositivos. Hace una semana, algunos usuarios empezaron a a recibir mensaje de texto donde los alertan que sus celulares no est\u00e1n registrados y podr\u00edan ser bloqueados en caso no regularizan esta situaci\u00f3n. Los usuarios deben verificar que el IMEI, un c\u00f3digo de 15 d\u00edgitos, coincida con el mensaje de texto que reciban. En caso de alg\u00fan inconveniente, deber\u00e1n acudir a la tienda donde adqurieron el celular para regularizarlo. En caso no se resuelva el problema, se puede presentar un reclamo a Indecopi. Por otro lado, aquellos que compraron celulares en el extranjero tienen que registrarlos mediante su operador m\u00f3vil en Per\u00fa. Posteriormente, Piccini afirma que esta medida tiene el fin de reductir la alta cifra de inseguridad debido al robo de celulares en nuestro pa\u00eds.","og_url":"https:\/\/radiohuancayo.com.pe\/wp54\/osiptel-anuncia-bloqueo-de-celulares-no-registrados-a-partir-del-22-de-julio\/","og_site_name":"Radio Huancayo","article_published_time":"2024-06-18T04:52:31+00:00","article_modified_time":"2024-06-18T05:34:23+00:00","og_image":[{"width":640,"height":352,"url":"https:\/\/radiohuancayo.com.pe\/wp54\/wp-content\/uploads\/2024\/06\/image-6.png","type":"image\/png"}],"author":"admin","twitter_card":"summary_large_image","twitter_misc":{"Escrito por":"admin","Tiempo de lectura":"2 minutos"},"schema":{"@context":"https:\/\/schema.org","@graph":[{"@type":"Article","@id":"https:\/\/radiohuancayo.com.pe\/wp54\/osiptel-anuncia-bloqueo-de-celulares-no-registrados-a-partir-del-22-de-julio\/#article","isPartOf":{"@id":"https:\/\/radiohuancayo.com.pe\/wp54\/osiptel-anuncia-bloqueo-de-celulares-no-registrados-a-partir-del-22-de-julio\/"},"author":{"name":"admin","@id":"https:\/\/radiohuancayo.com.pe\/wp54\/#\/schema\/person\/53e7c63df918deff345a30606cbf878c"},"headline":"Osiptel anuncia bloqueo de celulares no registrados a partir del 22 de julio","datePublished":"2024-06-18T04:52:31+00:00","dateModified":"2024-06-18T05:34:23+00:00","mainEntityOfPage":{"@id":"https:\/\/radiohuancayo.com.pe\/wp54\/osiptel-anuncia-bloqueo-de-celulares-no-registrados-a-partir-del-22-de-julio\/"},"wordCount":215,"commentCount":0,"publisher":{"@id":"https:\/\/radiohuancayo.com.pe\/wp54\/#organization"},"image":{"@id":"https:\/\/radiohuancayo.com.pe\/wp54\/osiptel-anuncia-bloqueo-de-celulares-no-registrados-a-partir-del-22-de-julio\/#primaryimage"},"thumbnailUrl":"https:\/\/radiohuancayo.com.pe\/wp54\/wp-content\/uploads\/2024\/06\/image-6.png","articleSection":["Portada"],"inLanguage":"es","potentialAction":[{"@type":"CommentAction","name":"Comment","target":["https:\/\/radiohuancayo.com.pe\/wp54\/osiptel-anuncia-bloqueo-de-celulares-no-registrados-a-partir-del-22-de-julio\/#respond"]}]},{"@type":"WebPage","@id":"https:\/\/radiohuancayo.com.pe\/wp54\/osiptel-anuncia-bloqueo-de-celulares-no-registrados-a-partir-del-22-de-julio\/","url":"https:\/\/radiohuancayo.com.pe\/wp54\/osiptel-anuncia-bloqueo-de-celulares-no-registrados-a-partir-del-22-de-julio\/","name":"Osiptel anuncia bloqueo de celulares no registrados a partir del 22 de julio - Radio Huancayo","isPartOf":{"@id":"https:\/\/radiohuancayo.com.pe\/wp54\/#website"},"primaryImageOfPage":{"@id":"https:\/\/radiohuancayo.com.pe\/wp54\/osiptel-anuncia-bloqueo-de-celulares-no-registrados-a-partir-del-22-de-julio\/#primaryimage"},"image":{"@id":"https:\/\/radiohuancayo.com.pe\/wp54\/osiptel-anuncia-bloqueo-de-celulares-no-registrados-a-partir-del-22-de-julio\/#primaryimage"},"thumbnailUrl":"https:\/\/radiohuancayo.com.pe\/wp54\/wp-content\/uploads\/2024\/06\/image-6.png","datePublished":"2024-06-18T04:52:31+00:00","dateModified":"2024-06-18T05:34:23+00:00","breadcrumb":{"@id":"https:\/\/radiohuancayo.com.pe\/wp54\/osiptel-anuncia-bloqueo-de-celulares-no-registrados-a-partir-del-22-de-julio\/#breadcrumb"},"inLanguage":"es","potentialAction":[{"@type":"ReadAction","target":["https:\/\/radiohuancayo.com.pe\/wp54\/osiptel-anuncia-bloqueo-de-celulares-no-registrados-a-partir-del-22-de-julio\/"]}]},{"@type":"ImageObject","inLanguage":"es","@id":"https:\/\/radiohuancayo.com.pe\/wp54\/osiptel-anuncia-bloqueo-de-celulares-no-registrados-a-partir-del-22-de-julio\/#primaryimage","url":"https:\/\/radiohuancayo.com.pe\/wp54\/wp-content\/uploads\/2024\/06\/image-6.png","contentUrl":"https:\/\/radiohuancayo.com.pe\/wp54\/wp-content\/uploads\/2024\/06\/image-6.png","width":640,"height":352},{"@type":"BreadcrumbList","@id":"https:\/\/radiohuancayo.com.pe\/wp54\/osiptel-anuncia-bloqueo-de-celulares-no-registrados-a-partir-del-22-de-julio\/#breadcrumb","itemListElement":[{"@type":"ListItem","position":1,"name":"Portada","item":"https:\/\/radiohuancayo.com.pe\/wp54\/"},{"@type":"ListItem","position":2,"name":"Osiptel anuncia bloqueo de celulares no registrados a partir del 22 de julio"}]},{"@type":"WebSite","@id":"https:\/\/radiohuancayo.com.pe\/wp54\/#website","url":"https:\/\/radiohuancayo.com.pe\/wp54\/","name":"Radio Huancayo","description":"me gusta!!!","publisher":{"@id":"https:\/\/radiohuancayo.com.pe\/wp54\/#organization"},"potentialAction":[{"@type":"SearchAction","target":{"@type":"EntryPoint","urlTemplate":"https:\/\/radiohuancayo.com.pe\/wp54\/?s={search_term_string}"},"query-input":{"@type":"PropertyValueSpecification","valueRequired":true,"valueName":"search_term_string"}}],"inLanguage":"es"},{"@type":"Organization","@id":"https:\/\/radiohuancayo.com.pe\/wp54\/#organization","name":"Radio Huancayo","url":"https:\/\/radiohuancayo.com.pe\/wp54\/","logo":{"@type":"ImageObject","inLanguage":"es","@id":"https:\/\/radiohuancayo.com.pe\/wp54\/#\/schema\/logo\/image\/","url":"https:\/\/radiohuancayo.com.pe\/wp54\/wp-content\/uploads\/2022\/04\/CABE01.png","contentUrl":"https:\/\/radiohuancayo.com.pe\/wp54\/wp-content\/uploads\/2022\/04\/CABE01.png","width":1640,"height":300,"caption":"Radio Huancayo"},"image":{"@id":"https:\/\/radiohuancayo.com.pe\/wp54\/#\/schema\/logo\/image\/"}},{"@type":"Person","@id":"https:\/\/radiohuancayo.com.pe\/wp54\/#\/schema\/person\/53e7c63df918deff345a30606cbf878c","name":"admin","image":{"@type":"ImageObject","inLanguage":"es","@id":"https:\/\/secure.gravatar.com\/avatar\/3d9af84154e8f14d0ba4f62aa2abc4fcd3ee42a1c034539c08ef7c5615f414cb?s=96&d=mm&r=g","url":"https:\/\/secure.gravatar.com\/avatar\/3d9af84154e8f14d0ba4f62aa2abc4fcd3ee42a1c034539c08ef7c5615f414cb?s=96&d=mm&r=g","contentUrl":"https:\/\/secure.gravatar.com\/avatar\/3d9af84154e8f14d0ba4f62aa2abc4fcd3ee42a1c034539c08ef7c5615f414cb?s=96&d=mm&r=g","caption":"admin"},"sameAs":["https:\/\/radiohuancayo.com.pe\/wp54"],"url":"https:\/\/radiohuancayo.com.pe\/wp54\/author\/admin\/"}]}},"_links":{"self":[{"href":"https:\/\/radiohuancayo.com.pe\/wp54\/wp-json\/wp\/v2\/posts\/26653","targetHints":{"allow":["GET"]}}],"collection":[{"href":"https:\/\/radiohuancayo.com.pe\/wp54\/wp-json\/wp\/v2\/posts"}],"about":[{"href":"https:\/\/radiohuancayo.com.pe\/wp54\/wp-json\/wp\/v2\/types\/post"}],"author":[{"embeddable":true,"href":"https:\/\/radiohuancayo.com.pe\/wp54\/wp-json\/wp\/v2\/users\/1"}],"replies":[{"embeddable":true,"href":"https:\/\/radiohuancayo.com.pe\/wp54\/wp-json\/wp\/v2\/comments?post=26653"}],"version-history":[{"count":1,"href":"https:\/\/radiohuancayo.com.pe\/wp54\/wp-json\/wp\/v2\/posts\/26653\/revisions"}],"predecessor-version":[{"id":26655,"href":"https:\/\/radiohuancayo.com.pe\/wp54\/wp-json\/wp\/v2\/posts\/26653\/revisions\/26655"}],"wp:featuredmedia":[{"embeddable":true,"href":"https:\/\/radiohuancayo.com.pe\/wp54\/wp-json\/wp\/v2\/media\/26654"}],"wp:attachment":[{"href":"https:\/\/radiohuancayo.com.pe\/wp54\/wp-json\/wp\/v2\/media?parent=26653"}],"wp:term":[{"taxonomy":"category","embeddable":true,"href":"https:\/\/radiohuancayo.com.pe\/wp54\/wp-json\/wp\/v2\/categories?post=26653"},{"taxonomy":"post_tag","embeddable":true,"href":"https:\/\/radiohuancayo.com.pe\/wp54\/wp-json\/wp\/v2\/tags?post=26653"}],"curies":[{"name":"wp","href":"https:\/\/api.w.org\/{rel}","templated":true}]}}