{"id":26725,"date":"2024-06-25T13:25:04","date_gmt":"2024-06-25T18:25:04","guid":{"rendered":"https:\/\/radiohuancayo.com.pe\/wp54\/?p=26725"},"modified":"2024-06-25T13:25:05","modified_gmt":"2024-06-25T18:25:05","slug":"este-sabado-29-de-junio-sera-feriado-nacional-por-festividad-de-san-pedro-y-san-pablo","status":"publish","type":"post","link":"https:\/\/radiohuancayo.com.pe\/wp54\/este-sabado-29-de-junio-sera-feriado-nacional-por-festividad-de-san-pedro-y-san-pablo\/","title":{"rendered":"Este s\u00e1bado 29 de junio ser\u00e1 feriado nacional por festividad de San Pedro y San Pablo"},"content":{"rendered":"\n<p>El pr\u00f3ximo s\u00e1bado 29 de junio ser\u00e1 feriado nacional, una fecha marcada en el calendario del Per\u00fa con especial significancia para todos los ciudadanos. Este d\u00eda se celebra la festividad de San Pedro y San Pablo, una de las fiestas religiosas m\u00e1s importantes en el pa\u00eds, que tiene profundas ra\u00edces en la cultura y tradici\u00f3n peruana.<\/p>\n\n\n\n<p>Legalmente, este d\u00eda est\u00e1 establecido en el cronograma oficial de feriados nacionales, lo que significa que es un d\u00eda no laborable remunerado para todos los trabajadores del sector p\u00fablico y privado. Las empresas que operan en esta fecha deben pagar a sus empleados un salario adicional, lo que puede representar un incentivo econ\u00f3mico para aquellos que deciden trabajar.<\/p>\n\n\n\n<p>Por otro lado, este feriado tambi\u00e9n tiene implicaciones econ\u00f3micas. El aumento en la actividad tur\u00edstica y las celebraciones locales pueden dinamizar la econom\u00eda, especialmente en las \u00e1reas de comercio y servicios. Restaurantes, hoteles y negocios relacionados con el turismo suelen ver un incremento en la demanda, lo que contribuye a la econom\u00eda local.<\/p>\n","protected":false},"excerpt":{"rendered":"<p>El pr\u00f3ximo s\u00e1bado 29 de junio ser\u00e1 feriado nacional, una fecha marcada en el calendario del Per\u00fa con especial significancia para todos los ciudadanos. Este d\u00eda se celebra la festividad de San Pedro y San Pablo, una de las fiestas religiosas m\u00e1s importantes en el pa\u00eds, que tiene profundas ra\u00edces en la cultura y tradici\u00f3n peruana. Legalmente, este d\u00eda est\u00e1 establecido en el cronograma oficial de feriados nacionales, lo que significa que es un d\u00eda no laborable remunerado para todos los trabajadores del sector p\u00fablico y privado. Las empresas que operan en esta fecha deben pagar a sus empleados un salario adicional, lo que puede representar un incentivo econ\u00f3mico para aquellos que deciden trabajar. Por otro lado, este feriado tambi\u00e9n tiene implicaciones econ\u00f3micas. El aumento en la actividad tur\u00edstica y las celebraciones locales pueden dinamizar la econom\u00eda, especialmente en las \u00e1reas de comercio y servicios. Restaurantes, hoteles y negocios relacionados con el turismo suelen ver un incremento en la demanda, lo que contribuye a la econom\u00eda local.<\/p>\n","protected":false},"author":1,"featured_media":26726,"comment_status":"open","ping_status":"open","sticky":false,"template":"","format":"standard","meta":{"footnotes":""},"categories":[22],"tags":[],"class_list":["post-26725","post","type-post","status-publish","format-standard","has-post-thumbnail","hentry","category-portada"],"yoast_head":"<!-- This site is optimized with the Yoast SEO plugin v27.5 - https:\/\/yoast.com\/product\/yoast-seo-wordpress\/ -->\n<title>Este s\u00e1bado 29 de junio ser\u00e1 feriado nacional por festividad de San Pedro y San Pablo - Radio Huancayo<\/title>\n<meta name=\"robots\" content=\"index, follow, max-snippet:-1, max-image-preview:large, max-video-preview:-1\" \/>\n<link rel=\"canonical\" href=\"https:\/\/radiohuancayo.com.pe\/wp54\/este-sabado-29-de-junio-sera-feriado-nacional-por-festividad-de-san-pedro-y-san-pablo\/\" \/>\n<meta property=\"og:locale\" content=\"es_ES\" \/>\n<meta property=\"og:type\" content=\"article\" \/>\n<meta property=\"og:title\" content=\"Este s\u00e1bado 29 de junio ser\u00e1 feriado nacional por festividad de San Pedro y San Pablo - Radio Huancayo\" \/>\n<meta property=\"og:description\" content=\"El pr\u00f3ximo s\u00e1bado 29 de junio ser\u00e1 feriado nacional, una fecha marcada en el calendario del Per\u00fa con especial significancia para todos los ciudadanos. Este d\u00eda se celebra la festividad de San Pedro y San Pablo, una de las fiestas religiosas m\u00e1s importantes en el pa\u00eds, que tiene profundas ra\u00edces en la cultura y tradici\u00f3n peruana. Legalmente, este d\u00eda est\u00e1 establecido en el cronograma oficial de feriados nacionales, lo que significa que es un d\u00eda no laborable remunerado para todos los trabajadores del sector p\u00fablico y privado. Las empresas que operan en esta fecha deben pagar a sus empleados un salario adicional, lo que puede representar un incentivo econ\u00f3mico para aquellos que deciden trabajar. Por otro lado, este feriado tambi\u00e9n tiene implicaciones econ\u00f3micas. El aumento en la actividad tur\u00edstica y las celebraciones locales pueden dinamizar la econom\u00eda, especialmente en las \u00e1reas de comercio y servicios. Restaurantes, hoteles y negocios relacionados con el turismo suelen ver un incremento en la demanda, lo que contribuye a la econom\u00eda local.\" \/>\n<meta property=\"og:url\" content=\"https:\/\/radiohuancayo.com.pe\/wp54\/este-sabado-29-de-junio-sera-feriado-nacional-por-festividad-de-san-pedro-y-san-pablo\/\" \/>\n<meta property=\"og:site_name\" content=\"Radio Huancayo\" \/>\n<meta property=\"article:published_time\" content=\"2024-06-25T18:25:04+00:00\" \/>\n<meta property=\"article:modified_time\" content=\"2024-06-25T18:25:05+00:00\" \/>\n<meta property=\"og:image\" content=\"https:\/\/radiohuancayo.com.pe\/wp54\/wp-content\/uploads\/2024\/06\/image-17.png\" \/>\n\t<meta property=\"og:image:width\" content=\"1200\" \/>\n\t<meta property=\"og:image:height\" content=\"675\" \/>\n\t<meta property=\"og:image:type\" content=\"image\/png\" \/>\n<meta name=\"author\" content=\"admin\" \/>\n<meta name=\"twitter:card\" content=\"summary_large_image\" \/>\n<meta name=\"twitter:label1\" content=\"Escrito por\" \/>\n\t<meta name=\"twitter:data1\" content=\"admin\" \/>\n\t<meta name=\"twitter:label2\" content=\"Tiempo de lectura\" \/>\n\t<meta name=\"twitter:data2\" content=\"1 minuto\" \/>\n<script type=\"application\/ld+json\" class=\"yoast-schema-graph\">{\"@context\":\"https:\\\/\\\/schema.org\",\"@graph\":[{\"@type\":\"Article\",\"@id\":\"https:\\\/\\\/radiohuancayo.com.pe\\\/wp54\\\/este-sabado-29-de-junio-sera-feriado-nacional-por-festividad-de-san-pedro-y-san-pablo\\\/#article\",\"isPartOf\":{\"@id\":\"https:\\\/\\\/radiohuancayo.com.pe\\\/wp54\\\/este-sabado-29-de-junio-sera-feriado-nacional-por-festividad-de-san-pedro-y-san-pablo\\\/\"},\"author\":{\"name\":\"admin\",\"@id\":\"https:\\\/\\\/radiohuancayo.com.pe\\\/wp54\\\/#\\\/schema\\\/person\\\/53e7c63df918deff345a30606cbf878c\"},\"headline\":\"Este s\u00e1bado 29 de junio ser\u00e1 feriado nacional por festividad de San Pedro y San Pablo\",\"datePublished\":\"2024-06-25T18:25:04+00:00\",\"dateModified\":\"2024-06-25T18:25:05+00:00\",\"mainEntityOfPage\":{\"@id\":\"https:\\\/\\\/radiohuancayo.com.pe\\\/wp54\\\/este-sabado-29-de-junio-sera-feriado-nacional-por-festividad-de-san-pedro-y-san-pablo\\\/\"},\"wordCount\":198,\"commentCount\":0,\"publisher\":{\"@id\":\"https:\\\/\\\/radiohuancayo.com.pe\\\/wp54\\\/#organization\"},\"image\":{\"@id\":\"https:\\\/\\\/radiohuancayo.com.pe\\\/wp54\\\/este-sabado-29-de-junio-sera-feriado-nacional-por-festividad-de-san-pedro-y-san-pablo\\\/#primaryimage\"},\"thumbnailUrl\":\"https:\\\/\\\/radiohuancayo.com.pe\\\/wp54\\\/wp-content\\\/uploads\\\/2024\\\/06\\\/image-17.png\",\"articleSection\":[\"Portada\"],\"inLanguage\":\"es\",\"potentialAction\":[{\"@type\":\"CommentAction\",\"name\":\"Comment\",\"target\":[\"https:\\\/\\\/radiohuancayo.com.pe\\\/wp54\\\/este-sabado-29-de-junio-sera-feriado-nacional-por-festividad-de-san-pedro-y-san-pablo\\\/#respond\"]}]},{\"@type\":\"WebPage\",\"@id\":\"https:\\\/\\\/radiohuancayo.com.pe\\\/wp54\\\/este-sabado-29-de-junio-sera-feriado-nacional-por-festividad-de-san-pedro-y-san-pablo\\\/\",\"url\":\"https:\\\/\\\/radiohuancayo.com.pe\\\/wp54\\\/este-sabado-29-de-junio-sera-feriado-nacional-por-festividad-de-san-pedro-y-san-pablo\\\/\",\"name\":\"Este s\u00e1bado 29 de junio ser\u00e1 feriado nacional por festividad de San Pedro y San Pablo - Radio Huancayo\",\"isPartOf\":{\"@id\":\"https:\\\/\\\/radiohuancayo.com.pe\\\/wp54\\\/#website\"},\"primaryImageOfPage\":{\"@id\":\"https:\\\/\\\/radiohuancayo.com.pe\\\/wp54\\\/este-sabado-29-de-junio-sera-feriado-nacional-por-festividad-de-san-pedro-y-san-pablo\\\/#primaryimage\"},\"image\":{\"@id\":\"https:\\\/\\\/radiohuancayo.com.pe\\\/wp54\\\/este-sabado-29-de-junio-sera-feriado-nacional-por-festividad-de-san-pedro-y-san-pablo\\\/#primaryimage\"},\"thumbnailUrl\":\"https:\\\/\\\/radiohuancayo.com.pe\\\/wp54\\\/wp-content\\\/uploads\\\/2024\\\/06\\\/image-17.png\",\"datePublished\":\"2024-06-25T18:25:04+00:00\",\"dateModified\":\"2024-06-25T18:25:05+00:00\",\"breadcrumb\":{\"@id\":\"https:\\\/\\\/radiohuancayo.com.pe\\\/wp54\\\/este-sabado-29-de-junio-sera-feriado-nacional-por-festividad-de-san-pedro-y-san-pablo\\\/#breadcrumb\"},\"inLanguage\":\"es\",\"potentialAction\":[{\"@type\":\"ReadAction\",\"target\":[\"https:\\\/\\\/radiohuancayo.com.pe\\\/wp54\\\/este-sabado-29-de-junio-sera-feriado-nacional-por-festividad-de-san-pedro-y-san-pablo\\\/\"]}]},{\"@type\":\"ImageObject\",\"inLanguage\":\"es\",\"@id\":\"https:\\\/\\\/radiohuancayo.com.pe\\\/wp54\\\/este-sabado-29-de-junio-sera-feriado-nacional-por-festividad-de-san-pedro-y-san-pablo\\\/#primaryimage\",\"url\":\"https:\\\/\\\/radiohuancayo.com.pe\\\/wp54\\\/wp-content\\\/uploads\\\/2024\\\/06\\\/image-17.png\",\"contentUrl\":\"https:\\\/\\\/radiohuancayo.com.pe\\\/wp54\\\/wp-content\\\/uploads\\\/2024\\\/06\\\/image-17.png\",\"width\":1200,\"height\":675},{\"@type\":\"BreadcrumbList\",\"@id\":\"https:\\\/\\\/radiohuancayo.com.pe\\\/wp54\\\/este-sabado-29-de-junio-sera-feriado-nacional-por-festividad-de-san-pedro-y-san-pablo\\\/#breadcrumb\",\"itemListElement\":[{\"@type\":\"ListItem\",\"position\":1,\"name\":\"Portada\",\"item\":\"https:\\\/\\\/radiohuancayo.com.pe\\\/wp54\\\/\"},{\"@type\":\"ListItem\",\"position\":2,\"name\":\"Este s\u00e1bado 29 de junio ser\u00e1 feriado nacional por festividad de San Pedro y San Pablo\"}]},{\"@type\":\"WebSite\",\"@id\":\"https:\\\/\\\/radiohuancayo.com.pe\\\/wp54\\\/#website\",\"url\":\"https:\\\/\\\/radiohuancayo.com.pe\\\/wp54\\\/\",\"name\":\"Radio Huancayo\",\"description\":\"me gusta!!!\",\"publisher\":{\"@id\":\"https:\\\/\\\/radiohuancayo.com.pe\\\/wp54\\\/#organization\"},\"potentialAction\":[{\"@type\":\"SearchAction\",\"target\":{\"@type\":\"EntryPoint\",\"urlTemplate\":\"https:\\\/\\\/radiohuancayo.com.pe\\\/wp54\\\/?s={search_term_string}\"},\"query-input\":{\"@type\":\"PropertyValueSpecification\",\"valueRequired\":true,\"valueName\":\"search_term_string\"}}],\"inLanguage\":\"es\"},{\"@type\":\"Organization\",\"@id\":\"https:\\\/\\\/radiohuancayo.com.pe\\\/wp54\\\/#organization\",\"name\":\"Radio Huancayo\",\"url\":\"https:\\\/\\\/radiohuancayo.com.pe\\\/wp54\\\/\",\"logo\":{\"@type\":\"ImageObject\",\"inLanguage\":\"es\",\"@id\":\"https:\\\/\\\/radiohuancayo.com.pe\\\/wp54\\\/#\\\/schema\\\/logo\\\/image\\\/\",\"url\":\"https:\\\/\\\/radiohuancayo.com.pe\\\/wp54\\\/wp-content\\\/uploads\\\/2022\\\/04\\\/CABE01.png\",\"contentUrl\":\"https:\\\/\\\/radiohuancayo.com.pe\\\/wp54\\\/wp-content\\\/uploads\\\/2022\\\/04\\\/CABE01.png\",\"width\":1640,\"height\":300,\"caption\":\"Radio Huancayo\"},\"image\":{\"@id\":\"https:\\\/\\\/radiohuancayo.com.pe\\\/wp54\\\/#\\\/schema\\\/logo\\\/image\\\/\"}},{\"@type\":\"Person\",\"@id\":\"https:\\\/\\\/radiohuancayo.com.pe\\\/wp54\\\/#\\\/schema\\\/person\\\/53e7c63df918deff345a30606cbf878c\",\"name\":\"admin\",\"image\":{\"@type\":\"ImageObject\",\"inLanguage\":\"es\",\"@id\":\"https:\\\/\\\/secure.gravatar.com\\\/avatar\\\/3d9af84154e8f14d0ba4f62aa2abc4fcd3ee42a1c034539c08ef7c5615f414cb?s=96&d=mm&r=g\",\"url\":\"https:\\\/\\\/secure.gravatar.com\\\/avatar\\\/3d9af84154e8f14d0ba4f62aa2abc4fcd3ee42a1c034539c08ef7c5615f414cb?s=96&d=mm&r=g\",\"contentUrl\":\"https:\\\/\\\/secure.gravatar.com\\\/avatar\\\/3d9af84154e8f14d0ba4f62aa2abc4fcd3ee42a1c034539c08ef7c5615f414cb?s=96&d=mm&r=g\",\"caption\":\"admin\"},\"sameAs\":[\"https:\\\/\\\/radiohuancayo.com.pe\\\/wp54\"],\"url\":\"https:\\\/\\\/radiohuancayo.com.pe\\\/wp54\\\/author\\\/admin\\\/\"}]}<\/script>\n<!-- \/ Yoast SEO plugin. -->","yoast_head_json":{"title":"Este s\u00e1bado 29 de junio ser\u00e1 feriado nacional por festividad de San Pedro y San Pablo - Radio Huancayo","robots":{"index":"index","follow":"follow","max-snippet":"max-snippet:-1","max-image-preview":"max-image-preview:large","max-video-preview":"max-video-preview:-1"},"canonical":"https:\/\/radiohuancayo.com.pe\/wp54\/este-sabado-29-de-junio-sera-feriado-nacional-por-festividad-de-san-pedro-y-san-pablo\/","og_locale":"es_ES","og_type":"article","og_title":"Este s\u00e1bado 29 de junio ser\u00e1 feriado nacional por festividad de San Pedro y San Pablo - Radio Huancayo","og_description":"El pr\u00f3ximo s\u00e1bado 29 de junio ser\u00e1 feriado nacional, una fecha marcada en el calendario del Per\u00fa con especial significancia para todos los ciudadanos. Este d\u00eda se celebra la festividad de San Pedro y San Pablo, una de las fiestas religiosas m\u00e1s importantes en el pa\u00eds, que tiene profundas ra\u00edces en la cultura y tradici\u00f3n peruana. Legalmente, este d\u00eda est\u00e1 establecido en el cronograma oficial de feriados nacionales, lo que significa que es un d\u00eda no laborable remunerado para todos los trabajadores del sector p\u00fablico y privado. Las empresas que operan en esta fecha deben pagar a sus empleados un salario adicional, lo que puede representar un incentivo econ\u00f3mico para aquellos que deciden trabajar. Por otro lado, este feriado tambi\u00e9n tiene implicaciones econ\u00f3micas. El aumento en la actividad tur\u00edstica y las celebraciones locales pueden dinamizar la econom\u00eda, especialmente en las \u00e1reas de comercio y servicios. Restaurantes, hoteles y negocios relacionados con el turismo suelen ver un incremento en la demanda, lo que contribuye a la econom\u00eda local.","og_url":"https:\/\/radiohuancayo.com.pe\/wp54\/este-sabado-29-de-junio-sera-feriado-nacional-por-festividad-de-san-pedro-y-san-pablo\/","og_site_name":"Radio Huancayo","article_published_time":"2024-06-25T18:25:04+00:00","article_modified_time":"2024-06-25T18:25:05+00:00","og_image":[{"width":1200,"height":675,"url":"https:\/\/radiohuancayo.com.pe\/wp54\/wp-content\/uploads\/2024\/06\/image-17.png","type":"image\/png"}],"author":"admin","twitter_card":"summary_large_image","twitter_misc":{"Escrito por":"admin","Tiempo de lectura":"1 minuto"},"schema":{"@context":"https:\/\/schema.org","@graph":[{"@type":"Article","@id":"https:\/\/radiohuancayo.com.pe\/wp54\/este-sabado-29-de-junio-sera-feriado-nacional-por-festividad-de-san-pedro-y-san-pablo\/#article","isPartOf":{"@id":"https:\/\/radiohuancayo.com.pe\/wp54\/este-sabado-29-de-junio-sera-feriado-nacional-por-festividad-de-san-pedro-y-san-pablo\/"},"author":{"name":"admin","@id":"https:\/\/radiohuancayo.com.pe\/wp54\/#\/schema\/person\/53e7c63df918deff345a30606cbf878c"},"headline":"Este s\u00e1bado 29 de junio ser\u00e1 feriado nacional por festividad de San Pedro y San Pablo","datePublished":"2024-06-25T18:25:04+00:00","dateModified":"2024-06-25T18:25:05+00:00","mainEntityOfPage":{"@id":"https:\/\/radiohuancayo.com.pe\/wp54\/este-sabado-29-de-junio-sera-feriado-nacional-por-festividad-de-san-pedro-y-san-pablo\/"},"wordCount":198,"commentCount":0,"publisher":{"@id":"https:\/\/radiohuancayo.com.pe\/wp54\/#organization"},"image":{"@id":"https:\/\/radiohuancayo.com.pe\/wp54\/este-sabado-29-de-junio-sera-feriado-nacional-por-festividad-de-san-pedro-y-san-pablo\/#primaryimage"},"thumbnailUrl":"https:\/\/radiohuancayo.com.pe\/wp54\/wp-content\/uploads\/2024\/06\/image-17.png","articleSection":["Portada"],"inLanguage":"es","potentialAction":[{"@type":"CommentAction","name":"Comment","target":["https:\/\/radiohuancayo.com.pe\/wp54\/este-sabado-29-de-junio-sera-feriado-nacional-por-festividad-de-san-pedro-y-san-pablo\/#respond"]}]},{"@type":"WebPage","@id":"https:\/\/radiohuancayo.com.pe\/wp54\/este-sabado-29-de-junio-sera-feriado-nacional-por-festividad-de-san-pedro-y-san-pablo\/","url":"https:\/\/radiohuancayo.com.pe\/wp54\/este-sabado-29-de-junio-sera-feriado-nacional-por-festividad-de-san-pedro-y-san-pablo\/","name":"Este s\u00e1bado 29 de junio ser\u00e1 feriado nacional por festividad de San Pedro y San Pablo - Radio Huancayo","isPartOf":{"@id":"https:\/\/radiohuancayo.com.pe\/wp54\/#website"},"primaryImageOfPage":{"@id":"https:\/\/radiohuancayo.com.pe\/wp54\/este-sabado-29-de-junio-sera-feriado-nacional-por-festividad-de-san-pedro-y-san-pablo\/#primaryimage"},"image":{"@id":"https:\/\/radiohuancayo.com.pe\/wp54\/este-sabado-29-de-junio-sera-feriado-nacional-por-festividad-de-san-pedro-y-san-pablo\/#primaryimage"},"thumbnailUrl":"https:\/\/radiohuancayo.com.pe\/wp54\/wp-content\/uploads\/2024\/06\/image-17.png","datePublished":"2024-06-25T18:25:04+00:00","dateModified":"2024-06-25T18:25:05+00:00","breadcrumb":{"@id":"https:\/\/radiohuancayo.com.pe\/wp54\/este-sabado-29-de-junio-sera-feriado-nacional-por-festividad-de-san-pedro-y-san-pablo\/#breadcrumb"},"inLanguage":"es","potentialAction":[{"@type":"ReadAction","target":["https:\/\/radiohuancayo.com.pe\/wp54\/este-sabado-29-de-junio-sera-feriado-nacional-por-festividad-de-san-pedro-y-san-pablo\/"]}]},{"@type":"ImageObject","inLanguage":"es","@id":"https:\/\/radiohuancayo.com.pe\/wp54\/este-sabado-29-de-junio-sera-feriado-nacional-por-festividad-de-san-pedro-y-san-pablo\/#primaryimage","url":"https:\/\/radiohuancayo.com.pe\/wp54\/wp-content\/uploads\/2024\/06\/image-17.png","contentUrl":"https:\/\/radiohuancayo.com.pe\/wp54\/wp-content\/uploads\/2024\/06\/image-17.png","width":1200,"height":675},{"@type":"BreadcrumbList","@id":"https:\/\/radiohuancayo.com.pe\/wp54\/este-sabado-29-de-junio-sera-feriado-nacional-por-festividad-de-san-pedro-y-san-pablo\/#breadcrumb","itemListElement":[{"@type":"ListItem","position":1,"name":"Portada","item":"https:\/\/radiohuancayo.com.pe\/wp54\/"},{"@type":"ListItem","position":2,"name":"Este s\u00e1bado 29 de junio ser\u00e1 feriado nacional por festividad de San Pedro y San Pablo"}]},{"@type":"WebSite","@id":"https:\/\/radiohuancayo.com.pe\/wp54\/#website","url":"https:\/\/radiohuancayo.com.pe\/wp54\/","name":"Radio Huancayo","description":"me gusta!!!","publisher":{"@id":"https:\/\/radiohuancayo.com.pe\/wp54\/#organization"},"potentialAction":[{"@type":"SearchAction","target":{"@type":"EntryPoint","urlTemplate":"https:\/\/radiohuancayo.com.pe\/wp54\/?s={search_term_string}"},"query-input":{"@type":"PropertyValueSpecification","valueRequired":true,"valueName":"search_term_string"}}],"inLanguage":"es"},{"@type":"Organization","@id":"https:\/\/radiohuancayo.com.pe\/wp54\/#organization","name":"Radio Huancayo","url":"https:\/\/radiohuancayo.com.pe\/wp54\/","logo":{"@type":"ImageObject","inLanguage":"es","@id":"https:\/\/radiohuancayo.com.pe\/wp54\/#\/schema\/logo\/image\/","url":"https:\/\/radiohuancayo.com.pe\/wp54\/wp-content\/uploads\/2022\/04\/CABE01.png","contentUrl":"https:\/\/radiohuancayo.com.pe\/wp54\/wp-content\/uploads\/2022\/04\/CABE01.png","width":1640,"height":300,"caption":"Radio Huancayo"},"image":{"@id":"https:\/\/radiohuancayo.com.pe\/wp54\/#\/schema\/logo\/image\/"}},{"@type":"Person","@id":"https:\/\/radiohuancayo.com.pe\/wp54\/#\/schema\/person\/53e7c63df918deff345a30606cbf878c","name":"admin","image":{"@type":"ImageObject","inLanguage":"es","@id":"https:\/\/secure.gravatar.com\/avatar\/3d9af84154e8f14d0ba4f62aa2abc4fcd3ee42a1c034539c08ef7c5615f414cb?s=96&d=mm&r=g","url":"https:\/\/secure.gravatar.com\/avatar\/3d9af84154e8f14d0ba4f62aa2abc4fcd3ee42a1c034539c08ef7c5615f414cb?s=96&d=mm&r=g","contentUrl":"https:\/\/secure.gravatar.com\/avatar\/3d9af84154e8f14d0ba4f62aa2abc4fcd3ee42a1c034539c08ef7c5615f414cb?s=96&d=mm&r=g","caption":"admin"},"sameAs":["https:\/\/radiohuancayo.com.pe\/wp54"],"url":"https:\/\/radiohuancayo.com.pe\/wp54\/author\/admin\/"}]}},"_links":{"self":[{"href":"https:\/\/radiohuancayo.com.pe\/wp54\/wp-json\/wp\/v2\/posts\/26725","targetHints":{"allow":["GET"]}}],"collection":[{"href":"https:\/\/radiohuancayo.com.pe\/wp54\/wp-json\/wp\/v2\/posts"}],"about":[{"href":"https:\/\/radiohuancayo.com.pe\/wp54\/wp-json\/wp\/v2\/types\/post"}],"author":[{"embeddable":true,"href":"https:\/\/radiohuancayo.com.pe\/wp54\/wp-json\/wp\/v2\/users\/1"}],"replies":[{"embeddable":true,"href":"https:\/\/radiohuancayo.com.pe\/wp54\/wp-json\/wp\/v2\/comments?post=26725"}],"version-history":[{"count":1,"href":"https:\/\/radiohuancayo.com.pe\/wp54\/wp-json\/wp\/v2\/posts\/26725\/revisions"}],"predecessor-version":[{"id":26727,"href":"https:\/\/radiohuancayo.com.pe\/wp54\/wp-json\/wp\/v2\/posts\/26725\/revisions\/26727"}],"wp:featuredmedia":[{"embeddable":true,"href":"https:\/\/radiohuancayo.com.pe\/wp54\/wp-json\/wp\/v2\/media\/26726"}],"wp:attachment":[{"href":"https:\/\/radiohuancayo.com.pe\/wp54\/wp-json\/wp\/v2\/media?parent=26725"}],"wp:term":[{"taxonomy":"category","embeddable":true,"href":"https:\/\/radiohuancayo.com.pe\/wp54\/wp-json\/wp\/v2\/categories?post=26725"},{"taxonomy":"post_tag","embeddable":true,"href":"https:\/\/radiohuancayo.com.pe\/wp54\/wp-json\/wp\/v2\/tags?post=26725"}],"curies":[{"name":"wp","href":"https:\/\/api.w.org\/{rel}","templated":true}]}}