{"id":26732,"date":"2024-06-26T12:36:34","date_gmt":"2024-06-26T17:36:34","guid":{"rendered":"https:\/\/radiohuancayo.com.pe\/wp54\/?p=26732"},"modified":"2024-06-26T12:36:35","modified_gmt":"2024-06-26T17:36:35","slug":"reniec-dejara-de-emitir-el-dni-azul-y-amarillo","status":"publish","type":"post","link":"https:\/\/radiohuancayo.com.pe\/wp54\/reniec-dejara-de-emitir-el-dni-azul-y-amarillo\/","title":{"rendered":"Reniec dejar\u00e1 de emitir el DNI azul y amarillo"},"content":{"rendered":"\n<p>El Registro Nacional de Identificaci\u00f3n y Estado Civil (Reniec) dejar\u00e1 de emitir\u00a0<strong>documentos de identidad<\/strong>\u00a0color azul y amarillo desde este mes de junio. Seg\u00fan la jefa de dicha entidad, Carmen Velarde Koechlin, el objetivo de esto es reforzar la seguridad en la identificaci\u00f3n ciudadana con el\u00a0DNI electr\u00f3nico\u00a0(DNIe).<\/p>\n\n\n\n<p>Adem\u00e1s, Velarde Koechlin se\u00f1al\u00f3 que los documentos actuales seguir\u00e1n siendo v\u00e1lidos hasta que expiren y que la transici\u00f3n ser\u00e1 gradual para no afectar a los ciudadanos que a\u00fan tienen las versiones antiguas.<\/p>\n\n\n\n<p>Seg\u00fan las normas actuales, los ciudadanos que obtengan el DNIe tendr\u00e1n que formalizar un contrato con Reniec, donde se especificar\u00e1 los t\u00e9rminos de uso y responsabilidades del titular.<\/p>\n\n\n\n<p>Se espera que este nuevo formato de\u00a0identificaci\u00f3n\u00a0facilite tr\u00e1mites, reduzca la necesidad de desplazamientos y ahorre tiempo y recursos de individuos y empresas.<\/p>\n","protected":false},"excerpt":{"rendered":"<p>El Registro Nacional de Identificaci\u00f3n y Estado Civil (Reniec) dejar\u00e1 de emitir\u00a0documentos de identidad\u00a0color azul y amarillo desde este mes de junio. Seg\u00fan la jefa de dicha entidad, Carmen Velarde Koechlin, el objetivo de esto es reforzar la seguridad en la identificaci\u00f3n ciudadana con el\u00a0DNI electr\u00f3nico\u00a0(DNIe). Adem\u00e1s, Velarde Koechlin se\u00f1al\u00f3 que los documentos actuales seguir\u00e1n siendo v\u00e1lidos hasta que expiren y que la transici\u00f3n ser\u00e1 gradual para no afectar a los ciudadanos que a\u00fan tienen las versiones antiguas. Seg\u00fan las normas actuales, los ciudadanos que obtengan el DNIe tendr\u00e1n que formalizar un contrato con Reniec, donde se especificar\u00e1 los t\u00e9rminos de uso y responsabilidades del titular. Se espera que este nuevo formato de\u00a0identificaci\u00f3n\u00a0facilite tr\u00e1mites, reduzca la necesidad de desplazamientos y ahorre tiempo y recursos de individuos y empresas.<\/p>\n","protected":false},"author":1,"featured_media":26733,"comment_status":"open","ping_status":"open","sticky":false,"template":"","format":"standard","meta":{"footnotes":""},"categories":[22],"tags":[],"class_list":["post-26732","post","type-post","status-publish","format-standard","has-post-thumbnail","hentry","category-portada"],"yoast_head":"<!-- This site is optimized with the Yoast SEO plugin v27.5 - https:\/\/yoast.com\/product\/yoast-seo-wordpress\/ -->\n<title>Reniec dejar\u00e1 de emitir el DNI azul y amarillo - Radio Huancayo<\/title>\n<meta name=\"robots\" content=\"index, follow, max-snippet:-1, max-image-preview:large, max-video-preview:-1\" \/>\n<link rel=\"canonical\" href=\"https:\/\/radiohuancayo.com.pe\/wp54\/reniec-dejara-de-emitir-el-dni-azul-y-amarillo\/\" \/>\n<meta property=\"og:locale\" content=\"es_ES\" \/>\n<meta property=\"og:type\" content=\"article\" \/>\n<meta property=\"og:title\" content=\"Reniec dejar\u00e1 de emitir el DNI azul y amarillo - Radio Huancayo\" \/>\n<meta property=\"og:description\" content=\"El Registro Nacional de Identificaci\u00f3n y Estado Civil (Reniec) dejar\u00e1 de emitir\u00a0documentos de identidad\u00a0color azul y amarillo desde este mes de junio. Seg\u00fan la jefa de dicha entidad, Carmen Velarde Koechlin, el objetivo de esto es reforzar la seguridad en la identificaci\u00f3n ciudadana con el\u00a0DNI electr\u00f3nico\u00a0(DNIe). Adem\u00e1s, Velarde Koechlin se\u00f1al\u00f3 que los documentos actuales seguir\u00e1n siendo v\u00e1lidos hasta que expiren y que la transici\u00f3n ser\u00e1 gradual para no afectar a los ciudadanos que a\u00fan tienen las versiones antiguas. Seg\u00fan las normas actuales, los ciudadanos que obtengan el DNIe tendr\u00e1n que formalizar un contrato con Reniec, donde se especificar\u00e1 los t\u00e9rminos de uso y responsabilidades del titular. Se espera que este nuevo formato de\u00a0identificaci\u00f3n\u00a0facilite tr\u00e1mites, reduzca la necesidad de desplazamientos y ahorre tiempo y recursos de individuos y empresas.\" \/>\n<meta property=\"og:url\" content=\"https:\/\/radiohuancayo.com.pe\/wp54\/reniec-dejara-de-emitir-el-dni-azul-y-amarillo\/\" \/>\n<meta property=\"og:site_name\" content=\"Radio Huancayo\" \/>\n<meta property=\"article:published_time\" content=\"2024-06-26T17:36:34+00:00\" \/>\n<meta property=\"article:modified_time\" content=\"2024-06-26T17:36:35+00:00\" \/>\n<meta property=\"og:image\" content=\"https:\/\/radiohuancayo.com.pe\/wp54\/wp-content\/uploads\/2024\/06\/image-19.png\" \/>\n\t<meta property=\"og:image:width\" content=\"680\" \/>\n\t<meta property=\"og:image:height\" content=\"400\" \/>\n\t<meta property=\"og:image:type\" content=\"image\/png\" \/>\n<meta name=\"author\" content=\"admin\" \/>\n<meta name=\"twitter:card\" content=\"summary_large_image\" \/>\n<meta name=\"twitter:label1\" content=\"Escrito por\" \/>\n\t<meta name=\"twitter:data1\" content=\"admin\" \/>\n\t<meta name=\"twitter:label2\" content=\"Tiempo de lectura\" \/>\n\t<meta name=\"twitter:data2\" content=\"1 minuto\" \/>\n<script type=\"application\/ld+json\" class=\"yoast-schema-graph\">{\"@context\":\"https:\\\/\\\/schema.org\",\"@graph\":[{\"@type\":\"Article\",\"@id\":\"https:\\\/\\\/radiohuancayo.com.pe\\\/wp54\\\/reniec-dejara-de-emitir-el-dni-azul-y-amarillo\\\/#article\",\"isPartOf\":{\"@id\":\"https:\\\/\\\/radiohuancayo.com.pe\\\/wp54\\\/reniec-dejara-de-emitir-el-dni-azul-y-amarillo\\\/\"},\"author\":{\"name\":\"admin\",\"@id\":\"https:\\\/\\\/radiohuancayo.com.pe\\\/wp54\\\/#\\\/schema\\\/person\\\/53e7c63df918deff345a30606cbf878c\"},\"headline\":\"Reniec dejar\u00e1 de emitir el DNI azul y amarillo\",\"datePublished\":\"2024-06-26T17:36:34+00:00\",\"dateModified\":\"2024-06-26T17:36:35+00:00\",\"mainEntityOfPage\":{\"@id\":\"https:\\\/\\\/radiohuancayo.com.pe\\\/wp54\\\/reniec-dejara-de-emitir-el-dni-azul-y-amarillo\\\/\"},\"wordCount\":158,\"commentCount\":0,\"publisher\":{\"@id\":\"https:\\\/\\\/radiohuancayo.com.pe\\\/wp54\\\/#organization\"},\"image\":{\"@id\":\"https:\\\/\\\/radiohuancayo.com.pe\\\/wp54\\\/reniec-dejara-de-emitir-el-dni-azul-y-amarillo\\\/#primaryimage\"},\"thumbnailUrl\":\"https:\\\/\\\/radiohuancayo.com.pe\\\/wp54\\\/wp-content\\\/uploads\\\/2024\\\/06\\\/image-19.png\",\"articleSection\":[\"Portada\"],\"inLanguage\":\"es\",\"potentialAction\":[{\"@type\":\"CommentAction\",\"name\":\"Comment\",\"target\":[\"https:\\\/\\\/radiohuancayo.com.pe\\\/wp54\\\/reniec-dejara-de-emitir-el-dni-azul-y-amarillo\\\/#respond\"]}]},{\"@type\":\"WebPage\",\"@id\":\"https:\\\/\\\/radiohuancayo.com.pe\\\/wp54\\\/reniec-dejara-de-emitir-el-dni-azul-y-amarillo\\\/\",\"url\":\"https:\\\/\\\/radiohuancayo.com.pe\\\/wp54\\\/reniec-dejara-de-emitir-el-dni-azul-y-amarillo\\\/\",\"name\":\"Reniec dejar\u00e1 de emitir el DNI azul y amarillo - Radio Huancayo\",\"isPartOf\":{\"@id\":\"https:\\\/\\\/radiohuancayo.com.pe\\\/wp54\\\/#website\"},\"primaryImageOfPage\":{\"@id\":\"https:\\\/\\\/radiohuancayo.com.pe\\\/wp54\\\/reniec-dejara-de-emitir-el-dni-azul-y-amarillo\\\/#primaryimage\"},\"image\":{\"@id\":\"https:\\\/\\\/radiohuancayo.com.pe\\\/wp54\\\/reniec-dejara-de-emitir-el-dni-azul-y-amarillo\\\/#primaryimage\"},\"thumbnailUrl\":\"https:\\\/\\\/radiohuancayo.com.pe\\\/wp54\\\/wp-content\\\/uploads\\\/2024\\\/06\\\/image-19.png\",\"datePublished\":\"2024-06-26T17:36:34+00:00\",\"dateModified\":\"2024-06-26T17:36:35+00:00\",\"breadcrumb\":{\"@id\":\"https:\\\/\\\/radiohuancayo.com.pe\\\/wp54\\\/reniec-dejara-de-emitir-el-dni-azul-y-amarillo\\\/#breadcrumb\"},\"inLanguage\":\"es\",\"potentialAction\":[{\"@type\":\"ReadAction\",\"target\":[\"https:\\\/\\\/radiohuancayo.com.pe\\\/wp54\\\/reniec-dejara-de-emitir-el-dni-azul-y-amarillo\\\/\"]}]},{\"@type\":\"ImageObject\",\"inLanguage\":\"es\",\"@id\":\"https:\\\/\\\/radiohuancayo.com.pe\\\/wp54\\\/reniec-dejara-de-emitir-el-dni-azul-y-amarillo\\\/#primaryimage\",\"url\":\"https:\\\/\\\/radiohuancayo.com.pe\\\/wp54\\\/wp-content\\\/uploads\\\/2024\\\/06\\\/image-19.png\",\"contentUrl\":\"https:\\\/\\\/radiohuancayo.com.pe\\\/wp54\\\/wp-content\\\/uploads\\\/2024\\\/06\\\/image-19.png\",\"width\":680,\"height\":400},{\"@type\":\"BreadcrumbList\",\"@id\":\"https:\\\/\\\/radiohuancayo.com.pe\\\/wp54\\\/reniec-dejara-de-emitir-el-dni-azul-y-amarillo\\\/#breadcrumb\",\"itemListElement\":[{\"@type\":\"ListItem\",\"position\":1,\"name\":\"Portada\",\"item\":\"https:\\\/\\\/radiohuancayo.com.pe\\\/wp54\\\/\"},{\"@type\":\"ListItem\",\"position\":2,\"name\":\"Reniec dejar\u00e1 de emitir el DNI azul y amarillo\"}]},{\"@type\":\"WebSite\",\"@id\":\"https:\\\/\\\/radiohuancayo.com.pe\\\/wp54\\\/#website\",\"url\":\"https:\\\/\\\/radiohuancayo.com.pe\\\/wp54\\\/\",\"name\":\"Radio Huancayo\",\"description\":\"me gusta!!!\",\"publisher\":{\"@id\":\"https:\\\/\\\/radiohuancayo.com.pe\\\/wp54\\\/#organization\"},\"potentialAction\":[{\"@type\":\"SearchAction\",\"target\":{\"@type\":\"EntryPoint\",\"urlTemplate\":\"https:\\\/\\\/radiohuancayo.com.pe\\\/wp54\\\/?s={search_term_string}\"},\"query-input\":{\"@type\":\"PropertyValueSpecification\",\"valueRequired\":true,\"valueName\":\"search_term_string\"}}],\"inLanguage\":\"es\"},{\"@type\":\"Organization\",\"@id\":\"https:\\\/\\\/radiohuancayo.com.pe\\\/wp54\\\/#organization\",\"name\":\"Radio Huancayo\",\"url\":\"https:\\\/\\\/radiohuancayo.com.pe\\\/wp54\\\/\",\"logo\":{\"@type\":\"ImageObject\",\"inLanguage\":\"es\",\"@id\":\"https:\\\/\\\/radiohuancayo.com.pe\\\/wp54\\\/#\\\/schema\\\/logo\\\/image\\\/\",\"url\":\"https:\\\/\\\/radiohuancayo.com.pe\\\/wp54\\\/wp-content\\\/uploads\\\/2022\\\/04\\\/CABE01.png\",\"contentUrl\":\"https:\\\/\\\/radiohuancayo.com.pe\\\/wp54\\\/wp-content\\\/uploads\\\/2022\\\/04\\\/CABE01.png\",\"width\":1640,\"height\":300,\"caption\":\"Radio Huancayo\"},\"image\":{\"@id\":\"https:\\\/\\\/radiohuancayo.com.pe\\\/wp54\\\/#\\\/schema\\\/logo\\\/image\\\/\"}},{\"@type\":\"Person\",\"@id\":\"https:\\\/\\\/radiohuancayo.com.pe\\\/wp54\\\/#\\\/schema\\\/person\\\/53e7c63df918deff345a30606cbf878c\",\"name\":\"admin\",\"image\":{\"@type\":\"ImageObject\",\"inLanguage\":\"es\",\"@id\":\"https:\\\/\\\/secure.gravatar.com\\\/avatar\\\/3d9af84154e8f14d0ba4f62aa2abc4fcd3ee42a1c034539c08ef7c5615f414cb?s=96&d=mm&r=g\",\"url\":\"https:\\\/\\\/secure.gravatar.com\\\/avatar\\\/3d9af84154e8f14d0ba4f62aa2abc4fcd3ee42a1c034539c08ef7c5615f414cb?s=96&d=mm&r=g\",\"contentUrl\":\"https:\\\/\\\/secure.gravatar.com\\\/avatar\\\/3d9af84154e8f14d0ba4f62aa2abc4fcd3ee42a1c034539c08ef7c5615f414cb?s=96&d=mm&r=g\",\"caption\":\"admin\"},\"sameAs\":[\"https:\\\/\\\/radiohuancayo.com.pe\\\/wp54\"],\"url\":\"https:\\\/\\\/radiohuancayo.com.pe\\\/wp54\\\/author\\\/admin\\\/\"}]}<\/script>\n<!-- \/ Yoast SEO plugin. -->","yoast_head_json":{"title":"Reniec dejar\u00e1 de emitir el DNI azul y amarillo - Radio Huancayo","robots":{"index":"index","follow":"follow","max-snippet":"max-snippet:-1","max-image-preview":"max-image-preview:large","max-video-preview":"max-video-preview:-1"},"canonical":"https:\/\/radiohuancayo.com.pe\/wp54\/reniec-dejara-de-emitir-el-dni-azul-y-amarillo\/","og_locale":"es_ES","og_type":"article","og_title":"Reniec dejar\u00e1 de emitir el DNI azul y amarillo - Radio Huancayo","og_description":"El Registro Nacional de Identificaci\u00f3n y Estado Civil (Reniec) dejar\u00e1 de emitir\u00a0documentos de identidad\u00a0color azul y amarillo desde este mes de junio. Seg\u00fan la jefa de dicha entidad, Carmen Velarde Koechlin, el objetivo de esto es reforzar la seguridad en la identificaci\u00f3n ciudadana con el\u00a0DNI electr\u00f3nico\u00a0(DNIe). Adem\u00e1s, Velarde Koechlin se\u00f1al\u00f3 que los documentos actuales seguir\u00e1n siendo v\u00e1lidos hasta que expiren y que la transici\u00f3n ser\u00e1 gradual para no afectar a los ciudadanos que a\u00fan tienen las versiones antiguas. Seg\u00fan las normas actuales, los ciudadanos que obtengan el DNIe tendr\u00e1n que formalizar un contrato con Reniec, donde se especificar\u00e1 los t\u00e9rminos de uso y responsabilidades del titular. Se espera que este nuevo formato de\u00a0identificaci\u00f3n\u00a0facilite tr\u00e1mites, reduzca la necesidad de desplazamientos y ahorre tiempo y recursos de individuos y empresas.","og_url":"https:\/\/radiohuancayo.com.pe\/wp54\/reniec-dejara-de-emitir-el-dni-azul-y-amarillo\/","og_site_name":"Radio Huancayo","article_published_time":"2024-06-26T17:36:34+00:00","article_modified_time":"2024-06-26T17:36:35+00:00","og_image":[{"width":680,"height":400,"url":"https:\/\/radiohuancayo.com.pe\/wp54\/wp-content\/uploads\/2024\/06\/image-19.png","type":"image\/png"}],"author":"admin","twitter_card":"summary_large_image","twitter_misc":{"Escrito por":"admin","Tiempo de lectura":"1 minuto"},"schema":{"@context":"https:\/\/schema.org","@graph":[{"@type":"Article","@id":"https:\/\/radiohuancayo.com.pe\/wp54\/reniec-dejara-de-emitir-el-dni-azul-y-amarillo\/#article","isPartOf":{"@id":"https:\/\/radiohuancayo.com.pe\/wp54\/reniec-dejara-de-emitir-el-dni-azul-y-amarillo\/"},"author":{"name":"admin","@id":"https:\/\/radiohuancayo.com.pe\/wp54\/#\/schema\/person\/53e7c63df918deff345a30606cbf878c"},"headline":"Reniec dejar\u00e1 de emitir el DNI azul y amarillo","datePublished":"2024-06-26T17:36:34+00:00","dateModified":"2024-06-26T17:36:35+00:00","mainEntityOfPage":{"@id":"https:\/\/radiohuancayo.com.pe\/wp54\/reniec-dejara-de-emitir-el-dni-azul-y-amarillo\/"},"wordCount":158,"commentCount":0,"publisher":{"@id":"https:\/\/radiohuancayo.com.pe\/wp54\/#organization"},"image":{"@id":"https:\/\/radiohuancayo.com.pe\/wp54\/reniec-dejara-de-emitir-el-dni-azul-y-amarillo\/#primaryimage"},"thumbnailUrl":"https:\/\/radiohuancayo.com.pe\/wp54\/wp-content\/uploads\/2024\/06\/image-19.png","articleSection":["Portada"],"inLanguage":"es","potentialAction":[{"@type":"CommentAction","name":"Comment","target":["https:\/\/radiohuancayo.com.pe\/wp54\/reniec-dejara-de-emitir-el-dni-azul-y-amarillo\/#respond"]}]},{"@type":"WebPage","@id":"https:\/\/radiohuancayo.com.pe\/wp54\/reniec-dejara-de-emitir-el-dni-azul-y-amarillo\/","url":"https:\/\/radiohuancayo.com.pe\/wp54\/reniec-dejara-de-emitir-el-dni-azul-y-amarillo\/","name":"Reniec dejar\u00e1 de emitir el DNI azul y amarillo - Radio Huancayo","isPartOf":{"@id":"https:\/\/radiohuancayo.com.pe\/wp54\/#website"},"primaryImageOfPage":{"@id":"https:\/\/radiohuancayo.com.pe\/wp54\/reniec-dejara-de-emitir-el-dni-azul-y-amarillo\/#primaryimage"},"image":{"@id":"https:\/\/radiohuancayo.com.pe\/wp54\/reniec-dejara-de-emitir-el-dni-azul-y-amarillo\/#primaryimage"},"thumbnailUrl":"https:\/\/radiohuancayo.com.pe\/wp54\/wp-content\/uploads\/2024\/06\/image-19.png","datePublished":"2024-06-26T17:36:34+00:00","dateModified":"2024-06-26T17:36:35+00:00","breadcrumb":{"@id":"https:\/\/radiohuancayo.com.pe\/wp54\/reniec-dejara-de-emitir-el-dni-azul-y-amarillo\/#breadcrumb"},"inLanguage":"es","potentialAction":[{"@type":"ReadAction","target":["https:\/\/radiohuancayo.com.pe\/wp54\/reniec-dejara-de-emitir-el-dni-azul-y-amarillo\/"]}]},{"@type":"ImageObject","inLanguage":"es","@id":"https:\/\/radiohuancayo.com.pe\/wp54\/reniec-dejara-de-emitir-el-dni-azul-y-amarillo\/#primaryimage","url":"https:\/\/radiohuancayo.com.pe\/wp54\/wp-content\/uploads\/2024\/06\/image-19.png","contentUrl":"https:\/\/radiohuancayo.com.pe\/wp54\/wp-content\/uploads\/2024\/06\/image-19.png","width":680,"height":400},{"@type":"BreadcrumbList","@id":"https:\/\/radiohuancayo.com.pe\/wp54\/reniec-dejara-de-emitir-el-dni-azul-y-amarillo\/#breadcrumb","itemListElement":[{"@type":"ListItem","position":1,"name":"Portada","item":"https:\/\/radiohuancayo.com.pe\/wp54\/"},{"@type":"ListItem","position":2,"name":"Reniec dejar\u00e1 de emitir el DNI azul y amarillo"}]},{"@type":"WebSite","@id":"https:\/\/radiohuancayo.com.pe\/wp54\/#website","url":"https:\/\/radiohuancayo.com.pe\/wp54\/","name":"Radio Huancayo","description":"me gusta!!!","publisher":{"@id":"https:\/\/radiohuancayo.com.pe\/wp54\/#organization"},"potentialAction":[{"@type":"SearchAction","target":{"@type":"EntryPoint","urlTemplate":"https:\/\/radiohuancayo.com.pe\/wp54\/?s={search_term_string}"},"query-input":{"@type":"PropertyValueSpecification","valueRequired":true,"valueName":"search_term_string"}}],"inLanguage":"es"},{"@type":"Organization","@id":"https:\/\/radiohuancayo.com.pe\/wp54\/#organization","name":"Radio Huancayo","url":"https:\/\/radiohuancayo.com.pe\/wp54\/","logo":{"@type":"ImageObject","inLanguage":"es","@id":"https:\/\/radiohuancayo.com.pe\/wp54\/#\/schema\/logo\/image\/","url":"https:\/\/radiohuancayo.com.pe\/wp54\/wp-content\/uploads\/2022\/04\/CABE01.png","contentUrl":"https:\/\/radiohuancayo.com.pe\/wp54\/wp-content\/uploads\/2022\/04\/CABE01.png","width":1640,"height":300,"caption":"Radio Huancayo"},"image":{"@id":"https:\/\/radiohuancayo.com.pe\/wp54\/#\/schema\/logo\/image\/"}},{"@type":"Person","@id":"https:\/\/radiohuancayo.com.pe\/wp54\/#\/schema\/person\/53e7c63df918deff345a30606cbf878c","name":"admin","image":{"@type":"ImageObject","inLanguage":"es","@id":"https:\/\/secure.gravatar.com\/avatar\/3d9af84154e8f14d0ba4f62aa2abc4fcd3ee42a1c034539c08ef7c5615f414cb?s=96&d=mm&r=g","url":"https:\/\/secure.gravatar.com\/avatar\/3d9af84154e8f14d0ba4f62aa2abc4fcd3ee42a1c034539c08ef7c5615f414cb?s=96&d=mm&r=g","contentUrl":"https:\/\/secure.gravatar.com\/avatar\/3d9af84154e8f14d0ba4f62aa2abc4fcd3ee42a1c034539c08ef7c5615f414cb?s=96&d=mm&r=g","caption":"admin"},"sameAs":["https:\/\/radiohuancayo.com.pe\/wp54"],"url":"https:\/\/radiohuancayo.com.pe\/wp54\/author\/admin\/"}]}},"_links":{"self":[{"href":"https:\/\/radiohuancayo.com.pe\/wp54\/wp-json\/wp\/v2\/posts\/26732","targetHints":{"allow":["GET"]}}],"collection":[{"href":"https:\/\/radiohuancayo.com.pe\/wp54\/wp-json\/wp\/v2\/posts"}],"about":[{"href":"https:\/\/radiohuancayo.com.pe\/wp54\/wp-json\/wp\/v2\/types\/post"}],"author":[{"embeddable":true,"href":"https:\/\/radiohuancayo.com.pe\/wp54\/wp-json\/wp\/v2\/users\/1"}],"replies":[{"embeddable":true,"href":"https:\/\/radiohuancayo.com.pe\/wp54\/wp-json\/wp\/v2\/comments?post=26732"}],"version-history":[{"count":1,"href":"https:\/\/radiohuancayo.com.pe\/wp54\/wp-json\/wp\/v2\/posts\/26732\/revisions"}],"predecessor-version":[{"id":26734,"href":"https:\/\/radiohuancayo.com.pe\/wp54\/wp-json\/wp\/v2\/posts\/26732\/revisions\/26734"}],"wp:featuredmedia":[{"embeddable":true,"href":"https:\/\/radiohuancayo.com.pe\/wp54\/wp-json\/wp\/v2\/media\/26733"}],"wp:attachment":[{"href":"https:\/\/radiohuancayo.com.pe\/wp54\/wp-json\/wp\/v2\/media?parent=26732"}],"wp:term":[{"taxonomy":"category","embeddable":true,"href":"https:\/\/radiohuancayo.com.pe\/wp54\/wp-json\/wp\/v2\/categories?post=26732"},{"taxonomy":"post_tag","embeddable":true,"href":"https:\/\/radiohuancayo.com.pe\/wp54\/wp-json\/wp\/v2\/tags?post=26732"}],"curies":[{"name":"wp","href":"https:\/\/api.w.org\/{rel}","templated":true}]}}