{"id":27106,"date":"2024-07-10T12:34:39","date_gmt":"2024-07-10T17:34:39","guid":{"rendered":"https:\/\/radiohuancayo.com.pe\/wp54\/?p=27106"},"modified":"2024-07-10T12:34:39","modified_gmt":"2024-07-10T17:34:39","slug":"atencion-celulares-no-registrados-en-lista-blanca-seran-bloqueados-a-partir-del-22-de-julio","status":"publish","type":"post","link":"https:\/\/radiohuancayo.com.pe\/wp54\/atencion-celulares-no-registrados-en-lista-blanca-seran-bloqueados-a-partir-del-22-de-julio\/","title":{"rendered":"\u00a1Atenci\u00f3n! Celulares no registrados en lista blanca ser\u00e1n bloqueados a partir del 22 de julio"},"content":{"rendered":"\n<p>Como parte de las medidas dispuestas por el Gobierno peruano para combatir el robo y comercio ilegal de celulares, todos los dispositivos m\u00f3viles importados deben estar registrados en la lista blanca (lista de equipos v\u00e1lidos) del Registro Nacional de Equipos Terminales M\u00f3viles para la Seguridad (Renteseg), antes de ser comercializados.<\/p>\n\n\n\n<p>Seg\u00fan inform\u00f3 el\u00a0<strong>Organismo Supervisor de Inversi\u00f3n Privada en Telecomunicaciones (Osiptel)<\/strong>, las empresas importadoras est\u00e1n obligadas a registrar los equipos m\u00f3viles en el\u00a0<strong>Registro de Equipos Terminales M\u00f3viles Importados, Ensamblados y Fabricados (Retmief)<\/strong>\u00a0del Renteseg antes de la entrega o transferencia hacia el comercializador, distribuidor o tercero, de esta manera se podr\u00e1 conocer todos los equipos autorizados para operar en el pa\u00eds.<\/p>\n\n\n\n<p><em>\u201cActualmente, las empresas importadoras que realizaron el 99.65 % de importaciones, entre junio de 2023 y junio de 2024, est\u00e1n registrando sus equipos en el Retmief<\/em>, inform\u00f3 la directora de&nbsp;<strong>Atenci\u00f3n y Protecci\u00f3n del Usuario<\/strong>&nbsp;del Osiptel, Tatiana Piccini Ant\u00f3n.<\/p>\n\n\n\n<p>Por ello, el comercializador o distribuidor que adquiera los equipos m\u00f3viles de un importador debe requerir a este el registro previo de dichos dispositivos para que puedan ser utilizados sin ning\u00fan inconveniente.<\/p>\n","protected":false},"excerpt":{"rendered":"<p>Como parte de las medidas dispuestas por el Gobierno peruano para combatir el robo y comercio ilegal de celulares, todos los dispositivos m\u00f3viles importados deben estar registrados en la lista blanca (lista de equipos v\u00e1lidos) del Registro Nacional de Equipos Terminales M\u00f3viles para la Seguridad (Renteseg), antes de ser comercializados. Seg\u00fan inform\u00f3 el\u00a0Organismo Supervisor de Inversi\u00f3n Privada en Telecomunicaciones (Osiptel), las empresas importadoras est\u00e1n obligadas a registrar los equipos m\u00f3viles en el\u00a0Registro de Equipos Terminales M\u00f3viles Importados, Ensamblados y Fabricados (Retmief)\u00a0del Renteseg antes de la entrega o transferencia hacia el comercializador, distribuidor o tercero, de esta manera se podr\u00e1 conocer todos los equipos autorizados para operar en el pa\u00eds. \u201cActualmente, las empresas importadoras que realizaron el 99.65 % de importaciones, entre junio de 2023 y junio de 2024, est\u00e1n registrando sus equipos en el Retmief, inform\u00f3 la directora de&nbsp;Atenci\u00f3n y Protecci\u00f3n del Usuario&nbsp;del Osiptel, Tatiana Piccini Ant\u00f3n. Por ello, el comercializador o distribuidor que adquiera los equipos m\u00f3viles de un importador debe requerir a este el registro previo de dichos dispositivos para que puedan ser utilizados sin ning\u00fan inconveniente.<\/p>\n","protected":false},"author":1,"featured_media":27107,"comment_status":"open","ping_status":"open","sticky":false,"template":"","format":"standard","meta":{"footnotes":""},"categories":[22,20],"tags":[],"class_list":["post-27106","post","type-post","status-publish","format-standard","has-post-thumbnail","hentry","category-portada","category-tendencia"],"yoast_head":"<!-- This site is optimized with the Yoast SEO plugin v27.5 - https:\/\/yoast.com\/product\/yoast-seo-wordpress\/ -->\n<title>\u00a1Atenci\u00f3n! Celulares no registrados en lista blanca ser\u00e1n bloqueados a partir del 22 de julio - Radio Huancayo<\/title>\n<meta name=\"robots\" content=\"index, follow, max-snippet:-1, max-image-preview:large, max-video-preview:-1\" \/>\n<link rel=\"canonical\" href=\"https:\/\/radiohuancayo.com.pe\/wp54\/atencion-celulares-no-registrados-en-lista-blanca-seran-bloqueados-a-partir-del-22-de-julio\/\" \/>\n<meta property=\"og:locale\" content=\"es_ES\" \/>\n<meta property=\"og:type\" content=\"article\" \/>\n<meta property=\"og:title\" content=\"\u00a1Atenci\u00f3n! Celulares no registrados en lista blanca ser\u00e1n bloqueados a partir del 22 de julio - Radio Huancayo\" \/>\n<meta property=\"og:description\" content=\"Como parte de las medidas dispuestas por el Gobierno peruano para combatir el robo y comercio ilegal de celulares, todos los dispositivos m\u00f3viles importados deben estar registrados en la lista blanca (lista de equipos v\u00e1lidos) del Registro Nacional de Equipos Terminales M\u00f3viles para la Seguridad (Renteseg), antes de ser comercializados. Seg\u00fan inform\u00f3 el\u00a0Organismo Supervisor de Inversi\u00f3n Privada en Telecomunicaciones (Osiptel), las empresas importadoras est\u00e1n obligadas a registrar los equipos m\u00f3viles en el\u00a0Registro de Equipos Terminales M\u00f3viles Importados, Ensamblados y Fabricados (Retmief)\u00a0del Renteseg antes de la entrega o transferencia hacia el comercializador, distribuidor o tercero, de esta manera se podr\u00e1 conocer todos los equipos autorizados para operar en el pa\u00eds. \u201cActualmente, las empresas importadoras que realizaron el 99.65 % de importaciones, entre junio de 2023 y junio de 2024, est\u00e1n registrando sus equipos en el Retmief, inform\u00f3 la directora de&nbsp;Atenci\u00f3n y Protecci\u00f3n del Usuario&nbsp;del Osiptel, Tatiana Piccini Ant\u00f3n. Por ello, el comercializador o distribuidor que adquiera los equipos m\u00f3viles de un importador debe requerir a este el registro previo de dichos dispositivos para que puedan ser utilizados sin ning\u00fan inconveniente.\" \/>\n<meta property=\"og:url\" content=\"https:\/\/radiohuancayo.com.pe\/wp54\/atencion-celulares-no-registrados-en-lista-blanca-seran-bloqueados-a-partir-del-22-de-julio\/\" \/>\n<meta property=\"og:site_name\" content=\"Radio Huancayo\" \/>\n<meta property=\"article:published_time\" content=\"2024-07-10T17:34:39+00:00\" \/>\n<meta property=\"og:image\" content=\"https:\/\/radiohuancayo.com.pe\/wp54\/wp-content\/uploads\/2024\/07\/image-29.png\" \/>\n\t<meta property=\"og:image:width\" content=\"1200\" \/>\n\t<meta property=\"og:image:height\" content=\"675\" \/>\n\t<meta property=\"og:image:type\" content=\"image\/png\" \/>\n<meta name=\"author\" content=\"admin\" \/>\n<meta name=\"twitter:card\" content=\"summary_large_image\" \/>\n<meta name=\"twitter:label1\" content=\"Escrito por\" \/>\n\t<meta name=\"twitter:data1\" content=\"admin\" \/>\n\t<meta name=\"twitter:label2\" content=\"Tiempo de lectura\" \/>\n\t<meta name=\"twitter:data2\" content=\"2 minutos\" \/>\n<script type=\"application\/ld+json\" class=\"yoast-schema-graph\">{\"@context\":\"https:\\\/\\\/schema.org\",\"@graph\":[{\"@type\":\"Article\",\"@id\":\"https:\\\/\\\/radiohuancayo.com.pe\\\/wp54\\\/atencion-celulares-no-registrados-en-lista-blanca-seran-bloqueados-a-partir-del-22-de-julio\\\/#article\",\"isPartOf\":{\"@id\":\"https:\\\/\\\/radiohuancayo.com.pe\\\/wp54\\\/atencion-celulares-no-registrados-en-lista-blanca-seran-bloqueados-a-partir-del-22-de-julio\\\/\"},\"author\":{\"name\":\"admin\",\"@id\":\"https:\\\/\\\/radiohuancayo.com.pe\\\/wp54\\\/#\\\/schema\\\/person\\\/53e7c63df918deff345a30606cbf878c\"},\"headline\":\"\u00a1Atenci\u00f3n! Celulares no registrados en lista blanca ser\u00e1n bloqueados a partir del 22 de julio\",\"datePublished\":\"2024-07-10T17:34:39+00:00\",\"mainEntityOfPage\":{\"@id\":\"https:\\\/\\\/radiohuancayo.com.pe\\\/wp54\\\/atencion-celulares-no-registrados-en-lista-blanca-seran-bloqueados-a-partir-del-22-de-julio\\\/\"},\"wordCount\":213,\"commentCount\":0,\"publisher\":{\"@id\":\"https:\\\/\\\/radiohuancayo.com.pe\\\/wp54\\\/#organization\"},\"image\":{\"@id\":\"https:\\\/\\\/radiohuancayo.com.pe\\\/wp54\\\/atencion-celulares-no-registrados-en-lista-blanca-seran-bloqueados-a-partir-del-22-de-julio\\\/#primaryimage\"},\"thumbnailUrl\":\"https:\\\/\\\/radiohuancayo.com.pe\\\/wp54\\\/wp-content\\\/uploads\\\/2024\\\/07\\\/image-29.png\",\"articleSection\":[\"Portada\",\"Tendencia\"],\"inLanguage\":\"es\",\"potentialAction\":[{\"@type\":\"CommentAction\",\"name\":\"Comment\",\"target\":[\"https:\\\/\\\/radiohuancayo.com.pe\\\/wp54\\\/atencion-celulares-no-registrados-en-lista-blanca-seran-bloqueados-a-partir-del-22-de-julio\\\/#respond\"]}]},{\"@type\":\"WebPage\",\"@id\":\"https:\\\/\\\/radiohuancayo.com.pe\\\/wp54\\\/atencion-celulares-no-registrados-en-lista-blanca-seran-bloqueados-a-partir-del-22-de-julio\\\/\",\"url\":\"https:\\\/\\\/radiohuancayo.com.pe\\\/wp54\\\/atencion-celulares-no-registrados-en-lista-blanca-seran-bloqueados-a-partir-del-22-de-julio\\\/\",\"name\":\"\u00a1Atenci\u00f3n! Celulares no registrados en lista blanca ser\u00e1n bloqueados a partir del 22 de julio - Radio Huancayo\",\"isPartOf\":{\"@id\":\"https:\\\/\\\/radiohuancayo.com.pe\\\/wp54\\\/#website\"},\"primaryImageOfPage\":{\"@id\":\"https:\\\/\\\/radiohuancayo.com.pe\\\/wp54\\\/atencion-celulares-no-registrados-en-lista-blanca-seran-bloqueados-a-partir-del-22-de-julio\\\/#primaryimage\"},\"image\":{\"@id\":\"https:\\\/\\\/radiohuancayo.com.pe\\\/wp54\\\/atencion-celulares-no-registrados-en-lista-blanca-seran-bloqueados-a-partir-del-22-de-julio\\\/#primaryimage\"},\"thumbnailUrl\":\"https:\\\/\\\/radiohuancayo.com.pe\\\/wp54\\\/wp-content\\\/uploads\\\/2024\\\/07\\\/image-29.png\",\"datePublished\":\"2024-07-10T17:34:39+00:00\",\"breadcrumb\":{\"@id\":\"https:\\\/\\\/radiohuancayo.com.pe\\\/wp54\\\/atencion-celulares-no-registrados-en-lista-blanca-seran-bloqueados-a-partir-del-22-de-julio\\\/#breadcrumb\"},\"inLanguage\":\"es\",\"potentialAction\":[{\"@type\":\"ReadAction\",\"target\":[\"https:\\\/\\\/radiohuancayo.com.pe\\\/wp54\\\/atencion-celulares-no-registrados-en-lista-blanca-seran-bloqueados-a-partir-del-22-de-julio\\\/\"]}]},{\"@type\":\"ImageObject\",\"inLanguage\":\"es\",\"@id\":\"https:\\\/\\\/radiohuancayo.com.pe\\\/wp54\\\/atencion-celulares-no-registrados-en-lista-blanca-seran-bloqueados-a-partir-del-22-de-julio\\\/#primaryimage\",\"url\":\"https:\\\/\\\/radiohuancayo.com.pe\\\/wp54\\\/wp-content\\\/uploads\\\/2024\\\/07\\\/image-29.png\",\"contentUrl\":\"https:\\\/\\\/radiohuancayo.com.pe\\\/wp54\\\/wp-content\\\/uploads\\\/2024\\\/07\\\/image-29.png\",\"width\":1200,\"height\":675},{\"@type\":\"BreadcrumbList\",\"@id\":\"https:\\\/\\\/radiohuancayo.com.pe\\\/wp54\\\/atencion-celulares-no-registrados-en-lista-blanca-seran-bloqueados-a-partir-del-22-de-julio\\\/#breadcrumb\",\"itemListElement\":[{\"@type\":\"ListItem\",\"position\":1,\"name\":\"Portada\",\"item\":\"https:\\\/\\\/radiohuancayo.com.pe\\\/wp54\\\/\"},{\"@type\":\"ListItem\",\"position\":2,\"name\":\"\u00a1Atenci\u00f3n! Celulares no registrados en lista blanca ser\u00e1n bloqueados a partir del 22 de julio\"}]},{\"@type\":\"WebSite\",\"@id\":\"https:\\\/\\\/radiohuancayo.com.pe\\\/wp54\\\/#website\",\"url\":\"https:\\\/\\\/radiohuancayo.com.pe\\\/wp54\\\/\",\"name\":\"Radio Huancayo\",\"description\":\"me gusta!!!\",\"publisher\":{\"@id\":\"https:\\\/\\\/radiohuancayo.com.pe\\\/wp54\\\/#organization\"},\"potentialAction\":[{\"@type\":\"SearchAction\",\"target\":{\"@type\":\"EntryPoint\",\"urlTemplate\":\"https:\\\/\\\/radiohuancayo.com.pe\\\/wp54\\\/?s={search_term_string}\"},\"query-input\":{\"@type\":\"PropertyValueSpecification\",\"valueRequired\":true,\"valueName\":\"search_term_string\"}}],\"inLanguage\":\"es\"},{\"@type\":\"Organization\",\"@id\":\"https:\\\/\\\/radiohuancayo.com.pe\\\/wp54\\\/#organization\",\"name\":\"Radio Huancayo\",\"url\":\"https:\\\/\\\/radiohuancayo.com.pe\\\/wp54\\\/\",\"logo\":{\"@type\":\"ImageObject\",\"inLanguage\":\"es\",\"@id\":\"https:\\\/\\\/radiohuancayo.com.pe\\\/wp54\\\/#\\\/schema\\\/logo\\\/image\\\/\",\"url\":\"https:\\\/\\\/radiohuancayo.com.pe\\\/wp54\\\/wp-content\\\/uploads\\\/2022\\\/04\\\/CABE01.png\",\"contentUrl\":\"https:\\\/\\\/radiohuancayo.com.pe\\\/wp54\\\/wp-content\\\/uploads\\\/2022\\\/04\\\/CABE01.png\",\"width\":1640,\"height\":300,\"caption\":\"Radio Huancayo\"},\"image\":{\"@id\":\"https:\\\/\\\/radiohuancayo.com.pe\\\/wp54\\\/#\\\/schema\\\/logo\\\/image\\\/\"}},{\"@type\":\"Person\",\"@id\":\"https:\\\/\\\/radiohuancayo.com.pe\\\/wp54\\\/#\\\/schema\\\/person\\\/53e7c63df918deff345a30606cbf878c\",\"name\":\"admin\",\"image\":{\"@type\":\"ImageObject\",\"inLanguage\":\"es\",\"@id\":\"https:\\\/\\\/secure.gravatar.com\\\/avatar\\\/3d9af84154e8f14d0ba4f62aa2abc4fcd3ee42a1c034539c08ef7c5615f414cb?s=96&d=mm&r=g\",\"url\":\"https:\\\/\\\/secure.gravatar.com\\\/avatar\\\/3d9af84154e8f14d0ba4f62aa2abc4fcd3ee42a1c034539c08ef7c5615f414cb?s=96&d=mm&r=g\",\"contentUrl\":\"https:\\\/\\\/secure.gravatar.com\\\/avatar\\\/3d9af84154e8f14d0ba4f62aa2abc4fcd3ee42a1c034539c08ef7c5615f414cb?s=96&d=mm&r=g\",\"caption\":\"admin\"},\"sameAs\":[\"https:\\\/\\\/radiohuancayo.com.pe\\\/wp54\"],\"url\":\"https:\\\/\\\/radiohuancayo.com.pe\\\/wp54\\\/author\\\/admin\\\/\"}]}<\/script>\n<!-- \/ Yoast SEO plugin. -->","yoast_head_json":{"title":"\u00a1Atenci\u00f3n! Celulares no registrados en lista blanca ser\u00e1n bloqueados a partir del 22 de julio - Radio Huancayo","robots":{"index":"index","follow":"follow","max-snippet":"max-snippet:-1","max-image-preview":"max-image-preview:large","max-video-preview":"max-video-preview:-1"},"canonical":"https:\/\/radiohuancayo.com.pe\/wp54\/atencion-celulares-no-registrados-en-lista-blanca-seran-bloqueados-a-partir-del-22-de-julio\/","og_locale":"es_ES","og_type":"article","og_title":"\u00a1Atenci\u00f3n! Celulares no registrados en lista blanca ser\u00e1n bloqueados a partir del 22 de julio - Radio Huancayo","og_description":"Como parte de las medidas dispuestas por el Gobierno peruano para combatir el robo y comercio ilegal de celulares, todos los dispositivos m\u00f3viles importados deben estar registrados en la lista blanca (lista de equipos v\u00e1lidos) del Registro Nacional de Equipos Terminales M\u00f3viles para la Seguridad (Renteseg), antes de ser comercializados. Seg\u00fan inform\u00f3 el\u00a0Organismo Supervisor de Inversi\u00f3n Privada en Telecomunicaciones (Osiptel), las empresas importadoras est\u00e1n obligadas a registrar los equipos m\u00f3viles en el\u00a0Registro de Equipos Terminales M\u00f3viles Importados, Ensamblados y Fabricados (Retmief)\u00a0del Renteseg antes de la entrega o transferencia hacia el comercializador, distribuidor o tercero, de esta manera se podr\u00e1 conocer todos los equipos autorizados para operar en el pa\u00eds. \u201cActualmente, las empresas importadoras que realizaron el 99.65 % de importaciones, entre junio de 2023 y junio de 2024, est\u00e1n registrando sus equipos en el Retmief, inform\u00f3 la directora de&nbsp;Atenci\u00f3n y Protecci\u00f3n del Usuario&nbsp;del Osiptel, Tatiana Piccini Ant\u00f3n. Por ello, el comercializador o distribuidor que adquiera los equipos m\u00f3viles de un importador debe requerir a este el registro previo de dichos dispositivos para que puedan ser utilizados sin ning\u00fan inconveniente.","og_url":"https:\/\/radiohuancayo.com.pe\/wp54\/atencion-celulares-no-registrados-en-lista-blanca-seran-bloqueados-a-partir-del-22-de-julio\/","og_site_name":"Radio Huancayo","article_published_time":"2024-07-10T17:34:39+00:00","og_image":[{"width":1200,"height":675,"url":"https:\/\/radiohuancayo.com.pe\/wp54\/wp-content\/uploads\/2024\/07\/image-29.png","type":"image\/png"}],"author":"admin","twitter_card":"summary_large_image","twitter_misc":{"Escrito por":"admin","Tiempo de lectura":"2 minutos"},"schema":{"@context":"https:\/\/schema.org","@graph":[{"@type":"Article","@id":"https:\/\/radiohuancayo.com.pe\/wp54\/atencion-celulares-no-registrados-en-lista-blanca-seran-bloqueados-a-partir-del-22-de-julio\/#article","isPartOf":{"@id":"https:\/\/radiohuancayo.com.pe\/wp54\/atencion-celulares-no-registrados-en-lista-blanca-seran-bloqueados-a-partir-del-22-de-julio\/"},"author":{"name":"admin","@id":"https:\/\/radiohuancayo.com.pe\/wp54\/#\/schema\/person\/53e7c63df918deff345a30606cbf878c"},"headline":"\u00a1Atenci\u00f3n! Celulares no registrados en lista blanca ser\u00e1n bloqueados a partir del 22 de julio","datePublished":"2024-07-10T17:34:39+00:00","mainEntityOfPage":{"@id":"https:\/\/radiohuancayo.com.pe\/wp54\/atencion-celulares-no-registrados-en-lista-blanca-seran-bloqueados-a-partir-del-22-de-julio\/"},"wordCount":213,"commentCount":0,"publisher":{"@id":"https:\/\/radiohuancayo.com.pe\/wp54\/#organization"},"image":{"@id":"https:\/\/radiohuancayo.com.pe\/wp54\/atencion-celulares-no-registrados-en-lista-blanca-seran-bloqueados-a-partir-del-22-de-julio\/#primaryimage"},"thumbnailUrl":"https:\/\/radiohuancayo.com.pe\/wp54\/wp-content\/uploads\/2024\/07\/image-29.png","articleSection":["Portada","Tendencia"],"inLanguage":"es","potentialAction":[{"@type":"CommentAction","name":"Comment","target":["https:\/\/radiohuancayo.com.pe\/wp54\/atencion-celulares-no-registrados-en-lista-blanca-seran-bloqueados-a-partir-del-22-de-julio\/#respond"]}]},{"@type":"WebPage","@id":"https:\/\/radiohuancayo.com.pe\/wp54\/atencion-celulares-no-registrados-en-lista-blanca-seran-bloqueados-a-partir-del-22-de-julio\/","url":"https:\/\/radiohuancayo.com.pe\/wp54\/atencion-celulares-no-registrados-en-lista-blanca-seran-bloqueados-a-partir-del-22-de-julio\/","name":"\u00a1Atenci\u00f3n! Celulares no registrados en lista blanca ser\u00e1n bloqueados a partir del 22 de julio - Radio Huancayo","isPartOf":{"@id":"https:\/\/radiohuancayo.com.pe\/wp54\/#website"},"primaryImageOfPage":{"@id":"https:\/\/radiohuancayo.com.pe\/wp54\/atencion-celulares-no-registrados-en-lista-blanca-seran-bloqueados-a-partir-del-22-de-julio\/#primaryimage"},"image":{"@id":"https:\/\/radiohuancayo.com.pe\/wp54\/atencion-celulares-no-registrados-en-lista-blanca-seran-bloqueados-a-partir-del-22-de-julio\/#primaryimage"},"thumbnailUrl":"https:\/\/radiohuancayo.com.pe\/wp54\/wp-content\/uploads\/2024\/07\/image-29.png","datePublished":"2024-07-10T17:34:39+00:00","breadcrumb":{"@id":"https:\/\/radiohuancayo.com.pe\/wp54\/atencion-celulares-no-registrados-en-lista-blanca-seran-bloqueados-a-partir-del-22-de-julio\/#breadcrumb"},"inLanguage":"es","potentialAction":[{"@type":"ReadAction","target":["https:\/\/radiohuancayo.com.pe\/wp54\/atencion-celulares-no-registrados-en-lista-blanca-seran-bloqueados-a-partir-del-22-de-julio\/"]}]},{"@type":"ImageObject","inLanguage":"es","@id":"https:\/\/radiohuancayo.com.pe\/wp54\/atencion-celulares-no-registrados-en-lista-blanca-seran-bloqueados-a-partir-del-22-de-julio\/#primaryimage","url":"https:\/\/radiohuancayo.com.pe\/wp54\/wp-content\/uploads\/2024\/07\/image-29.png","contentUrl":"https:\/\/radiohuancayo.com.pe\/wp54\/wp-content\/uploads\/2024\/07\/image-29.png","width":1200,"height":675},{"@type":"BreadcrumbList","@id":"https:\/\/radiohuancayo.com.pe\/wp54\/atencion-celulares-no-registrados-en-lista-blanca-seran-bloqueados-a-partir-del-22-de-julio\/#breadcrumb","itemListElement":[{"@type":"ListItem","position":1,"name":"Portada","item":"https:\/\/radiohuancayo.com.pe\/wp54\/"},{"@type":"ListItem","position":2,"name":"\u00a1Atenci\u00f3n! Celulares no registrados en lista blanca ser\u00e1n bloqueados a partir del 22 de julio"}]},{"@type":"WebSite","@id":"https:\/\/radiohuancayo.com.pe\/wp54\/#website","url":"https:\/\/radiohuancayo.com.pe\/wp54\/","name":"Radio Huancayo","description":"me gusta!!!","publisher":{"@id":"https:\/\/radiohuancayo.com.pe\/wp54\/#organization"},"potentialAction":[{"@type":"SearchAction","target":{"@type":"EntryPoint","urlTemplate":"https:\/\/radiohuancayo.com.pe\/wp54\/?s={search_term_string}"},"query-input":{"@type":"PropertyValueSpecification","valueRequired":true,"valueName":"search_term_string"}}],"inLanguage":"es"},{"@type":"Organization","@id":"https:\/\/radiohuancayo.com.pe\/wp54\/#organization","name":"Radio Huancayo","url":"https:\/\/radiohuancayo.com.pe\/wp54\/","logo":{"@type":"ImageObject","inLanguage":"es","@id":"https:\/\/radiohuancayo.com.pe\/wp54\/#\/schema\/logo\/image\/","url":"https:\/\/radiohuancayo.com.pe\/wp54\/wp-content\/uploads\/2022\/04\/CABE01.png","contentUrl":"https:\/\/radiohuancayo.com.pe\/wp54\/wp-content\/uploads\/2022\/04\/CABE01.png","width":1640,"height":300,"caption":"Radio Huancayo"},"image":{"@id":"https:\/\/radiohuancayo.com.pe\/wp54\/#\/schema\/logo\/image\/"}},{"@type":"Person","@id":"https:\/\/radiohuancayo.com.pe\/wp54\/#\/schema\/person\/53e7c63df918deff345a30606cbf878c","name":"admin","image":{"@type":"ImageObject","inLanguage":"es","@id":"https:\/\/secure.gravatar.com\/avatar\/3d9af84154e8f14d0ba4f62aa2abc4fcd3ee42a1c034539c08ef7c5615f414cb?s=96&d=mm&r=g","url":"https:\/\/secure.gravatar.com\/avatar\/3d9af84154e8f14d0ba4f62aa2abc4fcd3ee42a1c034539c08ef7c5615f414cb?s=96&d=mm&r=g","contentUrl":"https:\/\/secure.gravatar.com\/avatar\/3d9af84154e8f14d0ba4f62aa2abc4fcd3ee42a1c034539c08ef7c5615f414cb?s=96&d=mm&r=g","caption":"admin"},"sameAs":["https:\/\/radiohuancayo.com.pe\/wp54"],"url":"https:\/\/radiohuancayo.com.pe\/wp54\/author\/admin\/"}]}},"_links":{"self":[{"href":"https:\/\/radiohuancayo.com.pe\/wp54\/wp-json\/wp\/v2\/posts\/27106","targetHints":{"allow":["GET"]}}],"collection":[{"href":"https:\/\/radiohuancayo.com.pe\/wp54\/wp-json\/wp\/v2\/posts"}],"about":[{"href":"https:\/\/radiohuancayo.com.pe\/wp54\/wp-json\/wp\/v2\/types\/post"}],"author":[{"embeddable":true,"href":"https:\/\/radiohuancayo.com.pe\/wp54\/wp-json\/wp\/v2\/users\/1"}],"replies":[{"embeddable":true,"href":"https:\/\/radiohuancayo.com.pe\/wp54\/wp-json\/wp\/v2\/comments?post=27106"}],"version-history":[{"count":1,"href":"https:\/\/radiohuancayo.com.pe\/wp54\/wp-json\/wp\/v2\/posts\/27106\/revisions"}],"predecessor-version":[{"id":27108,"href":"https:\/\/radiohuancayo.com.pe\/wp54\/wp-json\/wp\/v2\/posts\/27106\/revisions\/27108"}],"wp:featuredmedia":[{"embeddable":true,"href":"https:\/\/radiohuancayo.com.pe\/wp54\/wp-json\/wp\/v2\/media\/27107"}],"wp:attachment":[{"href":"https:\/\/radiohuancayo.com.pe\/wp54\/wp-json\/wp\/v2\/media?parent=27106"}],"wp:term":[{"taxonomy":"category","embeddable":true,"href":"https:\/\/radiohuancayo.com.pe\/wp54\/wp-json\/wp\/v2\/categories?post=27106"},{"taxonomy":"post_tag","embeddable":true,"href":"https:\/\/radiohuancayo.com.pe\/wp54\/wp-json\/wp\/v2\/tags?post=27106"}],"curies":[{"name":"wp","href":"https:\/\/api.w.org\/{rel}","templated":true}]}}