{"id":27168,"date":"2024-07-11T14:30:31","date_gmt":"2024-07-11T19:30:31","guid":{"rendered":"https:\/\/radiohuancayo.com.pe\/wp54\/?p=27168"},"modified":"2024-07-11T14:30:32","modified_gmt":"2024-07-11T19:30:32","slug":"yahaira-plasencia-anuncia-fecha-de-estreno-de-la-vida-es-una-fiesta-su-nueva-cancion-con-wisin","status":"publish","type":"post","link":"https:\/\/radiohuancayo.com.pe\/wp54\/yahaira-plasencia-anuncia-fecha-de-estreno-de-la-vida-es-una-fiesta-su-nueva-cancion-con-wisin\/","title":{"rendered":"Yahaira Plasencia anuncia fecha de estreno de &#8216;La vida es una fiesta&#8217;, su nueva canci\u00f3n con Wisin"},"content":{"rendered":"\n<p>Ya es un hecho.\u00a0Yahaira Plasencia y Wisin\u00a0unir\u00e1n sus voces para el tema\u00a0<strong><em>La vida es una fiesta<\/em><\/strong>, bajo la producci\u00f3n de\u00a0Sergio George. Esta canci\u00f3n forma parte del nuevo \u00e1lbum\u00a0<em>Ataca Sergio&#8217; present Urban Salsa Sessions<\/em>\u00a0y se lanzar\u00e1 en las plataformas el\u00a0<strong>24 de julio<\/strong>.\u00a0<\/p>\n\n\n\n<p>La int\u00e9rprete expres\u00f3 su agradecimiento tras trabajar con uno de los grandes exponentes del g\u00e9nero urbano. \u00abEstoy muy agradecida con\u00a0<strong>Wisin\u00a0<\/strong>y\u00a0<strong>Sergio<\/strong>\u00a0por haberme invitado a formar parte de este tema. Es un paso importante en mi carrera y tambi\u00e9n significa un logro para el pa\u00eds, pues es una ventana para todo el talento nacional\u00bb, se lee en el comunicado de prensa donde prometi\u00f3 revolucionar la salsa urbana.\u00a0<\/p>\n\n\n\n<p>Por otro lado,\u00a0Sergio George\u00a0asegur\u00f3 que\u00a0<strong><em>La vida es una fiesta\u00a0<\/em><\/strong>ser\u00e1 un \u00ab\u00e9xito mundial\u00bb: \u00abEs la primera vez que lanzamos algo con Wisin, \u00e9l es un cantante al que respeto y admiro, y todo este proceso de producci\u00f3n ha sido maravilloso, el estudio ha sido una fiesta. Llegamos con un g\u00e9nero de gran acogida en Latinoam\u00e9rica, estamos seguros de que ser\u00e1 un hit mundial\u00bb, coment\u00f3.\u00a0<\/p>\n\n\n\n<p>Si bien algunos han criticado a\u00a0Yahaira Plasencia, sus fans pidieron que apoyen el talento peruano que est\u00e1 dando frutos en lo internacional.<\/p>\n","protected":false},"excerpt":{"rendered":"<p>Ya es un hecho.\u00a0Yahaira Plasencia y Wisin\u00a0unir\u00e1n sus voces para el tema\u00a0La vida es una fiesta, bajo la producci\u00f3n de\u00a0Sergio George. Esta canci\u00f3n forma parte del nuevo \u00e1lbum\u00a0Ataca Sergio&#8217; present Urban Salsa Sessions\u00a0y se lanzar\u00e1 en las plataformas el\u00a024 de julio.\u00a0 La int\u00e9rprete expres\u00f3 su agradecimiento tras trabajar con uno de los grandes exponentes del g\u00e9nero urbano. \u00abEstoy muy agradecida con\u00a0Wisin\u00a0y\u00a0Sergio\u00a0por haberme invitado a formar parte de este tema. Es un paso importante en mi carrera y tambi\u00e9n significa un logro para el pa\u00eds, pues es una ventana para todo el talento nacional\u00bb, se lee en el comunicado de prensa donde prometi\u00f3 revolucionar la salsa urbana.\u00a0 Por otro lado,\u00a0Sergio George\u00a0asegur\u00f3 que\u00a0La vida es una fiesta\u00a0ser\u00e1 un \u00ab\u00e9xito mundial\u00bb: \u00abEs la primera vez que lanzamos algo con Wisin, \u00e9l es un cantante al que respeto y admiro, y todo este proceso de producci\u00f3n ha sido maravilloso, el estudio ha sido una fiesta. Llegamos con un g\u00e9nero de gran acogida en Latinoam\u00e9rica, estamos seguros de que ser\u00e1 un hit mundial\u00bb, coment\u00f3.\u00a0 Si bien algunos han criticado a\u00a0Yahaira Plasencia, sus fans pidieron que apoyen el talento peruano que est\u00e1 dando frutos en lo internacional.<\/p>\n","protected":false},"author":1,"featured_media":27169,"comment_status":"open","ping_status":"open","sticky":false,"template":"","format":"standard","meta":{"footnotes":""},"categories":[8],"tags":[],"class_list":["post-27168","post","type-post","status-publish","format-standard","has-post-thumbnail","hentry","category-espectaculos"],"yoast_head":"<!-- This site is optimized with the Yoast SEO plugin v27.5 - https:\/\/yoast.com\/product\/yoast-seo-wordpress\/ -->\n<title>Yahaira Plasencia anuncia fecha de estreno de &#039;La vida es una fiesta&#039;, su nueva canci\u00f3n con Wisin - Radio Huancayo<\/title>\n<meta name=\"robots\" content=\"index, follow, max-snippet:-1, max-image-preview:large, max-video-preview:-1\" \/>\n<link rel=\"canonical\" href=\"https:\/\/radiohuancayo.com.pe\/wp54\/yahaira-plasencia-anuncia-fecha-de-estreno-de-la-vida-es-una-fiesta-su-nueva-cancion-con-wisin\/\" \/>\n<meta property=\"og:locale\" content=\"es_ES\" \/>\n<meta property=\"og:type\" content=\"article\" \/>\n<meta property=\"og:title\" content=\"Yahaira Plasencia anuncia fecha de estreno de &#039;La vida es una fiesta&#039;, su nueva canci\u00f3n con Wisin - Radio Huancayo\" \/>\n<meta property=\"og:description\" content=\"Ya es un hecho.\u00a0Yahaira Plasencia y Wisin\u00a0unir\u00e1n sus voces para el tema\u00a0La vida es una fiesta, bajo la producci\u00f3n de\u00a0Sergio George. Esta canci\u00f3n forma parte del nuevo \u00e1lbum\u00a0Ataca Sergio&#8217; present Urban Salsa Sessions\u00a0y se lanzar\u00e1 en las plataformas el\u00a024 de julio.\u00a0 La int\u00e9rprete expres\u00f3 su agradecimiento tras trabajar con uno de los grandes exponentes del g\u00e9nero urbano. \u00abEstoy muy agradecida con\u00a0Wisin\u00a0y\u00a0Sergio\u00a0por haberme invitado a formar parte de este tema. Es un paso importante en mi carrera y tambi\u00e9n significa un logro para el pa\u00eds, pues es una ventana para todo el talento nacional\u00bb, se lee en el comunicado de prensa donde prometi\u00f3 revolucionar la salsa urbana.\u00a0 Por otro lado,\u00a0Sergio George\u00a0asegur\u00f3 que\u00a0La vida es una fiesta\u00a0ser\u00e1 un \u00ab\u00e9xito mundial\u00bb: \u00abEs la primera vez que lanzamos algo con Wisin, \u00e9l es un cantante al que respeto y admiro, y todo este proceso de producci\u00f3n ha sido maravilloso, el estudio ha sido una fiesta. Llegamos con un g\u00e9nero de gran acogida en Latinoam\u00e9rica, estamos seguros de que ser\u00e1 un hit mundial\u00bb, coment\u00f3.\u00a0 Si bien algunos han criticado a\u00a0Yahaira Plasencia, sus fans pidieron que apoyen el talento peruano que est\u00e1 dando frutos en lo internacional.\" \/>\n<meta property=\"og:url\" content=\"https:\/\/radiohuancayo.com.pe\/wp54\/yahaira-plasencia-anuncia-fecha-de-estreno-de-la-vida-es-una-fiesta-su-nueva-cancion-con-wisin\/\" \/>\n<meta property=\"og:site_name\" content=\"Radio Huancayo\" \/>\n<meta property=\"article:published_time\" content=\"2024-07-11T19:30:31+00:00\" \/>\n<meta property=\"article:modified_time\" content=\"2024-07-11T19:30:32+00:00\" \/>\n<meta property=\"og:image\" content=\"https:\/\/radiohuancayo.com.pe\/wp54\/wp-content\/uploads\/2024\/07\/image-42.png\" \/>\n\t<meta property=\"og:image:width\" content=\"1200\" \/>\n\t<meta property=\"og:image:height\" content=\"675\" \/>\n\t<meta property=\"og:image:type\" content=\"image\/png\" \/>\n<meta name=\"author\" content=\"admin\" \/>\n<meta name=\"twitter:card\" content=\"summary_large_image\" \/>\n<meta name=\"twitter:label1\" content=\"Escrito por\" \/>\n\t<meta name=\"twitter:data1\" content=\"admin\" \/>\n\t<meta name=\"twitter:label2\" content=\"Tiempo de lectura\" \/>\n\t<meta name=\"twitter:data2\" content=\"2 minutos\" \/>\n<script type=\"application\/ld+json\" class=\"yoast-schema-graph\">{\"@context\":\"https:\\\/\\\/schema.org\",\"@graph\":[{\"@type\":\"Article\",\"@id\":\"https:\\\/\\\/radiohuancayo.com.pe\\\/wp54\\\/yahaira-plasencia-anuncia-fecha-de-estreno-de-la-vida-es-una-fiesta-su-nueva-cancion-con-wisin\\\/#article\",\"isPartOf\":{\"@id\":\"https:\\\/\\\/radiohuancayo.com.pe\\\/wp54\\\/yahaira-plasencia-anuncia-fecha-de-estreno-de-la-vida-es-una-fiesta-su-nueva-cancion-con-wisin\\\/\"},\"author\":{\"name\":\"admin\",\"@id\":\"https:\\\/\\\/radiohuancayo.com.pe\\\/wp54\\\/#\\\/schema\\\/person\\\/53e7c63df918deff345a30606cbf878c\"},\"headline\":\"Yahaira Plasencia anuncia fecha de estreno de &#8216;La vida es una fiesta&#8217;, su nueva canci\u00f3n con Wisin\",\"datePublished\":\"2024-07-11T19:30:31+00:00\",\"dateModified\":\"2024-07-11T19:30:32+00:00\",\"mainEntityOfPage\":{\"@id\":\"https:\\\/\\\/radiohuancayo.com.pe\\\/wp54\\\/yahaira-plasencia-anuncia-fecha-de-estreno-de-la-vida-es-una-fiesta-su-nueva-cancion-con-wisin\\\/\"},\"wordCount\":234,\"commentCount\":0,\"publisher\":{\"@id\":\"https:\\\/\\\/radiohuancayo.com.pe\\\/wp54\\\/#organization\"},\"image\":{\"@id\":\"https:\\\/\\\/radiohuancayo.com.pe\\\/wp54\\\/yahaira-plasencia-anuncia-fecha-de-estreno-de-la-vida-es-una-fiesta-su-nueva-cancion-con-wisin\\\/#primaryimage\"},\"thumbnailUrl\":\"https:\\\/\\\/radiohuancayo.com.pe\\\/wp54\\\/wp-content\\\/uploads\\\/2024\\\/07\\\/image-42.png\",\"articleSection\":[\"Espect\u00e1culos\"],\"inLanguage\":\"es\",\"potentialAction\":[{\"@type\":\"CommentAction\",\"name\":\"Comment\",\"target\":[\"https:\\\/\\\/radiohuancayo.com.pe\\\/wp54\\\/yahaira-plasencia-anuncia-fecha-de-estreno-de-la-vida-es-una-fiesta-su-nueva-cancion-con-wisin\\\/#respond\"]}]},{\"@type\":\"WebPage\",\"@id\":\"https:\\\/\\\/radiohuancayo.com.pe\\\/wp54\\\/yahaira-plasencia-anuncia-fecha-de-estreno-de-la-vida-es-una-fiesta-su-nueva-cancion-con-wisin\\\/\",\"url\":\"https:\\\/\\\/radiohuancayo.com.pe\\\/wp54\\\/yahaira-plasencia-anuncia-fecha-de-estreno-de-la-vida-es-una-fiesta-su-nueva-cancion-con-wisin\\\/\",\"name\":\"Yahaira Plasencia anuncia fecha de estreno de 'La vida es una fiesta', su nueva canci\u00f3n con Wisin - Radio Huancayo\",\"isPartOf\":{\"@id\":\"https:\\\/\\\/radiohuancayo.com.pe\\\/wp54\\\/#website\"},\"primaryImageOfPage\":{\"@id\":\"https:\\\/\\\/radiohuancayo.com.pe\\\/wp54\\\/yahaira-plasencia-anuncia-fecha-de-estreno-de-la-vida-es-una-fiesta-su-nueva-cancion-con-wisin\\\/#primaryimage\"},\"image\":{\"@id\":\"https:\\\/\\\/radiohuancayo.com.pe\\\/wp54\\\/yahaira-plasencia-anuncia-fecha-de-estreno-de-la-vida-es-una-fiesta-su-nueva-cancion-con-wisin\\\/#primaryimage\"},\"thumbnailUrl\":\"https:\\\/\\\/radiohuancayo.com.pe\\\/wp54\\\/wp-content\\\/uploads\\\/2024\\\/07\\\/image-42.png\",\"datePublished\":\"2024-07-11T19:30:31+00:00\",\"dateModified\":\"2024-07-11T19:30:32+00:00\",\"breadcrumb\":{\"@id\":\"https:\\\/\\\/radiohuancayo.com.pe\\\/wp54\\\/yahaira-plasencia-anuncia-fecha-de-estreno-de-la-vida-es-una-fiesta-su-nueva-cancion-con-wisin\\\/#breadcrumb\"},\"inLanguage\":\"es\",\"potentialAction\":[{\"@type\":\"ReadAction\",\"target\":[\"https:\\\/\\\/radiohuancayo.com.pe\\\/wp54\\\/yahaira-plasencia-anuncia-fecha-de-estreno-de-la-vida-es-una-fiesta-su-nueva-cancion-con-wisin\\\/\"]}]},{\"@type\":\"ImageObject\",\"inLanguage\":\"es\",\"@id\":\"https:\\\/\\\/radiohuancayo.com.pe\\\/wp54\\\/yahaira-plasencia-anuncia-fecha-de-estreno-de-la-vida-es-una-fiesta-su-nueva-cancion-con-wisin\\\/#primaryimage\",\"url\":\"https:\\\/\\\/radiohuancayo.com.pe\\\/wp54\\\/wp-content\\\/uploads\\\/2024\\\/07\\\/image-42.png\",\"contentUrl\":\"https:\\\/\\\/radiohuancayo.com.pe\\\/wp54\\\/wp-content\\\/uploads\\\/2024\\\/07\\\/image-42.png\",\"width\":1200,\"height\":675},{\"@type\":\"BreadcrumbList\",\"@id\":\"https:\\\/\\\/radiohuancayo.com.pe\\\/wp54\\\/yahaira-plasencia-anuncia-fecha-de-estreno-de-la-vida-es-una-fiesta-su-nueva-cancion-con-wisin\\\/#breadcrumb\",\"itemListElement\":[{\"@type\":\"ListItem\",\"position\":1,\"name\":\"Portada\",\"item\":\"https:\\\/\\\/radiohuancayo.com.pe\\\/wp54\\\/\"},{\"@type\":\"ListItem\",\"position\":2,\"name\":\"Yahaira Plasencia anuncia fecha de estreno de &#8216;La vida es una fiesta&#8217;, su nueva canci\u00f3n con Wisin\"}]},{\"@type\":\"WebSite\",\"@id\":\"https:\\\/\\\/radiohuancayo.com.pe\\\/wp54\\\/#website\",\"url\":\"https:\\\/\\\/radiohuancayo.com.pe\\\/wp54\\\/\",\"name\":\"Radio Huancayo\",\"description\":\"me gusta!!!\",\"publisher\":{\"@id\":\"https:\\\/\\\/radiohuancayo.com.pe\\\/wp54\\\/#organization\"},\"potentialAction\":[{\"@type\":\"SearchAction\",\"target\":{\"@type\":\"EntryPoint\",\"urlTemplate\":\"https:\\\/\\\/radiohuancayo.com.pe\\\/wp54\\\/?s={search_term_string}\"},\"query-input\":{\"@type\":\"PropertyValueSpecification\",\"valueRequired\":true,\"valueName\":\"search_term_string\"}}],\"inLanguage\":\"es\"},{\"@type\":\"Organization\",\"@id\":\"https:\\\/\\\/radiohuancayo.com.pe\\\/wp54\\\/#organization\",\"name\":\"Radio Huancayo\",\"url\":\"https:\\\/\\\/radiohuancayo.com.pe\\\/wp54\\\/\",\"logo\":{\"@type\":\"ImageObject\",\"inLanguage\":\"es\",\"@id\":\"https:\\\/\\\/radiohuancayo.com.pe\\\/wp54\\\/#\\\/schema\\\/logo\\\/image\\\/\",\"url\":\"https:\\\/\\\/radiohuancayo.com.pe\\\/wp54\\\/wp-content\\\/uploads\\\/2022\\\/04\\\/CABE01.png\",\"contentUrl\":\"https:\\\/\\\/radiohuancayo.com.pe\\\/wp54\\\/wp-content\\\/uploads\\\/2022\\\/04\\\/CABE01.png\",\"width\":1640,\"height\":300,\"caption\":\"Radio Huancayo\"},\"image\":{\"@id\":\"https:\\\/\\\/radiohuancayo.com.pe\\\/wp54\\\/#\\\/schema\\\/logo\\\/image\\\/\"}},{\"@type\":\"Person\",\"@id\":\"https:\\\/\\\/radiohuancayo.com.pe\\\/wp54\\\/#\\\/schema\\\/person\\\/53e7c63df918deff345a30606cbf878c\",\"name\":\"admin\",\"image\":{\"@type\":\"ImageObject\",\"inLanguage\":\"es\",\"@id\":\"https:\\\/\\\/secure.gravatar.com\\\/avatar\\\/3d9af84154e8f14d0ba4f62aa2abc4fcd3ee42a1c034539c08ef7c5615f414cb?s=96&d=mm&r=g\",\"url\":\"https:\\\/\\\/secure.gravatar.com\\\/avatar\\\/3d9af84154e8f14d0ba4f62aa2abc4fcd3ee42a1c034539c08ef7c5615f414cb?s=96&d=mm&r=g\",\"contentUrl\":\"https:\\\/\\\/secure.gravatar.com\\\/avatar\\\/3d9af84154e8f14d0ba4f62aa2abc4fcd3ee42a1c034539c08ef7c5615f414cb?s=96&d=mm&r=g\",\"caption\":\"admin\"},\"sameAs\":[\"https:\\\/\\\/radiohuancayo.com.pe\\\/wp54\"],\"url\":\"https:\\\/\\\/radiohuancayo.com.pe\\\/wp54\\\/author\\\/admin\\\/\"}]}<\/script>\n<!-- \/ Yoast SEO plugin. -->","yoast_head_json":{"title":"Yahaira Plasencia anuncia fecha de estreno de 'La vida es una fiesta', su nueva canci\u00f3n con Wisin - Radio Huancayo","robots":{"index":"index","follow":"follow","max-snippet":"max-snippet:-1","max-image-preview":"max-image-preview:large","max-video-preview":"max-video-preview:-1"},"canonical":"https:\/\/radiohuancayo.com.pe\/wp54\/yahaira-plasencia-anuncia-fecha-de-estreno-de-la-vida-es-una-fiesta-su-nueva-cancion-con-wisin\/","og_locale":"es_ES","og_type":"article","og_title":"Yahaira Plasencia anuncia fecha de estreno de 'La vida es una fiesta', su nueva canci\u00f3n con Wisin - Radio Huancayo","og_description":"Ya es un hecho.\u00a0Yahaira Plasencia y Wisin\u00a0unir\u00e1n sus voces para el tema\u00a0La vida es una fiesta, bajo la producci\u00f3n de\u00a0Sergio George. Esta canci\u00f3n forma parte del nuevo \u00e1lbum\u00a0Ataca Sergio&#8217; present Urban Salsa Sessions\u00a0y se lanzar\u00e1 en las plataformas el\u00a024 de julio.\u00a0 La int\u00e9rprete expres\u00f3 su agradecimiento tras trabajar con uno de los grandes exponentes del g\u00e9nero urbano. \u00abEstoy muy agradecida con\u00a0Wisin\u00a0y\u00a0Sergio\u00a0por haberme invitado a formar parte de este tema. Es un paso importante en mi carrera y tambi\u00e9n significa un logro para el pa\u00eds, pues es una ventana para todo el talento nacional\u00bb, se lee en el comunicado de prensa donde prometi\u00f3 revolucionar la salsa urbana.\u00a0 Por otro lado,\u00a0Sergio George\u00a0asegur\u00f3 que\u00a0La vida es una fiesta\u00a0ser\u00e1 un \u00ab\u00e9xito mundial\u00bb: \u00abEs la primera vez que lanzamos algo con Wisin, \u00e9l es un cantante al que respeto y admiro, y todo este proceso de producci\u00f3n ha sido maravilloso, el estudio ha sido una fiesta. Llegamos con un g\u00e9nero de gran acogida en Latinoam\u00e9rica, estamos seguros de que ser\u00e1 un hit mundial\u00bb, coment\u00f3.\u00a0 Si bien algunos han criticado a\u00a0Yahaira Plasencia, sus fans pidieron que apoyen el talento peruano que est\u00e1 dando frutos en lo internacional.","og_url":"https:\/\/radiohuancayo.com.pe\/wp54\/yahaira-plasencia-anuncia-fecha-de-estreno-de-la-vida-es-una-fiesta-su-nueva-cancion-con-wisin\/","og_site_name":"Radio Huancayo","article_published_time":"2024-07-11T19:30:31+00:00","article_modified_time":"2024-07-11T19:30:32+00:00","og_image":[{"width":1200,"height":675,"url":"https:\/\/radiohuancayo.com.pe\/wp54\/wp-content\/uploads\/2024\/07\/image-42.png","type":"image\/png"}],"author":"admin","twitter_card":"summary_large_image","twitter_misc":{"Escrito por":"admin","Tiempo de lectura":"2 minutos"},"schema":{"@context":"https:\/\/schema.org","@graph":[{"@type":"Article","@id":"https:\/\/radiohuancayo.com.pe\/wp54\/yahaira-plasencia-anuncia-fecha-de-estreno-de-la-vida-es-una-fiesta-su-nueva-cancion-con-wisin\/#article","isPartOf":{"@id":"https:\/\/radiohuancayo.com.pe\/wp54\/yahaira-plasencia-anuncia-fecha-de-estreno-de-la-vida-es-una-fiesta-su-nueva-cancion-con-wisin\/"},"author":{"name":"admin","@id":"https:\/\/radiohuancayo.com.pe\/wp54\/#\/schema\/person\/53e7c63df918deff345a30606cbf878c"},"headline":"Yahaira Plasencia anuncia fecha de estreno de &#8216;La vida es una fiesta&#8217;, su nueva canci\u00f3n con Wisin","datePublished":"2024-07-11T19:30:31+00:00","dateModified":"2024-07-11T19:30:32+00:00","mainEntityOfPage":{"@id":"https:\/\/radiohuancayo.com.pe\/wp54\/yahaira-plasencia-anuncia-fecha-de-estreno-de-la-vida-es-una-fiesta-su-nueva-cancion-con-wisin\/"},"wordCount":234,"commentCount":0,"publisher":{"@id":"https:\/\/radiohuancayo.com.pe\/wp54\/#organization"},"image":{"@id":"https:\/\/radiohuancayo.com.pe\/wp54\/yahaira-plasencia-anuncia-fecha-de-estreno-de-la-vida-es-una-fiesta-su-nueva-cancion-con-wisin\/#primaryimage"},"thumbnailUrl":"https:\/\/radiohuancayo.com.pe\/wp54\/wp-content\/uploads\/2024\/07\/image-42.png","articleSection":["Espect\u00e1culos"],"inLanguage":"es","potentialAction":[{"@type":"CommentAction","name":"Comment","target":["https:\/\/radiohuancayo.com.pe\/wp54\/yahaira-plasencia-anuncia-fecha-de-estreno-de-la-vida-es-una-fiesta-su-nueva-cancion-con-wisin\/#respond"]}]},{"@type":"WebPage","@id":"https:\/\/radiohuancayo.com.pe\/wp54\/yahaira-plasencia-anuncia-fecha-de-estreno-de-la-vida-es-una-fiesta-su-nueva-cancion-con-wisin\/","url":"https:\/\/radiohuancayo.com.pe\/wp54\/yahaira-plasencia-anuncia-fecha-de-estreno-de-la-vida-es-una-fiesta-su-nueva-cancion-con-wisin\/","name":"Yahaira Plasencia anuncia fecha de estreno de 'La vida es una fiesta', su nueva canci\u00f3n con Wisin - Radio Huancayo","isPartOf":{"@id":"https:\/\/radiohuancayo.com.pe\/wp54\/#website"},"primaryImageOfPage":{"@id":"https:\/\/radiohuancayo.com.pe\/wp54\/yahaira-plasencia-anuncia-fecha-de-estreno-de-la-vida-es-una-fiesta-su-nueva-cancion-con-wisin\/#primaryimage"},"image":{"@id":"https:\/\/radiohuancayo.com.pe\/wp54\/yahaira-plasencia-anuncia-fecha-de-estreno-de-la-vida-es-una-fiesta-su-nueva-cancion-con-wisin\/#primaryimage"},"thumbnailUrl":"https:\/\/radiohuancayo.com.pe\/wp54\/wp-content\/uploads\/2024\/07\/image-42.png","datePublished":"2024-07-11T19:30:31+00:00","dateModified":"2024-07-11T19:30:32+00:00","breadcrumb":{"@id":"https:\/\/radiohuancayo.com.pe\/wp54\/yahaira-plasencia-anuncia-fecha-de-estreno-de-la-vida-es-una-fiesta-su-nueva-cancion-con-wisin\/#breadcrumb"},"inLanguage":"es","potentialAction":[{"@type":"ReadAction","target":["https:\/\/radiohuancayo.com.pe\/wp54\/yahaira-plasencia-anuncia-fecha-de-estreno-de-la-vida-es-una-fiesta-su-nueva-cancion-con-wisin\/"]}]},{"@type":"ImageObject","inLanguage":"es","@id":"https:\/\/radiohuancayo.com.pe\/wp54\/yahaira-plasencia-anuncia-fecha-de-estreno-de-la-vida-es-una-fiesta-su-nueva-cancion-con-wisin\/#primaryimage","url":"https:\/\/radiohuancayo.com.pe\/wp54\/wp-content\/uploads\/2024\/07\/image-42.png","contentUrl":"https:\/\/radiohuancayo.com.pe\/wp54\/wp-content\/uploads\/2024\/07\/image-42.png","width":1200,"height":675},{"@type":"BreadcrumbList","@id":"https:\/\/radiohuancayo.com.pe\/wp54\/yahaira-plasencia-anuncia-fecha-de-estreno-de-la-vida-es-una-fiesta-su-nueva-cancion-con-wisin\/#breadcrumb","itemListElement":[{"@type":"ListItem","position":1,"name":"Portada","item":"https:\/\/radiohuancayo.com.pe\/wp54\/"},{"@type":"ListItem","position":2,"name":"Yahaira Plasencia anuncia fecha de estreno de &#8216;La vida es una fiesta&#8217;, su nueva canci\u00f3n con Wisin"}]},{"@type":"WebSite","@id":"https:\/\/radiohuancayo.com.pe\/wp54\/#website","url":"https:\/\/radiohuancayo.com.pe\/wp54\/","name":"Radio Huancayo","description":"me gusta!!!","publisher":{"@id":"https:\/\/radiohuancayo.com.pe\/wp54\/#organization"},"potentialAction":[{"@type":"SearchAction","target":{"@type":"EntryPoint","urlTemplate":"https:\/\/radiohuancayo.com.pe\/wp54\/?s={search_term_string}"},"query-input":{"@type":"PropertyValueSpecification","valueRequired":true,"valueName":"search_term_string"}}],"inLanguage":"es"},{"@type":"Organization","@id":"https:\/\/radiohuancayo.com.pe\/wp54\/#organization","name":"Radio Huancayo","url":"https:\/\/radiohuancayo.com.pe\/wp54\/","logo":{"@type":"ImageObject","inLanguage":"es","@id":"https:\/\/radiohuancayo.com.pe\/wp54\/#\/schema\/logo\/image\/","url":"https:\/\/radiohuancayo.com.pe\/wp54\/wp-content\/uploads\/2022\/04\/CABE01.png","contentUrl":"https:\/\/radiohuancayo.com.pe\/wp54\/wp-content\/uploads\/2022\/04\/CABE01.png","width":1640,"height":300,"caption":"Radio Huancayo"},"image":{"@id":"https:\/\/radiohuancayo.com.pe\/wp54\/#\/schema\/logo\/image\/"}},{"@type":"Person","@id":"https:\/\/radiohuancayo.com.pe\/wp54\/#\/schema\/person\/53e7c63df918deff345a30606cbf878c","name":"admin","image":{"@type":"ImageObject","inLanguage":"es","@id":"https:\/\/secure.gravatar.com\/avatar\/3d9af84154e8f14d0ba4f62aa2abc4fcd3ee42a1c034539c08ef7c5615f414cb?s=96&d=mm&r=g","url":"https:\/\/secure.gravatar.com\/avatar\/3d9af84154e8f14d0ba4f62aa2abc4fcd3ee42a1c034539c08ef7c5615f414cb?s=96&d=mm&r=g","contentUrl":"https:\/\/secure.gravatar.com\/avatar\/3d9af84154e8f14d0ba4f62aa2abc4fcd3ee42a1c034539c08ef7c5615f414cb?s=96&d=mm&r=g","caption":"admin"},"sameAs":["https:\/\/radiohuancayo.com.pe\/wp54"],"url":"https:\/\/radiohuancayo.com.pe\/wp54\/author\/admin\/"}]}},"_links":{"self":[{"href":"https:\/\/radiohuancayo.com.pe\/wp54\/wp-json\/wp\/v2\/posts\/27168","targetHints":{"allow":["GET"]}}],"collection":[{"href":"https:\/\/radiohuancayo.com.pe\/wp54\/wp-json\/wp\/v2\/posts"}],"about":[{"href":"https:\/\/radiohuancayo.com.pe\/wp54\/wp-json\/wp\/v2\/types\/post"}],"author":[{"embeddable":true,"href":"https:\/\/radiohuancayo.com.pe\/wp54\/wp-json\/wp\/v2\/users\/1"}],"replies":[{"embeddable":true,"href":"https:\/\/radiohuancayo.com.pe\/wp54\/wp-json\/wp\/v2\/comments?post=27168"}],"version-history":[{"count":1,"href":"https:\/\/radiohuancayo.com.pe\/wp54\/wp-json\/wp\/v2\/posts\/27168\/revisions"}],"predecessor-version":[{"id":27170,"href":"https:\/\/radiohuancayo.com.pe\/wp54\/wp-json\/wp\/v2\/posts\/27168\/revisions\/27170"}],"wp:featuredmedia":[{"embeddable":true,"href":"https:\/\/radiohuancayo.com.pe\/wp54\/wp-json\/wp\/v2\/media\/27169"}],"wp:attachment":[{"href":"https:\/\/radiohuancayo.com.pe\/wp54\/wp-json\/wp\/v2\/media?parent=27168"}],"wp:term":[{"taxonomy":"category","embeddable":true,"href":"https:\/\/radiohuancayo.com.pe\/wp54\/wp-json\/wp\/v2\/categories?post=27168"},{"taxonomy":"post_tag","embeddable":true,"href":"https:\/\/radiohuancayo.com.pe\/wp54\/wp-json\/wp\/v2\/tags?post=27168"}],"curies":[{"name":"wp","href":"https:\/\/api.w.org\/{rel}","templated":true}]}}