{"id":27200,"date":"2024-07-13T10:01:44","date_gmt":"2024-07-13T15:01:44","guid":{"rendered":"https:\/\/radiohuancayo.com.pe\/wp54\/?p=27200"},"modified":"2024-07-13T10:01:45","modified_gmt":"2024-07-13T15:01:45","slug":"universitario-de-deportes-pone-a-la-venta-el-album-de-su-centenario-100-anos-de-historia-para-coleccionar","status":"publish","type":"post","link":"https:\/\/radiohuancayo.com.pe\/wp54\/universitario-de-deportes-pone-a-la-venta-el-album-de-su-centenario-100-anos-de-historia-para-coleccionar\/","title":{"rendered":"Universitario de Deportes pone a la venta el \u00e1lbum de su centenario: 100 a\u00f1os de historia para coleccionar"},"content":{"rendered":"\n<p>Universitario de Deportes se encuentra en pleno proceso de preparaci\u00f3n para celebrar su centenario el pr\u00f3ximo 7 de agosto. Con una serie de eventos y actividades programadas, el club&nbsp;<strong>pretende honrar sus 100 a\u00f1os de historia<\/strong>. Una de las colaboraciones m\u00e1s destacadas es con Panini, quienes<strong>&nbsp;lanzar\u00e1n un \u00e1lbum conmemorativo<\/strong>.<\/p>\n\n\n\n<h3 class=\"wp-block-heading\"><em><strong>\u00c1lbum del centenario de la &#8216;U&#8217;<\/strong><\/em><\/h3>\n\n\n\n<p>Dentro de las celebraciones, la empresa Tai Loy ha anunciado el lanzamiento de un<strong>\u00a0\u00e1lbum conmemorativo del centenario de Universitario de Deportes<\/strong>, producido por Panini, reconocida mundialmente por sus colecciones de\u00a0stickers.<\/p>\n\n\n\n<p>Este \u00e1lbum promete ser una pieza de colecci\u00f3n invaluable para los seguidores de Universitario de Deportes, permiti\u00e9ndoles revivir momentos ic\u00f3nicos del club a trav\u00e9s de sus p\u00e1ginas.<\/p>\n\n\n\n<p>La grabaci\u00f3n promocional lanzado por Panini en colaboraci\u00f3n con el equipo de Ate ha generado gran expectativa entre los hinchas. En el clip se muestra un adelanto de la colaboraci\u00f3n, manteniendo en suspenso el dise\u00f1o final de la portada del \u00e1lbum, que se revelar\u00e1 en los pr\u00f3ximos d\u00edas o incluso horas.\u00a0<\/p>\n","protected":false},"excerpt":{"rendered":"<p>Universitario de Deportes se encuentra en pleno proceso de preparaci\u00f3n para celebrar su centenario el pr\u00f3ximo 7 de agosto. Con una serie de eventos y actividades programadas, el club&nbsp;pretende honrar sus 100 a\u00f1os de historia. Una de las colaboraciones m\u00e1s destacadas es con Panini, quienes&nbsp;lanzar\u00e1n un \u00e1lbum conmemorativo. \u00c1lbum del centenario de la &#8216;U&#8217; Dentro de las celebraciones, la empresa Tai Loy ha anunciado el lanzamiento de un\u00a0\u00e1lbum conmemorativo del centenario de Universitario de Deportes, producido por Panini, reconocida mundialmente por sus colecciones de\u00a0stickers. Este \u00e1lbum promete ser una pieza de colecci\u00f3n invaluable para los seguidores de Universitario de Deportes, permiti\u00e9ndoles revivir momentos ic\u00f3nicos del club a trav\u00e9s de sus p\u00e1ginas. La grabaci\u00f3n promocional lanzado por Panini en colaboraci\u00f3n con el equipo de Ate ha generado gran expectativa entre los hinchas. En el clip se muestra un adelanto de la colaboraci\u00f3n, manteniendo en suspenso el dise\u00f1o final de la portada del \u00e1lbum, que se revelar\u00e1 en los pr\u00f3ximos d\u00edas o incluso horas.\u00a0<\/p>\n","protected":false},"author":1,"featured_media":27201,"comment_status":"open","ping_status":"open","sticky":false,"template":"","format":"standard","meta":{"footnotes":""},"categories":[22,20],"tags":[],"class_list":["post-27200","post","type-post","status-publish","format-standard","has-post-thumbnail","hentry","category-portada","category-tendencia"],"yoast_head":"<!-- This site is optimized with the Yoast SEO plugin v27.5 - https:\/\/yoast.com\/product\/yoast-seo-wordpress\/ -->\n<title>Universitario de Deportes pone a la venta el \u00e1lbum de su centenario: 100 a\u00f1os de historia para coleccionar - Radio Huancayo<\/title>\n<meta name=\"robots\" content=\"index, follow, max-snippet:-1, max-image-preview:large, max-video-preview:-1\" \/>\n<link rel=\"canonical\" href=\"https:\/\/radiohuancayo.com.pe\/wp54\/universitario-de-deportes-pone-a-la-venta-el-album-de-su-centenario-100-anos-de-historia-para-coleccionar\/\" \/>\n<meta property=\"og:locale\" content=\"es_ES\" \/>\n<meta property=\"og:type\" content=\"article\" \/>\n<meta property=\"og:title\" content=\"Universitario de Deportes pone a la venta el \u00e1lbum de su centenario: 100 a\u00f1os de historia para coleccionar - Radio Huancayo\" \/>\n<meta property=\"og:description\" content=\"Universitario de Deportes se encuentra en pleno proceso de preparaci\u00f3n para celebrar su centenario el pr\u00f3ximo 7 de agosto. Con una serie de eventos y actividades programadas, el club&nbsp;pretende honrar sus 100 a\u00f1os de historia. Una de las colaboraciones m\u00e1s destacadas es con Panini, quienes&nbsp;lanzar\u00e1n un \u00e1lbum conmemorativo. \u00c1lbum del centenario de la &#8216;U&#8217; Dentro de las celebraciones, la empresa Tai Loy ha anunciado el lanzamiento de un\u00a0\u00e1lbum conmemorativo del centenario de Universitario de Deportes, producido por Panini, reconocida mundialmente por sus colecciones de\u00a0stickers. Este \u00e1lbum promete ser una pieza de colecci\u00f3n invaluable para los seguidores de Universitario de Deportes, permiti\u00e9ndoles revivir momentos ic\u00f3nicos del club a trav\u00e9s de sus p\u00e1ginas. La grabaci\u00f3n promocional lanzado por Panini en colaboraci\u00f3n con el equipo de Ate ha generado gran expectativa entre los hinchas. En el clip se muestra un adelanto de la colaboraci\u00f3n, manteniendo en suspenso el dise\u00f1o final de la portada del \u00e1lbum, que se revelar\u00e1 en los pr\u00f3ximos d\u00edas o incluso horas.\u00a0\" \/>\n<meta property=\"og:url\" content=\"https:\/\/radiohuancayo.com.pe\/wp54\/universitario-de-deportes-pone-a-la-venta-el-album-de-su-centenario-100-anos-de-historia-para-coleccionar\/\" \/>\n<meta property=\"og:site_name\" content=\"Radio Huancayo\" \/>\n<meta property=\"article:published_time\" content=\"2024-07-13T15:01:44+00:00\" \/>\n<meta property=\"article:modified_time\" content=\"2024-07-13T15:01:45+00:00\" \/>\n<meta property=\"og:image\" content=\"https:\/\/radiohuancayo.com.pe\/wp54\/wp-content\/uploads\/2024\/07\/image-51.png\" \/>\n\t<meta property=\"og:image:width\" content=\"940\" \/>\n\t<meta property=\"og:image:height\" content=\"492\" \/>\n\t<meta property=\"og:image:type\" content=\"image\/png\" \/>\n<meta name=\"author\" content=\"admin\" \/>\n<meta name=\"twitter:card\" content=\"summary_large_image\" \/>\n<meta name=\"twitter:label1\" content=\"Escrito por\" \/>\n\t<meta name=\"twitter:data1\" content=\"admin\" \/>\n\t<meta name=\"twitter:label2\" content=\"Tiempo de lectura\" \/>\n\t<meta name=\"twitter:data2\" content=\"1 minuto\" \/>\n<script type=\"application\/ld+json\" class=\"yoast-schema-graph\">{\"@context\":\"https:\\\/\\\/schema.org\",\"@graph\":[{\"@type\":\"Article\",\"@id\":\"https:\\\/\\\/radiohuancayo.com.pe\\\/wp54\\\/universitario-de-deportes-pone-a-la-venta-el-album-de-su-centenario-100-anos-de-historia-para-coleccionar\\\/#article\",\"isPartOf\":{\"@id\":\"https:\\\/\\\/radiohuancayo.com.pe\\\/wp54\\\/universitario-de-deportes-pone-a-la-venta-el-album-de-su-centenario-100-anos-de-historia-para-coleccionar\\\/\"},\"author\":{\"name\":\"admin\",\"@id\":\"https:\\\/\\\/radiohuancayo.com.pe\\\/wp54\\\/#\\\/schema\\\/person\\\/53e7c63df918deff345a30606cbf878c\"},\"headline\":\"Universitario de Deportes pone a la venta el \u00e1lbum de su centenario: 100 a\u00f1os de historia para coleccionar\",\"datePublished\":\"2024-07-13T15:01:44+00:00\",\"dateModified\":\"2024-07-13T15:01:45+00:00\",\"mainEntityOfPage\":{\"@id\":\"https:\\\/\\\/radiohuancayo.com.pe\\\/wp54\\\/universitario-de-deportes-pone-a-la-venta-el-album-de-su-centenario-100-anos-de-historia-para-coleccionar\\\/\"},\"wordCount\":200,\"commentCount\":0,\"publisher\":{\"@id\":\"https:\\\/\\\/radiohuancayo.com.pe\\\/wp54\\\/#organization\"},\"image\":{\"@id\":\"https:\\\/\\\/radiohuancayo.com.pe\\\/wp54\\\/universitario-de-deportes-pone-a-la-venta-el-album-de-su-centenario-100-anos-de-historia-para-coleccionar\\\/#primaryimage\"},\"thumbnailUrl\":\"https:\\\/\\\/radiohuancayo.com.pe\\\/wp54\\\/wp-content\\\/uploads\\\/2024\\\/07\\\/image-51.png\",\"articleSection\":[\"Portada\",\"Tendencia\"],\"inLanguage\":\"es\",\"potentialAction\":[{\"@type\":\"CommentAction\",\"name\":\"Comment\",\"target\":[\"https:\\\/\\\/radiohuancayo.com.pe\\\/wp54\\\/universitario-de-deportes-pone-a-la-venta-el-album-de-su-centenario-100-anos-de-historia-para-coleccionar\\\/#respond\"]}]},{\"@type\":\"WebPage\",\"@id\":\"https:\\\/\\\/radiohuancayo.com.pe\\\/wp54\\\/universitario-de-deportes-pone-a-la-venta-el-album-de-su-centenario-100-anos-de-historia-para-coleccionar\\\/\",\"url\":\"https:\\\/\\\/radiohuancayo.com.pe\\\/wp54\\\/universitario-de-deportes-pone-a-la-venta-el-album-de-su-centenario-100-anos-de-historia-para-coleccionar\\\/\",\"name\":\"Universitario de Deportes pone a la venta el \u00e1lbum de su centenario: 100 a\u00f1os de historia para coleccionar - Radio Huancayo\",\"isPartOf\":{\"@id\":\"https:\\\/\\\/radiohuancayo.com.pe\\\/wp54\\\/#website\"},\"primaryImageOfPage\":{\"@id\":\"https:\\\/\\\/radiohuancayo.com.pe\\\/wp54\\\/universitario-de-deportes-pone-a-la-venta-el-album-de-su-centenario-100-anos-de-historia-para-coleccionar\\\/#primaryimage\"},\"image\":{\"@id\":\"https:\\\/\\\/radiohuancayo.com.pe\\\/wp54\\\/universitario-de-deportes-pone-a-la-venta-el-album-de-su-centenario-100-anos-de-historia-para-coleccionar\\\/#primaryimage\"},\"thumbnailUrl\":\"https:\\\/\\\/radiohuancayo.com.pe\\\/wp54\\\/wp-content\\\/uploads\\\/2024\\\/07\\\/image-51.png\",\"datePublished\":\"2024-07-13T15:01:44+00:00\",\"dateModified\":\"2024-07-13T15:01:45+00:00\",\"breadcrumb\":{\"@id\":\"https:\\\/\\\/radiohuancayo.com.pe\\\/wp54\\\/universitario-de-deportes-pone-a-la-venta-el-album-de-su-centenario-100-anos-de-historia-para-coleccionar\\\/#breadcrumb\"},\"inLanguage\":\"es\",\"potentialAction\":[{\"@type\":\"ReadAction\",\"target\":[\"https:\\\/\\\/radiohuancayo.com.pe\\\/wp54\\\/universitario-de-deportes-pone-a-la-venta-el-album-de-su-centenario-100-anos-de-historia-para-coleccionar\\\/\"]}]},{\"@type\":\"ImageObject\",\"inLanguage\":\"es\",\"@id\":\"https:\\\/\\\/radiohuancayo.com.pe\\\/wp54\\\/universitario-de-deportes-pone-a-la-venta-el-album-de-su-centenario-100-anos-de-historia-para-coleccionar\\\/#primaryimage\",\"url\":\"https:\\\/\\\/radiohuancayo.com.pe\\\/wp54\\\/wp-content\\\/uploads\\\/2024\\\/07\\\/image-51.png\",\"contentUrl\":\"https:\\\/\\\/radiohuancayo.com.pe\\\/wp54\\\/wp-content\\\/uploads\\\/2024\\\/07\\\/image-51.png\",\"width\":940,\"height\":492},{\"@type\":\"BreadcrumbList\",\"@id\":\"https:\\\/\\\/radiohuancayo.com.pe\\\/wp54\\\/universitario-de-deportes-pone-a-la-venta-el-album-de-su-centenario-100-anos-de-historia-para-coleccionar\\\/#breadcrumb\",\"itemListElement\":[{\"@type\":\"ListItem\",\"position\":1,\"name\":\"Portada\",\"item\":\"https:\\\/\\\/radiohuancayo.com.pe\\\/wp54\\\/\"},{\"@type\":\"ListItem\",\"position\":2,\"name\":\"Universitario de Deportes pone a la venta el \u00e1lbum de su centenario: 100 a\u00f1os de historia para coleccionar\"}]},{\"@type\":\"WebSite\",\"@id\":\"https:\\\/\\\/radiohuancayo.com.pe\\\/wp54\\\/#website\",\"url\":\"https:\\\/\\\/radiohuancayo.com.pe\\\/wp54\\\/\",\"name\":\"Radio Huancayo\",\"description\":\"me gusta!!!\",\"publisher\":{\"@id\":\"https:\\\/\\\/radiohuancayo.com.pe\\\/wp54\\\/#organization\"},\"potentialAction\":[{\"@type\":\"SearchAction\",\"target\":{\"@type\":\"EntryPoint\",\"urlTemplate\":\"https:\\\/\\\/radiohuancayo.com.pe\\\/wp54\\\/?s={search_term_string}\"},\"query-input\":{\"@type\":\"PropertyValueSpecification\",\"valueRequired\":true,\"valueName\":\"search_term_string\"}}],\"inLanguage\":\"es\"},{\"@type\":\"Organization\",\"@id\":\"https:\\\/\\\/radiohuancayo.com.pe\\\/wp54\\\/#organization\",\"name\":\"Radio Huancayo\",\"url\":\"https:\\\/\\\/radiohuancayo.com.pe\\\/wp54\\\/\",\"logo\":{\"@type\":\"ImageObject\",\"inLanguage\":\"es\",\"@id\":\"https:\\\/\\\/radiohuancayo.com.pe\\\/wp54\\\/#\\\/schema\\\/logo\\\/image\\\/\",\"url\":\"https:\\\/\\\/radiohuancayo.com.pe\\\/wp54\\\/wp-content\\\/uploads\\\/2022\\\/04\\\/CABE01.png\",\"contentUrl\":\"https:\\\/\\\/radiohuancayo.com.pe\\\/wp54\\\/wp-content\\\/uploads\\\/2022\\\/04\\\/CABE01.png\",\"width\":1640,\"height\":300,\"caption\":\"Radio Huancayo\"},\"image\":{\"@id\":\"https:\\\/\\\/radiohuancayo.com.pe\\\/wp54\\\/#\\\/schema\\\/logo\\\/image\\\/\"}},{\"@type\":\"Person\",\"@id\":\"https:\\\/\\\/radiohuancayo.com.pe\\\/wp54\\\/#\\\/schema\\\/person\\\/53e7c63df918deff345a30606cbf878c\",\"name\":\"admin\",\"image\":{\"@type\":\"ImageObject\",\"inLanguage\":\"es\",\"@id\":\"https:\\\/\\\/secure.gravatar.com\\\/avatar\\\/3d9af84154e8f14d0ba4f62aa2abc4fcd3ee42a1c034539c08ef7c5615f414cb?s=96&d=mm&r=g\",\"url\":\"https:\\\/\\\/secure.gravatar.com\\\/avatar\\\/3d9af84154e8f14d0ba4f62aa2abc4fcd3ee42a1c034539c08ef7c5615f414cb?s=96&d=mm&r=g\",\"contentUrl\":\"https:\\\/\\\/secure.gravatar.com\\\/avatar\\\/3d9af84154e8f14d0ba4f62aa2abc4fcd3ee42a1c034539c08ef7c5615f414cb?s=96&d=mm&r=g\",\"caption\":\"admin\"},\"sameAs\":[\"https:\\\/\\\/radiohuancayo.com.pe\\\/wp54\"],\"url\":\"https:\\\/\\\/radiohuancayo.com.pe\\\/wp54\\\/author\\\/admin\\\/\"}]}<\/script>\n<!-- \/ Yoast SEO plugin. -->","yoast_head_json":{"title":"Universitario de Deportes pone a la venta el \u00e1lbum de su centenario: 100 a\u00f1os de historia para coleccionar - Radio Huancayo","robots":{"index":"index","follow":"follow","max-snippet":"max-snippet:-1","max-image-preview":"max-image-preview:large","max-video-preview":"max-video-preview:-1"},"canonical":"https:\/\/radiohuancayo.com.pe\/wp54\/universitario-de-deportes-pone-a-la-venta-el-album-de-su-centenario-100-anos-de-historia-para-coleccionar\/","og_locale":"es_ES","og_type":"article","og_title":"Universitario de Deportes pone a la venta el \u00e1lbum de su centenario: 100 a\u00f1os de historia para coleccionar - Radio Huancayo","og_description":"Universitario de Deportes se encuentra en pleno proceso de preparaci\u00f3n para celebrar su centenario el pr\u00f3ximo 7 de agosto. Con una serie de eventos y actividades programadas, el club&nbsp;pretende honrar sus 100 a\u00f1os de historia. Una de las colaboraciones m\u00e1s destacadas es con Panini, quienes&nbsp;lanzar\u00e1n un \u00e1lbum conmemorativo. \u00c1lbum del centenario de la &#8216;U&#8217; Dentro de las celebraciones, la empresa Tai Loy ha anunciado el lanzamiento de un\u00a0\u00e1lbum conmemorativo del centenario de Universitario de Deportes, producido por Panini, reconocida mundialmente por sus colecciones de\u00a0stickers. Este \u00e1lbum promete ser una pieza de colecci\u00f3n invaluable para los seguidores de Universitario de Deportes, permiti\u00e9ndoles revivir momentos ic\u00f3nicos del club a trav\u00e9s de sus p\u00e1ginas. La grabaci\u00f3n promocional lanzado por Panini en colaboraci\u00f3n con el equipo de Ate ha generado gran expectativa entre los hinchas. En el clip se muestra un adelanto de la colaboraci\u00f3n, manteniendo en suspenso el dise\u00f1o final de la portada del \u00e1lbum, que se revelar\u00e1 en los pr\u00f3ximos d\u00edas o incluso horas.\u00a0","og_url":"https:\/\/radiohuancayo.com.pe\/wp54\/universitario-de-deportes-pone-a-la-venta-el-album-de-su-centenario-100-anos-de-historia-para-coleccionar\/","og_site_name":"Radio Huancayo","article_published_time":"2024-07-13T15:01:44+00:00","article_modified_time":"2024-07-13T15:01:45+00:00","og_image":[{"width":940,"height":492,"url":"https:\/\/radiohuancayo.com.pe\/wp54\/wp-content\/uploads\/2024\/07\/image-51.png","type":"image\/png"}],"author":"admin","twitter_card":"summary_large_image","twitter_misc":{"Escrito por":"admin","Tiempo de lectura":"1 minuto"},"schema":{"@context":"https:\/\/schema.org","@graph":[{"@type":"Article","@id":"https:\/\/radiohuancayo.com.pe\/wp54\/universitario-de-deportes-pone-a-la-venta-el-album-de-su-centenario-100-anos-de-historia-para-coleccionar\/#article","isPartOf":{"@id":"https:\/\/radiohuancayo.com.pe\/wp54\/universitario-de-deportes-pone-a-la-venta-el-album-de-su-centenario-100-anos-de-historia-para-coleccionar\/"},"author":{"name":"admin","@id":"https:\/\/radiohuancayo.com.pe\/wp54\/#\/schema\/person\/53e7c63df918deff345a30606cbf878c"},"headline":"Universitario de Deportes pone a la venta el \u00e1lbum de su centenario: 100 a\u00f1os de historia para coleccionar","datePublished":"2024-07-13T15:01:44+00:00","dateModified":"2024-07-13T15:01:45+00:00","mainEntityOfPage":{"@id":"https:\/\/radiohuancayo.com.pe\/wp54\/universitario-de-deportes-pone-a-la-venta-el-album-de-su-centenario-100-anos-de-historia-para-coleccionar\/"},"wordCount":200,"commentCount":0,"publisher":{"@id":"https:\/\/radiohuancayo.com.pe\/wp54\/#organization"},"image":{"@id":"https:\/\/radiohuancayo.com.pe\/wp54\/universitario-de-deportes-pone-a-la-venta-el-album-de-su-centenario-100-anos-de-historia-para-coleccionar\/#primaryimage"},"thumbnailUrl":"https:\/\/radiohuancayo.com.pe\/wp54\/wp-content\/uploads\/2024\/07\/image-51.png","articleSection":["Portada","Tendencia"],"inLanguage":"es","potentialAction":[{"@type":"CommentAction","name":"Comment","target":["https:\/\/radiohuancayo.com.pe\/wp54\/universitario-de-deportes-pone-a-la-venta-el-album-de-su-centenario-100-anos-de-historia-para-coleccionar\/#respond"]}]},{"@type":"WebPage","@id":"https:\/\/radiohuancayo.com.pe\/wp54\/universitario-de-deportes-pone-a-la-venta-el-album-de-su-centenario-100-anos-de-historia-para-coleccionar\/","url":"https:\/\/radiohuancayo.com.pe\/wp54\/universitario-de-deportes-pone-a-la-venta-el-album-de-su-centenario-100-anos-de-historia-para-coleccionar\/","name":"Universitario de Deportes pone a la venta el \u00e1lbum de su centenario: 100 a\u00f1os de historia para coleccionar - Radio Huancayo","isPartOf":{"@id":"https:\/\/radiohuancayo.com.pe\/wp54\/#website"},"primaryImageOfPage":{"@id":"https:\/\/radiohuancayo.com.pe\/wp54\/universitario-de-deportes-pone-a-la-venta-el-album-de-su-centenario-100-anos-de-historia-para-coleccionar\/#primaryimage"},"image":{"@id":"https:\/\/radiohuancayo.com.pe\/wp54\/universitario-de-deportes-pone-a-la-venta-el-album-de-su-centenario-100-anos-de-historia-para-coleccionar\/#primaryimage"},"thumbnailUrl":"https:\/\/radiohuancayo.com.pe\/wp54\/wp-content\/uploads\/2024\/07\/image-51.png","datePublished":"2024-07-13T15:01:44+00:00","dateModified":"2024-07-13T15:01:45+00:00","breadcrumb":{"@id":"https:\/\/radiohuancayo.com.pe\/wp54\/universitario-de-deportes-pone-a-la-venta-el-album-de-su-centenario-100-anos-de-historia-para-coleccionar\/#breadcrumb"},"inLanguage":"es","potentialAction":[{"@type":"ReadAction","target":["https:\/\/radiohuancayo.com.pe\/wp54\/universitario-de-deportes-pone-a-la-venta-el-album-de-su-centenario-100-anos-de-historia-para-coleccionar\/"]}]},{"@type":"ImageObject","inLanguage":"es","@id":"https:\/\/radiohuancayo.com.pe\/wp54\/universitario-de-deportes-pone-a-la-venta-el-album-de-su-centenario-100-anos-de-historia-para-coleccionar\/#primaryimage","url":"https:\/\/radiohuancayo.com.pe\/wp54\/wp-content\/uploads\/2024\/07\/image-51.png","contentUrl":"https:\/\/radiohuancayo.com.pe\/wp54\/wp-content\/uploads\/2024\/07\/image-51.png","width":940,"height":492},{"@type":"BreadcrumbList","@id":"https:\/\/radiohuancayo.com.pe\/wp54\/universitario-de-deportes-pone-a-la-venta-el-album-de-su-centenario-100-anos-de-historia-para-coleccionar\/#breadcrumb","itemListElement":[{"@type":"ListItem","position":1,"name":"Portada","item":"https:\/\/radiohuancayo.com.pe\/wp54\/"},{"@type":"ListItem","position":2,"name":"Universitario de Deportes pone a la venta el \u00e1lbum de su centenario: 100 a\u00f1os de historia para coleccionar"}]},{"@type":"WebSite","@id":"https:\/\/radiohuancayo.com.pe\/wp54\/#website","url":"https:\/\/radiohuancayo.com.pe\/wp54\/","name":"Radio Huancayo","description":"me gusta!!!","publisher":{"@id":"https:\/\/radiohuancayo.com.pe\/wp54\/#organization"},"potentialAction":[{"@type":"SearchAction","target":{"@type":"EntryPoint","urlTemplate":"https:\/\/radiohuancayo.com.pe\/wp54\/?s={search_term_string}"},"query-input":{"@type":"PropertyValueSpecification","valueRequired":true,"valueName":"search_term_string"}}],"inLanguage":"es"},{"@type":"Organization","@id":"https:\/\/radiohuancayo.com.pe\/wp54\/#organization","name":"Radio Huancayo","url":"https:\/\/radiohuancayo.com.pe\/wp54\/","logo":{"@type":"ImageObject","inLanguage":"es","@id":"https:\/\/radiohuancayo.com.pe\/wp54\/#\/schema\/logo\/image\/","url":"https:\/\/radiohuancayo.com.pe\/wp54\/wp-content\/uploads\/2022\/04\/CABE01.png","contentUrl":"https:\/\/radiohuancayo.com.pe\/wp54\/wp-content\/uploads\/2022\/04\/CABE01.png","width":1640,"height":300,"caption":"Radio Huancayo"},"image":{"@id":"https:\/\/radiohuancayo.com.pe\/wp54\/#\/schema\/logo\/image\/"}},{"@type":"Person","@id":"https:\/\/radiohuancayo.com.pe\/wp54\/#\/schema\/person\/53e7c63df918deff345a30606cbf878c","name":"admin","image":{"@type":"ImageObject","inLanguage":"es","@id":"https:\/\/secure.gravatar.com\/avatar\/3d9af84154e8f14d0ba4f62aa2abc4fcd3ee42a1c034539c08ef7c5615f414cb?s=96&d=mm&r=g","url":"https:\/\/secure.gravatar.com\/avatar\/3d9af84154e8f14d0ba4f62aa2abc4fcd3ee42a1c034539c08ef7c5615f414cb?s=96&d=mm&r=g","contentUrl":"https:\/\/secure.gravatar.com\/avatar\/3d9af84154e8f14d0ba4f62aa2abc4fcd3ee42a1c034539c08ef7c5615f414cb?s=96&d=mm&r=g","caption":"admin"},"sameAs":["https:\/\/radiohuancayo.com.pe\/wp54"],"url":"https:\/\/radiohuancayo.com.pe\/wp54\/author\/admin\/"}]}},"_links":{"self":[{"href":"https:\/\/radiohuancayo.com.pe\/wp54\/wp-json\/wp\/v2\/posts\/27200","targetHints":{"allow":["GET"]}}],"collection":[{"href":"https:\/\/radiohuancayo.com.pe\/wp54\/wp-json\/wp\/v2\/posts"}],"about":[{"href":"https:\/\/radiohuancayo.com.pe\/wp54\/wp-json\/wp\/v2\/types\/post"}],"author":[{"embeddable":true,"href":"https:\/\/radiohuancayo.com.pe\/wp54\/wp-json\/wp\/v2\/users\/1"}],"replies":[{"embeddable":true,"href":"https:\/\/radiohuancayo.com.pe\/wp54\/wp-json\/wp\/v2\/comments?post=27200"}],"version-history":[{"count":1,"href":"https:\/\/radiohuancayo.com.pe\/wp54\/wp-json\/wp\/v2\/posts\/27200\/revisions"}],"predecessor-version":[{"id":27202,"href":"https:\/\/radiohuancayo.com.pe\/wp54\/wp-json\/wp\/v2\/posts\/27200\/revisions\/27202"}],"wp:featuredmedia":[{"embeddable":true,"href":"https:\/\/radiohuancayo.com.pe\/wp54\/wp-json\/wp\/v2\/media\/27201"}],"wp:attachment":[{"href":"https:\/\/radiohuancayo.com.pe\/wp54\/wp-json\/wp\/v2\/media?parent=27200"}],"wp:term":[{"taxonomy":"category","embeddable":true,"href":"https:\/\/radiohuancayo.com.pe\/wp54\/wp-json\/wp\/v2\/categories?post=27200"},{"taxonomy":"post_tag","embeddable":true,"href":"https:\/\/radiohuancayo.com.pe\/wp54\/wp-json\/wp\/v2\/tags?post=27200"}],"curies":[{"name":"wp","href":"https:\/\/api.w.org\/{rel}","templated":true}]}}