{"id":27218,"date":"2024-07-13T11:30:45","date_gmt":"2024-07-13T16:30:45","guid":{"rendered":"https:\/\/radiohuancayo.com.pe\/wp54\/?p=27218"},"modified":"2024-07-13T11:30:46","modified_gmt":"2024-07-13T16:30:46","slug":"se-suma-a-shakira-karol-g-cantara-el-himno-de-colombia-en-la-gran-final-de-la-copa-america-ante-argentina","status":"publish","type":"post","link":"https:\/\/radiohuancayo.com.pe\/wp54\/se-suma-a-shakira-karol-g-cantara-el-himno-de-colombia-en-la-gran-final-de-la-copa-america-ante-argentina\/","title":{"rendered":"Se suma a Shakira: Karol G cantar\u00e1 el himno de Colombia en la gran final de la Copa Am\u00e9rica ante Argentina"},"content":{"rendered":"\n<p>Quedan pocas horas para que&nbsp;<strong>Colombia y Argentina<\/strong>&nbsp;se enfrenten en la gran final de la&nbsp;<strong>Copa Am\u00e9rica&nbsp;<\/strong>este domingo 14 de julio a las 7:00 p.m. en la ciudad de Miami. Por ello, la fiesta completa se va confirmando luego de conocerse que&nbsp;<strong>Karol G<\/strong>&nbsp;ser\u00e1 la encargada de entonar el himno colombiano en la ceremonia protocolar.<\/p>\n\n\n\n<p>La famosa reguetonera no ser\u00e1 la \u00fanica artistas en este trascendental encuentro, pues\u00a0<strong>Conmebol\u00a0<\/strong>confirm\u00f3 que\u00a0Shakira\u00a0ser\u00e1 la principal figura para que le ponga el toque musical durante el medio tiempo del cotejo.<\/p>\n\n\n\n<h3 class=\"wp-block-heading\"><em><strong>La Bichota en la casa<\/strong><\/em><\/h3>\n\n\n\n<p>Como ya es costumbre en los grandes eventos deportivos del mundo, artistas identificados con los pa\u00edses clasificados se encargan de entonar ante el p\u00fablico asistente y los millones de televidentes, las notas de su himno nacional. Por ello,\u00a0<strong>Karol G\u00a0<\/strong>ser\u00e1 la elegida por la organizaci\u00f3n, seg\u00fan lo informado por el diario Ol\u00e9 de Argentina.<\/p>\n\n\n\n<p>Es importante precisar que la\u00a0cantante urbana\u00a0es una fiel seguidora de su equipo nacional por lo que ha celebrado cada una de sus victorias en sus redes sociales.<\/p>\n\n\n\n<p>Por otro lado, el int\u00e9rprete Abel Pintos estar\u00e1 junto a los jugadores argentinos para hacerse cargo de su respectivo himno nacional tal como lo hizo Lali Esposito en la final del Mundial de Qatar 2022.<\/p>\n","protected":false},"excerpt":{"rendered":"<p>Quedan pocas horas para que&nbsp;Colombia y Argentina&nbsp;se enfrenten en la gran final de la&nbsp;Copa Am\u00e9rica&nbsp;este domingo 14 de julio a las 7:00 p.m. en la ciudad de Miami. Por ello, la fiesta completa se va confirmando luego de conocerse que&nbsp;Karol G&nbsp;ser\u00e1 la encargada de entonar el himno colombiano en la ceremonia protocolar. La famosa reguetonera no ser\u00e1 la \u00fanica artistas en este trascendental encuentro, pues\u00a0Conmebol\u00a0confirm\u00f3 que\u00a0Shakira\u00a0ser\u00e1 la principal figura para que le ponga el toque musical durante el medio tiempo del cotejo. La Bichota en la casa Como ya es costumbre en los grandes eventos deportivos del mundo, artistas identificados con los pa\u00edses clasificados se encargan de entonar ante el p\u00fablico asistente y los millones de televidentes, las notas de su himno nacional. Por ello,\u00a0Karol G\u00a0ser\u00e1 la elegida por la organizaci\u00f3n, seg\u00fan lo informado por el diario Ol\u00e9 de Argentina. Es importante precisar que la\u00a0cantante urbana\u00a0es una fiel seguidora de su equipo nacional por lo que ha celebrado cada una de sus victorias en sus redes sociales. Por otro lado, el int\u00e9rprete Abel Pintos estar\u00e1 junto a los jugadores argentinos para hacerse cargo de su respectivo himno nacional tal como lo hizo Lali Esposito en la final del Mundial de Qatar 2022.<\/p>\n","protected":false},"author":1,"featured_media":27220,"comment_status":"open","ping_status":"open","sticky":false,"template":"","format":"standard","meta":{"footnotes":""},"categories":[8,22],"tags":[],"class_list":["post-27218","post","type-post","status-publish","format-standard","has-post-thumbnail","hentry","category-espectaculos","category-portada"],"yoast_head":"<!-- This site is optimized with the Yoast SEO plugin v27.5 - https:\/\/yoast.com\/product\/yoast-seo-wordpress\/ -->\n<title>Se suma a Shakira: Karol G cantar\u00e1 el himno de Colombia en la gran final de la Copa Am\u00e9rica ante Argentina - Radio Huancayo<\/title>\n<meta name=\"robots\" content=\"index, follow, max-snippet:-1, max-image-preview:large, max-video-preview:-1\" \/>\n<link rel=\"canonical\" href=\"https:\/\/radiohuancayo.com.pe\/wp54\/se-suma-a-shakira-karol-g-cantara-el-himno-de-colombia-en-la-gran-final-de-la-copa-america-ante-argentina\/\" \/>\n<meta property=\"og:locale\" content=\"es_ES\" \/>\n<meta property=\"og:type\" content=\"article\" \/>\n<meta property=\"og:title\" content=\"Se suma a Shakira: Karol G cantar\u00e1 el himno de Colombia en la gran final de la Copa Am\u00e9rica ante Argentina - Radio Huancayo\" \/>\n<meta property=\"og:description\" content=\"Quedan pocas horas para que&nbsp;Colombia y Argentina&nbsp;se enfrenten en la gran final de la&nbsp;Copa Am\u00e9rica&nbsp;este domingo 14 de julio a las 7:00 p.m. en la ciudad de Miami. Por ello, la fiesta completa se va confirmando luego de conocerse que&nbsp;Karol G&nbsp;ser\u00e1 la encargada de entonar el himno colombiano en la ceremonia protocolar. La famosa reguetonera no ser\u00e1 la \u00fanica artistas en este trascendental encuentro, pues\u00a0Conmebol\u00a0confirm\u00f3 que\u00a0Shakira\u00a0ser\u00e1 la principal figura para que le ponga el toque musical durante el medio tiempo del cotejo. La Bichota en la casa Como ya es costumbre en los grandes eventos deportivos del mundo, artistas identificados con los pa\u00edses clasificados se encargan de entonar ante el p\u00fablico asistente y los millones de televidentes, las notas de su himno nacional. Por ello,\u00a0Karol G\u00a0ser\u00e1 la elegida por la organizaci\u00f3n, seg\u00fan lo informado por el diario Ol\u00e9 de Argentina. Es importante precisar que la\u00a0cantante urbana\u00a0es una fiel seguidora de su equipo nacional por lo que ha celebrado cada una de sus victorias en sus redes sociales. Por otro lado, el int\u00e9rprete Abel Pintos estar\u00e1 junto a los jugadores argentinos para hacerse cargo de su respectivo himno nacional tal como lo hizo Lali Esposito en la final del Mundial de Qatar 2022.\" \/>\n<meta property=\"og:url\" content=\"https:\/\/radiohuancayo.com.pe\/wp54\/se-suma-a-shakira-karol-g-cantara-el-himno-de-colombia-en-la-gran-final-de-la-copa-america-ante-argentina\/\" \/>\n<meta property=\"og:site_name\" content=\"Radio Huancayo\" \/>\n<meta property=\"article:published_time\" content=\"2024-07-13T16:30:45+00:00\" \/>\n<meta property=\"article:modified_time\" content=\"2024-07-13T16:30:46+00:00\" \/>\n<meta property=\"og:image\" content=\"https:\/\/radiohuancayo.com.pe\/wp54\/wp-content\/uploads\/2024\/07\/image-56.png\" \/>\n\t<meta property=\"og:image:width\" content=\"940\" \/>\n\t<meta property=\"og:image:height\" content=\"492\" \/>\n\t<meta property=\"og:image:type\" content=\"image\/png\" \/>\n<meta name=\"author\" content=\"admin\" \/>\n<meta name=\"twitter:card\" content=\"summary_large_image\" \/>\n<meta name=\"twitter:label1\" content=\"Escrito por\" \/>\n\t<meta name=\"twitter:data1\" content=\"admin\" \/>\n\t<meta name=\"twitter:label2\" content=\"Tiempo de lectura\" \/>\n\t<meta name=\"twitter:data2\" content=\"2 minutos\" \/>\n<script type=\"application\/ld+json\" class=\"yoast-schema-graph\">{\"@context\":\"https:\\\/\\\/schema.org\",\"@graph\":[{\"@type\":\"Article\",\"@id\":\"https:\\\/\\\/radiohuancayo.com.pe\\\/wp54\\\/se-suma-a-shakira-karol-g-cantara-el-himno-de-colombia-en-la-gran-final-de-la-copa-america-ante-argentina\\\/#article\",\"isPartOf\":{\"@id\":\"https:\\\/\\\/radiohuancayo.com.pe\\\/wp54\\\/se-suma-a-shakira-karol-g-cantara-el-himno-de-colombia-en-la-gran-final-de-la-copa-america-ante-argentina\\\/\"},\"author\":{\"name\":\"admin\",\"@id\":\"https:\\\/\\\/radiohuancayo.com.pe\\\/wp54\\\/#\\\/schema\\\/person\\\/53e7c63df918deff345a30606cbf878c\"},\"headline\":\"Se suma a Shakira: Karol G cantar\u00e1 el himno de Colombia en la gran final de la Copa Am\u00e9rica ante Argentina\",\"datePublished\":\"2024-07-13T16:30:45+00:00\",\"dateModified\":\"2024-07-13T16:30:46+00:00\",\"mainEntityOfPage\":{\"@id\":\"https:\\\/\\\/radiohuancayo.com.pe\\\/wp54\\\/se-suma-a-shakira-karol-g-cantara-el-himno-de-colombia-en-la-gran-final-de-la-copa-america-ante-argentina\\\/\"},\"wordCount\":248,\"commentCount\":0,\"publisher\":{\"@id\":\"https:\\\/\\\/radiohuancayo.com.pe\\\/wp54\\\/#organization\"},\"image\":{\"@id\":\"https:\\\/\\\/radiohuancayo.com.pe\\\/wp54\\\/se-suma-a-shakira-karol-g-cantara-el-himno-de-colombia-en-la-gran-final-de-la-copa-america-ante-argentina\\\/#primaryimage\"},\"thumbnailUrl\":\"https:\\\/\\\/radiohuancayo.com.pe\\\/wp54\\\/wp-content\\\/uploads\\\/2024\\\/07\\\/image-56.png\",\"articleSection\":[\"Espect\u00e1culos\",\"Portada\"],\"inLanguage\":\"es\",\"potentialAction\":[{\"@type\":\"CommentAction\",\"name\":\"Comment\",\"target\":[\"https:\\\/\\\/radiohuancayo.com.pe\\\/wp54\\\/se-suma-a-shakira-karol-g-cantara-el-himno-de-colombia-en-la-gran-final-de-la-copa-america-ante-argentina\\\/#respond\"]}]},{\"@type\":\"WebPage\",\"@id\":\"https:\\\/\\\/radiohuancayo.com.pe\\\/wp54\\\/se-suma-a-shakira-karol-g-cantara-el-himno-de-colombia-en-la-gran-final-de-la-copa-america-ante-argentina\\\/\",\"url\":\"https:\\\/\\\/radiohuancayo.com.pe\\\/wp54\\\/se-suma-a-shakira-karol-g-cantara-el-himno-de-colombia-en-la-gran-final-de-la-copa-america-ante-argentina\\\/\",\"name\":\"Se suma a Shakira: Karol G cantar\u00e1 el himno de Colombia en la gran final de la Copa Am\u00e9rica ante Argentina - Radio Huancayo\",\"isPartOf\":{\"@id\":\"https:\\\/\\\/radiohuancayo.com.pe\\\/wp54\\\/#website\"},\"primaryImageOfPage\":{\"@id\":\"https:\\\/\\\/radiohuancayo.com.pe\\\/wp54\\\/se-suma-a-shakira-karol-g-cantara-el-himno-de-colombia-en-la-gran-final-de-la-copa-america-ante-argentina\\\/#primaryimage\"},\"image\":{\"@id\":\"https:\\\/\\\/radiohuancayo.com.pe\\\/wp54\\\/se-suma-a-shakira-karol-g-cantara-el-himno-de-colombia-en-la-gran-final-de-la-copa-america-ante-argentina\\\/#primaryimage\"},\"thumbnailUrl\":\"https:\\\/\\\/radiohuancayo.com.pe\\\/wp54\\\/wp-content\\\/uploads\\\/2024\\\/07\\\/image-56.png\",\"datePublished\":\"2024-07-13T16:30:45+00:00\",\"dateModified\":\"2024-07-13T16:30:46+00:00\",\"breadcrumb\":{\"@id\":\"https:\\\/\\\/radiohuancayo.com.pe\\\/wp54\\\/se-suma-a-shakira-karol-g-cantara-el-himno-de-colombia-en-la-gran-final-de-la-copa-america-ante-argentina\\\/#breadcrumb\"},\"inLanguage\":\"es\",\"potentialAction\":[{\"@type\":\"ReadAction\",\"target\":[\"https:\\\/\\\/radiohuancayo.com.pe\\\/wp54\\\/se-suma-a-shakira-karol-g-cantara-el-himno-de-colombia-en-la-gran-final-de-la-copa-america-ante-argentina\\\/\"]}]},{\"@type\":\"ImageObject\",\"inLanguage\":\"es\",\"@id\":\"https:\\\/\\\/radiohuancayo.com.pe\\\/wp54\\\/se-suma-a-shakira-karol-g-cantara-el-himno-de-colombia-en-la-gran-final-de-la-copa-america-ante-argentina\\\/#primaryimage\",\"url\":\"https:\\\/\\\/radiohuancayo.com.pe\\\/wp54\\\/wp-content\\\/uploads\\\/2024\\\/07\\\/image-56.png\",\"contentUrl\":\"https:\\\/\\\/radiohuancayo.com.pe\\\/wp54\\\/wp-content\\\/uploads\\\/2024\\\/07\\\/image-56.png\",\"width\":940,\"height\":492},{\"@type\":\"BreadcrumbList\",\"@id\":\"https:\\\/\\\/radiohuancayo.com.pe\\\/wp54\\\/se-suma-a-shakira-karol-g-cantara-el-himno-de-colombia-en-la-gran-final-de-la-copa-america-ante-argentina\\\/#breadcrumb\",\"itemListElement\":[{\"@type\":\"ListItem\",\"position\":1,\"name\":\"Portada\",\"item\":\"https:\\\/\\\/radiohuancayo.com.pe\\\/wp54\\\/\"},{\"@type\":\"ListItem\",\"position\":2,\"name\":\"Se suma a Shakira: Karol G cantar\u00e1 el himno de Colombia en la gran final de la Copa Am\u00e9rica ante Argentina\"}]},{\"@type\":\"WebSite\",\"@id\":\"https:\\\/\\\/radiohuancayo.com.pe\\\/wp54\\\/#website\",\"url\":\"https:\\\/\\\/radiohuancayo.com.pe\\\/wp54\\\/\",\"name\":\"Radio Huancayo\",\"description\":\"me gusta!!!\",\"publisher\":{\"@id\":\"https:\\\/\\\/radiohuancayo.com.pe\\\/wp54\\\/#organization\"},\"potentialAction\":[{\"@type\":\"SearchAction\",\"target\":{\"@type\":\"EntryPoint\",\"urlTemplate\":\"https:\\\/\\\/radiohuancayo.com.pe\\\/wp54\\\/?s={search_term_string}\"},\"query-input\":{\"@type\":\"PropertyValueSpecification\",\"valueRequired\":true,\"valueName\":\"search_term_string\"}}],\"inLanguage\":\"es\"},{\"@type\":\"Organization\",\"@id\":\"https:\\\/\\\/radiohuancayo.com.pe\\\/wp54\\\/#organization\",\"name\":\"Radio Huancayo\",\"url\":\"https:\\\/\\\/radiohuancayo.com.pe\\\/wp54\\\/\",\"logo\":{\"@type\":\"ImageObject\",\"inLanguage\":\"es\",\"@id\":\"https:\\\/\\\/radiohuancayo.com.pe\\\/wp54\\\/#\\\/schema\\\/logo\\\/image\\\/\",\"url\":\"https:\\\/\\\/radiohuancayo.com.pe\\\/wp54\\\/wp-content\\\/uploads\\\/2022\\\/04\\\/CABE01.png\",\"contentUrl\":\"https:\\\/\\\/radiohuancayo.com.pe\\\/wp54\\\/wp-content\\\/uploads\\\/2022\\\/04\\\/CABE01.png\",\"width\":1640,\"height\":300,\"caption\":\"Radio Huancayo\"},\"image\":{\"@id\":\"https:\\\/\\\/radiohuancayo.com.pe\\\/wp54\\\/#\\\/schema\\\/logo\\\/image\\\/\"}},{\"@type\":\"Person\",\"@id\":\"https:\\\/\\\/radiohuancayo.com.pe\\\/wp54\\\/#\\\/schema\\\/person\\\/53e7c63df918deff345a30606cbf878c\",\"name\":\"admin\",\"image\":{\"@type\":\"ImageObject\",\"inLanguage\":\"es\",\"@id\":\"https:\\\/\\\/secure.gravatar.com\\\/avatar\\\/3d9af84154e8f14d0ba4f62aa2abc4fcd3ee42a1c034539c08ef7c5615f414cb?s=96&d=mm&r=g\",\"url\":\"https:\\\/\\\/secure.gravatar.com\\\/avatar\\\/3d9af84154e8f14d0ba4f62aa2abc4fcd3ee42a1c034539c08ef7c5615f414cb?s=96&d=mm&r=g\",\"contentUrl\":\"https:\\\/\\\/secure.gravatar.com\\\/avatar\\\/3d9af84154e8f14d0ba4f62aa2abc4fcd3ee42a1c034539c08ef7c5615f414cb?s=96&d=mm&r=g\",\"caption\":\"admin\"},\"sameAs\":[\"https:\\\/\\\/radiohuancayo.com.pe\\\/wp54\"],\"url\":\"https:\\\/\\\/radiohuancayo.com.pe\\\/wp54\\\/author\\\/admin\\\/\"}]}<\/script>\n<!-- \/ Yoast SEO plugin. -->","yoast_head_json":{"title":"Se suma a Shakira: Karol G cantar\u00e1 el himno de Colombia en la gran final de la Copa Am\u00e9rica ante Argentina - Radio Huancayo","robots":{"index":"index","follow":"follow","max-snippet":"max-snippet:-1","max-image-preview":"max-image-preview:large","max-video-preview":"max-video-preview:-1"},"canonical":"https:\/\/radiohuancayo.com.pe\/wp54\/se-suma-a-shakira-karol-g-cantara-el-himno-de-colombia-en-la-gran-final-de-la-copa-america-ante-argentina\/","og_locale":"es_ES","og_type":"article","og_title":"Se suma a Shakira: Karol G cantar\u00e1 el himno de Colombia en la gran final de la Copa Am\u00e9rica ante Argentina - Radio Huancayo","og_description":"Quedan pocas horas para que&nbsp;Colombia y Argentina&nbsp;se enfrenten en la gran final de la&nbsp;Copa Am\u00e9rica&nbsp;este domingo 14 de julio a las 7:00 p.m. en la ciudad de Miami. Por ello, la fiesta completa se va confirmando luego de conocerse que&nbsp;Karol G&nbsp;ser\u00e1 la encargada de entonar el himno colombiano en la ceremonia protocolar. La famosa reguetonera no ser\u00e1 la \u00fanica artistas en este trascendental encuentro, pues\u00a0Conmebol\u00a0confirm\u00f3 que\u00a0Shakira\u00a0ser\u00e1 la principal figura para que le ponga el toque musical durante el medio tiempo del cotejo. La Bichota en la casa Como ya es costumbre en los grandes eventos deportivos del mundo, artistas identificados con los pa\u00edses clasificados se encargan de entonar ante el p\u00fablico asistente y los millones de televidentes, las notas de su himno nacional. Por ello,\u00a0Karol G\u00a0ser\u00e1 la elegida por la organizaci\u00f3n, seg\u00fan lo informado por el diario Ol\u00e9 de Argentina. Es importante precisar que la\u00a0cantante urbana\u00a0es una fiel seguidora de su equipo nacional por lo que ha celebrado cada una de sus victorias en sus redes sociales. Por otro lado, el int\u00e9rprete Abel Pintos estar\u00e1 junto a los jugadores argentinos para hacerse cargo de su respectivo himno nacional tal como lo hizo Lali Esposito en la final del Mundial de Qatar 2022.","og_url":"https:\/\/radiohuancayo.com.pe\/wp54\/se-suma-a-shakira-karol-g-cantara-el-himno-de-colombia-en-la-gran-final-de-la-copa-america-ante-argentina\/","og_site_name":"Radio Huancayo","article_published_time":"2024-07-13T16:30:45+00:00","article_modified_time":"2024-07-13T16:30:46+00:00","og_image":[{"width":940,"height":492,"url":"https:\/\/radiohuancayo.com.pe\/wp54\/wp-content\/uploads\/2024\/07\/image-56.png","type":"image\/png"}],"author":"admin","twitter_card":"summary_large_image","twitter_misc":{"Escrito por":"admin","Tiempo de lectura":"2 minutos"},"schema":{"@context":"https:\/\/schema.org","@graph":[{"@type":"Article","@id":"https:\/\/radiohuancayo.com.pe\/wp54\/se-suma-a-shakira-karol-g-cantara-el-himno-de-colombia-en-la-gran-final-de-la-copa-america-ante-argentina\/#article","isPartOf":{"@id":"https:\/\/radiohuancayo.com.pe\/wp54\/se-suma-a-shakira-karol-g-cantara-el-himno-de-colombia-en-la-gran-final-de-la-copa-america-ante-argentina\/"},"author":{"name":"admin","@id":"https:\/\/radiohuancayo.com.pe\/wp54\/#\/schema\/person\/53e7c63df918deff345a30606cbf878c"},"headline":"Se suma a Shakira: Karol G cantar\u00e1 el himno de Colombia en la gran final de la Copa Am\u00e9rica ante Argentina","datePublished":"2024-07-13T16:30:45+00:00","dateModified":"2024-07-13T16:30:46+00:00","mainEntityOfPage":{"@id":"https:\/\/radiohuancayo.com.pe\/wp54\/se-suma-a-shakira-karol-g-cantara-el-himno-de-colombia-en-la-gran-final-de-la-copa-america-ante-argentina\/"},"wordCount":248,"commentCount":0,"publisher":{"@id":"https:\/\/radiohuancayo.com.pe\/wp54\/#organization"},"image":{"@id":"https:\/\/radiohuancayo.com.pe\/wp54\/se-suma-a-shakira-karol-g-cantara-el-himno-de-colombia-en-la-gran-final-de-la-copa-america-ante-argentina\/#primaryimage"},"thumbnailUrl":"https:\/\/radiohuancayo.com.pe\/wp54\/wp-content\/uploads\/2024\/07\/image-56.png","articleSection":["Espect\u00e1culos","Portada"],"inLanguage":"es","potentialAction":[{"@type":"CommentAction","name":"Comment","target":["https:\/\/radiohuancayo.com.pe\/wp54\/se-suma-a-shakira-karol-g-cantara-el-himno-de-colombia-en-la-gran-final-de-la-copa-america-ante-argentina\/#respond"]}]},{"@type":"WebPage","@id":"https:\/\/radiohuancayo.com.pe\/wp54\/se-suma-a-shakira-karol-g-cantara-el-himno-de-colombia-en-la-gran-final-de-la-copa-america-ante-argentina\/","url":"https:\/\/radiohuancayo.com.pe\/wp54\/se-suma-a-shakira-karol-g-cantara-el-himno-de-colombia-en-la-gran-final-de-la-copa-america-ante-argentina\/","name":"Se suma a Shakira: Karol G cantar\u00e1 el himno de Colombia en la gran final de la Copa Am\u00e9rica ante Argentina - Radio Huancayo","isPartOf":{"@id":"https:\/\/radiohuancayo.com.pe\/wp54\/#website"},"primaryImageOfPage":{"@id":"https:\/\/radiohuancayo.com.pe\/wp54\/se-suma-a-shakira-karol-g-cantara-el-himno-de-colombia-en-la-gran-final-de-la-copa-america-ante-argentina\/#primaryimage"},"image":{"@id":"https:\/\/radiohuancayo.com.pe\/wp54\/se-suma-a-shakira-karol-g-cantara-el-himno-de-colombia-en-la-gran-final-de-la-copa-america-ante-argentina\/#primaryimage"},"thumbnailUrl":"https:\/\/radiohuancayo.com.pe\/wp54\/wp-content\/uploads\/2024\/07\/image-56.png","datePublished":"2024-07-13T16:30:45+00:00","dateModified":"2024-07-13T16:30:46+00:00","breadcrumb":{"@id":"https:\/\/radiohuancayo.com.pe\/wp54\/se-suma-a-shakira-karol-g-cantara-el-himno-de-colombia-en-la-gran-final-de-la-copa-america-ante-argentina\/#breadcrumb"},"inLanguage":"es","potentialAction":[{"@type":"ReadAction","target":["https:\/\/radiohuancayo.com.pe\/wp54\/se-suma-a-shakira-karol-g-cantara-el-himno-de-colombia-en-la-gran-final-de-la-copa-america-ante-argentina\/"]}]},{"@type":"ImageObject","inLanguage":"es","@id":"https:\/\/radiohuancayo.com.pe\/wp54\/se-suma-a-shakira-karol-g-cantara-el-himno-de-colombia-en-la-gran-final-de-la-copa-america-ante-argentina\/#primaryimage","url":"https:\/\/radiohuancayo.com.pe\/wp54\/wp-content\/uploads\/2024\/07\/image-56.png","contentUrl":"https:\/\/radiohuancayo.com.pe\/wp54\/wp-content\/uploads\/2024\/07\/image-56.png","width":940,"height":492},{"@type":"BreadcrumbList","@id":"https:\/\/radiohuancayo.com.pe\/wp54\/se-suma-a-shakira-karol-g-cantara-el-himno-de-colombia-en-la-gran-final-de-la-copa-america-ante-argentina\/#breadcrumb","itemListElement":[{"@type":"ListItem","position":1,"name":"Portada","item":"https:\/\/radiohuancayo.com.pe\/wp54\/"},{"@type":"ListItem","position":2,"name":"Se suma a Shakira: Karol G cantar\u00e1 el himno de Colombia en la gran final de la Copa Am\u00e9rica ante Argentina"}]},{"@type":"WebSite","@id":"https:\/\/radiohuancayo.com.pe\/wp54\/#website","url":"https:\/\/radiohuancayo.com.pe\/wp54\/","name":"Radio Huancayo","description":"me gusta!!!","publisher":{"@id":"https:\/\/radiohuancayo.com.pe\/wp54\/#organization"},"potentialAction":[{"@type":"SearchAction","target":{"@type":"EntryPoint","urlTemplate":"https:\/\/radiohuancayo.com.pe\/wp54\/?s={search_term_string}"},"query-input":{"@type":"PropertyValueSpecification","valueRequired":true,"valueName":"search_term_string"}}],"inLanguage":"es"},{"@type":"Organization","@id":"https:\/\/radiohuancayo.com.pe\/wp54\/#organization","name":"Radio Huancayo","url":"https:\/\/radiohuancayo.com.pe\/wp54\/","logo":{"@type":"ImageObject","inLanguage":"es","@id":"https:\/\/radiohuancayo.com.pe\/wp54\/#\/schema\/logo\/image\/","url":"https:\/\/radiohuancayo.com.pe\/wp54\/wp-content\/uploads\/2022\/04\/CABE01.png","contentUrl":"https:\/\/radiohuancayo.com.pe\/wp54\/wp-content\/uploads\/2022\/04\/CABE01.png","width":1640,"height":300,"caption":"Radio Huancayo"},"image":{"@id":"https:\/\/radiohuancayo.com.pe\/wp54\/#\/schema\/logo\/image\/"}},{"@type":"Person","@id":"https:\/\/radiohuancayo.com.pe\/wp54\/#\/schema\/person\/53e7c63df918deff345a30606cbf878c","name":"admin","image":{"@type":"ImageObject","inLanguage":"es","@id":"https:\/\/secure.gravatar.com\/avatar\/3d9af84154e8f14d0ba4f62aa2abc4fcd3ee42a1c034539c08ef7c5615f414cb?s=96&d=mm&r=g","url":"https:\/\/secure.gravatar.com\/avatar\/3d9af84154e8f14d0ba4f62aa2abc4fcd3ee42a1c034539c08ef7c5615f414cb?s=96&d=mm&r=g","contentUrl":"https:\/\/secure.gravatar.com\/avatar\/3d9af84154e8f14d0ba4f62aa2abc4fcd3ee42a1c034539c08ef7c5615f414cb?s=96&d=mm&r=g","caption":"admin"},"sameAs":["https:\/\/radiohuancayo.com.pe\/wp54"],"url":"https:\/\/radiohuancayo.com.pe\/wp54\/author\/admin\/"}]}},"_links":{"self":[{"href":"https:\/\/radiohuancayo.com.pe\/wp54\/wp-json\/wp\/v2\/posts\/27218","targetHints":{"allow":["GET"]}}],"collection":[{"href":"https:\/\/radiohuancayo.com.pe\/wp54\/wp-json\/wp\/v2\/posts"}],"about":[{"href":"https:\/\/radiohuancayo.com.pe\/wp54\/wp-json\/wp\/v2\/types\/post"}],"author":[{"embeddable":true,"href":"https:\/\/radiohuancayo.com.pe\/wp54\/wp-json\/wp\/v2\/users\/1"}],"replies":[{"embeddable":true,"href":"https:\/\/radiohuancayo.com.pe\/wp54\/wp-json\/wp\/v2\/comments?post=27218"}],"version-history":[{"count":1,"href":"https:\/\/radiohuancayo.com.pe\/wp54\/wp-json\/wp\/v2\/posts\/27218\/revisions"}],"predecessor-version":[{"id":27221,"href":"https:\/\/radiohuancayo.com.pe\/wp54\/wp-json\/wp\/v2\/posts\/27218\/revisions\/27221"}],"wp:featuredmedia":[{"embeddable":true,"href":"https:\/\/radiohuancayo.com.pe\/wp54\/wp-json\/wp\/v2\/media\/27220"}],"wp:attachment":[{"href":"https:\/\/radiohuancayo.com.pe\/wp54\/wp-json\/wp\/v2\/media?parent=27218"}],"wp:term":[{"taxonomy":"category","embeddable":true,"href":"https:\/\/radiohuancayo.com.pe\/wp54\/wp-json\/wp\/v2\/categories?post=27218"},{"taxonomy":"post_tag","embeddable":true,"href":"https:\/\/radiohuancayo.com.pe\/wp54\/wp-json\/wp\/v2\/tags?post=27218"}],"curies":[{"name":"wp","href":"https:\/\/api.w.org\/{rel}","templated":true}]}}