{"id":27345,"date":"2024-07-23T19:27:41","date_gmt":"2024-07-24T00:27:41","guid":{"rendered":"https:\/\/radiohuancayo.com.pe\/wp54\/?p=27345"},"modified":"2024-07-23T19:27:42","modified_gmt":"2024-07-24T00:27:42","slug":"bomberos-anuncian-paro-nacional-el-24-y-25-de-julio","status":"publish","type":"post","link":"https:\/\/radiohuancayo.com.pe\/wp54\/bomberos-anuncian-paro-nacional-el-24-y-25-de-julio\/","title":{"rendered":"Bomberos anuncian paro nacional el 24 y 25 de julio"},"content":{"rendered":"\n<p>El comandante general del\u00a0Cuerpo de Bomberos, Juan Carlos Morales, asegur\u00f3 este lunes que el paro de 48 horas anunciado por los trabajadores de la Intendencia Nacional de Bomberos del Per\u00fa (INBP) no afectar\u00e1 las labores de emergencia que se dan en cualquier momento del d\u00eda.<\/p>\n\n\n\n<p>\u00abHay muchos sindicalizados que no van a acatar el paro, los hemos llamado a la reflexi\u00f3n, que deber\u00edan trabajar los choferes. Hay que<br>considerar que desde hace tiempo el sindicato viene pidiendo la homologaci\u00f3n de sus sueldos y el pago de sus devengados, pero\u00a0lamentablemente la intendencia no tiene el presupuesto para cubrir esto. Lo que s\u00ed podemos garantizar es que por estas fiestas patrias todo el personal entra en alerta a nivel nacional y sobre esta paralizaci\u00f3n creemos que no a afectar el desenvolvimiento del Cuerpo de Bomberos\u00bb, expres\u00f3.<\/p>\n\n\n\n<p>Morales explic\u00f3 que choferes,&nbsp;<strong>personal administrativo&nbsp;<\/strong>y operadores de emergencia son los que est\u00e1n involucrados en esta medida de protesta. Sin embargo, reiter\u00f3 que los&nbsp;<strong>bomberos&nbsp;<\/strong>de todas maneras cumplir\u00e1n sus labores.&nbsp;<\/p>\n\n\n\n<p>\u00abEl cuerpo de bomberos est\u00e1 garantizando la atenci\u00f3n de las emergencias a nivel nacional. Esta paralizaci\u00f3n s\u00ed afecta a la&nbsp;parte administrativa, tambi\u00e9n hay un grupo de trabajadores que son conductores de los veh\u00edculos del cuerpo de bomberos, que es personal&nbsp;<br>rentado de la intendencia. Sin embargo, los bomberos tambi\u00e9n manejan sus veh\u00edculos, son los que se est\u00e1n comprometiendo a hacer ese trabajo\u00bb, manifest\u00f3.&nbsp;<\/p>\n\n\n\n<h2 class=\"wp-block-heading\">Medida de protesta<\/h2>\n\n\n\n<p>Un grupo de trabajadores de la Intendencia Nacional de Bomberos del Per\u00fa (INBP) anunciaron que acatar\u00e1n un paro nacional de 48 horas los d\u00edas 24 y 25 julio.<\/p>\n\n\n\n<p>Los manifestantes denuncian que la entidad de la cual forman parte ha incumplido con una serie de convenios colectivos y actas.\u00a0<\/p>\n","protected":false},"excerpt":{"rendered":"<p>El comandante general del\u00a0Cuerpo de Bomberos, Juan Carlos Morales, asegur\u00f3 este lunes que el paro de 48 horas anunciado por los trabajadores de la Intendencia Nacional de Bomberos del Per\u00fa (INBP) no afectar\u00e1 las labores de emergencia que se dan en cualquier momento del d\u00eda. \u00abHay muchos sindicalizados que no van a acatar el paro, los hemos llamado a la reflexi\u00f3n, que deber\u00edan trabajar los choferes. Hay queconsiderar que desde hace tiempo el sindicato viene pidiendo la homologaci\u00f3n de sus sueldos y el pago de sus devengados, pero\u00a0lamentablemente la intendencia no tiene el presupuesto para cubrir esto. Lo que s\u00ed podemos garantizar es que por estas fiestas patrias todo el personal entra en alerta a nivel nacional y sobre esta paralizaci\u00f3n creemos que no a afectar el desenvolvimiento del Cuerpo de Bomberos\u00bb, expres\u00f3. Morales explic\u00f3 que choferes,&nbsp;personal administrativo&nbsp;y operadores de emergencia son los que est\u00e1n involucrados en esta medida de protesta. Sin embargo, reiter\u00f3 que los&nbsp;bomberos&nbsp;de todas maneras cumplir\u00e1n sus labores.&nbsp; \u00abEl cuerpo de bomberos est\u00e1 garantizando la atenci\u00f3n de las emergencias a nivel nacional. Esta paralizaci\u00f3n s\u00ed afecta a la&nbsp;parte administrativa, tambi\u00e9n hay un grupo de trabajadores que son conductores de los veh\u00edculos del cuerpo de bomberos, que es personal&nbsp;rentado de la intendencia. Sin embargo, los bomberos tambi\u00e9n manejan sus veh\u00edculos, son los que se est\u00e1n comprometiendo a hacer ese trabajo\u00bb, manifest\u00f3.&nbsp; Medida de protesta Un grupo de trabajadores de la Intendencia Nacional de Bomberos del Per\u00fa (INBP) anunciaron que acatar\u00e1n un paro nacional de 48 horas los d\u00edas 24 y 25 julio. Los manifestantes denuncian que la entidad de la cual forman parte ha incumplido con una serie de convenios colectivos y actas.\u00a0<\/p>\n","protected":false},"author":1,"featured_media":27346,"comment_status":"open","ping_status":"open","sticky":false,"template":"","format":"standard","meta":{"footnotes":""},"categories":[22],"tags":[],"class_list":["post-27345","post","type-post","status-publish","format-standard","has-post-thumbnail","hentry","category-portada"],"yoast_head":"<!-- This site is optimized with the Yoast SEO plugin v27.5 - https:\/\/yoast.com\/product\/yoast-seo-wordpress\/ -->\n<title>Bomberos anuncian paro nacional el 24 y 25 de julio - Radio Huancayo<\/title>\n<meta name=\"robots\" content=\"index, follow, max-snippet:-1, max-image-preview:large, max-video-preview:-1\" \/>\n<link rel=\"canonical\" href=\"https:\/\/radiohuancayo.com.pe\/wp54\/bomberos-anuncian-paro-nacional-el-24-y-25-de-julio\/\" \/>\n<meta property=\"og:locale\" content=\"es_ES\" \/>\n<meta property=\"og:type\" content=\"article\" \/>\n<meta property=\"og:title\" content=\"Bomberos anuncian paro nacional el 24 y 25 de julio - Radio Huancayo\" \/>\n<meta property=\"og:description\" content=\"El comandante general del\u00a0Cuerpo de Bomberos, Juan Carlos Morales, asegur\u00f3 este lunes que el paro de 48 horas anunciado por los trabajadores de la Intendencia Nacional de Bomberos del Per\u00fa (INBP) no afectar\u00e1 las labores de emergencia que se dan en cualquier momento del d\u00eda. \u00abHay muchos sindicalizados que no van a acatar el paro, los hemos llamado a la reflexi\u00f3n, que deber\u00edan trabajar los choferes. Hay queconsiderar que desde hace tiempo el sindicato viene pidiendo la homologaci\u00f3n de sus sueldos y el pago de sus devengados, pero\u00a0lamentablemente la intendencia no tiene el presupuesto para cubrir esto. Lo que s\u00ed podemos garantizar es que por estas fiestas patrias todo el personal entra en alerta a nivel nacional y sobre esta paralizaci\u00f3n creemos que no a afectar el desenvolvimiento del Cuerpo de Bomberos\u00bb, expres\u00f3. Morales explic\u00f3 que choferes,&nbsp;personal administrativo&nbsp;y operadores de emergencia son los que est\u00e1n involucrados en esta medida de protesta. Sin embargo, reiter\u00f3 que los&nbsp;bomberos&nbsp;de todas maneras cumplir\u00e1n sus labores.&nbsp; \u00abEl cuerpo de bomberos est\u00e1 garantizando la atenci\u00f3n de las emergencias a nivel nacional. Esta paralizaci\u00f3n s\u00ed afecta a la&nbsp;parte administrativa, tambi\u00e9n hay un grupo de trabajadores que son conductores de los veh\u00edculos del cuerpo de bomberos, que es personal&nbsp;rentado de la intendencia. Sin embargo, los bomberos tambi\u00e9n manejan sus veh\u00edculos, son los que se est\u00e1n comprometiendo a hacer ese trabajo\u00bb, manifest\u00f3.&nbsp; Medida de protesta Un grupo de trabajadores de la Intendencia Nacional de Bomberos del Per\u00fa (INBP) anunciaron que acatar\u00e1n un paro nacional de 48 horas los d\u00edas 24 y 25 julio. Los manifestantes denuncian que la entidad de la cual forman parte ha incumplido con una serie de convenios colectivos y actas.\u00a0\" \/>\n<meta property=\"og:url\" content=\"https:\/\/radiohuancayo.com.pe\/wp54\/bomberos-anuncian-paro-nacional-el-24-y-25-de-julio\/\" \/>\n<meta property=\"og:site_name\" content=\"Radio Huancayo\" \/>\n<meta property=\"article:published_time\" content=\"2024-07-24T00:27:41+00:00\" \/>\n<meta property=\"article:modified_time\" content=\"2024-07-24T00:27:42+00:00\" \/>\n<meta property=\"og:image\" content=\"https:\/\/radiohuancayo.com.pe\/wp54\/wp-content\/uploads\/2024\/07\/image-74.png\" \/>\n\t<meta property=\"og:image:width\" content=\"1250\" \/>\n\t<meta property=\"og:image:height\" content=\"735\" \/>\n\t<meta property=\"og:image:type\" content=\"image\/png\" \/>\n<meta name=\"author\" content=\"admin\" \/>\n<meta name=\"twitter:card\" content=\"summary_large_image\" \/>\n<meta name=\"twitter:label1\" content=\"Escrito por\" \/>\n\t<meta name=\"twitter:data1\" content=\"admin\" \/>\n\t<meta name=\"twitter:label2\" content=\"Tiempo de lectura\" \/>\n\t<meta name=\"twitter:data2\" content=\"2 minutos\" \/>\n<script type=\"application\/ld+json\" class=\"yoast-schema-graph\">{\"@context\":\"https:\\\/\\\/schema.org\",\"@graph\":[{\"@type\":\"Article\",\"@id\":\"https:\\\/\\\/radiohuancayo.com.pe\\\/wp54\\\/bomberos-anuncian-paro-nacional-el-24-y-25-de-julio\\\/#article\",\"isPartOf\":{\"@id\":\"https:\\\/\\\/radiohuancayo.com.pe\\\/wp54\\\/bomberos-anuncian-paro-nacional-el-24-y-25-de-julio\\\/\"},\"author\":{\"name\":\"admin\",\"@id\":\"https:\\\/\\\/radiohuancayo.com.pe\\\/wp54\\\/#\\\/schema\\\/person\\\/53e7c63df918deff345a30606cbf878c\"},\"headline\":\"Bomberos anuncian paro nacional el 24 y 25 de julio\",\"datePublished\":\"2024-07-24T00:27:41+00:00\",\"dateModified\":\"2024-07-24T00:27:42+00:00\",\"mainEntityOfPage\":{\"@id\":\"https:\\\/\\\/radiohuancayo.com.pe\\\/wp54\\\/bomberos-anuncian-paro-nacional-el-24-y-25-de-julio\\\/\"},\"wordCount\":311,\"commentCount\":0,\"publisher\":{\"@id\":\"https:\\\/\\\/radiohuancayo.com.pe\\\/wp54\\\/#organization\"},\"image\":{\"@id\":\"https:\\\/\\\/radiohuancayo.com.pe\\\/wp54\\\/bomberos-anuncian-paro-nacional-el-24-y-25-de-julio\\\/#primaryimage\"},\"thumbnailUrl\":\"https:\\\/\\\/radiohuancayo.com.pe\\\/wp54\\\/wp-content\\\/uploads\\\/2024\\\/07\\\/image-74.png\",\"articleSection\":[\"Portada\"],\"inLanguage\":\"es\",\"potentialAction\":[{\"@type\":\"CommentAction\",\"name\":\"Comment\",\"target\":[\"https:\\\/\\\/radiohuancayo.com.pe\\\/wp54\\\/bomberos-anuncian-paro-nacional-el-24-y-25-de-julio\\\/#respond\"]}]},{\"@type\":\"WebPage\",\"@id\":\"https:\\\/\\\/radiohuancayo.com.pe\\\/wp54\\\/bomberos-anuncian-paro-nacional-el-24-y-25-de-julio\\\/\",\"url\":\"https:\\\/\\\/radiohuancayo.com.pe\\\/wp54\\\/bomberos-anuncian-paro-nacional-el-24-y-25-de-julio\\\/\",\"name\":\"Bomberos anuncian paro nacional el 24 y 25 de julio - Radio Huancayo\",\"isPartOf\":{\"@id\":\"https:\\\/\\\/radiohuancayo.com.pe\\\/wp54\\\/#website\"},\"primaryImageOfPage\":{\"@id\":\"https:\\\/\\\/radiohuancayo.com.pe\\\/wp54\\\/bomberos-anuncian-paro-nacional-el-24-y-25-de-julio\\\/#primaryimage\"},\"image\":{\"@id\":\"https:\\\/\\\/radiohuancayo.com.pe\\\/wp54\\\/bomberos-anuncian-paro-nacional-el-24-y-25-de-julio\\\/#primaryimage\"},\"thumbnailUrl\":\"https:\\\/\\\/radiohuancayo.com.pe\\\/wp54\\\/wp-content\\\/uploads\\\/2024\\\/07\\\/image-74.png\",\"datePublished\":\"2024-07-24T00:27:41+00:00\",\"dateModified\":\"2024-07-24T00:27:42+00:00\",\"breadcrumb\":{\"@id\":\"https:\\\/\\\/radiohuancayo.com.pe\\\/wp54\\\/bomberos-anuncian-paro-nacional-el-24-y-25-de-julio\\\/#breadcrumb\"},\"inLanguage\":\"es\",\"potentialAction\":[{\"@type\":\"ReadAction\",\"target\":[\"https:\\\/\\\/radiohuancayo.com.pe\\\/wp54\\\/bomberos-anuncian-paro-nacional-el-24-y-25-de-julio\\\/\"]}]},{\"@type\":\"ImageObject\",\"inLanguage\":\"es\",\"@id\":\"https:\\\/\\\/radiohuancayo.com.pe\\\/wp54\\\/bomberos-anuncian-paro-nacional-el-24-y-25-de-julio\\\/#primaryimage\",\"url\":\"https:\\\/\\\/radiohuancayo.com.pe\\\/wp54\\\/wp-content\\\/uploads\\\/2024\\\/07\\\/image-74.png\",\"contentUrl\":\"https:\\\/\\\/radiohuancayo.com.pe\\\/wp54\\\/wp-content\\\/uploads\\\/2024\\\/07\\\/image-74.png\",\"width\":1250,\"height\":735},{\"@type\":\"BreadcrumbList\",\"@id\":\"https:\\\/\\\/radiohuancayo.com.pe\\\/wp54\\\/bomberos-anuncian-paro-nacional-el-24-y-25-de-julio\\\/#breadcrumb\",\"itemListElement\":[{\"@type\":\"ListItem\",\"position\":1,\"name\":\"Portada\",\"item\":\"https:\\\/\\\/radiohuancayo.com.pe\\\/wp54\\\/\"},{\"@type\":\"ListItem\",\"position\":2,\"name\":\"Bomberos anuncian paro nacional el 24 y 25 de julio\"}]},{\"@type\":\"WebSite\",\"@id\":\"https:\\\/\\\/radiohuancayo.com.pe\\\/wp54\\\/#website\",\"url\":\"https:\\\/\\\/radiohuancayo.com.pe\\\/wp54\\\/\",\"name\":\"Radio Huancayo\",\"description\":\"me gusta!!!\",\"publisher\":{\"@id\":\"https:\\\/\\\/radiohuancayo.com.pe\\\/wp54\\\/#organization\"},\"potentialAction\":[{\"@type\":\"SearchAction\",\"target\":{\"@type\":\"EntryPoint\",\"urlTemplate\":\"https:\\\/\\\/radiohuancayo.com.pe\\\/wp54\\\/?s={search_term_string}\"},\"query-input\":{\"@type\":\"PropertyValueSpecification\",\"valueRequired\":true,\"valueName\":\"search_term_string\"}}],\"inLanguage\":\"es\"},{\"@type\":\"Organization\",\"@id\":\"https:\\\/\\\/radiohuancayo.com.pe\\\/wp54\\\/#organization\",\"name\":\"Radio Huancayo\",\"url\":\"https:\\\/\\\/radiohuancayo.com.pe\\\/wp54\\\/\",\"logo\":{\"@type\":\"ImageObject\",\"inLanguage\":\"es\",\"@id\":\"https:\\\/\\\/radiohuancayo.com.pe\\\/wp54\\\/#\\\/schema\\\/logo\\\/image\\\/\",\"url\":\"https:\\\/\\\/radiohuancayo.com.pe\\\/wp54\\\/wp-content\\\/uploads\\\/2022\\\/04\\\/CABE01.png\",\"contentUrl\":\"https:\\\/\\\/radiohuancayo.com.pe\\\/wp54\\\/wp-content\\\/uploads\\\/2022\\\/04\\\/CABE01.png\",\"width\":1640,\"height\":300,\"caption\":\"Radio Huancayo\"},\"image\":{\"@id\":\"https:\\\/\\\/radiohuancayo.com.pe\\\/wp54\\\/#\\\/schema\\\/logo\\\/image\\\/\"}},{\"@type\":\"Person\",\"@id\":\"https:\\\/\\\/radiohuancayo.com.pe\\\/wp54\\\/#\\\/schema\\\/person\\\/53e7c63df918deff345a30606cbf878c\",\"name\":\"admin\",\"image\":{\"@type\":\"ImageObject\",\"inLanguage\":\"es\",\"@id\":\"https:\\\/\\\/secure.gravatar.com\\\/avatar\\\/3d9af84154e8f14d0ba4f62aa2abc4fcd3ee42a1c034539c08ef7c5615f414cb?s=96&d=mm&r=g\",\"url\":\"https:\\\/\\\/secure.gravatar.com\\\/avatar\\\/3d9af84154e8f14d0ba4f62aa2abc4fcd3ee42a1c034539c08ef7c5615f414cb?s=96&d=mm&r=g\",\"contentUrl\":\"https:\\\/\\\/secure.gravatar.com\\\/avatar\\\/3d9af84154e8f14d0ba4f62aa2abc4fcd3ee42a1c034539c08ef7c5615f414cb?s=96&d=mm&r=g\",\"caption\":\"admin\"},\"sameAs\":[\"https:\\\/\\\/radiohuancayo.com.pe\\\/wp54\"],\"url\":\"https:\\\/\\\/radiohuancayo.com.pe\\\/wp54\\\/author\\\/admin\\\/\"}]}<\/script>\n<!-- \/ Yoast SEO plugin. -->","yoast_head_json":{"title":"Bomberos anuncian paro nacional el 24 y 25 de julio - Radio Huancayo","robots":{"index":"index","follow":"follow","max-snippet":"max-snippet:-1","max-image-preview":"max-image-preview:large","max-video-preview":"max-video-preview:-1"},"canonical":"https:\/\/radiohuancayo.com.pe\/wp54\/bomberos-anuncian-paro-nacional-el-24-y-25-de-julio\/","og_locale":"es_ES","og_type":"article","og_title":"Bomberos anuncian paro nacional el 24 y 25 de julio - Radio Huancayo","og_description":"El comandante general del\u00a0Cuerpo de Bomberos, Juan Carlos Morales, asegur\u00f3 este lunes que el paro de 48 horas anunciado por los trabajadores de la Intendencia Nacional de Bomberos del Per\u00fa (INBP) no afectar\u00e1 las labores de emergencia que se dan en cualquier momento del d\u00eda. \u00abHay muchos sindicalizados que no van a acatar el paro, los hemos llamado a la reflexi\u00f3n, que deber\u00edan trabajar los choferes. Hay queconsiderar que desde hace tiempo el sindicato viene pidiendo la homologaci\u00f3n de sus sueldos y el pago de sus devengados, pero\u00a0lamentablemente la intendencia no tiene el presupuesto para cubrir esto. Lo que s\u00ed podemos garantizar es que por estas fiestas patrias todo el personal entra en alerta a nivel nacional y sobre esta paralizaci\u00f3n creemos que no a afectar el desenvolvimiento del Cuerpo de Bomberos\u00bb, expres\u00f3. Morales explic\u00f3 que choferes,&nbsp;personal administrativo&nbsp;y operadores de emergencia son los que est\u00e1n involucrados en esta medida de protesta. Sin embargo, reiter\u00f3 que los&nbsp;bomberos&nbsp;de todas maneras cumplir\u00e1n sus labores.&nbsp; \u00abEl cuerpo de bomberos est\u00e1 garantizando la atenci\u00f3n de las emergencias a nivel nacional. Esta paralizaci\u00f3n s\u00ed afecta a la&nbsp;parte administrativa, tambi\u00e9n hay un grupo de trabajadores que son conductores de los veh\u00edculos del cuerpo de bomberos, que es personal&nbsp;rentado de la intendencia. Sin embargo, los bomberos tambi\u00e9n manejan sus veh\u00edculos, son los que se est\u00e1n comprometiendo a hacer ese trabajo\u00bb, manifest\u00f3.&nbsp; Medida de protesta Un grupo de trabajadores de la Intendencia Nacional de Bomberos del Per\u00fa (INBP) anunciaron que acatar\u00e1n un paro nacional de 48 horas los d\u00edas 24 y 25 julio. Los manifestantes denuncian que la entidad de la cual forman parte ha incumplido con una serie de convenios colectivos y actas.\u00a0","og_url":"https:\/\/radiohuancayo.com.pe\/wp54\/bomberos-anuncian-paro-nacional-el-24-y-25-de-julio\/","og_site_name":"Radio Huancayo","article_published_time":"2024-07-24T00:27:41+00:00","article_modified_time":"2024-07-24T00:27:42+00:00","og_image":[{"width":1250,"height":735,"url":"https:\/\/radiohuancayo.com.pe\/wp54\/wp-content\/uploads\/2024\/07\/image-74.png","type":"image\/png"}],"author":"admin","twitter_card":"summary_large_image","twitter_misc":{"Escrito por":"admin","Tiempo de lectura":"2 minutos"},"schema":{"@context":"https:\/\/schema.org","@graph":[{"@type":"Article","@id":"https:\/\/radiohuancayo.com.pe\/wp54\/bomberos-anuncian-paro-nacional-el-24-y-25-de-julio\/#article","isPartOf":{"@id":"https:\/\/radiohuancayo.com.pe\/wp54\/bomberos-anuncian-paro-nacional-el-24-y-25-de-julio\/"},"author":{"name":"admin","@id":"https:\/\/radiohuancayo.com.pe\/wp54\/#\/schema\/person\/53e7c63df918deff345a30606cbf878c"},"headline":"Bomberos anuncian paro nacional el 24 y 25 de julio","datePublished":"2024-07-24T00:27:41+00:00","dateModified":"2024-07-24T00:27:42+00:00","mainEntityOfPage":{"@id":"https:\/\/radiohuancayo.com.pe\/wp54\/bomberos-anuncian-paro-nacional-el-24-y-25-de-julio\/"},"wordCount":311,"commentCount":0,"publisher":{"@id":"https:\/\/radiohuancayo.com.pe\/wp54\/#organization"},"image":{"@id":"https:\/\/radiohuancayo.com.pe\/wp54\/bomberos-anuncian-paro-nacional-el-24-y-25-de-julio\/#primaryimage"},"thumbnailUrl":"https:\/\/radiohuancayo.com.pe\/wp54\/wp-content\/uploads\/2024\/07\/image-74.png","articleSection":["Portada"],"inLanguage":"es","potentialAction":[{"@type":"CommentAction","name":"Comment","target":["https:\/\/radiohuancayo.com.pe\/wp54\/bomberos-anuncian-paro-nacional-el-24-y-25-de-julio\/#respond"]}]},{"@type":"WebPage","@id":"https:\/\/radiohuancayo.com.pe\/wp54\/bomberos-anuncian-paro-nacional-el-24-y-25-de-julio\/","url":"https:\/\/radiohuancayo.com.pe\/wp54\/bomberos-anuncian-paro-nacional-el-24-y-25-de-julio\/","name":"Bomberos anuncian paro nacional el 24 y 25 de julio - Radio Huancayo","isPartOf":{"@id":"https:\/\/radiohuancayo.com.pe\/wp54\/#website"},"primaryImageOfPage":{"@id":"https:\/\/radiohuancayo.com.pe\/wp54\/bomberos-anuncian-paro-nacional-el-24-y-25-de-julio\/#primaryimage"},"image":{"@id":"https:\/\/radiohuancayo.com.pe\/wp54\/bomberos-anuncian-paro-nacional-el-24-y-25-de-julio\/#primaryimage"},"thumbnailUrl":"https:\/\/radiohuancayo.com.pe\/wp54\/wp-content\/uploads\/2024\/07\/image-74.png","datePublished":"2024-07-24T00:27:41+00:00","dateModified":"2024-07-24T00:27:42+00:00","breadcrumb":{"@id":"https:\/\/radiohuancayo.com.pe\/wp54\/bomberos-anuncian-paro-nacional-el-24-y-25-de-julio\/#breadcrumb"},"inLanguage":"es","potentialAction":[{"@type":"ReadAction","target":["https:\/\/radiohuancayo.com.pe\/wp54\/bomberos-anuncian-paro-nacional-el-24-y-25-de-julio\/"]}]},{"@type":"ImageObject","inLanguage":"es","@id":"https:\/\/radiohuancayo.com.pe\/wp54\/bomberos-anuncian-paro-nacional-el-24-y-25-de-julio\/#primaryimage","url":"https:\/\/radiohuancayo.com.pe\/wp54\/wp-content\/uploads\/2024\/07\/image-74.png","contentUrl":"https:\/\/radiohuancayo.com.pe\/wp54\/wp-content\/uploads\/2024\/07\/image-74.png","width":1250,"height":735},{"@type":"BreadcrumbList","@id":"https:\/\/radiohuancayo.com.pe\/wp54\/bomberos-anuncian-paro-nacional-el-24-y-25-de-julio\/#breadcrumb","itemListElement":[{"@type":"ListItem","position":1,"name":"Portada","item":"https:\/\/radiohuancayo.com.pe\/wp54\/"},{"@type":"ListItem","position":2,"name":"Bomberos anuncian paro nacional el 24 y 25 de julio"}]},{"@type":"WebSite","@id":"https:\/\/radiohuancayo.com.pe\/wp54\/#website","url":"https:\/\/radiohuancayo.com.pe\/wp54\/","name":"Radio Huancayo","description":"me gusta!!!","publisher":{"@id":"https:\/\/radiohuancayo.com.pe\/wp54\/#organization"},"potentialAction":[{"@type":"SearchAction","target":{"@type":"EntryPoint","urlTemplate":"https:\/\/radiohuancayo.com.pe\/wp54\/?s={search_term_string}"},"query-input":{"@type":"PropertyValueSpecification","valueRequired":true,"valueName":"search_term_string"}}],"inLanguage":"es"},{"@type":"Organization","@id":"https:\/\/radiohuancayo.com.pe\/wp54\/#organization","name":"Radio Huancayo","url":"https:\/\/radiohuancayo.com.pe\/wp54\/","logo":{"@type":"ImageObject","inLanguage":"es","@id":"https:\/\/radiohuancayo.com.pe\/wp54\/#\/schema\/logo\/image\/","url":"https:\/\/radiohuancayo.com.pe\/wp54\/wp-content\/uploads\/2022\/04\/CABE01.png","contentUrl":"https:\/\/radiohuancayo.com.pe\/wp54\/wp-content\/uploads\/2022\/04\/CABE01.png","width":1640,"height":300,"caption":"Radio Huancayo"},"image":{"@id":"https:\/\/radiohuancayo.com.pe\/wp54\/#\/schema\/logo\/image\/"}},{"@type":"Person","@id":"https:\/\/radiohuancayo.com.pe\/wp54\/#\/schema\/person\/53e7c63df918deff345a30606cbf878c","name":"admin","image":{"@type":"ImageObject","inLanguage":"es","@id":"https:\/\/secure.gravatar.com\/avatar\/3d9af84154e8f14d0ba4f62aa2abc4fcd3ee42a1c034539c08ef7c5615f414cb?s=96&d=mm&r=g","url":"https:\/\/secure.gravatar.com\/avatar\/3d9af84154e8f14d0ba4f62aa2abc4fcd3ee42a1c034539c08ef7c5615f414cb?s=96&d=mm&r=g","contentUrl":"https:\/\/secure.gravatar.com\/avatar\/3d9af84154e8f14d0ba4f62aa2abc4fcd3ee42a1c034539c08ef7c5615f414cb?s=96&d=mm&r=g","caption":"admin"},"sameAs":["https:\/\/radiohuancayo.com.pe\/wp54"],"url":"https:\/\/radiohuancayo.com.pe\/wp54\/author\/admin\/"}]}},"_links":{"self":[{"href":"https:\/\/radiohuancayo.com.pe\/wp54\/wp-json\/wp\/v2\/posts\/27345","targetHints":{"allow":["GET"]}}],"collection":[{"href":"https:\/\/radiohuancayo.com.pe\/wp54\/wp-json\/wp\/v2\/posts"}],"about":[{"href":"https:\/\/radiohuancayo.com.pe\/wp54\/wp-json\/wp\/v2\/types\/post"}],"author":[{"embeddable":true,"href":"https:\/\/radiohuancayo.com.pe\/wp54\/wp-json\/wp\/v2\/users\/1"}],"replies":[{"embeddable":true,"href":"https:\/\/radiohuancayo.com.pe\/wp54\/wp-json\/wp\/v2\/comments?post=27345"}],"version-history":[{"count":1,"href":"https:\/\/radiohuancayo.com.pe\/wp54\/wp-json\/wp\/v2\/posts\/27345\/revisions"}],"predecessor-version":[{"id":27347,"href":"https:\/\/radiohuancayo.com.pe\/wp54\/wp-json\/wp\/v2\/posts\/27345\/revisions\/27347"}],"wp:featuredmedia":[{"embeddable":true,"href":"https:\/\/radiohuancayo.com.pe\/wp54\/wp-json\/wp\/v2\/media\/27346"}],"wp:attachment":[{"href":"https:\/\/radiohuancayo.com.pe\/wp54\/wp-json\/wp\/v2\/media?parent=27345"}],"wp:term":[{"taxonomy":"category","embeddable":true,"href":"https:\/\/radiohuancayo.com.pe\/wp54\/wp-json\/wp\/v2\/categories?post=27345"},{"taxonomy":"post_tag","embeddable":true,"href":"https:\/\/radiohuancayo.com.pe\/wp54\/wp-json\/wp\/v2\/tags?post=27345"}],"curies":[{"name":"wp","href":"https:\/\/api.w.org\/{rel}","templated":true}]}}