{"id":27364,"date":"2024-07-25T23:50:30","date_gmt":"2024-07-26T04:50:30","guid":{"rendered":"https:\/\/radiohuancayo.com.pe\/wp54\/?p=27364"},"modified":"2024-07-25T23:50:31","modified_gmt":"2024-07-26T04:50:31","slug":"calendario-de-peru-en-los-juegos-olimpicos-la-programacion-completa-y-horarios-de-su-debut-en-paris-2024","status":"publish","type":"post","link":"https:\/\/radiohuancayo.com.pe\/wp54\/calendario-de-peru-en-los-juegos-olimpicos-la-programacion-completa-y-horarios-de-su-debut-en-paris-2024\/","title":{"rendered":"Calendario de Per\u00fa en los Juegos Ol\u00edmpicos: la programaci\u00f3n completa y horarios de su debut en Par\u00eds 2024"},"content":{"rendered":"\n<h2 class=\"wp-block-heading\">\u00bfCu\u00e1l es el calendario de los deportistas peruanos en los Juegos Ol\u00edmpicos Par\u00eds 2024?<\/h2>\n\n\n\n<ul class=\"wp-block-list\">\n<li><em>* Programaci\u00f3n en horario peruano<\/em><\/li>\n<\/ul>\n\n\n\n<p><em>S\u00c1BADO 27 JULIO<\/em><\/p>\n\n\n\n<p><strong>Mar\u00eda Luisa Doig<\/strong>&nbsp;&#8211;&gt; 03:00 hrs<\/p>\n\n\n\n<p><strong>Adriana Sanguineti<\/strong>&nbsp;(Serie) &#8211;&gt; 03:12 hrs<\/p>\n\n\n\n<p><strong>Joaqu\u00edn Vargas<\/strong>&nbsp;(400 m libre \/ Serie) &#8211;&gt; 04:00 hrs<\/p>\n\n\n\n<p><strong>Alonso Correa<\/strong>&nbsp;(Ronda 1 Masculina \/ Heat 3) &#8211;&gt; 13:12 hrs<\/p>\n\n\n\n<p><strong>Lucca Mesinas&nbsp;<\/strong>(Ronda 1 Masculina \/ Heat 7) &#8211;&gt; 15:36 hrs<\/p>\n\n\n\n<p><strong>Sol Aguirre<\/strong>&nbsp;(Ronda 1 Femenina \/ Heat 2) &#8211;&gt; 17:24 hrs<\/p>\n\n\n\n<p><em>DOMINGO 28 JULIO<\/em><\/p>\n\n\n\n<p><strong>Juan Postigos<\/strong>&nbsp;&#8211;&gt; 03:00 hrs<\/p>\n\n\n\n<p><strong>Joaqu\u00edn Vargas<\/strong>&nbsp;(200 m libre \/ Serie) &#8211;&gt; 04:00 hrs<\/p>\n\n\n\n<p><strong>Alessia y Valeria Palacios<\/strong>&nbsp;(Serie) &#8211;&gt; 04:30 hrs<\/p>\n\n\n\n<p><strong>Mar\u00eda Bel\u00e9n Bazo<\/strong>&nbsp;( Windsurf Regata 1, 2, 3 y 4) &#8211;&gt; 05:13 hrs<\/p>\n\n\n\n<ul class=\"wp-block-list\">\n<li><em>Si los surfistas no ganan en la Ronda 1, competir\u00e1n en la Ronda 2 (repechaje)<\/em>\n<ul class=\"wp-block-list\">\n<li><em>Ronda 2 Femenina 12:00 hrs<\/em><\/li>\n\n\n\n<li><em>Ronda 2 Masculina 16:48 hrs<\/em><\/li>\n<\/ul>\n<\/li>\n<\/ul>\n\n\n\n<p><em>LUNES 29 JULIO<\/em><\/p>\n\n\n\n<p><strong>In\u00e9s Castillo<\/strong>&nbsp;(Fase grupos) &#8211;&gt; 03:10 hrs&nbsp;<strong>(*)<\/strong><\/p>\n\n\n\n<p><strong>Mckenna De Bever<\/strong>&nbsp;(100 m espalda \/ Serie) &#8211;&gt; 04:00 hrs<\/p>\n\n\n\n<p><strong>Mar\u00eda Bel\u00e9n Bazo<\/strong>&nbsp;(Windsurf Regata 5, 6, 7 y 8) &#8211;&gt; 08:43 hrs<\/p>\n\n\n\n<p><em><strong>(*)&nbsp;<\/strong>Horario sujeto a cambios, pendiente del sorteo<\/em>.<\/p>\n\n\n\n<p><em>MARTES 30 JULIO<\/em><\/p>\n\n\n\n<p><strong>In\u00e9s Castillo<\/strong>&nbsp;(Fase grupos) &#8211;&gt; 01:30 hrs&nbsp;<strong>(*)<\/strong><\/p>\n\n\n\n<p><strong>Mar\u00eda Bel\u00e9n Bazo<\/strong>&nbsp;(Windsurf Regata 9, 10, 11 y 12) &#8211;&gt; 05:13 hrs<\/p>\n\n\n\n<p><em><strong>(*)&nbsp;<\/strong>Horario sujeto a cambios, pendiente del sorteo<\/em>.<\/p>\n\n\n\n<p><em>MI\u00c9RCOLES 31 JULIO<\/em><\/p>\n\n\n\n<p><strong>In\u00e9s Castillo<\/strong>&nbsp;(Fase grupos) &#8211;&gt; 01:30 hrs&nbsp;<strong>(*)<\/strong><\/p>\n\n\n\n<p><strong>Mar\u00eda Bel\u00e9n Bazo&nbsp;<\/strong>(Windsurf Regata 13, 14, 15 y 16) &#8211;&gt; 09:48 hrs<\/p>\n\n\n\n<p><em><strong>(*)&nbsp;<\/strong>Horario sujeto a cambios, pendiente del sorteo<\/em>.<\/p>\n\n\n\n<p><em>JUEVES 1 AGOSTO<\/em><\/p>\n\n\n\n<p><strong>C\u00e9sar Rodr\u00edguez y Luis Henry Campos<\/strong>&nbsp;(Marcha atl\u00e9tica masc. 20 km) &#8211;&gt; 00:30 hrs<\/p>\n\n\n\n<p><strong>Kimberly Garc\u00eda, Evelyn Inga y Mary Luz And\u00eda<\/strong>&nbsp;(Marcha atl\u00e9tica fem. 20 km) &#8211;&gt; 02:20 hrs<\/p>\n\n\n\n<p><strong>Stefano Peschiera<\/strong>&nbsp;(Dinghy masculino Regata 1 y 2) &#8211;&gt; 05:15 hrs<\/p>\n\n\n\n<p><strong>Mar\u00eda Bel\u00e9n Bazo<\/strong>&nbsp;(Windsurf Regata 17, 18 y marat\u00f3n) &#8211;&gt; 08:03 hrs<\/p>\n\n\n\n<p><strong>Florencia Chiarella<\/strong>&nbsp;(Dinghy femenino Regata 1 y 2) &#8211;&gt; 08:35 hrs<\/p>\n\n\n\n<p><em>VIERNES 2 AGOSTO<\/em><\/p>\n\n\n\n<p><strong>Nicol\u00e1s Pacheco<\/strong>&nbsp;(d\u00eda 1 clasificaci\u00f3n) &#8211;&gt; 02:00 hrs<\/p>\n\n\n\n<p><strong>Mckenna De Bever<\/strong>&nbsp;(200 m combinados \/ Serie) &#8211;&gt; 04:00 hrs<\/p>\n\n\n\n<p><strong>Florencia Chiarella&nbsp;<\/strong>(Dinghy femenino Regata 3 y 4) &#8211;&gt; 05:15 hrs<\/p>\n\n\n\n<p><strong>Stefano Peschiera<\/strong>&nbsp;(Dinghy masculino Regata 3 y 4) &#8211;&gt; 08:35 hrs<\/p>\n\n\n\n<p><em>S\u00c1BADO 3 AGOSTO<\/em><\/p>\n\n\n\n<p><strong>Nicol\u00e1s Pacheco<\/strong>&nbsp;(d\u00eda 2 clasificaci\u00f3n) &#8211;&gt; 02:00 hrs<\/p>\n\n\n\n<p><strong>Daniella Borda<\/strong>&nbsp;(d\u00eda 1 clasificaci\u00f3n) &#8211;&gt; 02:00 hrs<\/p>\n\n\n\n<p><strong>Stefano Peschiera<\/strong>&nbsp;(Dinghy masculino Regata 5 y 6) &#8211;&gt; 05:15 hrs<\/p>\n\n\n\n<p><strong>Florencia Chiarella<\/strong>&nbsp;(Dinghy femenino Regata 5 y 6) &#8211;&gt; 07:25 hrs<\/p>\n\n\n\n<p><em>DOMINGO 4 AGOSTO<\/em><\/p>\n\n\n\n<p><strong>Daniella Borda<\/strong>&nbsp;(d\u00eda 2 clasificaci\u00f3n) &#8211;&gt; 02:30 hrs<\/p>\n\n\n\n<p><strong>Stefano Peschiera<\/strong>&nbsp;(Dinghy masculino Regata 7 Y 8) &#8211;&gt; 05:05 hrs<\/p>\n\n\n\n<p><strong>Florencia Chiarella<\/strong>&nbsp;(Dinghy femenino Regata 7 y 8) &#8211;&gt; 07:35 hrs<\/p>\n\n\n\n<p><em>LUNES 5 AGOSTO<\/em><\/p>\n\n\n\n<p><strong>Stefano Peschiera<\/strong>&nbsp;(Dinghy masculino Regata 9 y 10) &#8211;&gt; 07:40 hrs<\/p>\n\n\n\n<p><strong>Florencia Chiarella<\/strong>&nbsp;(Dinghy femenino Regata 9 y 10) &#8211;&gt; 05:15 hrs<\/p>\n\n\n\n<p><em>MARTES 6 AGOSTO<\/em><\/p>\n\n\n\n<p><strong>Stefano Peschiera<\/strong>&nbsp;(Regata por medalla, en caso tener opci\u00f3n)<\/p>\n\n\n\n<p><strong>Florencia Chiarella<\/strong>&nbsp;(Regata por medalla, en caso tener opci\u00f3n)<\/p>\n\n\n\n<p><em>MI\u00c9RCOLES 7 AGOSTO<\/em><\/p>\n\n\n\n<p><strong>Kimberly Garc\u00eda y C\u00e9sar Rodr\u00edguez<\/strong>&nbsp;(Marat\u00f3n de marcha relevos mixtos) &#8211;&gt; 00:30 hrs<\/p>\n\n\n\n<p><em>JUEVES 8 AGOSTO<\/em><\/p>\n\n\n\n<p><strong>Mar\u00eda Alejandra Bramont-Arias<\/strong>&nbsp;&#8211;&gt; 00:30 hrs<\/p>\n\n\n\n<p><em>S\u00c1BADO 10 AGOSTO<\/em><\/p>\n\n\n\n<p><strong>Cristhian Pacheco<\/strong>&nbsp;(Marat\u00f3n masc.) &#8211;&gt; 01:00 hrs<\/p>\n\n\n\n<p><em>DOMINGO 11 AGOSTO<\/em><\/p>\n\n\n\n<p><strong>Gladys Tejeda, Thal\u00eda Valdivia y Luz Mery Rojas<\/strong>&nbsp;(Marat\u00f3n fem.) &#8211;&gt; 01:00 hrs<\/p>\n","protected":false},"excerpt":{"rendered":"<p>\u00bfCu\u00e1l es el calendario de los deportistas peruanos en los Juegos Ol\u00edmpicos Par\u00eds 2024? S\u00c1BADO 27 JULIO Mar\u00eda Luisa Doig&nbsp;&#8211;&gt; 03:00 hrs Adriana Sanguineti&nbsp;(Serie) &#8211;&gt; 03:12 hrs Joaqu\u00edn Vargas&nbsp;(400 m libre \/ Serie) &#8211;&gt; 04:00 hrs Alonso Correa&nbsp;(Ronda 1 Masculina \/ Heat 3) &#8211;&gt; 13:12 hrs Lucca Mesinas&nbsp;(Ronda 1 Masculina \/ Heat 7) &#8211;&gt; 15:36 hrs Sol Aguirre&nbsp;(Ronda 1 Femenina \/ Heat 2) &#8211;&gt; 17:24 hrs DOMINGO 28 JULIO Juan Postigos&nbsp;&#8211;&gt; 03:00 hrs Joaqu\u00edn Vargas&nbsp;(200 m libre \/ Serie) &#8211;&gt; 04:00 hrs Alessia y Valeria Palacios&nbsp;(Serie) &#8211;&gt; 04:30 hrs Mar\u00eda Bel\u00e9n Bazo&nbsp;( Windsurf Regata 1, 2, 3 y 4) &#8211;&gt; 05:13 hrs LUNES 29 JULIO In\u00e9s Castillo&nbsp;(Fase grupos) &#8211;&gt; 03:10 hrs&nbsp;(*) Mckenna De Bever&nbsp;(100 m espalda \/ Serie) &#8211;&gt; 04:00 hrs Mar\u00eda Bel\u00e9n Bazo&nbsp;(Windsurf Regata 5, 6, 7 y 8) &#8211;&gt; 08:43 hrs (*)&nbsp;Horario sujeto a cambios, pendiente del sorteo. MARTES 30 JULIO In\u00e9s Castillo&nbsp;(Fase grupos) &#8211;&gt; 01:30 hrs&nbsp;(*) Mar\u00eda Bel\u00e9n Bazo&nbsp;(Windsurf Regata 9, 10, 11 y 12) &#8211;&gt; 05:13 hrs (*)&nbsp;Horario sujeto a cambios, pendiente del sorteo. MI\u00c9RCOLES 31 JULIO In\u00e9s Castillo&nbsp;(Fase grupos) &#8211;&gt; 01:30 hrs&nbsp;(*) Mar\u00eda Bel\u00e9n Bazo&nbsp;(Windsurf Regata 13, 14, 15 y 16) &#8211;&gt; 09:48 hrs (*)&nbsp;Horario sujeto a cambios, pendiente del sorteo. JUEVES 1 AGOSTO C\u00e9sar Rodr\u00edguez y Luis Henry Campos&nbsp;(Marcha atl\u00e9tica masc. 20 km) &#8211;&gt; 00:30 hrs Kimberly Garc\u00eda, Evelyn Inga y Mary Luz And\u00eda&nbsp;(Marcha atl\u00e9tica fem. 20 km) &#8211;&gt; 02:20 hrs Stefano Peschiera&nbsp;(Dinghy masculino Regata 1 y 2) &#8211;&gt; 05:15 hrs Mar\u00eda Bel\u00e9n Bazo&nbsp;(Windsurf Regata 17, 18 y marat\u00f3n) &#8211;&gt; 08:03 hrs Florencia Chiarella&nbsp;(Dinghy femenino Regata 1 y 2) &#8211;&gt; 08:35 hrs VIERNES 2 AGOSTO Nicol\u00e1s Pacheco&nbsp;(d\u00eda 1 clasificaci\u00f3n) &#8211;&gt; 02:00 hrs Mckenna De Bever&nbsp;(200 m combinados \/ Serie) &#8211;&gt; 04:00 hrs Florencia Chiarella&nbsp;(Dinghy femenino Regata 3 y 4) &#8211;&gt; 05:15 hrs Stefano Peschiera&nbsp;(Dinghy masculino Regata 3 y 4) &#8211;&gt; 08:35 hrs S\u00c1BADO 3 AGOSTO Nicol\u00e1s Pacheco&nbsp;(d\u00eda 2 clasificaci\u00f3n) &#8211;&gt; 02:00 hrs Daniella Borda&nbsp;(d\u00eda 1 clasificaci\u00f3n) &#8211;&gt; 02:00 hrs Stefano Peschiera&nbsp;(Dinghy masculino Regata 5 y 6) &#8211;&gt; 05:15 hrs Florencia Chiarella&nbsp;(Dinghy femenino Regata 5 y 6) &#8211;&gt; 07:25 hrs DOMINGO 4 AGOSTO Daniella Borda&nbsp;(d\u00eda 2 clasificaci\u00f3n) &#8211;&gt; 02:30 hrs Stefano Peschiera&nbsp;(Dinghy masculino Regata 7 Y 8) &#8211;&gt; 05:05 hrs Florencia Chiarella&nbsp;(Dinghy femenino Regata 7 y 8) &#8211;&gt; 07:35 hrs LUNES 5 AGOSTO Stefano Peschiera&nbsp;(Dinghy masculino Regata 9 y 10) &#8211;&gt; 07:40 hrs Florencia Chiarella&nbsp;(Dinghy femenino Regata 9 y 10) &#8211;&gt; 05:15 hrs MARTES 6 AGOSTO Stefano Peschiera&nbsp;(Regata por medalla, en caso tener opci\u00f3n) Florencia Chiarella&nbsp;(Regata por medalla, en caso tener opci\u00f3n) MI\u00c9RCOLES 7 AGOSTO Kimberly Garc\u00eda y C\u00e9sar Rodr\u00edguez&nbsp;(Marat\u00f3n de marcha relevos mixtos) &#8211;&gt; 00:30 hrs JUEVES 8 AGOSTO Mar\u00eda Alejandra Bramont-Arias&nbsp;&#8211;&gt; 00:30 hrs S\u00c1BADO 10 AGOSTO Cristhian Pacheco&nbsp;(Marat\u00f3n masc.) &#8211;&gt; 01:00 hrs DOMINGO 11 AGOSTO Gladys Tejeda, Thal\u00eda Valdivia y Luz Mery Rojas&nbsp;(Marat\u00f3n fem.) &#8211;&gt; 01:00 hrs<\/p>\n","protected":false},"author":1,"featured_media":27365,"comment_status":"open","ping_status":"open","sticky":false,"template":"","format":"standard","meta":{"footnotes":""},"categories":[7,22],"tags":[],"class_list":["post-27364","post","type-post","status-publish","format-standard","has-post-thumbnail","hentry","category-deportes","category-portada"],"yoast_head":"<!-- This site is optimized with the Yoast SEO plugin v27.5 - https:\/\/yoast.com\/product\/yoast-seo-wordpress\/ -->\n<title>Calendario de Per\u00fa en los Juegos Ol\u00edmpicos: la programaci\u00f3n completa y horarios de su debut en Par\u00eds 2024 - Radio Huancayo<\/title>\n<meta name=\"robots\" content=\"index, follow, max-snippet:-1, max-image-preview:large, max-video-preview:-1\" \/>\n<link rel=\"canonical\" href=\"https:\/\/radiohuancayo.com.pe\/wp54\/calendario-de-peru-en-los-juegos-olimpicos-la-programacion-completa-y-horarios-de-su-debut-en-paris-2024\/\" \/>\n<meta property=\"og:locale\" content=\"es_ES\" \/>\n<meta property=\"og:type\" content=\"article\" \/>\n<meta property=\"og:title\" content=\"Calendario de Per\u00fa en los Juegos Ol\u00edmpicos: la programaci\u00f3n completa y horarios de su debut en Par\u00eds 2024 - Radio Huancayo\" \/>\n<meta property=\"og:description\" content=\"\u00bfCu\u00e1l es el calendario de los deportistas peruanos en los Juegos Ol\u00edmpicos Par\u00eds 2024? S\u00c1BADO 27 JULIO Mar\u00eda Luisa Doig&nbsp;&#8211;&gt; 03:00 hrs Adriana Sanguineti&nbsp;(Serie) &#8211;&gt; 03:12 hrs Joaqu\u00edn Vargas&nbsp;(400 m libre \/ Serie) &#8211;&gt; 04:00 hrs Alonso Correa&nbsp;(Ronda 1 Masculina \/ Heat 3) &#8211;&gt; 13:12 hrs Lucca Mesinas&nbsp;(Ronda 1 Masculina \/ Heat 7) &#8211;&gt; 15:36 hrs Sol Aguirre&nbsp;(Ronda 1 Femenina \/ Heat 2) &#8211;&gt; 17:24 hrs DOMINGO 28 JULIO Juan Postigos&nbsp;&#8211;&gt; 03:00 hrs Joaqu\u00edn Vargas&nbsp;(200 m libre \/ Serie) &#8211;&gt; 04:00 hrs Alessia y Valeria Palacios&nbsp;(Serie) &#8211;&gt; 04:30 hrs Mar\u00eda Bel\u00e9n Bazo&nbsp;( Windsurf Regata 1, 2, 3 y 4) &#8211;&gt; 05:13 hrs LUNES 29 JULIO In\u00e9s Castillo&nbsp;(Fase grupos) &#8211;&gt; 03:10 hrs&nbsp;(*) Mckenna De Bever&nbsp;(100 m espalda \/ Serie) &#8211;&gt; 04:00 hrs Mar\u00eda Bel\u00e9n Bazo&nbsp;(Windsurf Regata 5, 6, 7 y 8) &#8211;&gt; 08:43 hrs (*)&nbsp;Horario sujeto a cambios, pendiente del sorteo. MARTES 30 JULIO In\u00e9s Castillo&nbsp;(Fase grupos) &#8211;&gt; 01:30 hrs&nbsp;(*) Mar\u00eda Bel\u00e9n Bazo&nbsp;(Windsurf Regata 9, 10, 11 y 12) &#8211;&gt; 05:13 hrs (*)&nbsp;Horario sujeto a cambios, pendiente del sorteo. MI\u00c9RCOLES 31 JULIO In\u00e9s Castillo&nbsp;(Fase grupos) &#8211;&gt; 01:30 hrs&nbsp;(*) Mar\u00eda Bel\u00e9n Bazo&nbsp;(Windsurf Regata 13, 14, 15 y 16) &#8211;&gt; 09:48 hrs (*)&nbsp;Horario sujeto a cambios, pendiente del sorteo. JUEVES 1 AGOSTO C\u00e9sar Rodr\u00edguez y Luis Henry Campos&nbsp;(Marcha atl\u00e9tica masc. 20 km) &#8211;&gt; 00:30 hrs Kimberly Garc\u00eda, Evelyn Inga y Mary Luz And\u00eda&nbsp;(Marcha atl\u00e9tica fem. 20 km) &#8211;&gt; 02:20 hrs Stefano Peschiera&nbsp;(Dinghy masculino Regata 1 y 2) &#8211;&gt; 05:15 hrs Mar\u00eda Bel\u00e9n Bazo&nbsp;(Windsurf Regata 17, 18 y marat\u00f3n) &#8211;&gt; 08:03 hrs Florencia Chiarella&nbsp;(Dinghy femenino Regata 1 y 2) &#8211;&gt; 08:35 hrs VIERNES 2 AGOSTO Nicol\u00e1s Pacheco&nbsp;(d\u00eda 1 clasificaci\u00f3n) &#8211;&gt; 02:00 hrs Mckenna De Bever&nbsp;(200 m combinados \/ Serie) &#8211;&gt; 04:00 hrs Florencia Chiarella&nbsp;(Dinghy femenino Regata 3 y 4) &#8211;&gt; 05:15 hrs Stefano Peschiera&nbsp;(Dinghy masculino Regata 3 y 4) &#8211;&gt; 08:35 hrs S\u00c1BADO 3 AGOSTO Nicol\u00e1s Pacheco&nbsp;(d\u00eda 2 clasificaci\u00f3n) &#8211;&gt; 02:00 hrs Daniella Borda&nbsp;(d\u00eda 1 clasificaci\u00f3n) &#8211;&gt; 02:00 hrs Stefano Peschiera&nbsp;(Dinghy masculino Regata 5 y 6) &#8211;&gt; 05:15 hrs Florencia Chiarella&nbsp;(Dinghy femenino Regata 5 y 6) &#8211;&gt; 07:25 hrs DOMINGO 4 AGOSTO Daniella Borda&nbsp;(d\u00eda 2 clasificaci\u00f3n) &#8211;&gt; 02:30 hrs Stefano Peschiera&nbsp;(Dinghy masculino Regata 7 Y 8) &#8211;&gt; 05:05 hrs Florencia Chiarella&nbsp;(Dinghy femenino Regata 7 y 8) &#8211;&gt; 07:35 hrs LUNES 5 AGOSTO Stefano Peschiera&nbsp;(Dinghy masculino Regata 9 y 10) &#8211;&gt; 07:40 hrs Florencia Chiarella&nbsp;(Dinghy femenino Regata 9 y 10) &#8211;&gt; 05:15 hrs MARTES 6 AGOSTO Stefano Peschiera&nbsp;(Regata por medalla, en caso tener opci\u00f3n) Florencia Chiarella&nbsp;(Regata por medalla, en caso tener opci\u00f3n) MI\u00c9RCOLES 7 AGOSTO Kimberly Garc\u00eda y C\u00e9sar Rodr\u00edguez&nbsp;(Marat\u00f3n de marcha relevos mixtos) &#8211;&gt; 00:30 hrs JUEVES 8 AGOSTO Mar\u00eda Alejandra Bramont-Arias&nbsp;&#8211;&gt; 00:30 hrs S\u00c1BADO 10 AGOSTO Cristhian Pacheco&nbsp;(Marat\u00f3n masc.) &#8211;&gt; 01:00 hrs DOMINGO 11 AGOSTO Gladys Tejeda, Thal\u00eda Valdivia y Luz Mery Rojas&nbsp;(Marat\u00f3n fem.) &#8211;&gt; 01:00 hrs\" \/>\n<meta property=\"og:url\" content=\"https:\/\/radiohuancayo.com.pe\/wp54\/calendario-de-peru-en-los-juegos-olimpicos-la-programacion-completa-y-horarios-de-su-debut-en-paris-2024\/\" \/>\n<meta property=\"og:site_name\" content=\"Radio Huancayo\" \/>\n<meta property=\"article:published_time\" content=\"2024-07-26T04:50:30+00:00\" \/>\n<meta property=\"article:modified_time\" content=\"2024-07-26T04:50:31+00:00\" \/>\n<meta property=\"og:image\" content=\"https:\/\/radiohuancayo.com.pe\/wp54\/wp-content\/uploads\/2024\/07\/image-79.png\" \/>\n\t<meta property=\"og:image:width\" content=\"1200\" \/>\n\t<meta property=\"og:image:height\" content=\"675\" \/>\n\t<meta property=\"og:image:type\" content=\"image\/png\" \/>\n<meta name=\"author\" content=\"admin\" \/>\n<meta name=\"twitter:card\" content=\"summary_large_image\" \/>\n<meta name=\"twitter:label1\" content=\"Escrito por\" \/>\n\t<meta name=\"twitter:data1\" content=\"admin\" \/>\n\t<meta name=\"twitter:label2\" content=\"Tiempo de lectura\" \/>\n\t<meta name=\"twitter:data2\" content=\"3 minutos\" \/>\n<script type=\"application\/ld+json\" class=\"yoast-schema-graph\">{\"@context\":\"https:\\\/\\\/schema.org\",\"@graph\":[{\"@type\":\"Article\",\"@id\":\"https:\\\/\\\/radiohuancayo.com.pe\\\/wp54\\\/calendario-de-peru-en-los-juegos-olimpicos-la-programacion-completa-y-horarios-de-su-debut-en-paris-2024\\\/#article\",\"isPartOf\":{\"@id\":\"https:\\\/\\\/radiohuancayo.com.pe\\\/wp54\\\/calendario-de-peru-en-los-juegos-olimpicos-la-programacion-completa-y-horarios-de-su-debut-en-paris-2024\\\/\"},\"author\":{\"name\":\"admin\",\"@id\":\"https:\\\/\\\/radiohuancayo.com.pe\\\/wp54\\\/#\\\/schema\\\/person\\\/53e7c63df918deff345a30606cbf878c\"},\"headline\":\"Calendario de Per\u00fa en los Juegos Ol\u00edmpicos: la programaci\u00f3n completa y horarios de su debut en Par\u00eds 2024\",\"datePublished\":\"2024-07-26T04:50:30+00:00\",\"dateModified\":\"2024-07-26T04:50:31+00:00\",\"mainEntityOfPage\":{\"@id\":\"https:\\\/\\\/radiohuancayo.com.pe\\\/wp54\\\/calendario-de-peru-en-los-juegos-olimpicos-la-programacion-completa-y-horarios-de-su-debut-en-paris-2024\\\/\"},\"wordCount\":560,\"commentCount\":0,\"publisher\":{\"@id\":\"https:\\\/\\\/radiohuancayo.com.pe\\\/wp54\\\/#organization\"},\"image\":{\"@id\":\"https:\\\/\\\/radiohuancayo.com.pe\\\/wp54\\\/calendario-de-peru-en-los-juegos-olimpicos-la-programacion-completa-y-horarios-de-su-debut-en-paris-2024\\\/#primaryimage\"},\"thumbnailUrl\":\"https:\\\/\\\/radiohuancayo.com.pe\\\/wp54\\\/wp-content\\\/uploads\\\/2024\\\/07\\\/image-79.png\",\"articleSection\":[\"Deportes\",\"Portada\"],\"inLanguage\":\"es\",\"potentialAction\":[{\"@type\":\"CommentAction\",\"name\":\"Comment\",\"target\":[\"https:\\\/\\\/radiohuancayo.com.pe\\\/wp54\\\/calendario-de-peru-en-los-juegos-olimpicos-la-programacion-completa-y-horarios-de-su-debut-en-paris-2024\\\/#respond\"]}]},{\"@type\":\"WebPage\",\"@id\":\"https:\\\/\\\/radiohuancayo.com.pe\\\/wp54\\\/calendario-de-peru-en-los-juegos-olimpicos-la-programacion-completa-y-horarios-de-su-debut-en-paris-2024\\\/\",\"url\":\"https:\\\/\\\/radiohuancayo.com.pe\\\/wp54\\\/calendario-de-peru-en-los-juegos-olimpicos-la-programacion-completa-y-horarios-de-su-debut-en-paris-2024\\\/\",\"name\":\"Calendario de Per\u00fa en los Juegos Ol\u00edmpicos: la programaci\u00f3n completa y horarios de su debut en Par\u00eds 2024 - Radio Huancayo\",\"isPartOf\":{\"@id\":\"https:\\\/\\\/radiohuancayo.com.pe\\\/wp54\\\/#website\"},\"primaryImageOfPage\":{\"@id\":\"https:\\\/\\\/radiohuancayo.com.pe\\\/wp54\\\/calendario-de-peru-en-los-juegos-olimpicos-la-programacion-completa-y-horarios-de-su-debut-en-paris-2024\\\/#primaryimage\"},\"image\":{\"@id\":\"https:\\\/\\\/radiohuancayo.com.pe\\\/wp54\\\/calendario-de-peru-en-los-juegos-olimpicos-la-programacion-completa-y-horarios-de-su-debut-en-paris-2024\\\/#primaryimage\"},\"thumbnailUrl\":\"https:\\\/\\\/radiohuancayo.com.pe\\\/wp54\\\/wp-content\\\/uploads\\\/2024\\\/07\\\/image-79.png\",\"datePublished\":\"2024-07-26T04:50:30+00:00\",\"dateModified\":\"2024-07-26T04:50:31+00:00\",\"breadcrumb\":{\"@id\":\"https:\\\/\\\/radiohuancayo.com.pe\\\/wp54\\\/calendario-de-peru-en-los-juegos-olimpicos-la-programacion-completa-y-horarios-de-su-debut-en-paris-2024\\\/#breadcrumb\"},\"inLanguage\":\"es\",\"potentialAction\":[{\"@type\":\"ReadAction\",\"target\":[\"https:\\\/\\\/radiohuancayo.com.pe\\\/wp54\\\/calendario-de-peru-en-los-juegos-olimpicos-la-programacion-completa-y-horarios-de-su-debut-en-paris-2024\\\/\"]}]},{\"@type\":\"ImageObject\",\"inLanguage\":\"es\",\"@id\":\"https:\\\/\\\/radiohuancayo.com.pe\\\/wp54\\\/calendario-de-peru-en-los-juegos-olimpicos-la-programacion-completa-y-horarios-de-su-debut-en-paris-2024\\\/#primaryimage\",\"url\":\"https:\\\/\\\/radiohuancayo.com.pe\\\/wp54\\\/wp-content\\\/uploads\\\/2024\\\/07\\\/image-79.png\",\"contentUrl\":\"https:\\\/\\\/radiohuancayo.com.pe\\\/wp54\\\/wp-content\\\/uploads\\\/2024\\\/07\\\/image-79.png\",\"width\":1200,\"height\":675},{\"@type\":\"BreadcrumbList\",\"@id\":\"https:\\\/\\\/radiohuancayo.com.pe\\\/wp54\\\/calendario-de-peru-en-los-juegos-olimpicos-la-programacion-completa-y-horarios-de-su-debut-en-paris-2024\\\/#breadcrumb\",\"itemListElement\":[{\"@type\":\"ListItem\",\"position\":1,\"name\":\"Portada\",\"item\":\"https:\\\/\\\/radiohuancayo.com.pe\\\/wp54\\\/\"},{\"@type\":\"ListItem\",\"position\":2,\"name\":\"Calendario de Per\u00fa en los Juegos Ol\u00edmpicos: la programaci\u00f3n completa y horarios de su debut en Par\u00eds 2024\"}]},{\"@type\":\"WebSite\",\"@id\":\"https:\\\/\\\/radiohuancayo.com.pe\\\/wp54\\\/#website\",\"url\":\"https:\\\/\\\/radiohuancayo.com.pe\\\/wp54\\\/\",\"name\":\"Radio Huancayo\",\"description\":\"me gusta!!!\",\"publisher\":{\"@id\":\"https:\\\/\\\/radiohuancayo.com.pe\\\/wp54\\\/#organization\"},\"potentialAction\":[{\"@type\":\"SearchAction\",\"target\":{\"@type\":\"EntryPoint\",\"urlTemplate\":\"https:\\\/\\\/radiohuancayo.com.pe\\\/wp54\\\/?s={search_term_string}\"},\"query-input\":{\"@type\":\"PropertyValueSpecification\",\"valueRequired\":true,\"valueName\":\"search_term_string\"}}],\"inLanguage\":\"es\"},{\"@type\":\"Organization\",\"@id\":\"https:\\\/\\\/radiohuancayo.com.pe\\\/wp54\\\/#organization\",\"name\":\"Radio Huancayo\",\"url\":\"https:\\\/\\\/radiohuancayo.com.pe\\\/wp54\\\/\",\"logo\":{\"@type\":\"ImageObject\",\"inLanguage\":\"es\",\"@id\":\"https:\\\/\\\/radiohuancayo.com.pe\\\/wp54\\\/#\\\/schema\\\/logo\\\/image\\\/\",\"url\":\"https:\\\/\\\/radiohuancayo.com.pe\\\/wp54\\\/wp-content\\\/uploads\\\/2022\\\/04\\\/CABE01.png\",\"contentUrl\":\"https:\\\/\\\/radiohuancayo.com.pe\\\/wp54\\\/wp-content\\\/uploads\\\/2022\\\/04\\\/CABE01.png\",\"width\":1640,\"height\":300,\"caption\":\"Radio Huancayo\"},\"image\":{\"@id\":\"https:\\\/\\\/radiohuancayo.com.pe\\\/wp54\\\/#\\\/schema\\\/logo\\\/image\\\/\"}},{\"@type\":\"Person\",\"@id\":\"https:\\\/\\\/radiohuancayo.com.pe\\\/wp54\\\/#\\\/schema\\\/person\\\/53e7c63df918deff345a30606cbf878c\",\"name\":\"admin\",\"image\":{\"@type\":\"ImageObject\",\"inLanguage\":\"es\",\"@id\":\"https:\\\/\\\/secure.gravatar.com\\\/avatar\\\/3d9af84154e8f14d0ba4f62aa2abc4fcd3ee42a1c034539c08ef7c5615f414cb?s=96&d=mm&r=g\",\"url\":\"https:\\\/\\\/secure.gravatar.com\\\/avatar\\\/3d9af84154e8f14d0ba4f62aa2abc4fcd3ee42a1c034539c08ef7c5615f414cb?s=96&d=mm&r=g\",\"contentUrl\":\"https:\\\/\\\/secure.gravatar.com\\\/avatar\\\/3d9af84154e8f14d0ba4f62aa2abc4fcd3ee42a1c034539c08ef7c5615f414cb?s=96&d=mm&r=g\",\"caption\":\"admin\"},\"sameAs\":[\"https:\\\/\\\/radiohuancayo.com.pe\\\/wp54\"],\"url\":\"https:\\\/\\\/radiohuancayo.com.pe\\\/wp54\\\/author\\\/admin\\\/\"}]}<\/script>\n<!-- \/ Yoast SEO plugin. -->","yoast_head_json":{"title":"Calendario de Per\u00fa en los Juegos Ol\u00edmpicos: la programaci\u00f3n completa y horarios de su debut en Par\u00eds 2024 - Radio Huancayo","robots":{"index":"index","follow":"follow","max-snippet":"max-snippet:-1","max-image-preview":"max-image-preview:large","max-video-preview":"max-video-preview:-1"},"canonical":"https:\/\/radiohuancayo.com.pe\/wp54\/calendario-de-peru-en-los-juegos-olimpicos-la-programacion-completa-y-horarios-de-su-debut-en-paris-2024\/","og_locale":"es_ES","og_type":"article","og_title":"Calendario de Per\u00fa en los Juegos Ol\u00edmpicos: la programaci\u00f3n completa y horarios de su debut en Par\u00eds 2024 - Radio Huancayo","og_description":"\u00bfCu\u00e1l es el calendario de los deportistas peruanos en los Juegos Ol\u00edmpicos Par\u00eds 2024? S\u00c1BADO 27 JULIO Mar\u00eda Luisa Doig&nbsp;&#8211;&gt; 03:00 hrs Adriana Sanguineti&nbsp;(Serie) &#8211;&gt; 03:12 hrs Joaqu\u00edn Vargas&nbsp;(400 m libre \/ Serie) &#8211;&gt; 04:00 hrs Alonso Correa&nbsp;(Ronda 1 Masculina \/ Heat 3) &#8211;&gt; 13:12 hrs Lucca Mesinas&nbsp;(Ronda 1 Masculina \/ Heat 7) &#8211;&gt; 15:36 hrs Sol Aguirre&nbsp;(Ronda 1 Femenina \/ Heat 2) &#8211;&gt; 17:24 hrs DOMINGO 28 JULIO Juan Postigos&nbsp;&#8211;&gt; 03:00 hrs Joaqu\u00edn Vargas&nbsp;(200 m libre \/ Serie) &#8211;&gt; 04:00 hrs Alessia y Valeria Palacios&nbsp;(Serie) &#8211;&gt; 04:30 hrs Mar\u00eda Bel\u00e9n Bazo&nbsp;( Windsurf Regata 1, 2, 3 y 4) &#8211;&gt; 05:13 hrs LUNES 29 JULIO In\u00e9s Castillo&nbsp;(Fase grupos) &#8211;&gt; 03:10 hrs&nbsp;(*) Mckenna De Bever&nbsp;(100 m espalda \/ Serie) &#8211;&gt; 04:00 hrs Mar\u00eda Bel\u00e9n Bazo&nbsp;(Windsurf Regata 5, 6, 7 y 8) &#8211;&gt; 08:43 hrs (*)&nbsp;Horario sujeto a cambios, pendiente del sorteo. MARTES 30 JULIO In\u00e9s Castillo&nbsp;(Fase grupos) &#8211;&gt; 01:30 hrs&nbsp;(*) Mar\u00eda Bel\u00e9n Bazo&nbsp;(Windsurf Regata 9, 10, 11 y 12) &#8211;&gt; 05:13 hrs (*)&nbsp;Horario sujeto a cambios, pendiente del sorteo. MI\u00c9RCOLES 31 JULIO In\u00e9s Castillo&nbsp;(Fase grupos) &#8211;&gt; 01:30 hrs&nbsp;(*) Mar\u00eda Bel\u00e9n Bazo&nbsp;(Windsurf Regata 13, 14, 15 y 16) &#8211;&gt; 09:48 hrs (*)&nbsp;Horario sujeto a cambios, pendiente del sorteo. JUEVES 1 AGOSTO C\u00e9sar Rodr\u00edguez y Luis Henry Campos&nbsp;(Marcha atl\u00e9tica masc. 20 km) &#8211;&gt; 00:30 hrs Kimberly Garc\u00eda, Evelyn Inga y Mary Luz And\u00eda&nbsp;(Marcha atl\u00e9tica fem. 20 km) &#8211;&gt; 02:20 hrs Stefano Peschiera&nbsp;(Dinghy masculino Regata 1 y 2) &#8211;&gt; 05:15 hrs Mar\u00eda Bel\u00e9n Bazo&nbsp;(Windsurf Regata 17, 18 y marat\u00f3n) &#8211;&gt; 08:03 hrs Florencia Chiarella&nbsp;(Dinghy femenino Regata 1 y 2) &#8211;&gt; 08:35 hrs VIERNES 2 AGOSTO Nicol\u00e1s Pacheco&nbsp;(d\u00eda 1 clasificaci\u00f3n) &#8211;&gt; 02:00 hrs Mckenna De Bever&nbsp;(200 m combinados \/ Serie) &#8211;&gt; 04:00 hrs Florencia Chiarella&nbsp;(Dinghy femenino Regata 3 y 4) &#8211;&gt; 05:15 hrs Stefano Peschiera&nbsp;(Dinghy masculino Regata 3 y 4) &#8211;&gt; 08:35 hrs S\u00c1BADO 3 AGOSTO Nicol\u00e1s Pacheco&nbsp;(d\u00eda 2 clasificaci\u00f3n) &#8211;&gt; 02:00 hrs Daniella Borda&nbsp;(d\u00eda 1 clasificaci\u00f3n) &#8211;&gt; 02:00 hrs Stefano Peschiera&nbsp;(Dinghy masculino Regata 5 y 6) &#8211;&gt; 05:15 hrs Florencia Chiarella&nbsp;(Dinghy femenino Regata 5 y 6) &#8211;&gt; 07:25 hrs DOMINGO 4 AGOSTO Daniella Borda&nbsp;(d\u00eda 2 clasificaci\u00f3n) &#8211;&gt; 02:30 hrs Stefano Peschiera&nbsp;(Dinghy masculino Regata 7 Y 8) &#8211;&gt; 05:05 hrs Florencia Chiarella&nbsp;(Dinghy femenino Regata 7 y 8) &#8211;&gt; 07:35 hrs LUNES 5 AGOSTO Stefano Peschiera&nbsp;(Dinghy masculino Regata 9 y 10) &#8211;&gt; 07:40 hrs Florencia Chiarella&nbsp;(Dinghy femenino Regata 9 y 10) &#8211;&gt; 05:15 hrs MARTES 6 AGOSTO Stefano Peschiera&nbsp;(Regata por medalla, en caso tener opci\u00f3n) Florencia Chiarella&nbsp;(Regata por medalla, en caso tener opci\u00f3n) MI\u00c9RCOLES 7 AGOSTO Kimberly Garc\u00eda y C\u00e9sar Rodr\u00edguez&nbsp;(Marat\u00f3n de marcha relevos mixtos) &#8211;&gt; 00:30 hrs JUEVES 8 AGOSTO Mar\u00eda Alejandra Bramont-Arias&nbsp;&#8211;&gt; 00:30 hrs S\u00c1BADO 10 AGOSTO Cristhian Pacheco&nbsp;(Marat\u00f3n masc.) &#8211;&gt; 01:00 hrs DOMINGO 11 AGOSTO Gladys Tejeda, Thal\u00eda Valdivia y Luz Mery Rojas&nbsp;(Marat\u00f3n fem.) &#8211;&gt; 01:00 hrs","og_url":"https:\/\/radiohuancayo.com.pe\/wp54\/calendario-de-peru-en-los-juegos-olimpicos-la-programacion-completa-y-horarios-de-su-debut-en-paris-2024\/","og_site_name":"Radio Huancayo","article_published_time":"2024-07-26T04:50:30+00:00","article_modified_time":"2024-07-26T04:50:31+00:00","og_image":[{"width":1200,"height":675,"url":"https:\/\/radiohuancayo.com.pe\/wp54\/wp-content\/uploads\/2024\/07\/image-79.png","type":"image\/png"}],"author":"admin","twitter_card":"summary_large_image","twitter_misc":{"Escrito por":"admin","Tiempo de lectura":"3 minutos"},"schema":{"@context":"https:\/\/schema.org","@graph":[{"@type":"Article","@id":"https:\/\/radiohuancayo.com.pe\/wp54\/calendario-de-peru-en-los-juegos-olimpicos-la-programacion-completa-y-horarios-de-su-debut-en-paris-2024\/#article","isPartOf":{"@id":"https:\/\/radiohuancayo.com.pe\/wp54\/calendario-de-peru-en-los-juegos-olimpicos-la-programacion-completa-y-horarios-de-su-debut-en-paris-2024\/"},"author":{"name":"admin","@id":"https:\/\/radiohuancayo.com.pe\/wp54\/#\/schema\/person\/53e7c63df918deff345a30606cbf878c"},"headline":"Calendario de Per\u00fa en los Juegos Ol\u00edmpicos: la programaci\u00f3n completa y horarios de su debut en Par\u00eds 2024","datePublished":"2024-07-26T04:50:30+00:00","dateModified":"2024-07-26T04:50:31+00:00","mainEntityOfPage":{"@id":"https:\/\/radiohuancayo.com.pe\/wp54\/calendario-de-peru-en-los-juegos-olimpicos-la-programacion-completa-y-horarios-de-su-debut-en-paris-2024\/"},"wordCount":560,"commentCount":0,"publisher":{"@id":"https:\/\/radiohuancayo.com.pe\/wp54\/#organization"},"image":{"@id":"https:\/\/radiohuancayo.com.pe\/wp54\/calendario-de-peru-en-los-juegos-olimpicos-la-programacion-completa-y-horarios-de-su-debut-en-paris-2024\/#primaryimage"},"thumbnailUrl":"https:\/\/radiohuancayo.com.pe\/wp54\/wp-content\/uploads\/2024\/07\/image-79.png","articleSection":["Deportes","Portada"],"inLanguage":"es","potentialAction":[{"@type":"CommentAction","name":"Comment","target":["https:\/\/radiohuancayo.com.pe\/wp54\/calendario-de-peru-en-los-juegos-olimpicos-la-programacion-completa-y-horarios-de-su-debut-en-paris-2024\/#respond"]}]},{"@type":"WebPage","@id":"https:\/\/radiohuancayo.com.pe\/wp54\/calendario-de-peru-en-los-juegos-olimpicos-la-programacion-completa-y-horarios-de-su-debut-en-paris-2024\/","url":"https:\/\/radiohuancayo.com.pe\/wp54\/calendario-de-peru-en-los-juegos-olimpicos-la-programacion-completa-y-horarios-de-su-debut-en-paris-2024\/","name":"Calendario de Per\u00fa en los Juegos Ol\u00edmpicos: la programaci\u00f3n completa y horarios de su debut en Par\u00eds 2024 - Radio Huancayo","isPartOf":{"@id":"https:\/\/radiohuancayo.com.pe\/wp54\/#website"},"primaryImageOfPage":{"@id":"https:\/\/radiohuancayo.com.pe\/wp54\/calendario-de-peru-en-los-juegos-olimpicos-la-programacion-completa-y-horarios-de-su-debut-en-paris-2024\/#primaryimage"},"image":{"@id":"https:\/\/radiohuancayo.com.pe\/wp54\/calendario-de-peru-en-los-juegos-olimpicos-la-programacion-completa-y-horarios-de-su-debut-en-paris-2024\/#primaryimage"},"thumbnailUrl":"https:\/\/radiohuancayo.com.pe\/wp54\/wp-content\/uploads\/2024\/07\/image-79.png","datePublished":"2024-07-26T04:50:30+00:00","dateModified":"2024-07-26T04:50:31+00:00","breadcrumb":{"@id":"https:\/\/radiohuancayo.com.pe\/wp54\/calendario-de-peru-en-los-juegos-olimpicos-la-programacion-completa-y-horarios-de-su-debut-en-paris-2024\/#breadcrumb"},"inLanguage":"es","potentialAction":[{"@type":"ReadAction","target":["https:\/\/radiohuancayo.com.pe\/wp54\/calendario-de-peru-en-los-juegos-olimpicos-la-programacion-completa-y-horarios-de-su-debut-en-paris-2024\/"]}]},{"@type":"ImageObject","inLanguage":"es","@id":"https:\/\/radiohuancayo.com.pe\/wp54\/calendario-de-peru-en-los-juegos-olimpicos-la-programacion-completa-y-horarios-de-su-debut-en-paris-2024\/#primaryimage","url":"https:\/\/radiohuancayo.com.pe\/wp54\/wp-content\/uploads\/2024\/07\/image-79.png","contentUrl":"https:\/\/radiohuancayo.com.pe\/wp54\/wp-content\/uploads\/2024\/07\/image-79.png","width":1200,"height":675},{"@type":"BreadcrumbList","@id":"https:\/\/radiohuancayo.com.pe\/wp54\/calendario-de-peru-en-los-juegos-olimpicos-la-programacion-completa-y-horarios-de-su-debut-en-paris-2024\/#breadcrumb","itemListElement":[{"@type":"ListItem","position":1,"name":"Portada","item":"https:\/\/radiohuancayo.com.pe\/wp54\/"},{"@type":"ListItem","position":2,"name":"Calendario de Per\u00fa en los Juegos Ol\u00edmpicos: la programaci\u00f3n completa y horarios de su debut en Par\u00eds 2024"}]},{"@type":"WebSite","@id":"https:\/\/radiohuancayo.com.pe\/wp54\/#website","url":"https:\/\/radiohuancayo.com.pe\/wp54\/","name":"Radio Huancayo","description":"me gusta!!!","publisher":{"@id":"https:\/\/radiohuancayo.com.pe\/wp54\/#organization"},"potentialAction":[{"@type":"SearchAction","target":{"@type":"EntryPoint","urlTemplate":"https:\/\/radiohuancayo.com.pe\/wp54\/?s={search_term_string}"},"query-input":{"@type":"PropertyValueSpecification","valueRequired":true,"valueName":"search_term_string"}}],"inLanguage":"es"},{"@type":"Organization","@id":"https:\/\/radiohuancayo.com.pe\/wp54\/#organization","name":"Radio Huancayo","url":"https:\/\/radiohuancayo.com.pe\/wp54\/","logo":{"@type":"ImageObject","inLanguage":"es","@id":"https:\/\/radiohuancayo.com.pe\/wp54\/#\/schema\/logo\/image\/","url":"https:\/\/radiohuancayo.com.pe\/wp54\/wp-content\/uploads\/2022\/04\/CABE01.png","contentUrl":"https:\/\/radiohuancayo.com.pe\/wp54\/wp-content\/uploads\/2022\/04\/CABE01.png","width":1640,"height":300,"caption":"Radio Huancayo"},"image":{"@id":"https:\/\/radiohuancayo.com.pe\/wp54\/#\/schema\/logo\/image\/"}},{"@type":"Person","@id":"https:\/\/radiohuancayo.com.pe\/wp54\/#\/schema\/person\/53e7c63df918deff345a30606cbf878c","name":"admin","image":{"@type":"ImageObject","inLanguage":"es","@id":"https:\/\/secure.gravatar.com\/avatar\/3d9af84154e8f14d0ba4f62aa2abc4fcd3ee42a1c034539c08ef7c5615f414cb?s=96&d=mm&r=g","url":"https:\/\/secure.gravatar.com\/avatar\/3d9af84154e8f14d0ba4f62aa2abc4fcd3ee42a1c034539c08ef7c5615f414cb?s=96&d=mm&r=g","contentUrl":"https:\/\/secure.gravatar.com\/avatar\/3d9af84154e8f14d0ba4f62aa2abc4fcd3ee42a1c034539c08ef7c5615f414cb?s=96&d=mm&r=g","caption":"admin"},"sameAs":["https:\/\/radiohuancayo.com.pe\/wp54"],"url":"https:\/\/radiohuancayo.com.pe\/wp54\/author\/admin\/"}]}},"_links":{"self":[{"href":"https:\/\/radiohuancayo.com.pe\/wp54\/wp-json\/wp\/v2\/posts\/27364","targetHints":{"allow":["GET"]}}],"collection":[{"href":"https:\/\/radiohuancayo.com.pe\/wp54\/wp-json\/wp\/v2\/posts"}],"about":[{"href":"https:\/\/radiohuancayo.com.pe\/wp54\/wp-json\/wp\/v2\/types\/post"}],"author":[{"embeddable":true,"href":"https:\/\/radiohuancayo.com.pe\/wp54\/wp-json\/wp\/v2\/users\/1"}],"replies":[{"embeddable":true,"href":"https:\/\/radiohuancayo.com.pe\/wp54\/wp-json\/wp\/v2\/comments?post=27364"}],"version-history":[{"count":1,"href":"https:\/\/radiohuancayo.com.pe\/wp54\/wp-json\/wp\/v2\/posts\/27364\/revisions"}],"predecessor-version":[{"id":27366,"href":"https:\/\/radiohuancayo.com.pe\/wp54\/wp-json\/wp\/v2\/posts\/27364\/revisions\/27366"}],"wp:featuredmedia":[{"embeddable":true,"href":"https:\/\/radiohuancayo.com.pe\/wp54\/wp-json\/wp\/v2\/media\/27365"}],"wp:attachment":[{"href":"https:\/\/radiohuancayo.com.pe\/wp54\/wp-json\/wp\/v2\/media?parent=27364"}],"wp:term":[{"taxonomy":"category","embeddable":true,"href":"https:\/\/radiohuancayo.com.pe\/wp54\/wp-json\/wp\/v2\/categories?post=27364"},{"taxonomy":"post_tag","embeddable":true,"href":"https:\/\/radiohuancayo.com.pe\/wp54\/wp-json\/wp\/v2\/tags?post=27364"}],"curies":[{"name":"wp","href":"https:\/\/api.w.org\/{rel}","templated":true}]}}