{"id":27379,"date":"2024-07-29T17:21:07","date_gmt":"2024-07-29T22:21:07","guid":{"rendered":"https:\/\/radiohuancayo.com.pe\/wp54\/?p=27379"},"modified":"2024-07-29T17:21:08","modified_gmt":"2024-07-29T22:21:08","slug":"el-consejo-nacional-electoral-de-venezuela-proclama-de-manera-oficial-presidente-a-nicolas-maduro","status":"publish","type":"post","link":"https:\/\/radiohuancayo.com.pe\/wp54\/el-consejo-nacional-electoral-de-venezuela-proclama-de-manera-oficial-presidente-a-nicolas-maduro\/","title":{"rendered":"El Consejo Nacional Electoral de Venezuela proclama de manera oficial presidente a Nicol\u00e1s Maduro"},"content":{"rendered":"\n<p>El\u00a0<strong>Consejo Nacional Electoral (CNE)<\/strong>\u00a0de Venezuela ha proclamado este lunes, de manera oficial,\u00a0<strong>presidente<\/strong>\u00a0a\u00a0Nicol\u00e1s Maduro, despu\u00e9s de que el ente anunciara la noche del domingo que el chavista, en el poder desde 2013,\u00a0gan\u00f3 los comicios con el 51,2 % de los votos, un resultado rechazado por la oposici\u00f3n mayoritaria y gran parte de la comunidad internacional.<\/p>\n\n\n\n<p>El presidente del CNE, Elvis Amoroso, dijo, durante el acto de proclamaci\u00f3n que \u00abla elecci\u00f3n presidencial se desarroll\u00f3 en un clima de respeto, paz, y participaci\u00f3n democr\u00e1tica pese a que algunos pretendieron generar violencia\u00bb, aunque -asegur\u00f3- \u00abfueron muchos los ataques\u00bb al sistema electoral, sin precisar de qu\u00e9 forma se produjeron.<\/p>\n\n\n\n<p>A pesar de todo -dijo- con la \u00abcapacidad t\u00e9cnica, la moral y la \u00e9tica\u00bb del CNE se \u00abvencieron todos los obst\u00e1culos\u00bb.<\/p>\n\n\n\n<p>Amoroso insisti\u00f3 en que Maduro obtuvo la mayor\u00eda de votos v\u00e1lidos en las presidenciales, \u00abresultando electo para un per\u00edodo de seis a\u00f1os m\u00e1s\u00bb, cuyo mandato comenzar\u00e1 oficialmente el 10 de enero de 2025, cuando est\u00e1 prevista la toma de posesi\u00f3n.<\/p>\n","protected":false},"excerpt":{"rendered":"<p>El\u00a0Consejo Nacional Electoral (CNE)\u00a0de Venezuela ha proclamado este lunes, de manera oficial,\u00a0presidente\u00a0a\u00a0Nicol\u00e1s Maduro, despu\u00e9s de que el ente anunciara la noche del domingo que el chavista, en el poder desde 2013,\u00a0gan\u00f3 los comicios con el 51,2 % de los votos, un resultado rechazado por la oposici\u00f3n mayoritaria y gran parte de la comunidad internacional. El presidente del CNE, Elvis Amoroso, dijo, durante el acto de proclamaci\u00f3n que \u00abla elecci\u00f3n presidencial se desarroll\u00f3 en un clima de respeto, paz, y participaci\u00f3n democr\u00e1tica pese a que algunos pretendieron generar violencia\u00bb, aunque -asegur\u00f3- \u00abfueron muchos los ataques\u00bb al sistema electoral, sin precisar de qu\u00e9 forma se produjeron. A pesar de todo -dijo- con la \u00abcapacidad t\u00e9cnica, la moral y la \u00e9tica\u00bb del CNE se \u00abvencieron todos los obst\u00e1culos\u00bb. Amoroso insisti\u00f3 en que Maduro obtuvo la mayor\u00eda de votos v\u00e1lidos en las presidenciales, \u00abresultando electo para un per\u00edodo de seis a\u00f1os m\u00e1s\u00bb, cuyo mandato comenzar\u00e1 oficialmente el 10 de enero de 2025, cuando est\u00e1 prevista la toma de posesi\u00f3n.<\/p>\n","protected":false},"author":1,"featured_media":27380,"comment_status":"open","ping_status":"open","sticky":false,"template":"","format":"standard","meta":{"footnotes":""},"categories":[6,3],"tags":[],"class_list":["post-27379","post","type-post","status-publish","format-standard","has-post-thumbnail","hentry","category-internacionales","category-noticias"],"yoast_head":"<!-- This site is optimized with the Yoast SEO plugin v27.5 - https:\/\/yoast.com\/product\/yoast-seo-wordpress\/ -->\n<title>El Consejo Nacional Electoral de Venezuela proclama de manera oficial presidente a Nicol\u00e1s Maduro - Radio Huancayo<\/title>\n<meta name=\"robots\" content=\"index, follow, max-snippet:-1, max-image-preview:large, max-video-preview:-1\" \/>\n<link rel=\"canonical\" href=\"https:\/\/radiohuancayo.com.pe\/wp54\/el-consejo-nacional-electoral-de-venezuela-proclama-de-manera-oficial-presidente-a-nicolas-maduro\/\" \/>\n<meta property=\"og:locale\" content=\"es_ES\" \/>\n<meta property=\"og:type\" content=\"article\" \/>\n<meta property=\"og:title\" content=\"El Consejo Nacional Electoral de Venezuela proclama de manera oficial presidente a Nicol\u00e1s Maduro - Radio Huancayo\" \/>\n<meta property=\"og:description\" content=\"El\u00a0Consejo Nacional Electoral (CNE)\u00a0de Venezuela ha proclamado este lunes, de manera oficial,\u00a0presidente\u00a0a\u00a0Nicol\u00e1s Maduro, despu\u00e9s de que el ente anunciara la noche del domingo que el chavista, en el poder desde 2013,\u00a0gan\u00f3 los comicios con el 51,2 % de los votos, un resultado rechazado por la oposici\u00f3n mayoritaria y gran parte de la comunidad internacional. El presidente del CNE, Elvis Amoroso, dijo, durante el acto de proclamaci\u00f3n que \u00abla elecci\u00f3n presidencial se desarroll\u00f3 en un clima de respeto, paz, y participaci\u00f3n democr\u00e1tica pese a que algunos pretendieron generar violencia\u00bb, aunque -asegur\u00f3- \u00abfueron muchos los ataques\u00bb al sistema electoral, sin precisar de qu\u00e9 forma se produjeron. A pesar de todo -dijo- con la \u00abcapacidad t\u00e9cnica, la moral y la \u00e9tica\u00bb del CNE se \u00abvencieron todos los obst\u00e1culos\u00bb. Amoroso insisti\u00f3 en que Maduro obtuvo la mayor\u00eda de votos v\u00e1lidos en las presidenciales, \u00abresultando electo para un per\u00edodo de seis a\u00f1os m\u00e1s\u00bb, cuyo mandato comenzar\u00e1 oficialmente el 10 de enero de 2025, cuando est\u00e1 prevista la toma de posesi\u00f3n.\" \/>\n<meta property=\"og:url\" content=\"https:\/\/radiohuancayo.com.pe\/wp54\/el-consejo-nacional-electoral-de-venezuela-proclama-de-manera-oficial-presidente-a-nicolas-maduro\/\" \/>\n<meta property=\"og:site_name\" content=\"Radio Huancayo\" \/>\n<meta property=\"article:published_time\" content=\"2024-07-29T22:21:07+00:00\" \/>\n<meta property=\"article:modified_time\" content=\"2024-07-29T22:21:08+00:00\" \/>\n<meta property=\"og:image\" content=\"https:\/\/radiohuancayo.com.pe\/wp54\/wp-content\/uploads\/2024\/07\/image-82.png\" \/>\n\t<meta property=\"og:image:width\" content=\"1200\" \/>\n\t<meta property=\"og:image:height\" content=\"675\" \/>\n\t<meta property=\"og:image:type\" content=\"image\/png\" \/>\n<meta name=\"author\" content=\"admin\" \/>\n<meta name=\"twitter:card\" content=\"summary_large_image\" \/>\n<meta name=\"twitter:label1\" content=\"Escrito por\" \/>\n\t<meta name=\"twitter:data1\" content=\"admin\" \/>\n\t<meta name=\"twitter:label2\" content=\"Tiempo de lectura\" \/>\n\t<meta name=\"twitter:data2\" content=\"1 minuto\" \/>\n<script type=\"application\/ld+json\" class=\"yoast-schema-graph\">{\"@context\":\"https:\\\/\\\/schema.org\",\"@graph\":[{\"@type\":\"Article\",\"@id\":\"https:\\\/\\\/radiohuancayo.com.pe\\\/wp54\\\/el-consejo-nacional-electoral-de-venezuela-proclama-de-manera-oficial-presidente-a-nicolas-maduro\\\/#article\",\"isPartOf\":{\"@id\":\"https:\\\/\\\/radiohuancayo.com.pe\\\/wp54\\\/el-consejo-nacional-electoral-de-venezuela-proclama-de-manera-oficial-presidente-a-nicolas-maduro\\\/\"},\"author\":{\"name\":\"admin\",\"@id\":\"https:\\\/\\\/radiohuancayo.com.pe\\\/wp54\\\/#\\\/schema\\\/person\\\/53e7c63df918deff345a30606cbf878c\"},\"headline\":\"El Consejo Nacional Electoral de Venezuela proclama de manera oficial presidente a Nicol\u00e1s Maduro\",\"datePublished\":\"2024-07-29T22:21:07+00:00\",\"dateModified\":\"2024-07-29T22:21:08+00:00\",\"mainEntityOfPage\":{\"@id\":\"https:\\\/\\\/radiohuancayo.com.pe\\\/wp54\\\/el-consejo-nacional-electoral-de-venezuela-proclama-de-manera-oficial-presidente-a-nicolas-maduro\\\/\"},\"wordCount\":197,\"commentCount\":0,\"publisher\":{\"@id\":\"https:\\\/\\\/radiohuancayo.com.pe\\\/wp54\\\/#organization\"},\"image\":{\"@id\":\"https:\\\/\\\/radiohuancayo.com.pe\\\/wp54\\\/el-consejo-nacional-electoral-de-venezuela-proclama-de-manera-oficial-presidente-a-nicolas-maduro\\\/#primaryimage\"},\"thumbnailUrl\":\"https:\\\/\\\/radiohuancayo.com.pe\\\/wp54\\\/wp-content\\\/uploads\\\/2024\\\/07\\\/image-82.png\",\"articleSection\":[\"Internacionales\",\"Noticias\"],\"inLanguage\":\"es\",\"potentialAction\":[{\"@type\":\"CommentAction\",\"name\":\"Comment\",\"target\":[\"https:\\\/\\\/radiohuancayo.com.pe\\\/wp54\\\/el-consejo-nacional-electoral-de-venezuela-proclama-de-manera-oficial-presidente-a-nicolas-maduro\\\/#respond\"]}]},{\"@type\":\"WebPage\",\"@id\":\"https:\\\/\\\/radiohuancayo.com.pe\\\/wp54\\\/el-consejo-nacional-electoral-de-venezuela-proclama-de-manera-oficial-presidente-a-nicolas-maduro\\\/\",\"url\":\"https:\\\/\\\/radiohuancayo.com.pe\\\/wp54\\\/el-consejo-nacional-electoral-de-venezuela-proclama-de-manera-oficial-presidente-a-nicolas-maduro\\\/\",\"name\":\"El Consejo Nacional Electoral de Venezuela proclama de manera oficial presidente a Nicol\u00e1s Maduro - Radio Huancayo\",\"isPartOf\":{\"@id\":\"https:\\\/\\\/radiohuancayo.com.pe\\\/wp54\\\/#website\"},\"primaryImageOfPage\":{\"@id\":\"https:\\\/\\\/radiohuancayo.com.pe\\\/wp54\\\/el-consejo-nacional-electoral-de-venezuela-proclama-de-manera-oficial-presidente-a-nicolas-maduro\\\/#primaryimage\"},\"image\":{\"@id\":\"https:\\\/\\\/radiohuancayo.com.pe\\\/wp54\\\/el-consejo-nacional-electoral-de-venezuela-proclama-de-manera-oficial-presidente-a-nicolas-maduro\\\/#primaryimage\"},\"thumbnailUrl\":\"https:\\\/\\\/radiohuancayo.com.pe\\\/wp54\\\/wp-content\\\/uploads\\\/2024\\\/07\\\/image-82.png\",\"datePublished\":\"2024-07-29T22:21:07+00:00\",\"dateModified\":\"2024-07-29T22:21:08+00:00\",\"breadcrumb\":{\"@id\":\"https:\\\/\\\/radiohuancayo.com.pe\\\/wp54\\\/el-consejo-nacional-electoral-de-venezuela-proclama-de-manera-oficial-presidente-a-nicolas-maduro\\\/#breadcrumb\"},\"inLanguage\":\"es\",\"potentialAction\":[{\"@type\":\"ReadAction\",\"target\":[\"https:\\\/\\\/radiohuancayo.com.pe\\\/wp54\\\/el-consejo-nacional-electoral-de-venezuela-proclama-de-manera-oficial-presidente-a-nicolas-maduro\\\/\"]}]},{\"@type\":\"ImageObject\",\"inLanguage\":\"es\",\"@id\":\"https:\\\/\\\/radiohuancayo.com.pe\\\/wp54\\\/el-consejo-nacional-electoral-de-venezuela-proclama-de-manera-oficial-presidente-a-nicolas-maduro\\\/#primaryimage\",\"url\":\"https:\\\/\\\/radiohuancayo.com.pe\\\/wp54\\\/wp-content\\\/uploads\\\/2024\\\/07\\\/image-82.png\",\"contentUrl\":\"https:\\\/\\\/radiohuancayo.com.pe\\\/wp54\\\/wp-content\\\/uploads\\\/2024\\\/07\\\/image-82.png\",\"width\":1200,\"height\":675},{\"@type\":\"BreadcrumbList\",\"@id\":\"https:\\\/\\\/radiohuancayo.com.pe\\\/wp54\\\/el-consejo-nacional-electoral-de-venezuela-proclama-de-manera-oficial-presidente-a-nicolas-maduro\\\/#breadcrumb\",\"itemListElement\":[{\"@type\":\"ListItem\",\"position\":1,\"name\":\"Portada\",\"item\":\"https:\\\/\\\/radiohuancayo.com.pe\\\/wp54\\\/\"},{\"@type\":\"ListItem\",\"position\":2,\"name\":\"El Consejo Nacional Electoral de Venezuela proclama de manera oficial presidente a Nicol\u00e1s Maduro\"}]},{\"@type\":\"WebSite\",\"@id\":\"https:\\\/\\\/radiohuancayo.com.pe\\\/wp54\\\/#website\",\"url\":\"https:\\\/\\\/radiohuancayo.com.pe\\\/wp54\\\/\",\"name\":\"Radio Huancayo\",\"description\":\"me gusta!!!\",\"publisher\":{\"@id\":\"https:\\\/\\\/radiohuancayo.com.pe\\\/wp54\\\/#organization\"},\"potentialAction\":[{\"@type\":\"SearchAction\",\"target\":{\"@type\":\"EntryPoint\",\"urlTemplate\":\"https:\\\/\\\/radiohuancayo.com.pe\\\/wp54\\\/?s={search_term_string}\"},\"query-input\":{\"@type\":\"PropertyValueSpecification\",\"valueRequired\":true,\"valueName\":\"search_term_string\"}}],\"inLanguage\":\"es\"},{\"@type\":\"Organization\",\"@id\":\"https:\\\/\\\/radiohuancayo.com.pe\\\/wp54\\\/#organization\",\"name\":\"Radio Huancayo\",\"url\":\"https:\\\/\\\/radiohuancayo.com.pe\\\/wp54\\\/\",\"logo\":{\"@type\":\"ImageObject\",\"inLanguage\":\"es\",\"@id\":\"https:\\\/\\\/radiohuancayo.com.pe\\\/wp54\\\/#\\\/schema\\\/logo\\\/image\\\/\",\"url\":\"https:\\\/\\\/radiohuancayo.com.pe\\\/wp54\\\/wp-content\\\/uploads\\\/2022\\\/04\\\/CABE01.png\",\"contentUrl\":\"https:\\\/\\\/radiohuancayo.com.pe\\\/wp54\\\/wp-content\\\/uploads\\\/2022\\\/04\\\/CABE01.png\",\"width\":1640,\"height\":300,\"caption\":\"Radio Huancayo\"},\"image\":{\"@id\":\"https:\\\/\\\/radiohuancayo.com.pe\\\/wp54\\\/#\\\/schema\\\/logo\\\/image\\\/\"}},{\"@type\":\"Person\",\"@id\":\"https:\\\/\\\/radiohuancayo.com.pe\\\/wp54\\\/#\\\/schema\\\/person\\\/53e7c63df918deff345a30606cbf878c\",\"name\":\"admin\",\"image\":{\"@type\":\"ImageObject\",\"inLanguage\":\"es\",\"@id\":\"https:\\\/\\\/secure.gravatar.com\\\/avatar\\\/3d9af84154e8f14d0ba4f62aa2abc4fcd3ee42a1c034539c08ef7c5615f414cb?s=96&d=mm&r=g\",\"url\":\"https:\\\/\\\/secure.gravatar.com\\\/avatar\\\/3d9af84154e8f14d0ba4f62aa2abc4fcd3ee42a1c034539c08ef7c5615f414cb?s=96&d=mm&r=g\",\"contentUrl\":\"https:\\\/\\\/secure.gravatar.com\\\/avatar\\\/3d9af84154e8f14d0ba4f62aa2abc4fcd3ee42a1c034539c08ef7c5615f414cb?s=96&d=mm&r=g\",\"caption\":\"admin\"},\"sameAs\":[\"https:\\\/\\\/radiohuancayo.com.pe\\\/wp54\"],\"url\":\"https:\\\/\\\/radiohuancayo.com.pe\\\/wp54\\\/author\\\/admin\\\/\"}]}<\/script>\n<!-- \/ Yoast SEO plugin. -->","yoast_head_json":{"title":"El Consejo Nacional Electoral de Venezuela proclama de manera oficial presidente a Nicol\u00e1s Maduro - Radio Huancayo","robots":{"index":"index","follow":"follow","max-snippet":"max-snippet:-1","max-image-preview":"max-image-preview:large","max-video-preview":"max-video-preview:-1"},"canonical":"https:\/\/radiohuancayo.com.pe\/wp54\/el-consejo-nacional-electoral-de-venezuela-proclama-de-manera-oficial-presidente-a-nicolas-maduro\/","og_locale":"es_ES","og_type":"article","og_title":"El Consejo Nacional Electoral de Venezuela proclama de manera oficial presidente a Nicol\u00e1s Maduro - Radio Huancayo","og_description":"El\u00a0Consejo Nacional Electoral (CNE)\u00a0de Venezuela ha proclamado este lunes, de manera oficial,\u00a0presidente\u00a0a\u00a0Nicol\u00e1s Maduro, despu\u00e9s de que el ente anunciara la noche del domingo que el chavista, en el poder desde 2013,\u00a0gan\u00f3 los comicios con el 51,2 % de los votos, un resultado rechazado por la oposici\u00f3n mayoritaria y gran parte de la comunidad internacional. El presidente del CNE, Elvis Amoroso, dijo, durante el acto de proclamaci\u00f3n que \u00abla elecci\u00f3n presidencial se desarroll\u00f3 en un clima de respeto, paz, y participaci\u00f3n democr\u00e1tica pese a que algunos pretendieron generar violencia\u00bb, aunque -asegur\u00f3- \u00abfueron muchos los ataques\u00bb al sistema electoral, sin precisar de qu\u00e9 forma se produjeron. A pesar de todo -dijo- con la \u00abcapacidad t\u00e9cnica, la moral y la \u00e9tica\u00bb del CNE se \u00abvencieron todos los obst\u00e1culos\u00bb. Amoroso insisti\u00f3 en que Maduro obtuvo la mayor\u00eda de votos v\u00e1lidos en las presidenciales, \u00abresultando electo para un per\u00edodo de seis a\u00f1os m\u00e1s\u00bb, cuyo mandato comenzar\u00e1 oficialmente el 10 de enero de 2025, cuando est\u00e1 prevista la toma de posesi\u00f3n.","og_url":"https:\/\/radiohuancayo.com.pe\/wp54\/el-consejo-nacional-electoral-de-venezuela-proclama-de-manera-oficial-presidente-a-nicolas-maduro\/","og_site_name":"Radio Huancayo","article_published_time":"2024-07-29T22:21:07+00:00","article_modified_time":"2024-07-29T22:21:08+00:00","og_image":[{"width":1200,"height":675,"url":"https:\/\/radiohuancayo.com.pe\/wp54\/wp-content\/uploads\/2024\/07\/image-82.png","type":"image\/png"}],"author":"admin","twitter_card":"summary_large_image","twitter_misc":{"Escrito por":"admin","Tiempo de lectura":"1 minuto"},"schema":{"@context":"https:\/\/schema.org","@graph":[{"@type":"Article","@id":"https:\/\/radiohuancayo.com.pe\/wp54\/el-consejo-nacional-electoral-de-venezuela-proclama-de-manera-oficial-presidente-a-nicolas-maduro\/#article","isPartOf":{"@id":"https:\/\/radiohuancayo.com.pe\/wp54\/el-consejo-nacional-electoral-de-venezuela-proclama-de-manera-oficial-presidente-a-nicolas-maduro\/"},"author":{"name":"admin","@id":"https:\/\/radiohuancayo.com.pe\/wp54\/#\/schema\/person\/53e7c63df918deff345a30606cbf878c"},"headline":"El Consejo Nacional Electoral de Venezuela proclama de manera oficial presidente a Nicol\u00e1s Maduro","datePublished":"2024-07-29T22:21:07+00:00","dateModified":"2024-07-29T22:21:08+00:00","mainEntityOfPage":{"@id":"https:\/\/radiohuancayo.com.pe\/wp54\/el-consejo-nacional-electoral-de-venezuela-proclama-de-manera-oficial-presidente-a-nicolas-maduro\/"},"wordCount":197,"commentCount":0,"publisher":{"@id":"https:\/\/radiohuancayo.com.pe\/wp54\/#organization"},"image":{"@id":"https:\/\/radiohuancayo.com.pe\/wp54\/el-consejo-nacional-electoral-de-venezuela-proclama-de-manera-oficial-presidente-a-nicolas-maduro\/#primaryimage"},"thumbnailUrl":"https:\/\/radiohuancayo.com.pe\/wp54\/wp-content\/uploads\/2024\/07\/image-82.png","articleSection":["Internacionales","Noticias"],"inLanguage":"es","potentialAction":[{"@type":"CommentAction","name":"Comment","target":["https:\/\/radiohuancayo.com.pe\/wp54\/el-consejo-nacional-electoral-de-venezuela-proclama-de-manera-oficial-presidente-a-nicolas-maduro\/#respond"]}]},{"@type":"WebPage","@id":"https:\/\/radiohuancayo.com.pe\/wp54\/el-consejo-nacional-electoral-de-venezuela-proclama-de-manera-oficial-presidente-a-nicolas-maduro\/","url":"https:\/\/radiohuancayo.com.pe\/wp54\/el-consejo-nacional-electoral-de-venezuela-proclama-de-manera-oficial-presidente-a-nicolas-maduro\/","name":"El Consejo Nacional Electoral de Venezuela proclama de manera oficial presidente a Nicol\u00e1s Maduro - Radio Huancayo","isPartOf":{"@id":"https:\/\/radiohuancayo.com.pe\/wp54\/#website"},"primaryImageOfPage":{"@id":"https:\/\/radiohuancayo.com.pe\/wp54\/el-consejo-nacional-electoral-de-venezuela-proclama-de-manera-oficial-presidente-a-nicolas-maduro\/#primaryimage"},"image":{"@id":"https:\/\/radiohuancayo.com.pe\/wp54\/el-consejo-nacional-electoral-de-venezuela-proclama-de-manera-oficial-presidente-a-nicolas-maduro\/#primaryimage"},"thumbnailUrl":"https:\/\/radiohuancayo.com.pe\/wp54\/wp-content\/uploads\/2024\/07\/image-82.png","datePublished":"2024-07-29T22:21:07+00:00","dateModified":"2024-07-29T22:21:08+00:00","breadcrumb":{"@id":"https:\/\/radiohuancayo.com.pe\/wp54\/el-consejo-nacional-electoral-de-venezuela-proclama-de-manera-oficial-presidente-a-nicolas-maduro\/#breadcrumb"},"inLanguage":"es","potentialAction":[{"@type":"ReadAction","target":["https:\/\/radiohuancayo.com.pe\/wp54\/el-consejo-nacional-electoral-de-venezuela-proclama-de-manera-oficial-presidente-a-nicolas-maduro\/"]}]},{"@type":"ImageObject","inLanguage":"es","@id":"https:\/\/radiohuancayo.com.pe\/wp54\/el-consejo-nacional-electoral-de-venezuela-proclama-de-manera-oficial-presidente-a-nicolas-maduro\/#primaryimage","url":"https:\/\/radiohuancayo.com.pe\/wp54\/wp-content\/uploads\/2024\/07\/image-82.png","contentUrl":"https:\/\/radiohuancayo.com.pe\/wp54\/wp-content\/uploads\/2024\/07\/image-82.png","width":1200,"height":675},{"@type":"BreadcrumbList","@id":"https:\/\/radiohuancayo.com.pe\/wp54\/el-consejo-nacional-electoral-de-venezuela-proclama-de-manera-oficial-presidente-a-nicolas-maduro\/#breadcrumb","itemListElement":[{"@type":"ListItem","position":1,"name":"Portada","item":"https:\/\/radiohuancayo.com.pe\/wp54\/"},{"@type":"ListItem","position":2,"name":"El Consejo Nacional Electoral de Venezuela proclama de manera oficial presidente a Nicol\u00e1s Maduro"}]},{"@type":"WebSite","@id":"https:\/\/radiohuancayo.com.pe\/wp54\/#website","url":"https:\/\/radiohuancayo.com.pe\/wp54\/","name":"Radio Huancayo","description":"me gusta!!!","publisher":{"@id":"https:\/\/radiohuancayo.com.pe\/wp54\/#organization"},"potentialAction":[{"@type":"SearchAction","target":{"@type":"EntryPoint","urlTemplate":"https:\/\/radiohuancayo.com.pe\/wp54\/?s={search_term_string}"},"query-input":{"@type":"PropertyValueSpecification","valueRequired":true,"valueName":"search_term_string"}}],"inLanguage":"es"},{"@type":"Organization","@id":"https:\/\/radiohuancayo.com.pe\/wp54\/#organization","name":"Radio Huancayo","url":"https:\/\/radiohuancayo.com.pe\/wp54\/","logo":{"@type":"ImageObject","inLanguage":"es","@id":"https:\/\/radiohuancayo.com.pe\/wp54\/#\/schema\/logo\/image\/","url":"https:\/\/radiohuancayo.com.pe\/wp54\/wp-content\/uploads\/2022\/04\/CABE01.png","contentUrl":"https:\/\/radiohuancayo.com.pe\/wp54\/wp-content\/uploads\/2022\/04\/CABE01.png","width":1640,"height":300,"caption":"Radio Huancayo"},"image":{"@id":"https:\/\/radiohuancayo.com.pe\/wp54\/#\/schema\/logo\/image\/"}},{"@type":"Person","@id":"https:\/\/radiohuancayo.com.pe\/wp54\/#\/schema\/person\/53e7c63df918deff345a30606cbf878c","name":"admin","image":{"@type":"ImageObject","inLanguage":"es","@id":"https:\/\/secure.gravatar.com\/avatar\/3d9af84154e8f14d0ba4f62aa2abc4fcd3ee42a1c034539c08ef7c5615f414cb?s=96&d=mm&r=g","url":"https:\/\/secure.gravatar.com\/avatar\/3d9af84154e8f14d0ba4f62aa2abc4fcd3ee42a1c034539c08ef7c5615f414cb?s=96&d=mm&r=g","contentUrl":"https:\/\/secure.gravatar.com\/avatar\/3d9af84154e8f14d0ba4f62aa2abc4fcd3ee42a1c034539c08ef7c5615f414cb?s=96&d=mm&r=g","caption":"admin"},"sameAs":["https:\/\/radiohuancayo.com.pe\/wp54"],"url":"https:\/\/radiohuancayo.com.pe\/wp54\/author\/admin\/"}]}},"_links":{"self":[{"href":"https:\/\/radiohuancayo.com.pe\/wp54\/wp-json\/wp\/v2\/posts\/27379","targetHints":{"allow":["GET"]}}],"collection":[{"href":"https:\/\/radiohuancayo.com.pe\/wp54\/wp-json\/wp\/v2\/posts"}],"about":[{"href":"https:\/\/radiohuancayo.com.pe\/wp54\/wp-json\/wp\/v2\/types\/post"}],"author":[{"embeddable":true,"href":"https:\/\/radiohuancayo.com.pe\/wp54\/wp-json\/wp\/v2\/users\/1"}],"replies":[{"embeddable":true,"href":"https:\/\/radiohuancayo.com.pe\/wp54\/wp-json\/wp\/v2\/comments?post=27379"}],"version-history":[{"count":1,"href":"https:\/\/radiohuancayo.com.pe\/wp54\/wp-json\/wp\/v2\/posts\/27379\/revisions"}],"predecessor-version":[{"id":27381,"href":"https:\/\/radiohuancayo.com.pe\/wp54\/wp-json\/wp\/v2\/posts\/27379\/revisions\/27381"}],"wp:featuredmedia":[{"embeddable":true,"href":"https:\/\/radiohuancayo.com.pe\/wp54\/wp-json\/wp\/v2\/media\/27380"}],"wp:attachment":[{"href":"https:\/\/radiohuancayo.com.pe\/wp54\/wp-json\/wp\/v2\/media?parent=27379"}],"wp:term":[{"taxonomy":"category","embeddable":true,"href":"https:\/\/radiohuancayo.com.pe\/wp54\/wp-json\/wp\/v2\/categories?post=27379"},{"taxonomy":"post_tag","embeddable":true,"href":"https:\/\/radiohuancayo.com.pe\/wp54\/wp-json\/wp\/v2\/tags?post=27379"}],"curies":[{"name":"wp","href":"https:\/\/api.w.org\/{rel}","templated":true}]}}