{"id":27614,"date":"2024-08-07T12:40:40","date_gmt":"2024-08-07T17:40:40","guid":{"rendered":"https:\/\/radiohuancayo.com.pe\/wp54\/?p=27614"},"modified":"2024-08-07T12:49:27","modified_gmt":"2024-08-07T17:49:27","slug":"paro-en-ayacucho-dirigente-advierte-movilizacion-hacia-lima-ante-falta-de-respuesta-de-pcm","status":"publish","type":"post","link":"https:\/\/radiohuancayo.com.pe\/wp54\/paro-en-ayacucho-dirigente-advierte-movilizacion-hacia-lima-ante-falta-de-respuesta-de-pcm\/","title":{"rendered":"Paro en Ayacucho: Dirigente advierte movilizaci\u00f3n hacia Lima ante falta de respuesta de PCM"},"content":{"rendered":"\n<p>El presidente de la central de la micro cuenca del r\u00edo Opancay (<strong>Ayacucho<\/strong>), Sandro Mora, indic\u00f3 que est\u00e1n en contra de la actividad minera en la regi\u00f3n y se\u00f1al\u00f3 que viajar\u00e1n a\u00a0<strong>Lima\u00a0<\/strong>si no son escuchados por las\u00a0<strong>autoridades\u00a0<\/strong>regionales de\u00a0<strong>Huamanga<\/strong>.<\/p>\n\n\n\n<p>Durante el di\u00e1logo con Manuel Rosas en Exitosa Per\u00fa, el dirigente inform\u00f3 que la&nbsp;<strong>huelga&nbsp;<\/strong>se ha iniciado en la provincia de&nbsp;<strong>Huanta<\/strong>. Sin embargo, han optado por trasladarse hasta&nbsp;<strong>Huamanga&nbsp;<\/strong>para hacer escuchar sus pedidos. Bajo esta misma premisa, advierte acerca de su&nbsp;<strong>movilizaci\u00f3n&nbsp;<\/strong>hasta la ciudad capital.&nbsp;<\/p>\n\n\n\n<h3 class=\"wp-block-heading\"><em><strong>\u00bfQu\u00e9 est\u00e1 pasando en Huanta?<\/strong><\/em><\/h3>\n\n\n\n<p>Mora explic\u00f3 que la huelga responde a la contaminaci\u00f3n del agua que emplean los\u00a0<strong>pobladores\u00a0<\/strong>de\u00a0<strong>Huanta<\/strong>. Esto debido a que la actividad minera se est\u00e1 produciendo muy cerca a las lagunas que proveen del\u00a0<strong>recurso h\u00eddrico<\/strong>\u00a0a los residentes de la zona.\u00a0<\/p>\n\n\n\n<p>En esa l\u00ednea, se\u00f1al\u00f3 que el\u00a0<strong>sistema hidr\u00e1ulico\u00a0<\/strong>est\u00e1 siendo contaminado por los metales que son extra\u00eddos durante la actividad minera. Sin embargo, las\u00a0<strong>instituciones\u00a0<\/strong>correspondientes no han realizado las\u00a0<strong>diligencias\u00a0<\/strong>correspondientes para realizar las respectivas pruebas laboratorio.\u00a0<\/p>\n\n\n\n<p>Por su parte, el\u00a0<strong>Gobierno Regional<\/strong>\u00a0no estar\u00eda brindando la debida atenci\u00f3n a esta problem\u00e1tica y es por ello que la poblaci\u00f3n decide optar por realizar un\u00a0<strong>paro<\/strong>. Principalmente, solicitan el cierre definitivo de los\u00a0<strong>operadores\u00a0mineros<\/strong>\u00a0debido a que \u00abgracias a esa agua vive la poblaci\u00f3n de Huanta\u00bb.\u00a0<\/p>\n\n\n\n<h3 class=\"wp-block-heading\"><em><strong>Respuesta del Gobierno al paro en Huanta&nbsp;<\/strong><\/em><\/h3>\n\n\n\n<p>Seg\u00fan precis\u00f3, hasta el momento, el\u00a0<strong>gobierno\u00a0<\/strong>no ha brindado ninguna respuesta respecto a este tema. A detalle, se dio a conocer que se ha enviado\u00a0<strong>documentos\u00a0<\/strong>oficiales solicitando la presencia de la\u00a0<strong>PCM\u00a0<\/strong>y, pese a ello, no han recibido ninguna respuesta.\u00a0<\/p>\n\n\n\n<p>Frente a este escenario, se ha decidido evaluar la posibilidad de trasladarse hasta Lima y as\u00ed instalar una mesa de<strong>&nbsp;trabajo territorial.<\/strong>&nbsp;La&nbsp;<strong>movilizaci\u00f3n&nbsp;<\/strong>hacia la capital a\u00fan ha sido confirmada.&nbsp;<\/p>\n\n\n\n<p>Es as\u00ed como el dirigente que viene participan en el\u00a0<strong>paro\u00a0<\/strong>en\u00a0<strong>Huanta\u00a0<\/strong>ha anunciado que la<strong>\u00a0manifestaci\u00f3n social<\/strong>\u00a0podr\u00eda extenderse hacia Lima en caso de no recibir respuesta de parte de las\u00a0<strong>autoridades<\/strong>.\u00a0<\/p>\n","protected":false},"excerpt":{"rendered":"<p>El presidente de la central de la micro cuenca del r\u00edo Opancay (Ayacucho), Sandro Mora, indic\u00f3 que est\u00e1n en contra de la actividad minera en la regi\u00f3n y se\u00f1al\u00f3 que viajar\u00e1n a\u00a0Lima\u00a0si no son escuchados por las\u00a0autoridades\u00a0regionales de\u00a0Huamanga. Durante el di\u00e1logo con Manuel Rosas en Exitosa Per\u00fa, el dirigente inform\u00f3 que la&nbsp;huelga&nbsp;se ha iniciado en la provincia de&nbsp;Huanta. Sin embargo, han optado por trasladarse hasta&nbsp;Huamanga&nbsp;para hacer escuchar sus pedidos. Bajo esta misma premisa, advierte acerca de su&nbsp;movilizaci\u00f3n&nbsp;hasta la ciudad capital.&nbsp; \u00bfQu\u00e9 est\u00e1 pasando en Huanta? Mora explic\u00f3 que la huelga responde a la contaminaci\u00f3n del agua que emplean los\u00a0pobladores\u00a0de\u00a0Huanta. Esto debido a que la actividad minera se est\u00e1 produciendo muy cerca a las lagunas que proveen del\u00a0recurso h\u00eddrico\u00a0a los residentes de la zona.\u00a0 En esa l\u00ednea, se\u00f1al\u00f3 que el\u00a0sistema hidr\u00e1ulico\u00a0est\u00e1 siendo contaminado por los metales que son extra\u00eddos durante la actividad minera. Sin embargo, las\u00a0instituciones\u00a0correspondientes no han realizado las\u00a0diligencias\u00a0correspondientes para realizar las respectivas pruebas laboratorio.\u00a0 Por su parte, el\u00a0Gobierno Regional\u00a0no estar\u00eda brindando la debida atenci\u00f3n a esta problem\u00e1tica y es por ello que la poblaci\u00f3n decide optar por realizar un\u00a0paro. Principalmente, solicitan el cierre definitivo de los\u00a0operadores\u00a0mineros\u00a0debido a que \u00abgracias a esa agua vive la poblaci\u00f3n de Huanta\u00bb.\u00a0 Respuesta del Gobierno al paro en Huanta&nbsp; Seg\u00fan precis\u00f3, hasta el momento, el\u00a0gobierno\u00a0no ha brindado ninguna respuesta respecto a este tema. A detalle, se dio a conocer que se ha enviado\u00a0documentos\u00a0oficiales solicitando la presencia de la\u00a0PCM\u00a0y, pese a ello, no han recibido ninguna respuesta.\u00a0 Frente a este escenario, se ha decidido evaluar la posibilidad de trasladarse hasta Lima y as\u00ed instalar una mesa de&nbsp;trabajo territorial.&nbsp;La&nbsp;movilizaci\u00f3n&nbsp;hacia la capital a\u00fan ha sido confirmada.&nbsp; Es as\u00ed como el dirigente que viene participan en el\u00a0paro\u00a0en\u00a0Huanta\u00a0ha anunciado que la\u00a0manifestaci\u00f3n social\u00a0podr\u00eda extenderse hacia Lima en caso de no recibir respuesta de parte de las\u00a0autoridades.\u00a0<\/p>\n","protected":false},"author":5,"featured_media":27615,"comment_status":"open","ping_status":"open","sticky":false,"template":"","format":"standard","meta":{"footnotes":""},"categories":[22,20],"tags":[],"class_list":["post-27614","post","type-post","status-publish","format-standard","has-post-thumbnail","hentry","category-portada","category-tendencia"],"yoast_head":"<!-- This site is optimized with the Yoast SEO plugin v27.5 - https:\/\/yoast.com\/product\/yoast-seo-wordpress\/ -->\n<title>Paro en Ayacucho: Dirigente advierte movilizaci\u00f3n hacia Lima ante falta de respuesta de PCM - Radio Huancayo<\/title>\n<meta name=\"robots\" content=\"index, follow, max-snippet:-1, max-image-preview:large, max-video-preview:-1\" \/>\n<link rel=\"canonical\" href=\"https:\/\/radiohuancayo.com.pe\/wp54\/paro-en-ayacucho-dirigente-advierte-movilizacion-hacia-lima-ante-falta-de-respuesta-de-pcm\/\" \/>\n<meta property=\"og:locale\" content=\"es_ES\" \/>\n<meta property=\"og:type\" content=\"article\" \/>\n<meta property=\"og:title\" content=\"Paro en Ayacucho: Dirigente advierte movilizaci\u00f3n hacia Lima ante falta de respuesta de PCM - Radio Huancayo\" \/>\n<meta property=\"og:description\" content=\"El presidente de la central de la micro cuenca del r\u00edo Opancay (Ayacucho), Sandro Mora, indic\u00f3 que est\u00e1n en contra de la actividad minera en la regi\u00f3n y se\u00f1al\u00f3 que viajar\u00e1n a\u00a0Lima\u00a0si no son escuchados por las\u00a0autoridades\u00a0regionales de\u00a0Huamanga. Durante el di\u00e1logo con Manuel Rosas en Exitosa Per\u00fa, el dirigente inform\u00f3 que la&nbsp;huelga&nbsp;se ha iniciado en la provincia de&nbsp;Huanta. Sin embargo, han optado por trasladarse hasta&nbsp;Huamanga&nbsp;para hacer escuchar sus pedidos. Bajo esta misma premisa, advierte acerca de su&nbsp;movilizaci\u00f3n&nbsp;hasta la ciudad capital.&nbsp; \u00bfQu\u00e9 est\u00e1 pasando en Huanta? Mora explic\u00f3 que la huelga responde a la contaminaci\u00f3n del agua que emplean los\u00a0pobladores\u00a0de\u00a0Huanta. Esto debido a que la actividad minera se est\u00e1 produciendo muy cerca a las lagunas que proveen del\u00a0recurso h\u00eddrico\u00a0a los residentes de la zona.\u00a0 En esa l\u00ednea, se\u00f1al\u00f3 que el\u00a0sistema hidr\u00e1ulico\u00a0est\u00e1 siendo contaminado por los metales que son extra\u00eddos durante la actividad minera. Sin embargo, las\u00a0instituciones\u00a0correspondientes no han realizado las\u00a0diligencias\u00a0correspondientes para realizar las respectivas pruebas laboratorio.\u00a0 Por su parte, el\u00a0Gobierno Regional\u00a0no estar\u00eda brindando la debida atenci\u00f3n a esta problem\u00e1tica y es por ello que la poblaci\u00f3n decide optar por realizar un\u00a0paro. Principalmente, solicitan el cierre definitivo de los\u00a0operadores\u00a0mineros\u00a0debido a que \u00abgracias a esa agua vive la poblaci\u00f3n de Huanta\u00bb.\u00a0 Respuesta del Gobierno al paro en Huanta&nbsp; Seg\u00fan precis\u00f3, hasta el momento, el\u00a0gobierno\u00a0no ha brindado ninguna respuesta respecto a este tema. A detalle, se dio a conocer que se ha enviado\u00a0documentos\u00a0oficiales solicitando la presencia de la\u00a0PCM\u00a0y, pese a ello, no han recibido ninguna respuesta.\u00a0 Frente a este escenario, se ha decidido evaluar la posibilidad de trasladarse hasta Lima y as\u00ed instalar una mesa de&nbsp;trabajo territorial.&nbsp;La&nbsp;movilizaci\u00f3n&nbsp;hacia la capital a\u00fan ha sido confirmada.&nbsp; Es as\u00ed como el dirigente que viene participan en el\u00a0paro\u00a0en\u00a0Huanta\u00a0ha anunciado que la\u00a0manifestaci\u00f3n social\u00a0podr\u00eda extenderse hacia Lima en caso de no recibir respuesta de parte de las\u00a0autoridades.\u00a0\" \/>\n<meta property=\"og:url\" content=\"https:\/\/radiohuancayo.com.pe\/wp54\/paro-en-ayacucho-dirigente-advierte-movilizacion-hacia-lima-ante-falta-de-respuesta-de-pcm\/\" \/>\n<meta property=\"og:site_name\" content=\"Radio Huancayo\" \/>\n<meta property=\"article:published_time\" content=\"2024-08-07T17:40:40+00:00\" \/>\n<meta property=\"article:modified_time\" content=\"2024-08-07T17:49:27+00:00\" \/>\n<meta property=\"og:image\" content=\"https:\/\/radiohuancayo.com.pe\/wp54\/wp-content\/uploads\/2024\/08\/image-41.png\" \/>\n\t<meta property=\"og:image:width\" content=\"940\" \/>\n\t<meta property=\"og:image:height\" content=\"492\" \/>\n\t<meta property=\"og:image:type\" content=\"image\/png\" \/>\n<meta name=\"author\" content=\"Maytin DBO\" \/>\n<meta name=\"twitter:card\" content=\"summary_large_image\" \/>\n<meta name=\"twitter:label1\" content=\"Escrito por\" \/>\n\t<meta name=\"twitter:data1\" content=\"Maytin DBO\" \/>\n\t<meta name=\"twitter:label2\" content=\"Tiempo de lectura\" \/>\n\t<meta name=\"twitter:data2\" content=\"2 minutos\" \/>\n<script type=\"application\/ld+json\" class=\"yoast-schema-graph\">{\"@context\":\"https:\\\/\\\/schema.org\",\"@graph\":[{\"@type\":\"Article\",\"@id\":\"https:\\\/\\\/radiohuancayo.com.pe\\\/wp54\\\/paro-en-ayacucho-dirigente-advierte-movilizacion-hacia-lima-ante-falta-de-respuesta-de-pcm\\\/#article\",\"isPartOf\":{\"@id\":\"https:\\\/\\\/radiohuancayo.com.pe\\\/wp54\\\/paro-en-ayacucho-dirigente-advierte-movilizacion-hacia-lima-ante-falta-de-respuesta-de-pcm\\\/\"},\"author\":{\"name\":\"Maytin DBO\",\"@id\":\"https:\\\/\\\/radiohuancayo.com.pe\\\/wp54\\\/#\\\/schema\\\/person\\\/6baed031d35922e76b91866439cb0b86\"},\"headline\":\"Paro en Ayacucho: Dirigente advierte movilizaci\u00f3n hacia Lima ante falta de respuesta de PCM\",\"datePublished\":\"2024-08-07T17:40:40+00:00\",\"dateModified\":\"2024-08-07T17:49:27+00:00\",\"mainEntityOfPage\":{\"@id\":\"https:\\\/\\\/radiohuancayo.com.pe\\\/wp54\\\/paro-en-ayacucho-dirigente-advierte-movilizacion-hacia-lima-ante-falta-de-respuesta-de-pcm\\\/\"},\"wordCount\":394,\"commentCount\":0,\"publisher\":{\"@id\":\"https:\\\/\\\/radiohuancayo.com.pe\\\/wp54\\\/#organization\"},\"image\":{\"@id\":\"https:\\\/\\\/radiohuancayo.com.pe\\\/wp54\\\/paro-en-ayacucho-dirigente-advierte-movilizacion-hacia-lima-ante-falta-de-respuesta-de-pcm\\\/#primaryimage\"},\"thumbnailUrl\":\"https:\\\/\\\/radiohuancayo.com.pe\\\/wp54\\\/wp-content\\\/uploads\\\/2024\\\/08\\\/image-41.png\",\"articleSection\":[\"Portada\",\"Tendencia\"],\"inLanguage\":\"es\",\"potentialAction\":[{\"@type\":\"CommentAction\",\"name\":\"Comment\",\"target\":[\"https:\\\/\\\/radiohuancayo.com.pe\\\/wp54\\\/paro-en-ayacucho-dirigente-advierte-movilizacion-hacia-lima-ante-falta-de-respuesta-de-pcm\\\/#respond\"]}]},{\"@type\":\"WebPage\",\"@id\":\"https:\\\/\\\/radiohuancayo.com.pe\\\/wp54\\\/paro-en-ayacucho-dirigente-advierte-movilizacion-hacia-lima-ante-falta-de-respuesta-de-pcm\\\/\",\"url\":\"https:\\\/\\\/radiohuancayo.com.pe\\\/wp54\\\/paro-en-ayacucho-dirigente-advierte-movilizacion-hacia-lima-ante-falta-de-respuesta-de-pcm\\\/\",\"name\":\"Paro en Ayacucho: Dirigente advierte movilizaci\u00f3n hacia Lima ante falta de respuesta de PCM - Radio Huancayo\",\"isPartOf\":{\"@id\":\"https:\\\/\\\/radiohuancayo.com.pe\\\/wp54\\\/#website\"},\"primaryImageOfPage\":{\"@id\":\"https:\\\/\\\/radiohuancayo.com.pe\\\/wp54\\\/paro-en-ayacucho-dirigente-advierte-movilizacion-hacia-lima-ante-falta-de-respuesta-de-pcm\\\/#primaryimage\"},\"image\":{\"@id\":\"https:\\\/\\\/radiohuancayo.com.pe\\\/wp54\\\/paro-en-ayacucho-dirigente-advierte-movilizacion-hacia-lima-ante-falta-de-respuesta-de-pcm\\\/#primaryimage\"},\"thumbnailUrl\":\"https:\\\/\\\/radiohuancayo.com.pe\\\/wp54\\\/wp-content\\\/uploads\\\/2024\\\/08\\\/image-41.png\",\"datePublished\":\"2024-08-07T17:40:40+00:00\",\"dateModified\":\"2024-08-07T17:49:27+00:00\",\"breadcrumb\":{\"@id\":\"https:\\\/\\\/radiohuancayo.com.pe\\\/wp54\\\/paro-en-ayacucho-dirigente-advierte-movilizacion-hacia-lima-ante-falta-de-respuesta-de-pcm\\\/#breadcrumb\"},\"inLanguage\":\"es\",\"potentialAction\":[{\"@type\":\"ReadAction\",\"target\":[\"https:\\\/\\\/radiohuancayo.com.pe\\\/wp54\\\/paro-en-ayacucho-dirigente-advierte-movilizacion-hacia-lima-ante-falta-de-respuesta-de-pcm\\\/\"]}]},{\"@type\":\"ImageObject\",\"inLanguage\":\"es\",\"@id\":\"https:\\\/\\\/radiohuancayo.com.pe\\\/wp54\\\/paro-en-ayacucho-dirigente-advierte-movilizacion-hacia-lima-ante-falta-de-respuesta-de-pcm\\\/#primaryimage\",\"url\":\"https:\\\/\\\/radiohuancayo.com.pe\\\/wp54\\\/wp-content\\\/uploads\\\/2024\\\/08\\\/image-41.png\",\"contentUrl\":\"https:\\\/\\\/radiohuancayo.com.pe\\\/wp54\\\/wp-content\\\/uploads\\\/2024\\\/08\\\/image-41.png\",\"width\":940,\"height\":492},{\"@type\":\"BreadcrumbList\",\"@id\":\"https:\\\/\\\/radiohuancayo.com.pe\\\/wp54\\\/paro-en-ayacucho-dirigente-advierte-movilizacion-hacia-lima-ante-falta-de-respuesta-de-pcm\\\/#breadcrumb\",\"itemListElement\":[{\"@type\":\"ListItem\",\"position\":1,\"name\":\"Portada\",\"item\":\"https:\\\/\\\/radiohuancayo.com.pe\\\/wp54\\\/\"},{\"@type\":\"ListItem\",\"position\":2,\"name\":\"Paro en Ayacucho: Dirigente advierte movilizaci\u00f3n hacia Lima ante falta de respuesta de PCM\"}]},{\"@type\":\"WebSite\",\"@id\":\"https:\\\/\\\/radiohuancayo.com.pe\\\/wp54\\\/#website\",\"url\":\"https:\\\/\\\/radiohuancayo.com.pe\\\/wp54\\\/\",\"name\":\"Radio Huancayo\",\"description\":\"me gusta!!!\",\"publisher\":{\"@id\":\"https:\\\/\\\/radiohuancayo.com.pe\\\/wp54\\\/#organization\"},\"potentialAction\":[{\"@type\":\"SearchAction\",\"target\":{\"@type\":\"EntryPoint\",\"urlTemplate\":\"https:\\\/\\\/radiohuancayo.com.pe\\\/wp54\\\/?s={search_term_string}\"},\"query-input\":{\"@type\":\"PropertyValueSpecification\",\"valueRequired\":true,\"valueName\":\"search_term_string\"}}],\"inLanguage\":\"es\"},{\"@type\":\"Organization\",\"@id\":\"https:\\\/\\\/radiohuancayo.com.pe\\\/wp54\\\/#organization\",\"name\":\"Radio Huancayo\",\"url\":\"https:\\\/\\\/radiohuancayo.com.pe\\\/wp54\\\/\",\"logo\":{\"@type\":\"ImageObject\",\"inLanguage\":\"es\",\"@id\":\"https:\\\/\\\/radiohuancayo.com.pe\\\/wp54\\\/#\\\/schema\\\/logo\\\/image\\\/\",\"url\":\"https:\\\/\\\/radiohuancayo.com.pe\\\/wp54\\\/wp-content\\\/uploads\\\/2022\\\/04\\\/CABE01.png\",\"contentUrl\":\"https:\\\/\\\/radiohuancayo.com.pe\\\/wp54\\\/wp-content\\\/uploads\\\/2022\\\/04\\\/CABE01.png\",\"width\":1640,\"height\":300,\"caption\":\"Radio Huancayo\"},\"image\":{\"@id\":\"https:\\\/\\\/radiohuancayo.com.pe\\\/wp54\\\/#\\\/schema\\\/logo\\\/image\\\/\"}},{\"@type\":\"Person\",\"@id\":\"https:\\\/\\\/radiohuancayo.com.pe\\\/wp54\\\/#\\\/schema\\\/person\\\/6baed031d35922e76b91866439cb0b86\",\"name\":\"Maytin DBO\",\"image\":{\"@type\":\"ImageObject\",\"inLanguage\":\"es\",\"@id\":\"https:\\\/\\\/secure.gravatar.com\\\/avatar\\\/58ac8a13712dd72aa77651ede28efcec1556ba2f16162e16bbad5b8220f88ac4?s=96&d=mm&r=g\",\"url\":\"https:\\\/\\\/secure.gravatar.com\\\/avatar\\\/58ac8a13712dd72aa77651ede28efcec1556ba2f16162e16bbad5b8220f88ac4?s=96&d=mm&r=g\",\"contentUrl\":\"https:\\\/\\\/secure.gravatar.com\\\/avatar\\\/58ac8a13712dd72aa77651ede28efcec1556ba2f16162e16bbad5b8220f88ac4?s=96&d=mm&r=g\",\"caption\":\"Maytin DBO\"},\"url\":\"https:\\\/\\\/radiohuancayo.com.pe\\\/wp54\\\/author\\\/debuenaonda\\\/\"}]}<\/script>\n<!-- \/ Yoast SEO plugin. -->","yoast_head_json":{"title":"Paro en Ayacucho: Dirigente advierte movilizaci\u00f3n hacia Lima ante falta de respuesta de PCM - Radio Huancayo","robots":{"index":"index","follow":"follow","max-snippet":"max-snippet:-1","max-image-preview":"max-image-preview:large","max-video-preview":"max-video-preview:-1"},"canonical":"https:\/\/radiohuancayo.com.pe\/wp54\/paro-en-ayacucho-dirigente-advierte-movilizacion-hacia-lima-ante-falta-de-respuesta-de-pcm\/","og_locale":"es_ES","og_type":"article","og_title":"Paro en Ayacucho: Dirigente advierte movilizaci\u00f3n hacia Lima ante falta de respuesta de PCM - Radio Huancayo","og_description":"El presidente de la central de la micro cuenca del r\u00edo Opancay (Ayacucho), Sandro Mora, indic\u00f3 que est\u00e1n en contra de la actividad minera en la regi\u00f3n y se\u00f1al\u00f3 que viajar\u00e1n a\u00a0Lima\u00a0si no son escuchados por las\u00a0autoridades\u00a0regionales de\u00a0Huamanga. Durante el di\u00e1logo con Manuel Rosas en Exitosa Per\u00fa, el dirigente inform\u00f3 que la&nbsp;huelga&nbsp;se ha iniciado en la provincia de&nbsp;Huanta. Sin embargo, han optado por trasladarse hasta&nbsp;Huamanga&nbsp;para hacer escuchar sus pedidos. Bajo esta misma premisa, advierte acerca de su&nbsp;movilizaci\u00f3n&nbsp;hasta la ciudad capital.&nbsp; \u00bfQu\u00e9 est\u00e1 pasando en Huanta? Mora explic\u00f3 que la huelga responde a la contaminaci\u00f3n del agua que emplean los\u00a0pobladores\u00a0de\u00a0Huanta. Esto debido a que la actividad minera se est\u00e1 produciendo muy cerca a las lagunas que proveen del\u00a0recurso h\u00eddrico\u00a0a los residentes de la zona.\u00a0 En esa l\u00ednea, se\u00f1al\u00f3 que el\u00a0sistema hidr\u00e1ulico\u00a0est\u00e1 siendo contaminado por los metales que son extra\u00eddos durante la actividad minera. Sin embargo, las\u00a0instituciones\u00a0correspondientes no han realizado las\u00a0diligencias\u00a0correspondientes para realizar las respectivas pruebas laboratorio.\u00a0 Por su parte, el\u00a0Gobierno Regional\u00a0no estar\u00eda brindando la debida atenci\u00f3n a esta problem\u00e1tica y es por ello que la poblaci\u00f3n decide optar por realizar un\u00a0paro. Principalmente, solicitan el cierre definitivo de los\u00a0operadores\u00a0mineros\u00a0debido a que \u00abgracias a esa agua vive la poblaci\u00f3n de Huanta\u00bb.\u00a0 Respuesta del Gobierno al paro en Huanta&nbsp; Seg\u00fan precis\u00f3, hasta el momento, el\u00a0gobierno\u00a0no ha brindado ninguna respuesta respecto a este tema. A detalle, se dio a conocer que se ha enviado\u00a0documentos\u00a0oficiales solicitando la presencia de la\u00a0PCM\u00a0y, pese a ello, no han recibido ninguna respuesta.\u00a0 Frente a este escenario, se ha decidido evaluar la posibilidad de trasladarse hasta Lima y as\u00ed instalar una mesa de&nbsp;trabajo territorial.&nbsp;La&nbsp;movilizaci\u00f3n&nbsp;hacia la capital a\u00fan ha sido confirmada.&nbsp; Es as\u00ed como el dirigente que viene participan en el\u00a0paro\u00a0en\u00a0Huanta\u00a0ha anunciado que la\u00a0manifestaci\u00f3n social\u00a0podr\u00eda extenderse hacia Lima en caso de no recibir respuesta de parte de las\u00a0autoridades.\u00a0","og_url":"https:\/\/radiohuancayo.com.pe\/wp54\/paro-en-ayacucho-dirigente-advierte-movilizacion-hacia-lima-ante-falta-de-respuesta-de-pcm\/","og_site_name":"Radio Huancayo","article_published_time":"2024-08-07T17:40:40+00:00","article_modified_time":"2024-08-07T17:49:27+00:00","og_image":[{"width":940,"height":492,"url":"https:\/\/radiohuancayo.com.pe\/wp54\/wp-content\/uploads\/2024\/08\/image-41.png","type":"image\/png"}],"author":"Maytin DBO","twitter_card":"summary_large_image","twitter_misc":{"Escrito por":"Maytin DBO","Tiempo de lectura":"2 minutos"},"schema":{"@context":"https:\/\/schema.org","@graph":[{"@type":"Article","@id":"https:\/\/radiohuancayo.com.pe\/wp54\/paro-en-ayacucho-dirigente-advierte-movilizacion-hacia-lima-ante-falta-de-respuesta-de-pcm\/#article","isPartOf":{"@id":"https:\/\/radiohuancayo.com.pe\/wp54\/paro-en-ayacucho-dirigente-advierte-movilizacion-hacia-lima-ante-falta-de-respuesta-de-pcm\/"},"author":{"name":"Maytin DBO","@id":"https:\/\/radiohuancayo.com.pe\/wp54\/#\/schema\/person\/6baed031d35922e76b91866439cb0b86"},"headline":"Paro en Ayacucho: Dirigente advierte movilizaci\u00f3n hacia Lima ante falta de respuesta de PCM","datePublished":"2024-08-07T17:40:40+00:00","dateModified":"2024-08-07T17:49:27+00:00","mainEntityOfPage":{"@id":"https:\/\/radiohuancayo.com.pe\/wp54\/paro-en-ayacucho-dirigente-advierte-movilizacion-hacia-lima-ante-falta-de-respuesta-de-pcm\/"},"wordCount":394,"commentCount":0,"publisher":{"@id":"https:\/\/radiohuancayo.com.pe\/wp54\/#organization"},"image":{"@id":"https:\/\/radiohuancayo.com.pe\/wp54\/paro-en-ayacucho-dirigente-advierte-movilizacion-hacia-lima-ante-falta-de-respuesta-de-pcm\/#primaryimage"},"thumbnailUrl":"https:\/\/radiohuancayo.com.pe\/wp54\/wp-content\/uploads\/2024\/08\/image-41.png","articleSection":["Portada","Tendencia"],"inLanguage":"es","potentialAction":[{"@type":"CommentAction","name":"Comment","target":["https:\/\/radiohuancayo.com.pe\/wp54\/paro-en-ayacucho-dirigente-advierte-movilizacion-hacia-lima-ante-falta-de-respuesta-de-pcm\/#respond"]}]},{"@type":"WebPage","@id":"https:\/\/radiohuancayo.com.pe\/wp54\/paro-en-ayacucho-dirigente-advierte-movilizacion-hacia-lima-ante-falta-de-respuesta-de-pcm\/","url":"https:\/\/radiohuancayo.com.pe\/wp54\/paro-en-ayacucho-dirigente-advierte-movilizacion-hacia-lima-ante-falta-de-respuesta-de-pcm\/","name":"Paro en Ayacucho: Dirigente advierte movilizaci\u00f3n hacia Lima ante falta de respuesta de PCM - Radio Huancayo","isPartOf":{"@id":"https:\/\/radiohuancayo.com.pe\/wp54\/#website"},"primaryImageOfPage":{"@id":"https:\/\/radiohuancayo.com.pe\/wp54\/paro-en-ayacucho-dirigente-advierte-movilizacion-hacia-lima-ante-falta-de-respuesta-de-pcm\/#primaryimage"},"image":{"@id":"https:\/\/radiohuancayo.com.pe\/wp54\/paro-en-ayacucho-dirigente-advierte-movilizacion-hacia-lima-ante-falta-de-respuesta-de-pcm\/#primaryimage"},"thumbnailUrl":"https:\/\/radiohuancayo.com.pe\/wp54\/wp-content\/uploads\/2024\/08\/image-41.png","datePublished":"2024-08-07T17:40:40+00:00","dateModified":"2024-08-07T17:49:27+00:00","breadcrumb":{"@id":"https:\/\/radiohuancayo.com.pe\/wp54\/paro-en-ayacucho-dirigente-advierte-movilizacion-hacia-lima-ante-falta-de-respuesta-de-pcm\/#breadcrumb"},"inLanguage":"es","potentialAction":[{"@type":"ReadAction","target":["https:\/\/radiohuancayo.com.pe\/wp54\/paro-en-ayacucho-dirigente-advierte-movilizacion-hacia-lima-ante-falta-de-respuesta-de-pcm\/"]}]},{"@type":"ImageObject","inLanguage":"es","@id":"https:\/\/radiohuancayo.com.pe\/wp54\/paro-en-ayacucho-dirigente-advierte-movilizacion-hacia-lima-ante-falta-de-respuesta-de-pcm\/#primaryimage","url":"https:\/\/radiohuancayo.com.pe\/wp54\/wp-content\/uploads\/2024\/08\/image-41.png","contentUrl":"https:\/\/radiohuancayo.com.pe\/wp54\/wp-content\/uploads\/2024\/08\/image-41.png","width":940,"height":492},{"@type":"BreadcrumbList","@id":"https:\/\/radiohuancayo.com.pe\/wp54\/paro-en-ayacucho-dirigente-advierte-movilizacion-hacia-lima-ante-falta-de-respuesta-de-pcm\/#breadcrumb","itemListElement":[{"@type":"ListItem","position":1,"name":"Portada","item":"https:\/\/radiohuancayo.com.pe\/wp54\/"},{"@type":"ListItem","position":2,"name":"Paro en Ayacucho: Dirigente advierte movilizaci\u00f3n hacia Lima ante falta de respuesta de PCM"}]},{"@type":"WebSite","@id":"https:\/\/radiohuancayo.com.pe\/wp54\/#website","url":"https:\/\/radiohuancayo.com.pe\/wp54\/","name":"Radio Huancayo","description":"me gusta!!!","publisher":{"@id":"https:\/\/radiohuancayo.com.pe\/wp54\/#organization"},"potentialAction":[{"@type":"SearchAction","target":{"@type":"EntryPoint","urlTemplate":"https:\/\/radiohuancayo.com.pe\/wp54\/?s={search_term_string}"},"query-input":{"@type":"PropertyValueSpecification","valueRequired":true,"valueName":"search_term_string"}}],"inLanguage":"es"},{"@type":"Organization","@id":"https:\/\/radiohuancayo.com.pe\/wp54\/#organization","name":"Radio Huancayo","url":"https:\/\/radiohuancayo.com.pe\/wp54\/","logo":{"@type":"ImageObject","inLanguage":"es","@id":"https:\/\/radiohuancayo.com.pe\/wp54\/#\/schema\/logo\/image\/","url":"https:\/\/radiohuancayo.com.pe\/wp54\/wp-content\/uploads\/2022\/04\/CABE01.png","contentUrl":"https:\/\/radiohuancayo.com.pe\/wp54\/wp-content\/uploads\/2022\/04\/CABE01.png","width":1640,"height":300,"caption":"Radio Huancayo"},"image":{"@id":"https:\/\/radiohuancayo.com.pe\/wp54\/#\/schema\/logo\/image\/"}},{"@type":"Person","@id":"https:\/\/radiohuancayo.com.pe\/wp54\/#\/schema\/person\/6baed031d35922e76b91866439cb0b86","name":"Maytin DBO","image":{"@type":"ImageObject","inLanguage":"es","@id":"https:\/\/secure.gravatar.com\/avatar\/58ac8a13712dd72aa77651ede28efcec1556ba2f16162e16bbad5b8220f88ac4?s=96&d=mm&r=g","url":"https:\/\/secure.gravatar.com\/avatar\/58ac8a13712dd72aa77651ede28efcec1556ba2f16162e16bbad5b8220f88ac4?s=96&d=mm&r=g","contentUrl":"https:\/\/secure.gravatar.com\/avatar\/58ac8a13712dd72aa77651ede28efcec1556ba2f16162e16bbad5b8220f88ac4?s=96&d=mm&r=g","caption":"Maytin DBO"},"url":"https:\/\/radiohuancayo.com.pe\/wp54\/author\/debuenaonda\/"}]}},"_links":{"self":[{"href":"https:\/\/radiohuancayo.com.pe\/wp54\/wp-json\/wp\/v2\/posts\/27614","targetHints":{"allow":["GET"]}}],"collection":[{"href":"https:\/\/radiohuancayo.com.pe\/wp54\/wp-json\/wp\/v2\/posts"}],"about":[{"href":"https:\/\/radiohuancayo.com.pe\/wp54\/wp-json\/wp\/v2\/types\/post"}],"author":[{"embeddable":true,"href":"https:\/\/radiohuancayo.com.pe\/wp54\/wp-json\/wp\/v2\/users\/5"}],"replies":[{"embeddable":true,"href":"https:\/\/radiohuancayo.com.pe\/wp54\/wp-json\/wp\/v2\/comments?post=27614"}],"version-history":[{"count":1,"href":"https:\/\/radiohuancayo.com.pe\/wp54\/wp-json\/wp\/v2\/posts\/27614\/revisions"}],"predecessor-version":[{"id":27616,"href":"https:\/\/radiohuancayo.com.pe\/wp54\/wp-json\/wp\/v2\/posts\/27614\/revisions\/27616"}],"wp:featuredmedia":[{"embeddable":true,"href":"https:\/\/radiohuancayo.com.pe\/wp54\/wp-json\/wp\/v2\/media\/27615"}],"wp:attachment":[{"href":"https:\/\/radiohuancayo.com.pe\/wp54\/wp-json\/wp\/v2\/media?parent=27614"}],"wp:term":[{"taxonomy":"category","embeddable":true,"href":"https:\/\/radiohuancayo.com.pe\/wp54\/wp-json\/wp\/v2\/categories?post=27614"},{"taxonomy":"post_tag","embeddable":true,"href":"https:\/\/radiohuancayo.com.pe\/wp54\/wp-json\/wp\/v2\/tags?post=27614"}],"curies":[{"name":"wp","href":"https:\/\/api.w.org\/{rel}","templated":true}]}}