{"id":27682,"date":"2024-08-08T13:31:16","date_gmt":"2024-08-08T18:31:16","guid":{"rendered":"https:\/\/radiohuancayo.com.pe\/wp54\/?p=27682"},"modified":"2024-08-08T13:31:17","modified_gmt":"2024-08-08T18:31:17","slug":"cristhian-pacheco-maraton-masculina-paris-2024-fecha-hora-y-canal-de-carrera","status":"publish","type":"post","link":"https:\/\/radiohuancayo.com.pe\/wp54\/cristhian-pacheco-maraton-masculina-paris-2024-fecha-hora-y-canal-de-carrera\/","title":{"rendered":"Cristhian Pacheco: Marat\u00f3n masculina Par\u00eds 2024. Fecha, hora y canal de carrera"},"content":{"rendered":"\n<p><strong>Cristhian Pacheco<\/strong>\u00a0est\u00e1 pr\u00f3ximo a competir en la marat\u00f3n masculina, de la disciplina de atletismo, en los Juegos Ol\u00edmpicos de\u00a0<strong>Par\u00eds 2024<\/strong>\u00a0y en esta nota te dejamos todos los detalles para que no dejes de alentar al peruano.<\/p>\n\n\n\n<h3 class=\"wp-block-heading\"><strong>\u00bfA qu\u00e9 hora compite Cristhian Pacheco en Par\u00eds 2024?<\/strong><\/h3>\n\n\n\n<p><strong>Cristhian Pacheco<\/strong>&nbsp;competir\u00e1 en la marat\u00f3n masculina el pr\u00f3ximo s\u00e1bado 10 de agosto a la 1 a.m. (hora peruana). Aqu\u00ed te dejamos otros horarios:<\/p>\n\n\n\n<ul class=\"wp-block-list\">\n<li><strong>Per\u00fa<\/strong>, Ecuador, Colombia: 1:00 a.m.<\/li>\n\n\n\n<li>Chile, Bolivia, Paraguay, Venezuela: 2:00 a.m.<\/li>\n\n\n\n<li>Argentina, Uruguay: 3:00 a.m.\u00a0<\/li>\n<\/ul>\n\n\n\n<h3 class=\"wp-block-heading\"><strong>\u00bfD\u00f3nde ver la marat\u00f3n masculina de Par\u00eds 2024 EN VIVO?<\/strong><\/h3>\n\n\n\n<p>La transmisi\u00f3n en vivo y en directo ser\u00e1 trav\u00e9s de los canales ATV y Claro Sports, as\u00ed como en la plataforma en l\u00ednea de los mismos.<\/p>\n","protected":false},"excerpt":{"rendered":"<p>Cristhian Pacheco\u00a0est\u00e1 pr\u00f3ximo a competir en la marat\u00f3n masculina, de la disciplina de atletismo, en los Juegos Ol\u00edmpicos de\u00a0Par\u00eds 2024\u00a0y en esta nota te dejamos todos los detalles para que no dejes de alentar al peruano. \u00bfA qu\u00e9 hora compite Cristhian Pacheco en Par\u00eds 2024? Cristhian Pacheco&nbsp;competir\u00e1 en la marat\u00f3n masculina el pr\u00f3ximo s\u00e1bado 10 de agosto a la 1 a.m. (hora peruana). Aqu\u00ed te dejamos otros horarios: \u00bfD\u00f3nde ver la marat\u00f3n masculina de Par\u00eds 2024 EN VIVO? La transmisi\u00f3n en vivo y en directo ser\u00e1 trav\u00e9s de los canales ATV y Claro Sports, as\u00ed como en la plataforma en l\u00ednea de los mismos.<\/p>\n","protected":false},"author":5,"featured_media":27683,"comment_status":"open","ping_status":"open","sticky":false,"template":"","format":"standard","meta":{"footnotes":""},"categories":[22,20],"tags":[],"class_list":["post-27682","post","type-post","status-publish","format-standard","has-post-thumbnail","hentry","category-portada","category-tendencia"],"yoast_head":"<!-- This site is optimized with the Yoast SEO plugin v27.5 - https:\/\/yoast.com\/product\/yoast-seo-wordpress\/ -->\n<title>Cristhian Pacheco: Marat\u00f3n masculina Par\u00eds 2024. Fecha, hora y canal de carrera - Radio Huancayo<\/title>\n<meta name=\"robots\" content=\"index, follow, max-snippet:-1, max-image-preview:large, max-video-preview:-1\" \/>\n<link rel=\"canonical\" href=\"https:\/\/radiohuancayo.com.pe\/wp54\/cristhian-pacheco-maraton-masculina-paris-2024-fecha-hora-y-canal-de-carrera\/\" \/>\n<meta property=\"og:locale\" content=\"es_ES\" \/>\n<meta property=\"og:type\" content=\"article\" \/>\n<meta property=\"og:title\" content=\"Cristhian Pacheco: Marat\u00f3n masculina Par\u00eds 2024. Fecha, hora y canal de carrera - Radio Huancayo\" \/>\n<meta property=\"og:description\" content=\"Cristhian Pacheco\u00a0est\u00e1 pr\u00f3ximo a competir en la marat\u00f3n masculina, de la disciplina de atletismo, en los Juegos Ol\u00edmpicos de\u00a0Par\u00eds 2024\u00a0y en esta nota te dejamos todos los detalles para que no dejes de alentar al peruano. \u00bfA qu\u00e9 hora compite Cristhian Pacheco en Par\u00eds 2024? Cristhian Pacheco&nbsp;competir\u00e1 en la marat\u00f3n masculina el pr\u00f3ximo s\u00e1bado 10 de agosto a la 1 a.m. (hora peruana). Aqu\u00ed te dejamos otros horarios: \u00bfD\u00f3nde ver la marat\u00f3n masculina de Par\u00eds 2024 EN VIVO? La transmisi\u00f3n en vivo y en directo ser\u00e1 trav\u00e9s de los canales ATV y Claro Sports, as\u00ed como en la plataforma en l\u00ednea de los mismos.\" \/>\n<meta property=\"og:url\" content=\"https:\/\/radiohuancayo.com.pe\/wp54\/cristhian-pacheco-maraton-masculina-paris-2024-fecha-hora-y-canal-de-carrera\/\" \/>\n<meta property=\"og:site_name\" content=\"Radio Huancayo\" \/>\n<meta property=\"article:published_time\" content=\"2024-08-08T18:31:16+00:00\" \/>\n<meta property=\"article:modified_time\" content=\"2024-08-08T18:31:17+00:00\" \/>\n<meta property=\"og:image\" content=\"https:\/\/radiohuancayo.com.pe\/wp54\/wp-content\/uploads\/2024\/08\/image-49-1024x683.png\" \/>\n\t<meta property=\"og:image:width\" content=\"1024\" \/>\n\t<meta property=\"og:image:height\" content=\"683\" \/>\n\t<meta property=\"og:image:type\" content=\"image\/png\" \/>\n<meta name=\"author\" content=\"Maytin DBO\" \/>\n<meta name=\"twitter:card\" content=\"summary_large_image\" \/>\n<meta name=\"twitter:label1\" content=\"Escrito por\" \/>\n\t<meta name=\"twitter:data1\" content=\"Maytin DBO\" \/>\n\t<meta name=\"twitter:label2\" content=\"Tiempo de lectura\" \/>\n\t<meta name=\"twitter:data2\" content=\"1 minuto\" \/>\n<script type=\"application\/ld+json\" class=\"yoast-schema-graph\">{\"@context\":\"https:\\\/\\\/schema.org\",\"@graph\":[{\"@type\":\"Article\",\"@id\":\"https:\\\/\\\/radiohuancayo.com.pe\\\/wp54\\\/cristhian-pacheco-maraton-masculina-paris-2024-fecha-hora-y-canal-de-carrera\\\/#article\",\"isPartOf\":{\"@id\":\"https:\\\/\\\/radiohuancayo.com.pe\\\/wp54\\\/cristhian-pacheco-maraton-masculina-paris-2024-fecha-hora-y-canal-de-carrera\\\/\"},\"author\":{\"name\":\"Maytin DBO\",\"@id\":\"https:\\\/\\\/radiohuancayo.com.pe\\\/wp54\\\/#\\\/schema\\\/person\\\/6baed031d35922e76b91866439cb0b86\"},\"headline\":\"Cristhian Pacheco: Marat\u00f3n masculina Par\u00eds 2024. Fecha, hora y canal de carrera\",\"datePublished\":\"2024-08-08T18:31:16+00:00\",\"dateModified\":\"2024-08-08T18:31:17+00:00\",\"mainEntityOfPage\":{\"@id\":\"https:\\\/\\\/radiohuancayo.com.pe\\\/wp54\\\/cristhian-pacheco-maraton-masculina-paris-2024-fecha-hora-y-canal-de-carrera\\\/\"},\"wordCount\":147,\"commentCount\":0,\"publisher\":{\"@id\":\"https:\\\/\\\/radiohuancayo.com.pe\\\/wp54\\\/#organization\"},\"image\":{\"@id\":\"https:\\\/\\\/radiohuancayo.com.pe\\\/wp54\\\/cristhian-pacheco-maraton-masculina-paris-2024-fecha-hora-y-canal-de-carrera\\\/#primaryimage\"},\"thumbnailUrl\":\"https:\\\/\\\/radiohuancayo.com.pe\\\/wp54\\\/wp-content\\\/uploads\\\/2024\\\/08\\\/image-49.png\",\"articleSection\":[\"Portada\",\"Tendencia\"],\"inLanguage\":\"es\",\"potentialAction\":[{\"@type\":\"CommentAction\",\"name\":\"Comment\",\"target\":[\"https:\\\/\\\/radiohuancayo.com.pe\\\/wp54\\\/cristhian-pacheco-maraton-masculina-paris-2024-fecha-hora-y-canal-de-carrera\\\/#respond\"]}]},{\"@type\":\"WebPage\",\"@id\":\"https:\\\/\\\/radiohuancayo.com.pe\\\/wp54\\\/cristhian-pacheco-maraton-masculina-paris-2024-fecha-hora-y-canal-de-carrera\\\/\",\"url\":\"https:\\\/\\\/radiohuancayo.com.pe\\\/wp54\\\/cristhian-pacheco-maraton-masculina-paris-2024-fecha-hora-y-canal-de-carrera\\\/\",\"name\":\"Cristhian Pacheco: Marat\u00f3n masculina Par\u00eds 2024. Fecha, hora y canal de carrera - Radio Huancayo\",\"isPartOf\":{\"@id\":\"https:\\\/\\\/radiohuancayo.com.pe\\\/wp54\\\/#website\"},\"primaryImageOfPage\":{\"@id\":\"https:\\\/\\\/radiohuancayo.com.pe\\\/wp54\\\/cristhian-pacheco-maraton-masculina-paris-2024-fecha-hora-y-canal-de-carrera\\\/#primaryimage\"},\"image\":{\"@id\":\"https:\\\/\\\/radiohuancayo.com.pe\\\/wp54\\\/cristhian-pacheco-maraton-masculina-paris-2024-fecha-hora-y-canal-de-carrera\\\/#primaryimage\"},\"thumbnailUrl\":\"https:\\\/\\\/radiohuancayo.com.pe\\\/wp54\\\/wp-content\\\/uploads\\\/2024\\\/08\\\/image-49.png\",\"datePublished\":\"2024-08-08T18:31:16+00:00\",\"dateModified\":\"2024-08-08T18:31:17+00:00\",\"breadcrumb\":{\"@id\":\"https:\\\/\\\/radiohuancayo.com.pe\\\/wp54\\\/cristhian-pacheco-maraton-masculina-paris-2024-fecha-hora-y-canal-de-carrera\\\/#breadcrumb\"},\"inLanguage\":\"es\",\"potentialAction\":[{\"@type\":\"ReadAction\",\"target\":[\"https:\\\/\\\/radiohuancayo.com.pe\\\/wp54\\\/cristhian-pacheco-maraton-masculina-paris-2024-fecha-hora-y-canal-de-carrera\\\/\"]}]},{\"@type\":\"ImageObject\",\"inLanguage\":\"es\",\"@id\":\"https:\\\/\\\/radiohuancayo.com.pe\\\/wp54\\\/cristhian-pacheco-maraton-masculina-paris-2024-fecha-hora-y-canal-de-carrera\\\/#primaryimage\",\"url\":\"https:\\\/\\\/radiohuancayo.com.pe\\\/wp54\\\/wp-content\\\/uploads\\\/2024\\\/08\\\/image-49.png\",\"contentUrl\":\"https:\\\/\\\/radiohuancayo.com.pe\\\/wp54\\\/wp-content\\\/uploads\\\/2024\\\/08\\\/image-49.png\",\"width\":1800,\"height\":1200},{\"@type\":\"BreadcrumbList\",\"@id\":\"https:\\\/\\\/radiohuancayo.com.pe\\\/wp54\\\/cristhian-pacheco-maraton-masculina-paris-2024-fecha-hora-y-canal-de-carrera\\\/#breadcrumb\",\"itemListElement\":[{\"@type\":\"ListItem\",\"position\":1,\"name\":\"Portada\",\"item\":\"https:\\\/\\\/radiohuancayo.com.pe\\\/wp54\\\/\"},{\"@type\":\"ListItem\",\"position\":2,\"name\":\"Cristhian Pacheco: Marat\u00f3n masculina Par\u00eds 2024. Fecha, hora y canal de carrera\"}]},{\"@type\":\"WebSite\",\"@id\":\"https:\\\/\\\/radiohuancayo.com.pe\\\/wp54\\\/#website\",\"url\":\"https:\\\/\\\/radiohuancayo.com.pe\\\/wp54\\\/\",\"name\":\"Radio Huancayo\",\"description\":\"me gusta!!!\",\"publisher\":{\"@id\":\"https:\\\/\\\/radiohuancayo.com.pe\\\/wp54\\\/#organization\"},\"potentialAction\":[{\"@type\":\"SearchAction\",\"target\":{\"@type\":\"EntryPoint\",\"urlTemplate\":\"https:\\\/\\\/radiohuancayo.com.pe\\\/wp54\\\/?s={search_term_string}\"},\"query-input\":{\"@type\":\"PropertyValueSpecification\",\"valueRequired\":true,\"valueName\":\"search_term_string\"}}],\"inLanguage\":\"es\"},{\"@type\":\"Organization\",\"@id\":\"https:\\\/\\\/radiohuancayo.com.pe\\\/wp54\\\/#organization\",\"name\":\"Radio Huancayo\",\"url\":\"https:\\\/\\\/radiohuancayo.com.pe\\\/wp54\\\/\",\"logo\":{\"@type\":\"ImageObject\",\"inLanguage\":\"es\",\"@id\":\"https:\\\/\\\/radiohuancayo.com.pe\\\/wp54\\\/#\\\/schema\\\/logo\\\/image\\\/\",\"url\":\"https:\\\/\\\/radiohuancayo.com.pe\\\/wp54\\\/wp-content\\\/uploads\\\/2022\\\/04\\\/CABE01.png\",\"contentUrl\":\"https:\\\/\\\/radiohuancayo.com.pe\\\/wp54\\\/wp-content\\\/uploads\\\/2022\\\/04\\\/CABE01.png\",\"width\":1640,\"height\":300,\"caption\":\"Radio Huancayo\"},\"image\":{\"@id\":\"https:\\\/\\\/radiohuancayo.com.pe\\\/wp54\\\/#\\\/schema\\\/logo\\\/image\\\/\"}},{\"@type\":\"Person\",\"@id\":\"https:\\\/\\\/radiohuancayo.com.pe\\\/wp54\\\/#\\\/schema\\\/person\\\/6baed031d35922e76b91866439cb0b86\",\"name\":\"Maytin DBO\",\"image\":{\"@type\":\"ImageObject\",\"inLanguage\":\"es\",\"@id\":\"https:\\\/\\\/secure.gravatar.com\\\/avatar\\\/58ac8a13712dd72aa77651ede28efcec1556ba2f16162e16bbad5b8220f88ac4?s=96&d=mm&r=g\",\"url\":\"https:\\\/\\\/secure.gravatar.com\\\/avatar\\\/58ac8a13712dd72aa77651ede28efcec1556ba2f16162e16bbad5b8220f88ac4?s=96&d=mm&r=g\",\"contentUrl\":\"https:\\\/\\\/secure.gravatar.com\\\/avatar\\\/58ac8a13712dd72aa77651ede28efcec1556ba2f16162e16bbad5b8220f88ac4?s=96&d=mm&r=g\",\"caption\":\"Maytin DBO\"},\"url\":\"https:\\\/\\\/radiohuancayo.com.pe\\\/wp54\\\/author\\\/debuenaonda\\\/\"}]}<\/script>\n<!-- \/ Yoast SEO plugin. -->","yoast_head_json":{"title":"Cristhian Pacheco: Marat\u00f3n masculina Par\u00eds 2024. Fecha, hora y canal de carrera - Radio Huancayo","robots":{"index":"index","follow":"follow","max-snippet":"max-snippet:-1","max-image-preview":"max-image-preview:large","max-video-preview":"max-video-preview:-1"},"canonical":"https:\/\/radiohuancayo.com.pe\/wp54\/cristhian-pacheco-maraton-masculina-paris-2024-fecha-hora-y-canal-de-carrera\/","og_locale":"es_ES","og_type":"article","og_title":"Cristhian Pacheco: Marat\u00f3n masculina Par\u00eds 2024. Fecha, hora y canal de carrera - Radio Huancayo","og_description":"Cristhian Pacheco\u00a0est\u00e1 pr\u00f3ximo a competir en la marat\u00f3n masculina, de la disciplina de atletismo, en los Juegos Ol\u00edmpicos de\u00a0Par\u00eds 2024\u00a0y en esta nota te dejamos todos los detalles para que no dejes de alentar al peruano. \u00bfA qu\u00e9 hora compite Cristhian Pacheco en Par\u00eds 2024? Cristhian Pacheco&nbsp;competir\u00e1 en la marat\u00f3n masculina el pr\u00f3ximo s\u00e1bado 10 de agosto a la 1 a.m. (hora peruana). Aqu\u00ed te dejamos otros horarios: \u00bfD\u00f3nde ver la marat\u00f3n masculina de Par\u00eds 2024 EN VIVO? La transmisi\u00f3n en vivo y en directo ser\u00e1 trav\u00e9s de los canales ATV y Claro Sports, as\u00ed como en la plataforma en l\u00ednea de los mismos.","og_url":"https:\/\/radiohuancayo.com.pe\/wp54\/cristhian-pacheco-maraton-masculina-paris-2024-fecha-hora-y-canal-de-carrera\/","og_site_name":"Radio Huancayo","article_published_time":"2024-08-08T18:31:16+00:00","article_modified_time":"2024-08-08T18:31:17+00:00","og_image":[{"width":1024,"height":683,"url":"https:\/\/radiohuancayo.com.pe\/wp54\/wp-content\/uploads\/2024\/08\/image-49-1024x683.png","type":"image\/png"}],"author":"Maytin DBO","twitter_card":"summary_large_image","twitter_misc":{"Escrito por":"Maytin DBO","Tiempo de lectura":"1 minuto"},"schema":{"@context":"https:\/\/schema.org","@graph":[{"@type":"Article","@id":"https:\/\/radiohuancayo.com.pe\/wp54\/cristhian-pacheco-maraton-masculina-paris-2024-fecha-hora-y-canal-de-carrera\/#article","isPartOf":{"@id":"https:\/\/radiohuancayo.com.pe\/wp54\/cristhian-pacheco-maraton-masculina-paris-2024-fecha-hora-y-canal-de-carrera\/"},"author":{"name":"Maytin DBO","@id":"https:\/\/radiohuancayo.com.pe\/wp54\/#\/schema\/person\/6baed031d35922e76b91866439cb0b86"},"headline":"Cristhian Pacheco: Marat\u00f3n masculina Par\u00eds 2024. Fecha, hora y canal de carrera","datePublished":"2024-08-08T18:31:16+00:00","dateModified":"2024-08-08T18:31:17+00:00","mainEntityOfPage":{"@id":"https:\/\/radiohuancayo.com.pe\/wp54\/cristhian-pacheco-maraton-masculina-paris-2024-fecha-hora-y-canal-de-carrera\/"},"wordCount":147,"commentCount":0,"publisher":{"@id":"https:\/\/radiohuancayo.com.pe\/wp54\/#organization"},"image":{"@id":"https:\/\/radiohuancayo.com.pe\/wp54\/cristhian-pacheco-maraton-masculina-paris-2024-fecha-hora-y-canal-de-carrera\/#primaryimage"},"thumbnailUrl":"https:\/\/radiohuancayo.com.pe\/wp54\/wp-content\/uploads\/2024\/08\/image-49.png","articleSection":["Portada","Tendencia"],"inLanguage":"es","potentialAction":[{"@type":"CommentAction","name":"Comment","target":["https:\/\/radiohuancayo.com.pe\/wp54\/cristhian-pacheco-maraton-masculina-paris-2024-fecha-hora-y-canal-de-carrera\/#respond"]}]},{"@type":"WebPage","@id":"https:\/\/radiohuancayo.com.pe\/wp54\/cristhian-pacheco-maraton-masculina-paris-2024-fecha-hora-y-canal-de-carrera\/","url":"https:\/\/radiohuancayo.com.pe\/wp54\/cristhian-pacheco-maraton-masculina-paris-2024-fecha-hora-y-canal-de-carrera\/","name":"Cristhian Pacheco: Marat\u00f3n masculina Par\u00eds 2024. Fecha, hora y canal de carrera - Radio Huancayo","isPartOf":{"@id":"https:\/\/radiohuancayo.com.pe\/wp54\/#website"},"primaryImageOfPage":{"@id":"https:\/\/radiohuancayo.com.pe\/wp54\/cristhian-pacheco-maraton-masculina-paris-2024-fecha-hora-y-canal-de-carrera\/#primaryimage"},"image":{"@id":"https:\/\/radiohuancayo.com.pe\/wp54\/cristhian-pacheco-maraton-masculina-paris-2024-fecha-hora-y-canal-de-carrera\/#primaryimage"},"thumbnailUrl":"https:\/\/radiohuancayo.com.pe\/wp54\/wp-content\/uploads\/2024\/08\/image-49.png","datePublished":"2024-08-08T18:31:16+00:00","dateModified":"2024-08-08T18:31:17+00:00","breadcrumb":{"@id":"https:\/\/radiohuancayo.com.pe\/wp54\/cristhian-pacheco-maraton-masculina-paris-2024-fecha-hora-y-canal-de-carrera\/#breadcrumb"},"inLanguage":"es","potentialAction":[{"@type":"ReadAction","target":["https:\/\/radiohuancayo.com.pe\/wp54\/cristhian-pacheco-maraton-masculina-paris-2024-fecha-hora-y-canal-de-carrera\/"]}]},{"@type":"ImageObject","inLanguage":"es","@id":"https:\/\/radiohuancayo.com.pe\/wp54\/cristhian-pacheco-maraton-masculina-paris-2024-fecha-hora-y-canal-de-carrera\/#primaryimage","url":"https:\/\/radiohuancayo.com.pe\/wp54\/wp-content\/uploads\/2024\/08\/image-49.png","contentUrl":"https:\/\/radiohuancayo.com.pe\/wp54\/wp-content\/uploads\/2024\/08\/image-49.png","width":1800,"height":1200},{"@type":"BreadcrumbList","@id":"https:\/\/radiohuancayo.com.pe\/wp54\/cristhian-pacheco-maraton-masculina-paris-2024-fecha-hora-y-canal-de-carrera\/#breadcrumb","itemListElement":[{"@type":"ListItem","position":1,"name":"Portada","item":"https:\/\/radiohuancayo.com.pe\/wp54\/"},{"@type":"ListItem","position":2,"name":"Cristhian Pacheco: Marat\u00f3n masculina Par\u00eds 2024. Fecha, hora y canal de carrera"}]},{"@type":"WebSite","@id":"https:\/\/radiohuancayo.com.pe\/wp54\/#website","url":"https:\/\/radiohuancayo.com.pe\/wp54\/","name":"Radio Huancayo","description":"me gusta!!!","publisher":{"@id":"https:\/\/radiohuancayo.com.pe\/wp54\/#organization"},"potentialAction":[{"@type":"SearchAction","target":{"@type":"EntryPoint","urlTemplate":"https:\/\/radiohuancayo.com.pe\/wp54\/?s={search_term_string}"},"query-input":{"@type":"PropertyValueSpecification","valueRequired":true,"valueName":"search_term_string"}}],"inLanguage":"es"},{"@type":"Organization","@id":"https:\/\/radiohuancayo.com.pe\/wp54\/#organization","name":"Radio Huancayo","url":"https:\/\/radiohuancayo.com.pe\/wp54\/","logo":{"@type":"ImageObject","inLanguage":"es","@id":"https:\/\/radiohuancayo.com.pe\/wp54\/#\/schema\/logo\/image\/","url":"https:\/\/radiohuancayo.com.pe\/wp54\/wp-content\/uploads\/2022\/04\/CABE01.png","contentUrl":"https:\/\/radiohuancayo.com.pe\/wp54\/wp-content\/uploads\/2022\/04\/CABE01.png","width":1640,"height":300,"caption":"Radio Huancayo"},"image":{"@id":"https:\/\/radiohuancayo.com.pe\/wp54\/#\/schema\/logo\/image\/"}},{"@type":"Person","@id":"https:\/\/radiohuancayo.com.pe\/wp54\/#\/schema\/person\/6baed031d35922e76b91866439cb0b86","name":"Maytin DBO","image":{"@type":"ImageObject","inLanguage":"es","@id":"https:\/\/secure.gravatar.com\/avatar\/58ac8a13712dd72aa77651ede28efcec1556ba2f16162e16bbad5b8220f88ac4?s=96&d=mm&r=g","url":"https:\/\/secure.gravatar.com\/avatar\/58ac8a13712dd72aa77651ede28efcec1556ba2f16162e16bbad5b8220f88ac4?s=96&d=mm&r=g","contentUrl":"https:\/\/secure.gravatar.com\/avatar\/58ac8a13712dd72aa77651ede28efcec1556ba2f16162e16bbad5b8220f88ac4?s=96&d=mm&r=g","caption":"Maytin DBO"},"url":"https:\/\/radiohuancayo.com.pe\/wp54\/author\/debuenaonda\/"}]}},"_links":{"self":[{"href":"https:\/\/radiohuancayo.com.pe\/wp54\/wp-json\/wp\/v2\/posts\/27682","targetHints":{"allow":["GET"]}}],"collection":[{"href":"https:\/\/radiohuancayo.com.pe\/wp54\/wp-json\/wp\/v2\/posts"}],"about":[{"href":"https:\/\/radiohuancayo.com.pe\/wp54\/wp-json\/wp\/v2\/types\/post"}],"author":[{"embeddable":true,"href":"https:\/\/radiohuancayo.com.pe\/wp54\/wp-json\/wp\/v2\/users\/5"}],"replies":[{"embeddable":true,"href":"https:\/\/radiohuancayo.com.pe\/wp54\/wp-json\/wp\/v2\/comments?post=27682"}],"version-history":[{"count":1,"href":"https:\/\/radiohuancayo.com.pe\/wp54\/wp-json\/wp\/v2\/posts\/27682\/revisions"}],"predecessor-version":[{"id":27684,"href":"https:\/\/radiohuancayo.com.pe\/wp54\/wp-json\/wp\/v2\/posts\/27682\/revisions\/27684"}],"wp:featuredmedia":[{"embeddable":true,"href":"https:\/\/radiohuancayo.com.pe\/wp54\/wp-json\/wp\/v2\/media\/27683"}],"wp:attachment":[{"href":"https:\/\/radiohuancayo.com.pe\/wp54\/wp-json\/wp\/v2\/media?parent=27682"}],"wp:term":[{"taxonomy":"category","embeddable":true,"href":"https:\/\/radiohuancayo.com.pe\/wp54\/wp-json\/wp\/v2\/categories?post=27682"},{"taxonomy":"post_tag","embeddable":true,"href":"https:\/\/radiohuancayo.com.pe\/wp54\/wp-json\/wp\/v2\/tags?post=27682"}],"curies":[{"name":"wp","href":"https:\/\/api.w.org\/{rel}","templated":true}]}}