{"id":27877,"date":"2024-08-15T13:35:49","date_gmt":"2024-08-15T18:35:49","guid":{"rendered":"https:\/\/radiohuancayo.com.pe\/wp54\/?p=27877"},"modified":"2024-08-15T13:35:50","modified_gmt":"2024-08-15T18:35:50","slug":"15-de-agosto-de-2007-en-peru-por-que-se-recuerda-siempre","status":"publish","type":"post","link":"https:\/\/radiohuancayo.com.pe\/wp54\/15-de-agosto-de-2007-en-peru-por-que-se-recuerda-siempre\/","title":{"rendered":"15 de agosto de 2007 en Per\u00fa \u00bfPor qu\u00e9 se recuerda siempre?"},"content":{"rendered":"\n<p>El 15 de agosto de 2007 sucedi\u00f3 en el Per\u00fa uno de los m\u00e1s tr\u00e1gicos acontecimientos de su historia y sirvi\u00f3 como ejemplo permanente a las autoridades y a la poblaci\u00f3n de c\u00f3mo organizarse, prepararse y actuar ante la ocurrencia de un desastre natural. \u00bfQu\u00e9 infausto evento ocurri\u00f3 en esa fecha y d\u00f3nde aconteci\u00f3?, \u00bfPor qu\u00e9 se recuerda siempre y qu\u00e9 se realiza desde entonces todos los a\u00f1os?<\/p>\n\n\n\n<p>El desastre m\u00e1s devastador sufrido por el Per\u00fa en lo que va del siglo XXI aconteci\u00f3 el\u00a0<strong>15 de agosto de 2007<\/strong>. Las provincias de\u00a0<strong>Pisco, Chincha, Ica y Ca\u00f1ete<\/strong>, en el departamento de Ica, fueron destruidas por un\u00a0<strong>terremoto de magnitud 7.9<\/strong>\u00a0que dej\u00f3 un saldo lamentable de 596 fallecidos, 1268 personas heridas y 655,674 afectadas, seg\u00fan cifras oficiales del Instituto Nacional de Defensa Civil (Indeci).<\/p>\n\n\n\n<p>Aquel violento sismo, cuya intensidad lleg\u00f3 a\u00a0<strong>IX en la escala de Mercalli<\/strong>, se registr\u00f3\u00a0a las 18:41 horas y provoc\u00f3, inicialmente, el desconcierto en las autoridades de entonces y la poblaci\u00f3n que desconoc\u00edan la real magnitud de la emergencia.<\/p>\n\n\n\n<p>Junto con las v\u00edctimas se report\u00f3 oficialmente 76,000 viviendas totalmente destruidas e inhabitables en las provincias mencionadas, pero tambi\u00e9n en la provincia lime\u00f1a de\u00a0<strong>Yauyos<\/strong>\u00a0y en las provincias de\u00a0<strong>Huaytar\u00e1 y Castrovirreyna<\/strong>, en la regi\u00f3n\u00a0<strong>Huancavelica.<\/strong><\/p>\n\n\n\n<p>Una de las primeras medidas adoptadas por las autoridades fue declarar en emergencia a las provincias afectadas por el plazo de 60 d\u00edas. El\u00a0<strong>Instituto Nacional de Defensa Civil (Indeci<\/strong>) asumi\u00f3 las acciones de ayuda log\u00edsticas, con el apoyo de las Fuerzas Armadas y la Polic\u00eda Nacional para atender los llamados de emergencia. Asimismo, se suspendieron las clases escolares en las zonas afectadas.<\/p>\n\n\n\n<p>Ante esta terrible situaci\u00f3n, la poblaci\u00f3n civil, empresas privadas, organismos particulares e instituciones educativas como universidades p\u00fablicas y privadas, realizaron donaciones y organizaron el apoyo humanitario para los pobladores afectados.<\/p>\n","protected":false},"excerpt":{"rendered":"<p>El 15 de agosto de 2007 sucedi\u00f3 en el Per\u00fa uno de los m\u00e1s tr\u00e1gicos acontecimientos de su historia y sirvi\u00f3 como ejemplo permanente a las autoridades y a la poblaci\u00f3n de c\u00f3mo organizarse, prepararse y actuar ante la ocurrencia de un desastre natural. \u00bfQu\u00e9 infausto evento ocurri\u00f3 en esa fecha y d\u00f3nde aconteci\u00f3?, \u00bfPor qu\u00e9 se recuerda siempre y qu\u00e9 se realiza desde entonces todos los a\u00f1os? El desastre m\u00e1s devastador sufrido por el Per\u00fa en lo que va del siglo XXI aconteci\u00f3 el\u00a015 de agosto de 2007. Las provincias de\u00a0Pisco, Chincha, Ica y Ca\u00f1ete, en el departamento de Ica, fueron destruidas por un\u00a0terremoto de magnitud 7.9\u00a0que dej\u00f3 un saldo lamentable de 596 fallecidos, 1268 personas heridas y 655,674 afectadas, seg\u00fan cifras oficiales del Instituto Nacional de Defensa Civil (Indeci). Aquel violento sismo, cuya intensidad lleg\u00f3 a\u00a0IX en la escala de Mercalli, se registr\u00f3\u00a0a las 18:41 horas y provoc\u00f3, inicialmente, el desconcierto en las autoridades de entonces y la poblaci\u00f3n que desconoc\u00edan la real magnitud de la emergencia. Junto con las v\u00edctimas se report\u00f3 oficialmente 76,000 viviendas totalmente destruidas e inhabitables en las provincias mencionadas, pero tambi\u00e9n en la provincia lime\u00f1a de\u00a0Yauyos\u00a0y en las provincias de\u00a0Huaytar\u00e1 y Castrovirreyna, en la regi\u00f3n\u00a0Huancavelica. Una de las primeras medidas adoptadas por las autoridades fue declarar en emergencia a las provincias afectadas por el plazo de 60 d\u00edas. El\u00a0Instituto Nacional de Defensa Civil (Indeci) asumi\u00f3 las acciones de ayuda log\u00edsticas, con el apoyo de las Fuerzas Armadas y la Polic\u00eda Nacional para atender los llamados de emergencia. Asimismo, se suspendieron las clases escolares en las zonas afectadas. Ante esta terrible situaci\u00f3n, la poblaci\u00f3n civil, empresas privadas, organismos particulares e instituciones educativas como universidades p\u00fablicas y privadas, realizaron donaciones y organizaron el apoyo humanitario para los pobladores afectados.<\/p>\n","protected":false},"author":5,"featured_media":27878,"comment_status":"open","ping_status":"open","sticky":false,"template":"","format":"standard","meta":{"footnotes":""},"categories":[22,20],"tags":[],"class_list":["post-27877","post","type-post","status-publish","format-standard","has-post-thumbnail","hentry","category-portada","category-tendencia"],"yoast_head":"<!-- This site is optimized with the Yoast SEO plugin v27.5 - https:\/\/yoast.com\/product\/yoast-seo-wordpress\/ -->\n<title>15 de agosto de 2007 en Per\u00fa \u00bfPor qu\u00e9 se recuerda siempre? - Radio Huancayo<\/title>\n<meta name=\"robots\" content=\"index, follow, max-snippet:-1, max-image-preview:large, max-video-preview:-1\" \/>\n<link rel=\"canonical\" href=\"https:\/\/radiohuancayo.com.pe\/wp54\/15-de-agosto-de-2007-en-peru-por-que-se-recuerda-siempre\/\" \/>\n<meta property=\"og:locale\" content=\"es_ES\" \/>\n<meta property=\"og:type\" content=\"article\" \/>\n<meta property=\"og:title\" content=\"15 de agosto de 2007 en Per\u00fa \u00bfPor qu\u00e9 se recuerda siempre? - Radio Huancayo\" \/>\n<meta property=\"og:description\" content=\"El 15 de agosto de 2007 sucedi\u00f3 en el Per\u00fa uno de los m\u00e1s tr\u00e1gicos acontecimientos de su historia y sirvi\u00f3 como ejemplo permanente a las autoridades y a la poblaci\u00f3n de c\u00f3mo organizarse, prepararse y actuar ante la ocurrencia de un desastre natural. \u00bfQu\u00e9 infausto evento ocurri\u00f3 en esa fecha y d\u00f3nde aconteci\u00f3?, \u00bfPor qu\u00e9 se recuerda siempre y qu\u00e9 se realiza desde entonces todos los a\u00f1os? El desastre m\u00e1s devastador sufrido por el Per\u00fa en lo que va del siglo XXI aconteci\u00f3 el\u00a015 de agosto de 2007. Las provincias de\u00a0Pisco, Chincha, Ica y Ca\u00f1ete, en el departamento de Ica, fueron destruidas por un\u00a0terremoto de magnitud 7.9\u00a0que dej\u00f3 un saldo lamentable de 596 fallecidos, 1268 personas heridas y 655,674 afectadas, seg\u00fan cifras oficiales del Instituto Nacional de Defensa Civil (Indeci). Aquel violento sismo, cuya intensidad lleg\u00f3 a\u00a0IX en la escala de Mercalli, se registr\u00f3\u00a0a las 18:41 horas y provoc\u00f3, inicialmente, el desconcierto en las autoridades de entonces y la poblaci\u00f3n que desconoc\u00edan la real magnitud de la emergencia. Junto con las v\u00edctimas se report\u00f3 oficialmente 76,000 viviendas totalmente destruidas e inhabitables en las provincias mencionadas, pero tambi\u00e9n en la provincia lime\u00f1a de\u00a0Yauyos\u00a0y en las provincias de\u00a0Huaytar\u00e1 y Castrovirreyna, en la regi\u00f3n\u00a0Huancavelica. Una de las primeras medidas adoptadas por las autoridades fue declarar en emergencia a las provincias afectadas por el plazo de 60 d\u00edas. El\u00a0Instituto Nacional de Defensa Civil (Indeci) asumi\u00f3 las acciones de ayuda log\u00edsticas, con el apoyo de las Fuerzas Armadas y la Polic\u00eda Nacional para atender los llamados de emergencia. Asimismo, se suspendieron las clases escolares en las zonas afectadas. Ante esta terrible situaci\u00f3n, la poblaci\u00f3n civil, empresas privadas, organismos particulares e instituciones educativas como universidades p\u00fablicas y privadas, realizaron donaciones y organizaron el apoyo humanitario para los pobladores afectados.\" \/>\n<meta property=\"og:url\" content=\"https:\/\/radiohuancayo.com.pe\/wp54\/15-de-agosto-de-2007-en-peru-por-que-se-recuerda-siempre\/\" \/>\n<meta property=\"og:site_name\" content=\"Radio Huancayo\" \/>\n<meta property=\"article:published_time\" content=\"2024-08-15T18:35:49+00:00\" \/>\n<meta property=\"article:modified_time\" content=\"2024-08-15T18:35:50+00:00\" \/>\n<meta property=\"og:image\" content=\"https:\/\/radiohuancayo.com.pe\/wp54\/wp-content\/uploads\/2024\/08\/terremoto.jpg\" \/>\n\t<meta property=\"og:image:width\" content=\"1800\" \/>\n\t<meta property=\"og:image:height\" content=\"1212\" \/>\n\t<meta property=\"og:image:type\" content=\"image\/jpeg\" \/>\n<meta name=\"author\" content=\"Maytin DBO\" \/>\n<meta name=\"twitter:card\" content=\"summary_large_image\" \/>\n<meta name=\"twitter:label1\" content=\"Escrito por\" \/>\n\t<meta name=\"twitter:data1\" content=\"Maytin DBO\" \/>\n\t<meta name=\"twitter:label2\" content=\"Tiempo de lectura\" \/>\n\t<meta name=\"twitter:data2\" content=\"2 minutos\" \/>\n<script type=\"application\/ld+json\" class=\"yoast-schema-graph\">{\"@context\":\"https:\\\/\\\/schema.org\",\"@graph\":[{\"@type\":\"Article\",\"@id\":\"https:\\\/\\\/radiohuancayo.com.pe\\\/wp54\\\/15-de-agosto-de-2007-en-peru-por-que-se-recuerda-siempre\\\/#article\",\"isPartOf\":{\"@id\":\"https:\\\/\\\/radiohuancayo.com.pe\\\/wp54\\\/15-de-agosto-de-2007-en-peru-por-que-se-recuerda-siempre\\\/\"},\"author\":{\"name\":\"Maytin DBO\",\"@id\":\"https:\\\/\\\/radiohuancayo.com.pe\\\/wp54\\\/#\\\/schema\\\/person\\\/6baed031d35922e76b91866439cb0b86\"},\"headline\":\"15 de agosto de 2007 en Per\u00fa \u00bfPor qu\u00e9 se recuerda siempre?\",\"datePublished\":\"2024-08-15T18:35:49+00:00\",\"dateModified\":\"2024-08-15T18:35:50+00:00\",\"mainEntityOfPage\":{\"@id\":\"https:\\\/\\\/radiohuancayo.com.pe\\\/wp54\\\/15-de-agosto-de-2007-en-peru-por-que-se-recuerda-siempre\\\/\"},\"wordCount\":325,\"commentCount\":0,\"publisher\":{\"@id\":\"https:\\\/\\\/radiohuancayo.com.pe\\\/wp54\\\/#organization\"},\"image\":{\"@id\":\"https:\\\/\\\/radiohuancayo.com.pe\\\/wp54\\\/15-de-agosto-de-2007-en-peru-por-que-se-recuerda-siempre\\\/#primaryimage\"},\"thumbnailUrl\":\"https:\\\/\\\/radiohuancayo.com.pe\\\/wp54\\\/wp-content\\\/uploads\\\/2024\\\/08\\\/terremoto.jpg\",\"articleSection\":[\"Portada\",\"Tendencia\"],\"inLanguage\":\"es\",\"potentialAction\":[{\"@type\":\"CommentAction\",\"name\":\"Comment\",\"target\":[\"https:\\\/\\\/radiohuancayo.com.pe\\\/wp54\\\/15-de-agosto-de-2007-en-peru-por-que-se-recuerda-siempre\\\/#respond\"]}]},{\"@type\":\"WebPage\",\"@id\":\"https:\\\/\\\/radiohuancayo.com.pe\\\/wp54\\\/15-de-agosto-de-2007-en-peru-por-que-se-recuerda-siempre\\\/\",\"url\":\"https:\\\/\\\/radiohuancayo.com.pe\\\/wp54\\\/15-de-agosto-de-2007-en-peru-por-que-se-recuerda-siempre\\\/\",\"name\":\"15 de agosto de 2007 en Per\u00fa \u00bfPor qu\u00e9 se recuerda siempre? - Radio Huancayo\",\"isPartOf\":{\"@id\":\"https:\\\/\\\/radiohuancayo.com.pe\\\/wp54\\\/#website\"},\"primaryImageOfPage\":{\"@id\":\"https:\\\/\\\/radiohuancayo.com.pe\\\/wp54\\\/15-de-agosto-de-2007-en-peru-por-que-se-recuerda-siempre\\\/#primaryimage\"},\"image\":{\"@id\":\"https:\\\/\\\/radiohuancayo.com.pe\\\/wp54\\\/15-de-agosto-de-2007-en-peru-por-que-se-recuerda-siempre\\\/#primaryimage\"},\"thumbnailUrl\":\"https:\\\/\\\/radiohuancayo.com.pe\\\/wp54\\\/wp-content\\\/uploads\\\/2024\\\/08\\\/terremoto.jpg\",\"datePublished\":\"2024-08-15T18:35:49+00:00\",\"dateModified\":\"2024-08-15T18:35:50+00:00\",\"breadcrumb\":{\"@id\":\"https:\\\/\\\/radiohuancayo.com.pe\\\/wp54\\\/15-de-agosto-de-2007-en-peru-por-que-se-recuerda-siempre\\\/#breadcrumb\"},\"inLanguage\":\"es\",\"potentialAction\":[{\"@type\":\"ReadAction\",\"target\":[\"https:\\\/\\\/radiohuancayo.com.pe\\\/wp54\\\/15-de-agosto-de-2007-en-peru-por-que-se-recuerda-siempre\\\/\"]}]},{\"@type\":\"ImageObject\",\"inLanguage\":\"es\",\"@id\":\"https:\\\/\\\/radiohuancayo.com.pe\\\/wp54\\\/15-de-agosto-de-2007-en-peru-por-que-se-recuerda-siempre\\\/#primaryimage\",\"url\":\"https:\\\/\\\/radiohuancayo.com.pe\\\/wp54\\\/wp-content\\\/uploads\\\/2024\\\/08\\\/terremoto.jpg\",\"contentUrl\":\"https:\\\/\\\/radiohuancayo.com.pe\\\/wp54\\\/wp-content\\\/uploads\\\/2024\\\/08\\\/terremoto.jpg\",\"width\":1800,\"height\":1212},{\"@type\":\"BreadcrumbList\",\"@id\":\"https:\\\/\\\/radiohuancayo.com.pe\\\/wp54\\\/15-de-agosto-de-2007-en-peru-por-que-se-recuerda-siempre\\\/#breadcrumb\",\"itemListElement\":[{\"@type\":\"ListItem\",\"position\":1,\"name\":\"Portada\",\"item\":\"https:\\\/\\\/radiohuancayo.com.pe\\\/wp54\\\/\"},{\"@type\":\"ListItem\",\"position\":2,\"name\":\"15 de agosto de 2007 en Per\u00fa \u00bfPor qu\u00e9 se recuerda siempre?\"}]},{\"@type\":\"WebSite\",\"@id\":\"https:\\\/\\\/radiohuancayo.com.pe\\\/wp54\\\/#website\",\"url\":\"https:\\\/\\\/radiohuancayo.com.pe\\\/wp54\\\/\",\"name\":\"Radio Huancayo\",\"description\":\"me gusta!!!\",\"publisher\":{\"@id\":\"https:\\\/\\\/radiohuancayo.com.pe\\\/wp54\\\/#organization\"},\"potentialAction\":[{\"@type\":\"SearchAction\",\"target\":{\"@type\":\"EntryPoint\",\"urlTemplate\":\"https:\\\/\\\/radiohuancayo.com.pe\\\/wp54\\\/?s={search_term_string}\"},\"query-input\":{\"@type\":\"PropertyValueSpecification\",\"valueRequired\":true,\"valueName\":\"search_term_string\"}}],\"inLanguage\":\"es\"},{\"@type\":\"Organization\",\"@id\":\"https:\\\/\\\/radiohuancayo.com.pe\\\/wp54\\\/#organization\",\"name\":\"Radio Huancayo\",\"url\":\"https:\\\/\\\/radiohuancayo.com.pe\\\/wp54\\\/\",\"logo\":{\"@type\":\"ImageObject\",\"inLanguage\":\"es\",\"@id\":\"https:\\\/\\\/radiohuancayo.com.pe\\\/wp54\\\/#\\\/schema\\\/logo\\\/image\\\/\",\"url\":\"https:\\\/\\\/radiohuancayo.com.pe\\\/wp54\\\/wp-content\\\/uploads\\\/2022\\\/04\\\/CABE01.png\",\"contentUrl\":\"https:\\\/\\\/radiohuancayo.com.pe\\\/wp54\\\/wp-content\\\/uploads\\\/2022\\\/04\\\/CABE01.png\",\"width\":1640,\"height\":300,\"caption\":\"Radio Huancayo\"},\"image\":{\"@id\":\"https:\\\/\\\/radiohuancayo.com.pe\\\/wp54\\\/#\\\/schema\\\/logo\\\/image\\\/\"}},{\"@type\":\"Person\",\"@id\":\"https:\\\/\\\/radiohuancayo.com.pe\\\/wp54\\\/#\\\/schema\\\/person\\\/6baed031d35922e76b91866439cb0b86\",\"name\":\"Maytin DBO\",\"image\":{\"@type\":\"ImageObject\",\"inLanguage\":\"es\",\"@id\":\"https:\\\/\\\/secure.gravatar.com\\\/avatar\\\/58ac8a13712dd72aa77651ede28efcec1556ba2f16162e16bbad5b8220f88ac4?s=96&d=mm&r=g\",\"url\":\"https:\\\/\\\/secure.gravatar.com\\\/avatar\\\/58ac8a13712dd72aa77651ede28efcec1556ba2f16162e16bbad5b8220f88ac4?s=96&d=mm&r=g\",\"contentUrl\":\"https:\\\/\\\/secure.gravatar.com\\\/avatar\\\/58ac8a13712dd72aa77651ede28efcec1556ba2f16162e16bbad5b8220f88ac4?s=96&d=mm&r=g\",\"caption\":\"Maytin DBO\"},\"url\":\"https:\\\/\\\/radiohuancayo.com.pe\\\/wp54\\\/author\\\/debuenaonda\\\/\"}]}<\/script>\n<!-- \/ Yoast SEO plugin. -->","yoast_head_json":{"title":"15 de agosto de 2007 en Per\u00fa \u00bfPor qu\u00e9 se recuerda siempre? - Radio Huancayo","robots":{"index":"index","follow":"follow","max-snippet":"max-snippet:-1","max-image-preview":"max-image-preview:large","max-video-preview":"max-video-preview:-1"},"canonical":"https:\/\/radiohuancayo.com.pe\/wp54\/15-de-agosto-de-2007-en-peru-por-que-se-recuerda-siempre\/","og_locale":"es_ES","og_type":"article","og_title":"15 de agosto de 2007 en Per\u00fa \u00bfPor qu\u00e9 se recuerda siempre? - Radio Huancayo","og_description":"El 15 de agosto de 2007 sucedi\u00f3 en el Per\u00fa uno de los m\u00e1s tr\u00e1gicos acontecimientos de su historia y sirvi\u00f3 como ejemplo permanente a las autoridades y a la poblaci\u00f3n de c\u00f3mo organizarse, prepararse y actuar ante la ocurrencia de un desastre natural. \u00bfQu\u00e9 infausto evento ocurri\u00f3 en esa fecha y d\u00f3nde aconteci\u00f3?, \u00bfPor qu\u00e9 se recuerda siempre y qu\u00e9 se realiza desde entonces todos los a\u00f1os? El desastre m\u00e1s devastador sufrido por el Per\u00fa en lo que va del siglo XXI aconteci\u00f3 el\u00a015 de agosto de 2007. Las provincias de\u00a0Pisco, Chincha, Ica y Ca\u00f1ete, en el departamento de Ica, fueron destruidas por un\u00a0terremoto de magnitud 7.9\u00a0que dej\u00f3 un saldo lamentable de 596 fallecidos, 1268 personas heridas y 655,674 afectadas, seg\u00fan cifras oficiales del Instituto Nacional de Defensa Civil (Indeci). Aquel violento sismo, cuya intensidad lleg\u00f3 a\u00a0IX en la escala de Mercalli, se registr\u00f3\u00a0a las 18:41 horas y provoc\u00f3, inicialmente, el desconcierto en las autoridades de entonces y la poblaci\u00f3n que desconoc\u00edan la real magnitud de la emergencia. Junto con las v\u00edctimas se report\u00f3 oficialmente 76,000 viviendas totalmente destruidas e inhabitables en las provincias mencionadas, pero tambi\u00e9n en la provincia lime\u00f1a de\u00a0Yauyos\u00a0y en las provincias de\u00a0Huaytar\u00e1 y Castrovirreyna, en la regi\u00f3n\u00a0Huancavelica. Una de las primeras medidas adoptadas por las autoridades fue declarar en emergencia a las provincias afectadas por el plazo de 60 d\u00edas. El\u00a0Instituto Nacional de Defensa Civil (Indeci) asumi\u00f3 las acciones de ayuda log\u00edsticas, con el apoyo de las Fuerzas Armadas y la Polic\u00eda Nacional para atender los llamados de emergencia. Asimismo, se suspendieron las clases escolares en las zonas afectadas. Ante esta terrible situaci\u00f3n, la poblaci\u00f3n civil, empresas privadas, organismos particulares e instituciones educativas como universidades p\u00fablicas y privadas, realizaron donaciones y organizaron el apoyo humanitario para los pobladores afectados.","og_url":"https:\/\/radiohuancayo.com.pe\/wp54\/15-de-agosto-de-2007-en-peru-por-que-se-recuerda-siempre\/","og_site_name":"Radio Huancayo","article_published_time":"2024-08-15T18:35:49+00:00","article_modified_time":"2024-08-15T18:35:50+00:00","og_image":[{"width":1800,"height":1212,"url":"https:\/\/radiohuancayo.com.pe\/wp54\/wp-content\/uploads\/2024\/08\/terremoto.jpg","type":"image\/jpeg"}],"author":"Maytin DBO","twitter_card":"summary_large_image","twitter_misc":{"Escrito por":"Maytin DBO","Tiempo de lectura":"2 minutos"},"schema":{"@context":"https:\/\/schema.org","@graph":[{"@type":"Article","@id":"https:\/\/radiohuancayo.com.pe\/wp54\/15-de-agosto-de-2007-en-peru-por-que-se-recuerda-siempre\/#article","isPartOf":{"@id":"https:\/\/radiohuancayo.com.pe\/wp54\/15-de-agosto-de-2007-en-peru-por-que-se-recuerda-siempre\/"},"author":{"name":"Maytin DBO","@id":"https:\/\/radiohuancayo.com.pe\/wp54\/#\/schema\/person\/6baed031d35922e76b91866439cb0b86"},"headline":"15 de agosto de 2007 en Per\u00fa \u00bfPor qu\u00e9 se recuerda siempre?","datePublished":"2024-08-15T18:35:49+00:00","dateModified":"2024-08-15T18:35:50+00:00","mainEntityOfPage":{"@id":"https:\/\/radiohuancayo.com.pe\/wp54\/15-de-agosto-de-2007-en-peru-por-que-se-recuerda-siempre\/"},"wordCount":325,"commentCount":0,"publisher":{"@id":"https:\/\/radiohuancayo.com.pe\/wp54\/#organization"},"image":{"@id":"https:\/\/radiohuancayo.com.pe\/wp54\/15-de-agosto-de-2007-en-peru-por-que-se-recuerda-siempre\/#primaryimage"},"thumbnailUrl":"https:\/\/radiohuancayo.com.pe\/wp54\/wp-content\/uploads\/2024\/08\/terremoto.jpg","articleSection":["Portada","Tendencia"],"inLanguage":"es","potentialAction":[{"@type":"CommentAction","name":"Comment","target":["https:\/\/radiohuancayo.com.pe\/wp54\/15-de-agosto-de-2007-en-peru-por-que-se-recuerda-siempre\/#respond"]}]},{"@type":"WebPage","@id":"https:\/\/radiohuancayo.com.pe\/wp54\/15-de-agosto-de-2007-en-peru-por-que-se-recuerda-siempre\/","url":"https:\/\/radiohuancayo.com.pe\/wp54\/15-de-agosto-de-2007-en-peru-por-que-se-recuerda-siempre\/","name":"15 de agosto de 2007 en Per\u00fa \u00bfPor qu\u00e9 se recuerda siempre? - Radio Huancayo","isPartOf":{"@id":"https:\/\/radiohuancayo.com.pe\/wp54\/#website"},"primaryImageOfPage":{"@id":"https:\/\/radiohuancayo.com.pe\/wp54\/15-de-agosto-de-2007-en-peru-por-que-se-recuerda-siempre\/#primaryimage"},"image":{"@id":"https:\/\/radiohuancayo.com.pe\/wp54\/15-de-agosto-de-2007-en-peru-por-que-se-recuerda-siempre\/#primaryimage"},"thumbnailUrl":"https:\/\/radiohuancayo.com.pe\/wp54\/wp-content\/uploads\/2024\/08\/terremoto.jpg","datePublished":"2024-08-15T18:35:49+00:00","dateModified":"2024-08-15T18:35:50+00:00","breadcrumb":{"@id":"https:\/\/radiohuancayo.com.pe\/wp54\/15-de-agosto-de-2007-en-peru-por-que-se-recuerda-siempre\/#breadcrumb"},"inLanguage":"es","potentialAction":[{"@type":"ReadAction","target":["https:\/\/radiohuancayo.com.pe\/wp54\/15-de-agosto-de-2007-en-peru-por-que-se-recuerda-siempre\/"]}]},{"@type":"ImageObject","inLanguage":"es","@id":"https:\/\/radiohuancayo.com.pe\/wp54\/15-de-agosto-de-2007-en-peru-por-que-se-recuerda-siempre\/#primaryimage","url":"https:\/\/radiohuancayo.com.pe\/wp54\/wp-content\/uploads\/2024\/08\/terremoto.jpg","contentUrl":"https:\/\/radiohuancayo.com.pe\/wp54\/wp-content\/uploads\/2024\/08\/terremoto.jpg","width":1800,"height":1212},{"@type":"BreadcrumbList","@id":"https:\/\/radiohuancayo.com.pe\/wp54\/15-de-agosto-de-2007-en-peru-por-que-se-recuerda-siempre\/#breadcrumb","itemListElement":[{"@type":"ListItem","position":1,"name":"Portada","item":"https:\/\/radiohuancayo.com.pe\/wp54\/"},{"@type":"ListItem","position":2,"name":"15 de agosto de 2007 en Per\u00fa \u00bfPor qu\u00e9 se recuerda siempre?"}]},{"@type":"WebSite","@id":"https:\/\/radiohuancayo.com.pe\/wp54\/#website","url":"https:\/\/radiohuancayo.com.pe\/wp54\/","name":"Radio Huancayo","description":"me gusta!!!","publisher":{"@id":"https:\/\/radiohuancayo.com.pe\/wp54\/#organization"},"potentialAction":[{"@type":"SearchAction","target":{"@type":"EntryPoint","urlTemplate":"https:\/\/radiohuancayo.com.pe\/wp54\/?s={search_term_string}"},"query-input":{"@type":"PropertyValueSpecification","valueRequired":true,"valueName":"search_term_string"}}],"inLanguage":"es"},{"@type":"Organization","@id":"https:\/\/radiohuancayo.com.pe\/wp54\/#organization","name":"Radio Huancayo","url":"https:\/\/radiohuancayo.com.pe\/wp54\/","logo":{"@type":"ImageObject","inLanguage":"es","@id":"https:\/\/radiohuancayo.com.pe\/wp54\/#\/schema\/logo\/image\/","url":"https:\/\/radiohuancayo.com.pe\/wp54\/wp-content\/uploads\/2022\/04\/CABE01.png","contentUrl":"https:\/\/radiohuancayo.com.pe\/wp54\/wp-content\/uploads\/2022\/04\/CABE01.png","width":1640,"height":300,"caption":"Radio Huancayo"},"image":{"@id":"https:\/\/radiohuancayo.com.pe\/wp54\/#\/schema\/logo\/image\/"}},{"@type":"Person","@id":"https:\/\/radiohuancayo.com.pe\/wp54\/#\/schema\/person\/6baed031d35922e76b91866439cb0b86","name":"Maytin DBO","image":{"@type":"ImageObject","inLanguage":"es","@id":"https:\/\/secure.gravatar.com\/avatar\/58ac8a13712dd72aa77651ede28efcec1556ba2f16162e16bbad5b8220f88ac4?s=96&d=mm&r=g","url":"https:\/\/secure.gravatar.com\/avatar\/58ac8a13712dd72aa77651ede28efcec1556ba2f16162e16bbad5b8220f88ac4?s=96&d=mm&r=g","contentUrl":"https:\/\/secure.gravatar.com\/avatar\/58ac8a13712dd72aa77651ede28efcec1556ba2f16162e16bbad5b8220f88ac4?s=96&d=mm&r=g","caption":"Maytin DBO"},"url":"https:\/\/radiohuancayo.com.pe\/wp54\/author\/debuenaonda\/"}]}},"_links":{"self":[{"href":"https:\/\/radiohuancayo.com.pe\/wp54\/wp-json\/wp\/v2\/posts\/27877","targetHints":{"allow":["GET"]}}],"collection":[{"href":"https:\/\/radiohuancayo.com.pe\/wp54\/wp-json\/wp\/v2\/posts"}],"about":[{"href":"https:\/\/radiohuancayo.com.pe\/wp54\/wp-json\/wp\/v2\/types\/post"}],"author":[{"embeddable":true,"href":"https:\/\/radiohuancayo.com.pe\/wp54\/wp-json\/wp\/v2\/users\/5"}],"replies":[{"embeddable":true,"href":"https:\/\/radiohuancayo.com.pe\/wp54\/wp-json\/wp\/v2\/comments?post=27877"}],"version-history":[{"count":1,"href":"https:\/\/radiohuancayo.com.pe\/wp54\/wp-json\/wp\/v2\/posts\/27877\/revisions"}],"predecessor-version":[{"id":27879,"href":"https:\/\/radiohuancayo.com.pe\/wp54\/wp-json\/wp\/v2\/posts\/27877\/revisions\/27879"}],"wp:featuredmedia":[{"embeddable":true,"href":"https:\/\/radiohuancayo.com.pe\/wp54\/wp-json\/wp\/v2\/media\/27878"}],"wp:attachment":[{"href":"https:\/\/radiohuancayo.com.pe\/wp54\/wp-json\/wp\/v2\/media?parent=27877"}],"wp:term":[{"taxonomy":"category","embeddable":true,"href":"https:\/\/radiohuancayo.com.pe\/wp54\/wp-json\/wp\/v2\/categories?post=27877"},{"taxonomy":"post_tag","embeddable":true,"href":"https:\/\/radiohuancayo.com.pe\/wp54\/wp-json\/wp\/v2\/tags?post=27877"}],"curies":[{"name":"wp","href":"https:\/\/api.w.org\/{rel}","templated":true}]}}