{"id":27949,"date":"2024-08-19T14:53:58","date_gmt":"2024-08-19T19:53:58","guid":{"rendered":"https:\/\/radiohuancayo.com.pe\/wp54\/?p=27949"},"modified":"2024-08-19T14:54:20","modified_gmt":"2024-08-19T19:54:20","slug":"fap-brindara-vuelo-humanitario-para-trasladar-a-iquitos-restos-de-ingeniero-bailarin","status":"publish","type":"post","link":"https:\/\/radiohuancayo.com.pe\/wp54\/fap-brindara-vuelo-humanitario-para-trasladar-a-iquitos-restos-de-ingeniero-bailarin\/","title":{"rendered":"FAP brindar\u00e1 vuelo humanitario para trasladar a Iquitos restos de \u00abingeniero bailar\u00edn\u00bb"},"content":{"rendered":"\n<p>La Fuerza A\u00e9rea del Per\u00fa (FAP) inform\u00f3 que pondr\u00e1 a disposici\u00f3n un vuelo para trasladar los restos de Jainer Mois\u00e9s Pinedo Vargas, conocido como \u00abel ingeniero bailar\u00edn\u00bb, desde Chiclayo hasta Iquitos, su ciudad natal.<\/p>\n\n\n\n<p>El comandante V\u00edctor Vela, subdirector de Informaci\u00f3n de la FAP, indic\u00f3 en RPP que tras tomarse conocimiento del pedido de la familia se dispuso que un avi\u00f3n C26 lleve los restos mortales hasta Iquitos, a fin de darle el \u00faltimo adi\u00f3s.<\/p>\n\n\n\n<p>Vela expres\u00f3 las condolencias de la FAP a la familia de Pinedo Vargas, quien falleci\u00f3 a los 34 a\u00f1os por dengue en el Hospital Nacional Almanzor Aguinaga Asenjo de EsSalud de Lambayeque.<\/p>\n\n\n\n<p><em>\u00abLA FAP ha tomado conocimiento de este pedido y dispuso acciones pertinentes; por ello, estamos poniendo un avi\u00f3n C26 desde Chiclayo hasta Iquitos. Y queremos sumarnos a las condolencias a la familia\u00bb,<\/em>\u00a0dijo el comandante de la FAP.<\/p>\n\n\n\n<p>Betty Vargas Garc\u00eda, la madre del ingeniero que anim\u00f3 en distintos eventos con su coreograf\u00eda y alegr\u00eda, hab\u00eda contado que no hab\u00eda ninguna aerol\u00ednea disponible para trasladar los restos de su hijo y solicit\u00f3 por esa raz\u00f3n el apoyo del Estado en esta gesti\u00f3n.<\/p>\n\n\n\n<p>Jainer Pinedo gan\u00f3 popularidad tras bailar con la agrupaci\u00f3n Explosi\u00f3n de Iquitos y dominar la coreograf\u00eda de la canci\u00f3n&nbsp;<em>\u00abNo s\u00e9\u00bb<\/em>. Este tema se hizo viral en redes sociales, generando un gran impacto que llev\u00f3 a muchas figuras de la far\u00e1ndula a unirse al trend.<\/p>\n\n\n\n<p><strong>\u00bfC\u00f3mo me puedo contagiar de dengue?<\/strong><\/p>\n\n\n\n<p>Esta enfermedad se transmite cuando el mosquito&nbsp;<em>Aedes Aegypti&nbsp;<\/em>se alimenta con sangre de una persona enferma de dengue y luego pica a otras. Estos insectos pueden picar durante todo el d\u00eda, pero de preferencia lo hacen en las ma\u00f1anas y en el inicio de la noche. No existe contagio de esta enfermedad de persona a persona.&nbsp;<\/p>\n\n\n\n<p><strong>\u00bfCu\u00e1les con los s\u00edntomas?<\/strong><\/p>\n\n\n\n<p>La persona enferma con dengue cl\u00e1sico presenta n\u00e1useas, v\u00f3mitos, sarpullido, dolor en los ojos (generalmente detr\u00e1s de ellos), dolor muscular, dolor en las articulaciones o dolor en los huesos.&nbsp;<\/p>\n\n\n\n<p>Sin embargo, tambi\u00e9n existe el dengue grave, cuyos s\u00edntomas son dolor estomacal intenso y constante, dolor tor\u00e1cico, v\u00f3mitos persistentes, sangrado en las enc\u00edas, en la orina y moretones en la piel. En ambos casos, el paciente debe acudir de inmediato al centro m\u00e9dico para su tratamiento.<\/p>\n","protected":false},"excerpt":{"rendered":"<p>La Fuerza A\u00e9rea del Per\u00fa (FAP) inform\u00f3 que pondr\u00e1 a disposici\u00f3n un vuelo para trasladar los restos de Jainer Mois\u00e9s Pinedo Vargas, conocido como \u00abel ingeniero bailar\u00edn\u00bb, desde Chiclayo hasta Iquitos, su ciudad natal. El comandante V\u00edctor Vela, subdirector de Informaci\u00f3n de la FAP, indic\u00f3 en RPP que tras tomarse conocimiento del pedido de la familia se dispuso que un avi\u00f3n C26 lleve los restos mortales hasta Iquitos, a fin de darle el \u00faltimo adi\u00f3s. Vela expres\u00f3 las condolencias de la FAP a la familia de Pinedo Vargas, quien falleci\u00f3 a los 34 a\u00f1os por dengue en el Hospital Nacional Almanzor Aguinaga Asenjo de EsSalud de Lambayeque. \u00abLA FAP ha tomado conocimiento de este pedido y dispuso acciones pertinentes; por ello, estamos poniendo un avi\u00f3n C26 desde Chiclayo hasta Iquitos. Y queremos sumarnos a las condolencias a la familia\u00bb,\u00a0dijo el comandante de la FAP. Betty Vargas Garc\u00eda, la madre del ingeniero que anim\u00f3 en distintos eventos con su coreograf\u00eda y alegr\u00eda, hab\u00eda contado que no hab\u00eda ninguna aerol\u00ednea disponible para trasladar los restos de su hijo y solicit\u00f3 por esa raz\u00f3n el apoyo del Estado en esta gesti\u00f3n. Jainer Pinedo gan\u00f3 popularidad tras bailar con la agrupaci\u00f3n Explosi\u00f3n de Iquitos y dominar la coreograf\u00eda de la canci\u00f3n&nbsp;\u00abNo s\u00e9\u00bb. Este tema se hizo viral en redes sociales, generando un gran impacto que llev\u00f3 a muchas figuras de la far\u00e1ndula a unirse al trend. \u00bfC\u00f3mo me puedo contagiar de dengue? Esta enfermedad se transmite cuando el mosquito&nbsp;Aedes Aegypti&nbsp;se alimenta con sangre de una persona enferma de dengue y luego pica a otras. Estos insectos pueden picar durante todo el d\u00eda, pero de preferencia lo hacen en las ma\u00f1anas y en el inicio de la noche. No existe contagio de esta enfermedad de persona a persona.&nbsp; \u00bfCu\u00e1les con los s\u00edntomas? La persona enferma con dengue cl\u00e1sico presenta n\u00e1useas, v\u00f3mitos, sarpullido, dolor en los ojos (generalmente detr\u00e1s de ellos), dolor muscular, dolor en las articulaciones o dolor en los huesos.&nbsp; Sin embargo, tambi\u00e9n existe el dengue grave, cuyos s\u00edntomas son dolor estomacal intenso y constante, dolor tor\u00e1cico, v\u00f3mitos persistentes, sangrado en las enc\u00edas, en la orina y moretones en la piel. En ambos casos, el paciente debe acudir de inmediato al centro m\u00e9dico para su tratamiento.<\/p>\n","protected":false},"author":5,"featured_media":27950,"comment_status":"open","ping_status":"open","sticky":false,"template":"","format":"standard","meta":{"footnotes":""},"categories":[22,20],"tags":[],"class_list":["post-27949","post","type-post","status-publish","format-standard","has-post-thumbnail","hentry","category-portada","category-tendencia"],"yoast_head":"<!-- This site is optimized with the Yoast SEO plugin v27.5 - https:\/\/yoast.com\/product\/yoast-seo-wordpress\/ -->\n<title>FAP brindar\u00e1 vuelo humanitario para trasladar a Iquitos restos de &quot;ingeniero bailar\u00edn&quot; - Radio Huancayo<\/title>\n<meta name=\"robots\" content=\"index, follow, max-snippet:-1, max-image-preview:large, max-video-preview:-1\" \/>\n<link rel=\"canonical\" href=\"https:\/\/radiohuancayo.com.pe\/wp54\/fap-brindara-vuelo-humanitario-para-trasladar-a-iquitos-restos-de-ingeniero-bailarin\/\" \/>\n<meta property=\"og:locale\" content=\"es_ES\" \/>\n<meta property=\"og:type\" content=\"article\" \/>\n<meta property=\"og:title\" content=\"FAP brindar\u00e1 vuelo humanitario para trasladar a Iquitos restos de &quot;ingeniero bailar\u00edn&quot; - Radio Huancayo\" \/>\n<meta property=\"og:description\" content=\"La Fuerza A\u00e9rea del Per\u00fa (FAP) inform\u00f3 que pondr\u00e1 a disposici\u00f3n un vuelo para trasladar los restos de Jainer Mois\u00e9s Pinedo Vargas, conocido como \u00abel ingeniero bailar\u00edn\u00bb, desde Chiclayo hasta Iquitos, su ciudad natal. El comandante V\u00edctor Vela, subdirector de Informaci\u00f3n de la FAP, indic\u00f3 en RPP que tras tomarse conocimiento del pedido de la familia se dispuso que un avi\u00f3n C26 lleve los restos mortales hasta Iquitos, a fin de darle el \u00faltimo adi\u00f3s. Vela expres\u00f3 las condolencias de la FAP a la familia de Pinedo Vargas, quien falleci\u00f3 a los 34 a\u00f1os por dengue en el Hospital Nacional Almanzor Aguinaga Asenjo de EsSalud de Lambayeque. \u00abLA FAP ha tomado conocimiento de este pedido y dispuso acciones pertinentes; por ello, estamos poniendo un avi\u00f3n C26 desde Chiclayo hasta Iquitos. Y queremos sumarnos a las condolencias a la familia\u00bb,\u00a0dijo el comandante de la FAP. Betty Vargas Garc\u00eda, la madre del ingeniero que anim\u00f3 en distintos eventos con su coreograf\u00eda y alegr\u00eda, hab\u00eda contado que no hab\u00eda ninguna aerol\u00ednea disponible para trasladar los restos de su hijo y solicit\u00f3 por esa raz\u00f3n el apoyo del Estado en esta gesti\u00f3n. Jainer Pinedo gan\u00f3 popularidad tras bailar con la agrupaci\u00f3n Explosi\u00f3n de Iquitos y dominar la coreograf\u00eda de la canci\u00f3n&nbsp;\u00abNo s\u00e9\u00bb. Este tema se hizo viral en redes sociales, generando un gran impacto que llev\u00f3 a muchas figuras de la far\u00e1ndula a unirse al trend. \u00bfC\u00f3mo me puedo contagiar de dengue? Esta enfermedad se transmite cuando el mosquito&nbsp;Aedes Aegypti&nbsp;se alimenta con sangre de una persona enferma de dengue y luego pica a otras. Estos insectos pueden picar durante todo el d\u00eda, pero de preferencia lo hacen en las ma\u00f1anas y en el inicio de la noche. No existe contagio de esta enfermedad de persona a persona.&nbsp; \u00bfCu\u00e1les con los s\u00edntomas? La persona enferma con dengue cl\u00e1sico presenta n\u00e1useas, v\u00f3mitos, sarpullido, dolor en los ojos (generalmente detr\u00e1s de ellos), dolor muscular, dolor en las articulaciones o dolor en los huesos.&nbsp; Sin embargo, tambi\u00e9n existe el dengue grave, cuyos s\u00edntomas son dolor estomacal intenso y constante, dolor tor\u00e1cico, v\u00f3mitos persistentes, sangrado en las enc\u00edas, en la orina y moretones en la piel. En ambos casos, el paciente debe acudir de inmediato al centro m\u00e9dico para su tratamiento.\" \/>\n<meta property=\"og:url\" content=\"https:\/\/radiohuancayo.com.pe\/wp54\/fap-brindara-vuelo-humanitario-para-trasladar-a-iquitos-restos-de-ingeniero-bailarin\/\" \/>\n<meta property=\"og:site_name\" content=\"Radio Huancayo\" \/>\n<meta property=\"article:published_time\" content=\"2024-08-19T19:53:58+00:00\" \/>\n<meta property=\"article:modified_time\" content=\"2024-08-19T19:54:20+00:00\" \/>\n<meta property=\"og:image\" content=\"https:\/\/radiohuancayo.com.pe\/wp54\/wp-content\/uploads\/2024\/08\/image-79.png\" \/>\n\t<meta property=\"og:image:width\" content=\"760\" \/>\n\t<meta property=\"og:image:height\" content=\"507\" \/>\n\t<meta property=\"og:image:type\" content=\"image\/png\" \/>\n<meta name=\"author\" content=\"Maytin DBO\" \/>\n<meta name=\"twitter:card\" content=\"summary_large_image\" \/>\n<meta name=\"twitter:label1\" content=\"Escrito por\" \/>\n\t<meta name=\"twitter:data1\" content=\"Maytin DBO\" \/>\n\t<meta name=\"twitter:label2\" content=\"Tiempo de lectura\" \/>\n\t<meta name=\"twitter:data2\" content=\"2 minutos\" \/>\n<script type=\"application\/ld+json\" class=\"yoast-schema-graph\">{\"@context\":\"https:\\\/\\\/schema.org\",\"@graph\":[{\"@type\":\"Article\",\"@id\":\"https:\\\/\\\/radiohuancayo.com.pe\\\/wp54\\\/fap-brindara-vuelo-humanitario-para-trasladar-a-iquitos-restos-de-ingeniero-bailarin\\\/#article\",\"isPartOf\":{\"@id\":\"https:\\\/\\\/radiohuancayo.com.pe\\\/wp54\\\/fap-brindara-vuelo-humanitario-para-trasladar-a-iquitos-restos-de-ingeniero-bailarin\\\/\"},\"author\":{\"name\":\"Maytin DBO\",\"@id\":\"https:\\\/\\\/radiohuancayo.com.pe\\\/wp54\\\/#\\\/schema\\\/person\\\/6baed031d35922e76b91866439cb0b86\"},\"headline\":\"FAP brindar\u00e1 vuelo humanitario para trasladar a Iquitos restos de \u00abingeniero bailar\u00edn\u00bb\",\"datePublished\":\"2024-08-19T19:53:58+00:00\",\"dateModified\":\"2024-08-19T19:54:20+00:00\",\"mainEntityOfPage\":{\"@id\":\"https:\\\/\\\/radiohuancayo.com.pe\\\/wp54\\\/fap-brindara-vuelo-humanitario-para-trasladar-a-iquitos-restos-de-ingeniero-bailarin\\\/\"},\"wordCount\":431,\"commentCount\":0,\"publisher\":{\"@id\":\"https:\\\/\\\/radiohuancayo.com.pe\\\/wp54\\\/#organization\"},\"image\":{\"@id\":\"https:\\\/\\\/radiohuancayo.com.pe\\\/wp54\\\/fap-brindara-vuelo-humanitario-para-trasladar-a-iquitos-restos-de-ingeniero-bailarin\\\/#primaryimage\"},\"thumbnailUrl\":\"https:\\\/\\\/radiohuancayo.com.pe\\\/wp54\\\/wp-content\\\/uploads\\\/2024\\\/08\\\/image-79.png\",\"articleSection\":[\"Portada\",\"Tendencia\"],\"inLanguage\":\"es\",\"potentialAction\":[{\"@type\":\"CommentAction\",\"name\":\"Comment\",\"target\":[\"https:\\\/\\\/radiohuancayo.com.pe\\\/wp54\\\/fap-brindara-vuelo-humanitario-para-trasladar-a-iquitos-restos-de-ingeniero-bailarin\\\/#respond\"]}]},{\"@type\":\"WebPage\",\"@id\":\"https:\\\/\\\/radiohuancayo.com.pe\\\/wp54\\\/fap-brindara-vuelo-humanitario-para-trasladar-a-iquitos-restos-de-ingeniero-bailarin\\\/\",\"url\":\"https:\\\/\\\/radiohuancayo.com.pe\\\/wp54\\\/fap-brindara-vuelo-humanitario-para-trasladar-a-iquitos-restos-de-ingeniero-bailarin\\\/\",\"name\":\"FAP brindar\u00e1 vuelo humanitario para trasladar a Iquitos restos de \\\"ingeniero bailar\u00edn\\\" - Radio Huancayo\",\"isPartOf\":{\"@id\":\"https:\\\/\\\/radiohuancayo.com.pe\\\/wp54\\\/#website\"},\"primaryImageOfPage\":{\"@id\":\"https:\\\/\\\/radiohuancayo.com.pe\\\/wp54\\\/fap-brindara-vuelo-humanitario-para-trasladar-a-iquitos-restos-de-ingeniero-bailarin\\\/#primaryimage\"},\"image\":{\"@id\":\"https:\\\/\\\/radiohuancayo.com.pe\\\/wp54\\\/fap-brindara-vuelo-humanitario-para-trasladar-a-iquitos-restos-de-ingeniero-bailarin\\\/#primaryimage\"},\"thumbnailUrl\":\"https:\\\/\\\/radiohuancayo.com.pe\\\/wp54\\\/wp-content\\\/uploads\\\/2024\\\/08\\\/image-79.png\",\"datePublished\":\"2024-08-19T19:53:58+00:00\",\"dateModified\":\"2024-08-19T19:54:20+00:00\",\"breadcrumb\":{\"@id\":\"https:\\\/\\\/radiohuancayo.com.pe\\\/wp54\\\/fap-brindara-vuelo-humanitario-para-trasladar-a-iquitos-restos-de-ingeniero-bailarin\\\/#breadcrumb\"},\"inLanguage\":\"es\",\"potentialAction\":[{\"@type\":\"ReadAction\",\"target\":[\"https:\\\/\\\/radiohuancayo.com.pe\\\/wp54\\\/fap-brindara-vuelo-humanitario-para-trasladar-a-iquitos-restos-de-ingeniero-bailarin\\\/\"]}]},{\"@type\":\"ImageObject\",\"inLanguage\":\"es\",\"@id\":\"https:\\\/\\\/radiohuancayo.com.pe\\\/wp54\\\/fap-brindara-vuelo-humanitario-para-trasladar-a-iquitos-restos-de-ingeniero-bailarin\\\/#primaryimage\",\"url\":\"https:\\\/\\\/radiohuancayo.com.pe\\\/wp54\\\/wp-content\\\/uploads\\\/2024\\\/08\\\/image-79.png\",\"contentUrl\":\"https:\\\/\\\/radiohuancayo.com.pe\\\/wp54\\\/wp-content\\\/uploads\\\/2024\\\/08\\\/image-79.png\",\"width\":760,\"height\":507},{\"@type\":\"BreadcrumbList\",\"@id\":\"https:\\\/\\\/radiohuancayo.com.pe\\\/wp54\\\/fap-brindara-vuelo-humanitario-para-trasladar-a-iquitos-restos-de-ingeniero-bailarin\\\/#breadcrumb\",\"itemListElement\":[{\"@type\":\"ListItem\",\"position\":1,\"name\":\"Portada\",\"item\":\"https:\\\/\\\/radiohuancayo.com.pe\\\/wp54\\\/\"},{\"@type\":\"ListItem\",\"position\":2,\"name\":\"FAP brindar\u00e1 vuelo humanitario para trasladar a Iquitos restos de &#8220;ingeniero bailar\u00edn&#8221;\"}]},{\"@type\":\"WebSite\",\"@id\":\"https:\\\/\\\/radiohuancayo.com.pe\\\/wp54\\\/#website\",\"url\":\"https:\\\/\\\/radiohuancayo.com.pe\\\/wp54\\\/\",\"name\":\"Radio Huancayo\",\"description\":\"me gusta!!!\",\"publisher\":{\"@id\":\"https:\\\/\\\/radiohuancayo.com.pe\\\/wp54\\\/#organization\"},\"potentialAction\":[{\"@type\":\"SearchAction\",\"target\":{\"@type\":\"EntryPoint\",\"urlTemplate\":\"https:\\\/\\\/radiohuancayo.com.pe\\\/wp54\\\/?s={search_term_string}\"},\"query-input\":{\"@type\":\"PropertyValueSpecification\",\"valueRequired\":true,\"valueName\":\"search_term_string\"}}],\"inLanguage\":\"es\"},{\"@type\":\"Organization\",\"@id\":\"https:\\\/\\\/radiohuancayo.com.pe\\\/wp54\\\/#organization\",\"name\":\"Radio Huancayo\",\"url\":\"https:\\\/\\\/radiohuancayo.com.pe\\\/wp54\\\/\",\"logo\":{\"@type\":\"ImageObject\",\"inLanguage\":\"es\",\"@id\":\"https:\\\/\\\/radiohuancayo.com.pe\\\/wp54\\\/#\\\/schema\\\/logo\\\/image\\\/\",\"url\":\"https:\\\/\\\/radiohuancayo.com.pe\\\/wp54\\\/wp-content\\\/uploads\\\/2022\\\/04\\\/CABE01.png\",\"contentUrl\":\"https:\\\/\\\/radiohuancayo.com.pe\\\/wp54\\\/wp-content\\\/uploads\\\/2022\\\/04\\\/CABE01.png\",\"width\":1640,\"height\":300,\"caption\":\"Radio Huancayo\"},\"image\":{\"@id\":\"https:\\\/\\\/radiohuancayo.com.pe\\\/wp54\\\/#\\\/schema\\\/logo\\\/image\\\/\"}},{\"@type\":\"Person\",\"@id\":\"https:\\\/\\\/radiohuancayo.com.pe\\\/wp54\\\/#\\\/schema\\\/person\\\/6baed031d35922e76b91866439cb0b86\",\"name\":\"Maytin DBO\",\"image\":{\"@type\":\"ImageObject\",\"inLanguage\":\"es\",\"@id\":\"https:\\\/\\\/secure.gravatar.com\\\/avatar\\\/58ac8a13712dd72aa77651ede28efcec1556ba2f16162e16bbad5b8220f88ac4?s=96&d=mm&r=g\",\"url\":\"https:\\\/\\\/secure.gravatar.com\\\/avatar\\\/58ac8a13712dd72aa77651ede28efcec1556ba2f16162e16bbad5b8220f88ac4?s=96&d=mm&r=g\",\"contentUrl\":\"https:\\\/\\\/secure.gravatar.com\\\/avatar\\\/58ac8a13712dd72aa77651ede28efcec1556ba2f16162e16bbad5b8220f88ac4?s=96&d=mm&r=g\",\"caption\":\"Maytin DBO\"},\"url\":\"https:\\\/\\\/radiohuancayo.com.pe\\\/wp54\\\/author\\\/debuenaonda\\\/\"}]}<\/script>\n<!-- \/ Yoast SEO plugin. -->","yoast_head_json":{"title":"FAP brindar\u00e1 vuelo humanitario para trasladar a Iquitos restos de \"ingeniero bailar\u00edn\" - Radio Huancayo","robots":{"index":"index","follow":"follow","max-snippet":"max-snippet:-1","max-image-preview":"max-image-preview:large","max-video-preview":"max-video-preview:-1"},"canonical":"https:\/\/radiohuancayo.com.pe\/wp54\/fap-brindara-vuelo-humanitario-para-trasladar-a-iquitos-restos-de-ingeniero-bailarin\/","og_locale":"es_ES","og_type":"article","og_title":"FAP brindar\u00e1 vuelo humanitario para trasladar a Iquitos restos de \"ingeniero bailar\u00edn\" - Radio Huancayo","og_description":"La Fuerza A\u00e9rea del Per\u00fa (FAP) inform\u00f3 que pondr\u00e1 a disposici\u00f3n un vuelo para trasladar los restos de Jainer Mois\u00e9s Pinedo Vargas, conocido como \u00abel ingeniero bailar\u00edn\u00bb, desde Chiclayo hasta Iquitos, su ciudad natal. El comandante V\u00edctor Vela, subdirector de Informaci\u00f3n de la FAP, indic\u00f3 en RPP que tras tomarse conocimiento del pedido de la familia se dispuso que un avi\u00f3n C26 lleve los restos mortales hasta Iquitos, a fin de darle el \u00faltimo adi\u00f3s. Vela expres\u00f3 las condolencias de la FAP a la familia de Pinedo Vargas, quien falleci\u00f3 a los 34 a\u00f1os por dengue en el Hospital Nacional Almanzor Aguinaga Asenjo de EsSalud de Lambayeque. \u00abLA FAP ha tomado conocimiento de este pedido y dispuso acciones pertinentes; por ello, estamos poniendo un avi\u00f3n C26 desde Chiclayo hasta Iquitos. Y queremos sumarnos a las condolencias a la familia\u00bb,\u00a0dijo el comandante de la FAP. Betty Vargas Garc\u00eda, la madre del ingeniero que anim\u00f3 en distintos eventos con su coreograf\u00eda y alegr\u00eda, hab\u00eda contado que no hab\u00eda ninguna aerol\u00ednea disponible para trasladar los restos de su hijo y solicit\u00f3 por esa raz\u00f3n el apoyo del Estado en esta gesti\u00f3n. Jainer Pinedo gan\u00f3 popularidad tras bailar con la agrupaci\u00f3n Explosi\u00f3n de Iquitos y dominar la coreograf\u00eda de la canci\u00f3n&nbsp;\u00abNo s\u00e9\u00bb. Este tema se hizo viral en redes sociales, generando un gran impacto que llev\u00f3 a muchas figuras de la far\u00e1ndula a unirse al trend. \u00bfC\u00f3mo me puedo contagiar de dengue? Esta enfermedad se transmite cuando el mosquito&nbsp;Aedes Aegypti&nbsp;se alimenta con sangre de una persona enferma de dengue y luego pica a otras. Estos insectos pueden picar durante todo el d\u00eda, pero de preferencia lo hacen en las ma\u00f1anas y en el inicio de la noche. No existe contagio de esta enfermedad de persona a persona.&nbsp; \u00bfCu\u00e1les con los s\u00edntomas? La persona enferma con dengue cl\u00e1sico presenta n\u00e1useas, v\u00f3mitos, sarpullido, dolor en los ojos (generalmente detr\u00e1s de ellos), dolor muscular, dolor en las articulaciones o dolor en los huesos.&nbsp; Sin embargo, tambi\u00e9n existe el dengue grave, cuyos s\u00edntomas son dolor estomacal intenso y constante, dolor tor\u00e1cico, v\u00f3mitos persistentes, sangrado en las enc\u00edas, en la orina y moretones en la piel. En ambos casos, el paciente debe acudir de inmediato al centro m\u00e9dico para su tratamiento.","og_url":"https:\/\/radiohuancayo.com.pe\/wp54\/fap-brindara-vuelo-humanitario-para-trasladar-a-iquitos-restos-de-ingeniero-bailarin\/","og_site_name":"Radio Huancayo","article_published_time":"2024-08-19T19:53:58+00:00","article_modified_time":"2024-08-19T19:54:20+00:00","og_image":[{"width":760,"height":507,"url":"https:\/\/radiohuancayo.com.pe\/wp54\/wp-content\/uploads\/2024\/08\/image-79.png","type":"image\/png"}],"author":"Maytin DBO","twitter_card":"summary_large_image","twitter_misc":{"Escrito por":"Maytin DBO","Tiempo de lectura":"2 minutos"},"schema":{"@context":"https:\/\/schema.org","@graph":[{"@type":"Article","@id":"https:\/\/radiohuancayo.com.pe\/wp54\/fap-brindara-vuelo-humanitario-para-trasladar-a-iquitos-restos-de-ingeniero-bailarin\/#article","isPartOf":{"@id":"https:\/\/radiohuancayo.com.pe\/wp54\/fap-brindara-vuelo-humanitario-para-trasladar-a-iquitos-restos-de-ingeniero-bailarin\/"},"author":{"name":"Maytin DBO","@id":"https:\/\/radiohuancayo.com.pe\/wp54\/#\/schema\/person\/6baed031d35922e76b91866439cb0b86"},"headline":"FAP brindar\u00e1 vuelo humanitario para trasladar a Iquitos restos de \u00abingeniero bailar\u00edn\u00bb","datePublished":"2024-08-19T19:53:58+00:00","dateModified":"2024-08-19T19:54:20+00:00","mainEntityOfPage":{"@id":"https:\/\/radiohuancayo.com.pe\/wp54\/fap-brindara-vuelo-humanitario-para-trasladar-a-iquitos-restos-de-ingeniero-bailarin\/"},"wordCount":431,"commentCount":0,"publisher":{"@id":"https:\/\/radiohuancayo.com.pe\/wp54\/#organization"},"image":{"@id":"https:\/\/radiohuancayo.com.pe\/wp54\/fap-brindara-vuelo-humanitario-para-trasladar-a-iquitos-restos-de-ingeniero-bailarin\/#primaryimage"},"thumbnailUrl":"https:\/\/radiohuancayo.com.pe\/wp54\/wp-content\/uploads\/2024\/08\/image-79.png","articleSection":["Portada","Tendencia"],"inLanguage":"es","potentialAction":[{"@type":"CommentAction","name":"Comment","target":["https:\/\/radiohuancayo.com.pe\/wp54\/fap-brindara-vuelo-humanitario-para-trasladar-a-iquitos-restos-de-ingeniero-bailarin\/#respond"]}]},{"@type":"WebPage","@id":"https:\/\/radiohuancayo.com.pe\/wp54\/fap-brindara-vuelo-humanitario-para-trasladar-a-iquitos-restos-de-ingeniero-bailarin\/","url":"https:\/\/radiohuancayo.com.pe\/wp54\/fap-brindara-vuelo-humanitario-para-trasladar-a-iquitos-restos-de-ingeniero-bailarin\/","name":"FAP brindar\u00e1 vuelo humanitario para trasladar a Iquitos restos de \"ingeniero bailar\u00edn\" - Radio Huancayo","isPartOf":{"@id":"https:\/\/radiohuancayo.com.pe\/wp54\/#website"},"primaryImageOfPage":{"@id":"https:\/\/radiohuancayo.com.pe\/wp54\/fap-brindara-vuelo-humanitario-para-trasladar-a-iquitos-restos-de-ingeniero-bailarin\/#primaryimage"},"image":{"@id":"https:\/\/radiohuancayo.com.pe\/wp54\/fap-brindara-vuelo-humanitario-para-trasladar-a-iquitos-restos-de-ingeniero-bailarin\/#primaryimage"},"thumbnailUrl":"https:\/\/radiohuancayo.com.pe\/wp54\/wp-content\/uploads\/2024\/08\/image-79.png","datePublished":"2024-08-19T19:53:58+00:00","dateModified":"2024-08-19T19:54:20+00:00","breadcrumb":{"@id":"https:\/\/radiohuancayo.com.pe\/wp54\/fap-brindara-vuelo-humanitario-para-trasladar-a-iquitos-restos-de-ingeniero-bailarin\/#breadcrumb"},"inLanguage":"es","potentialAction":[{"@type":"ReadAction","target":["https:\/\/radiohuancayo.com.pe\/wp54\/fap-brindara-vuelo-humanitario-para-trasladar-a-iquitos-restos-de-ingeniero-bailarin\/"]}]},{"@type":"ImageObject","inLanguage":"es","@id":"https:\/\/radiohuancayo.com.pe\/wp54\/fap-brindara-vuelo-humanitario-para-trasladar-a-iquitos-restos-de-ingeniero-bailarin\/#primaryimage","url":"https:\/\/radiohuancayo.com.pe\/wp54\/wp-content\/uploads\/2024\/08\/image-79.png","contentUrl":"https:\/\/radiohuancayo.com.pe\/wp54\/wp-content\/uploads\/2024\/08\/image-79.png","width":760,"height":507},{"@type":"BreadcrumbList","@id":"https:\/\/radiohuancayo.com.pe\/wp54\/fap-brindara-vuelo-humanitario-para-trasladar-a-iquitos-restos-de-ingeniero-bailarin\/#breadcrumb","itemListElement":[{"@type":"ListItem","position":1,"name":"Portada","item":"https:\/\/radiohuancayo.com.pe\/wp54\/"},{"@type":"ListItem","position":2,"name":"FAP brindar\u00e1 vuelo humanitario para trasladar a Iquitos restos de &#8220;ingeniero bailar\u00edn&#8221;"}]},{"@type":"WebSite","@id":"https:\/\/radiohuancayo.com.pe\/wp54\/#website","url":"https:\/\/radiohuancayo.com.pe\/wp54\/","name":"Radio Huancayo","description":"me gusta!!!","publisher":{"@id":"https:\/\/radiohuancayo.com.pe\/wp54\/#organization"},"potentialAction":[{"@type":"SearchAction","target":{"@type":"EntryPoint","urlTemplate":"https:\/\/radiohuancayo.com.pe\/wp54\/?s={search_term_string}"},"query-input":{"@type":"PropertyValueSpecification","valueRequired":true,"valueName":"search_term_string"}}],"inLanguage":"es"},{"@type":"Organization","@id":"https:\/\/radiohuancayo.com.pe\/wp54\/#organization","name":"Radio Huancayo","url":"https:\/\/radiohuancayo.com.pe\/wp54\/","logo":{"@type":"ImageObject","inLanguage":"es","@id":"https:\/\/radiohuancayo.com.pe\/wp54\/#\/schema\/logo\/image\/","url":"https:\/\/radiohuancayo.com.pe\/wp54\/wp-content\/uploads\/2022\/04\/CABE01.png","contentUrl":"https:\/\/radiohuancayo.com.pe\/wp54\/wp-content\/uploads\/2022\/04\/CABE01.png","width":1640,"height":300,"caption":"Radio Huancayo"},"image":{"@id":"https:\/\/radiohuancayo.com.pe\/wp54\/#\/schema\/logo\/image\/"}},{"@type":"Person","@id":"https:\/\/radiohuancayo.com.pe\/wp54\/#\/schema\/person\/6baed031d35922e76b91866439cb0b86","name":"Maytin DBO","image":{"@type":"ImageObject","inLanguage":"es","@id":"https:\/\/secure.gravatar.com\/avatar\/58ac8a13712dd72aa77651ede28efcec1556ba2f16162e16bbad5b8220f88ac4?s=96&d=mm&r=g","url":"https:\/\/secure.gravatar.com\/avatar\/58ac8a13712dd72aa77651ede28efcec1556ba2f16162e16bbad5b8220f88ac4?s=96&d=mm&r=g","contentUrl":"https:\/\/secure.gravatar.com\/avatar\/58ac8a13712dd72aa77651ede28efcec1556ba2f16162e16bbad5b8220f88ac4?s=96&d=mm&r=g","caption":"Maytin DBO"},"url":"https:\/\/radiohuancayo.com.pe\/wp54\/author\/debuenaonda\/"}]}},"_links":{"self":[{"href":"https:\/\/radiohuancayo.com.pe\/wp54\/wp-json\/wp\/v2\/posts\/27949","targetHints":{"allow":["GET"]}}],"collection":[{"href":"https:\/\/radiohuancayo.com.pe\/wp54\/wp-json\/wp\/v2\/posts"}],"about":[{"href":"https:\/\/radiohuancayo.com.pe\/wp54\/wp-json\/wp\/v2\/types\/post"}],"author":[{"embeddable":true,"href":"https:\/\/radiohuancayo.com.pe\/wp54\/wp-json\/wp\/v2\/users\/5"}],"replies":[{"embeddable":true,"href":"https:\/\/radiohuancayo.com.pe\/wp54\/wp-json\/wp\/v2\/comments?post=27949"}],"version-history":[{"count":1,"href":"https:\/\/radiohuancayo.com.pe\/wp54\/wp-json\/wp\/v2\/posts\/27949\/revisions"}],"predecessor-version":[{"id":27951,"href":"https:\/\/radiohuancayo.com.pe\/wp54\/wp-json\/wp\/v2\/posts\/27949\/revisions\/27951"}],"wp:featuredmedia":[{"embeddable":true,"href":"https:\/\/radiohuancayo.com.pe\/wp54\/wp-json\/wp\/v2\/media\/27950"}],"wp:attachment":[{"href":"https:\/\/radiohuancayo.com.pe\/wp54\/wp-json\/wp\/v2\/media?parent=27949"}],"wp:term":[{"taxonomy":"category","embeddable":true,"href":"https:\/\/radiohuancayo.com.pe\/wp54\/wp-json\/wp\/v2\/categories?post=27949"},{"taxonomy":"post_tag","embeddable":true,"href":"https:\/\/radiohuancayo.com.pe\/wp54\/wp-json\/wp\/v2\/tags?post=27949"}],"curies":[{"name":"wp","href":"https:\/\/api.w.org\/{rel}","templated":true}]}}