{"id":28092,"date":"2024-08-25T10:00:19","date_gmt":"2024-08-25T15:00:19","guid":{"rendered":"https:\/\/radiohuancayo.com.pe\/wp54\/?p=28092"},"modified":"2024-08-25T10:04:38","modified_gmt":"2024-08-25T15:04:38","slug":"permaneceran-ocho-meses-en-el-espacio-dos-astronautas-varados-en-la-eei-recien-volveran-a-la-tierra-en-febrero","status":"publish","type":"post","link":"https:\/\/radiohuancayo.com.pe\/wp54\/permaneceran-ocho-meses-en-el-espacio-dos-astronautas-varados-en-la-eei-recien-volveran-a-la-tierra-en-febrero\/","title":{"rendered":"Permanecer\u00e1n ocho meses en el espacio: dos astronautas varados en la EEI reci\u00e9n volver\u00e1n a la Tierra en febrero"},"content":{"rendered":"\n<p>La\u00a0NASA\u00a0dijo este s\u00e1bado que los dos\u00a0<strong>astronautas\u00a0<\/strong>de la primera misi\u00f3n tripulada de la nave Starliner de Boeing a laEstaci\u00f3n Espacial Internacional (EEI), que llevan varados all\u00ed 80 d\u00edas despu\u00e9s de que el aparato presentara fallos, volver\u00e1n a la\u00a0Tierra\u00a0en febrero de 2025 en una nave de SpaceX.<\/p>\n\n\n\n<p>Los\u00a0<strong>astronautas\u00a0<\/strong>Butch Wilmore y Suni Williams\u00a0deb\u00edan regresar a la\u00a0<strong>Tierra\u00a0<\/strong>a mediados de junio, alrededor de una semana despu\u00e9s de su lanzamiento desde el Centro Espacial Kennedy, en Florida, pero fallos en los propulsores y peque\u00f1as fugas de helio en la Starliner impidieron su regreso.<\/p>\n\n\n\n<p>\u00abLa&nbsp;<strong>NASA&nbsp;<\/strong>ha decidido que Butch y Suni volver\u00e1n con una tripulaci\u00f3n el pr\u00f3ximo febrero y el Starliner volver\u00e1 sin tripulaci\u00f3n\u00bb, adelant\u00f3 en una rueda de prensa en Houston el administrador de la agencia espacial estadounidense, Bill Nelson, dando fin a semanas de especulaciones.<\/p>\n\n\n\n<p>Nelson reconoci\u00f3 \u00aberrores\u00bb y afirm\u00f3 que la&nbsp;<strong>NASA&nbsp;<\/strong>ha colaborado con Boeing -en contacto directo con su nuevo consejero delegado, Kelly Ortberg- para obtener \u00ablos datos necesarios para tomar esta decisi\u00f3n\u00bb y entender las \u00abcausas de ra\u00edz\u00bb de los problemas del Starliner y \u00ablas mejoras de dise\u00f1o\u00bb que necesita.<\/p>\n\n\n\n<p>La\u00a0<strong>NASA<\/strong>\u00a0previamente dijo que no ten\u00eda fecha de regreso para los dos astronautas y barajaba la opci\u00f3n de que volvieran en febrero de 2025 en una c\u00e1psula Dragon de SpaceX -en una misi\u00f3n llamada Crew-9-, extremo que finalmente se ha confirmado tras una reuni\u00f3n de los l\u00edderes de la agencia hoy para analizar datos.<\/p>\n","protected":false},"excerpt":{"rendered":"<p>La\u00a0NASA\u00a0dijo este s\u00e1bado que los dos\u00a0astronautas\u00a0de la primera misi\u00f3n tripulada de la nave Starliner de Boeing a laEstaci\u00f3n Espacial Internacional (EEI), que llevan varados all\u00ed 80 d\u00edas despu\u00e9s de que el aparato presentara fallos, volver\u00e1n a la\u00a0Tierra\u00a0en febrero de 2025 en una nave de SpaceX. Los\u00a0astronautas\u00a0Butch Wilmore y Suni Williams\u00a0deb\u00edan regresar a la\u00a0Tierra\u00a0a mediados de junio, alrededor de una semana despu\u00e9s de su lanzamiento desde el Centro Espacial Kennedy, en Florida, pero fallos en los propulsores y peque\u00f1as fugas de helio en la Starliner impidieron su regreso. \u00abLa&nbsp;NASA&nbsp;ha decidido que Butch y Suni volver\u00e1n con una tripulaci\u00f3n el pr\u00f3ximo febrero y el Starliner volver\u00e1 sin tripulaci\u00f3n\u00bb, adelant\u00f3 en una rueda de prensa en Houston el administrador de la agencia espacial estadounidense, Bill Nelson, dando fin a semanas de especulaciones. Nelson reconoci\u00f3 \u00aberrores\u00bb y afirm\u00f3 que la&nbsp;NASA&nbsp;ha colaborado con Boeing -en contacto directo con su nuevo consejero delegado, Kelly Ortberg- para obtener \u00ablos datos necesarios para tomar esta decisi\u00f3n\u00bb y entender las \u00abcausas de ra\u00edz\u00bb de los problemas del Starliner y \u00ablas mejoras de dise\u00f1o\u00bb que necesita. La\u00a0NASA\u00a0previamente dijo que no ten\u00eda fecha de regreso para los dos astronautas y barajaba la opci\u00f3n de que volvieran en febrero de 2025 en una c\u00e1psula Dragon de SpaceX -en una misi\u00f3n llamada Crew-9-, extremo que finalmente se ha confirmado tras una reuni\u00f3n de los l\u00edderes de la agencia hoy para analizar datos.<\/p>\n","protected":false},"author":5,"featured_media":28093,"comment_status":"open","ping_status":"open","sticky":false,"template":"","format":"standard","meta":{"footnotes":""},"categories":[22,20],"tags":[],"class_list":["post-28092","post","type-post","status-publish","format-standard","has-post-thumbnail","hentry","category-portada","category-tendencia"],"yoast_head":"<!-- This site is optimized with the Yoast SEO plugin v27.5 - https:\/\/yoast.com\/product\/yoast-seo-wordpress\/ -->\n<title>Permanecer\u00e1n ocho meses en el espacio: dos astronautas varados en la EEI reci\u00e9n volver\u00e1n a la Tierra en febrero - Radio Huancayo<\/title>\n<meta name=\"robots\" content=\"index, follow, max-snippet:-1, max-image-preview:large, max-video-preview:-1\" \/>\n<link rel=\"canonical\" href=\"https:\/\/radiohuancayo.com.pe\/wp54\/permaneceran-ocho-meses-en-el-espacio-dos-astronautas-varados-en-la-eei-recien-volveran-a-la-tierra-en-febrero\/\" \/>\n<meta property=\"og:locale\" content=\"es_ES\" \/>\n<meta property=\"og:type\" content=\"article\" \/>\n<meta property=\"og:title\" content=\"Permanecer\u00e1n ocho meses en el espacio: dos astronautas varados en la EEI reci\u00e9n volver\u00e1n a la Tierra en febrero - Radio Huancayo\" \/>\n<meta property=\"og:description\" content=\"La\u00a0NASA\u00a0dijo este s\u00e1bado que los dos\u00a0astronautas\u00a0de la primera misi\u00f3n tripulada de la nave Starliner de Boeing a laEstaci\u00f3n Espacial Internacional (EEI), que llevan varados all\u00ed 80 d\u00edas despu\u00e9s de que el aparato presentara fallos, volver\u00e1n a la\u00a0Tierra\u00a0en febrero de 2025 en una nave de SpaceX. Los\u00a0astronautas\u00a0Butch Wilmore y Suni Williams\u00a0deb\u00edan regresar a la\u00a0Tierra\u00a0a mediados de junio, alrededor de una semana despu\u00e9s de su lanzamiento desde el Centro Espacial Kennedy, en Florida, pero fallos en los propulsores y peque\u00f1as fugas de helio en la Starliner impidieron su regreso. \u00abLa&nbsp;NASA&nbsp;ha decidido que Butch y Suni volver\u00e1n con una tripulaci\u00f3n el pr\u00f3ximo febrero y el Starliner volver\u00e1 sin tripulaci\u00f3n\u00bb, adelant\u00f3 en una rueda de prensa en Houston el administrador de la agencia espacial estadounidense, Bill Nelson, dando fin a semanas de especulaciones. Nelson reconoci\u00f3 \u00aberrores\u00bb y afirm\u00f3 que la&nbsp;NASA&nbsp;ha colaborado con Boeing -en contacto directo con su nuevo consejero delegado, Kelly Ortberg- para obtener \u00ablos datos necesarios para tomar esta decisi\u00f3n\u00bb y entender las \u00abcausas de ra\u00edz\u00bb de los problemas del Starliner y \u00ablas mejoras de dise\u00f1o\u00bb que necesita. La\u00a0NASA\u00a0previamente dijo que no ten\u00eda fecha de regreso para los dos astronautas y barajaba la opci\u00f3n de que volvieran en febrero de 2025 en una c\u00e1psula Dragon de SpaceX -en una misi\u00f3n llamada Crew-9-, extremo que finalmente se ha confirmado tras una reuni\u00f3n de los l\u00edderes de la agencia hoy para analizar datos.\" \/>\n<meta property=\"og:url\" content=\"https:\/\/radiohuancayo.com.pe\/wp54\/permaneceran-ocho-meses-en-el-espacio-dos-astronautas-varados-en-la-eei-recien-volveran-a-la-tierra-en-febrero\/\" \/>\n<meta property=\"og:site_name\" content=\"Radio Huancayo\" \/>\n<meta property=\"article:published_time\" content=\"2024-08-25T15:00:19+00:00\" \/>\n<meta property=\"article:modified_time\" content=\"2024-08-25T15:04:38+00:00\" \/>\n<meta property=\"og:image\" content=\"https:\/\/radiohuancayo.com.pe\/wp54\/wp-content\/uploads\/2024\/08\/image-109.png\" \/>\n\t<meta property=\"og:image:width\" content=\"1200\" \/>\n\t<meta property=\"og:image:height\" content=\"675\" \/>\n\t<meta property=\"og:image:type\" content=\"image\/png\" \/>\n<meta name=\"author\" content=\"Maytin DBO\" \/>\n<meta name=\"twitter:card\" content=\"summary_large_image\" \/>\n<meta name=\"twitter:label1\" content=\"Escrito por\" \/>\n\t<meta name=\"twitter:data1\" content=\"Maytin DBO\" \/>\n\t<meta name=\"twitter:label2\" content=\"Tiempo de lectura\" \/>\n\t<meta name=\"twitter:data2\" content=\"2 minutos\" \/>\n<script type=\"application\/ld+json\" class=\"yoast-schema-graph\">{\"@context\":\"https:\\\/\\\/schema.org\",\"@graph\":[{\"@type\":\"Article\",\"@id\":\"https:\\\/\\\/radiohuancayo.com.pe\\\/wp54\\\/permaneceran-ocho-meses-en-el-espacio-dos-astronautas-varados-en-la-eei-recien-volveran-a-la-tierra-en-febrero\\\/#article\",\"isPartOf\":{\"@id\":\"https:\\\/\\\/radiohuancayo.com.pe\\\/wp54\\\/permaneceran-ocho-meses-en-el-espacio-dos-astronautas-varados-en-la-eei-recien-volveran-a-la-tierra-en-febrero\\\/\"},\"author\":{\"name\":\"Maytin DBO\",\"@id\":\"https:\\\/\\\/radiohuancayo.com.pe\\\/wp54\\\/#\\\/schema\\\/person\\\/6baed031d35922e76b91866439cb0b86\"},\"headline\":\"Permanecer\u00e1n ocho meses en el espacio: dos astronautas varados en la EEI reci\u00e9n volver\u00e1n a la Tierra en febrero\",\"datePublished\":\"2024-08-25T15:00:19+00:00\",\"dateModified\":\"2024-08-25T15:04:38+00:00\",\"mainEntityOfPage\":{\"@id\":\"https:\\\/\\\/radiohuancayo.com.pe\\\/wp54\\\/permaneceran-ocho-meses-en-el-espacio-dos-astronautas-varados-en-la-eei-recien-volveran-a-la-tierra-en-febrero\\\/\"},\"wordCount\":292,\"commentCount\":0,\"publisher\":{\"@id\":\"https:\\\/\\\/radiohuancayo.com.pe\\\/wp54\\\/#organization\"},\"image\":{\"@id\":\"https:\\\/\\\/radiohuancayo.com.pe\\\/wp54\\\/permaneceran-ocho-meses-en-el-espacio-dos-astronautas-varados-en-la-eei-recien-volveran-a-la-tierra-en-febrero\\\/#primaryimage\"},\"thumbnailUrl\":\"https:\\\/\\\/radiohuancayo.com.pe\\\/wp54\\\/wp-content\\\/uploads\\\/2024\\\/08\\\/image-109.png\",\"articleSection\":[\"Portada\",\"Tendencia\"],\"inLanguage\":\"es\",\"potentialAction\":[{\"@type\":\"CommentAction\",\"name\":\"Comment\",\"target\":[\"https:\\\/\\\/radiohuancayo.com.pe\\\/wp54\\\/permaneceran-ocho-meses-en-el-espacio-dos-astronautas-varados-en-la-eei-recien-volveran-a-la-tierra-en-febrero\\\/#respond\"]}]},{\"@type\":\"WebPage\",\"@id\":\"https:\\\/\\\/radiohuancayo.com.pe\\\/wp54\\\/permaneceran-ocho-meses-en-el-espacio-dos-astronautas-varados-en-la-eei-recien-volveran-a-la-tierra-en-febrero\\\/\",\"url\":\"https:\\\/\\\/radiohuancayo.com.pe\\\/wp54\\\/permaneceran-ocho-meses-en-el-espacio-dos-astronautas-varados-en-la-eei-recien-volveran-a-la-tierra-en-febrero\\\/\",\"name\":\"Permanecer\u00e1n ocho meses en el espacio: dos astronautas varados en la EEI reci\u00e9n volver\u00e1n a la Tierra en febrero - Radio Huancayo\",\"isPartOf\":{\"@id\":\"https:\\\/\\\/radiohuancayo.com.pe\\\/wp54\\\/#website\"},\"primaryImageOfPage\":{\"@id\":\"https:\\\/\\\/radiohuancayo.com.pe\\\/wp54\\\/permaneceran-ocho-meses-en-el-espacio-dos-astronautas-varados-en-la-eei-recien-volveran-a-la-tierra-en-febrero\\\/#primaryimage\"},\"image\":{\"@id\":\"https:\\\/\\\/radiohuancayo.com.pe\\\/wp54\\\/permaneceran-ocho-meses-en-el-espacio-dos-astronautas-varados-en-la-eei-recien-volveran-a-la-tierra-en-febrero\\\/#primaryimage\"},\"thumbnailUrl\":\"https:\\\/\\\/radiohuancayo.com.pe\\\/wp54\\\/wp-content\\\/uploads\\\/2024\\\/08\\\/image-109.png\",\"datePublished\":\"2024-08-25T15:00:19+00:00\",\"dateModified\":\"2024-08-25T15:04:38+00:00\",\"breadcrumb\":{\"@id\":\"https:\\\/\\\/radiohuancayo.com.pe\\\/wp54\\\/permaneceran-ocho-meses-en-el-espacio-dos-astronautas-varados-en-la-eei-recien-volveran-a-la-tierra-en-febrero\\\/#breadcrumb\"},\"inLanguage\":\"es\",\"potentialAction\":[{\"@type\":\"ReadAction\",\"target\":[\"https:\\\/\\\/radiohuancayo.com.pe\\\/wp54\\\/permaneceran-ocho-meses-en-el-espacio-dos-astronautas-varados-en-la-eei-recien-volveran-a-la-tierra-en-febrero\\\/\"]}]},{\"@type\":\"ImageObject\",\"inLanguage\":\"es\",\"@id\":\"https:\\\/\\\/radiohuancayo.com.pe\\\/wp54\\\/permaneceran-ocho-meses-en-el-espacio-dos-astronautas-varados-en-la-eei-recien-volveran-a-la-tierra-en-febrero\\\/#primaryimage\",\"url\":\"https:\\\/\\\/radiohuancayo.com.pe\\\/wp54\\\/wp-content\\\/uploads\\\/2024\\\/08\\\/image-109.png\",\"contentUrl\":\"https:\\\/\\\/radiohuancayo.com.pe\\\/wp54\\\/wp-content\\\/uploads\\\/2024\\\/08\\\/image-109.png\",\"width\":1200,\"height\":675},{\"@type\":\"BreadcrumbList\",\"@id\":\"https:\\\/\\\/radiohuancayo.com.pe\\\/wp54\\\/permaneceran-ocho-meses-en-el-espacio-dos-astronautas-varados-en-la-eei-recien-volveran-a-la-tierra-en-febrero\\\/#breadcrumb\",\"itemListElement\":[{\"@type\":\"ListItem\",\"position\":1,\"name\":\"Portada\",\"item\":\"https:\\\/\\\/radiohuancayo.com.pe\\\/wp54\\\/\"},{\"@type\":\"ListItem\",\"position\":2,\"name\":\"Permanecer\u00e1n ocho meses en el espacio: dos astronautas varados en la EEI reci\u00e9n volver\u00e1n a la Tierra en febrero\"}]},{\"@type\":\"WebSite\",\"@id\":\"https:\\\/\\\/radiohuancayo.com.pe\\\/wp54\\\/#website\",\"url\":\"https:\\\/\\\/radiohuancayo.com.pe\\\/wp54\\\/\",\"name\":\"Radio Huancayo\",\"description\":\"me gusta!!!\",\"publisher\":{\"@id\":\"https:\\\/\\\/radiohuancayo.com.pe\\\/wp54\\\/#organization\"},\"potentialAction\":[{\"@type\":\"SearchAction\",\"target\":{\"@type\":\"EntryPoint\",\"urlTemplate\":\"https:\\\/\\\/radiohuancayo.com.pe\\\/wp54\\\/?s={search_term_string}\"},\"query-input\":{\"@type\":\"PropertyValueSpecification\",\"valueRequired\":true,\"valueName\":\"search_term_string\"}}],\"inLanguage\":\"es\"},{\"@type\":\"Organization\",\"@id\":\"https:\\\/\\\/radiohuancayo.com.pe\\\/wp54\\\/#organization\",\"name\":\"Radio Huancayo\",\"url\":\"https:\\\/\\\/radiohuancayo.com.pe\\\/wp54\\\/\",\"logo\":{\"@type\":\"ImageObject\",\"inLanguage\":\"es\",\"@id\":\"https:\\\/\\\/radiohuancayo.com.pe\\\/wp54\\\/#\\\/schema\\\/logo\\\/image\\\/\",\"url\":\"https:\\\/\\\/radiohuancayo.com.pe\\\/wp54\\\/wp-content\\\/uploads\\\/2022\\\/04\\\/CABE01.png\",\"contentUrl\":\"https:\\\/\\\/radiohuancayo.com.pe\\\/wp54\\\/wp-content\\\/uploads\\\/2022\\\/04\\\/CABE01.png\",\"width\":1640,\"height\":300,\"caption\":\"Radio Huancayo\"},\"image\":{\"@id\":\"https:\\\/\\\/radiohuancayo.com.pe\\\/wp54\\\/#\\\/schema\\\/logo\\\/image\\\/\"}},{\"@type\":\"Person\",\"@id\":\"https:\\\/\\\/radiohuancayo.com.pe\\\/wp54\\\/#\\\/schema\\\/person\\\/6baed031d35922e76b91866439cb0b86\",\"name\":\"Maytin DBO\",\"image\":{\"@type\":\"ImageObject\",\"inLanguage\":\"es\",\"@id\":\"https:\\\/\\\/secure.gravatar.com\\\/avatar\\\/58ac8a13712dd72aa77651ede28efcec1556ba2f16162e16bbad5b8220f88ac4?s=96&d=mm&r=g\",\"url\":\"https:\\\/\\\/secure.gravatar.com\\\/avatar\\\/58ac8a13712dd72aa77651ede28efcec1556ba2f16162e16bbad5b8220f88ac4?s=96&d=mm&r=g\",\"contentUrl\":\"https:\\\/\\\/secure.gravatar.com\\\/avatar\\\/58ac8a13712dd72aa77651ede28efcec1556ba2f16162e16bbad5b8220f88ac4?s=96&d=mm&r=g\",\"caption\":\"Maytin DBO\"},\"url\":\"https:\\\/\\\/radiohuancayo.com.pe\\\/wp54\\\/author\\\/debuenaonda\\\/\"}]}<\/script>\n<!-- \/ Yoast SEO plugin. -->","yoast_head_json":{"title":"Permanecer\u00e1n ocho meses en el espacio: dos astronautas varados en la EEI reci\u00e9n volver\u00e1n a la Tierra en febrero - Radio Huancayo","robots":{"index":"index","follow":"follow","max-snippet":"max-snippet:-1","max-image-preview":"max-image-preview:large","max-video-preview":"max-video-preview:-1"},"canonical":"https:\/\/radiohuancayo.com.pe\/wp54\/permaneceran-ocho-meses-en-el-espacio-dos-astronautas-varados-en-la-eei-recien-volveran-a-la-tierra-en-febrero\/","og_locale":"es_ES","og_type":"article","og_title":"Permanecer\u00e1n ocho meses en el espacio: dos astronautas varados en la EEI reci\u00e9n volver\u00e1n a la Tierra en febrero - Radio Huancayo","og_description":"La\u00a0NASA\u00a0dijo este s\u00e1bado que los dos\u00a0astronautas\u00a0de la primera misi\u00f3n tripulada de la nave Starliner de Boeing a laEstaci\u00f3n Espacial Internacional (EEI), que llevan varados all\u00ed 80 d\u00edas despu\u00e9s de que el aparato presentara fallos, volver\u00e1n a la\u00a0Tierra\u00a0en febrero de 2025 en una nave de SpaceX. Los\u00a0astronautas\u00a0Butch Wilmore y Suni Williams\u00a0deb\u00edan regresar a la\u00a0Tierra\u00a0a mediados de junio, alrededor de una semana despu\u00e9s de su lanzamiento desde el Centro Espacial Kennedy, en Florida, pero fallos en los propulsores y peque\u00f1as fugas de helio en la Starliner impidieron su regreso. \u00abLa&nbsp;NASA&nbsp;ha decidido que Butch y Suni volver\u00e1n con una tripulaci\u00f3n el pr\u00f3ximo febrero y el Starliner volver\u00e1 sin tripulaci\u00f3n\u00bb, adelant\u00f3 en una rueda de prensa en Houston el administrador de la agencia espacial estadounidense, Bill Nelson, dando fin a semanas de especulaciones. Nelson reconoci\u00f3 \u00aberrores\u00bb y afirm\u00f3 que la&nbsp;NASA&nbsp;ha colaborado con Boeing -en contacto directo con su nuevo consejero delegado, Kelly Ortberg- para obtener \u00ablos datos necesarios para tomar esta decisi\u00f3n\u00bb y entender las \u00abcausas de ra\u00edz\u00bb de los problemas del Starliner y \u00ablas mejoras de dise\u00f1o\u00bb que necesita. La\u00a0NASA\u00a0previamente dijo que no ten\u00eda fecha de regreso para los dos astronautas y barajaba la opci\u00f3n de que volvieran en febrero de 2025 en una c\u00e1psula Dragon de SpaceX -en una misi\u00f3n llamada Crew-9-, extremo que finalmente se ha confirmado tras una reuni\u00f3n de los l\u00edderes de la agencia hoy para analizar datos.","og_url":"https:\/\/radiohuancayo.com.pe\/wp54\/permaneceran-ocho-meses-en-el-espacio-dos-astronautas-varados-en-la-eei-recien-volveran-a-la-tierra-en-febrero\/","og_site_name":"Radio Huancayo","article_published_time":"2024-08-25T15:00:19+00:00","article_modified_time":"2024-08-25T15:04:38+00:00","og_image":[{"width":1200,"height":675,"url":"https:\/\/radiohuancayo.com.pe\/wp54\/wp-content\/uploads\/2024\/08\/image-109.png","type":"image\/png"}],"author":"Maytin DBO","twitter_card":"summary_large_image","twitter_misc":{"Escrito por":"Maytin DBO","Tiempo de lectura":"2 minutos"},"schema":{"@context":"https:\/\/schema.org","@graph":[{"@type":"Article","@id":"https:\/\/radiohuancayo.com.pe\/wp54\/permaneceran-ocho-meses-en-el-espacio-dos-astronautas-varados-en-la-eei-recien-volveran-a-la-tierra-en-febrero\/#article","isPartOf":{"@id":"https:\/\/radiohuancayo.com.pe\/wp54\/permaneceran-ocho-meses-en-el-espacio-dos-astronautas-varados-en-la-eei-recien-volveran-a-la-tierra-en-febrero\/"},"author":{"name":"Maytin DBO","@id":"https:\/\/radiohuancayo.com.pe\/wp54\/#\/schema\/person\/6baed031d35922e76b91866439cb0b86"},"headline":"Permanecer\u00e1n ocho meses en el espacio: dos astronautas varados en la EEI reci\u00e9n volver\u00e1n a la Tierra en febrero","datePublished":"2024-08-25T15:00:19+00:00","dateModified":"2024-08-25T15:04:38+00:00","mainEntityOfPage":{"@id":"https:\/\/radiohuancayo.com.pe\/wp54\/permaneceran-ocho-meses-en-el-espacio-dos-astronautas-varados-en-la-eei-recien-volveran-a-la-tierra-en-febrero\/"},"wordCount":292,"commentCount":0,"publisher":{"@id":"https:\/\/radiohuancayo.com.pe\/wp54\/#organization"},"image":{"@id":"https:\/\/radiohuancayo.com.pe\/wp54\/permaneceran-ocho-meses-en-el-espacio-dos-astronautas-varados-en-la-eei-recien-volveran-a-la-tierra-en-febrero\/#primaryimage"},"thumbnailUrl":"https:\/\/radiohuancayo.com.pe\/wp54\/wp-content\/uploads\/2024\/08\/image-109.png","articleSection":["Portada","Tendencia"],"inLanguage":"es","potentialAction":[{"@type":"CommentAction","name":"Comment","target":["https:\/\/radiohuancayo.com.pe\/wp54\/permaneceran-ocho-meses-en-el-espacio-dos-astronautas-varados-en-la-eei-recien-volveran-a-la-tierra-en-febrero\/#respond"]}]},{"@type":"WebPage","@id":"https:\/\/radiohuancayo.com.pe\/wp54\/permaneceran-ocho-meses-en-el-espacio-dos-astronautas-varados-en-la-eei-recien-volveran-a-la-tierra-en-febrero\/","url":"https:\/\/radiohuancayo.com.pe\/wp54\/permaneceran-ocho-meses-en-el-espacio-dos-astronautas-varados-en-la-eei-recien-volveran-a-la-tierra-en-febrero\/","name":"Permanecer\u00e1n ocho meses en el espacio: dos astronautas varados en la EEI reci\u00e9n volver\u00e1n a la Tierra en febrero - Radio Huancayo","isPartOf":{"@id":"https:\/\/radiohuancayo.com.pe\/wp54\/#website"},"primaryImageOfPage":{"@id":"https:\/\/radiohuancayo.com.pe\/wp54\/permaneceran-ocho-meses-en-el-espacio-dos-astronautas-varados-en-la-eei-recien-volveran-a-la-tierra-en-febrero\/#primaryimage"},"image":{"@id":"https:\/\/radiohuancayo.com.pe\/wp54\/permaneceran-ocho-meses-en-el-espacio-dos-astronautas-varados-en-la-eei-recien-volveran-a-la-tierra-en-febrero\/#primaryimage"},"thumbnailUrl":"https:\/\/radiohuancayo.com.pe\/wp54\/wp-content\/uploads\/2024\/08\/image-109.png","datePublished":"2024-08-25T15:00:19+00:00","dateModified":"2024-08-25T15:04:38+00:00","breadcrumb":{"@id":"https:\/\/radiohuancayo.com.pe\/wp54\/permaneceran-ocho-meses-en-el-espacio-dos-astronautas-varados-en-la-eei-recien-volveran-a-la-tierra-en-febrero\/#breadcrumb"},"inLanguage":"es","potentialAction":[{"@type":"ReadAction","target":["https:\/\/radiohuancayo.com.pe\/wp54\/permaneceran-ocho-meses-en-el-espacio-dos-astronautas-varados-en-la-eei-recien-volveran-a-la-tierra-en-febrero\/"]}]},{"@type":"ImageObject","inLanguage":"es","@id":"https:\/\/radiohuancayo.com.pe\/wp54\/permaneceran-ocho-meses-en-el-espacio-dos-astronautas-varados-en-la-eei-recien-volveran-a-la-tierra-en-febrero\/#primaryimage","url":"https:\/\/radiohuancayo.com.pe\/wp54\/wp-content\/uploads\/2024\/08\/image-109.png","contentUrl":"https:\/\/radiohuancayo.com.pe\/wp54\/wp-content\/uploads\/2024\/08\/image-109.png","width":1200,"height":675},{"@type":"BreadcrumbList","@id":"https:\/\/radiohuancayo.com.pe\/wp54\/permaneceran-ocho-meses-en-el-espacio-dos-astronautas-varados-en-la-eei-recien-volveran-a-la-tierra-en-febrero\/#breadcrumb","itemListElement":[{"@type":"ListItem","position":1,"name":"Portada","item":"https:\/\/radiohuancayo.com.pe\/wp54\/"},{"@type":"ListItem","position":2,"name":"Permanecer\u00e1n ocho meses en el espacio: dos astronautas varados en la EEI reci\u00e9n volver\u00e1n a la Tierra en febrero"}]},{"@type":"WebSite","@id":"https:\/\/radiohuancayo.com.pe\/wp54\/#website","url":"https:\/\/radiohuancayo.com.pe\/wp54\/","name":"Radio Huancayo","description":"me gusta!!!","publisher":{"@id":"https:\/\/radiohuancayo.com.pe\/wp54\/#organization"},"potentialAction":[{"@type":"SearchAction","target":{"@type":"EntryPoint","urlTemplate":"https:\/\/radiohuancayo.com.pe\/wp54\/?s={search_term_string}"},"query-input":{"@type":"PropertyValueSpecification","valueRequired":true,"valueName":"search_term_string"}}],"inLanguage":"es"},{"@type":"Organization","@id":"https:\/\/radiohuancayo.com.pe\/wp54\/#organization","name":"Radio Huancayo","url":"https:\/\/radiohuancayo.com.pe\/wp54\/","logo":{"@type":"ImageObject","inLanguage":"es","@id":"https:\/\/radiohuancayo.com.pe\/wp54\/#\/schema\/logo\/image\/","url":"https:\/\/radiohuancayo.com.pe\/wp54\/wp-content\/uploads\/2022\/04\/CABE01.png","contentUrl":"https:\/\/radiohuancayo.com.pe\/wp54\/wp-content\/uploads\/2022\/04\/CABE01.png","width":1640,"height":300,"caption":"Radio Huancayo"},"image":{"@id":"https:\/\/radiohuancayo.com.pe\/wp54\/#\/schema\/logo\/image\/"}},{"@type":"Person","@id":"https:\/\/radiohuancayo.com.pe\/wp54\/#\/schema\/person\/6baed031d35922e76b91866439cb0b86","name":"Maytin DBO","image":{"@type":"ImageObject","inLanguage":"es","@id":"https:\/\/secure.gravatar.com\/avatar\/58ac8a13712dd72aa77651ede28efcec1556ba2f16162e16bbad5b8220f88ac4?s=96&d=mm&r=g","url":"https:\/\/secure.gravatar.com\/avatar\/58ac8a13712dd72aa77651ede28efcec1556ba2f16162e16bbad5b8220f88ac4?s=96&d=mm&r=g","contentUrl":"https:\/\/secure.gravatar.com\/avatar\/58ac8a13712dd72aa77651ede28efcec1556ba2f16162e16bbad5b8220f88ac4?s=96&d=mm&r=g","caption":"Maytin DBO"},"url":"https:\/\/radiohuancayo.com.pe\/wp54\/author\/debuenaonda\/"}]}},"_links":{"self":[{"href":"https:\/\/radiohuancayo.com.pe\/wp54\/wp-json\/wp\/v2\/posts\/28092","targetHints":{"allow":["GET"]}}],"collection":[{"href":"https:\/\/radiohuancayo.com.pe\/wp54\/wp-json\/wp\/v2\/posts"}],"about":[{"href":"https:\/\/radiohuancayo.com.pe\/wp54\/wp-json\/wp\/v2\/types\/post"}],"author":[{"embeddable":true,"href":"https:\/\/radiohuancayo.com.pe\/wp54\/wp-json\/wp\/v2\/users\/5"}],"replies":[{"embeddable":true,"href":"https:\/\/radiohuancayo.com.pe\/wp54\/wp-json\/wp\/v2\/comments?post=28092"}],"version-history":[{"count":1,"href":"https:\/\/radiohuancayo.com.pe\/wp54\/wp-json\/wp\/v2\/posts\/28092\/revisions"}],"predecessor-version":[{"id":28094,"href":"https:\/\/radiohuancayo.com.pe\/wp54\/wp-json\/wp\/v2\/posts\/28092\/revisions\/28094"}],"wp:featuredmedia":[{"embeddable":true,"href":"https:\/\/radiohuancayo.com.pe\/wp54\/wp-json\/wp\/v2\/media\/28093"}],"wp:attachment":[{"href":"https:\/\/radiohuancayo.com.pe\/wp54\/wp-json\/wp\/v2\/media?parent=28092"}],"wp:term":[{"taxonomy":"category","embeddable":true,"href":"https:\/\/radiohuancayo.com.pe\/wp54\/wp-json\/wp\/v2\/categories?post=28092"},{"taxonomy":"post_tag","embeddable":true,"href":"https:\/\/radiohuancayo.com.pe\/wp54\/wp-json\/wp\/v2\/tags?post=28092"}],"curies":[{"name":"wp","href":"https:\/\/api.w.org\/{rel}","templated":true}]}}