{"id":28115,"date":"2024-08-28T06:51:25","date_gmt":"2024-08-28T11:51:25","guid":{"rendered":"https:\/\/radiohuancayo.com.pe\/wp54\/?p=28115"},"modified":"2024-08-28T06:52:35","modified_gmt":"2024-08-28T11:52:35","slug":"fallecio-juan-izquierdo-jugador-uruguayo-que-sufrio-un-problema-cardiaco-en-partido-de-la-copa-libertadores","status":"publish","type":"post","link":"https:\/\/radiohuancayo.com.pe\/wp54\/fallecio-juan-izquierdo-jugador-uruguayo-que-sufrio-un-problema-cardiaco-en-partido-de-la-copa-libertadores\/","title":{"rendered":"Falleci\u00f3 Juan Izquierdo, jugador uruguayo que sufri\u00f3 un problema card\u00edaco en partido de la Copa Libertadores"},"content":{"rendered":"\n<p>Descansa en paz.\u00a0<strong>Juan Izquierdo<\/strong>,\u00a0defensa central\u00a0de Nacional de Uruguay,\u00a0<strong>falleci\u00f3 este martes<\/strong>, seg\u00fan public\u00f3 el club charr\u00faa por medio de sus redes sociales.<\/p>\n\n\n\n<p>\u00abCon el m\u00e1s profundo dolor e impacto en nuestros corazones, el Club Nacional de Football comunica el\u00a0<strong>fallecimiento<\/strong>\u00a0de nuestro querido jugador\u00a0<strong>Juan Izquierdo<\/strong>. Expresamos nuestras\u00a0m\u00e1s sinceras condolencias\u00a0a su familia, amigos, colegas y allegados\u00bb, indic\u00f3 el tricolor.<\/p>\n\n\n\n<p>Posteriormente, el club equipo uruguayo agreg\u00f3 que \u00abtodo Nacional est\u00e1 de luto por su p\u00e9rdida irreparable. QEPD. Juan, estar\u00e1s para siempre con nosotros\u00bb.<\/p>\n\n\n\n<figure class=\"wp-block-embed is-type-rich is-provider-twitter wp-block-embed-twitter\"><div class=\"wp-block-embed__wrapper\">\n<blockquote class=\"twitter-tweet\" data-width=\"550\" data-dnt=\"true\"><p lang=\"es\" dir=\"ltr\">Con el m\u00e1s profundo dolor e impacto en nuestros corazones, el Club Nacional de Football comunica el fallecimiento de nuestro querido jugador Juan Izquierdo.<br><br>Expresamos nuestras m\u00e1s sinceras condolencias a su familia, amigos, colegas y allegados.<br><br>Todo Nacional est\u00e1 de luto por\u2026 <a href=\"https:\/\/t.co\/mYU28mqw6m\">pic.twitter.com\/mYU28mqw6m<\/a><\/p>&mdash; Nacional (@Nacional) <a href=\"https:\/\/twitter.com\/Nacional\/status\/1828606877048950830?ref_src=twsrc%5Etfw\">August 28, 2024<\/a><\/blockquote><script async src=\"https:\/\/platform.twitter.com\/widgets.js\" charset=\"utf-8\"><\/script>\n<\/div><\/figure>\n","protected":false},"excerpt":{"rendered":"<p>Descansa en paz.\u00a0Juan Izquierdo,\u00a0defensa central\u00a0de Nacional de Uruguay,\u00a0falleci\u00f3 este martes, seg\u00fan public\u00f3 el club charr\u00faa por medio de sus redes sociales. \u00abCon el m\u00e1s profundo dolor e impacto en nuestros corazones, el Club Nacional de Football comunica el\u00a0fallecimiento\u00a0de nuestro querido jugador\u00a0Juan Izquierdo. Expresamos nuestras\u00a0m\u00e1s sinceras condolencias\u00a0a su familia, amigos, colegas y allegados\u00bb, indic\u00f3 el tricolor. Posteriormente, el club equipo uruguayo agreg\u00f3 que \u00abtodo Nacional est\u00e1 de luto por su p\u00e9rdida irreparable. QEPD. Juan, estar\u00e1s para siempre con nosotros\u00bb.<\/p>\n","protected":false},"author":1,"featured_media":28118,"comment_status":"open","ping_status":"open","sticky":false,"template":"","format":"standard","meta":{"footnotes":""},"categories":[7,22],"tags":[],"class_list":["post-28115","post","type-post","status-publish","format-standard","has-post-thumbnail","hentry","category-deportes","category-portada"],"yoast_head":"<!-- This site is optimized with the Yoast SEO plugin v27.5 - https:\/\/yoast.com\/product\/yoast-seo-wordpress\/ -->\n<title>Falleci\u00f3 Juan Izquierdo, jugador uruguayo que sufri\u00f3 un problema card\u00edaco en partido de la Copa Libertadores - Radio Huancayo<\/title>\n<meta name=\"robots\" content=\"index, follow, max-snippet:-1, max-image-preview:large, max-video-preview:-1\" \/>\n<link rel=\"canonical\" href=\"https:\/\/radiohuancayo.com.pe\/wp54\/fallecio-juan-izquierdo-jugador-uruguayo-que-sufrio-un-problema-cardiaco-en-partido-de-la-copa-libertadores\/\" \/>\n<meta property=\"og:locale\" content=\"es_ES\" \/>\n<meta property=\"og:type\" content=\"article\" \/>\n<meta property=\"og:title\" content=\"Falleci\u00f3 Juan Izquierdo, jugador uruguayo que sufri\u00f3 un problema card\u00edaco en partido de la Copa Libertadores - Radio Huancayo\" \/>\n<meta property=\"og:description\" content=\"Descansa en paz.\u00a0Juan Izquierdo,\u00a0defensa central\u00a0de Nacional de Uruguay,\u00a0falleci\u00f3 este martes, seg\u00fan public\u00f3 el club charr\u00faa por medio de sus redes sociales. \u00abCon el m\u00e1s profundo dolor e impacto en nuestros corazones, el Club Nacional de Football comunica el\u00a0fallecimiento\u00a0de nuestro querido jugador\u00a0Juan Izquierdo. Expresamos nuestras\u00a0m\u00e1s sinceras condolencias\u00a0a su familia, amigos, colegas y allegados\u00bb, indic\u00f3 el tricolor. Posteriormente, el club equipo uruguayo agreg\u00f3 que \u00abtodo Nacional est\u00e1 de luto por su p\u00e9rdida irreparable. QEPD. Juan, estar\u00e1s para siempre con nosotros\u00bb.\" \/>\n<meta property=\"og:url\" content=\"https:\/\/radiohuancayo.com.pe\/wp54\/fallecio-juan-izquierdo-jugador-uruguayo-que-sufrio-un-problema-cardiaco-en-partido-de-la-copa-libertadores\/\" \/>\n<meta property=\"og:site_name\" content=\"Radio Huancayo\" \/>\n<meta property=\"article:published_time\" content=\"2024-08-28T11:51:25+00:00\" \/>\n<meta property=\"article:modified_time\" content=\"2024-08-28T11:52:35+00:00\" \/>\n<meta property=\"og:image\" content=\"https:\/\/radiohuancayo.com.pe\/wp54\/wp-content\/uploads\/2024\/08\/image-115.png\" \/>\n\t<meta property=\"og:image:width\" content=\"1200\" \/>\n\t<meta property=\"og:image:height\" content=\"675\" \/>\n\t<meta property=\"og:image:type\" content=\"image\/png\" \/>\n<meta name=\"author\" content=\"admin\" \/>\n<meta name=\"twitter:card\" content=\"summary_large_image\" \/>\n<meta name=\"twitter:label1\" content=\"Escrito por\" \/>\n\t<meta name=\"twitter:data1\" content=\"admin\" \/>\n\t<meta name=\"twitter:label2\" content=\"Tiempo de lectura\" \/>\n\t<meta name=\"twitter:data2\" content=\"1 minuto\" \/>\n<script type=\"application\/ld+json\" class=\"yoast-schema-graph\">{\"@context\":\"https:\\\/\\\/schema.org\",\"@graph\":[{\"@type\":\"Article\",\"@id\":\"https:\\\/\\\/radiohuancayo.com.pe\\\/wp54\\\/fallecio-juan-izquierdo-jugador-uruguayo-que-sufrio-un-problema-cardiaco-en-partido-de-la-copa-libertadores\\\/#article\",\"isPartOf\":{\"@id\":\"https:\\\/\\\/radiohuancayo.com.pe\\\/wp54\\\/fallecio-juan-izquierdo-jugador-uruguayo-que-sufrio-un-problema-cardiaco-en-partido-de-la-copa-libertadores\\\/\"},\"author\":{\"name\":\"admin\",\"@id\":\"https:\\\/\\\/radiohuancayo.com.pe\\\/wp54\\\/#\\\/schema\\\/person\\\/53e7c63df918deff345a30606cbf878c\"},\"headline\":\"Falleci\u00f3 Juan Izquierdo, jugador uruguayo que sufri\u00f3 un problema card\u00edaco en partido de la Copa Libertadores\",\"datePublished\":\"2024-08-28T11:51:25+00:00\",\"dateModified\":\"2024-08-28T11:52:35+00:00\",\"mainEntityOfPage\":{\"@id\":\"https:\\\/\\\/radiohuancayo.com.pe\\\/wp54\\\/fallecio-juan-izquierdo-jugador-uruguayo-que-sufrio-un-problema-cardiaco-en-partido-de-la-copa-libertadores\\\/\"},\"wordCount\":115,\"commentCount\":0,\"publisher\":{\"@id\":\"https:\\\/\\\/radiohuancayo.com.pe\\\/wp54\\\/#organization\"},\"image\":{\"@id\":\"https:\\\/\\\/radiohuancayo.com.pe\\\/wp54\\\/fallecio-juan-izquierdo-jugador-uruguayo-que-sufrio-un-problema-cardiaco-en-partido-de-la-copa-libertadores\\\/#primaryimage\"},\"thumbnailUrl\":\"https:\\\/\\\/radiohuancayo.com.pe\\\/wp54\\\/wp-content\\\/uploads\\\/2024\\\/08\\\/image-115.png\",\"articleSection\":[\"Deportes\",\"Portada\"],\"inLanguage\":\"es\",\"potentialAction\":[{\"@type\":\"CommentAction\",\"name\":\"Comment\",\"target\":[\"https:\\\/\\\/radiohuancayo.com.pe\\\/wp54\\\/fallecio-juan-izquierdo-jugador-uruguayo-que-sufrio-un-problema-cardiaco-en-partido-de-la-copa-libertadores\\\/#respond\"]}]},{\"@type\":\"WebPage\",\"@id\":\"https:\\\/\\\/radiohuancayo.com.pe\\\/wp54\\\/fallecio-juan-izquierdo-jugador-uruguayo-que-sufrio-un-problema-cardiaco-en-partido-de-la-copa-libertadores\\\/\",\"url\":\"https:\\\/\\\/radiohuancayo.com.pe\\\/wp54\\\/fallecio-juan-izquierdo-jugador-uruguayo-que-sufrio-un-problema-cardiaco-en-partido-de-la-copa-libertadores\\\/\",\"name\":\"Falleci\u00f3 Juan Izquierdo, jugador uruguayo que sufri\u00f3 un problema card\u00edaco en partido de la Copa Libertadores - Radio Huancayo\",\"isPartOf\":{\"@id\":\"https:\\\/\\\/radiohuancayo.com.pe\\\/wp54\\\/#website\"},\"primaryImageOfPage\":{\"@id\":\"https:\\\/\\\/radiohuancayo.com.pe\\\/wp54\\\/fallecio-juan-izquierdo-jugador-uruguayo-que-sufrio-un-problema-cardiaco-en-partido-de-la-copa-libertadores\\\/#primaryimage\"},\"image\":{\"@id\":\"https:\\\/\\\/radiohuancayo.com.pe\\\/wp54\\\/fallecio-juan-izquierdo-jugador-uruguayo-que-sufrio-un-problema-cardiaco-en-partido-de-la-copa-libertadores\\\/#primaryimage\"},\"thumbnailUrl\":\"https:\\\/\\\/radiohuancayo.com.pe\\\/wp54\\\/wp-content\\\/uploads\\\/2024\\\/08\\\/image-115.png\",\"datePublished\":\"2024-08-28T11:51:25+00:00\",\"dateModified\":\"2024-08-28T11:52:35+00:00\",\"breadcrumb\":{\"@id\":\"https:\\\/\\\/radiohuancayo.com.pe\\\/wp54\\\/fallecio-juan-izquierdo-jugador-uruguayo-que-sufrio-un-problema-cardiaco-en-partido-de-la-copa-libertadores\\\/#breadcrumb\"},\"inLanguage\":\"es\",\"potentialAction\":[{\"@type\":\"ReadAction\",\"target\":[\"https:\\\/\\\/radiohuancayo.com.pe\\\/wp54\\\/fallecio-juan-izquierdo-jugador-uruguayo-que-sufrio-un-problema-cardiaco-en-partido-de-la-copa-libertadores\\\/\"]}]},{\"@type\":\"ImageObject\",\"inLanguage\":\"es\",\"@id\":\"https:\\\/\\\/radiohuancayo.com.pe\\\/wp54\\\/fallecio-juan-izquierdo-jugador-uruguayo-que-sufrio-un-problema-cardiaco-en-partido-de-la-copa-libertadores\\\/#primaryimage\",\"url\":\"https:\\\/\\\/radiohuancayo.com.pe\\\/wp54\\\/wp-content\\\/uploads\\\/2024\\\/08\\\/image-115.png\",\"contentUrl\":\"https:\\\/\\\/radiohuancayo.com.pe\\\/wp54\\\/wp-content\\\/uploads\\\/2024\\\/08\\\/image-115.png\",\"width\":1200,\"height\":675},{\"@type\":\"BreadcrumbList\",\"@id\":\"https:\\\/\\\/radiohuancayo.com.pe\\\/wp54\\\/fallecio-juan-izquierdo-jugador-uruguayo-que-sufrio-un-problema-cardiaco-en-partido-de-la-copa-libertadores\\\/#breadcrumb\",\"itemListElement\":[{\"@type\":\"ListItem\",\"position\":1,\"name\":\"Portada\",\"item\":\"https:\\\/\\\/radiohuancayo.com.pe\\\/wp54\\\/\"},{\"@type\":\"ListItem\",\"position\":2,\"name\":\"Falleci\u00f3 Juan Izquierdo, jugador uruguayo que sufri\u00f3 un problema card\u00edaco en partido de la Copa Libertadores\"}]},{\"@type\":\"WebSite\",\"@id\":\"https:\\\/\\\/radiohuancayo.com.pe\\\/wp54\\\/#website\",\"url\":\"https:\\\/\\\/radiohuancayo.com.pe\\\/wp54\\\/\",\"name\":\"Radio Huancayo\",\"description\":\"me gusta!!!\",\"publisher\":{\"@id\":\"https:\\\/\\\/radiohuancayo.com.pe\\\/wp54\\\/#organization\"},\"potentialAction\":[{\"@type\":\"SearchAction\",\"target\":{\"@type\":\"EntryPoint\",\"urlTemplate\":\"https:\\\/\\\/radiohuancayo.com.pe\\\/wp54\\\/?s={search_term_string}\"},\"query-input\":{\"@type\":\"PropertyValueSpecification\",\"valueRequired\":true,\"valueName\":\"search_term_string\"}}],\"inLanguage\":\"es\"},{\"@type\":\"Organization\",\"@id\":\"https:\\\/\\\/radiohuancayo.com.pe\\\/wp54\\\/#organization\",\"name\":\"Radio Huancayo\",\"url\":\"https:\\\/\\\/radiohuancayo.com.pe\\\/wp54\\\/\",\"logo\":{\"@type\":\"ImageObject\",\"inLanguage\":\"es\",\"@id\":\"https:\\\/\\\/radiohuancayo.com.pe\\\/wp54\\\/#\\\/schema\\\/logo\\\/image\\\/\",\"url\":\"https:\\\/\\\/radiohuancayo.com.pe\\\/wp54\\\/wp-content\\\/uploads\\\/2022\\\/04\\\/CABE01.png\",\"contentUrl\":\"https:\\\/\\\/radiohuancayo.com.pe\\\/wp54\\\/wp-content\\\/uploads\\\/2022\\\/04\\\/CABE01.png\",\"width\":1640,\"height\":300,\"caption\":\"Radio Huancayo\"},\"image\":{\"@id\":\"https:\\\/\\\/radiohuancayo.com.pe\\\/wp54\\\/#\\\/schema\\\/logo\\\/image\\\/\"}},{\"@type\":\"Person\",\"@id\":\"https:\\\/\\\/radiohuancayo.com.pe\\\/wp54\\\/#\\\/schema\\\/person\\\/53e7c63df918deff345a30606cbf878c\",\"name\":\"admin\",\"image\":{\"@type\":\"ImageObject\",\"inLanguage\":\"es\",\"@id\":\"https:\\\/\\\/secure.gravatar.com\\\/avatar\\\/3d9af84154e8f14d0ba4f62aa2abc4fcd3ee42a1c034539c08ef7c5615f414cb?s=96&d=mm&r=g\",\"url\":\"https:\\\/\\\/secure.gravatar.com\\\/avatar\\\/3d9af84154e8f14d0ba4f62aa2abc4fcd3ee42a1c034539c08ef7c5615f414cb?s=96&d=mm&r=g\",\"contentUrl\":\"https:\\\/\\\/secure.gravatar.com\\\/avatar\\\/3d9af84154e8f14d0ba4f62aa2abc4fcd3ee42a1c034539c08ef7c5615f414cb?s=96&d=mm&r=g\",\"caption\":\"admin\"},\"sameAs\":[\"https:\\\/\\\/radiohuancayo.com.pe\\\/wp54\"],\"url\":\"https:\\\/\\\/radiohuancayo.com.pe\\\/wp54\\\/author\\\/admin\\\/\"}]}<\/script>\n<!-- \/ Yoast SEO plugin. -->","yoast_head_json":{"title":"Falleci\u00f3 Juan Izquierdo, jugador uruguayo que sufri\u00f3 un problema card\u00edaco en partido de la Copa Libertadores - Radio Huancayo","robots":{"index":"index","follow":"follow","max-snippet":"max-snippet:-1","max-image-preview":"max-image-preview:large","max-video-preview":"max-video-preview:-1"},"canonical":"https:\/\/radiohuancayo.com.pe\/wp54\/fallecio-juan-izquierdo-jugador-uruguayo-que-sufrio-un-problema-cardiaco-en-partido-de-la-copa-libertadores\/","og_locale":"es_ES","og_type":"article","og_title":"Falleci\u00f3 Juan Izquierdo, jugador uruguayo que sufri\u00f3 un problema card\u00edaco en partido de la Copa Libertadores - Radio Huancayo","og_description":"Descansa en paz.\u00a0Juan Izquierdo,\u00a0defensa central\u00a0de Nacional de Uruguay,\u00a0falleci\u00f3 este martes, seg\u00fan public\u00f3 el club charr\u00faa por medio de sus redes sociales. \u00abCon el m\u00e1s profundo dolor e impacto en nuestros corazones, el Club Nacional de Football comunica el\u00a0fallecimiento\u00a0de nuestro querido jugador\u00a0Juan Izquierdo. Expresamos nuestras\u00a0m\u00e1s sinceras condolencias\u00a0a su familia, amigos, colegas y allegados\u00bb, indic\u00f3 el tricolor. Posteriormente, el club equipo uruguayo agreg\u00f3 que \u00abtodo Nacional est\u00e1 de luto por su p\u00e9rdida irreparable. QEPD. Juan, estar\u00e1s para siempre con nosotros\u00bb.","og_url":"https:\/\/radiohuancayo.com.pe\/wp54\/fallecio-juan-izquierdo-jugador-uruguayo-que-sufrio-un-problema-cardiaco-en-partido-de-la-copa-libertadores\/","og_site_name":"Radio Huancayo","article_published_time":"2024-08-28T11:51:25+00:00","article_modified_time":"2024-08-28T11:52:35+00:00","og_image":[{"width":1200,"height":675,"url":"https:\/\/radiohuancayo.com.pe\/wp54\/wp-content\/uploads\/2024\/08\/image-115.png","type":"image\/png"}],"author":"admin","twitter_card":"summary_large_image","twitter_misc":{"Escrito por":"admin","Tiempo de lectura":"1 minuto"},"schema":{"@context":"https:\/\/schema.org","@graph":[{"@type":"Article","@id":"https:\/\/radiohuancayo.com.pe\/wp54\/fallecio-juan-izquierdo-jugador-uruguayo-que-sufrio-un-problema-cardiaco-en-partido-de-la-copa-libertadores\/#article","isPartOf":{"@id":"https:\/\/radiohuancayo.com.pe\/wp54\/fallecio-juan-izquierdo-jugador-uruguayo-que-sufrio-un-problema-cardiaco-en-partido-de-la-copa-libertadores\/"},"author":{"name":"admin","@id":"https:\/\/radiohuancayo.com.pe\/wp54\/#\/schema\/person\/53e7c63df918deff345a30606cbf878c"},"headline":"Falleci\u00f3 Juan Izquierdo, jugador uruguayo que sufri\u00f3 un problema card\u00edaco en partido de la Copa Libertadores","datePublished":"2024-08-28T11:51:25+00:00","dateModified":"2024-08-28T11:52:35+00:00","mainEntityOfPage":{"@id":"https:\/\/radiohuancayo.com.pe\/wp54\/fallecio-juan-izquierdo-jugador-uruguayo-que-sufrio-un-problema-cardiaco-en-partido-de-la-copa-libertadores\/"},"wordCount":115,"commentCount":0,"publisher":{"@id":"https:\/\/radiohuancayo.com.pe\/wp54\/#organization"},"image":{"@id":"https:\/\/radiohuancayo.com.pe\/wp54\/fallecio-juan-izquierdo-jugador-uruguayo-que-sufrio-un-problema-cardiaco-en-partido-de-la-copa-libertadores\/#primaryimage"},"thumbnailUrl":"https:\/\/radiohuancayo.com.pe\/wp54\/wp-content\/uploads\/2024\/08\/image-115.png","articleSection":["Deportes","Portada"],"inLanguage":"es","potentialAction":[{"@type":"CommentAction","name":"Comment","target":["https:\/\/radiohuancayo.com.pe\/wp54\/fallecio-juan-izquierdo-jugador-uruguayo-que-sufrio-un-problema-cardiaco-en-partido-de-la-copa-libertadores\/#respond"]}]},{"@type":"WebPage","@id":"https:\/\/radiohuancayo.com.pe\/wp54\/fallecio-juan-izquierdo-jugador-uruguayo-que-sufrio-un-problema-cardiaco-en-partido-de-la-copa-libertadores\/","url":"https:\/\/radiohuancayo.com.pe\/wp54\/fallecio-juan-izquierdo-jugador-uruguayo-que-sufrio-un-problema-cardiaco-en-partido-de-la-copa-libertadores\/","name":"Falleci\u00f3 Juan Izquierdo, jugador uruguayo que sufri\u00f3 un problema card\u00edaco en partido de la Copa Libertadores - Radio Huancayo","isPartOf":{"@id":"https:\/\/radiohuancayo.com.pe\/wp54\/#website"},"primaryImageOfPage":{"@id":"https:\/\/radiohuancayo.com.pe\/wp54\/fallecio-juan-izquierdo-jugador-uruguayo-que-sufrio-un-problema-cardiaco-en-partido-de-la-copa-libertadores\/#primaryimage"},"image":{"@id":"https:\/\/radiohuancayo.com.pe\/wp54\/fallecio-juan-izquierdo-jugador-uruguayo-que-sufrio-un-problema-cardiaco-en-partido-de-la-copa-libertadores\/#primaryimage"},"thumbnailUrl":"https:\/\/radiohuancayo.com.pe\/wp54\/wp-content\/uploads\/2024\/08\/image-115.png","datePublished":"2024-08-28T11:51:25+00:00","dateModified":"2024-08-28T11:52:35+00:00","breadcrumb":{"@id":"https:\/\/radiohuancayo.com.pe\/wp54\/fallecio-juan-izquierdo-jugador-uruguayo-que-sufrio-un-problema-cardiaco-en-partido-de-la-copa-libertadores\/#breadcrumb"},"inLanguage":"es","potentialAction":[{"@type":"ReadAction","target":["https:\/\/radiohuancayo.com.pe\/wp54\/fallecio-juan-izquierdo-jugador-uruguayo-que-sufrio-un-problema-cardiaco-en-partido-de-la-copa-libertadores\/"]}]},{"@type":"ImageObject","inLanguage":"es","@id":"https:\/\/radiohuancayo.com.pe\/wp54\/fallecio-juan-izquierdo-jugador-uruguayo-que-sufrio-un-problema-cardiaco-en-partido-de-la-copa-libertadores\/#primaryimage","url":"https:\/\/radiohuancayo.com.pe\/wp54\/wp-content\/uploads\/2024\/08\/image-115.png","contentUrl":"https:\/\/radiohuancayo.com.pe\/wp54\/wp-content\/uploads\/2024\/08\/image-115.png","width":1200,"height":675},{"@type":"BreadcrumbList","@id":"https:\/\/radiohuancayo.com.pe\/wp54\/fallecio-juan-izquierdo-jugador-uruguayo-que-sufrio-un-problema-cardiaco-en-partido-de-la-copa-libertadores\/#breadcrumb","itemListElement":[{"@type":"ListItem","position":1,"name":"Portada","item":"https:\/\/radiohuancayo.com.pe\/wp54\/"},{"@type":"ListItem","position":2,"name":"Falleci\u00f3 Juan Izquierdo, jugador uruguayo que sufri\u00f3 un problema card\u00edaco en partido de la Copa Libertadores"}]},{"@type":"WebSite","@id":"https:\/\/radiohuancayo.com.pe\/wp54\/#website","url":"https:\/\/radiohuancayo.com.pe\/wp54\/","name":"Radio Huancayo","description":"me gusta!!!","publisher":{"@id":"https:\/\/radiohuancayo.com.pe\/wp54\/#organization"},"potentialAction":[{"@type":"SearchAction","target":{"@type":"EntryPoint","urlTemplate":"https:\/\/radiohuancayo.com.pe\/wp54\/?s={search_term_string}"},"query-input":{"@type":"PropertyValueSpecification","valueRequired":true,"valueName":"search_term_string"}}],"inLanguage":"es"},{"@type":"Organization","@id":"https:\/\/radiohuancayo.com.pe\/wp54\/#organization","name":"Radio Huancayo","url":"https:\/\/radiohuancayo.com.pe\/wp54\/","logo":{"@type":"ImageObject","inLanguage":"es","@id":"https:\/\/radiohuancayo.com.pe\/wp54\/#\/schema\/logo\/image\/","url":"https:\/\/radiohuancayo.com.pe\/wp54\/wp-content\/uploads\/2022\/04\/CABE01.png","contentUrl":"https:\/\/radiohuancayo.com.pe\/wp54\/wp-content\/uploads\/2022\/04\/CABE01.png","width":1640,"height":300,"caption":"Radio Huancayo"},"image":{"@id":"https:\/\/radiohuancayo.com.pe\/wp54\/#\/schema\/logo\/image\/"}},{"@type":"Person","@id":"https:\/\/radiohuancayo.com.pe\/wp54\/#\/schema\/person\/53e7c63df918deff345a30606cbf878c","name":"admin","image":{"@type":"ImageObject","inLanguage":"es","@id":"https:\/\/secure.gravatar.com\/avatar\/3d9af84154e8f14d0ba4f62aa2abc4fcd3ee42a1c034539c08ef7c5615f414cb?s=96&d=mm&r=g","url":"https:\/\/secure.gravatar.com\/avatar\/3d9af84154e8f14d0ba4f62aa2abc4fcd3ee42a1c034539c08ef7c5615f414cb?s=96&d=mm&r=g","contentUrl":"https:\/\/secure.gravatar.com\/avatar\/3d9af84154e8f14d0ba4f62aa2abc4fcd3ee42a1c034539c08ef7c5615f414cb?s=96&d=mm&r=g","caption":"admin"},"sameAs":["https:\/\/radiohuancayo.com.pe\/wp54"],"url":"https:\/\/radiohuancayo.com.pe\/wp54\/author\/admin\/"}]}},"_links":{"self":[{"href":"https:\/\/radiohuancayo.com.pe\/wp54\/wp-json\/wp\/v2\/posts\/28115","targetHints":{"allow":["GET"]}}],"collection":[{"href":"https:\/\/radiohuancayo.com.pe\/wp54\/wp-json\/wp\/v2\/posts"}],"about":[{"href":"https:\/\/radiohuancayo.com.pe\/wp54\/wp-json\/wp\/v2\/types\/post"}],"author":[{"embeddable":true,"href":"https:\/\/radiohuancayo.com.pe\/wp54\/wp-json\/wp\/v2\/users\/1"}],"replies":[{"embeddable":true,"href":"https:\/\/radiohuancayo.com.pe\/wp54\/wp-json\/wp\/v2\/comments?post=28115"}],"version-history":[{"count":1,"href":"https:\/\/radiohuancayo.com.pe\/wp54\/wp-json\/wp\/v2\/posts\/28115\/revisions"}],"predecessor-version":[{"id":28117,"href":"https:\/\/radiohuancayo.com.pe\/wp54\/wp-json\/wp\/v2\/posts\/28115\/revisions\/28117"}],"wp:featuredmedia":[{"embeddable":true,"href":"https:\/\/radiohuancayo.com.pe\/wp54\/wp-json\/wp\/v2\/media\/28118"}],"wp:attachment":[{"href":"https:\/\/radiohuancayo.com.pe\/wp54\/wp-json\/wp\/v2\/media?parent=28115"}],"wp:term":[{"taxonomy":"category","embeddable":true,"href":"https:\/\/radiohuancayo.com.pe\/wp54\/wp-json\/wp\/v2\/categories?post=28115"},{"taxonomy":"post_tag","embeddable":true,"href":"https:\/\/radiohuancayo.com.pe\/wp54\/wp-json\/wp\/v2\/tags?post=28115"}],"curies":[{"name":"wp","href":"https:\/\/api.w.org\/{rel}","templated":true}]}}