{"id":28329,"date":"2024-09-11T16:54:00","date_gmt":"2024-09-11T21:54:00","guid":{"rendered":"https:\/\/radiohuancayo.com.pe\/wp54\/?p=28329"},"modified":"2024-09-11T16:54:00","modified_gmt":"2024-09-11T21:54:00","slug":"seleccion-peruana-sub-17-ya-entrena-en-japon-pensando-en-amistosos","status":"publish","type":"post","link":"https:\/\/radiohuancayo.com.pe\/wp54\/seleccion-peruana-sub-17-ya-entrena-en-japon-pensando-en-amistosos\/","title":{"rendered":"Selecci\u00f3n peruana Sub 17 ya entrena en Jap\u00f3n pensando en amistosos"},"content":{"rendered":"\n<p>a selecci\u00f3n peruana Sub 17 ya se encuentra en Jap\u00f3n. La bicolor tuvo su primer entrenamiento en el pa\u00eds nip\u00f3n pensando en sus siguientes tres amistosos en tierras asi\u00e1ticas.<\/p>\n\n\n\n<p>El plantel comandado por el entrenador Pablo Zegarra se encuentra trabajando en el complejo deportivo Denka Swan Field preparando todo para su primer choque.<\/p>\n\n\n\n<p>Per\u00fa enfrentar\u00e1 primero a Jap\u00f3n este jueves en la ciudad de Niigata, y el s\u00e1bado 14 enfrentar\u00e1 al combinado de la localidad. Cerrar\u00e1 su preparaci\u00f3n frente a Estados Unidos el lunes 16.<\/p>\n\n\n\n<p>Recordemos que el Conmebol Sudamericano se desarrollar\u00e1 en octubre en Bolivia.&nbsp;<\/p>\n","protected":false},"excerpt":{"rendered":"<p>a selecci\u00f3n peruana Sub 17 ya se encuentra en Jap\u00f3n. La bicolor tuvo su primer entrenamiento en el pa\u00eds nip\u00f3n pensando en sus siguientes tres amistosos en tierras asi\u00e1ticas. El plantel comandado por el entrenador Pablo Zegarra se encuentra trabajando en el complejo deportivo Denka Swan Field preparando todo para su primer choque. Per\u00fa enfrentar\u00e1 primero a Jap\u00f3n este jueves en la ciudad de Niigata, y el s\u00e1bado 14 enfrentar\u00e1 al combinado de la localidad. Cerrar\u00e1 su preparaci\u00f3n frente a Estados Unidos el lunes 16. Recordemos que el Conmebol Sudamericano se desarrollar\u00e1 en octubre en Bolivia.&nbsp;<\/p>\n","protected":false},"author":2,"featured_media":28330,"comment_status":"open","ping_status":"open","sticky":false,"template":"","format":"standard","meta":{"footnotes":""},"categories":[7],"tags":[],"class_list":["post-28329","post","type-post","status-publish","format-standard","has-post-thumbnail","hentry","category-deportes"],"yoast_head":"<!-- This site is optimized with the Yoast SEO plugin v27.5 - https:\/\/yoast.com\/product\/yoast-seo-wordpress\/ -->\n<title>Selecci\u00f3n peruana Sub 17 ya entrena en Jap\u00f3n pensando en amistosos - Radio Huancayo<\/title>\n<meta name=\"robots\" content=\"index, follow, max-snippet:-1, max-image-preview:large, max-video-preview:-1\" \/>\n<link rel=\"canonical\" href=\"https:\/\/radiohuancayo.com.pe\/wp54\/seleccion-peruana-sub-17-ya-entrena-en-japon-pensando-en-amistosos\/\" \/>\n<meta property=\"og:locale\" content=\"es_ES\" \/>\n<meta property=\"og:type\" content=\"article\" \/>\n<meta property=\"og:title\" content=\"Selecci\u00f3n peruana Sub 17 ya entrena en Jap\u00f3n pensando en amistosos - Radio Huancayo\" \/>\n<meta property=\"og:description\" content=\"a selecci\u00f3n peruana Sub 17 ya se encuentra en Jap\u00f3n. La bicolor tuvo su primer entrenamiento en el pa\u00eds nip\u00f3n pensando en sus siguientes tres amistosos en tierras asi\u00e1ticas. El plantel comandado por el entrenador Pablo Zegarra se encuentra trabajando en el complejo deportivo Denka Swan Field preparando todo para su primer choque. Per\u00fa enfrentar\u00e1 primero a Jap\u00f3n este jueves en la ciudad de Niigata, y el s\u00e1bado 14 enfrentar\u00e1 al combinado de la localidad. Cerrar\u00e1 su preparaci\u00f3n frente a Estados Unidos el lunes 16. Recordemos que el Conmebol Sudamericano se desarrollar\u00e1 en octubre en Bolivia.&nbsp;\" \/>\n<meta property=\"og:url\" content=\"https:\/\/radiohuancayo.com.pe\/wp54\/seleccion-peruana-sub-17-ya-entrena-en-japon-pensando-en-amistosos\/\" \/>\n<meta property=\"og:site_name\" content=\"Radio Huancayo\" \/>\n<meta property=\"article:published_time\" content=\"2024-09-11T21:54:00+00:00\" \/>\n<meta property=\"og:image\" content=\"https:\/\/radiohuancayo.com.pe\/wp54\/wp-content\/uploads\/2024\/09\/sp_5.jpg\" \/>\n\t<meta property=\"og:image:width\" content=\"1200\" \/>\n\t<meta property=\"og:image:height\" content=\"630\" \/>\n\t<meta property=\"og:image:type\" content=\"image\/jpeg\" \/>\n<meta name=\"author\" content=\"Michel Sanchez\" \/>\n<meta name=\"twitter:card\" content=\"summary_large_image\" \/>\n<meta name=\"twitter:label1\" content=\"Escrito por\" \/>\n\t<meta name=\"twitter:data1\" content=\"Michel Sanchez\" \/>\n\t<meta name=\"twitter:label2\" content=\"Tiempo de lectura\" \/>\n\t<meta name=\"twitter:data2\" content=\"1 minuto\" \/>\n<script type=\"application\/ld+json\" class=\"yoast-schema-graph\">{\"@context\":\"https:\\\/\\\/schema.org\",\"@graph\":[{\"@type\":\"Article\",\"@id\":\"https:\\\/\\\/radiohuancayo.com.pe\\\/wp54\\\/seleccion-peruana-sub-17-ya-entrena-en-japon-pensando-en-amistosos\\\/#article\",\"isPartOf\":{\"@id\":\"https:\\\/\\\/radiohuancayo.com.pe\\\/wp54\\\/seleccion-peruana-sub-17-ya-entrena-en-japon-pensando-en-amistosos\\\/\"},\"author\":{\"name\":\"Michel Sanchez\",\"@id\":\"https:\\\/\\\/radiohuancayo.com.pe\\\/wp54\\\/#\\\/schema\\\/person\\\/74fb124dee9900c6f4d0535fa1d2b5ae\"},\"headline\":\"Selecci\u00f3n peruana Sub 17 ya entrena en Jap\u00f3n pensando en amistosos\",\"datePublished\":\"2024-09-11T21:54:00+00:00\",\"mainEntityOfPage\":{\"@id\":\"https:\\\/\\\/radiohuancayo.com.pe\\\/wp54\\\/seleccion-peruana-sub-17-ya-entrena-en-japon-pensando-en-amistosos\\\/\"},\"wordCount\":114,\"commentCount\":0,\"publisher\":{\"@id\":\"https:\\\/\\\/radiohuancayo.com.pe\\\/wp54\\\/#organization\"},\"image\":{\"@id\":\"https:\\\/\\\/radiohuancayo.com.pe\\\/wp54\\\/seleccion-peruana-sub-17-ya-entrena-en-japon-pensando-en-amistosos\\\/#primaryimage\"},\"thumbnailUrl\":\"https:\\\/\\\/radiohuancayo.com.pe\\\/wp54\\\/wp-content\\\/uploads\\\/2024\\\/09\\\/sp_5.jpg\",\"articleSection\":[\"Deportes\"],\"inLanguage\":\"es\",\"potentialAction\":[{\"@type\":\"CommentAction\",\"name\":\"Comment\",\"target\":[\"https:\\\/\\\/radiohuancayo.com.pe\\\/wp54\\\/seleccion-peruana-sub-17-ya-entrena-en-japon-pensando-en-amistosos\\\/#respond\"]}]},{\"@type\":\"WebPage\",\"@id\":\"https:\\\/\\\/radiohuancayo.com.pe\\\/wp54\\\/seleccion-peruana-sub-17-ya-entrena-en-japon-pensando-en-amistosos\\\/\",\"url\":\"https:\\\/\\\/radiohuancayo.com.pe\\\/wp54\\\/seleccion-peruana-sub-17-ya-entrena-en-japon-pensando-en-amistosos\\\/\",\"name\":\"Selecci\u00f3n peruana Sub 17 ya entrena en Jap\u00f3n pensando en amistosos - Radio Huancayo\",\"isPartOf\":{\"@id\":\"https:\\\/\\\/radiohuancayo.com.pe\\\/wp54\\\/#website\"},\"primaryImageOfPage\":{\"@id\":\"https:\\\/\\\/radiohuancayo.com.pe\\\/wp54\\\/seleccion-peruana-sub-17-ya-entrena-en-japon-pensando-en-amistosos\\\/#primaryimage\"},\"image\":{\"@id\":\"https:\\\/\\\/radiohuancayo.com.pe\\\/wp54\\\/seleccion-peruana-sub-17-ya-entrena-en-japon-pensando-en-amistosos\\\/#primaryimage\"},\"thumbnailUrl\":\"https:\\\/\\\/radiohuancayo.com.pe\\\/wp54\\\/wp-content\\\/uploads\\\/2024\\\/09\\\/sp_5.jpg\",\"datePublished\":\"2024-09-11T21:54:00+00:00\",\"breadcrumb\":{\"@id\":\"https:\\\/\\\/radiohuancayo.com.pe\\\/wp54\\\/seleccion-peruana-sub-17-ya-entrena-en-japon-pensando-en-amistosos\\\/#breadcrumb\"},\"inLanguage\":\"es\",\"potentialAction\":[{\"@type\":\"ReadAction\",\"target\":[\"https:\\\/\\\/radiohuancayo.com.pe\\\/wp54\\\/seleccion-peruana-sub-17-ya-entrena-en-japon-pensando-en-amistosos\\\/\"]}]},{\"@type\":\"ImageObject\",\"inLanguage\":\"es\",\"@id\":\"https:\\\/\\\/radiohuancayo.com.pe\\\/wp54\\\/seleccion-peruana-sub-17-ya-entrena-en-japon-pensando-en-amistosos\\\/#primaryimage\",\"url\":\"https:\\\/\\\/radiohuancayo.com.pe\\\/wp54\\\/wp-content\\\/uploads\\\/2024\\\/09\\\/sp_5.jpg\",\"contentUrl\":\"https:\\\/\\\/radiohuancayo.com.pe\\\/wp54\\\/wp-content\\\/uploads\\\/2024\\\/09\\\/sp_5.jpg\",\"width\":1200,\"height\":630},{\"@type\":\"BreadcrumbList\",\"@id\":\"https:\\\/\\\/radiohuancayo.com.pe\\\/wp54\\\/seleccion-peruana-sub-17-ya-entrena-en-japon-pensando-en-amistosos\\\/#breadcrumb\",\"itemListElement\":[{\"@type\":\"ListItem\",\"position\":1,\"name\":\"Portada\",\"item\":\"https:\\\/\\\/radiohuancayo.com.pe\\\/wp54\\\/\"},{\"@type\":\"ListItem\",\"position\":2,\"name\":\"Selecci\u00f3n peruana Sub 17 ya entrena en Jap\u00f3n pensando en amistosos\"}]},{\"@type\":\"WebSite\",\"@id\":\"https:\\\/\\\/radiohuancayo.com.pe\\\/wp54\\\/#website\",\"url\":\"https:\\\/\\\/radiohuancayo.com.pe\\\/wp54\\\/\",\"name\":\"Radio Huancayo\",\"description\":\"me gusta!!!\",\"publisher\":{\"@id\":\"https:\\\/\\\/radiohuancayo.com.pe\\\/wp54\\\/#organization\"},\"potentialAction\":[{\"@type\":\"SearchAction\",\"target\":{\"@type\":\"EntryPoint\",\"urlTemplate\":\"https:\\\/\\\/radiohuancayo.com.pe\\\/wp54\\\/?s={search_term_string}\"},\"query-input\":{\"@type\":\"PropertyValueSpecification\",\"valueRequired\":true,\"valueName\":\"search_term_string\"}}],\"inLanguage\":\"es\"},{\"@type\":\"Organization\",\"@id\":\"https:\\\/\\\/radiohuancayo.com.pe\\\/wp54\\\/#organization\",\"name\":\"Radio Huancayo\",\"url\":\"https:\\\/\\\/radiohuancayo.com.pe\\\/wp54\\\/\",\"logo\":{\"@type\":\"ImageObject\",\"inLanguage\":\"es\",\"@id\":\"https:\\\/\\\/radiohuancayo.com.pe\\\/wp54\\\/#\\\/schema\\\/logo\\\/image\\\/\",\"url\":\"https:\\\/\\\/radiohuancayo.com.pe\\\/wp54\\\/wp-content\\\/uploads\\\/2022\\\/04\\\/CABE01.png\",\"contentUrl\":\"https:\\\/\\\/radiohuancayo.com.pe\\\/wp54\\\/wp-content\\\/uploads\\\/2022\\\/04\\\/CABE01.png\",\"width\":1640,\"height\":300,\"caption\":\"Radio Huancayo\"},\"image\":{\"@id\":\"https:\\\/\\\/radiohuancayo.com.pe\\\/wp54\\\/#\\\/schema\\\/logo\\\/image\\\/\"}},{\"@type\":\"Person\",\"@id\":\"https:\\\/\\\/radiohuancayo.com.pe\\\/wp54\\\/#\\\/schema\\\/person\\\/74fb124dee9900c6f4d0535fa1d2b5ae\",\"name\":\"Michel Sanchez\",\"image\":{\"@type\":\"ImageObject\",\"inLanguage\":\"es\",\"@id\":\"https:\\\/\\\/secure.gravatar.com\\\/avatar\\\/f7f6944c01b3f15a174d0cf055aea75c46697913fc8a9cf5c3cf3e8800c645f6?s=96&d=mm&r=g\",\"url\":\"https:\\\/\\\/secure.gravatar.com\\\/avatar\\\/f7f6944c01b3f15a174d0cf055aea75c46697913fc8a9cf5c3cf3e8800c645f6?s=96&d=mm&r=g\",\"contentUrl\":\"https:\\\/\\\/secure.gravatar.com\\\/avatar\\\/f7f6944c01b3f15a174d0cf055aea75c46697913fc8a9cf5c3cf3e8800c645f6?s=96&d=mm&r=g\",\"caption\":\"Michel Sanchez\"},\"url\":\"https:\\\/\\\/radiohuancayo.com.pe\\\/wp54\\\/author\\\/memoris\\\/\"}]}<\/script>\n<!-- \/ Yoast SEO plugin. -->","yoast_head_json":{"title":"Selecci\u00f3n peruana Sub 17 ya entrena en Jap\u00f3n pensando en amistosos - Radio Huancayo","robots":{"index":"index","follow":"follow","max-snippet":"max-snippet:-1","max-image-preview":"max-image-preview:large","max-video-preview":"max-video-preview:-1"},"canonical":"https:\/\/radiohuancayo.com.pe\/wp54\/seleccion-peruana-sub-17-ya-entrena-en-japon-pensando-en-amistosos\/","og_locale":"es_ES","og_type":"article","og_title":"Selecci\u00f3n peruana Sub 17 ya entrena en Jap\u00f3n pensando en amistosos - Radio Huancayo","og_description":"a selecci\u00f3n peruana Sub 17 ya se encuentra en Jap\u00f3n. La bicolor tuvo su primer entrenamiento en el pa\u00eds nip\u00f3n pensando en sus siguientes tres amistosos en tierras asi\u00e1ticas. El plantel comandado por el entrenador Pablo Zegarra se encuentra trabajando en el complejo deportivo Denka Swan Field preparando todo para su primer choque. Per\u00fa enfrentar\u00e1 primero a Jap\u00f3n este jueves en la ciudad de Niigata, y el s\u00e1bado 14 enfrentar\u00e1 al combinado de la localidad. Cerrar\u00e1 su preparaci\u00f3n frente a Estados Unidos el lunes 16. Recordemos que el Conmebol Sudamericano se desarrollar\u00e1 en octubre en Bolivia.&nbsp;","og_url":"https:\/\/radiohuancayo.com.pe\/wp54\/seleccion-peruana-sub-17-ya-entrena-en-japon-pensando-en-amistosos\/","og_site_name":"Radio Huancayo","article_published_time":"2024-09-11T21:54:00+00:00","og_image":[{"width":1200,"height":630,"url":"https:\/\/radiohuancayo.com.pe\/wp54\/wp-content\/uploads\/2024\/09\/sp_5.jpg","type":"image\/jpeg"}],"author":"Michel Sanchez","twitter_card":"summary_large_image","twitter_misc":{"Escrito por":"Michel Sanchez","Tiempo de lectura":"1 minuto"},"schema":{"@context":"https:\/\/schema.org","@graph":[{"@type":"Article","@id":"https:\/\/radiohuancayo.com.pe\/wp54\/seleccion-peruana-sub-17-ya-entrena-en-japon-pensando-en-amistosos\/#article","isPartOf":{"@id":"https:\/\/radiohuancayo.com.pe\/wp54\/seleccion-peruana-sub-17-ya-entrena-en-japon-pensando-en-amistosos\/"},"author":{"name":"Michel Sanchez","@id":"https:\/\/radiohuancayo.com.pe\/wp54\/#\/schema\/person\/74fb124dee9900c6f4d0535fa1d2b5ae"},"headline":"Selecci\u00f3n peruana Sub 17 ya entrena en Jap\u00f3n pensando en amistosos","datePublished":"2024-09-11T21:54:00+00:00","mainEntityOfPage":{"@id":"https:\/\/radiohuancayo.com.pe\/wp54\/seleccion-peruana-sub-17-ya-entrena-en-japon-pensando-en-amistosos\/"},"wordCount":114,"commentCount":0,"publisher":{"@id":"https:\/\/radiohuancayo.com.pe\/wp54\/#organization"},"image":{"@id":"https:\/\/radiohuancayo.com.pe\/wp54\/seleccion-peruana-sub-17-ya-entrena-en-japon-pensando-en-amistosos\/#primaryimage"},"thumbnailUrl":"https:\/\/radiohuancayo.com.pe\/wp54\/wp-content\/uploads\/2024\/09\/sp_5.jpg","articleSection":["Deportes"],"inLanguage":"es","potentialAction":[{"@type":"CommentAction","name":"Comment","target":["https:\/\/radiohuancayo.com.pe\/wp54\/seleccion-peruana-sub-17-ya-entrena-en-japon-pensando-en-amistosos\/#respond"]}]},{"@type":"WebPage","@id":"https:\/\/radiohuancayo.com.pe\/wp54\/seleccion-peruana-sub-17-ya-entrena-en-japon-pensando-en-amistosos\/","url":"https:\/\/radiohuancayo.com.pe\/wp54\/seleccion-peruana-sub-17-ya-entrena-en-japon-pensando-en-amistosos\/","name":"Selecci\u00f3n peruana Sub 17 ya entrena en Jap\u00f3n pensando en amistosos - Radio Huancayo","isPartOf":{"@id":"https:\/\/radiohuancayo.com.pe\/wp54\/#website"},"primaryImageOfPage":{"@id":"https:\/\/radiohuancayo.com.pe\/wp54\/seleccion-peruana-sub-17-ya-entrena-en-japon-pensando-en-amistosos\/#primaryimage"},"image":{"@id":"https:\/\/radiohuancayo.com.pe\/wp54\/seleccion-peruana-sub-17-ya-entrena-en-japon-pensando-en-amistosos\/#primaryimage"},"thumbnailUrl":"https:\/\/radiohuancayo.com.pe\/wp54\/wp-content\/uploads\/2024\/09\/sp_5.jpg","datePublished":"2024-09-11T21:54:00+00:00","breadcrumb":{"@id":"https:\/\/radiohuancayo.com.pe\/wp54\/seleccion-peruana-sub-17-ya-entrena-en-japon-pensando-en-amistosos\/#breadcrumb"},"inLanguage":"es","potentialAction":[{"@type":"ReadAction","target":["https:\/\/radiohuancayo.com.pe\/wp54\/seleccion-peruana-sub-17-ya-entrena-en-japon-pensando-en-amistosos\/"]}]},{"@type":"ImageObject","inLanguage":"es","@id":"https:\/\/radiohuancayo.com.pe\/wp54\/seleccion-peruana-sub-17-ya-entrena-en-japon-pensando-en-amistosos\/#primaryimage","url":"https:\/\/radiohuancayo.com.pe\/wp54\/wp-content\/uploads\/2024\/09\/sp_5.jpg","contentUrl":"https:\/\/radiohuancayo.com.pe\/wp54\/wp-content\/uploads\/2024\/09\/sp_5.jpg","width":1200,"height":630},{"@type":"BreadcrumbList","@id":"https:\/\/radiohuancayo.com.pe\/wp54\/seleccion-peruana-sub-17-ya-entrena-en-japon-pensando-en-amistosos\/#breadcrumb","itemListElement":[{"@type":"ListItem","position":1,"name":"Portada","item":"https:\/\/radiohuancayo.com.pe\/wp54\/"},{"@type":"ListItem","position":2,"name":"Selecci\u00f3n peruana Sub 17 ya entrena en Jap\u00f3n pensando en amistosos"}]},{"@type":"WebSite","@id":"https:\/\/radiohuancayo.com.pe\/wp54\/#website","url":"https:\/\/radiohuancayo.com.pe\/wp54\/","name":"Radio Huancayo","description":"me gusta!!!","publisher":{"@id":"https:\/\/radiohuancayo.com.pe\/wp54\/#organization"},"potentialAction":[{"@type":"SearchAction","target":{"@type":"EntryPoint","urlTemplate":"https:\/\/radiohuancayo.com.pe\/wp54\/?s={search_term_string}"},"query-input":{"@type":"PropertyValueSpecification","valueRequired":true,"valueName":"search_term_string"}}],"inLanguage":"es"},{"@type":"Organization","@id":"https:\/\/radiohuancayo.com.pe\/wp54\/#organization","name":"Radio Huancayo","url":"https:\/\/radiohuancayo.com.pe\/wp54\/","logo":{"@type":"ImageObject","inLanguage":"es","@id":"https:\/\/radiohuancayo.com.pe\/wp54\/#\/schema\/logo\/image\/","url":"https:\/\/radiohuancayo.com.pe\/wp54\/wp-content\/uploads\/2022\/04\/CABE01.png","contentUrl":"https:\/\/radiohuancayo.com.pe\/wp54\/wp-content\/uploads\/2022\/04\/CABE01.png","width":1640,"height":300,"caption":"Radio Huancayo"},"image":{"@id":"https:\/\/radiohuancayo.com.pe\/wp54\/#\/schema\/logo\/image\/"}},{"@type":"Person","@id":"https:\/\/radiohuancayo.com.pe\/wp54\/#\/schema\/person\/74fb124dee9900c6f4d0535fa1d2b5ae","name":"Michel Sanchez","image":{"@type":"ImageObject","inLanguage":"es","@id":"https:\/\/secure.gravatar.com\/avatar\/f7f6944c01b3f15a174d0cf055aea75c46697913fc8a9cf5c3cf3e8800c645f6?s=96&d=mm&r=g","url":"https:\/\/secure.gravatar.com\/avatar\/f7f6944c01b3f15a174d0cf055aea75c46697913fc8a9cf5c3cf3e8800c645f6?s=96&d=mm&r=g","contentUrl":"https:\/\/secure.gravatar.com\/avatar\/f7f6944c01b3f15a174d0cf055aea75c46697913fc8a9cf5c3cf3e8800c645f6?s=96&d=mm&r=g","caption":"Michel Sanchez"},"url":"https:\/\/radiohuancayo.com.pe\/wp54\/author\/memoris\/"}]}},"_links":{"self":[{"href":"https:\/\/radiohuancayo.com.pe\/wp54\/wp-json\/wp\/v2\/posts\/28329","targetHints":{"allow":["GET"]}}],"collection":[{"href":"https:\/\/radiohuancayo.com.pe\/wp54\/wp-json\/wp\/v2\/posts"}],"about":[{"href":"https:\/\/radiohuancayo.com.pe\/wp54\/wp-json\/wp\/v2\/types\/post"}],"author":[{"embeddable":true,"href":"https:\/\/radiohuancayo.com.pe\/wp54\/wp-json\/wp\/v2\/users\/2"}],"replies":[{"embeddable":true,"href":"https:\/\/radiohuancayo.com.pe\/wp54\/wp-json\/wp\/v2\/comments?post=28329"}],"version-history":[{"count":1,"href":"https:\/\/radiohuancayo.com.pe\/wp54\/wp-json\/wp\/v2\/posts\/28329\/revisions"}],"predecessor-version":[{"id":28331,"href":"https:\/\/radiohuancayo.com.pe\/wp54\/wp-json\/wp\/v2\/posts\/28329\/revisions\/28331"}],"wp:featuredmedia":[{"embeddable":true,"href":"https:\/\/radiohuancayo.com.pe\/wp54\/wp-json\/wp\/v2\/media\/28330"}],"wp:attachment":[{"href":"https:\/\/radiohuancayo.com.pe\/wp54\/wp-json\/wp\/v2\/media?parent=28329"}],"wp:term":[{"taxonomy":"category","embeddable":true,"href":"https:\/\/radiohuancayo.com.pe\/wp54\/wp-json\/wp\/v2\/categories?post=28329"},{"taxonomy":"post_tag","embeddable":true,"href":"https:\/\/radiohuancayo.com.pe\/wp54\/wp-json\/wp\/v2\/tags?post=28329"}],"curies":[{"name":"wp","href":"https:\/\/api.w.org\/{rel}","templated":true}]}}