{"id":28338,"date":"2024-09-11T17:04:06","date_gmt":"2024-09-11T22:04:06","guid":{"rendered":"https:\/\/radiohuancayo.com.pe\/wp54\/?p=28338"},"modified":"2024-09-11T17:04:06","modified_gmt":"2024-09-11T22:04:06","slug":"peru-sufre-impactante-caida-en-el-ranking-fifa-y-tiene-nuevo-puesto-tras-las-eliminatorias","status":"publish","type":"post","link":"https:\/\/radiohuancayo.com.pe\/wp54\/peru-sufre-impactante-caida-en-el-ranking-fifa-y-tiene-nuevo-puesto-tras-las-eliminatorias\/","title":{"rendered":"Per\u00fa sufre IMPACTANTE CA\u00cdDA en el ranking FIFA y tiene nuevo puesto tras las Eliminatorias"},"content":{"rendered":"\n<p>La selecci\u00f3n peruana no logr\u00f3 conseguir los resultados esperados en esta fecha doble de Eliminatorias de septiembre. La Bicolor igual\u00f3 1-1 ante Colombia y cay\u00f3 2-1 frente a Ecuador en la altura de Quito, por lo que todo este duro momento se vio reflejado en el ranking FIFA.<\/p>\n\n\n\n<p>A falta de oficializaci\u00f3n por parte del ente m\u00e1ximo del f\u00fatbol, se pudo conocer los movimientos en la tradicional lista que va calificando a cada una de las selecciones que compiten en sus respectivas Confederaciones. Tal es el caso de Sudam\u00e9rica con Conmebol, quien acaba de culminar dos jornadas m\u00e1s de Eliminatorias.<\/p>\n\n\n\n<p>Seg\u00fan pudo notificar el periodista Gian Franco Zelaya, la selecci\u00f3n peruana caer\u00e1 un puesto en el ranking FIFA tras no sumar victorias frente a Colombia y Ecuador. De esta manera, la Bicolor estar\u00e1 en la casilla 43 y como la s\u00e9ptima de Conmebol entre los 10 que conforman dicha Confederaci\u00f3n.<\/p>\n\n\n\n<h2 class=\"wp-block-heading\">Ranking FIFA de los equipos Conmebol<\/h2>\n\n\n\n<p>As\u00ed quedar\u00e1 el ranking FIFA de los equipos de la Conmebol tras la fecha doble de Eliminatorias en septiembre:<\/p>\n\n\n\n<figure class=\"wp-block-table\"><table class=\"has-fixed-layout\"><tbody><tr><td>PUESTO RANKING FIFA<\/td><td>PA\u00cdS<\/td><\/tr><tr><td>1\u00b0<\/td><td>Argentina<\/td><\/tr><tr><td>5\u00b0<\/td><td>Brasil<\/td><\/tr><tr><td>9\u00b0<\/td><td>Colombia<\/td><\/tr><tr><td>11\u00b0<\/td><td>Uruguay<\/td><\/tr><tr><td>27\u00b0<\/td><td>Ecuador<\/td><\/tr><tr><td>40\u00b0<\/td><td>Venezuela<\/td><\/tr><tr><td>43\u00b0<\/td><td>Per\u00fa<\/td><\/tr><tr><td>49\u00b0<\/td><td>Chile<\/td><\/tr><tr><td>57\u00b0<\/td><td>Paraguay<\/td><\/tr><tr><td>83\u00b0<\/td><td>Bolivia<\/td><\/tr><\/tbody><\/table><\/figure>\n\n\n\n<h2 class=\"wp-block-heading\">Bolivia es la selecci\u00f3n que m\u00e1s puestos escal\u00f3<\/h2>\n\n\n\n<p>Tras sumar seis de seis en esta fecha doble de Eliminatorias, la selecci\u00f3n boliviana subir\u00e1 seis puestos en el ranking FIFA para orgullo de sus hinchas. Pese a ser la \u00faltima del ranking Conmebol, hay un gran m\u00e9rito para La Verde por sus recientes victoria a Venezuela y Chile.<\/p>\n\n\n\n<h2 class=\"wp-block-heading\">\u00bfCu\u00e1ndo se publicar\u00e1 el ranking FIFA oficial?<\/h2>\n\n\n\n<p>La actualizaci\u00f3n del ranking FIFA con todos los partidos disputados en la \u00faltima semana ser\u00e1 el jueves 18 de septiembre. El ente del f\u00fatbol comunicar\u00e1 al detalle todo lo mencionado en p\u00e1rrafos anteriores.<\/p>\n","protected":false},"excerpt":{"rendered":"<p>La selecci\u00f3n peruana no logr\u00f3 conseguir los resultados esperados en esta fecha doble de Eliminatorias de septiembre. La Bicolor igual\u00f3 1-1 ante Colombia y cay\u00f3 2-1 frente a Ecuador en la altura de Quito, por lo que todo este duro momento se vio reflejado en el ranking FIFA. A falta de oficializaci\u00f3n por parte del ente m\u00e1ximo del f\u00fatbol, se pudo conocer los movimientos en la tradicional lista que va calificando a cada una de las selecciones que compiten en sus respectivas Confederaciones. Tal es el caso de Sudam\u00e9rica con Conmebol, quien acaba de culminar dos jornadas m\u00e1s de Eliminatorias. Seg\u00fan pudo notificar el periodista Gian Franco Zelaya, la selecci\u00f3n peruana caer\u00e1 un puesto en el ranking FIFA tras no sumar victorias frente a Colombia y Ecuador. De esta manera, la Bicolor estar\u00e1 en la casilla 43 y como la s\u00e9ptima de Conmebol entre los 10 que conforman dicha Confederaci\u00f3n. Ranking FIFA de los equipos Conmebol As\u00ed quedar\u00e1 el ranking FIFA de los equipos de la Conmebol tras la fecha doble de Eliminatorias en septiembre: PUESTO RANKING FIFA PA\u00cdS 1\u00b0 Argentina 5\u00b0 Brasil 9\u00b0 Colombia 11\u00b0 Uruguay 27\u00b0 Ecuador 40\u00b0 Venezuela 43\u00b0 Per\u00fa 49\u00b0 Chile 57\u00b0 Paraguay 83\u00b0 Bolivia Bolivia es la selecci\u00f3n que m\u00e1s puestos escal\u00f3 Tras sumar seis de seis en esta fecha doble de Eliminatorias, la selecci\u00f3n boliviana subir\u00e1 seis puestos en el ranking FIFA para orgullo de sus hinchas. Pese a ser la \u00faltima del ranking Conmebol, hay un gran m\u00e9rito para La Verde por sus recientes victoria a Venezuela y Chile. \u00bfCu\u00e1ndo se publicar\u00e1 el ranking FIFA oficial? La actualizaci\u00f3n del ranking FIFA con todos los partidos disputados en la \u00faltima semana ser\u00e1 el jueves 18 de septiembre. El ente del f\u00fatbol comunicar\u00e1 al detalle todo lo mencionado en p\u00e1rrafos anteriores.<\/p>\n","protected":false},"author":2,"featured_media":28339,"comment_status":"open","ping_status":"open","sticky":false,"template":"","format":"standard","meta":{"footnotes":""},"categories":[7],"tags":[],"class_list":["post-28338","post","type-post","status-publish","format-standard","has-post-thumbnail","hentry","category-deportes"],"yoast_head":"<!-- This site is optimized with the Yoast SEO plugin v27.5 - https:\/\/yoast.com\/product\/yoast-seo-wordpress\/ -->\n<title>Per\u00fa sufre IMPACTANTE CA\u00cdDA en el ranking FIFA y tiene nuevo puesto tras las Eliminatorias - Radio Huancayo<\/title>\n<meta name=\"robots\" content=\"index, follow, max-snippet:-1, max-image-preview:large, max-video-preview:-1\" \/>\n<link rel=\"canonical\" href=\"https:\/\/radiohuancayo.com.pe\/wp54\/peru-sufre-impactante-caida-en-el-ranking-fifa-y-tiene-nuevo-puesto-tras-las-eliminatorias\/\" \/>\n<meta property=\"og:locale\" content=\"es_ES\" \/>\n<meta property=\"og:type\" content=\"article\" \/>\n<meta property=\"og:title\" content=\"Per\u00fa sufre IMPACTANTE CA\u00cdDA en el ranking FIFA y tiene nuevo puesto tras las Eliminatorias - Radio Huancayo\" \/>\n<meta property=\"og:description\" content=\"La selecci\u00f3n peruana no logr\u00f3 conseguir los resultados esperados en esta fecha doble de Eliminatorias de septiembre. La Bicolor igual\u00f3 1-1 ante Colombia y cay\u00f3 2-1 frente a Ecuador en la altura de Quito, por lo que todo este duro momento se vio reflejado en el ranking FIFA. A falta de oficializaci\u00f3n por parte del ente m\u00e1ximo del f\u00fatbol, se pudo conocer los movimientos en la tradicional lista que va calificando a cada una de las selecciones que compiten en sus respectivas Confederaciones. Tal es el caso de Sudam\u00e9rica con Conmebol, quien acaba de culminar dos jornadas m\u00e1s de Eliminatorias. Seg\u00fan pudo notificar el periodista Gian Franco Zelaya, la selecci\u00f3n peruana caer\u00e1 un puesto en el ranking FIFA tras no sumar victorias frente a Colombia y Ecuador. De esta manera, la Bicolor estar\u00e1 en la casilla 43 y como la s\u00e9ptima de Conmebol entre los 10 que conforman dicha Confederaci\u00f3n. Ranking FIFA de los equipos Conmebol As\u00ed quedar\u00e1 el ranking FIFA de los equipos de la Conmebol tras la fecha doble de Eliminatorias en septiembre: PUESTO RANKING FIFA PA\u00cdS 1\u00b0 Argentina 5\u00b0 Brasil 9\u00b0 Colombia 11\u00b0 Uruguay 27\u00b0 Ecuador 40\u00b0 Venezuela 43\u00b0 Per\u00fa 49\u00b0 Chile 57\u00b0 Paraguay 83\u00b0 Bolivia Bolivia es la selecci\u00f3n que m\u00e1s puestos escal\u00f3 Tras sumar seis de seis en esta fecha doble de Eliminatorias, la selecci\u00f3n boliviana subir\u00e1 seis puestos en el ranking FIFA para orgullo de sus hinchas. Pese a ser la \u00faltima del ranking Conmebol, hay un gran m\u00e9rito para La Verde por sus recientes victoria a Venezuela y Chile. \u00bfCu\u00e1ndo se publicar\u00e1 el ranking FIFA oficial? La actualizaci\u00f3n del ranking FIFA con todos los partidos disputados en la \u00faltima semana ser\u00e1 el jueves 18 de septiembre. El ente del f\u00fatbol comunicar\u00e1 al detalle todo lo mencionado en p\u00e1rrafos anteriores.\" \/>\n<meta property=\"og:url\" content=\"https:\/\/radiohuancayo.com.pe\/wp54\/peru-sufre-impactante-caida-en-el-ranking-fifa-y-tiene-nuevo-puesto-tras-las-eliminatorias\/\" \/>\n<meta property=\"og:site_name\" content=\"Radio Huancayo\" \/>\n<meta property=\"article:published_time\" content=\"2024-09-11T22:04:06+00:00\" \/>\n<meta property=\"og:image\" content=\"https:\/\/radiohuancayo.com.pe\/wp54\/wp-content\/uploads\/2024\/09\/66e1e506b90789431400e0d2.webp\" \/>\n\t<meta property=\"og:image:width\" content=\"652\" \/>\n\t<meta property=\"og:image:height\" content=\"358\" \/>\n\t<meta property=\"og:image:type\" content=\"image\/webp\" \/>\n<meta name=\"author\" content=\"Michel Sanchez\" \/>\n<meta name=\"twitter:card\" content=\"summary_large_image\" \/>\n<meta name=\"twitter:label1\" content=\"Escrito por\" \/>\n\t<meta name=\"twitter:data1\" content=\"Michel Sanchez\" \/>\n\t<meta name=\"twitter:label2\" content=\"Tiempo de lectura\" \/>\n\t<meta name=\"twitter:data2\" content=\"2 minutos\" \/>\n<script type=\"application\/ld+json\" class=\"yoast-schema-graph\">{\"@context\":\"https:\\\/\\\/schema.org\",\"@graph\":[{\"@type\":\"Article\",\"@id\":\"https:\\\/\\\/radiohuancayo.com.pe\\\/wp54\\\/peru-sufre-impactante-caida-en-el-ranking-fifa-y-tiene-nuevo-puesto-tras-las-eliminatorias\\\/#article\",\"isPartOf\":{\"@id\":\"https:\\\/\\\/radiohuancayo.com.pe\\\/wp54\\\/peru-sufre-impactante-caida-en-el-ranking-fifa-y-tiene-nuevo-puesto-tras-las-eliminatorias\\\/\"},\"author\":{\"name\":\"Michel Sanchez\",\"@id\":\"https:\\\/\\\/radiohuancayo.com.pe\\\/wp54\\\/#\\\/schema\\\/person\\\/74fb124dee9900c6f4d0535fa1d2b5ae\"},\"headline\":\"Per\u00fa sufre IMPACTANTE CA\u00cdDA en el ranking FIFA y tiene nuevo puesto tras las Eliminatorias\",\"datePublished\":\"2024-09-11T22:04:06+00:00\",\"mainEntityOfPage\":{\"@id\":\"https:\\\/\\\/radiohuancayo.com.pe\\\/wp54\\\/peru-sufre-impactante-caida-en-el-ranking-fifa-y-tiene-nuevo-puesto-tras-las-eliminatorias\\\/\"},\"wordCount\":318,\"commentCount\":0,\"publisher\":{\"@id\":\"https:\\\/\\\/radiohuancayo.com.pe\\\/wp54\\\/#organization\"},\"image\":{\"@id\":\"https:\\\/\\\/radiohuancayo.com.pe\\\/wp54\\\/peru-sufre-impactante-caida-en-el-ranking-fifa-y-tiene-nuevo-puesto-tras-las-eliminatorias\\\/#primaryimage\"},\"thumbnailUrl\":\"https:\\\/\\\/radiohuancayo.com.pe\\\/wp54\\\/wp-content\\\/uploads\\\/2024\\\/09\\\/66e1e506b90789431400e0d2.webp\",\"articleSection\":[\"Deportes\"],\"inLanguage\":\"es\",\"potentialAction\":[{\"@type\":\"CommentAction\",\"name\":\"Comment\",\"target\":[\"https:\\\/\\\/radiohuancayo.com.pe\\\/wp54\\\/peru-sufre-impactante-caida-en-el-ranking-fifa-y-tiene-nuevo-puesto-tras-las-eliminatorias\\\/#respond\"]}]},{\"@type\":\"WebPage\",\"@id\":\"https:\\\/\\\/radiohuancayo.com.pe\\\/wp54\\\/peru-sufre-impactante-caida-en-el-ranking-fifa-y-tiene-nuevo-puesto-tras-las-eliminatorias\\\/\",\"url\":\"https:\\\/\\\/radiohuancayo.com.pe\\\/wp54\\\/peru-sufre-impactante-caida-en-el-ranking-fifa-y-tiene-nuevo-puesto-tras-las-eliminatorias\\\/\",\"name\":\"Per\u00fa sufre IMPACTANTE CA\u00cdDA en el ranking FIFA y tiene nuevo puesto tras las Eliminatorias - Radio Huancayo\",\"isPartOf\":{\"@id\":\"https:\\\/\\\/radiohuancayo.com.pe\\\/wp54\\\/#website\"},\"primaryImageOfPage\":{\"@id\":\"https:\\\/\\\/radiohuancayo.com.pe\\\/wp54\\\/peru-sufre-impactante-caida-en-el-ranking-fifa-y-tiene-nuevo-puesto-tras-las-eliminatorias\\\/#primaryimage\"},\"image\":{\"@id\":\"https:\\\/\\\/radiohuancayo.com.pe\\\/wp54\\\/peru-sufre-impactante-caida-en-el-ranking-fifa-y-tiene-nuevo-puesto-tras-las-eliminatorias\\\/#primaryimage\"},\"thumbnailUrl\":\"https:\\\/\\\/radiohuancayo.com.pe\\\/wp54\\\/wp-content\\\/uploads\\\/2024\\\/09\\\/66e1e506b90789431400e0d2.webp\",\"datePublished\":\"2024-09-11T22:04:06+00:00\",\"breadcrumb\":{\"@id\":\"https:\\\/\\\/radiohuancayo.com.pe\\\/wp54\\\/peru-sufre-impactante-caida-en-el-ranking-fifa-y-tiene-nuevo-puesto-tras-las-eliminatorias\\\/#breadcrumb\"},\"inLanguage\":\"es\",\"potentialAction\":[{\"@type\":\"ReadAction\",\"target\":[\"https:\\\/\\\/radiohuancayo.com.pe\\\/wp54\\\/peru-sufre-impactante-caida-en-el-ranking-fifa-y-tiene-nuevo-puesto-tras-las-eliminatorias\\\/\"]}]},{\"@type\":\"ImageObject\",\"inLanguage\":\"es\",\"@id\":\"https:\\\/\\\/radiohuancayo.com.pe\\\/wp54\\\/peru-sufre-impactante-caida-en-el-ranking-fifa-y-tiene-nuevo-puesto-tras-las-eliminatorias\\\/#primaryimage\",\"url\":\"https:\\\/\\\/radiohuancayo.com.pe\\\/wp54\\\/wp-content\\\/uploads\\\/2024\\\/09\\\/66e1e506b90789431400e0d2.webp\",\"contentUrl\":\"https:\\\/\\\/radiohuancayo.com.pe\\\/wp54\\\/wp-content\\\/uploads\\\/2024\\\/09\\\/66e1e506b90789431400e0d2.webp\",\"width\":652,\"height\":358},{\"@type\":\"BreadcrumbList\",\"@id\":\"https:\\\/\\\/radiohuancayo.com.pe\\\/wp54\\\/peru-sufre-impactante-caida-en-el-ranking-fifa-y-tiene-nuevo-puesto-tras-las-eliminatorias\\\/#breadcrumb\",\"itemListElement\":[{\"@type\":\"ListItem\",\"position\":1,\"name\":\"Portada\",\"item\":\"https:\\\/\\\/radiohuancayo.com.pe\\\/wp54\\\/\"},{\"@type\":\"ListItem\",\"position\":2,\"name\":\"Per\u00fa sufre IMPACTANTE CA\u00cdDA en el ranking FIFA y tiene nuevo puesto tras las Eliminatorias\"}]},{\"@type\":\"WebSite\",\"@id\":\"https:\\\/\\\/radiohuancayo.com.pe\\\/wp54\\\/#website\",\"url\":\"https:\\\/\\\/radiohuancayo.com.pe\\\/wp54\\\/\",\"name\":\"Radio Huancayo\",\"description\":\"me gusta!!!\",\"publisher\":{\"@id\":\"https:\\\/\\\/radiohuancayo.com.pe\\\/wp54\\\/#organization\"},\"potentialAction\":[{\"@type\":\"SearchAction\",\"target\":{\"@type\":\"EntryPoint\",\"urlTemplate\":\"https:\\\/\\\/radiohuancayo.com.pe\\\/wp54\\\/?s={search_term_string}\"},\"query-input\":{\"@type\":\"PropertyValueSpecification\",\"valueRequired\":true,\"valueName\":\"search_term_string\"}}],\"inLanguage\":\"es\"},{\"@type\":\"Organization\",\"@id\":\"https:\\\/\\\/radiohuancayo.com.pe\\\/wp54\\\/#organization\",\"name\":\"Radio Huancayo\",\"url\":\"https:\\\/\\\/radiohuancayo.com.pe\\\/wp54\\\/\",\"logo\":{\"@type\":\"ImageObject\",\"inLanguage\":\"es\",\"@id\":\"https:\\\/\\\/radiohuancayo.com.pe\\\/wp54\\\/#\\\/schema\\\/logo\\\/image\\\/\",\"url\":\"https:\\\/\\\/radiohuancayo.com.pe\\\/wp54\\\/wp-content\\\/uploads\\\/2022\\\/04\\\/CABE01.png\",\"contentUrl\":\"https:\\\/\\\/radiohuancayo.com.pe\\\/wp54\\\/wp-content\\\/uploads\\\/2022\\\/04\\\/CABE01.png\",\"width\":1640,\"height\":300,\"caption\":\"Radio Huancayo\"},\"image\":{\"@id\":\"https:\\\/\\\/radiohuancayo.com.pe\\\/wp54\\\/#\\\/schema\\\/logo\\\/image\\\/\"}},{\"@type\":\"Person\",\"@id\":\"https:\\\/\\\/radiohuancayo.com.pe\\\/wp54\\\/#\\\/schema\\\/person\\\/74fb124dee9900c6f4d0535fa1d2b5ae\",\"name\":\"Michel Sanchez\",\"image\":{\"@type\":\"ImageObject\",\"inLanguage\":\"es\",\"@id\":\"https:\\\/\\\/secure.gravatar.com\\\/avatar\\\/f7f6944c01b3f15a174d0cf055aea75c46697913fc8a9cf5c3cf3e8800c645f6?s=96&d=mm&r=g\",\"url\":\"https:\\\/\\\/secure.gravatar.com\\\/avatar\\\/f7f6944c01b3f15a174d0cf055aea75c46697913fc8a9cf5c3cf3e8800c645f6?s=96&d=mm&r=g\",\"contentUrl\":\"https:\\\/\\\/secure.gravatar.com\\\/avatar\\\/f7f6944c01b3f15a174d0cf055aea75c46697913fc8a9cf5c3cf3e8800c645f6?s=96&d=mm&r=g\",\"caption\":\"Michel Sanchez\"},\"url\":\"https:\\\/\\\/radiohuancayo.com.pe\\\/wp54\\\/author\\\/memoris\\\/\"}]}<\/script>\n<!-- \/ Yoast SEO plugin. -->","yoast_head_json":{"title":"Per\u00fa sufre IMPACTANTE CA\u00cdDA en el ranking FIFA y tiene nuevo puesto tras las Eliminatorias - Radio Huancayo","robots":{"index":"index","follow":"follow","max-snippet":"max-snippet:-1","max-image-preview":"max-image-preview:large","max-video-preview":"max-video-preview:-1"},"canonical":"https:\/\/radiohuancayo.com.pe\/wp54\/peru-sufre-impactante-caida-en-el-ranking-fifa-y-tiene-nuevo-puesto-tras-las-eliminatorias\/","og_locale":"es_ES","og_type":"article","og_title":"Per\u00fa sufre IMPACTANTE CA\u00cdDA en el ranking FIFA y tiene nuevo puesto tras las Eliminatorias - Radio Huancayo","og_description":"La selecci\u00f3n peruana no logr\u00f3 conseguir los resultados esperados en esta fecha doble de Eliminatorias de septiembre. La Bicolor igual\u00f3 1-1 ante Colombia y cay\u00f3 2-1 frente a Ecuador en la altura de Quito, por lo que todo este duro momento se vio reflejado en el ranking FIFA. A falta de oficializaci\u00f3n por parte del ente m\u00e1ximo del f\u00fatbol, se pudo conocer los movimientos en la tradicional lista que va calificando a cada una de las selecciones que compiten en sus respectivas Confederaciones. Tal es el caso de Sudam\u00e9rica con Conmebol, quien acaba de culminar dos jornadas m\u00e1s de Eliminatorias. Seg\u00fan pudo notificar el periodista Gian Franco Zelaya, la selecci\u00f3n peruana caer\u00e1 un puesto en el ranking FIFA tras no sumar victorias frente a Colombia y Ecuador. De esta manera, la Bicolor estar\u00e1 en la casilla 43 y como la s\u00e9ptima de Conmebol entre los 10 que conforman dicha Confederaci\u00f3n. Ranking FIFA de los equipos Conmebol As\u00ed quedar\u00e1 el ranking FIFA de los equipos de la Conmebol tras la fecha doble de Eliminatorias en septiembre: PUESTO RANKING FIFA PA\u00cdS 1\u00b0 Argentina 5\u00b0 Brasil 9\u00b0 Colombia 11\u00b0 Uruguay 27\u00b0 Ecuador 40\u00b0 Venezuela 43\u00b0 Per\u00fa 49\u00b0 Chile 57\u00b0 Paraguay 83\u00b0 Bolivia Bolivia es la selecci\u00f3n que m\u00e1s puestos escal\u00f3 Tras sumar seis de seis en esta fecha doble de Eliminatorias, la selecci\u00f3n boliviana subir\u00e1 seis puestos en el ranking FIFA para orgullo de sus hinchas. Pese a ser la \u00faltima del ranking Conmebol, hay un gran m\u00e9rito para La Verde por sus recientes victoria a Venezuela y Chile. \u00bfCu\u00e1ndo se publicar\u00e1 el ranking FIFA oficial? La actualizaci\u00f3n del ranking FIFA con todos los partidos disputados en la \u00faltima semana ser\u00e1 el jueves 18 de septiembre. El ente del f\u00fatbol comunicar\u00e1 al detalle todo lo mencionado en p\u00e1rrafos anteriores.","og_url":"https:\/\/radiohuancayo.com.pe\/wp54\/peru-sufre-impactante-caida-en-el-ranking-fifa-y-tiene-nuevo-puesto-tras-las-eliminatorias\/","og_site_name":"Radio Huancayo","article_published_time":"2024-09-11T22:04:06+00:00","og_image":[{"width":652,"height":358,"url":"https:\/\/radiohuancayo.com.pe\/wp54\/wp-content\/uploads\/2024\/09\/66e1e506b90789431400e0d2.webp","type":"image\/webp"}],"author":"Michel Sanchez","twitter_card":"summary_large_image","twitter_misc":{"Escrito por":"Michel Sanchez","Tiempo de lectura":"2 minutos"},"schema":{"@context":"https:\/\/schema.org","@graph":[{"@type":"Article","@id":"https:\/\/radiohuancayo.com.pe\/wp54\/peru-sufre-impactante-caida-en-el-ranking-fifa-y-tiene-nuevo-puesto-tras-las-eliminatorias\/#article","isPartOf":{"@id":"https:\/\/radiohuancayo.com.pe\/wp54\/peru-sufre-impactante-caida-en-el-ranking-fifa-y-tiene-nuevo-puesto-tras-las-eliminatorias\/"},"author":{"name":"Michel Sanchez","@id":"https:\/\/radiohuancayo.com.pe\/wp54\/#\/schema\/person\/74fb124dee9900c6f4d0535fa1d2b5ae"},"headline":"Per\u00fa sufre IMPACTANTE CA\u00cdDA en el ranking FIFA y tiene nuevo puesto tras las Eliminatorias","datePublished":"2024-09-11T22:04:06+00:00","mainEntityOfPage":{"@id":"https:\/\/radiohuancayo.com.pe\/wp54\/peru-sufre-impactante-caida-en-el-ranking-fifa-y-tiene-nuevo-puesto-tras-las-eliminatorias\/"},"wordCount":318,"commentCount":0,"publisher":{"@id":"https:\/\/radiohuancayo.com.pe\/wp54\/#organization"},"image":{"@id":"https:\/\/radiohuancayo.com.pe\/wp54\/peru-sufre-impactante-caida-en-el-ranking-fifa-y-tiene-nuevo-puesto-tras-las-eliminatorias\/#primaryimage"},"thumbnailUrl":"https:\/\/radiohuancayo.com.pe\/wp54\/wp-content\/uploads\/2024\/09\/66e1e506b90789431400e0d2.webp","articleSection":["Deportes"],"inLanguage":"es","potentialAction":[{"@type":"CommentAction","name":"Comment","target":["https:\/\/radiohuancayo.com.pe\/wp54\/peru-sufre-impactante-caida-en-el-ranking-fifa-y-tiene-nuevo-puesto-tras-las-eliminatorias\/#respond"]}]},{"@type":"WebPage","@id":"https:\/\/radiohuancayo.com.pe\/wp54\/peru-sufre-impactante-caida-en-el-ranking-fifa-y-tiene-nuevo-puesto-tras-las-eliminatorias\/","url":"https:\/\/radiohuancayo.com.pe\/wp54\/peru-sufre-impactante-caida-en-el-ranking-fifa-y-tiene-nuevo-puesto-tras-las-eliminatorias\/","name":"Per\u00fa sufre IMPACTANTE CA\u00cdDA en el ranking FIFA y tiene nuevo puesto tras las Eliminatorias - Radio Huancayo","isPartOf":{"@id":"https:\/\/radiohuancayo.com.pe\/wp54\/#website"},"primaryImageOfPage":{"@id":"https:\/\/radiohuancayo.com.pe\/wp54\/peru-sufre-impactante-caida-en-el-ranking-fifa-y-tiene-nuevo-puesto-tras-las-eliminatorias\/#primaryimage"},"image":{"@id":"https:\/\/radiohuancayo.com.pe\/wp54\/peru-sufre-impactante-caida-en-el-ranking-fifa-y-tiene-nuevo-puesto-tras-las-eliminatorias\/#primaryimage"},"thumbnailUrl":"https:\/\/radiohuancayo.com.pe\/wp54\/wp-content\/uploads\/2024\/09\/66e1e506b90789431400e0d2.webp","datePublished":"2024-09-11T22:04:06+00:00","breadcrumb":{"@id":"https:\/\/radiohuancayo.com.pe\/wp54\/peru-sufre-impactante-caida-en-el-ranking-fifa-y-tiene-nuevo-puesto-tras-las-eliminatorias\/#breadcrumb"},"inLanguage":"es","potentialAction":[{"@type":"ReadAction","target":["https:\/\/radiohuancayo.com.pe\/wp54\/peru-sufre-impactante-caida-en-el-ranking-fifa-y-tiene-nuevo-puesto-tras-las-eliminatorias\/"]}]},{"@type":"ImageObject","inLanguage":"es","@id":"https:\/\/radiohuancayo.com.pe\/wp54\/peru-sufre-impactante-caida-en-el-ranking-fifa-y-tiene-nuevo-puesto-tras-las-eliminatorias\/#primaryimage","url":"https:\/\/radiohuancayo.com.pe\/wp54\/wp-content\/uploads\/2024\/09\/66e1e506b90789431400e0d2.webp","contentUrl":"https:\/\/radiohuancayo.com.pe\/wp54\/wp-content\/uploads\/2024\/09\/66e1e506b90789431400e0d2.webp","width":652,"height":358},{"@type":"BreadcrumbList","@id":"https:\/\/radiohuancayo.com.pe\/wp54\/peru-sufre-impactante-caida-en-el-ranking-fifa-y-tiene-nuevo-puesto-tras-las-eliminatorias\/#breadcrumb","itemListElement":[{"@type":"ListItem","position":1,"name":"Portada","item":"https:\/\/radiohuancayo.com.pe\/wp54\/"},{"@type":"ListItem","position":2,"name":"Per\u00fa sufre IMPACTANTE CA\u00cdDA en el ranking FIFA y tiene nuevo puesto tras las Eliminatorias"}]},{"@type":"WebSite","@id":"https:\/\/radiohuancayo.com.pe\/wp54\/#website","url":"https:\/\/radiohuancayo.com.pe\/wp54\/","name":"Radio Huancayo","description":"me gusta!!!","publisher":{"@id":"https:\/\/radiohuancayo.com.pe\/wp54\/#organization"},"potentialAction":[{"@type":"SearchAction","target":{"@type":"EntryPoint","urlTemplate":"https:\/\/radiohuancayo.com.pe\/wp54\/?s={search_term_string}"},"query-input":{"@type":"PropertyValueSpecification","valueRequired":true,"valueName":"search_term_string"}}],"inLanguage":"es"},{"@type":"Organization","@id":"https:\/\/radiohuancayo.com.pe\/wp54\/#organization","name":"Radio Huancayo","url":"https:\/\/radiohuancayo.com.pe\/wp54\/","logo":{"@type":"ImageObject","inLanguage":"es","@id":"https:\/\/radiohuancayo.com.pe\/wp54\/#\/schema\/logo\/image\/","url":"https:\/\/radiohuancayo.com.pe\/wp54\/wp-content\/uploads\/2022\/04\/CABE01.png","contentUrl":"https:\/\/radiohuancayo.com.pe\/wp54\/wp-content\/uploads\/2022\/04\/CABE01.png","width":1640,"height":300,"caption":"Radio Huancayo"},"image":{"@id":"https:\/\/radiohuancayo.com.pe\/wp54\/#\/schema\/logo\/image\/"}},{"@type":"Person","@id":"https:\/\/radiohuancayo.com.pe\/wp54\/#\/schema\/person\/74fb124dee9900c6f4d0535fa1d2b5ae","name":"Michel Sanchez","image":{"@type":"ImageObject","inLanguage":"es","@id":"https:\/\/secure.gravatar.com\/avatar\/f7f6944c01b3f15a174d0cf055aea75c46697913fc8a9cf5c3cf3e8800c645f6?s=96&d=mm&r=g","url":"https:\/\/secure.gravatar.com\/avatar\/f7f6944c01b3f15a174d0cf055aea75c46697913fc8a9cf5c3cf3e8800c645f6?s=96&d=mm&r=g","contentUrl":"https:\/\/secure.gravatar.com\/avatar\/f7f6944c01b3f15a174d0cf055aea75c46697913fc8a9cf5c3cf3e8800c645f6?s=96&d=mm&r=g","caption":"Michel Sanchez"},"url":"https:\/\/radiohuancayo.com.pe\/wp54\/author\/memoris\/"}]}},"_links":{"self":[{"href":"https:\/\/radiohuancayo.com.pe\/wp54\/wp-json\/wp\/v2\/posts\/28338","targetHints":{"allow":["GET"]}}],"collection":[{"href":"https:\/\/radiohuancayo.com.pe\/wp54\/wp-json\/wp\/v2\/posts"}],"about":[{"href":"https:\/\/radiohuancayo.com.pe\/wp54\/wp-json\/wp\/v2\/types\/post"}],"author":[{"embeddable":true,"href":"https:\/\/radiohuancayo.com.pe\/wp54\/wp-json\/wp\/v2\/users\/2"}],"replies":[{"embeddable":true,"href":"https:\/\/radiohuancayo.com.pe\/wp54\/wp-json\/wp\/v2\/comments?post=28338"}],"version-history":[{"count":1,"href":"https:\/\/radiohuancayo.com.pe\/wp54\/wp-json\/wp\/v2\/posts\/28338\/revisions"}],"predecessor-version":[{"id":28340,"href":"https:\/\/radiohuancayo.com.pe\/wp54\/wp-json\/wp\/v2\/posts\/28338\/revisions\/28340"}],"wp:featuredmedia":[{"embeddable":true,"href":"https:\/\/radiohuancayo.com.pe\/wp54\/wp-json\/wp\/v2\/media\/28339"}],"wp:attachment":[{"href":"https:\/\/radiohuancayo.com.pe\/wp54\/wp-json\/wp\/v2\/media?parent=28338"}],"wp:term":[{"taxonomy":"category","embeddable":true,"href":"https:\/\/radiohuancayo.com.pe\/wp54\/wp-json\/wp\/v2\/categories?post=28338"},{"taxonomy":"post_tag","embeddable":true,"href":"https:\/\/radiohuancayo.com.pe\/wp54\/wp-json\/wp\/v2\/tags?post=28338"}],"curies":[{"name":"wp","href":"https:\/\/api.w.org\/{rel}","templated":true}]}}