{"id":28368,"date":"2024-09-16T12:32:47","date_gmt":"2024-09-16T17:32:47","guid":{"rendered":"https:\/\/radiohuancayo.com.pe\/wp54\/?p=28368"},"modified":"2024-09-16T12:33:23","modified_gmt":"2024-09-16T17:33:23","slug":"vladimir-cerron-mininter-aumenta-a-s-500-mil-la-recompensa-por-informacion-sobre-lider-de-peru-libre","status":"publish","type":"post","link":"https:\/\/radiohuancayo.com.pe\/wp54\/vladimir-cerron-mininter-aumenta-a-s-500-mil-la-recompensa-por-informacion-sobre-lider-de-peru-libre\/","title":{"rendered":"Vladimir Cerr\u00f3n: Mininter aumenta a S\/500 mil la recompensa por informaci\u00f3n sobre l\u00edder de Per\u00fa Libre"},"content":{"rendered":"\n<p>La b\u00fasqueda de&nbsp;<strong>Vladimir Cerr\u00f3n<\/strong>&nbsp;contin\u00faa. Esta vez, el&nbsp;<strong>Ministerio del Interior<\/strong>&nbsp;(Mininter) aument\u00f3 a<strong>&nbsp;S\/500 mil&nbsp;<\/strong>la recompensa para aquella persona que brinde informaci\u00f3n relevante, la cual permita dar con la captura del l\u00edder de&nbsp;<strong>Per\u00fa Libre<\/strong>.&nbsp;<\/p>\n\n\n\n<h3 class=\"wp-block-heading\"><em><strong>&nbsp;Mininter aumenta recompensa por Vladimir Cerr\u00f3n<\/strong><\/em><\/h3>\n\n\n\n<p>La cartera liderada por\u00a0Juan Jos\u00e9 Santiv\u00e1\u00f1ez\u00a0inform\u00f3 a la poblaci\u00f3n peruana que la recompensa a cambio de informaci\u00f3n que permita dar con el paradero de Vladimir Cerr\u00f3n aument\u00f3 considerablemente.\u00a0<\/p>\n\n\n\n<p>Y es que el nuevo pago que asciende a medio de mill\u00f3n de soles pretende indemnizar no solo por la ayuda que se reciba para la captura del l\u00edder de Per\u00fa Libre, sino por la ubicaci\u00f3n de otros cuatro pr\u00f3fugos que actualmente se encuentran evadiendo a la justicia peruana. &nbsp;<\/p>\n\n\n\n<p>Es as\u00ed que, a trav\u00e9s de la cuenta oficial de X, antes Twitter, del Mininter, se especific\u00f3 que los otros delincuentes que est\u00e1n en la mira de la\u00a0Polic\u00eda Nacional del Per\u00fa\u00a0(PNP) son cabecillas de diferentes\u00a0<strong>organizaciones criminales<\/strong>.\u00a0<\/p>\n\n\n\n<figure class=\"wp-block-image size-large\"><img fetchpriority=\"high\" decoding=\"async\" width=\"1024\" height=\"538\" src=\"https:\/\/radiohuancayo.com.pe\/wp54\/wp-content\/uploads\/2024\/09\/image-23-1024x538.png\" alt=\"\" class=\"wp-image-28369\" srcset=\"https:\/\/radiohuancayo.com.pe\/wp54\/wp-content\/uploads\/2024\/09\/image-23-1024x538.png 1024w, https:\/\/radiohuancayo.com.pe\/wp54\/wp-content\/uploads\/2024\/09\/image-23-300x158.png 300w, https:\/\/radiohuancayo.com.pe\/wp54\/wp-content\/uploads\/2024\/09\/image-23-768x403.png 768w, https:\/\/radiohuancayo.com.pe\/wp54\/wp-content\/uploads\/2024\/09\/image-23.png 1200w\" sizes=\"(max-width: 1024px) 100vw, 1024px\" \/><\/figure>\n","protected":false},"excerpt":{"rendered":"<p>La b\u00fasqueda de&nbsp;Vladimir Cerr\u00f3n&nbsp;contin\u00faa. Esta vez, el&nbsp;Ministerio del Interior&nbsp;(Mininter) aument\u00f3 a&nbsp;S\/500 mil&nbsp;la recompensa para aquella persona que brinde informaci\u00f3n relevante, la cual permita dar con la captura del l\u00edder de&nbsp;Per\u00fa Libre.&nbsp; &nbsp;Mininter aumenta recompensa por Vladimir Cerr\u00f3n La cartera liderada por\u00a0Juan Jos\u00e9 Santiv\u00e1\u00f1ez\u00a0inform\u00f3 a la poblaci\u00f3n peruana que la recompensa a cambio de informaci\u00f3n que permita dar con el paradero de Vladimir Cerr\u00f3n aument\u00f3 considerablemente.\u00a0 Y es que el nuevo pago que asciende a medio de mill\u00f3n de soles pretende indemnizar no solo por la ayuda que se reciba para la captura del l\u00edder de Per\u00fa Libre, sino por la ubicaci\u00f3n de otros cuatro pr\u00f3fugos que actualmente se encuentran evadiendo a la justicia peruana. &nbsp; Es as\u00ed que, a trav\u00e9s de la cuenta oficial de X, antes Twitter, del Mininter, se especific\u00f3 que los otros delincuentes que est\u00e1n en la mira de la\u00a0Polic\u00eda Nacional del Per\u00fa\u00a0(PNP) son cabecillas de diferentes\u00a0organizaciones criminales.\u00a0<\/p>\n","protected":false},"author":5,"featured_media":28370,"comment_status":"open","ping_status":"open","sticky":false,"template":"","format":"standard","meta":{"footnotes":""},"categories":[22,20],"tags":[],"class_list":["post-28368","post","type-post","status-publish","format-standard","has-post-thumbnail","hentry","category-portada","category-tendencia"],"yoast_head":"<!-- This site is optimized with the Yoast SEO plugin v27.5 - https:\/\/yoast.com\/product\/yoast-seo-wordpress\/ -->\n<title>Vladimir Cerr\u00f3n: Mininter aumenta a S\/500 mil la recompensa por informaci\u00f3n sobre l\u00edder de Per\u00fa Libre - Radio Huancayo<\/title>\n<meta name=\"robots\" content=\"index, follow, max-snippet:-1, max-image-preview:large, max-video-preview:-1\" \/>\n<link rel=\"canonical\" href=\"https:\/\/radiohuancayo.com.pe\/wp54\/vladimir-cerron-mininter-aumenta-a-s-500-mil-la-recompensa-por-informacion-sobre-lider-de-peru-libre\/\" \/>\n<meta property=\"og:locale\" content=\"es_ES\" \/>\n<meta property=\"og:type\" content=\"article\" \/>\n<meta property=\"og:title\" content=\"Vladimir Cerr\u00f3n: Mininter aumenta a S\/500 mil la recompensa por informaci\u00f3n sobre l\u00edder de Per\u00fa Libre - Radio Huancayo\" \/>\n<meta property=\"og:description\" content=\"La b\u00fasqueda de&nbsp;Vladimir Cerr\u00f3n&nbsp;contin\u00faa. Esta vez, el&nbsp;Ministerio del Interior&nbsp;(Mininter) aument\u00f3 a&nbsp;S\/500 mil&nbsp;la recompensa para aquella persona que brinde informaci\u00f3n relevante, la cual permita dar con la captura del l\u00edder de&nbsp;Per\u00fa Libre.&nbsp; &nbsp;Mininter aumenta recompensa por Vladimir Cerr\u00f3n La cartera liderada por\u00a0Juan Jos\u00e9 Santiv\u00e1\u00f1ez\u00a0inform\u00f3 a la poblaci\u00f3n peruana que la recompensa a cambio de informaci\u00f3n que permita dar con el paradero de Vladimir Cerr\u00f3n aument\u00f3 considerablemente.\u00a0 Y es que el nuevo pago que asciende a medio de mill\u00f3n de soles pretende indemnizar no solo por la ayuda que se reciba para la captura del l\u00edder de Per\u00fa Libre, sino por la ubicaci\u00f3n de otros cuatro pr\u00f3fugos que actualmente se encuentran evadiendo a la justicia peruana. &nbsp; Es as\u00ed que, a trav\u00e9s de la cuenta oficial de X, antes Twitter, del Mininter, se especific\u00f3 que los otros delincuentes que est\u00e1n en la mira de la\u00a0Polic\u00eda Nacional del Per\u00fa\u00a0(PNP) son cabecillas de diferentes\u00a0organizaciones criminales.\u00a0\" \/>\n<meta property=\"og:url\" content=\"https:\/\/radiohuancayo.com.pe\/wp54\/vladimir-cerron-mininter-aumenta-a-s-500-mil-la-recompensa-por-informacion-sobre-lider-de-peru-libre\/\" \/>\n<meta property=\"og:site_name\" content=\"Radio Huancayo\" \/>\n<meta property=\"article:published_time\" content=\"2024-09-16T17:32:47+00:00\" \/>\n<meta property=\"article:modified_time\" content=\"2024-09-16T17:33:23+00:00\" \/>\n<meta property=\"og:image\" content=\"https:\/\/radiohuancayo.com.pe\/wp54\/wp-content\/uploads\/2024\/09\/image-24-1024x683.png\" \/>\n\t<meta property=\"og:image:width\" content=\"1024\" \/>\n\t<meta property=\"og:image:height\" content=\"683\" \/>\n\t<meta property=\"og:image:type\" content=\"image\/png\" \/>\n<meta name=\"author\" content=\"Maytin DBO\" \/>\n<meta name=\"twitter:card\" content=\"summary_large_image\" \/>\n<meta name=\"twitter:label1\" content=\"Escrito por\" \/>\n\t<meta name=\"twitter:data1\" content=\"Maytin DBO\" \/>\n\t<meta name=\"twitter:label2\" content=\"Tiempo de lectura\" \/>\n\t<meta name=\"twitter:data2\" content=\"2 minutos\" \/>\n<script type=\"application\/ld+json\" class=\"yoast-schema-graph\">{\"@context\":\"https:\\\/\\\/schema.org\",\"@graph\":[{\"@type\":\"Article\",\"@id\":\"https:\\\/\\\/radiohuancayo.com.pe\\\/wp54\\\/vladimir-cerron-mininter-aumenta-a-s-500-mil-la-recompensa-por-informacion-sobre-lider-de-peru-libre\\\/#article\",\"isPartOf\":{\"@id\":\"https:\\\/\\\/radiohuancayo.com.pe\\\/wp54\\\/vladimir-cerron-mininter-aumenta-a-s-500-mil-la-recompensa-por-informacion-sobre-lider-de-peru-libre\\\/\"},\"author\":{\"name\":\"Maytin DBO\",\"@id\":\"https:\\\/\\\/radiohuancayo.com.pe\\\/wp54\\\/#\\\/schema\\\/person\\\/6baed031d35922e76b91866439cb0b86\"},\"headline\":\"Vladimir Cerr\u00f3n: Mininter aumenta a S\\\/500 mil la recompensa por informaci\u00f3n sobre l\u00edder de Per\u00fa Libre\",\"datePublished\":\"2024-09-16T17:32:47+00:00\",\"dateModified\":\"2024-09-16T17:33:23+00:00\",\"mainEntityOfPage\":{\"@id\":\"https:\\\/\\\/radiohuancayo.com.pe\\\/wp54\\\/vladimir-cerron-mininter-aumenta-a-s-500-mil-la-recompensa-por-informacion-sobre-lider-de-peru-libre\\\/\"},\"wordCount\":208,\"commentCount\":0,\"publisher\":{\"@id\":\"https:\\\/\\\/radiohuancayo.com.pe\\\/wp54\\\/#organization\"},\"image\":{\"@id\":\"https:\\\/\\\/radiohuancayo.com.pe\\\/wp54\\\/vladimir-cerron-mininter-aumenta-a-s-500-mil-la-recompensa-por-informacion-sobre-lider-de-peru-libre\\\/#primaryimage\"},\"thumbnailUrl\":\"https:\\\/\\\/radiohuancayo.com.pe\\\/wp54\\\/wp-content\\\/uploads\\\/2024\\\/09\\\/image-24.png\",\"articleSection\":[\"Portada\",\"Tendencia\"],\"inLanguage\":\"es\",\"potentialAction\":[{\"@type\":\"CommentAction\",\"name\":\"Comment\",\"target\":[\"https:\\\/\\\/radiohuancayo.com.pe\\\/wp54\\\/vladimir-cerron-mininter-aumenta-a-s-500-mil-la-recompensa-por-informacion-sobre-lider-de-peru-libre\\\/#respond\"]}]},{\"@type\":\"WebPage\",\"@id\":\"https:\\\/\\\/radiohuancayo.com.pe\\\/wp54\\\/vladimir-cerron-mininter-aumenta-a-s-500-mil-la-recompensa-por-informacion-sobre-lider-de-peru-libre\\\/\",\"url\":\"https:\\\/\\\/radiohuancayo.com.pe\\\/wp54\\\/vladimir-cerron-mininter-aumenta-a-s-500-mil-la-recompensa-por-informacion-sobre-lider-de-peru-libre\\\/\",\"name\":\"Vladimir Cerr\u00f3n: Mininter aumenta a S\\\/500 mil la recompensa por informaci\u00f3n sobre l\u00edder de Per\u00fa Libre - Radio Huancayo\",\"isPartOf\":{\"@id\":\"https:\\\/\\\/radiohuancayo.com.pe\\\/wp54\\\/#website\"},\"primaryImageOfPage\":{\"@id\":\"https:\\\/\\\/radiohuancayo.com.pe\\\/wp54\\\/vladimir-cerron-mininter-aumenta-a-s-500-mil-la-recompensa-por-informacion-sobre-lider-de-peru-libre\\\/#primaryimage\"},\"image\":{\"@id\":\"https:\\\/\\\/radiohuancayo.com.pe\\\/wp54\\\/vladimir-cerron-mininter-aumenta-a-s-500-mil-la-recompensa-por-informacion-sobre-lider-de-peru-libre\\\/#primaryimage\"},\"thumbnailUrl\":\"https:\\\/\\\/radiohuancayo.com.pe\\\/wp54\\\/wp-content\\\/uploads\\\/2024\\\/09\\\/image-24.png\",\"datePublished\":\"2024-09-16T17:32:47+00:00\",\"dateModified\":\"2024-09-16T17:33:23+00:00\",\"breadcrumb\":{\"@id\":\"https:\\\/\\\/radiohuancayo.com.pe\\\/wp54\\\/vladimir-cerron-mininter-aumenta-a-s-500-mil-la-recompensa-por-informacion-sobre-lider-de-peru-libre\\\/#breadcrumb\"},\"inLanguage\":\"es\",\"potentialAction\":[{\"@type\":\"ReadAction\",\"target\":[\"https:\\\/\\\/radiohuancayo.com.pe\\\/wp54\\\/vladimir-cerron-mininter-aumenta-a-s-500-mil-la-recompensa-por-informacion-sobre-lider-de-peru-libre\\\/\"]}]},{\"@type\":\"ImageObject\",\"inLanguage\":\"es\",\"@id\":\"https:\\\/\\\/radiohuancayo.com.pe\\\/wp54\\\/vladimir-cerron-mininter-aumenta-a-s-500-mil-la-recompensa-por-informacion-sobre-lider-de-peru-libre\\\/#primaryimage\",\"url\":\"https:\\\/\\\/radiohuancayo.com.pe\\\/wp54\\\/wp-content\\\/uploads\\\/2024\\\/09\\\/image-24.png\",\"contentUrl\":\"https:\\\/\\\/radiohuancayo.com.pe\\\/wp54\\\/wp-content\\\/uploads\\\/2024\\\/09\\\/image-24.png\",\"width\":3456,\"height\":2304},{\"@type\":\"BreadcrumbList\",\"@id\":\"https:\\\/\\\/radiohuancayo.com.pe\\\/wp54\\\/vladimir-cerron-mininter-aumenta-a-s-500-mil-la-recompensa-por-informacion-sobre-lider-de-peru-libre\\\/#breadcrumb\",\"itemListElement\":[{\"@type\":\"ListItem\",\"position\":1,\"name\":\"Portada\",\"item\":\"https:\\\/\\\/radiohuancayo.com.pe\\\/wp54\\\/\"},{\"@type\":\"ListItem\",\"position\":2,\"name\":\"Vladimir Cerr\u00f3n: Mininter aumenta a S\\\/500 mil la recompensa por informaci\u00f3n sobre l\u00edder de Per\u00fa Libre\"}]},{\"@type\":\"WebSite\",\"@id\":\"https:\\\/\\\/radiohuancayo.com.pe\\\/wp54\\\/#website\",\"url\":\"https:\\\/\\\/radiohuancayo.com.pe\\\/wp54\\\/\",\"name\":\"Radio Huancayo\",\"description\":\"me gusta!!!\",\"publisher\":{\"@id\":\"https:\\\/\\\/radiohuancayo.com.pe\\\/wp54\\\/#organization\"},\"potentialAction\":[{\"@type\":\"SearchAction\",\"target\":{\"@type\":\"EntryPoint\",\"urlTemplate\":\"https:\\\/\\\/radiohuancayo.com.pe\\\/wp54\\\/?s={search_term_string}\"},\"query-input\":{\"@type\":\"PropertyValueSpecification\",\"valueRequired\":true,\"valueName\":\"search_term_string\"}}],\"inLanguage\":\"es\"},{\"@type\":\"Organization\",\"@id\":\"https:\\\/\\\/radiohuancayo.com.pe\\\/wp54\\\/#organization\",\"name\":\"Radio Huancayo\",\"url\":\"https:\\\/\\\/radiohuancayo.com.pe\\\/wp54\\\/\",\"logo\":{\"@type\":\"ImageObject\",\"inLanguage\":\"es\",\"@id\":\"https:\\\/\\\/radiohuancayo.com.pe\\\/wp54\\\/#\\\/schema\\\/logo\\\/image\\\/\",\"url\":\"https:\\\/\\\/radiohuancayo.com.pe\\\/wp54\\\/wp-content\\\/uploads\\\/2022\\\/04\\\/CABE01.png\",\"contentUrl\":\"https:\\\/\\\/radiohuancayo.com.pe\\\/wp54\\\/wp-content\\\/uploads\\\/2022\\\/04\\\/CABE01.png\",\"width\":1640,\"height\":300,\"caption\":\"Radio Huancayo\"},\"image\":{\"@id\":\"https:\\\/\\\/radiohuancayo.com.pe\\\/wp54\\\/#\\\/schema\\\/logo\\\/image\\\/\"}},{\"@type\":\"Person\",\"@id\":\"https:\\\/\\\/radiohuancayo.com.pe\\\/wp54\\\/#\\\/schema\\\/person\\\/6baed031d35922e76b91866439cb0b86\",\"name\":\"Maytin DBO\",\"image\":{\"@type\":\"ImageObject\",\"inLanguage\":\"es\",\"@id\":\"https:\\\/\\\/secure.gravatar.com\\\/avatar\\\/58ac8a13712dd72aa77651ede28efcec1556ba2f16162e16bbad5b8220f88ac4?s=96&d=mm&r=g\",\"url\":\"https:\\\/\\\/secure.gravatar.com\\\/avatar\\\/58ac8a13712dd72aa77651ede28efcec1556ba2f16162e16bbad5b8220f88ac4?s=96&d=mm&r=g\",\"contentUrl\":\"https:\\\/\\\/secure.gravatar.com\\\/avatar\\\/58ac8a13712dd72aa77651ede28efcec1556ba2f16162e16bbad5b8220f88ac4?s=96&d=mm&r=g\",\"caption\":\"Maytin DBO\"},\"url\":\"https:\\\/\\\/radiohuancayo.com.pe\\\/wp54\\\/author\\\/debuenaonda\\\/\"}]}<\/script>\n<!-- \/ Yoast SEO plugin. -->","yoast_head_json":{"title":"Vladimir Cerr\u00f3n: Mininter aumenta a S\/500 mil la recompensa por informaci\u00f3n sobre l\u00edder de Per\u00fa Libre - Radio Huancayo","robots":{"index":"index","follow":"follow","max-snippet":"max-snippet:-1","max-image-preview":"max-image-preview:large","max-video-preview":"max-video-preview:-1"},"canonical":"https:\/\/radiohuancayo.com.pe\/wp54\/vladimir-cerron-mininter-aumenta-a-s-500-mil-la-recompensa-por-informacion-sobre-lider-de-peru-libre\/","og_locale":"es_ES","og_type":"article","og_title":"Vladimir Cerr\u00f3n: Mininter aumenta a S\/500 mil la recompensa por informaci\u00f3n sobre l\u00edder de Per\u00fa Libre - Radio Huancayo","og_description":"La b\u00fasqueda de&nbsp;Vladimir Cerr\u00f3n&nbsp;contin\u00faa. Esta vez, el&nbsp;Ministerio del Interior&nbsp;(Mininter) aument\u00f3 a&nbsp;S\/500 mil&nbsp;la recompensa para aquella persona que brinde informaci\u00f3n relevante, la cual permita dar con la captura del l\u00edder de&nbsp;Per\u00fa Libre.&nbsp; &nbsp;Mininter aumenta recompensa por Vladimir Cerr\u00f3n La cartera liderada por\u00a0Juan Jos\u00e9 Santiv\u00e1\u00f1ez\u00a0inform\u00f3 a la poblaci\u00f3n peruana que la recompensa a cambio de informaci\u00f3n que permita dar con el paradero de Vladimir Cerr\u00f3n aument\u00f3 considerablemente.\u00a0 Y es que el nuevo pago que asciende a medio de mill\u00f3n de soles pretende indemnizar no solo por la ayuda que se reciba para la captura del l\u00edder de Per\u00fa Libre, sino por la ubicaci\u00f3n de otros cuatro pr\u00f3fugos que actualmente se encuentran evadiendo a la justicia peruana. &nbsp; Es as\u00ed que, a trav\u00e9s de la cuenta oficial de X, antes Twitter, del Mininter, se especific\u00f3 que los otros delincuentes que est\u00e1n en la mira de la\u00a0Polic\u00eda Nacional del Per\u00fa\u00a0(PNP) son cabecillas de diferentes\u00a0organizaciones criminales.\u00a0","og_url":"https:\/\/radiohuancayo.com.pe\/wp54\/vladimir-cerron-mininter-aumenta-a-s-500-mil-la-recompensa-por-informacion-sobre-lider-de-peru-libre\/","og_site_name":"Radio Huancayo","article_published_time":"2024-09-16T17:32:47+00:00","article_modified_time":"2024-09-16T17:33:23+00:00","og_image":[{"width":1024,"height":683,"url":"https:\/\/radiohuancayo.com.pe\/wp54\/wp-content\/uploads\/2024\/09\/image-24-1024x683.png","type":"image\/png"}],"author":"Maytin DBO","twitter_card":"summary_large_image","twitter_misc":{"Escrito por":"Maytin DBO","Tiempo de lectura":"2 minutos"},"schema":{"@context":"https:\/\/schema.org","@graph":[{"@type":"Article","@id":"https:\/\/radiohuancayo.com.pe\/wp54\/vladimir-cerron-mininter-aumenta-a-s-500-mil-la-recompensa-por-informacion-sobre-lider-de-peru-libre\/#article","isPartOf":{"@id":"https:\/\/radiohuancayo.com.pe\/wp54\/vladimir-cerron-mininter-aumenta-a-s-500-mil-la-recompensa-por-informacion-sobre-lider-de-peru-libre\/"},"author":{"name":"Maytin DBO","@id":"https:\/\/radiohuancayo.com.pe\/wp54\/#\/schema\/person\/6baed031d35922e76b91866439cb0b86"},"headline":"Vladimir Cerr\u00f3n: Mininter aumenta a S\/500 mil la recompensa por informaci\u00f3n sobre l\u00edder de Per\u00fa Libre","datePublished":"2024-09-16T17:32:47+00:00","dateModified":"2024-09-16T17:33:23+00:00","mainEntityOfPage":{"@id":"https:\/\/radiohuancayo.com.pe\/wp54\/vladimir-cerron-mininter-aumenta-a-s-500-mil-la-recompensa-por-informacion-sobre-lider-de-peru-libre\/"},"wordCount":208,"commentCount":0,"publisher":{"@id":"https:\/\/radiohuancayo.com.pe\/wp54\/#organization"},"image":{"@id":"https:\/\/radiohuancayo.com.pe\/wp54\/vladimir-cerron-mininter-aumenta-a-s-500-mil-la-recompensa-por-informacion-sobre-lider-de-peru-libre\/#primaryimage"},"thumbnailUrl":"https:\/\/radiohuancayo.com.pe\/wp54\/wp-content\/uploads\/2024\/09\/image-24.png","articleSection":["Portada","Tendencia"],"inLanguage":"es","potentialAction":[{"@type":"CommentAction","name":"Comment","target":["https:\/\/radiohuancayo.com.pe\/wp54\/vladimir-cerron-mininter-aumenta-a-s-500-mil-la-recompensa-por-informacion-sobre-lider-de-peru-libre\/#respond"]}]},{"@type":"WebPage","@id":"https:\/\/radiohuancayo.com.pe\/wp54\/vladimir-cerron-mininter-aumenta-a-s-500-mil-la-recompensa-por-informacion-sobre-lider-de-peru-libre\/","url":"https:\/\/radiohuancayo.com.pe\/wp54\/vladimir-cerron-mininter-aumenta-a-s-500-mil-la-recompensa-por-informacion-sobre-lider-de-peru-libre\/","name":"Vladimir Cerr\u00f3n: Mininter aumenta a S\/500 mil la recompensa por informaci\u00f3n sobre l\u00edder de Per\u00fa Libre - Radio Huancayo","isPartOf":{"@id":"https:\/\/radiohuancayo.com.pe\/wp54\/#website"},"primaryImageOfPage":{"@id":"https:\/\/radiohuancayo.com.pe\/wp54\/vladimir-cerron-mininter-aumenta-a-s-500-mil-la-recompensa-por-informacion-sobre-lider-de-peru-libre\/#primaryimage"},"image":{"@id":"https:\/\/radiohuancayo.com.pe\/wp54\/vladimir-cerron-mininter-aumenta-a-s-500-mil-la-recompensa-por-informacion-sobre-lider-de-peru-libre\/#primaryimage"},"thumbnailUrl":"https:\/\/radiohuancayo.com.pe\/wp54\/wp-content\/uploads\/2024\/09\/image-24.png","datePublished":"2024-09-16T17:32:47+00:00","dateModified":"2024-09-16T17:33:23+00:00","breadcrumb":{"@id":"https:\/\/radiohuancayo.com.pe\/wp54\/vladimir-cerron-mininter-aumenta-a-s-500-mil-la-recompensa-por-informacion-sobre-lider-de-peru-libre\/#breadcrumb"},"inLanguage":"es","potentialAction":[{"@type":"ReadAction","target":["https:\/\/radiohuancayo.com.pe\/wp54\/vladimir-cerron-mininter-aumenta-a-s-500-mil-la-recompensa-por-informacion-sobre-lider-de-peru-libre\/"]}]},{"@type":"ImageObject","inLanguage":"es","@id":"https:\/\/radiohuancayo.com.pe\/wp54\/vladimir-cerron-mininter-aumenta-a-s-500-mil-la-recompensa-por-informacion-sobre-lider-de-peru-libre\/#primaryimage","url":"https:\/\/radiohuancayo.com.pe\/wp54\/wp-content\/uploads\/2024\/09\/image-24.png","contentUrl":"https:\/\/radiohuancayo.com.pe\/wp54\/wp-content\/uploads\/2024\/09\/image-24.png","width":3456,"height":2304},{"@type":"BreadcrumbList","@id":"https:\/\/radiohuancayo.com.pe\/wp54\/vladimir-cerron-mininter-aumenta-a-s-500-mil-la-recompensa-por-informacion-sobre-lider-de-peru-libre\/#breadcrumb","itemListElement":[{"@type":"ListItem","position":1,"name":"Portada","item":"https:\/\/radiohuancayo.com.pe\/wp54\/"},{"@type":"ListItem","position":2,"name":"Vladimir Cerr\u00f3n: Mininter aumenta a S\/500 mil la recompensa por informaci\u00f3n sobre l\u00edder de Per\u00fa Libre"}]},{"@type":"WebSite","@id":"https:\/\/radiohuancayo.com.pe\/wp54\/#website","url":"https:\/\/radiohuancayo.com.pe\/wp54\/","name":"Radio Huancayo","description":"me gusta!!!","publisher":{"@id":"https:\/\/radiohuancayo.com.pe\/wp54\/#organization"},"potentialAction":[{"@type":"SearchAction","target":{"@type":"EntryPoint","urlTemplate":"https:\/\/radiohuancayo.com.pe\/wp54\/?s={search_term_string}"},"query-input":{"@type":"PropertyValueSpecification","valueRequired":true,"valueName":"search_term_string"}}],"inLanguage":"es"},{"@type":"Organization","@id":"https:\/\/radiohuancayo.com.pe\/wp54\/#organization","name":"Radio Huancayo","url":"https:\/\/radiohuancayo.com.pe\/wp54\/","logo":{"@type":"ImageObject","inLanguage":"es","@id":"https:\/\/radiohuancayo.com.pe\/wp54\/#\/schema\/logo\/image\/","url":"https:\/\/radiohuancayo.com.pe\/wp54\/wp-content\/uploads\/2022\/04\/CABE01.png","contentUrl":"https:\/\/radiohuancayo.com.pe\/wp54\/wp-content\/uploads\/2022\/04\/CABE01.png","width":1640,"height":300,"caption":"Radio Huancayo"},"image":{"@id":"https:\/\/radiohuancayo.com.pe\/wp54\/#\/schema\/logo\/image\/"}},{"@type":"Person","@id":"https:\/\/radiohuancayo.com.pe\/wp54\/#\/schema\/person\/6baed031d35922e76b91866439cb0b86","name":"Maytin DBO","image":{"@type":"ImageObject","inLanguage":"es","@id":"https:\/\/secure.gravatar.com\/avatar\/58ac8a13712dd72aa77651ede28efcec1556ba2f16162e16bbad5b8220f88ac4?s=96&d=mm&r=g","url":"https:\/\/secure.gravatar.com\/avatar\/58ac8a13712dd72aa77651ede28efcec1556ba2f16162e16bbad5b8220f88ac4?s=96&d=mm&r=g","contentUrl":"https:\/\/secure.gravatar.com\/avatar\/58ac8a13712dd72aa77651ede28efcec1556ba2f16162e16bbad5b8220f88ac4?s=96&d=mm&r=g","caption":"Maytin DBO"},"url":"https:\/\/radiohuancayo.com.pe\/wp54\/author\/debuenaonda\/"}]}},"_links":{"self":[{"href":"https:\/\/radiohuancayo.com.pe\/wp54\/wp-json\/wp\/v2\/posts\/28368","targetHints":{"allow":["GET"]}}],"collection":[{"href":"https:\/\/radiohuancayo.com.pe\/wp54\/wp-json\/wp\/v2\/posts"}],"about":[{"href":"https:\/\/radiohuancayo.com.pe\/wp54\/wp-json\/wp\/v2\/types\/post"}],"author":[{"embeddable":true,"href":"https:\/\/radiohuancayo.com.pe\/wp54\/wp-json\/wp\/v2\/users\/5"}],"replies":[{"embeddable":true,"href":"https:\/\/radiohuancayo.com.pe\/wp54\/wp-json\/wp\/v2\/comments?post=28368"}],"version-history":[{"count":1,"href":"https:\/\/radiohuancayo.com.pe\/wp54\/wp-json\/wp\/v2\/posts\/28368\/revisions"}],"predecessor-version":[{"id":28371,"href":"https:\/\/radiohuancayo.com.pe\/wp54\/wp-json\/wp\/v2\/posts\/28368\/revisions\/28371"}],"wp:featuredmedia":[{"embeddable":true,"href":"https:\/\/radiohuancayo.com.pe\/wp54\/wp-json\/wp\/v2\/media\/28370"}],"wp:attachment":[{"href":"https:\/\/radiohuancayo.com.pe\/wp54\/wp-json\/wp\/v2\/media?parent=28368"}],"wp:term":[{"taxonomy":"category","embeddable":true,"href":"https:\/\/radiohuancayo.com.pe\/wp54\/wp-json\/wp\/v2\/categories?post=28368"},{"taxonomy":"post_tag","embeddable":true,"href":"https:\/\/radiohuancayo.com.pe\/wp54\/wp-json\/wp\/v2\/tags?post=28368"}],"curies":[{"name":"wp","href":"https:\/\/api.w.org\/{rel}","templated":true}]}}