{"id":28384,"date":"2024-09-16T13:00:50","date_gmt":"2024-09-16T18:00:50","guid":{"rendered":"https:\/\/radiohuancayo.com.pe\/wp54\/?p=28384"},"modified":"2024-09-16T13:00:51","modified_gmt":"2024-09-16T18:00:51","slug":"tito-jackson-hermano-del-rey-del-pop-y-miembro-de-the-jackson-5-murio-a-los-70-anos","status":"publish","type":"post","link":"https:\/\/radiohuancayo.com.pe\/wp54\/tito-jackson-hermano-del-rey-del-pop-y-miembro-de-the-jackson-5-murio-a-los-70-anos\/","title":{"rendered":"Tito Jackson, hermano del &#8216;Rey del pop&#8217; y miembro de The Jackson 5, muri\u00f3 a los 70 a\u00f1os"},"content":{"rendered":"\n<p>El guitarrista y cantante estadounidense\u00a0<strong>Tito Jackson<\/strong>, miembro original del legendario grupo\u00a0<strong>The Jackson 5\u00a0<\/strong>y hermano mayor de las superestrellas del pop\u00a0Michael y Janet, falleci\u00f3 a los 70 a\u00f1os, informaron sus hijos a \u00faltima hora del domingo.<\/p>\n\n\n\n<p>\u00abCon gran pesar anunciamos que nuestro querido padre,&nbsp;<strong>Tito Jackson<\/strong>, miembro del Sal\u00f3n de la Fama del Rock and Roll, ya no est\u00e1 entre nosotros\u00bb, publicaron en Instagram sus hijos Taj, Taryll y TJ, que forman el grupo musical 3T, junto a una foto de ellos con su padre.<\/p>\n\n\n\n<p>\u00abEstamos conmocionados, tristes y con el coraz\u00f3n roto. Nuestro padre era un hombre incre\u00edble que se preocupaba por todos y su bienestar\u00bb, agregaron.<\/p>\n\n\n\n<p>Steve Manning, amigo de la familia, dijo al portal Entertainment Tonight que\u00a0<strong>Tito\u00a0<\/strong>muri\u00f3 de un supuesto infarto el domingo mientras conduc\u00eda desde Nuevo M\u00e9xico a su casa en Oklahoma.<\/p>\n\n\n\n<p>El m\u00fasico hab\u00eda actuado recientemente en Alemania, Inglaterra y el estado de California con sus hermanos Marlon y Jackie, como&nbsp;<strong>The Jacksons<\/strong>.<\/p>\n\n\n\n<h2 class=\"wp-block-heading\">The Jackson 5<\/h2>\n\n\n\n<p>Era miembro original del grupo familiar&nbsp;<strong>The Jackson 5<\/strong>&nbsp;-integrado tambi\u00e9n por sus hermanos Jackie, Jermaine, Marlon y Michael-, que cosech\u00f3 una serie de \u00e9xitos internacionales a finales de los 60 y principios de los 70, como \u00abI Want You Back\u00bb, \u00abABC\u00bb y \u00abI&#8217;ll Be There\u00bb.<\/p>\n\n\n\n<p>En 1997, el m\u00edtico grupo ingres\u00f3 en el Sal\u00f3n de la Fama del Rock and Roll de la mano de la cantante y actriz Diana Ross.<\/p>\n\n\n\n<p>Seg\u00fan su p\u00e1gina web, Tito hac\u00eda giras desde 2003 con su propia banda de blues y funk. En 2016 se convirti\u00f3 en el \u00faltimo de los hermanos Jackson en tener un \u00e9xito Billboard en solitario, con el sencillo \u00abGet It Baby\u00bb. (AFP)<\/p>\n","protected":false},"excerpt":{"rendered":"<p>El guitarrista y cantante estadounidense\u00a0Tito Jackson, miembro original del legendario grupo\u00a0The Jackson 5\u00a0y hermano mayor de las superestrellas del pop\u00a0Michael y Janet, falleci\u00f3 a los 70 a\u00f1os, informaron sus hijos a \u00faltima hora del domingo. \u00abCon gran pesar anunciamos que nuestro querido padre,&nbsp;Tito Jackson, miembro del Sal\u00f3n de la Fama del Rock and Roll, ya no est\u00e1 entre nosotros\u00bb, publicaron en Instagram sus hijos Taj, Taryll y TJ, que forman el grupo musical 3T, junto a una foto de ellos con su padre. \u00abEstamos conmocionados, tristes y con el coraz\u00f3n roto. Nuestro padre era un hombre incre\u00edble que se preocupaba por todos y su bienestar\u00bb, agregaron. Steve Manning, amigo de la familia, dijo al portal Entertainment Tonight que\u00a0Tito\u00a0muri\u00f3 de un supuesto infarto el domingo mientras conduc\u00eda desde Nuevo M\u00e9xico a su casa en Oklahoma. El m\u00fasico hab\u00eda actuado recientemente en Alemania, Inglaterra y el estado de California con sus hermanos Marlon y Jackie, como&nbsp;The Jacksons. The Jackson 5 Era miembro original del grupo familiar&nbsp;The Jackson 5&nbsp;-integrado tambi\u00e9n por sus hermanos Jackie, Jermaine, Marlon y Michael-, que cosech\u00f3 una serie de \u00e9xitos internacionales a finales de los 60 y principios de los 70, como \u00abI Want You Back\u00bb, \u00abABC\u00bb y \u00abI&#8217;ll Be There\u00bb. En 1997, el m\u00edtico grupo ingres\u00f3 en el Sal\u00f3n de la Fama del Rock and Roll de la mano de la cantante y actriz Diana Ross. Seg\u00fan su p\u00e1gina web, Tito hac\u00eda giras desde 2003 con su propia banda de blues y funk. En 2016 se convirti\u00f3 en el \u00faltimo de los hermanos Jackson en tener un \u00e9xito Billboard en solitario, con el sencillo \u00abGet It Baby\u00bb. (AFP)<\/p>\n","protected":false},"author":5,"featured_media":28385,"comment_status":"open","ping_status":"open","sticky":false,"template":"","format":"standard","meta":{"footnotes":""},"categories":[8],"tags":[],"class_list":["post-28384","post","type-post","status-publish","format-standard","has-post-thumbnail","hentry","category-espectaculos"],"yoast_head":"<!-- This site is optimized with the Yoast SEO plugin v27.5 - https:\/\/yoast.com\/product\/yoast-seo-wordpress\/ -->\n<title>Tito Jackson, hermano del &#039;Rey del pop&#039; y miembro de The Jackson 5, muri\u00f3 a los 70 a\u00f1os - Radio Huancayo<\/title>\n<meta name=\"robots\" content=\"index, follow, max-snippet:-1, max-image-preview:large, max-video-preview:-1\" \/>\n<link rel=\"canonical\" href=\"https:\/\/radiohuancayo.com.pe\/wp54\/tito-jackson-hermano-del-rey-del-pop-y-miembro-de-the-jackson-5-murio-a-los-70-anos\/\" \/>\n<meta property=\"og:locale\" content=\"es_ES\" \/>\n<meta property=\"og:type\" content=\"article\" \/>\n<meta property=\"og:title\" content=\"Tito Jackson, hermano del &#039;Rey del pop&#039; y miembro de The Jackson 5, muri\u00f3 a los 70 a\u00f1os - Radio Huancayo\" \/>\n<meta property=\"og:description\" content=\"El guitarrista y cantante estadounidense\u00a0Tito Jackson, miembro original del legendario grupo\u00a0The Jackson 5\u00a0y hermano mayor de las superestrellas del pop\u00a0Michael y Janet, falleci\u00f3 a los 70 a\u00f1os, informaron sus hijos a \u00faltima hora del domingo. \u00abCon gran pesar anunciamos que nuestro querido padre,&nbsp;Tito Jackson, miembro del Sal\u00f3n de la Fama del Rock and Roll, ya no est\u00e1 entre nosotros\u00bb, publicaron en Instagram sus hijos Taj, Taryll y TJ, que forman el grupo musical 3T, junto a una foto de ellos con su padre. \u00abEstamos conmocionados, tristes y con el coraz\u00f3n roto. Nuestro padre era un hombre incre\u00edble que se preocupaba por todos y su bienestar\u00bb, agregaron. Steve Manning, amigo de la familia, dijo al portal Entertainment Tonight que\u00a0Tito\u00a0muri\u00f3 de un supuesto infarto el domingo mientras conduc\u00eda desde Nuevo M\u00e9xico a su casa en Oklahoma. El m\u00fasico hab\u00eda actuado recientemente en Alemania, Inglaterra y el estado de California con sus hermanos Marlon y Jackie, como&nbsp;The Jacksons. The Jackson 5 Era miembro original del grupo familiar&nbsp;The Jackson 5&nbsp;-integrado tambi\u00e9n por sus hermanos Jackie, Jermaine, Marlon y Michael-, que cosech\u00f3 una serie de \u00e9xitos internacionales a finales de los 60 y principios de los 70, como \u00abI Want You Back\u00bb, \u00abABC\u00bb y \u00abI&#8217;ll Be There\u00bb. En 1997, el m\u00edtico grupo ingres\u00f3 en el Sal\u00f3n de la Fama del Rock and Roll de la mano de la cantante y actriz Diana Ross. Seg\u00fan su p\u00e1gina web, Tito hac\u00eda giras desde 2003 con su propia banda de blues y funk. En 2016 se convirti\u00f3 en el \u00faltimo de los hermanos Jackson en tener un \u00e9xito Billboard en solitario, con el sencillo \u00abGet It Baby\u00bb. (AFP)\" \/>\n<meta property=\"og:url\" content=\"https:\/\/radiohuancayo.com.pe\/wp54\/tito-jackson-hermano-del-rey-del-pop-y-miembro-de-the-jackson-5-murio-a-los-70-anos\/\" \/>\n<meta property=\"og:site_name\" content=\"Radio Huancayo\" \/>\n<meta property=\"article:published_time\" content=\"2024-09-16T18:00:50+00:00\" \/>\n<meta property=\"article:modified_time\" content=\"2024-09-16T18:00:51+00:00\" \/>\n<meta property=\"og:image\" content=\"https:\/\/radiohuancayo.com.pe\/wp54\/wp-content\/uploads\/2024\/09\/image-29.png\" \/>\n\t<meta property=\"og:image:width\" content=\"1427\" \/>\n\t<meta property=\"og:image:height\" content=\"794\" \/>\n\t<meta property=\"og:image:type\" content=\"image\/png\" \/>\n<meta name=\"author\" content=\"Maytin DBO\" \/>\n<meta name=\"twitter:card\" content=\"summary_large_image\" \/>\n<meta name=\"twitter:label1\" content=\"Escrito por\" \/>\n\t<meta name=\"twitter:data1\" content=\"Maytin DBO\" \/>\n\t<meta name=\"twitter:label2\" content=\"Tiempo de lectura\" \/>\n\t<meta name=\"twitter:data2\" content=\"2 minutos\" \/>\n<script type=\"application\/ld+json\" class=\"yoast-schema-graph\">{\"@context\":\"https:\\\/\\\/schema.org\",\"@graph\":[{\"@type\":\"Article\",\"@id\":\"https:\\\/\\\/radiohuancayo.com.pe\\\/wp54\\\/tito-jackson-hermano-del-rey-del-pop-y-miembro-de-the-jackson-5-murio-a-los-70-anos\\\/#article\",\"isPartOf\":{\"@id\":\"https:\\\/\\\/radiohuancayo.com.pe\\\/wp54\\\/tito-jackson-hermano-del-rey-del-pop-y-miembro-de-the-jackson-5-murio-a-los-70-anos\\\/\"},\"author\":{\"name\":\"Maytin DBO\",\"@id\":\"https:\\\/\\\/radiohuancayo.com.pe\\\/wp54\\\/#\\\/schema\\\/person\\\/6baed031d35922e76b91866439cb0b86\"},\"headline\":\"Tito Jackson, hermano del &#8216;Rey del pop&#8217; y miembro de The Jackson 5, muri\u00f3 a los 70 a\u00f1os\",\"datePublished\":\"2024-09-16T18:00:50+00:00\",\"dateModified\":\"2024-09-16T18:00:51+00:00\",\"mainEntityOfPage\":{\"@id\":\"https:\\\/\\\/radiohuancayo.com.pe\\\/wp54\\\/tito-jackson-hermano-del-rey-del-pop-y-miembro-de-the-jackson-5-murio-a-los-70-anos\\\/\"},\"wordCount\":306,\"commentCount\":0,\"publisher\":{\"@id\":\"https:\\\/\\\/radiohuancayo.com.pe\\\/wp54\\\/#organization\"},\"image\":{\"@id\":\"https:\\\/\\\/radiohuancayo.com.pe\\\/wp54\\\/tito-jackson-hermano-del-rey-del-pop-y-miembro-de-the-jackson-5-murio-a-los-70-anos\\\/#primaryimage\"},\"thumbnailUrl\":\"https:\\\/\\\/radiohuancayo.com.pe\\\/wp54\\\/wp-content\\\/uploads\\\/2024\\\/09\\\/image-29.png\",\"articleSection\":[\"Espect\u00e1culos\"],\"inLanguage\":\"es\",\"potentialAction\":[{\"@type\":\"CommentAction\",\"name\":\"Comment\",\"target\":[\"https:\\\/\\\/radiohuancayo.com.pe\\\/wp54\\\/tito-jackson-hermano-del-rey-del-pop-y-miembro-de-the-jackson-5-murio-a-los-70-anos\\\/#respond\"]}]},{\"@type\":\"WebPage\",\"@id\":\"https:\\\/\\\/radiohuancayo.com.pe\\\/wp54\\\/tito-jackson-hermano-del-rey-del-pop-y-miembro-de-the-jackson-5-murio-a-los-70-anos\\\/\",\"url\":\"https:\\\/\\\/radiohuancayo.com.pe\\\/wp54\\\/tito-jackson-hermano-del-rey-del-pop-y-miembro-de-the-jackson-5-murio-a-los-70-anos\\\/\",\"name\":\"Tito Jackson, hermano del 'Rey del pop' y miembro de The Jackson 5, muri\u00f3 a los 70 a\u00f1os - Radio Huancayo\",\"isPartOf\":{\"@id\":\"https:\\\/\\\/radiohuancayo.com.pe\\\/wp54\\\/#website\"},\"primaryImageOfPage\":{\"@id\":\"https:\\\/\\\/radiohuancayo.com.pe\\\/wp54\\\/tito-jackson-hermano-del-rey-del-pop-y-miembro-de-the-jackson-5-murio-a-los-70-anos\\\/#primaryimage\"},\"image\":{\"@id\":\"https:\\\/\\\/radiohuancayo.com.pe\\\/wp54\\\/tito-jackson-hermano-del-rey-del-pop-y-miembro-de-the-jackson-5-murio-a-los-70-anos\\\/#primaryimage\"},\"thumbnailUrl\":\"https:\\\/\\\/radiohuancayo.com.pe\\\/wp54\\\/wp-content\\\/uploads\\\/2024\\\/09\\\/image-29.png\",\"datePublished\":\"2024-09-16T18:00:50+00:00\",\"dateModified\":\"2024-09-16T18:00:51+00:00\",\"breadcrumb\":{\"@id\":\"https:\\\/\\\/radiohuancayo.com.pe\\\/wp54\\\/tito-jackson-hermano-del-rey-del-pop-y-miembro-de-the-jackson-5-murio-a-los-70-anos\\\/#breadcrumb\"},\"inLanguage\":\"es\",\"potentialAction\":[{\"@type\":\"ReadAction\",\"target\":[\"https:\\\/\\\/radiohuancayo.com.pe\\\/wp54\\\/tito-jackson-hermano-del-rey-del-pop-y-miembro-de-the-jackson-5-murio-a-los-70-anos\\\/\"]}]},{\"@type\":\"ImageObject\",\"inLanguage\":\"es\",\"@id\":\"https:\\\/\\\/radiohuancayo.com.pe\\\/wp54\\\/tito-jackson-hermano-del-rey-del-pop-y-miembro-de-the-jackson-5-murio-a-los-70-anos\\\/#primaryimage\",\"url\":\"https:\\\/\\\/radiohuancayo.com.pe\\\/wp54\\\/wp-content\\\/uploads\\\/2024\\\/09\\\/image-29.png\",\"contentUrl\":\"https:\\\/\\\/radiohuancayo.com.pe\\\/wp54\\\/wp-content\\\/uploads\\\/2024\\\/09\\\/image-29.png\",\"width\":1427,\"height\":794},{\"@type\":\"BreadcrumbList\",\"@id\":\"https:\\\/\\\/radiohuancayo.com.pe\\\/wp54\\\/tito-jackson-hermano-del-rey-del-pop-y-miembro-de-the-jackson-5-murio-a-los-70-anos\\\/#breadcrumb\",\"itemListElement\":[{\"@type\":\"ListItem\",\"position\":1,\"name\":\"Portada\",\"item\":\"https:\\\/\\\/radiohuancayo.com.pe\\\/wp54\\\/\"},{\"@type\":\"ListItem\",\"position\":2,\"name\":\"Tito Jackson, hermano del &#8216;Rey del pop&#8217; y miembro de The Jackson 5, muri\u00f3 a los 70 a\u00f1os\"}]},{\"@type\":\"WebSite\",\"@id\":\"https:\\\/\\\/radiohuancayo.com.pe\\\/wp54\\\/#website\",\"url\":\"https:\\\/\\\/radiohuancayo.com.pe\\\/wp54\\\/\",\"name\":\"Radio Huancayo\",\"description\":\"me gusta!!!\",\"publisher\":{\"@id\":\"https:\\\/\\\/radiohuancayo.com.pe\\\/wp54\\\/#organization\"},\"potentialAction\":[{\"@type\":\"SearchAction\",\"target\":{\"@type\":\"EntryPoint\",\"urlTemplate\":\"https:\\\/\\\/radiohuancayo.com.pe\\\/wp54\\\/?s={search_term_string}\"},\"query-input\":{\"@type\":\"PropertyValueSpecification\",\"valueRequired\":true,\"valueName\":\"search_term_string\"}}],\"inLanguage\":\"es\"},{\"@type\":\"Organization\",\"@id\":\"https:\\\/\\\/radiohuancayo.com.pe\\\/wp54\\\/#organization\",\"name\":\"Radio Huancayo\",\"url\":\"https:\\\/\\\/radiohuancayo.com.pe\\\/wp54\\\/\",\"logo\":{\"@type\":\"ImageObject\",\"inLanguage\":\"es\",\"@id\":\"https:\\\/\\\/radiohuancayo.com.pe\\\/wp54\\\/#\\\/schema\\\/logo\\\/image\\\/\",\"url\":\"https:\\\/\\\/radiohuancayo.com.pe\\\/wp54\\\/wp-content\\\/uploads\\\/2022\\\/04\\\/CABE01.png\",\"contentUrl\":\"https:\\\/\\\/radiohuancayo.com.pe\\\/wp54\\\/wp-content\\\/uploads\\\/2022\\\/04\\\/CABE01.png\",\"width\":1640,\"height\":300,\"caption\":\"Radio Huancayo\"},\"image\":{\"@id\":\"https:\\\/\\\/radiohuancayo.com.pe\\\/wp54\\\/#\\\/schema\\\/logo\\\/image\\\/\"}},{\"@type\":\"Person\",\"@id\":\"https:\\\/\\\/radiohuancayo.com.pe\\\/wp54\\\/#\\\/schema\\\/person\\\/6baed031d35922e76b91866439cb0b86\",\"name\":\"Maytin DBO\",\"image\":{\"@type\":\"ImageObject\",\"inLanguage\":\"es\",\"@id\":\"https:\\\/\\\/secure.gravatar.com\\\/avatar\\\/58ac8a13712dd72aa77651ede28efcec1556ba2f16162e16bbad5b8220f88ac4?s=96&d=mm&r=g\",\"url\":\"https:\\\/\\\/secure.gravatar.com\\\/avatar\\\/58ac8a13712dd72aa77651ede28efcec1556ba2f16162e16bbad5b8220f88ac4?s=96&d=mm&r=g\",\"contentUrl\":\"https:\\\/\\\/secure.gravatar.com\\\/avatar\\\/58ac8a13712dd72aa77651ede28efcec1556ba2f16162e16bbad5b8220f88ac4?s=96&d=mm&r=g\",\"caption\":\"Maytin DBO\"},\"url\":\"https:\\\/\\\/radiohuancayo.com.pe\\\/wp54\\\/author\\\/debuenaonda\\\/\"}]}<\/script>\n<!-- \/ Yoast SEO plugin. -->","yoast_head_json":{"title":"Tito Jackson, hermano del 'Rey del pop' y miembro de The Jackson 5, muri\u00f3 a los 70 a\u00f1os - Radio Huancayo","robots":{"index":"index","follow":"follow","max-snippet":"max-snippet:-1","max-image-preview":"max-image-preview:large","max-video-preview":"max-video-preview:-1"},"canonical":"https:\/\/radiohuancayo.com.pe\/wp54\/tito-jackson-hermano-del-rey-del-pop-y-miembro-de-the-jackson-5-murio-a-los-70-anos\/","og_locale":"es_ES","og_type":"article","og_title":"Tito Jackson, hermano del 'Rey del pop' y miembro de The Jackson 5, muri\u00f3 a los 70 a\u00f1os - Radio Huancayo","og_description":"El guitarrista y cantante estadounidense\u00a0Tito Jackson, miembro original del legendario grupo\u00a0The Jackson 5\u00a0y hermano mayor de las superestrellas del pop\u00a0Michael y Janet, falleci\u00f3 a los 70 a\u00f1os, informaron sus hijos a \u00faltima hora del domingo. \u00abCon gran pesar anunciamos que nuestro querido padre,&nbsp;Tito Jackson, miembro del Sal\u00f3n de la Fama del Rock and Roll, ya no est\u00e1 entre nosotros\u00bb, publicaron en Instagram sus hijos Taj, Taryll y TJ, que forman el grupo musical 3T, junto a una foto de ellos con su padre. \u00abEstamos conmocionados, tristes y con el coraz\u00f3n roto. Nuestro padre era un hombre incre\u00edble que se preocupaba por todos y su bienestar\u00bb, agregaron. Steve Manning, amigo de la familia, dijo al portal Entertainment Tonight que\u00a0Tito\u00a0muri\u00f3 de un supuesto infarto el domingo mientras conduc\u00eda desde Nuevo M\u00e9xico a su casa en Oklahoma. El m\u00fasico hab\u00eda actuado recientemente en Alemania, Inglaterra y el estado de California con sus hermanos Marlon y Jackie, como&nbsp;The Jacksons. The Jackson 5 Era miembro original del grupo familiar&nbsp;The Jackson 5&nbsp;-integrado tambi\u00e9n por sus hermanos Jackie, Jermaine, Marlon y Michael-, que cosech\u00f3 una serie de \u00e9xitos internacionales a finales de los 60 y principios de los 70, como \u00abI Want You Back\u00bb, \u00abABC\u00bb y \u00abI&#8217;ll Be There\u00bb. En 1997, el m\u00edtico grupo ingres\u00f3 en el Sal\u00f3n de la Fama del Rock and Roll de la mano de la cantante y actriz Diana Ross. Seg\u00fan su p\u00e1gina web, Tito hac\u00eda giras desde 2003 con su propia banda de blues y funk. En 2016 se convirti\u00f3 en el \u00faltimo de los hermanos Jackson en tener un \u00e9xito Billboard en solitario, con el sencillo \u00abGet It Baby\u00bb. (AFP)","og_url":"https:\/\/radiohuancayo.com.pe\/wp54\/tito-jackson-hermano-del-rey-del-pop-y-miembro-de-the-jackson-5-murio-a-los-70-anos\/","og_site_name":"Radio Huancayo","article_published_time":"2024-09-16T18:00:50+00:00","article_modified_time":"2024-09-16T18:00:51+00:00","og_image":[{"width":1427,"height":794,"url":"https:\/\/radiohuancayo.com.pe\/wp54\/wp-content\/uploads\/2024\/09\/image-29.png","type":"image\/png"}],"author":"Maytin DBO","twitter_card":"summary_large_image","twitter_misc":{"Escrito por":"Maytin DBO","Tiempo de lectura":"2 minutos"},"schema":{"@context":"https:\/\/schema.org","@graph":[{"@type":"Article","@id":"https:\/\/radiohuancayo.com.pe\/wp54\/tito-jackson-hermano-del-rey-del-pop-y-miembro-de-the-jackson-5-murio-a-los-70-anos\/#article","isPartOf":{"@id":"https:\/\/radiohuancayo.com.pe\/wp54\/tito-jackson-hermano-del-rey-del-pop-y-miembro-de-the-jackson-5-murio-a-los-70-anos\/"},"author":{"name":"Maytin DBO","@id":"https:\/\/radiohuancayo.com.pe\/wp54\/#\/schema\/person\/6baed031d35922e76b91866439cb0b86"},"headline":"Tito Jackson, hermano del &#8216;Rey del pop&#8217; y miembro de The Jackson 5, muri\u00f3 a los 70 a\u00f1os","datePublished":"2024-09-16T18:00:50+00:00","dateModified":"2024-09-16T18:00:51+00:00","mainEntityOfPage":{"@id":"https:\/\/radiohuancayo.com.pe\/wp54\/tito-jackson-hermano-del-rey-del-pop-y-miembro-de-the-jackson-5-murio-a-los-70-anos\/"},"wordCount":306,"commentCount":0,"publisher":{"@id":"https:\/\/radiohuancayo.com.pe\/wp54\/#organization"},"image":{"@id":"https:\/\/radiohuancayo.com.pe\/wp54\/tito-jackson-hermano-del-rey-del-pop-y-miembro-de-the-jackson-5-murio-a-los-70-anos\/#primaryimage"},"thumbnailUrl":"https:\/\/radiohuancayo.com.pe\/wp54\/wp-content\/uploads\/2024\/09\/image-29.png","articleSection":["Espect\u00e1culos"],"inLanguage":"es","potentialAction":[{"@type":"CommentAction","name":"Comment","target":["https:\/\/radiohuancayo.com.pe\/wp54\/tito-jackson-hermano-del-rey-del-pop-y-miembro-de-the-jackson-5-murio-a-los-70-anos\/#respond"]}]},{"@type":"WebPage","@id":"https:\/\/radiohuancayo.com.pe\/wp54\/tito-jackson-hermano-del-rey-del-pop-y-miembro-de-the-jackson-5-murio-a-los-70-anos\/","url":"https:\/\/radiohuancayo.com.pe\/wp54\/tito-jackson-hermano-del-rey-del-pop-y-miembro-de-the-jackson-5-murio-a-los-70-anos\/","name":"Tito Jackson, hermano del 'Rey del pop' y miembro de The Jackson 5, muri\u00f3 a los 70 a\u00f1os - Radio Huancayo","isPartOf":{"@id":"https:\/\/radiohuancayo.com.pe\/wp54\/#website"},"primaryImageOfPage":{"@id":"https:\/\/radiohuancayo.com.pe\/wp54\/tito-jackson-hermano-del-rey-del-pop-y-miembro-de-the-jackson-5-murio-a-los-70-anos\/#primaryimage"},"image":{"@id":"https:\/\/radiohuancayo.com.pe\/wp54\/tito-jackson-hermano-del-rey-del-pop-y-miembro-de-the-jackson-5-murio-a-los-70-anos\/#primaryimage"},"thumbnailUrl":"https:\/\/radiohuancayo.com.pe\/wp54\/wp-content\/uploads\/2024\/09\/image-29.png","datePublished":"2024-09-16T18:00:50+00:00","dateModified":"2024-09-16T18:00:51+00:00","breadcrumb":{"@id":"https:\/\/radiohuancayo.com.pe\/wp54\/tito-jackson-hermano-del-rey-del-pop-y-miembro-de-the-jackson-5-murio-a-los-70-anos\/#breadcrumb"},"inLanguage":"es","potentialAction":[{"@type":"ReadAction","target":["https:\/\/radiohuancayo.com.pe\/wp54\/tito-jackson-hermano-del-rey-del-pop-y-miembro-de-the-jackson-5-murio-a-los-70-anos\/"]}]},{"@type":"ImageObject","inLanguage":"es","@id":"https:\/\/radiohuancayo.com.pe\/wp54\/tito-jackson-hermano-del-rey-del-pop-y-miembro-de-the-jackson-5-murio-a-los-70-anos\/#primaryimage","url":"https:\/\/radiohuancayo.com.pe\/wp54\/wp-content\/uploads\/2024\/09\/image-29.png","contentUrl":"https:\/\/radiohuancayo.com.pe\/wp54\/wp-content\/uploads\/2024\/09\/image-29.png","width":1427,"height":794},{"@type":"BreadcrumbList","@id":"https:\/\/radiohuancayo.com.pe\/wp54\/tito-jackson-hermano-del-rey-del-pop-y-miembro-de-the-jackson-5-murio-a-los-70-anos\/#breadcrumb","itemListElement":[{"@type":"ListItem","position":1,"name":"Portada","item":"https:\/\/radiohuancayo.com.pe\/wp54\/"},{"@type":"ListItem","position":2,"name":"Tito Jackson, hermano del &#8216;Rey del pop&#8217; y miembro de The Jackson 5, muri\u00f3 a los 70 a\u00f1os"}]},{"@type":"WebSite","@id":"https:\/\/radiohuancayo.com.pe\/wp54\/#website","url":"https:\/\/radiohuancayo.com.pe\/wp54\/","name":"Radio Huancayo","description":"me gusta!!!","publisher":{"@id":"https:\/\/radiohuancayo.com.pe\/wp54\/#organization"},"potentialAction":[{"@type":"SearchAction","target":{"@type":"EntryPoint","urlTemplate":"https:\/\/radiohuancayo.com.pe\/wp54\/?s={search_term_string}"},"query-input":{"@type":"PropertyValueSpecification","valueRequired":true,"valueName":"search_term_string"}}],"inLanguage":"es"},{"@type":"Organization","@id":"https:\/\/radiohuancayo.com.pe\/wp54\/#organization","name":"Radio Huancayo","url":"https:\/\/radiohuancayo.com.pe\/wp54\/","logo":{"@type":"ImageObject","inLanguage":"es","@id":"https:\/\/radiohuancayo.com.pe\/wp54\/#\/schema\/logo\/image\/","url":"https:\/\/radiohuancayo.com.pe\/wp54\/wp-content\/uploads\/2022\/04\/CABE01.png","contentUrl":"https:\/\/radiohuancayo.com.pe\/wp54\/wp-content\/uploads\/2022\/04\/CABE01.png","width":1640,"height":300,"caption":"Radio Huancayo"},"image":{"@id":"https:\/\/radiohuancayo.com.pe\/wp54\/#\/schema\/logo\/image\/"}},{"@type":"Person","@id":"https:\/\/radiohuancayo.com.pe\/wp54\/#\/schema\/person\/6baed031d35922e76b91866439cb0b86","name":"Maytin DBO","image":{"@type":"ImageObject","inLanguage":"es","@id":"https:\/\/secure.gravatar.com\/avatar\/58ac8a13712dd72aa77651ede28efcec1556ba2f16162e16bbad5b8220f88ac4?s=96&d=mm&r=g","url":"https:\/\/secure.gravatar.com\/avatar\/58ac8a13712dd72aa77651ede28efcec1556ba2f16162e16bbad5b8220f88ac4?s=96&d=mm&r=g","contentUrl":"https:\/\/secure.gravatar.com\/avatar\/58ac8a13712dd72aa77651ede28efcec1556ba2f16162e16bbad5b8220f88ac4?s=96&d=mm&r=g","caption":"Maytin DBO"},"url":"https:\/\/radiohuancayo.com.pe\/wp54\/author\/debuenaonda\/"}]}},"_links":{"self":[{"href":"https:\/\/radiohuancayo.com.pe\/wp54\/wp-json\/wp\/v2\/posts\/28384","targetHints":{"allow":["GET"]}}],"collection":[{"href":"https:\/\/radiohuancayo.com.pe\/wp54\/wp-json\/wp\/v2\/posts"}],"about":[{"href":"https:\/\/radiohuancayo.com.pe\/wp54\/wp-json\/wp\/v2\/types\/post"}],"author":[{"embeddable":true,"href":"https:\/\/radiohuancayo.com.pe\/wp54\/wp-json\/wp\/v2\/users\/5"}],"replies":[{"embeddable":true,"href":"https:\/\/radiohuancayo.com.pe\/wp54\/wp-json\/wp\/v2\/comments?post=28384"}],"version-history":[{"count":1,"href":"https:\/\/radiohuancayo.com.pe\/wp54\/wp-json\/wp\/v2\/posts\/28384\/revisions"}],"predecessor-version":[{"id":28386,"href":"https:\/\/radiohuancayo.com.pe\/wp54\/wp-json\/wp\/v2\/posts\/28384\/revisions\/28386"}],"wp:featuredmedia":[{"embeddable":true,"href":"https:\/\/radiohuancayo.com.pe\/wp54\/wp-json\/wp\/v2\/media\/28385"}],"wp:attachment":[{"href":"https:\/\/radiohuancayo.com.pe\/wp54\/wp-json\/wp\/v2\/media?parent=28384"}],"wp:term":[{"taxonomy":"category","embeddable":true,"href":"https:\/\/radiohuancayo.com.pe\/wp54\/wp-json\/wp\/v2\/categories?post=28384"},{"taxonomy":"post_tag","embeddable":true,"href":"https:\/\/radiohuancayo.com.pe\/wp54\/wp-json\/wp\/v2\/tags?post=28384"}],"curies":[{"name":"wp","href":"https:\/\/api.w.org\/{rel}","templated":true}]}}