{"id":28459,"date":"2024-09-24T16:01:38","date_gmt":"2024-09-24T21:01:38","guid":{"rendered":"https:\/\/radiohuancayo.com.pe\/wp54\/?p=28459"},"modified":"2024-09-24T16:01:38","modified_gmt":"2024-09-24T21:01:38","slug":"letelier-vamos-a-esforzarnos-para-dejar-a-alianza-lo-mas-arriba-posible","status":"publish","type":"post","link":"https:\/\/radiohuancayo.com.pe\/wp54\/letelier-vamos-a-esforzarnos-para-dejar-a-alianza-lo-mas-arriba-posible\/","title":{"rendered":"\u00a0Letelier: \u00abVamos a esforzarnos para dejar a Alianza lo m\u00e1s arriba posible\u00bb"},"content":{"rendered":"\n<p>Jos\u00e9 Letelier, t\u00e9cnico del equipo femenino de Alianza Lima, habl\u00f3 de cara a la Copa Libertadores y destac\u00f3 el nivel competitivo del plantel.<\/p>\n\n\n\n<p>El t\u00e9cnico chileno habl\u00f3 del partido inicial en la Libertadores ante Santiago Morning: \u00abEs el primer partido, eso tambi\u00e9n genera mucha expectativa, tambi\u00e9n un poco de ansiedad pero ya hemos venido trabajando en la parte psicol\u00f3gica, en c\u00f3mo enfrentar al rival. Es un buen equipo, hay jugadores que tienen mucha experiencia a nivel internacional, lo estamos analizando para ver cu\u00e1l ser\u00eda la mejor propuesta nuestra pero fundamentalmente preocuparnos de lo que Alianza pueda hacer como equipo, m\u00e1s all\u00e1 de lo que el rival pueda ofrecer\u00bb.<\/p>\n\n\n\n<p><br>Con respecto a si el objetivo es pasar la fase de grupos explic\u00f3: \u00abEs un objetivo pero yo creo que siendo bien responsable de lo que significa representar a Alianza como instituci\u00f3n, lo primero es competir y con eso vamos a poder estar m\u00e1s cerca de conseguir los objetivos\u00bb.<\/p>\n\n\n\n<p>\u00abPuedo ofrecer un trabajo honesto, ser lo m\u00e1s representativo a la instituci\u00f3n, cada jugadora va a poner todo de s\u00ed en la cancha y esforzarnos por dejar lo m\u00e1s arriba a Alianza posible\u00bb, manifest\u00f3.<\/p>\n\n\n\n<p>\u00bfEs una tarea complicada armar la lista de convocadas?<br>\u00abEn la medida que sea dif\u00edcil es mucho mejor porque eso indica que el nivel de las jugadoras es parejo. No hay muchas diferencias y eso es positivo para conseguir los mejores rendimientos\u00bb, asegur\u00f3.<\/p>\n\n\n\n<p>Finalmente sobre las jugadoras que han entrenado diferenciado coment\u00f3: \u00abDe repente hay algunos problemas f\u00edsicos pero nada importante por ahora pero esperemos que todas est\u00e9n en condiciones para el primer partido\u00bb.<\/p>\n","protected":false},"excerpt":{"rendered":"<p>Jos\u00e9 Letelier, t\u00e9cnico del equipo femenino de Alianza Lima, habl\u00f3 de cara a la Copa Libertadores y destac\u00f3 el nivel competitivo del plantel. El t\u00e9cnico chileno habl\u00f3 del partido inicial en la Libertadores ante Santiago Morning: \u00abEs el primer partido, eso tambi\u00e9n genera mucha expectativa, tambi\u00e9n un poco de ansiedad pero ya hemos venido trabajando en la parte psicol\u00f3gica, en c\u00f3mo enfrentar al rival. Es un buen equipo, hay jugadores que tienen mucha experiencia a nivel internacional, lo estamos analizando para ver cu\u00e1l ser\u00eda la mejor propuesta nuestra pero fundamentalmente preocuparnos de lo que Alianza pueda hacer como equipo, m\u00e1s all\u00e1 de lo que el rival pueda ofrecer\u00bb. Con respecto a si el objetivo es pasar la fase de grupos explic\u00f3: \u00abEs un objetivo pero yo creo que siendo bien responsable de lo que significa representar a Alianza como instituci\u00f3n, lo primero es competir y con eso vamos a poder estar m\u00e1s cerca de conseguir los objetivos\u00bb. \u00abPuedo ofrecer un trabajo honesto, ser lo m\u00e1s representativo a la instituci\u00f3n, cada jugadora va a poner todo de s\u00ed en la cancha y esforzarnos por dejar lo m\u00e1s arriba a Alianza posible\u00bb, manifest\u00f3. \u00bfEs una tarea complicada armar la lista de convocadas?\u00abEn la medida que sea dif\u00edcil es mucho mejor porque eso indica que el nivel de las jugadoras es parejo. No hay muchas diferencias y eso es positivo para conseguir los mejores rendimientos\u00bb, asegur\u00f3. Finalmente sobre las jugadoras que han entrenado diferenciado coment\u00f3: \u00abDe repente hay algunos problemas f\u00edsicos pero nada importante por ahora pero esperemos que todas est\u00e9n en condiciones para el primer partido\u00bb.<\/p>\n","protected":false},"author":2,"featured_media":28460,"comment_status":"open","ping_status":"open","sticky":false,"template":"","format":"standard","meta":{"footnotes":""},"categories":[7],"tags":[],"class_list":["post-28459","post","type-post","status-publish","format-standard","has-post-thumbnail","hentry","category-deportes"],"yoast_head":"<!-- This site is optimized with the Yoast SEO plugin v27.5 - https:\/\/yoast.com\/product\/yoast-seo-wordpress\/ -->\n<title>\u00a0Letelier: &quot;Vamos a esforzarnos para dejar a Alianza lo m\u00e1s arriba posible&quot; - Radio Huancayo<\/title>\n<meta name=\"robots\" content=\"index, follow, max-snippet:-1, max-image-preview:large, max-video-preview:-1\" \/>\n<link rel=\"canonical\" href=\"https:\/\/radiohuancayo.com.pe\/wp54\/letelier-vamos-a-esforzarnos-para-dejar-a-alianza-lo-mas-arriba-posible\/\" \/>\n<meta property=\"og:locale\" content=\"es_ES\" \/>\n<meta property=\"og:type\" content=\"article\" \/>\n<meta property=\"og:title\" content=\"\u00a0Letelier: &quot;Vamos a esforzarnos para dejar a Alianza lo m\u00e1s arriba posible&quot; - Radio Huancayo\" \/>\n<meta property=\"og:description\" content=\"Jos\u00e9 Letelier, t\u00e9cnico del equipo femenino de Alianza Lima, habl\u00f3 de cara a la Copa Libertadores y destac\u00f3 el nivel competitivo del plantel. El t\u00e9cnico chileno habl\u00f3 del partido inicial en la Libertadores ante Santiago Morning: \u00abEs el primer partido, eso tambi\u00e9n genera mucha expectativa, tambi\u00e9n un poco de ansiedad pero ya hemos venido trabajando en la parte psicol\u00f3gica, en c\u00f3mo enfrentar al rival. Es un buen equipo, hay jugadores que tienen mucha experiencia a nivel internacional, lo estamos analizando para ver cu\u00e1l ser\u00eda la mejor propuesta nuestra pero fundamentalmente preocuparnos de lo que Alianza pueda hacer como equipo, m\u00e1s all\u00e1 de lo que el rival pueda ofrecer\u00bb. Con respecto a si el objetivo es pasar la fase de grupos explic\u00f3: \u00abEs un objetivo pero yo creo que siendo bien responsable de lo que significa representar a Alianza como instituci\u00f3n, lo primero es competir y con eso vamos a poder estar m\u00e1s cerca de conseguir los objetivos\u00bb. \u00abPuedo ofrecer un trabajo honesto, ser lo m\u00e1s representativo a la instituci\u00f3n, cada jugadora va a poner todo de s\u00ed en la cancha y esforzarnos por dejar lo m\u00e1s arriba a Alianza posible\u00bb, manifest\u00f3. \u00bfEs una tarea complicada armar la lista de convocadas?\u00abEn la medida que sea dif\u00edcil es mucho mejor porque eso indica que el nivel de las jugadoras es parejo. No hay muchas diferencias y eso es positivo para conseguir los mejores rendimientos\u00bb, asegur\u00f3. Finalmente sobre las jugadoras que han entrenado diferenciado coment\u00f3: \u00abDe repente hay algunos problemas f\u00edsicos pero nada importante por ahora pero esperemos que todas est\u00e9n en condiciones para el primer partido\u00bb.\" \/>\n<meta property=\"og:url\" content=\"https:\/\/radiohuancayo.com.pe\/wp54\/letelier-vamos-a-esforzarnos-para-dejar-a-alianza-lo-mas-arriba-posible\/\" \/>\n<meta property=\"og:site_name\" content=\"Radio Huancayo\" \/>\n<meta property=\"article:published_time\" content=\"2024-09-24T21:01:38+00:00\" \/>\n<meta property=\"og:image\" content=\"https:\/\/radiohuancayo.com.pe\/wp54\/wp-content\/uploads\/2024\/09\/letelier.jpg\" \/>\n\t<meta property=\"og:image:width\" content=\"1200\" \/>\n\t<meta property=\"og:image:height\" content=\"630\" \/>\n\t<meta property=\"og:image:type\" content=\"image\/jpeg\" \/>\n<meta name=\"author\" content=\"Michel Sanchez\" \/>\n<meta name=\"twitter:card\" content=\"summary_large_image\" \/>\n<meta name=\"twitter:label1\" content=\"Escrito por\" \/>\n\t<meta name=\"twitter:data1\" content=\"Michel Sanchez\" \/>\n\t<meta name=\"twitter:label2\" content=\"Tiempo de lectura\" \/>\n\t<meta name=\"twitter:data2\" content=\"2 minutos\" \/>\n<script type=\"application\/ld+json\" class=\"yoast-schema-graph\">{\"@context\":\"https:\\\/\\\/schema.org\",\"@graph\":[{\"@type\":\"Article\",\"@id\":\"https:\\\/\\\/radiohuancayo.com.pe\\\/wp54\\\/letelier-vamos-a-esforzarnos-para-dejar-a-alianza-lo-mas-arriba-posible\\\/#article\",\"isPartOf\":{\"@id\":\"https:\\\/\\\/radiohuancayo.com.pe\\\/wp54\\\/letelier-vamos-a-esforzarnos-para-dejar-a-alianza-lo-mas-arriba-posible\\\/\"},\"author\":{\"name\":\"Michel Sanchez\",\"@id\":\"https:\\\/\\\/radiohuancayo.com.pe\\\/wp54\\\/#\\\/schema\\\/person\\\/74fb124dee9900c6f4d0535fa1d2b5ae\"},\"headline\":\"\u00a0Letelier: \u00abVamos a esforzarnos para dejar a Alianza lo m\u00e1s arriba posible\u00bb\",\"datePublished\":\"2024-09-24T21:01:38+00:00\",\"mainEntityOfPage\":{\"@id\":\"https:\\\/\\\/radiohuancayo.com.pe\\\/wp54\\\/letelier-vamos-a-esforzarnos-para-dejar-a-alianza-lo-mas-arriba-posible\\\/\"},\"wordCount\":295,\"commentCount\":0,\"publisher\":{\"@id\":\"https:\\\/\\\/radiohuancayo.com.pe\\\/wp54\\\/#organization\"},\"image\":{\"@id\":\"https:\\\/\\\/radiohuancayo.com.pe\\\/wp54\\\/letelier-vamos-a-esforzarnos-para-dejar-a-alianza-lo-mas-arriba-posible\\\/#primaryimage\"},\"thumbnailUrl\":\"https:\\\/\\\/radiohuancayo.com.pe\\\/wp54\\\/wp-content\\\/uploads\\\/2024\\\/09\\\/letelier.jpg\",\"articleSection\":[\"Deportes\"],\"inLanguage\":\"es\",\"potentialAction\":[{\"@type\":\"CommentAction\",\"name\":\"Comment\",\"target\":[\"https:\\\/\\\/radiohuancayo.com.pe\\\/wp54\\\/letelier-vamos-a-esforzarnos-para-dejar-a-alianza-lo-mas-arriba-posible\\\/#respond\"]}]},{\"@type\":\"WebPage\",\"@id\":\"https:\\\/\\\/radiohuancayo.com.pe\\\/wp54\\\/letelier-vamos-a-esforzarnos-para-dejar-a-alianza-lo-mas-arriba-posible\\\/\",\"url\":\"https:\\\/\\\/radiohuancayo.com.pe\\\/wp54\\\/letelier-vamos-a-esforzarnos-para-dejar-a-alianza-lo-mas-arriba-posible\\\/\",\"name\":\"\u00a0Letelier: \\\"Vamos a esforzarnos para dejar a Alianza lo m\u00e1s arriba posible\\\" - Radio Huancayo\",\"isPartOf\":{\"@id\":\"https:\\\/\\\/radiohuancayo.com.pe\\\/wp54\\\/#website\"},\"primaryImageOfPage\":{\"@id\":\"https:\\\/\\\/radiohuancayo.com.pe\\\/wp54\\\/letelier-vamos-a-esforzarnos-para-dejar-a-alianza-lo-mas-arriba-posible\\\/#primaryimage\"},\"image\":{\"@id\":\"https:\\\/\\\/radiohuancayo.com.pe\\\/wp54\\\/letelier-vamos-a-esforzarnos-para-dejar-a-alianza-lo-mas-arriba-posible\\\/#primaryimage\"},\"thumbnailUrl\":\"https:\\\/\\\/radiohuancayo.com.pe\\\/wp54\\\/wp-content\\\/uploads\\\/2024\\\/09\\\/letelier.jpg\",\"datePublished\":\"2024-09-24T21:01:38+00:00\",\"breadcrumb\":{\"@id\":\"https:\\\/\\\/radiohuancayo.com.pe\\\/wp54\\\/letelier-vamos-a-esforzarnos-para-dejar-a-alianza-lo-mas-arriba-posible\\\/#breadcrumb\"},\"inLanguage\":\"es\",\"potentialAction\":[{\"@type\":\"ReadAction\",\"target\":[\"https:\\\/\\\/radiohuancayo.com.pe\\\/wp54\\\/letelier-vamos-a-esforzarnos-para-dejar-a-alianza-lo-mas-arriba-posible\\\/\"]}]},{\"@type\":\"ImageObject\",\"inLanguage\":\"es\",\"@id\":\"https:\\\/\\\/radiohuancayo.com.pe\\\/wp54\\\/letelier-vamos-a-esforzarnos-para-dejar-a-alianza-lo-mas-arriba-posible\\\/#primaryimage\",\"url\":\"https:\\\/\\\/radiohuancayo.com.pe\\\/wp54\\\/wp-content\\\/uploads\\\/2024\\\/09\\\/letelier.jpg\",\"contentUrl\":\"https:\\\/\\\/radiohuancayo.com.pe\\\/wp54\\\/wp-content\\\/uploads\\\/2024\\\/09\\\/letelier.jpg\",\"width\":1200,\"height\":630},{\"@type\":\"BreadcrumbList\",\"@id\":\"https:\\\/\\\/radiohuancayo.com.pe\\\/wp54\\\/letelier-vamos-a-esforzarnos-para-dejar-a-alianza-lo-mas-arriba-posible\\\/#breadcrumb\",\"itemListElement\":[{\"@type\":\"ListItem\",\"position\":1,\"name\":\"Portada\",\"item\":\"https:\\\/\\\/radiohuancayo.com.pe\\\/wp54\\\/\"},{\"@type\":\"ListItem\",\"position\":2,\"name\":\"\u00a0Letelier: &#8220;Vamos a esforzarnos para dejar a Alianza lo m\u00e1s arriba posible&#8221;\"}]},{\"@type\":\"WebSite\",\"@id\":\"https:\\\/\\\/radiohuancayo.com.pe\\\/wp54\\\/#website\",\"url\":\"https:\\\/\\\/radiohuancayo.com.pe\\\/wp54\\\/\",\"name\":\"Radio Huancayo\",\"description\":\"me gusta!!!\",\"publisher\":{\"@id\":\"https:\\\/\\\/radiohuancayo.com.pe\\\/wp54\\\/#organization\"},\"potentialAction\":[{\"@type\":\"SearchAction\",\"target\":{\"@type\":\"EntryPoint\",\"urlTemplate\":\"https:\\\/\\\/radiohuancayo.com.pe\\\/wp54\\\/?s={search_term_string}\"},\"query-input\":{\"@type\":\"PropertyValueSpecification\",\"valueRequired\":true,\"valueName\":\"search_term_string\"}}],\"inLanguage\":\"es\"},{\"@type\":\"Organization\",\"@id\":\"https:\\\/\\\/radiohuancayo.com.pe\\\/wp54\\\/#organization\",\"name\":\"Radio Huancayo\",\"url\":\"https:\\\/\\\/radiohuancayo.com.pe\\\/wp54\\\/\",\"logo\":{\"@type\":\"ImageObject\",\"inLanguage\":\"es\",\"@id\":\"https:\\\/\\\/radiohuancayo.com.pe\\\/wp54\\\/#\\\/schema\\\/logo\\\/image\\\/\",\"url\":\"https:\\\/\\\/radiohuancayo.com.pe\\\/wp54\\\/wp-content\\\/uploads\\\/2022\\\/04\\\/CABE01.png\",\"contentUrl\":\"https:\\\/\\\/radiohuancayo.com.pe\\\/wp54\\\/wp-content\\\/uploads\\\/2022\\\/04\\\/CABE01.png\",\"width\":1640,\"height\":300,\"caption\":\"Radio Huancayo\"},\"image\":{\"@id\":\"https:\\\/\\\/radiohuancayo.com.pe\\\/wp54\\\/#\\\/schema\\\/logo\\\/image\\\/\"}},{\"@type\":\"Person\",\"@id\":\"https:\\\/\\\/radiohuancayo.com.pe\\\/wp54\\\/#\\\/schema\\\/person\\\/74fb124dee9900c6f4d0535fa1d2b5ae\",\"name\":\"Michel Sanchez\",\"image\":{\"@type\":\"ImageObject\",\"inLanguage\":\"es\",\"@id\":\"https:\\\/\\\/secure.gravatar.com\\\/avatar\\\/f7f6944c01b3f15a174d0cf055aea75c46697913fc8a9cf5c3cf3e8800c645f6?s=96&d=mm&r=g\",\"url\":\"https:\\\/\\\/secure.gravatar.com\\\/avatar\\\/f7f6944c01b3f15a174d0cf055aea75c46697913fc8a9cf5c3cf3e8800c645f6?s=96&d=mm&r=g\",\"contentUrl\":\"https:\\\/\\\/secure.gravatar.com\\\/avatar\\\/f7f6944c01b3f15a174d0cf055aea75c46697913fc8a9cf5c3cf3e8800c645f6?s=96&d=mm&r=g\",\"caption\":\"Michel Sanchez\"},\"url\":\"https:\\\/\\\/radiohuancayo.com.pe\\\/wp54\\\/author\\\/memoris\\\/\"}]}<\/script>\n<!-- \/ Yoast SEO plugin. -->","yoast_head_json":{"title":"\u00a0Letelier: \"Vamos a esforzarnos para dejar a Alianza lo m\u00e1s arriba posible\" - Radio Huancayo","robots":{"index":"index","follow":"follow","max-snippet":"max-snippet:-1","max-image-preview":"max-image-preview:large","max-video-preview":"max-video-preview:-1"},"canonical":"https:\/\/radiohuancayo.com.pe\/wp54\/letelier-vamos-a-esforzarnos-para-dejar-a-alianza-lo-mas-arriba-posible\/","og_locale":"es_ES","og_type":"article","og_title":"\u00a0Letelier: \"Vamos a esforzarnos para dejar a Alianza lo m\u00e1s arriba posible\" - Radio Huancayo","og_description":"Jos\u00e9 Letelier, t\u00e9cnico del equipo femenino de Alianza Lima, habl\u00f3 de cara a la Copa Libertadores y destac\u00f3 el nivel competitivo del plantel. El t\u00e9cnico chileno habl\u00f3 del partido inicial en la Libertadores ante Santiago Morning: \u00abEs el primer partido, eso tambi\u00e9n genera mucha expectativa, tambi\u00e9n un poco de ansiedad pero ya hemos venido trabajando en la parte psicol\u00f3gica, en c\u00f3mo enfrentar al rival. Es un buen equipo, hay jugadores que tienen mucha experiencia a nivel internacional, lo estamos analizando para ver cu\u00e1l ser\u00eda la mejor propuesta nuestra pero fundamentalmente preocuparnos de lo que Alianza pueda hacer como equipo, m\u00e1s all\u00e1 de lo que el rival pueda ofrecer\u00bb. Con respecto a si el objetivo es pasar la fase de grupos explic\u00f3: \u00abEs un objetivo pero yo creo que siendo bien responsable de lo que significa representar a Alianza como instituci\u00f3n, lo primero es competir y con eso vamos a poder estar m\u00e1s cerca de conseguir los objetivos\u00bb. \u00abPuedo ofrecer un trabajo honesto, ser lo m\u00e1s representativo a la instituci\u00f3n, cada jugadora va a poner todo de s\u00ed en la cancha y esforzarnos por dejar lo m\u00e1s arriba a Alianza posible\u00bb, manifest\u00f3. \u00bfEs una tarea complicada armar la lista de convocadas?\u00abEn la medida que sea dif\u00edcil es mucho mejor porque eso indica que el nivel de las jugadoras es parejo. No hay muchas diferencias y eso es positivo para conseguir los mejores rendimientos\u00bb, asegur\u00f3. Finalmente sobre las jugadoras que han entrenado diferenciado coment\u00f3: \u00abDe repente hay algunos problemas f\u00edsicos pero nada importante por ahora pero esperemos que todas est\u00e9n en condiciones para el primer partido\u00bb.","og_url":"https:\/\/radiohuancayo.com.pe\/wp54\/letelier-vamos-a-esforzarnos-para-dejar-a-alianza-lo-mas-arriba-posible\/","og_site_name":"Radio Huancayo","article_published_time":"2024-09-24T21:01:38+00:00","og_image":[{"width":1200,"height":630,"url":"https:\/\/radiohuancayo.com.pe\/wp54\/wp-content\/uploads\/2024\/09\/letelier.jpg","type":"image\/jpeg"}],"author":"Michel Sanchez","twitter_card":"summary_large_image","twitter_misc":{"Escrito por":"Michel Sanchez","Tiempo de lectura":"2 minutos"},"schema":{"@context":"https:\/\/schema.org","@graph":[{"@type":"Article","@id":"https:\/\/radiohuancayo.com.pe\/wp54\/letelier-vamos-a-esforzarnos-para-dejar-a-alianza-lo-mas-arriba-posible\/#article","isPartOf":{"@id":"https:\/\/radiohuancayo.com.pe\/wp54\/letelier-vamos-a-esforzarnos-para-dejar-a-alianza-lo-mas-arriba-posible\/"},"author":{"name":"Michel Sanchez","@id":"https:\/\/radiohuancayo.com.pe\/wp54\/#\/schema\/person\/74fb124dee9900c6f4d0535fa1d2b5ae"},"headline":"\u00a0Letelier: \u00abVamos a esforzarnos para dejar a Alianza lo m\u00e1s arriba posible\u00bb","datePublished":"2024-09-24T21:01:38+00:00","mainEntityOfPage":{"@id":"https:\/\/radiohuancayo.com.pe\/wp54\/letelier-vamos-a-esforzarnos-para-dejar-a-alianza-lo-mas-arriba-posible\/"},"wordCount":295,"commentCount":0,"publisher":{"@id":"https:\/\/radiohuancayo.com.pe\/wp54\/#organization"},"image":{"@id":"https:\/\/radiohuancayo.com.pe\/wp54\/letelier-vamos-a-esforzarnos-para-dejar-a-alianza-lo-mas-arriba-posible\/#primaryimage"},"thumbnailUrl":"https:\/\/radiohuancayo.com.pe\/wp54\/wp-content\/uploads\/2024\/09\/letelier.jpg","articleSection":["Deportes"],"inLanguage":"es","potentialAction":[{"@type":"CommentAction","name":"Comment","target":["https:\/\/radiohuancayo.com.pe\/wp54\/letelier-vamos-a-esforzarnos-para-dejar-a-alianza-lo-mas-arriba-posible\/#respond"]}]},{"@type":"WebPage","@id":"https:\/\/radiohuancayo.com.pe\/wp54\/letelier-vamos-a-esforzarnos-para-dejar-a-alianza-lo-mas-arriba-posible\/","url":"https:\/\/radiohuancayo.com.pe\/wp54\/letelier-vamos-a-esforzarnos-para-dejar-a-alianza-lo-mas-arriba-posible\/","name":"\u00a0Letelier: \"Vamos a esforzarnos para dejar a Alianza lo m\u00e1s arriba posible\" - Radio Huancayo","isPartOf":{"@id":"https:\/\/radiohuancayo.com.pe\/wp54\/#website"},"primaryImageOfPage":{"@id":"https:\/\/radiohuancayo.com.pe\/wp54\/letelier-vamos-a-esforzarnos-para-dejar-a-alianza-lo-mas-arriba-posible\/#primaryimage"},"image":{"@id":"https:\/\/radiohuancayo.com.pe\/wp54\/letelier-vamos-a-esforzarnos-para-dejar-a-alianza-lo-mas-arriba-posible\/#primaryimage"},"thumbnailUrl":"https:\/\/radiohuancayo.com.pe\/wp54\/wp-content\/uploads\/2024\/09\/letelier.jpg","datePublished":"2024-09-24T21:01:38+00:00","breadcrumb":{"@id":"https:\/\/radiohuancayo.com.pe\/wp54\/letelier-vamos-a-esforzarnos-para-dejar-a-alianza-lo-mas-arriba-posible\/#breadcrumb"},"inLanguage":"es","potentialAction":[{"@type":"ReadAction","target":["https:\/\/radiohuancayo.com.pe\/wp54\/letelier-vamos-a-esforzarnos-para-dejar-a-alianza-lo-mas-arriba-posible\/"]}]},{"@type":"ImageObject","inLanguage":"es","@id":"https:\/\/radiohuancayo.com.pe\/wp54\/letelier-vamos-a-esforzarnos-para-dejar-a-alianza-lo-mas-arriba-posible\/#primaryimage","url":"https:\/\/radiohuancayo.com.pe\/wp54\/wp-content\/uploads\/2024\/09\/letelier.jpg","contentUrl":"https:\/\/radiohuancayo.com.pe\/wp54\/wp-content\/uploads\/2024\/09\/letelier.jpg","width":1200,"height":630},{"@type":"BreadcrumbList","@id":"https:\/\/radiohuancayo.com.pe\/wp54\/letelier-vamos-a-esforzarnos-para-dejar-a-alianza-lo-mas-arriba-posible\/#breadcrumb","itemListElement":[{"@type":"ListItem","position":1,"name":"Portada","item":"https:\/\/radiohuancayo.com.pe\/wp54\/"},{"@type":"ListItem","position":2,"name":"\u00a0Letelier: &#8220;Vamos a esforzarnos para dejar a Alianza lo m\u00e1s arriba posible&#8221;"}]},{"@type":"WebSite","@id":"https:\/\/radiohuancayo.com.pe\/wp54\/#website","url":"https:\/\/radiohuancayo.com.pe\/wp54\/","name":"Radio Huancayo","description":"me gusta!!!","publisher":{"@id":"https:\/\/radiohuancayo.com.pe\/wp54\/#organization"},"potentialAction":[{"@type":"SearchAction","target":{"@type":"EntryPoint","urlTemplate":"https:\/\/radiohuancayo.com.pe\/wp54\/?s={search_term_string}"},"query-input":{"@type":"PropertyValueSpecification","valueRequired":true,"valueName":"search_term_string"}}],"inLanguage":"es"},{"@type":"Organization","@id":"https:\/\/radiohuancayo.com.pe\/wp54\/#organization","name":"Radio Huancayo","url":"https:\/\/radiohuancayo.com.pe\/wp54\/","logo":{"@type":"ImageObject","inLanguage":"es","@id":"https:\/\/radiohuancayo.com.pe\/wp54\/#\/schema\/logo\/image\/","url":"https:\/\/radiohuancayo.com.pe\/wp54\/wp-content\/uploads\/2022\/04\/CABE01.png","contentUrl":"https:\/\/radiohuancayo.com.pe\/wp54\/wp-content\/uploads\/2022\/04\/CABE01.png","width":1640,"height":300,"caption":"Radio Huancayo"},"image":{"@id":"https:\/\/radiohuancayo.com.pe\/wp54\/#\/schema\/logo\/image\/"}},{"@type":"Person","@id":"https:\/\/radiohuancayo.com.pe\/wp54\/#\/schema\/person\/74fb124dee9900c6f4d0535fa1d2b5ae","name":"Michel Sanchez","image":{"@type":"ImageObject","inLanguage":"es","@id":"https:\/\/secure.gravatar.com\/avatar\/f7f6944c01b3f15a174d0cf055aea75c46697913fc8a9cf5c3cf3e8800c645f6?s=96&d=mm&r=g","url":"https:\/\/secure.gravatar.com\/avatar\/f7f6944c01b3f15a174d0cf055aea75c46697913fc8a9cf5c3cf3e8800c645f6?s=96&d=mm&r=g","contentUrl":"https:\/\/secure.gravatar.com\/avatar\/f7f6944c01b3f15a174d0cf055aea75c46697913fc8a9cf5c3cf3e8800c645f6?s=96&d=mm&r=g","caption":"Michel Sanchez"},"url":"https:\/\/radiohuancayo.com.pe\/wp54\/author\/memoris\/"}]}},"_links":{"self":[{"href":"https:\/\/radiohuancayo.com.pe\/wp54\/wp-json\/wp\/v2\/posts\/28459","targetHints":{"allow":["GET"]}}],"collection":[{"href":"https:\/\/radiohuancayo.com.pe\/wp54\/wp-json\/wp\/v2\/posts"}],"about":[{"href":"https:\/\/radiohuancayo.com.pe\/wp54\/wp-json\/wp\/v2\/types\/post"}],"author":[{"embeddable":true,"href":"https:\/\/radiohuancayo.com.pe\/wp54\/wp-json\/wp\/v2\/users\/2"}],"replies":[{"embeddable":true,"href":"https:\/\/radiohuancayo.com.pe\/wp54\/wp-json\/wp\/v2\/comments?post=28459"}],"version-history":[{"count":1,"href":"https:\/\/radiohuancayo.com.pe\/wp54\/wp-json\/wp\/v2\/posts\/28459\/revisions"}],"predecessor-version":[{"id":28461,"href":"https:\/\/radiohuancayo.com.pe\/wp54\/wp-json\/wp\/v2\/posts\/28459\/revisions\/28461"}],"wp:featuredmedia":[{"embeddable":true,"href":"https:\/\/radiohuancayo.com.pe\/wp54\/wp-json\/wp\/v2\/media\/28460"}],"wp:attachment":[{"href":"https:\/\/radiohuancayo.com.pe\/wp54\/wp-json\/wp\/v2\/media?parent=28459"}],"wp:term":[{"taxonomy":"category","embeddable":true,"href":"https:\/\/radiohuancayo.com.pe\/wp54\/wp-json\/wp\/v2\/categories?post=28459"},{"taxonomy":"post_tag","embeddable":true,"href":"https:\/\/radiohuancayo.com.pe\/wp54\/wp-json\/wp\/v2\/tags?post=28459"}],"curies":[{"name":"wp","href":"https:\/\/api.w.org\/{rel}","templated":true}]}}