{"id":28462,"date":"2024-09-24T16:03:15","date_gmt":"2024-09-24T21:03:15","guid":{"rendered":"https:\/\/radiohuancayo.com.pe\/wp54\/?p=28462"},"modified":"2024-09-24T16:03:16","modified_gmt":"2024-09-24T21:03:16","slug":"fbc-melgar-anuncio-la-baja-de-bernardo-cuesta-por-lo-que-resta-del-2024","status":"publish","type":"post","link":"https:\/\/radiohuancayo.com.pe\/wp54\/fbc-melgar-anuncio-la-baja-de-bernardo-cuesta-por-lo-que-resta-del-2024\/","title":{"rendered":"FBC Melgar anunci\u00f3 la baja de Bernardo Cuesta por lo que resta del 2024"},"content":{"rendered":"\n<p>FBC Melgar anunci\u00f3 a trav\u00e9s de un comunicado la sensible baja del delantero Bernardo Cuesta tras sufrir una dura lesi\u00f3n en el encuentro ante Atl\u00e9tico Grau.<\/p>\n\n\n\n<p>\u00abEl FBC Melgar informa que nuestro capit\u00e1n, Bernardo Cuesta, ha sufrido una lesi\u00f3n ligamentaria meniscal en su rodilla derecha. Despu\u00e9s de los ex\u00e1menes m\u00e9dicos correspondientes, se ha determinado que deber\u00e1 someterse a una cirug\u00eda, seguida de una etapa de recuperaci\u00f3n que lo alejar\u00e1 de las canchas hasta la pr\u00f3xima temporada\u00bb, inici\u00f3 el comunicado.<\/p>\n\n\n\n<p>Luego, se a\u00f1ade: \u00abLamentamos profundamente esta situaci\u00f3n, ya que conocemos la entrega y dedicaci\u00f3n que siempre demuestra en cada partido\u00bb.<\/p>\n\n\n\n<p>Finalmente, en el documento se indica que \u00abdesde el club, queremos expresar todo nuestro apoyo a Bernardo en este momento complicado. Confiamos plenamente en su fortaleza y determinaci\u00f3n para superar esta etapa, y estamos seguros de que volver\u00e1 m\u00e1s fuerte que nunca. \u00a1Fuerza, Berni! La familia rojinegra est\u00e1 contigo, y esperamos verte de regreso pronto, no solo como capit\u00e1n, sino como la valiosa persona que siempre has sido\u00bb.<\/p>\n\n\n\n<h3 class=\"wp-block-heading\">Lo que se perder\u00e1 Cuesta&nbsp;<\/h3>\n\n\n\n<p>De esta manera, Bernardo Cuesta se perder\u00e1 el trascendental choque con Alianza Lima de este s\u00e1bado a las 8:30 pm en el estadio de Matute, Sport Boys, UTC, Huancayo y Garcilaso<\/p>\n","protected":false},"excerpt":{"rendered":"<p>FBC Melgar anunci\u00f3 a trav\u00e9s de un comunicado la sensible baja del delantero Bernardo Cuesta tras sufrir una dura lesi\u00f3n en el encuentro ante Atl\u00e9tico Grau. \u00abEl FBC Melgar informa que nuestro capit\u00e1n, Bernardo Cuesta, ha sufrido una lesi\u00f3n ligamentaria meniscal en su rodilla derecha. Despu\u00e9s de los ex\u00e1menes m\u00e9dicos correspondientes, se ha determinado que deber\u00e1 someterse a una cirug\u00eda, seguida de una etapa de recuperaci\u00f3n que lo alejar\u00e1 de las canchas hasta la pr\u00f3xima temporada\u00bb, inici\u00f3 el comunicado. Luego, se a\u00f1ade: \u00abLamentamos profundamente esta situaci\u00f3n, ya que conocemos la entrega y dedicaci\u00f3n que siempre demuestra en cada partido\u00bb. Finalmente, en el documento se indica que \u00abdesde el club, queremos expresar todo nuestro apoyo a Bernardo en este momento complicado. Confiamos plenamente en su fortaleza y determinaci\u00f3n para superar esta etapa, y estamos seguros de que volver\u00e1 m\u00e1s fuerte que nunca. \u00a1Fuerza, Berni! La familia rojinegra est\u00e1 contigo, y esperamos verte de regreso pronto, no solo como capit\u00e1n, sino como la valiosa persona que siempre has sido\u00bb. Lo que se perder\u00e1 Cuesta&nbsp; De esta manera, Bernardo Cuesta se perder\u00e1 el trascendental choque con Alianza Lima de este s\u00e1bado a las 8:30 pm en el estadio de Matute, Sport Boys, UTC, Huancayo y Garcilaso<\/p>\n","protected":false},"author":2,"featured_media":28463,"comment_status":"open","ping_status":"open","sticky":false,"template":"","format":"standard","meta":{"footnotes":""},"categories":[7],"tags":[],"class_list":["post-28462","post","type-post","status-publish","format-standard","has-post-thumbnail","hentry","category-deportes"],"yoast_head":"<!-- This site is optimized with the Yoast SEO plugin v27.5 - https:\/\/yoast.com\/product\/yoast-seo-wordpress\/ -->\n<title>FBC Melgar anunci\u00f3 la baja de Bernardo Cuesta por lo que resta del 2024 - Radio Huancayo<\/title>\n<meta name=\"robots\" content=\"index, follow, max-snippet:-1, max-image-preview:large, max-video-preview:-1\" \/>\n<link rel=\"canonical\" href=\"https:\/\/radiohuancayo.com.pe\/wp54\/fbc-melgar-anuncio-la-baja-de-bernardo-cuesta-por-lo-que-resta-del-2024\/\" \/>\n<meta property=\"og:locale\" content=\"es_ES\" \/>\n<meta property=\"og:type\" content=\"article\" \/>\n<meta property=\"og:title\" content=\"FBC Melgar anunci\u00f3 la baja de Bernardo Cuesta por lo que resta del 2024 - Radio Huancayo\" \/>\n<meta property=\"og:description\" content=\"FBC Melgar anunci\u00f3 a trav\u00e9s de un comunicado la sensible baja del delantero Bernardo Cuesta tras sufrir una dura lesi\u00f3n en el encuentro ante Atl\u00e9tico Grau. \u00abEl FBC Melgar informa que nuestro capit\u00e1n, Bernardo Cuesta, ha sufrido una lesi\u00f3n ligamentaria meniscal en su rodilla derecha. Despu\u00e9s de los ex\u00e1menes m\u00e9dicos correspondientes, se ha determinado que deber\u00e1 someterse a una cirug\u00eda, seguida de una etapa de recuperaci\u00f3n que lo alejar\u00e1 de las canchas hasta la pr\u00f3xima temporada\u00bb, inici\u00f3 el comunicado. Luego, se a\u00f1ade: \u00abLamentamos profundamente esta situaci\u00f3n, ya que conocemos la entrega y dedicaci\u00f3n que siempre demuestra en cada partido\u00bb. Finalmente, en el documento se indica que \u00abdesde el club, queremos expresar todo nuestro apoyo a Bernardo en este momento complicado. Confiamos plenamente en su fortaleza y determinaci\u00f3n para superar esta etapa, y estamos seguros de que volver\u00e1 m\u00e1s fuerte que nunca. \u00a1Fuerza, Berni! La familia rojinegra est\u00e1 contigo, y esperamos verte de regreso pronto, no solo como capit\u00e1n, sino como la valiosa persona que siempre has sido\u00bb. Lo que se perder\u00e1 Cuesta&nbsp; De esta manera, Bernardo Cuesta se perder\u00e1 el trascendental choque con Alianza Lima de este s\u00e1bado a las 8:30 pm en el estadio de Matute, Sport Boys, UTC, Huancayo y Garcilaso\" \/>\n<meta property=\"og:url\" content=\"https:\/\/radiohuancayo.com.pe\/wp54\/fbc-melgar-anuncio-la-baja-de-bernardo-cuesta-por-lo-que-resta-del-2024\/\" \/>\n<meta property=\"og:site_name\" content=\"Radio Huancayo\" \/>\n<meta property=\"article:published_time\" content=\"2024-09-24T21:03:15+00:00\" \/>\n<meta property=\"article:modified_time\" content=\"2024-09-24T21:03:16+00:00\" \/>\n<meta property=\"og:image\" content=\"https:\/\/radiohuancayo.com.pe\/wp54\/wp-content\/uploads\/2024\/09\/4604814318384181484547697955733155026456499n.jpg\" \/>\n\t<meta property=\"og:image:width\" content=\"1200\" \/>\n\t<meta property=\"og:image:height\" content=\"630\" \/>\n\t<meta property=\"og:image:type\" content=\"image\/jpeg\" \/>\n<meta name=\"author\" content=\"Michel Sanchez\" \/>\n<meta name=\"twitter:card\" content=\"summary_large_image\" \/>\n<meta name=\"twitter:label1\" content=\"Escrito por\" \/>\n\t<meta name=\"twitter:data1\" content=\"Michel Sanchez\" \/>\n\t<meta name=\"twitter:label2\" content=\"Tiempo de lectura\" \/>\n\t<meta name=\"twitter:data2\" content=\"1 minuto\" \/>\n<script type=\"application\/ld+json\" class=\"yoast-schema-graph\">{\"@context\":\"https:\\\/\\\/schema.org\",\"@graph\":[{\"@type\":\"Article\",\"@id\":\"https:\\\/\\\/radiohuancayo.com.pe\\\/wp54\\\/fbc-melgar-anuncio-la-baja-de-bernardo-cuesta-por-lo-que-resta-del-2024\\\/#article\",\"isPartOf\":{\"@id\":\"https:\\\/\\\/radiohuancayo.com.pe\\\/wp54\\\/fbc-melgar-anuncio-la-baja-de-bernardo-cuesta-por-lo-que-resta-del-2024\\\/\"},\"author\":{\"name\":\"Michel Sanchez\",\"@id\":\"https:\\\/\\\/radiohuancayo.com.pe\\\/wp54\\\/#\\\/schema\\\/person\\\/74fb124dee9900c6f4d0535fa1d2b5ae\"},\"headline\":\"FBC Melgar anunci\u00f3 la baja de Bernardo Cuesta por lo que resta del 2024\",\"datePublished\":\"2024-09-24T21:03:15+00:00\",\"dateModified\":\"2024-09-24T21:03:16+00:00\",\"mainEntityOfPage\":{\"@id\":\"https:\\\/\\\/radiohuancayo.com.pe\\\/wp54\\\/fbc-melgar-anuncio-la-baja-de-bernardo-cuesta-por-lo-que-resta-del-2024\\\/\"},\"wordCount\":234,\"commentCount\":0,\"publisher\":{\"@id\":\"https:\\\/\\\/radiohuancayo.com.pe\\\/wp54\\\/#organization\"},\"image\":{\"@id\":\"https:\\\/\\\/radiohuancayo.com.pe\\\/wp54\\\/fbc-melgar-anuncio-la-baja-de-bernardo-cuesta-por-lo-que-resta-del-2024\\\/#primaryimage\"},\"thumbnailUrl\":\"https:\\\/\\\/radiohuancayo.com.pe\\\/wp54\\\/wp-content\\\/uploads\\\/2024\\\/09\\\/4604814318384181484547697955733155026456499n.jpg\",\"articleSection\":[\"Deportes\"],\"inLanguage\":\"es\",\"potentialAction\":[{\"@type\":\"CommentAction\",\"name\":\"Comment\",\"target\":[\"https:\\\/\\\/radiohuancayo.com.pe\\\/wp54\\\/fbc-melgar-anuncio-la-baja-de-bernardo-cuesta-por-lo-que-resta-del-2024\\\/#respond\"]}]},{\"@type\":\"WebPage\",\"@id\":\"https:\\\/\\\/radiohuancayo.com.pe\\\/wp54\\\/fbc-melgar-anuncio-la-baja-de-bernardo-cuesta-por-lo-que-resta-del-2024\\\/\",\"url\":\"https:\\\/\\\/radiohuancayo.com.pe\\\/wp54\\\/fbc-melgar-anuncio-la-baja-de-bernardo-cuesta-por-lo-que-resta-del-2024\\\/\",\"name\":\"FBC Melgar anunci\u00f3 la baja de Bernardo Cuesta por lo que resta del 2024 - Radio Huancayo\",\"isPartOf\":{\"@id\":\"https:\\\/\\\/radiohuancayo.com.pe\\\/wp54\\\/#website\"},\"primaryImageOfPage\":{\"@id\":\"https:\\\/\\\/radiohuancayo.com.pe\\\/wp54\\\/fbc-melgar-anuncio-la-baja-de-bernardo-cuesta-por-lo-que-resta-del-2024\\\/#primaryimage\"},\"image\":{\"@id\":\"https:\\\/\\\/radiohuancayo.com.pe\\\/wp54\\\/fbc-melgar-anuncio-la-baja-de-bernardo-cuesta-por-lo-que-resta-del-2024\\\/#primaryimage\"},\"thumbnailUrl\":\"https:\\\/\\\/radiohuancayo.com.pe\\\/wp54\\\/wp-content\\\/uploads\\\/2024\\\/09\\\/4604814318384181484547697955733155026456499n.jpg\",\"datePublished\":\"2024-09-24T21:03:15+00:00\",\"dateModified\":\"2024-09-24T21:03:16+00:00\",\"breadcrumb\":{\"@id\":\"https:\\\/\\\/radiohuancayo.com.pe\\\/wp54\\\/fbc-melgar-anuncio-la-baja-de-bernardo-cuesta-por-lo-que-resta-del-2024\\\/#breadcrumb\"},\"inLanguage\":\"es\",\"potentialAction\":[{\"@type\":\"ReadAction\",\"target\":[\"https:\\\/\\\/radiohuancayo.com.pe\\\/wp54\\\/fbc-melgar-anuncio-la-baja-de-bernardo-cuesta-por-lo-que-resta-del-2024\\\/\"]}]},{\"@type\":\"ImageObject\",\"inLanguage\":\"es\",\"@id\":\"https:\\\/\\\/radiohuancayo.com.pe\\\/wp54\\\/fbc-melgar-anuncio-la-baja-de-bernardo-cuesta-por-lo-que-resta-del-2024\\\/#primaryimage\",\"url\":\"https:\\\/\\\/radiohuancayo.com.pe\\\/wp54\\\/wp-content\\\/uploads\\\/2024\\\/09\\\/4604814318384181484547697955733155026456499n.jpg\",\"contentUrl\":\"https:\\\/\\\/radiohuancayo.com.pe\\\/wp54\\\/wp-content\\\/uploads\\\/2024\\\/09\\\/4604814318384181484547697955733155026456499n.jpg\",\"width\":1200,\"height\":630},{\"@type\":\"BreadcrumbList\",\"@id\":\"https:\\\/\\\/radiohuancayo.com.pe\\\/wp54\\\/fbc-melgar-anuncio-la-baja-de-bernardo-cuesta-por-lo-que-resta-del-2024\\\/#breadcrumb\",\"itemListElement\":[{\"@type\":\"ListItem\",\"position\":1,\"name\":\"Portada\",\"item\":\"https:\\\/\\\/radiohuancayo.com.pe\\\/wp54\\\/\"},{\"@type\":\"ListItem\",\"position\":2,\"name\":\"FBC Melgar anunci\u00f3 la baja de Bernardo Cuesta por lo que resta del 2024\"}]},{\"@type\":\"WebSite\",\"@id\":\"https:\\\/\\\/radiohuancayo.com.pe\\\/wp54\\\/#website\",\"url\":\"https:\\\/\\\/radiohuancayo.com.pe\\\/wp54\\\/\",\"name\":\"Radio Huancayo\",\"description\":\"me gusta!!!\",\"publisher\":{\"@id\":\"https:\\\/\\\/radiohuancayo.com.pe\\\/wp54\\\/#organization\"},\"potentialAction\":[{\"@type\":\"SearchAction\",\"target\":{\"@type\":\"EntryPoint\",\"urlTemplate\":\"https:\\\/\\\/radiohuancayo.com.pe\\\/wp54\\\/?s={search_term_string}\"},\"query-input\":{\"@type\":\"PropertyValueSpecification\",\"valueRequired\":true,\"valueName\":\"search_term_string\"}}],\"inLanguage\":\"es\"},{\"@type\":\"Organization\",\"@id\":\"https:\\\/\\\/radiohuancayo.com.pe\\\/wp54\\\/#organization\",\"name\":\"Radio Huancayo\",\"url\":\"https:\\\/\\\/radiohuancayo.com.pe\\\/wp54\\\/\",\"logo\":{\"@type\":\"ImageObject\",\"inLanguage\":\"es\",\"@id\":\"https:\\\/\\\/radiohuancayo.com.pe\\\/wp54\\\/#\\\/schema\\\/logo\\\/image\\\/\",\"url\":\"https:\\\/\\\/radiohuancayo.com.pe\\\/wp54\\\/wp-content\\\/uploads\\\/2022\\\/04\\\/CABE01.png\",\"contentUrl\":\"https:\\\/\\\/radiohuancayo.com.pe\\\/wp54\\\/wp-content\\\/uploads\\\/2022\\\/04\\\/CABE01.png\",\"width\":1640,\"height\":300,\"caption\":\"Radio Huancayo\"},\"image\":{\"@id\":\"https:\\\/\\\/radiohuancayo.com.pe\\\/wp54\\\/#\\\/schema\\\/logo\\\/image\\\/\"}},{\"@type\":\"Person\",\"@id\":\"https:\\\/\\\/radiohuancayo.com.pe\\\/wp54\\\/#\\\/schema\\\/person\\\/74fb124dee9900c6f4d0535fa1d2b5ae\",\"name\":\"Michel Sanchez\",\"image\":{\"@type\":\"ImageObject\",\"inLanguage\":\"es\",\"@id\":\"https:\\\/\\\/secure.gravatar.com\\\/avatar\\\/f7f6944c01b3f15a174d0cf055aea75c46697913fc8a9cf5c3cf3e8800c645f6?s=96&d=mm&r=g\",\"url\":\"https:\\\/\\\/secure.gravatar.com\\\/avatar\\\/f7f6944c01b3f15a174d0cf055aea75c46697913fc8a9cf5c3cf3e8800c645f6?s=96&d=mm&r=g\",\"contentUrl\":\"https:\\\/\\\/secure.gravatar.com\\\/avatar\\\/f7f6944c01b3f15a174d0cf055aea75c46697913fc8a9cf5c3cf3e8800c645f6?s=96&d=mm&r=g\",\"caption\":\"Michel Sanchez\"},\"url\":\"https:\\\/\\\/radiohuancayo.com.pe\\\/wp54\\\/author\\\/memoris\\\/\"}]}<\/script>\n<!-- \/ Yoast SEO plugin. -->","yoast_head_json":{"title":"FBC Melgar anunci\u00f3 la baja de Bernardo Cuesta por lo que resta del 2024 - Radio Huancayo","robots":{"index":"index","follow":"follow","max-snippet":"max-snippet:-1","max-image-preview":"max-image-preview:large","max-video-preview":"max-video-preview:-1"},"canonical":"https:\/\/radiohuancayo.com.pe\/wp54\/fbc-melgar-anuncio-la-baja-de-bernardo-cuesta-por-lo-que-resta-del-2024\/","og_locale":"es_ES","og_type":"article","og_title":"FBC Melgar anunci\u00f3 la baja de Bernardo Cuesta por lo que resta del 2024 - Radio Huancayo","og_description":"FBC Melgar anunci\u00f3 a trav\u00e9s de un comunicado la sensible baja del delantero Bernardo Cuesta tras sufrir una dura lesi\u00f3n en el encuentro ante Atl\u00e9tico Grau. \u00abEl FBC Melgar informa que nuestro capit\u00e1n, Bernardo Cuesta, ha sufrido una lesi\u00f3n ligamentaria meniscal en su rodilla derecha. Despu\u00e9s de los ex\u00e1menes m\u00e9dicos correspondientes, se ha determinado que deber\u00e1 someterse a una cirug\u00eda, seguida de una etapa de recuperaci\u00f3n que lo alejar\u00e1 de las canchas hasta la pr\u00f3xima temporada\u00bb, inici\u00f3 el comunicado. Luego, se a\u00f1ade: \u00abLamentamos profundamente esta situaci\u00f3n, ya que conocemos la entrega y dedicaci\u00f3n que siempre demuestra en cada partido\u00bb. Finalmente, en el documento se indica que \u00abdesde el club, queremos expresar todo nuestro apoyo a Bernardo en este momento complicado. Confiamos plenamente en su fortaleza y determinaci\u00f3n para superar esta etapa, y estamos seguros de que volver\u00e1 m\u00e1s fuerte que nunca. \u00a1Fuerza, Berni! La familia rojinegra est\u00e1 contigo, y esperamos verte de regreso pronto, no solo como capit\u00e1n, sino como la valiosa persona que siempre has sido\u00bb. Lo que se perder\u00e1 Cuesta&nbsp; De esta manera, Bernardo Cuesta se perder\u00e1 el trascendental choque con Alianza Lima de este s\u00e1bado a las 8:30 pm en el estadio de Matute, Sport Boys, UTC, Huancayo y Garcilaso","og_url":"https:\/\/radiohuancayo.com.pe\/wp54\/fbc-melgar-anuncio-la-baja-de-bernardo-cuesta-por-lo-que-resta-del-2024\/","og_site_name":"Radio Huancayo","article_published_time":"2024-09-24T21:03:15+00:00","article_modified_time":"2024-09-24T21:03:16+00:00","og_image":[{"width":1200,"height":630,"url":"https:\/\/radiohuancayo.com.pe\/wp54\/wp-content\/uploads\/2024\/09\/4604814318384181484547697955733155026456499n.jpg","type":"image\/jpeg"}],"author":"Michel Sanchez","twitter_card":"summary_large_image","twitter_misc":{"Escrito por":"Michel Sanchez","Tiempo de lectura":"1 minuto"},"schema":{"@context":"https:\/\/schema.org","@graph":[{"@type":"Article","@id":"https:\/\/radiohuancayo.com.pe\/wp54\/fbc-melgar-anuncio-la-baja-de-bernardo-cuesta-por-lo-que-resta-del-2024\/#article","isPartOf":{"@id":"https:\/\/radiohuancayo.com.pe\/wp54\/fbc-melgar-anuncio-la-baja-de-bernardo-cuesta-por-lo-que-resta-del-2024\/"},"author":{"name":"Michel Sanchez","@id":"https:\/\/radiohuancayo.com.pe\/wp54\/#\/schema\/person\/74fb124dee9900c6f4d0535fa1d2b5ae"},"headline":"FBC Melgar anunci\u00f3 la baja de Bernardo Cuesta por lo que resta del 2024","datePublished":"2024-09-24T21:03:15+00:00","dateModified":"2024-09-24T21:03:16+00:00","mainEntityOfPage":{"@id":"https:\/\/radiohuancayo.com.pe\/wp54\/fbc-melgar-anuncio-la-baja-de-bernardo-cuesta-por-lo-que-resta-del-2024\/"},"wordCount":234,"commentCount":0,"publisher":{"@id":"https:\/\/radiohuancayo.com.pe\/wp54\/#organization"},"image":{"@id":"https:\/\/radiohuancayo.com.pe\/wp54\/fbc-melgar-anuncio-la-baja-de-bernardo-cuesta-por-lo-que-resta-del-2024\/#primaryimage"},"thumbnailUrl":"https:\/\/radiohuancayo.com.pe\/wp54\/wp-content\/uploads\/2024\/09\/4604814318384181484547697955733155026456499n.jpg","articleSection":["Deportes"],"inLanguage":"es","potentialAction":[{"@type":"CommentAction","name":"Comment","target":["https:\/\/radiohuancayo.com.pe\/wp54\/fbc-melgar-anuncio-la-baja-de-bernardo-cuesta-por-lo-que-resta-del-2024\/#respond"]}]},{"@type":"WebPage","@id":"https:\/\/radiohuancayo.com.pe\/wp54\/fbc-melgar-anuncio-la-baja-de-bernardo-cuesta-por-lo-que-resta-del-2024\/","url":"https:\/\/radiohuancayo.com.pe\/wp54\/fbc-melgar-anuncio-la-baja-de-bernardo-cuesta-por-lo-que-resta-del-2024\/","name":"FBC Melgar anunci\u00f3 la baja de Bernardo Cuesta por lo que resta del 2024 - Radio Huancayo","isPartOf":{"@id":"https:\/\/radiohuancayo.com.pe\/wp54\/#website"},"primaryImageOfPage":{"@id":"https:\/\/radiohuancayo.com.pe\/wp54\/fbc-melgar-anuncio-la-baja-de-bernardo-cuesta-por-lo-que-resta-del-2024\/#primaryimage"},"image":{"@id":"https:\/\/radiohuancayo.com.pe\/wp54\/fbc-melgar-anuncio-la-baja-de-bernardo-cuesta-por-lo-que-resta-del-2024\/#primaryimage"},"thumbnailUrl":"https:\/\/radiohuancayo.com.pe\/wp54\/wp-content\/uploads\/2024\/09\/4604814318384181484547697955733155026456499n.jpg","datePublished":"2024-09-24T21:03:15+00:00","dateModified":"2024-09-24T21:03:16+00:00","breadcrumb":{"@id":"https:\/\/radiohuancayo.com.pe\/wp54\/fbc-melgar-anuncio-la-baja-de-bernardo-cuesta-por-lo-que-resta-del-2024\/#breadcrumb"},"inLanguage":"es","potentialAction":[{"@type":"ReadAction","target":["https:\/\/radiohuancayo.com.pe\/wp54\/fbc-melgar-anuncio-la-baja-de-bernardo-cuesta-por-lo-que-resta-del-2024\/"]}]},{"@type":"ImageObject","inLanguage":"es","@id":"https:\/\/radiohuancayo.com.pe\/wp54\/fbc-melgar-anuncio-la-baja-de-bernardo-cuesta-por-lo-que-resta-del-2024\/#primaryimage","url":"https:\/\/radiohuancayo.com.pe\/wp54\/wp-content\/uploads\/2024\/09\/4604814318384181484547697955733155026456499n.jpg","contentUrl":"https:\/\/radiohuancayo.com.pe\/wp54\/wp-content\/uploads\/2024\/09\/4604814318384181484547697955733155026456499n.jpg","width":1200,"height":630},{"@type":"BreadcrumbList","@id":"https:\/\/radiohuancayo.com.pe\/wp54\/fbc-melgar-anuncio-la-baja-de-bernardo-cuesta-por-lo-que-resta-del-2024\/#breadcrumb","itemListElement":[{"@type":"ListItem","position":1,"name":"Portada","item":"https:\/\/radiohuancayo.com.pe\/wp54\/"},{"@type":"ListItem","position":2,"name":"FBC Melgar anunci\u00f3 la baja de Bernardo Cuesta por lo que resta del 2024"}]},{"@type":"WebSite","@id":"https:\/\/radiohuancayo.com.pe\/wp54\/#website","url":"https:\/\/radiohuancayo.com.pe\/wp54\/","name":"Radio Huancayo","description":"me gusta!!!","publisher":{"@id":"https:\/\/radiohuancayo.com.pe\/wp54\/#organization"},"potentialAction":[{"@type":"SearchAction","target":{"@type":"EntryPoint","urlTemplate":"https:\/\/radiohuancayo.com.pe\/wp54\/?s={search_term_string}"},"query-input":{"@type":"PropertyValueSpecification","valueRequired":true,"valueName":"search_term_string"}}],"inLanguage":"es"},{"@type":"Organization","@id":"https:\/\/radiohuancayo.com.pe\/wp54\/#organization","name":"Radio Huancayo","url":"https:\/\/radiohuancayo.com.pe\/wp54\/","logo":{"@type":"ImageObject","inLanguage":"es","@id":"https:\/\/radiohuancayo.com.pe\/wp54\/#\/schema\/logo\/image\/","url":"https:\/\/radiohuancayo.com.pe\/wp54\/wp-content\/uploads\/2022\/04\/CABE01.png","contentUrl":"https:\/\/radiohuancayo.com.pe\/wp54\/wp-content\/uploads\/2022\/04\/CABE01.png","width":1640,"height":300,"caption":"Radio Huancayo"},"image":{"@id":"https:\/\/radiohuancayo.com.pe\/wp54\/#\/schema\/logo\/image\/"}},{"@type":"Person","@id":"https:\/\/radiohuancayo.com.pe\/wp54\/#\/schema\/person\/74fb124dee9900c6f4d0535fa1d2b5ae","name":"Michel Sanchez","image":{"@type":"ImageObject","inLanguage":"es","@id":"https:\/\/secure.gravatar.com\/avatar\/f7f6944c01b3f15a174d0cf055aea75c46697913fc8a9cf5c3cf3e8800c645f6?s=96&d=mm&r=g","url":"https:\/\/secure.gravatar.com\/avatar\/f7f6944c01b3f15a174d0cf055aea75c46697913fc8a9cf5c3cf3e8800c645f6?s=96&d=mm&r=g","contentUrl":"https:\/\/secure.gravatar.com\/avatar\/f7f6944c01b3f15a174d0cf055aea75c46697913fc8a9cf5c3cf3e8800c645f6?s=96&d=mm&r=g","caption":"Michel Sanchez"},"url":"https:\/\/radiohuancayo.com.pe\/wp54\/author\/memoris\/"}]}},"_links":{"self":[{"href":"https:\/\/radiohuancayo.com.pe\/wp54\/wp-json\/wp\/v2\/posts\/28462","targetHints":{"allow":["GET"]}}],"collection":[{"href":"https:\/\/radiohuancayo.com.pe\/wp54\/wp-json\/wp\/v2\/posts"}],"about":[{"href":"https:\/\/radiohuancayo.com.pe\/wp54\/wp-json\/wp\/v2\/types\/post"}],"author":[{"embeddable":true,"href":"https:\/\/radiohuancayo.com.pe\/wp54\/wp-json\/wp\/v2\/users\/2"}],"replies":[{"embeddable":true,"href":"https:\/\/radiohuancayo.com.pe\/wp54\/wp-json\/wp\/v2\/comments?post=28462"}],"version-history":[{"count":1,"href":"https:\/\/radiohuancayo.com.pe\/wp54\/wp-json\/wp\/v2\/posts\/28462\/revisions"}],"predecessor-version":[{"id":28464,"href":"https:\/\/radiohuancayo.com.pe\/wp54\/wp-json\/wp\/v2\/posts\/28462\/revisions\/28464"}],"wp:featuredmedia":[{"embeddable":true,"href":"https:\/\/radiohuancayo.com.pe\/wp54\/wp-json\/wp\/v2\/media\/28463"}],"wp:attachment":[{"href":"https:\/\/radiohuancayo.com.pe\/wp54\/wp-json\/wp\/v2\/media?parent=28462"}],"wp:term":[{"taxonomy":"category","embeddable":true,"href":"https:\/\/radiohuancayo.com.pe\/wp54\/wp-json\/wp\/v2\/categories?post=28462"},{"taxonomy":"post_tag","embeddable":true,"href":"https:\/\/radiohuancayo.com.pe\/wp54\/wp-json\/wp\/v2\/tags?post=28462"}],"curies":[{"name":"wp","href":"https:\/\/api.w.org\/{rel}","templated":true}]}}