{"id":28465,"date":"2024-09-24T16:04:13","date_gmt":"2024-09-24T21:04:13","guid":{"rendered":"https:\/\/radiohuancayo.com.pe\/wp54\/?p=28465"},"modified":"2024-09-24T16:04:14","modified_gmt":"2024-09-24T21:04:14","slug":"ya-es-oficial-jairo-velez-recibio-la-nacionalidad-peruana","status":"publish","type":"post","link":"https:\/\/radiohuancayo.com.pe\/wp54\/ya-es-oficial-jairo-velez-recibio-la-nacionalidad-peruana\/","title":{"rendered":"\u00a1Ya es oficial! Jairo V\u00e9lez recibi\u00f3 la nacionalidad peruana"},"content":{"rendered":"\n<p>Jairo V\u00e9lez ya es peruano. El mediocampista de C\u00e9sar Vallejo recibi\u00f3 esta tarde su nueva nacionalidad luego de completar todos los tr\u00e1mites correspondientes.<\/p>\n\n\n\n<p>El jugador del elenco trujillano cumple cinco a\u00f1os en nuestro pa\u00eds, y ha optado por su nacionalizaci\u00f3n para no ocupar cupo de extranjero las siguientes temporadas.<\/p>\n\n\n\n<p>El mediocampista lleg\u00f3 en 2020 a C\u00e9sar Vallejo procedente de Cafetaleros de M\u00e9xico, y desde entonces se gan\u00f3 un lugar en la oncena titular siendo uno de los m\u00e1s destacados.<\/p>\n\n\n\n<p>En estas cinco temporadas, V\u00e9lez ha disputado 148 partidos en los que ha logrado anotar 37 goles y brindar 31 asistencias en todas las competiciones.<\/p>\n\n\n\n<p>De esta forma, V\u00e9lez no ocupar\u00e1 puesto de extr<\/p>\n","protected":false},"excerpt":{"rendered":"<p>Jairo V\u00e9lez ya es peruano. El mediocampista de C\u00e9sar Vallejo recibi\u00f3 esta tarde su nueva nacionalidad luego de completar todos los tr\u00e1mites correspondientes. El jugador del elenco trujillano cumple cinco a\u00f1os en nuestro pa\u00eds, y ha optado por su nacionalizaci\u00f3n para no ocupar cupo de extranjero las siguientes temporadas. El mediocampista lleg\u00f3 en 2020 a C\u00e9sar Vallejo procedente de Cafetaleros de M\u00e9xico, y desde entonces se gan\u00f3 un lugar en la oncena titular siendo uno de los m\u00e1s destacados. En estas cinco temporadas, V\u00e9lez ha disputado 148 partidos en los que ha logrado anotar 37 goles y brindar 31 asistencias en todas las competiciones. De esta forma, V\u00e9lez no ocupar\u00e1 puesto de extr<\/p>\n","protected":false},"author":2,"featured_media":28466,"comment_status":"open","ping_status":"open","sticky":false,"template":"","format":"standard","meta":{"footnotes":""},"categories":[7],"tags":[],"class_list":["post-28465","post","type-post","status-publish","format-standard","has-post-thumbnail","hentry","category-deportes"],"yoast_head":"<!-- This site is optimized with the Yoast SEO plugin v27.5 - https:\/\/yoast.com\/product\/yoast-seo-wordpress\/ -->\n<title>\u00a1Ya es oficial! Jairo V\u00e9lez recibi\u00f3 la nacionalidad peruana - Radio Huancayo<\/title>\n<meta name=\"robots\" content=\"index, follow, max-snippet:-1, max-image-preview:large, max-video-preview:-1\" \/>\n<link rel=\"canonical\" href=\"https:\/\/radiohuancayo.com.pe\/wp54\/ya-es-oficial-jairo-velez-recibio-la-nacionalidad-peruana\/\" \/>\n<meta property=\"og:locale\" content=\"es_ES\" \/>\n<meta property=\"og:type\" content=\"article\" \/>\n<meta property=\"og:title\" content=\"\u00a1Ya es oficial! Jairo V\u00e9lez recibi\u00f3 la nacionalidad peruana - Radio Huancayo\" \/>\n<meta property=\"og:description\" content=\"Jairo V\u00e9lez ya es peruano. El mediocampista de C\u00e9sar Vallejo recibi\u00f3 esta tarde su nueva nacionalidad luego de completar todos los tr\u00e1mites correspondientes. El jugador del elenco trujillano cumple cinco a\u00f1os en nuestro pa\u00eds, y ha optado por su nacionalizaci\u00f3n para no ocupar cupo de extranjero las siguientes temporadas. El mediocampista lleg\u00f3 en 2020 a C\u00e9sar Vallejo procedente de Cafetaleros de M\u00e9xico, y desde entonces se gan\u00f3 un lugar en la oncena titular siendo uno de los m\u00e1s destacados. En estas cinco temporadas, V\u00e9lez ha disputado 148 partidos en los que ha logrado anotar 37 goles y brindar 31 asistencias en todas las competiciones. De esta forma, V\u00e9lez no ocupar\u00e1 puesto de extr\" \/>\n<meta property=\"og:url\" content=\"https:\/\/radiohuancayo.com.pe\/wp54\/ya-es-oficial-jairo-velez-recibio-la-nacionalidad-peruana\/\" \/>\n<meta property=\"og:site_name\" content=\"Radio Huancayo\" \/>\n<meta property=\"article:published_time\" content=\"2024-09-24T21:04:13+00:00\" \/>\n<meta property=\"article:modified_time\" content=\"2024-09-24T21:04:14+00:00\" \/>\n<meta property=\"og:image\" content=\"https:\/\/radiohuancayo.com.pe\/wp54\/wp-content\/uploads\/2024\/09\/jv_0.jpg\" \/>\n\t<meta property=\"og:image:width\" content=\"1200\" \/>\n\t<meta property=\"og:image:height\" content=\"630\" \/>\n\t<meta property=\"og:image:type\" content=\"image\/jpeg\" \/>\n<meta name=\"author\" content=\"Michel Sanchez\" \/>\n<meta name=\"twitter:card\" content=\"summary_large_image\" \/>\n<meta name=\"twitter:label1\" content=\"Escrito por\" \/>\n\t<meta name=\"twitter:data1\" content=\"Michel Sanchez\" \/>\n\t<meta name=\"twitter:label2\" content=\"Tiempo de lectura\" \/>\n\t<meta name=\"twitter:data2\" content=\"1 minuto\" \/>\n<script type=\"application\/ld+json\" class=\"yoast-schema-graph\">{\"@context\":\"https:\\\/\\\/schema.org\",\"@graph\":[{\"@type\":\"Article\",\"@id\":\"https:\\\/\\\/radiohuancayo.com.pe\\\/wp54\\\/ya-es-oficial-jairo-velez-recibio-la-nacionalidad-peruana\\\/#article\",\"isPartOf\":{\"@id\":\"https:\\\/\\\/radiohuancayo.com.pe\\\/wp54\\\/ya-es-oficial-jairo-velez-recibio-la-nacionalidad-peruana\\\/\"},\"author\":{\"name\":\"Michel Sanchez\",\"@id\":\"https:\\\/\\\/radiohuancayo.com.pe\\\/wp54\\\/#\\\/schema\\\/person\\\/74fb124dee9900c6f4d0535fa1d2b5ae\"},\"headline\":\"\u00a1Ya es oficial! Jairo V\u00e9lez recibi\u00f3 la nacionalidad peruana\",\"datePublished\":\"2024-09-24T21:04:13+00:00\",\"dateModified\":\"2024-09-24T21:04:14+00:00\",\"mainEntityOfPage\":{\"@id\":\"https:\\\/\\\/radiohuancayo.com.pe\\\/wp54\\\/ya-es-oficial-jairo-velez-recibio-la-nacionalidad-peruana\\\/\"},\"wordCount\":130,\"commentCount\":0,\"publisher\":{\"@id\":\"https:\\\/\\\/radiohuancayo.com.pe\\\/wp54\\\/#organization\"},\"image\":{\"@id\":\"https:\\\/\\\/radiohuancayo.com.pe\\\/wp54\\\/ya-es-oficial-jairo-velez-recibio-la-nacionalidad-peruana\\\/#primaryimage\"},\"thumbnailUrl\":\"https:\\\/\\\/radiohuancayo.com.pe\\\/wp54\\\/wp-content\\\/uploads\\\/2024\\\/09\\\/jv_0.jpg\",\"articleSection\":[\"Deportes\"],\"inLanguage\":\"es\",\"potentialAction\":[{\"@type\":\"CommentAction\",\"name\":\"Comment\",\"target\":[\"https:\\\/\\\/radiohuancayo.com.pe\\\/wp54\\\/ya-es-oficial-jairo-velez-recibio-la-nacionalidad-peruana\\\/#respond\"]}]},{\"@type\":\"WebPage\",\"@id\":\"https:\\\/\\\/radiohuancayo.com.pe\\\/wp54\\\/ya-es-oficial-jairo-velez-recibio-la-nacionalidad-peruana\\\/\",\"url\":\"https:\\\/\\\/radiohuancayo.com.pe\\\/wp54\\\/ya-es-oficial-jairo-velez-recibio-la-nacionalidad-peruana\\\/\",\"name\":\"\u00a1Ya es oficial! Jairo V\u00e9lez recibi\u00f3 la nacionalidad peruana - Radio Huancayo\",\"isPartOf\":{\"@id\":\"https:\\\/\\\/radiohuancayo.com.pe\\\/wp54\\\/#website\"},\"primaryImageOfPage\":{\"@id\":\"https:\\\/\\\/radiohuancayo.com.pe\\\/wp54\\\/ya-es-oficial-jairo-velez-recibio-la-nacionalidad-peruana\\\/#primaryimage\"},\"image\":{\"@id\":\"https:\\\/\\\/radiohuancayo.com.pe\\\/wp54\\\/ya-es-oficial-jairo-velez-recibio-la-nacionalidad-peruana\\\/#primaryimage\"},\"thumbnailUrl\":\"https:\\\/\\\/radiohuancayo.com.pe\\\/wp54\\\/wp-content\\\/uploads\\\/2024\\\/09\\\/jv_0.jpg\",\"datePublished\":\"2024-09-24T21:04:13+00:00\",\"dateModified\":\"2024-09-24T21:04:14+00:00\",\"breadcrumb\":{\"@id\":\"https:\\\/\\\/radiohuancayo.com.pe\\\/wp54\\\/ya-es-oficial-jairo-velez-recibio-la-nacionalidad-peruana\\\/#breadcrumb\"},\"inLanguage\":\"es\",\"potentialAction\":[{\"@type\":\"ReadAction\",\"target\":[\"https:\\\/\\\/radiohuancayo.com.pe\\\/wp54\\\/ya-es-oficial-jairo-velez-recibio-la-nacionalidad-peruana\\\/\"]}]},{\"@type\":\"ImageObject\",\"inLanguage\":\"es\",\"@id\":\"https:\\\/\\\/radiohuancayo.com.pe\\\/wp54\\\/ya-es-oficial-jairo-velez-recibio-la-nacionalidad-peruana\\\/#primaryimage\",\"url\":\"https:\\\/\\\/radiohuancayo.com.pe\\\/wp54\\\/wp-content\\\/uploads\\\/2024\\\/09\\\/jv_0.jpg\",\"contentUrl\":\"https:\\\/\\\/radiohuancayo.com.pe\\\/wp54\\\/wp-content\\\/uploads\\\/2024\\\/09\\\/jv_0.jpg\",\"width\":1200,\"height\":630},{\"@type\":\"BreadcrumbList\",\"@id\":\"https:\\\/\\\/radiohuancayo.com.pe\\\/wp54\\\/ya-es-oficial-jairo-velez-recibio-la-nacionalidad-peruana\\\/#breadcrumb\",\"itemListElement\":[{\"@type\":\"ListItem\",\"position\":1,\"name\":\"Portada\",\"item\":\"https:\\\/\\\/radiohuancayo.com.pe\\\/wp54\\\/\"},{\"@type\":\"ListItem\",\"position\":2,\"name\":\"\u00a1Ya es oficial! Jairo V\u00e9lez recibi\u00f3 la nacionalidad peruana\"}]},{\"@type\":\"WebSite\",\"@id\":\"https:\\\/\\\/radiohuancayo.com.pe\\\/wp54\\\/#website\",\"url\":\"https:\\\/\\\/radiohuancayo.com.pe\\\/wp54\\\/\",\"name\":\"Radio Huancayo\",\"description\":\"me gusta!!!\",\"publisher\":{\"@id\":\"https:\\\/\\\/radiohuancayo.com.pe\\\/wp54\\\/#organization\"},\"potentialAction\":[{\"@type\":\"SearchAction\",\"target\":{\"@type\":\"EntryPoint\",\"urlTemplate\":\"https:\\\/\\\/radiohuancayo.com.pe\\\/wp54\\\/?s={search_term_string}\"},\"query-input\":{\"@type\":\"PropertyValueSpecification\",\"valueRequired\":true,\"valueName\":\"search_term_string\"}}],\"inLanguage\":\"es\"},{\"@type\":\"Organization\",\"@id\":\"https:\\\/\\\/radiohuancayo.com.pe\\\/wp54\\\/#organization\",\"name\":\"Radio Huancayo\",\"url\":\"https:\\\/\\\/radiohuancayo.com.pe\\\/wp54\\\/\",\"logo\":{\"@type\":\"ImageObject\",\"inLanguage\":\"es\",\"@id\":\"https:\\\/\\\/radiohuancayo.com.pe\\\/wp54\\\/#\\\/schema\\\/logo\\\/image\\\/\",\"url\":\"https:\\\/\\\/radiohuancayo.com.pe\\\/wp54\\\/wp-content\\\/uploads\\\/2022\\\/04\\\/CABE01.png\",\"contentUrl\":\"https:\\\/\\\/radiohuancayo.com.pe\\\/wp54\\\/wp-content\\\/uploads\\\/2022\\\/04\\\/CABE01.png\",\"width\":1640,\"height\":300,\"caption\":\"Radio Huancayo\"},\"image\":{\"@id\":\"https:\\\/\\\/radiohuancayo.com.pe\\\/wp54\\\/#\\\/schema\\\/logo\\\/image\\\/\"}},{\"@type\":\"Person\",\"@id\":\"https:\\\/\\\/radiohuancayo.com.pe\\\/wp54\\\/#\\\/schema\\\/person\\\/74fb124dee9900c6f4d0535fa1d2b5ae\",\"name\":\"Michel Sanchez\",\"image\":{\"@type\":\"ImageObject\",\"inLanguage\":\"es\",\"@id\":\"https:\\\/\\\/secure.gravatar.com\\\/avatar\\\/f7f6944c01b3f15a174d0cf055aea75c46697913fc8a9cf5c3cf3e8800c645f6?s=96&d=mm&r=g\",\"url\":\"https:\\\/\\\/secure.gravatar.com\\\/avatar\\\/f7f6944c01b3f15a174d0cf055aea75c46697913fc8a9cf5c3cf3e8800c645f6?s=96&d=mm&r=g\",\"contentUrl\":\"https:\\\/\\\/secure.gravatar.com\\\/avatar\\\/f7f6944c01b3f15a174d0cf055aea75c46697913fc8a9cf5c3cf3e8800c645f6?s=96&d=mm&r=g\",\"caption\":\"Michel Sanchez\"},\"url\":\"https:\\\/\\\/radiohuancayo.com.pe\\\/wp54\\\/author\\\/memoris\\\/\"}]}<\/script>\n<!-- \/ Yoast SEO plugin. -->","yoast_head_json":{"title":"\u00a1Ya es oficial! Jairo V\u00e9lez recibi\u00f3 la nacionalidad peruana - Radio Huancayo","robots":{"index":"index","follow":"follow","max-snippet":"max-snippet:-1","max-image-preview":"max-image-preview:large","max-video-preview":"max-video-preview:-1"},"canonical":"https:\/\/radiohuancayo.com.pe\/wp54\/ya-es-oficial-jairo-velez-recibio-la-nacionalidad-peruana\/","og_locale":"es_ES","og_type":"article","og_title":"\u00a1Ya es oficial! Jairo V\u00e9lez recibi\u00f3 la nacionalidad peruana - Radio Huancayo","og_description":"Jairo V\u00e9lez ya es peruano. El mediocampista de C\u00e9sar Vallejo recibi\u00f3 esta tarde su nueva nacionalidad luego de completar todos los tr\u00e1mites correspondientes. El jugador del elenco trujillano cumple cinco a\u00f1os en nuestro pa\u00eds, y ha optado por su nacionalizaci\u00f3n para no ocupar cupo de extranjero las siguientes temporadas. El mediocampista lleg\u00f3 en 2020 a C\u00e9sar Vallejo procedente de Cafetaleros de M\u00e9xico, y desde entonces se gan\u00f3 un lugar en la oncena titular siendo uno de los m\u00e1s destacados. En estas cinco temporadas, V\u00e9lez ha disputado 148 partidos en los que ha logrado anotar 37 goles y brindar 31 asistencias en todas las competiciones. De esta forma, V\u00e9lez no ocupar\u00e1 puesto de extr","og_url":"https:\/\/radiohuancayo.com.pe\/wp54\/ya-es-oficial-jairo-velez-recibio-la-nacionalidad-peruana\/","og_site_name":"Radio Huancayo","article_published_time":"2024-09-24T21:04:13+00:00","article_modified_time":"2024-09-24T21:04:14+00:00","og_image":[{"width":1200,"height":630,"url":"https:\/\/radiohuancayo.com.pe\/wp54\/wp-content\/uploads\/2024\/09\/jv_0.jpg","type":"image\/jpeg"}],"author":"Michel Sanchez","twitter_card":"summary_large_image","twitter_misc":{"Escrito por":"Michel Sanchez","Tiempo de lectura":"1 minuto"},"schema":{"@context":"https:\/\/schema.org","@graph":[{"@type":"Article","@id":"https:\/\/radiohuancayo.com.pe\/wp54\/ya-es-oficial-jairo-velez-recibio-la-nacionalidad-peruana\/#article","isPartOf":{"@id":"https:\/\/radiohuancayo.com.pe\/wp54\/ya-es-oficial-jairo-velez-recibio-la-nacionalidad-peruana\/"},"author":{"name":"Michel Sanchez","@id":"https:\/\/radiohuancayo.com.pe\/wp54\/#\/schema\/person\/74fb124dee9900c6f4d0535fa1d2b5ae"},"headline":"\u00a1Ya es oficial! Jairo V\u00e9lez recibi\u00f3 la nacionalidad peruana","datePublished":"2024-09-24T21:04:13+00:00","dateModified":"2024-09-24T21:04:14+00:00","mainEntityOfPage":{"@id":"https:\/\/radiohuancayo.com.pe\/wp54\/ya-es-oficial-jairo-velez-recibio-la-nacionalidad-peruana\/"},"wordCount":130,"commentCount":0,"publisher":{"@id":"https:\/\/radiohuancayo.com.pe\/wp54\/#organization"},"image":{"@id":"https:\/\/radiohuancayo.com.pe\/wp54\/ya-es-oficial-jairo-velez-recibio-la-nacionalidad-peruana\/#primaryimage"},"thumbnailUrl":"https:\/\/radiohuancayo.com.pe\/wp54\/wp-content\/uploads\/2024\/09\/jv_0.jpg","articleSection":["Deportes"],"inLanguage":"es","potentialAction":[{"@type":"CommentAction","name":"Comment","target":["https:\/\/radiohuancayo.com.pe\/wp54\/ya-es-oficial-jairo-velez-recibio-la-nacionalidad-peruana\/#respond"]}]},{"@type":"WebPage","@id":"https:\/\/radiohuancayo.com.pe\/wp54\/ya-es-oficial-jairo-velez-recibio-la-nacionalidad-peruana\/","url":"https:\/\/radiohuancayo.com.pe\/wp54\/ya-es-oficial-jairo-velez-recibio-la-nacionalidad-peruana\/","name":"\u00a1Ya es oficial! Jairo V\u00e9lez recibi\u00f3 la nacionalidad peruana - Radio Huancayo","isPartOf":{"@id":"https:\/\/radiohuancayo.com.pe\/wp54\/#website"},"primaryImageOfPage":{"@id":"https:\/\/radiohuancayo.com.pe\/wp54\/ya-es-oficial-jairo-velez-recibio-la-nacionalidad-peruana\/#primaryimage"},"image":{"@id":"https:\/\/radiohuancayo.com.pe\/wp54\/ya-es-oficial-jairo-velez-recibio-la-nacionalidad-peruana\/#primaryimage"},"thumbnailUrl":"https:\/\/radiohuancayo.com.pe\/wp54\/wp-content\/uploads\/2024\/09\/jv_0.jpg","datePublished":"2024-09-24T21:04:13+00:00","dateModified":"2024-09-24T21:04:14+00:00","breadcrumb":{"@id":"https:\/\/radiohuancayo.com.pe\/wp54\/ya-es-oficial-jairo-velez-recibio-la-nacionalidad-peruana\/#breadcrumb"},"inLanguage":"es","potentialAction":[{"@type":"ReadAction","target":["https:\/\/radiohuancayo.com.pe\/wp54\/ya-es-oficial-jairo-velez-recibio-la-nacionalidad-peruana\/"]}]},{"@type":"ImageObject","inLanguage":"es","@id":"https:\/\/radiohuancayo.com.pe\/wp54\/ya-es-oficial-jairo-velez-recibio-la-nacionalidad-peruana\/#primaryimage","url":"https:\/\/radiohuancayo.com.pe\/wp54\/wp-content\/uploads\/2024\/09\/jv_0.jpg","contentUrl":"https:\/\/radiohuancayo.com.pe\/wp54\/wp-content\/uploads\/2024\/09\/jv_0.jpg","width":1200,"height":630},{"@type":"BreadcrumbList","@id":"https:\/\/radiohuancayo.com.pe\/wp54\/ya-es-oficial-jairo-velez-recibio-la-nacionalidad-peruana\/#breadcrumb","itemListElement":[{"@type":"ListItem","position":1,"name":"Portada","item":"https:\/\/radiohuancayo.com.pe\/wp54\/"},{"@type":"ListItem","position":2,"name":"\u00a1Ya es oficial! Jairo V\u00e9lez recibi\u00f3 la nacionalidad peruana"}]},{"@type":"WebSite","@id":"https:\/\/radiohuancayo.com.pe\/wp54\/#website","url":"https:\/\/radiohuancayo.com.pe\/wp54\/","name":"Radio Huancayo","description":"me gusta!!!","publisher":{"@id":"https:\/\/radiohuancayo.com.pe\/wp54\/#organization"},"potentialAction":[{"@type":"SearchAction","target":{"@type":"EntryPoint","urlTemplate":"https:\/\/radiohuancayo.com.pe\/wp54\/?s={search_term_string}"},"query-input":{"@type":"PropertyValueSpecification","valueRequired":true,"valueName":"search_term_string"}}],"inLanguage":"es"},{"@type":"Organization","@id":"https:\/\/radiohuancayo.com.pe\/wp54\/#organization","name":"Radio Huancayo","url":"https:\/\/radiohuancayo.com.pe\/wp54\/","logo":{"@type":"ImageObject","inLanguage":"es","@id":"https:\/\/radiohuancayo.com.pe\/wp54\/#\/schema\/logo\/image\/","url":"https:\/\/radiohuancayo.com.pe\/wp54\/wp-content\/uploads\/2022\/04\/CABE01.png","contentUrl":"https:\/\/radiohuancayo.com.pe\/wp54\/wp-content\/uploads\/2022\/04\/CABE01.png","width":1640,"height":300,"caption":"Radio Huancayo"},"image":{"@id":"https:\/\/radiohuancayo.com.pe\/wp54\/#\/schema\/logo\/image\/"}},{"@type":"Person","@id":"https:\/\/radiohuancayo.com.pe\/wp54\/#\/schema\/person\/74fb124dee9900c6f4d0535fa1d2b5ae","name":"Michel Sanchez","image":{"@type":"ImageObject","inLanguage":"es","@id":"https:\/\/secure.gravatar.com\/avatar\/f7f6944c01b3f15a174d0cf055aea75c46697913fc8a9cf5c3cf3e8800c645f6?s=96&d=mm&r=g","url":"https:\/\/secure.gravatar.com\/avatar\/f7f6944c01b3f15a174d0cf055aea75c46697913fc8a9cf5c3cf3e8800c645f6?s=96&d=mm&r=g","contentUrl":"https:\/\/secure.gravatar.com\/avatar\/f7f6944c01b3f15a174d0cf055aea75c46697913fc8a9cf5c3cf3e8800c645f6?s=96&d=mm&r=g","caption":"Michel Sanchez"},"url":"https:\/\/radiohuancayo.com.pe\/wp54\/author\/memoris\/"}]}},"_links":{"self":[{"href":"https:\/\/radiohuancayo.com.pe\/wp54\/wp-json\/wp\/v2\/posts\/28465","targetHints":{"allow":["GET"]}}],"collection":[{"href":"https:\/\/radiohuancayo.com.pe\/wp54\/wp-json\/wp\/v2\/posts"}],"about":[{"href":"https:\/\/radiohuancayo.com.pe\/wp54\/wp-json\/wp\/v2\/types\/post"}],"author":[{"embeddable":true,"href":"https:\/\/radiohuancayo.com.pe\/wp54\/wp-json\/wp\/v2\/users\/2"}],"replies":[{"embeddable":true,"href":"https:\/\/radiohuancayo.com.pe\/wp54\/wp-json\/wp\/v2\/comments?post=28465"}],"version-history":[{"count":1,"href":"https:\/\/radiohuancayo.com.pe\/wp54\/wp-json\/wp\/v2\/posts\/28465\/revisions"}],"predecessor-version":[{"id":28467,"href":"https:\/\/radiohuancayo.com.pe\/wp54\/wp-json\/wp\/v2\/posts\/28465\/revisions\/28467"}],"wp:featuredmedia":[{"embeddable":true,"href":"https:\/\/radiohuancayo.com.pe\/wp54\/wp-json\/wp\/v2\/media\/28466"}],"wp:attachment":[{"href":"https:\/\/radiohuancayo.com.pe\/wp54\/wp-json\/wp\/v2\/media?parent=28465"}],"wp:term":[{"taxonomy":"category","embeddable":true,"href":"https:\/\/radiohuancayo.com.pe\/wp54\/wp-json\/wp\/v2\/categories?post=28465"},{"taxonomy":"post_tag","embeddable":true,"href":"https:\/\/radiohuancayo.com.pe\/wp54\/wp-json\/wp\/v2\/tags?post=28465"}],"curies":[{"name":"wp","href":"https:\/\/api.w.org\/{rel}","templated":true}]}}