{"id":28483,"date":"2024-09-25T17:30:14","date_gmt":"2024-09-25T22:30:14","guid":{"rendered":"https:\/\/radiohuancayo.com.pe\/wp54\/?p=28483"},"modified":"2024-09-25T17:30:15","modified_gmt":"2024-09-25T22:30:15","slug":"once-talentos-con-ascendencia-peruana-ya-fueron-captados-en-europa-para-integrar-bicolor","status":"publish","type":"post","link":"https:\/\/radiohuancayo.com.pe\/wp54\/once-talentos-con-ascendencia-peruana-ya-fueron-captados-en-europa-para-integrar-bicolor\/","title":{"rendered":"Once talentos con ascendencia peruana ya fueron captados en Europa para integrar &#8216;Bicolor&#8217;"},"content":{"rendered":"\n<p>Con su objetivo de seguir captando talentos para la Selecci\u00f3n peruana, la Unidad T\u00e9cnica de Menores de la FPF, encabezada por Jos\u00e9 Guillermo del Solar, no solo viene realizando visorias por todo el Per\u00fa sino tambi\u00e9n en Europa, apuntando a jugadores con ascendencia peruana.<\/p>\n\n\n\n<p>El proceso de b\u00fasqueda y selecci\u00f3n en Europa est\u00e1 a cargo del Scout espa\u00f1ol Pedro Jim\u00e9nez Caballero, quien cuenta con experiencia en importantes clubes como el Celta de Vigo de Espa\u00f1a y Newcastle de Inglaterra. Jim\u00e9nez est\u00e1 trabajando en coordinaci\u00f3n constante con &#8216;Chemo&#8217; del Solar.<\/p>\n\n\n\n<h3 class=\"wp-block-heading\"><strong>\u00bfQu\u00e9 jugadores ya fueron captados por la Bicolor? Tome nota:<\/strong><\/h3>\n\n\n\n<p>Anthony Bencomo &#8211; Hertha 03 (Alemania) 2010 Extremo<br>&#8211; Aitor Aranguren &#8211; Deportivo Alav\u00e9s (Espa\u00f1a) 2005\u00a0 Extremo<br>&#8211; Joaqu\u00edn Carrera &#8211; Rayo Vallecano (Espa\u00f1a) 2009 Arquero<br>&#8211; Aar\u00f3n Oyague &#8211; UE Cornell\u00e1 (Espa\u00f1a) 2011 Arquero<br>&#8211; Enrique Pe\u00f1a &#8211; Real Valladolid CF (Espa\u00f1a) 2005 Extremo<br>&#8211; Luigi Farioli &#8211; Modena FC (Italia) 2009 Volante ofensivo<br>&#8211; Paolo Doneda &#8211; AC Mil\u00e1n (Italia) 2007 Arquero<br>&#8211; Mateo Stickler &#8211; FC Empoli (Italia) 2005 Lateral<br>&#8211; Alexander V\u00e1squez &#8211; Baerum SK (Noruega) 2009 Volante<br>&#8211; Kaj Van Houwelingen &#8211; ADO Den Haag (Pa\u00edses Bajos) 2005 Volante<br>&#8211; Paul Beauseigneur &#8211; AS M\u00f3naco (Francia) 2008 Lateral<\/p>\n\n\n\n<p>El Scout Pedro Jim\u00e9nez se incorpor\u00f3 a la Unidad T\u00e9cnica de Menores FPF, en mayo del presente a\u00f1o, y ha recorrido diferentes pa\u00edses del continente europeo para captar a jugadores de 13, 14, 15, 16, 17 y 19 a\u00f1os.<\/p>\n\n\n\n<p>\u00abTenemos un listado muy amplio, doscientos y pico chicos, sabiendo que son peruanos o que tienen la nacionalidad peruana y podr\u00edan venir convocados con la selecci\u00f3n nacional. En activo podemos estar en contacto con aproximadamente ochenta chicos\u00bb, indic\u00f3 Jim\u00e9nez.<\/p>\n\n\n\n<p>Luego, agreg\u00f3: \u00abEstamos todos muy unidos en ese sentido porque sabemos que la calidad de captaci\u00f3n que se haga aqu\u00ed, pues va a depender tambi\u00e9n de la calidad en el futuro de la selecci\u00f3n absoluta peruana\u00bb.<\/p>\n","protected":false},"excerpt":{"rendered":"<p>Con su objetivo de seguir captando talentos para la Selecci\u00f3n peruana, la Unidad T\u00e9cnica de Menores de la FPF, encabezada por Jos\u00e9 Guillermo del Solar, no solo viene realizando visorias por todo el Per\u00fa sino tambi\u00e9n en Europa, apuntando a jugadores con ascendencia peruana. El proceso de b\u00fasqueda y selecci\u00f3n en Europa est\u00e1 a cargo del Scout espa\u00f1ol Pedro Jim\u00e9nez Caballero, quien cuenta con experiencia en importantes clubes como el Celta de Vigo de Espa\u00f1a y Newcastle de Inglaterra. Jim\u00e9nez est\u00e1 trabajando en coordinaci\u00f3n constante con &#8216;Chemo&#8217; del Solar. \u00bfQu\u00e9 jugadores ya fueron captados por la Bicolor? Tome nota: Anthony Bencomo &#8211; Hertha 03 (Alemania) 2010 Extremo&#8211; Aitor Aranguren &#8211; Deportivo Alav\u00e9s (Espa\u00f1a) 2005\u00a0 Extremo&#8211; Joaqu\u00edn Carrera &#8211; Rayo Vallecano (Espa\u00f1a) 2009 Arquero&#8211; Aar\u00f3n Oyague &#8211; UE Cornell\u00e1 (Espa\u00f1a) 2011 Arquero&#8211; Enrique Pe\u00f1a &#8211; Real Valladolid CF (Espa\u00f1a) 2005 Extremo&#8211; Luigi Farioli &#8211; Modena FC (Italia) 2009 Volante ofensivo&#8211; Paolo Doneda &#8211; AC Mil\u00e1n (Italia) 2007 Arquero&#8211; Mateo Stickler &#8211; FC Empoli (Italia) 2005 Lateral&#8211; Alexander V\u00e1squez &#8211; Baerum SK (Noruega) 2009 Volante&#8211; Kaj Van Houwelingen &#8211; ADO Den Haag (Pa\u00edses Bajos) 2005 Volante&#8211; Paul Beauseigneur &#8211; AS M\u00f3naco (Francia) 2008 Lateral El Scout Pedro Jim\u00e9nez se incorpor\u00f3 a la Unidad T\u00e9cnica de Menores FPF, en mayo del presente a\u00f1o, y ha recorrido diferentes pa\u00edses del continente europeo para captar a jugadores de 13, 14, 15, 16, 17 y 19 a\u00f1os. \u00abTenemos un listado muy amplio, doscientos y pico chicos, sabiendo que son peruanos o que tienen la nacionalidad peruana y podr\u00edan venir convocados con la selecci\u00f3n nacional. En activo podemos estar en contacto con aproximadamente ochenta chicos\u00bb, indic\u00f3 Jim\u00e9nez. Luego, agreg\u00f3: \u00abEstamos todos muy unidos en ese sentido porque sabemos que la calidad de captaci\u00f3n que se haga aqu\u00ed, pues va a depender tambi\u00e9n de la calidad en el futuro de la selecci\u00f3n absoluta peruana\u00bb.<\/p>\n","protected":false},"author":2,"featured_media":28484,"comment_status":"open","ping_status":"open","sticky":false,"template":"","format":"standard","meta":{"footnotes":""},"categories":[7],"tags":[],"class_list":["post-28483","post","type-post","status-publish","format-standard","has-post-thumbnail","hentry","category-deportes"],"yoast_head":"<!-- This site is optimized with the Yoast SEO plugin v27.5 - https:\/\/yoast.com\/product\/yoast-seo-wordpress\/ -->\n<title>Once talentos con ascendencia peruana ya fueron captados en Europa para integrar &#039;Bicolor&#039; - Radio Huancayo<\/title>\n<meta name=\"robots\" content=\"index, follow, max-snippet:-1, max-image-preview:large, max-video-preview:-1\" \/>\n<link rel=\"canonical\" href=\"https:\/\/radiohuancayo.com.pe\/wp54\/once-talentos-con-ascendencia-peruana-ya-fueron-captados-en-europa-para-integrar-bicolor\/\" \/>\n<meta property=\"og:locale\" content=\"es_ES\" \/>\n<meta property=\"og:type\" content=\"article\" \/>\n<meta property=\"og:title\" content=\"Once talentos con ascendencia peruana ya fueron captados en Europa para integrar &#039;Bicolor&#039; - Radio Huancayo\" \/>\n<meta property=\"og:description\" content=\"Con su objetivo de seguir captando talentos para la Selecci\u00f3n peruana, la Unidad T\u00e9cnica de Menores de la FPF, encabezada por Jos\u00e9 Guillermo del Solar, no solo viene realizando visorias por todo el Per\u00fa sino tambi\u00e9n en Europa, apuntando a jugadores con ascendencia peruana. El proceso de b\u00fasqueda y selecci\u00f3n en Europa est\u00e1 a cargo del Scout espa\u00f1ol Pedro Jim\u00e9nez Caballero, quien cuenta con experiencia en importantes clubes como el Celta de Vigo de Espa\u00f1a y Newcastle de Inglaterra. Jim\u00e9nez est\u00e1 trabajando en coordinaci\u00f3n constante con &#8216;Chemo&#8217; del Solar. \u00bfQu\u00e9 jugadores ya fueron captados por la Bicolor? Tome nota: Anthony Bencomo &#8211; Hertha 03 (Alemania) 2010 Extremo&#8211; Aitor Aranguren &#8211; Deportivo Alav\u00e9s (Espa\u00f1a) 2005\u00a0 Extremo&#8211; Joaqu\u00edn Carrera &#8211; Rayo Vallecano (Espa\u00f1a) 2009 Arquero&#8211; Aar\u00f3n Oyague &#8211; UE Cornell\u00e1 (Espa\u00f1a) 2011 Arquero&#8211; Enrique Pe\u00f1a &#8211; Real Valladolid CF (Espa\u00f1a) 2005 Extremo&#8211; Luigi Farioli &#8211; Modena FC (Italia) 2009 Volante ofensivo&#8211; Paolo Doneda &#8211; AC Mil\u00e1n (Italia) 2007 Arquero&#8211; Mateo Stickler &#8211; FC Empoli (Italia) 2005 Lateral&#8211; Alexander V\u00e1squez &#8211; Baerum SK (Noruega) 2009 Volante&#8211; Kaj Van Houwelingen &#8211; ADO Den Haag (Pa\u00edses Bajos) 2005 Volante&#8211; Paul Beauseigneur &#8211; AS M\u00f3naco (Francia) 2008 Lateral El Scout Pedro Jim\u00e9nez se incorpor\u00f3 a la Unidad T\u00e9cnica de Menores FPF, en mayo del presente a\u00f1o, y ha recorrido diferentes pa\u00edses del continente europeo para captar a jugadores de 13, 14, 15, 16, 17 y 19 a\u00f1os. \u00abTenemos un listado muy amplio, doscientos y pico chicos, sabiendo que son peruanos o que tienen la nacionalidad peruana y podr\u00edan venir convocados con la selecci\u00f3n nacional. En activo podemos estar en contacto con aproximadamente ochenta chicos\u00bb, indic\u00f3 Jim\u00e9nez. Luego, agreg\u00f3: \u00abEstamos todos muy unidos en ese sentido porque sabemos que la calidad de captaci\u00f3n que se haga aqu\u00ed, pues va a depender tambi\u00e9n de la calidad en el futuro de la selecci\u00f3n absoluta peruana\u00bb.\" \/>\n<meta property=\"og:url\" content=\"https:\/\/radiohuancayo.com.pe\/wp54\/once-talentos-con-ascendencia-peruana-ya-fueron-captados-en-europa-para-integrar-bicolor\/\" \/>\n<meta property=\"og:site_name\" content=\"Radio Huancayo\" \/>\n<meta property=\"article:published_time\" content=\"2024-09-25T22:30:14+00:00\" \/>\n<meta property=\"article:modified_time\" content=\"2024-09-25T22:30:15+00:00\" \/>\n<meta property=\"og:image\" content=\"https:\/\/radiohuancayo.com.pe\/wp54\/wp-content\/uploads\/2024\/09\/4610998608869950529814651617181319750704553n.jpg\" \/>\n\t<meta property=\"og:image:width\" content=\"1200\" \/>\n\t<meta property=\"og:image:height\" content=\"630\" \/>\n\t<meta property=\"og:image:type\" content=\"image\/jpeg\" \/>\n<meta name=\"author\" content=\"Michel Sanchez\" \/>\n<meta name=\"twitter:card\" content=\"summary_large_image\" \/>\n<meta name=\"twitter:label1\" content=\"Escrito por\" \/>\n\t<meta name=\"twitter:data1\" content=\"Michel Sanchez\" \/>\n\t<meta name=\"twitter:label2\" content=\"Tiempo de lectura\" \/>\n\t<meta name=\"twitter:data2\" content=\"2 minutos\" \/>\n<script type=\"application\/ld+json\" class=\"yoast-schema-graph\">{\"@context\":\"https:\\\/\\\/schema.org\",\"@graph\":[{\"@type\":\"Article\",\"@id\":\"https:\\\/\\\/radiohuancayo.com.pe\\\/wp54\\\/once-talentos-con-ascendencia-peruana-ya-fueron-captados-en-europa-para-integrar-bicolor\\\/#article\",\"isPartOf\":{\"@id\":\"https:\\\/\\\/radiohuancayo.com.pe\\\/wp54\\\/once-talentos-con-ascendencia-peruana-ya-fueron-captados-en-europa-para-integrar-bicolor\\\/\"},\"author\":{\"name\":\"Michel Sanchez\",\"@id\":\"https:\\\/\\\/radiohuancayo.com.pe\\\/wp54\\\/#\\\/schema\\\/person\\\/74fb124dee9900c6f4d0535fa1d2b5ae\"},\"headline\":\"Once talentos con ascendencia peruana ya fueron captados en Europa para integrar &#8216;Bicolor&#8217;\",\"datePublished\":\"2024-09-25T22:30:14+00:00\",\"dateModified\":\"2024-09-25T22:30:15+00:00\",\"mainEntityOfPage\":{\"@id\":\"https:\\\/\\\/radiohuancayo.com.pe\\\/wp54\\\/once-talentos-con-ascendencia-peruana-ya-fueron-captados-en-europa-para-integrar-bicolor\\\/\"},\"wordCount\":334,\"commentCount\":0,\"publisher\":{\"@id\":\"https:\\\/\\\/radiohuancayo.com.pe\\\/wp54\\\/#organization\"},\"image\":{\"@id\":\"https:\\\/\\\/radiohuancayo.com.pe\\\/wp54\\\/once-talentos-con-ascendencia-peruana-ya-fueron-captados-en-europa-para-integrar-bicolor\\\/#primaryimage\"},\"thumbnailUrl\":\"https:\\\/\\\/radiohuancayo.com.pe\\\/wp54\\\/wp-content\\\/uploads\\\/2024\\\/09\\\/4610998608869950529814651617181319750704553n.jpg\",\"articleSection\":[\"Deportes\"],\"inLanguage\":\"es\",\"potentialAction\":[{\"@type\":\"CommentAction\",\"name\":\"Comment\",\"target\":[\"https:\\\/\\\/radiohuancayo.com.pe\\\/wp54\\\/once-talentos-con-ascendencia-peruana-ya-fueron-captados-en-europa-para-integrar-bicolor\\\/#respond\"]}]},{\"@type\":\"WebPage\",\"@id\":\"https:\\\/\\\/radiohuancayo.com.pe\\\/wp54\\\/once-talentos-con-ascendencia-peruana-ya-fueron-captados-en-europa-para-integrar-bicolor\\\/\",\"url\":\"https:\\\/\\\/radiohuancayo.com.pe\\\/wp54\\\/once-talentos-con-ascendencia-peruana-ya-fueron-captados-en-europa-para-integrar-bicolor\\\/\",\"name\":\"Once talentos con ascendencia peruana ya fueron captados en Europa para integrar 'Bicolor' - Radio Huancayo\",\"isPartOf\":{\"@id\":\"https:\\\/\\\/radiohuancayo.com.pe\\\/wp54\\\/#website\"},\"primaryImageOfPage\":{\"@id\":\"https:\\\/\\\/radiohuancayo.com.pe\\\/wp54\\\/once-talentos-con-ascendencia-peruana-ya-fueron-captados-en-europa-para-integrar-bicolor\\\/#primaryimage\"},\"image\":{\"@id\":\"https:\\\/\\\/radiohuancayo.com.pe\\\/wp54\\\/once-talentos-con-ascendencia-peruana-ya-fueron-captados-en-europa-para-integrar-bicolor\\\/#primaryimage\"},\"thumbnailUrl\":\"https:\\\/\\\/radiohuancayo.com.pe\\\/wp54\\\/wp-content\\\/uploads\\\/2024\\\/09\\\/4610998608869950529814651617181319750704553n.jpg\",\"datePublished\":\"2024-09-25T22:30:14+00:00\",\"dateModified\":\"2024-09-25T22:30:15+00:00\",\"breadcrumb\":{\"@id\":\"https:\\\/\\\/radiohuancayo.com.pe\\\/wp54\\\/once-talentos-con-ascendencia-peruana-ya-fueron-captados-en-europa-para-integrar-bicolor\\\/#breadcrumb\"},\"inLanguage\":\"es\",\"potentialAction\":[{\"@type\":\"ReadAction\",\"target\":[\"https:\\\/\\\/radiohuancayo.com.pe\\\/wp54\\\/once-talentos-con-ascendencia-peruana-ya-fueron-captados-en-europa-para-integrar-bicolor\\\/\"]}]},{\"@type\":\"ImageObject\",\"inLanguage\":\"es\",\"@id\":\"https:\\\/\\\/radiohuancayo.com.pe\\\/wp54\\\/once-talentos-con-ascendencia-peruana-ya-fueron-captados-en-europa-para-integrar-bicolor\\\/#primaryimage\",\"url\":\"https:\\\/\\\/radiohuancayo.com.pe\\\/wp54\\\/wp-content\\\/uploads\\\/2024\\\/09\\\/4610998608869950529814651617181319750704553n.jpg\",\"contentUrl\":\"https:\\\/\\\/radiohuancayo.com.pe\\\/wp54\\\/wp-content\\\/uploads\\\/2024\\\/09\\\/4610998608869950529814651617181319750704553n.jpg\",\"width\":1200,\"height\":630},{\"@type\":\"BreadcrumbList\",\"@id\":\"https:\\\/\\\/radiohuancayo.com.pe\\\/wp54\\\/once-talentos-con-ascendencia-peruana-ya-fueron-captados-en-europa-para-integrar-bicolor\\\/#breadcrumb\",\"itemListElement\":[{\"@type\":\"ListItem\",\"position\":1,\"name\":\"Portada\",\"item\":\"https:\\\/\\\/radiohuancayo.com.pe\\\/wp54\\\/\"},{\"@type\":\"ListItem\",\"position\":2,\"name\":\"Once talentos con ascendencia peruana ya fueron captados en Europa para integrar &#8216;Bicolor&#8217;\"}]},{\"@type\":\"WebSite\",\"@id\":\"https:\\\/\\\/radiohuancayo.com.pe\\\/wp54\\\/#website\",\"url\":\"https:\\\/\\\/radiohuancayo.com.pe\\\/wp54\\\/\",\"name\":\"Radio Huancayo\",\"description\":\"me gusta!!!\",\"publisher\":{\"@id\":\"https:\\\/\\\/radiohuancayo.com.pe\\\/wp54\\\/#organization\"},\"potentialAction\":[{\"@type\":\"SearchAction\",\"target\":{\"@type\":\"EntryPoint\",\"urlTemplate\":\"https:\\\/\\\/radiohuancayo.com.pe\\\/wp54\\\/?s={search_term_string}\"},\"query-input\":{\"@type\":\"PropertyValueSpecification\",\"valueRequired\":true,\"valueName\":\"search_term_string\"}}],\"inLanguage\":\"es\"},{\"@type\":\"Organization\",\"@id\":\"https:\\\/\\\/radiohuancayo.com.pe\\\/wp54\\\/#organization\",\"name\":\"Radio Huancayo\",\"url\":\"https:\\\/\\\/radiohuancayo.com.pe\\\/wp54\\\/\",\"logo\":{\"@type\":\"ImageObject\",\"inLanguage\":\"es\",\"@id\":\"https:\\\/\\\/radiohuancayo.com.pe\\\/wp54\\\/#\\\/schema\\\/logo\\\/image\\\/\",\"url\":\"https:\\\/\\\/radiohuancayo.com.pe\\\/wp54\\\/wp-content\\\/uploads\\\/2022\\\/04\\\/CABE01.png\",\"contentUrl\":\"https:\\\/\\\/radiohuancayo.com.pe\\\/wp54\\\/wp-content\\\/uploads\\\/2022\\\/04\\\/CABE01.png\",\"width\":1640,\"height\":300,\"caption\":\"Radio Huancayo\"},\"image\":{\"@id\":\"https:\\\/\\\/radiohuancayo.com.pe\\\/wp54\\\/#\\\/schema\\\/logo\\\/image\\\/\"}},{\"@type\":\"Person\",\"@id\":\"https:\\\/\\\/radiohuancayo.com.pe\\\/wp54\\\/#\\\/schema\\\/person\\\/74fb124dee9900c6f4d0535fa1d2b5ae\",\"name\":\"Michel Sanchez\",\"image\":{\"@type\":\"ImageObject\",\"inLanguage\":\"es\",\"@id\":\"https:\\\/\\\/secure.gravatar.com\\\/avatar\\\/f7f6944c01b3f15a174d0cf055aea75c46697913fc8a9cf5c3cf3e8800c645f6?s=96&d=mm&r=g\",\"url\":\"https:\\\/\\\/secure.gravatar.com\\\/avatar\\\/f7f6944c01b3f15a174d0cf055aea75c46697913fc8a9cf5c3cf3e8800c645f6?s=96&d=mm&r=g\",\"contentUrl\":\"https:\\\/\\\/secure.gravatar.com\\\/avatar\\\/f7f6944c01b3f15a174d0cf055aea75c46697913fc8a9cf5c3cf3e8800c645f6?s=96&d=mm&r=g\",\"caption\":\"Michel Sanchez\"},\"url\":\"https:\\\/\\\/radiohuancayo.com.pe\\\/wp54\\\/author\\\/memoris\\\/\"}]}<\/script>\n<!-- \/ Yoast SEO plugin. -->","yoast_head_json":{"title":"Once talentos con ascendencia peruana ya fueron captados en Europa para integrar 'Bicolor' - Radio Huancayo","robots":{"index":"index","follow":"follow","max-snippet":"max-snippet:-1","max-image-preview":"max-image-preview:large","max-video-preview":"max-video-preview:-1"},"canonical":"https:\/\/radiohuancayo.com.pe\/wp54\/once-talentos-con-ascendencia-peruana-ya-fueron-captados-en-europa-para-integrar-bicolor\/","og_locale":"es_ES","og_type":"article","og_title":"Once talentos con ascendencia peruana ya fueron captados en Europa para integrar 'Bicolor' - Radio Huancayo","og_description":"Con su objetivo de seguir captando talentos para la Selecci\u00f3n peruana, la Unidad T\u00e9cnica de Menores de la FPF, encabezada por Jos\u00e9 Guillermo del Solar, no solo viene realizando visorias por todo el Per\u00fa sino tambi\u00e9n en Europa, apuntando a jugadores con ascendencia peruana. El proceso de b\u00fasqueda y selecci\u00f3n en Europa est\u00e1 a cargo del Scout espa\u00f1ol Pedro Jim\u00e9nez Caballero, quien cuenta con experiencia en importantes clubes como el Celta de Vigo de Espa\u00f1a y Newcastle de Inglaterra. Jim\u00e9nez est\u00e1 trabajando en coordinaci\u00f3n constante con &#8216;Chemo&#8217; del Solar. \u00bfQu\u00e9 jugadores ya fueron captados por la Bicolor? Tome nota: Anthony Bencomo &#8211; Hertha 03 (Alemania) 2010 Extremo&#8211; Aitor Aranguren &#8211; Deportivo Alav\u00e9s (Espa\u00f1a) 2005\u00a0 Extremo&#8211; Joaqu\u00edn Carrera &#8211; Rayo Vallecano (Espa\u00f1a) 2009 Arquero&#8211; Aar\u00f3n Oyague &#8211; UE Cornell\u00e1 (Espa\u00f1a) 2011 Arquero&#8211; Enrique Pe\u00f1a &#8211; Real Valladolid CF (Espa\u00f1a) 2005 Extremo&#8211; Luigi Farioli &#8211; Modena FC (Italia) 2009 Volante ofensivo&#8211; Paolo Doneda &#8211; AC Mil\u00e1n (Italia) 2007 Arquero&#8211; Mateo Stickler &#8211; FC Empoli (Italia) 2005 Lateral&#8211; Alexander V\u00e1squez &#8211; Baerum SK (Noruega) 2009 Volante&#8211; Kaj Van Houwelingen &#8211; ADO Den Haag (Pa\u00edses Bajos) 2005 Volante&#8211; Paul Beauseigneur &#8211; AS M\u00f3naco (Francia) 2008 Lateral El Scout Pedro Jim\u00e9nez se incorpor\u00f3 a la Unidad T\u00e9cnica de Menores FPF, en mayo del presente a\u00f1o, y ha recorrido diferentes pa\u00edses del continente europeo para captar a jugadores de 13, 14, 15, 16, 17 y 19 a\u00f1os. \u00abTenemos un listado muy amplio, doscientos y pico chicos, sabiendo que son peruanos o que tienen la nacionalidad peruana y podr\u00edan venir convocados con la selecci\u00f3n nacional. En activo podemos estar en contacto con aproximadamente ochenta chicos\u00bb, indic\u00f3 Jim\u00e9nez. Luego, agreg\u00f3: \u00abEstamos todos muy unidos en ese sentido porque sabemos que la calidad de captaci\u00f3n que se haga aqu\u00ed, pues va a depender tambi\u00e9n de la calidad en el futuro de la selecci\u00f3n absoluta peruana\u00bb.","og_url":"https:\/\/radiohuancayo.com.pe\/wp54\/once-talentos-con-ascendencia-peruana-ya-fueron-captados-en-europa-para-integrar-bicolor\/","og_site_name":"Radio Huancayo","article_published_time":"2024-09-25T22:30:14+00:00","article_modified_time":"2024-09-25T22:30:15+00:00","og_image":[{"width":1200,"height":630,"url":"https:\/\/radiohuancayo.com.pe\/wp54\/wp-content\/uploads\/2024\/09\/4610998608869950529814651617181319750704553n.jpg","type":"image\/jpeg"}],"author":"Michel Sanchez","twitter_card":"summary_large_image","twitter_misc":{"Escrito por":"Michel Sanchez","Tiempo de lectura":"2 minutos"},"schema":{"@context":"https:\/\/schema.org","@graph":[{"@type":"Article","@id":"https:\/\/radiohuancayo.com.pe\/wp54\/once-talentos-con-ascendencia-peruana-ya-fueron-captados-en-europa-para-integrar-bicolor\/#article","isPartOf":{"@id":"https:\/\/radiohuancayo.com.pe\/wp54\/once-talentos-con-ascendencia-peruana-ya-fueron-captados-en-europa-para-integrar-bicolor\/"},"author":{"name":"Michel Sanchez","@id":"https:\/\/radiohuancayo.com.pe\/wp54\/#\/schema\/person\/74fb124dee9900c6f4d0535fa1d2b5ae"},"headline":"Once talentos con ascendencia peruana ya fueron captados en Europa para integrar &#8216;Bicolor&#8217;","datePublished":"2024-09-25T22:30:14+00:00","dateModified":"2024-09-25T22:30:15+00:00","mainEntityOfPage":{"@id":"https:\/\/radiohuancayo.com.pe\/wp54\/once-talentos-con-ascendencia-peruana-ya-fueron-captados-en-europa-para-integrar-bicolor\/"},"wordCount":334,"commentCount":0,"publisher":{"@id":"https:\/\/radiohuancayo.com.pe\/wp54\/#organization"},"image":{"@id":"https:\/\/radiohuancayo.com.pe\/wp54\/once-talentos-con-ascendencia-peruana-ya-fueron-captados-en-europa-para-integrar-bicolor\/#primaryimage"},"thumbnailUrl":"https:\/\/radiohuancayo.com.pe\/wp54\/wp-content\/uploads\/2024\/09\/4610998608869950529814651617181319750704553n.jpg","articleSection":["Deportes"],"inLanguage":"es","potentialAction":[{"@type":"CommentAction","name":"Comment","target":["https:\/\/radiohuancayo.com.pe\/wp54\/once-talentos-con-ascendencia-peruana-ya-fueron-captados-en-europa-para-integrar-bicolor\/#respond"]}]},{"@type":"WebPage","@id":"https:\/\/radiohuancayo.com.pe\/wp54\/once-talentos-con-ascendencia-peruana-ya-fueron-captados-en-europa-para-integrar-bicolor\/","url":"https:\/\/radiohuancayo.com.pe\/wp54\/once-talentos-con-ascendencia-peruana-ya-fueron-captados-en-europa-para-integrar-bicolor\/","name":"Once talentos con ascendencia peruana ya fueron captados en Europa para integrar 'Bicolor' - Radio Huancayo","isPartOf":{"@id":"https:\/\/radiohuancayo.com.pe\/wp54\/#website"},"primaryImageOfPage":{"@id":"https:\/\/radiohuancayo.com.pe\/wp54\/once-talentos-con-ascendencia-peruana-ya-fueron-captados-en-europa-para-integrar-bicolor\/#primaryimage"},"image":{"@id":"https:\/\/radiohuancayo.com.pe\/wp54\/once-talentos-con-ascendencia-peruana-ya-fueron-captados-en-europa-para-integrar-bicolor\/#primaryimage"},"thumbnailUrl":"https:\/\/radiohuancayo.com.pe\/wp54\/wp-content\/uploads\/2024\/09\/4610998608869950529814651617181319750704553n.jpg","datePublished":"2024-09-25T22:30:14+00:00","dateModified":"2024-09-25T22:30:15+00:00","breadcrumb":{"@id":"https:\/\/radiohuancayo.com.pe\/wp54\/once-talentos-con-ascendencia-peruana-ya-fueron-captados-en-europa-para-integrar-bicolor\/#breadcrumb"},"inLanguage":"es","potentialAction":[{"@type":"ReadAction","target":["https:\/\/radiohuancayo.com.pe\/wp54\/once-talentos-con-ascendencia-peruana-ya-fueron-captados-en-europa-para-integrar-bicolor\/"]}]},{"@type":"ImageObject","inLanguage":"es","@id":"https:\/\/radiohuancayo.com.pe\/wp54\/once-talentos-con-ascendencia-peruana-ya-fueron-captados-en-europa-para-integrar-bicolor\/#primaryimage","url":"https:\/\/radiohuancayo.com.pe\/wp54\/wp-content\/uploads\/2024\/09\/4610998608869950529814651617181319750704553n.jpg","contentUrl":"https:\/\/radiohuancayo.com.pe\/wp54\/wp-content\/uploads\/2024\/09\/4610998608869950529814651617181319750704553n.jpg","width":1200,"height":630},{"@type":"BreadcrumbList","@id":"https:\/\/radiohuancayo.com.pe\/wp54\/once-talentos-con-ascendencia-peruana-ya-fueron-captados-en-europa-para-integrar-bicolor\/#breadcrumb","itemListElement":[{"@type":"ListItem","position":1,"name":"Portada","item":"https:\/\/radiohuancayo.com.pe\/wp54\/"},{"@type":"ListItem","position":2,"name":"Once talentos con ascendencia peruana ya fueron captados en Europa para integrar &#8216;Bicolor&#8217;"}]},{"@type":"WebSite","@id":"https:\/\/radiohuancayo.com.pe\/wp54\/#website","url":"https:\/\/radiohuancayo.com.pe\/wp54\/","name":"Radio Huancayo","description":"me gusta!!!","publisher":{"@id":"https:\/\/radiohuancayo.com.pe\/wp54\/#organization"},"potentialAction":[{"@type":"SearchAction","target":{"@type":"EntryPoint","urlTemplate":"https:\/\/radiohuancayo.com.pe\/wp54\/?s={search_term_string}"},"query-input":{"@type":"PropertyValueSpecification","valueRequired":true,"valueName":"search_term_string"}}],"inLanguage":"es"},{"@type":"Organization","@id":"https:\/\/radiohuancayo.com.pe\/wp54\/#organization","name":"Radio Huancayo","url":"https:\/\/radiohuancayo.com.pe\/wp54\/","logo":{"@type":"ImageObject","inLanguage":"es","@id":"https:\/\/radiohuancayo.com.pe\/wp54\/#\/schema\/logo\/image\/","url":"https:\/\/radiohuancayo.com.pe\/wp54\/wp-content\/uploads\/2022\/04\/CABE01.png","contentUrl":"https:\/\/radiohuancayo.com.pe\/wp54\/wp-content\/uploads\/2022\/04\/CABE01.png","width":1640,"height":300,"caption":"Radio Huancayo"},"image":{"@id":"https:\/\/radiohuancayo.com.pe\/wp54\/#\/schema\/logo\/image\/"}},{"@type":"Person","@id":"https:\/\/radiohuancayo.com.pe\/wp54\/#\/schema\/person\/74fb124dee9900c6f4d0535fa1d2b5ae","name":"Michel Sanchez","image":{"@type":"ImageObject","inLanguage":"es","@id":"https:\/\/secure.gravatar.com\/avatar\/f7f6944c01b3f15a174d0cf055aea75c46697913fc8a9cf5c3cf3e8800c645f6?s=96&d=mm&r=g","url":"https:\/\/secure.gravatar.com\/avatar\/f7f6944c01b3f15a174d0cf055aea75c46697913fc8a9cf5c3cf3e8800c645f6?s=96&d=mm&r=g","contentUrl":"https:\/\/secure.gravatar.com\/avatar\/f7f6944c01b3f15a174d0cf055aea75c46697913fc8a9cf5c3cf3e8800c645f6?s=96&d=mm&r=g","caption":"Michel Sanchez"},"url":"https:\/\/radiohuancayo.com.pe\/wp54\/author\/memoris\/"}]}},"_links":{"self":[{"href":"https:\/\/radiohuancayo.com.pe\/wp54\/wp-json\/wp\/v2\/posts\/28483","targetHints":{"allow":["GET"]}}],"collection":[{"href":"https:\/\/radiohuancayo.com.pe\/wp54\/wp-json\/wp\/v2\/posts"}],"about":[{"href":"https:\/\/radiohuancayo.com.pe\/wp54\/wp-json\/wp\/v2\/types\/post"}],"author":[{"embeddable":true,"href":"https:\/\/radiohuancayo.com.pe\/wp54\/wp-json\/wp\/v2\/users\/2"}],"replies":[{"embeddable":true,"href":"https:\/\/radiohuancayo.com.pe\/wp54\/wp-json\/wp\/v2\/comments?post=28483"}],"version-history":[{"count":1,"href":"https:\/\/radiohuancayo.com.pe\/wp54\/wp-json\/wp\/v2\/posts\/28483\/revisions"}],"predecessor-version":[{"id":28485,"href":"https:\/\/radiohuancayo.com.pe\/wp54\/wp-json\/wp\/v2\/posts\/28483\/revisions\/28485"}],"wp:featuredmedia":[{"embeddable":true,"href":"https:\/\/radiohuancayo.com.pe\/wp54\/wp-json\/wp\/v2\/media\/28484"}],"wp:attachment":[{"href":"https:\/\/radiohuancayo.com.pe\/wp54\/wp-json\/wp\/v2\/media?parent=28483"}],"wp:term":[{"taxonomy":"category","embeddable":true,"href":"https:\/\/radiohuancayo.com.pe\/wp54\/wp-json\/wp\/v2\/categories?post=28483"},{"taxonomy":"post_tag","embeddable":true,"href":"https:\/\/radiohuancayo.com.pe\/wp54\/wp-json\/wp\/v2\/tags?post=28483"}],"curies":[{"name":"wp","href":"https:\/\/api.w.org\/{rel}","templated":true}]}}