{"id":28486,"date":"2024-09-25T17:31:43","date_gmt":"2024-09-25T22:31:43","guid":{"rendered":"https:\/\/radiohuancayo.com.pe\/wp54\/?p=28486"},"modified":"2024-09-25T17:31:44","modified_gmt":"2024-09-25T22:31:44","slug":"conoce-como-va-el-aforo-para-el-duelo-entre-cristal-vs-vallejo","status":"publish","type":"post","link":"https:\/\/radiohuancayo.com.pe\/wp54\/conoce-como-va-el-aforo-para-el-duelo-entre-cristal-vs-vallejo\/","title":{"rendered":"Conoce c\u00f3mo va el aforo para el duelo entre Cristal vs. Vallejo"},"content":{"rendered":"\n<p>A trav\u00e9s de las redes sociales, el cuadro de Sporting Cristal anunci\u00f3 que hasta el momento se ha vendido el 35% del aforo para el duelo de este domingo frente a C\u00e9sar Vallejo por la jornada 13 del Torneo Clausura.<\/p>\n\n\n\n<p>\u00ab\u00a1Este domingo la fiesta vuelve al Gallardo! Y nuestra celeste necesita todo el apoyo para continuar en la pelea por el campeonato. \u00a1Vamos que podemos!\u00bb, se\u00f1al\u00f3 el cuadro rimense en redes sociales.<\/p>\n\n\n\n<p>Seg\u00fan inform\u00f3 el conjunto celeste se ha vendido el 35% de los boletos para el choque ante los &#8216;Poetas&#8217;. El mismo que se disputar\u00e1 el domingo 29 de septiembre desde las 11:00 am. en el Estadio Alberto Gallardo.<\/p>\n\n\n\n<p>Recordemos que las entradas siguen a la venta en Joinnus y que el cuadro de La Florida tambi\u00e9n anunci\u00f3 la venta de una &#8216;experiencia VIP&#8217;, para algunos hinchas.&nbsp;<\/p>\n\n\n\n<figure class=\"wp-block-embed is-type-rich is-provider-twitter wp-block-embed-twitter\"><div class=\"wp-block-embed__wrapper\">\n<blockquote class=\"twitter-tweet\" data-width=\"550\" data-dnt=\"true\"><p lang=\"es\" dir=\"ltr\">\u00a1\ud835\uddd8\ud835\ude00\ud835\ude01\ud835\uddf2 \ud835\uddf1\ud835\uddfc\ud835\uddfa\ud835\uddf6\ud835\uddfb\ud835\uddf4\ud835\uddfc \ud835\uddf9\ud835\uddee \ud835\uddf3\ud835\uddf6\ud835\uddf2\ud835\ude00\ud835\ude01\ud835\uddee \ud835\ude03\ud835\ude02\ud835\uddf2\ud835\uddf9\ud835\ude03\ud835\uddf2 \ud835\uddee\ud835\uddf9 \ud835\uddda\ud835\uddee\ud835\uddf9\ud835\uddf9\ud835\uddee\ud835\uddff\ud835\uddf1\ud835\uddfc! \ud83d\ude4c\ud83c\udfdf\ufe0f\ud83c\udf89<br><br>Y nuestra Celeste necesita todo el apoyo para continuar en la pelea por el campeonato. \u00a1Vamos que podemos! \ud83d\udcaa<br><br>\ud83c\udf9f\ufe0f Compra tus entradas en Joinnus haciendo click aqu\u00ed: <a href=\"https:\/\/t.co\/kKHyrXfb35\">https:\/\/t.co\/kKHyrXfb35<\/a>\u2026 <a href=\"https:\/\/t.co\/HBbIRDD7Jo\">pic.twitter.com\/HBbIRDD7Jo<\/a><\/p>&mdash; Club Sporting Cristal (@ClubSCristal) <a href=\"https:\/\/twitter.com\/ClubSCristal\/status\/1838966750701867094?ref_src=twsrc%5Etfw\">September 25, 2024<\/a><\/blockquote><script async src=\"https:\/\/platform.twitter.com\/widgets.js\" charset=\"utf-8\"><\/script>\n<\/div><\/figure>\n","protected":false},"excerpt":{"rendered":"<p>A trav\u00e9s de las redes sociales, el cuadro de Sporting Cristal anunci\u00f3 que hasta el momento se ha vendido el 35% del aforo para el duelo de este domingo frente a C\u00e9sar Vallejo por la jornada 13 del Torneo Clausura. \u00ab\u00a1Este domingo la fiesta vuelve al Gallardo! Y nuestra celeste necesita todo el apoyo para continuar en la pelea por el campeonato. \u00a1Vamos que podemos!\u00bb, se\u00f1al\u00f3 el cuadro rimense en redes sociales. Seg\u00fan inform\u00f3 el conjunto celeste se ha vendido el 35% de los boletos para el choque ante los &#8216;Poetas&#8217;. El mismo que se disputar\u00e1 el domingo 29 de septiembre desde las 11:00 am. en el Estadio Alberto Gallardo. Recordemos que las entradas siguen a la venta en Joinnus y que el cuadro de La Florida tambi\u00e9n anunci\u00f3 la venta de una &#8216;experiencia VIP&#8217;, para algunos hinchas.&nbsp;<\/p>\n","protected":false},"author":2,"featured_media":28487,"comment_status":"open","ping_status":"open","sticky":false,"template":"","format":"standard","meta":{"footnotes":""},"categories":[7],"tags":[],"class_list":["post-28486","post","type-post","status-publish","format-standard","has-post-thumbnail","hentry","category-deportes"],"yoast_head":"<!-- This site is optimized with the Yoast SEO plugin v27.5 - https:\/\/yoast.com\/product\/yoast-seo-wordpress\/ -->\n<title>Conoce c\u00f3mo va el aforo para el duelo entre Cristal vs. Vallejo - Radio Huancayo<\/title>\n<meta name=\"robots\" content=\"index, follow, max-snippet:-1, max-image-preview:large, max-video-preview:-1\" \/>\n<link rel=\"canonical\" href=\"https:\/\/radiohuancayo.com.pe\/wp54\/conoce-como-va-el-aforo-para-el-duelo-entre-cristal-vs-vallejo\/\" \/>\n<meta property=\"og:locale\" content=\"es_ES\" \/>\n<meta property=\"og:type\" content=\"article\" \/>\n<meta property=\"og:title\" content=\"Conoce c\u00f3mo va el aforo para el duelo entre Cristal vs. Vallejo - Radio Huancayo\" \/>\n<meta property=\"og:description\" content=\"A trav\u00e9s de las redes sociales, el cuadro de Sporting Cristal anunci\u00f3 que hasta el momento se ha vendido el 35% del aforo para el duelo de este domingo frente a C\u00e9sar Vallejo por la jornada 13 del Torneo Clausura. \u00ab\u00a1Este domingo la fiesta vuelve al Gallardo! Y nuestra celeste necesita todo el apoyo para continuar en la pelea por el campeonato. \u00a1Vamos que podemos!\u00bb, se\u00f1al\u00f3 el cuadro rimense en redes sociales. Seg\u00fan inform\u00f3 el conjunto celeste se ha vendido el 35% de los boletos para el choque ante los &#8216;Poetas&#8217;. El mismo que se disputar\u00e1 el domingo 29 de septiembre desde las 11:00 am. en el Estadio Alberto Gallardo. Recordemos que las entradas siguen a la venta en Joinnus y que el cuadro de La Florida tambi\u00e9n anunci\u00f3 la venta de una &#8216;experiencia VIP&#8217;, para algunos hinchas.&nbsp;\" \/>\n<meta property=\"og:url\" content=\"https:\/\/radiohuancayo.com.pe\/wp54\/conoce-como-va-el-aforo-para-el-duelo-entre-cristal-vs-vallejo\/\" \/>\n<meta property=\"og:site_name\" content=\"Radio Huancayo\" \/>\n<meta property=\"article:published_time\" content=\"2024-09-25T22:31:43+00:00\" \/>\n<meta property=\"article:modified_time\" content=\"2024-09-25T22:31:44+00:00\" \/>\n<meta property=\"og:image\" content=\"https:\/\/radiohuancayo.com.pe\/wp54\/wp-content\/uploads\/2024\/09\/redesovacion-2024-09-25t112839200.jpg\" \/>\n\t<meta property=\"og:image:width\" content=\"1200\" \/>\n\t<meta property=\"og:image:height\" content=\"630\" \/>\n\t<meta property=\"og:image:type\" content=\"image\/jpeg\" \/>\n<meta name=\"author\" content=\"Michel Sanchez\" \/>\n<meta name=\"twitter:card\" content=\"summary_large_image\" \/>\n<meta name=\"twitter:label1\" content=\"Escrito por\" \/>\n\t<meta name=\"twitter:data1\" content=\"Michel Sanchez\" \/>\n\t<meta name=\"twitter:label2\" content=\"Tiempo de lectura\" \/>\n\t<meta name=\"twitter:data2\" content=\"1 minuto\" \/>\n<script type=\"application\/ld+json\" class=\"yoast-schema-graph\">{\"@context\":\"https:\\\/\\\/schema.org\",\"@graph\":[{\"@type\":\"Article\",\"@id\":\"https:\\\/\\\/radiohuancayo.com.pe\\\/wp54\\\/conoce-como-va-el-aforo-para-el-duelo-entre-cristal-vs-vallejo\\\/#article\",\"isPartOf\":{\"@id\":\"https:\\\/\\\/radiohuancayo.com.pe\\\/wp54\\\/conoce-como-va-el-aforo-para-el-duelo-entre-cristal-vs-vallejo\\\/\"},\"author\":{\"name\":\"Michel Sanchez\",\"@id\":\"https:\\\/\\\/radiohuancayo.com.pe\\\/wp54\\\/#\\\/schema\\\/person\\\/74fb124dee9900c6f4d0535fa1d2b5ae\"},\"headline\":\"Conoce c\u00f3mo va el aforo para el duelo entre Cristal vs. Vallejo\",\"datePublished\":\"2024-09-25T22:31:43+00:00\",\"dateModified\":\"2024-09-25T22:31:44+00:00\",\"mainEntityOfPage\":{\"@id\":\"https:\\\/\\\/radiohuancayo.com.pe\\\/wp54\\\/conoce-como-va-el-aforo-para-el-duelo-entre-cristal-vs-vallejo\\\/\"},\"wordCount\":188,\"commentCount\":0,\"publisher\":{\"@id\":\"https:\\\/\\\/radiohuancayo.com.pe\\\/wp54\\\/#organization\"},\"image\":{\"@id\":\"https:\\\/\\\/radiohuancayo.com.pe\\\/wp54\\\/conoce-como-va-el-aforo-para-el-duelo-entre-cristal-vs-vallejo\\\/#primaryimage\"},\"thumbnailUrl\":\"https:\\\/\\\/radiohuancayo.com.pe\\\/wp54\\\/wp-content\\\/uploads\\\/2024\\\/09\\\/redesovacion-2024-09-25t112839200.jpg\",\"articleSection\":[\"Deportes\"],\"inLanguage\":\"es\",\"potentialAction\":[{\"@type\":\"CommentAction\",\"name\":\"Comment\",\"target\":[\"https:\\\/\\\/radiohuancayo.com.pe\\\/wp54\\\/conoce-como-va-el-aforo-para-el-duelo-entre-cristal-vs-vallejo\\\/#respond\"]}]},{\"@type\":\"WebPage\",\"@id\":\"https:\\\/\\\/radiohuancayo.com.pe\\\/wp54\\\/conoce-como-va-el-aforo-para-el-duelo-entre-cristal-vs-vallejo\\\/\",\"url\":\"https:\\\/\\\/radiohuancayo.com.pe\\\/wp54\\\/conoce-como-va-el-aforo-para-el-duelo-entre-cristal-vs-vallejo\\\/\",\"name\":\"Conoce c\u00f3mo va el aforo para el duelo entre Cristal vs. Vallejo - Radio Huancayo\",\"isPartOf\":{\"@id\":\"https:\\\/\\\/radiohuancayo.com.pe\\\/wp54\\\/#website\"},\"primaryImageOfPage\":{\"@id\":\"https:\\\/\\\/radiohuancayo.com.pe\\\/wp54\\\/conoce-como-va-el-aforo-para-el-duelo-entre-cristal-vs-vallejo\\\/#primaryimage\"},\"image\":{\"@id\":\"https:\\\/\\\/radiohuancayo.com.pe\\\/wp54\\\/conoce-como-va-el-aforo-para-el-duelo-entre-cristal-vs-vallejo\\\/#primaryimage\"},\"thumbnailUrl\":\"https:\\\/\\\/radiohuancayo.com.pe\\\/wp54\\\/wp-content\\\/uploads\\\/2024\\\/09\\\/redesovacion-2024-09-25t112839200.jpg\",\"datePublished\":\"2024-09-25T22:31:43+00:00\",\"dateModified\":\"2024-09-25T22:31:44+00:00\",\"breadcrumb\":{\"@id\":\"https:\\\/\\\/radiohuancayo.com.pe\\\/wp54\\\/conoce-como-va-el-aforo-para-el-duelo-entre-cristal-vs-vallejo\\\/#breadcrumb\"},\"inLanguage\":\"es\",\"potentialAction\":[{\"@type\":\"ReadAction\",\"target\":[\"https:\\\/\\\/radiohuancayo.com.pe\\\/wp54\\\/conoce-como-va-el-aforo-para-el-duelo-entre-cristal-vs-vallejo\\\/\"]}]},{\"@type\":\"ImageObject\",\"inLanguage\":\"es\",\"@id\":\"https:\\\/\\\/radiohuancayo.com.pe\\\/wp54\\\/conoce-como-va-el-aforo-para-el-duelo-entre-cristal-vs-vallejo\\\/#primaryimage\",\"url\":\"https:\\\/\\\/radiohuancayo.com.pe\\\/wp54\\\/wp-content\\\/uploads\\\/2024\\\/09\\\/redesovacion-2024-09-25t112839200.jpg\",\"contentUrl\":\"https:\\\/\\\/radiohuancayo.com.pe\\\/wp54\\\/wp-content\\\/uploads\\\/2024\\\/09\\\/redesovacion-2024-09-25t112839200.jpg\",\"width\":1200,\"height\":630},{\"@type\":\"BreadcrumbList\",\"@id\":\"https:\\\/\\\/radiohuancayo.com.pe\\\/wp54\\\/conoce-como-va-el-aforo-para-el-duelo-entre-cristal-vs-vallejo\\\/#breadcrumb\",\"itemListElement\":[{\"@type\":\"ListItem\",\"position\":1,\"name\":\"Portada\",\"item\":\"https:\\\/\\\/radiohuancayo.com.pe\\\/wp54\\\/\"},{\"@type\":\"ListItem\",\"position\":2,\"name\":\"Conoce c\u00f3mo va el aforo para el duelo entre Cristal vs. Vallejo\"}]},{\"@type\":\"WebSite\",\"@id\":\"https:\\\/\\\/radiohuancayo.com.pe\\\/wp54\\\/#website\",\"url\":\"https:\\\/\\\/radiohuancayo.com.pe\\\/wp54\\\/\",\"name\":\"Radio Huancayo\",\"description\":\"me gusta!!!\",\"publisher\":{\"@id\":\"https:\\\/\\\/radiohuancayo.com.pe\\\/wp54\\\/#organization\"},\"potentialAction\":[{\"@type\":\"SearchAction\",\"target\":{\"@type\":\"EntryPoint\",\"urlTemplate\":\"https:\\\/\\\/radiohuancayo.com.pe\\\/wp54\\\/?s={search_term_string}\"},\"query-input\":{\"@type\":\"PropertyValueSpecification\",\"valueRequired\":true,\"valueName\":\"search_term_string\"}}],\"inLanguage\":\"es\"},{\"@type\":\"Organization\",\"@id\":\"https:\\\/\\\/radiohuancayo.com.pe\\\/wp54\\\/#organization\",\"name\":\"Radio Huancayo\",\"url\":\"https:\\\/\\\/radiohuancayo.com.pe\\\/wp54\\\/\",\"logo\":{\"@type\":\"ImageObject\",\"inLanguage\":\"es\",\"@id\":\"https:\\\/\\\/radiohuancayo.com.pe\\\/wp54\\\/#\\\/schema\\\/logo\\\/image\\\/\",\"url\":\"https:\\\/\\\/radiohuancayo.com.pe\\\/wp54\\\/wp-content\\\/uploads\\\/2022\\\/04\\\/CABE01.png\",\"contentUrl\":\"https:\\\/\\\/radiohuancayo.com.pe\\\/wp54\\\/wp-content\\\/uploads\\\/2022\\\/04\\\/CABE01.png\",\"width\":1640,\"height\":300,\"caption\":\"Radio Huancayo\"},\"image\":{\"@id\":\"https:\\\/\\\/radiohuancayo.com.pe\\\/wp54\\\/#\\\/schema\\\/logo\\\/image\\\/\"}},{\"@type\":\"Person\",\"@id\":\"https:\\\/\\\/radiohuancayo.com.pe\\\/wp54\\\/#\\\/schema\\\/person\\\/74fb124dee9900c6f4d0535fa1d2b5ae\",\"name\":\"Michel Sanchez\",\"image\":{\"@type\":\"ImageObject\",\"inLanguage\":\"es\",\"@id\":\"https:\\\/\\\/secure.gravatar.com\\\/avatar\\\/f7f6944c01b3f15a174d0cf055aea75c46697913fc8a9cf5c3cf3e8800c645f6?s=96&d=mm&r=g\",\"url\":\"https:\\\/\\\/secure.gravatar.com\\\/avatar\\\/f7f6944c01b3f15a174d0cf055aea75c46697913fc8a9cf5c3cf3e8800c645f6?s=96&d=mm&r=g\",\"contentUrl\":\"https:\\\/\\\/secure.gravatar.com\\\/avatar\\\/f7f6944c01b3f15a174d0cf055aea75c46697913fc8a9cf5c3cf3e8800c645f6?s=96&d=mm&r=g\",\"caption\":\"Michel Sanchez\"},\"url\":\"https:\\\/\\\/radiohuancayo.com.pe\\\/wp54\\\/author\\\/memoris\\\/\"}]}<\/script>\n<!-- \/ Yoast SEO plugin. -->","yoast_head_json":{"title":"Conoce c\u00f3mo va el aforo para el duelo entre Cristal vs. Vallejo - Radio Huancayo","robots":{"index":"index","follow":"follow","max-snippet":"max-snippet:-1","max-image-preview":"max-image-preview:large","max-video-preview":"max-video-preview:-1"},"canonical":"https:\/\/radiohuancayo.com.pe\/wp54\/conoce-como-va-el-aforo-para-el-duelo-entre-cristal-vs-vallejo\/","og_locale":"es_ES","og_type":"article","og_title":"Conoce c\u00f3mo va el aforo para el duelo entre Cristal vs. Vallejo - Radio Huancayo","og_description":"A trav\u00e9s de las redes sociales, el cuadro de Sporting Cristal anunci\u00f3 que hasta el momento se ha vendido el 35% del aforo para el duelo de este domingo frente a C\u00e9sar Vallejo por la jornada 13 del Torneo Clausura. \u00ab\u00a1Este domingo la fiesta vuelve al Gallardo! Y nuestra celeste necesita todo el apoyo para continuar en la pelea por el campeonato. \u00a1Vamos que podemos!\u00bb, se\u00f1al\u00f3 el cuadro rimense en redes sociales. Seg\u00fan inform\u00f3 el conjunto celeste se ha vendido el 35% de los boletos para el choque ante los &#8216;Poetas&#8217;. El mismo que se disputar\u00e1 el domingo 29 de septiembre desde las 11:00 am. en el Estadio Alberto Gallardo. Recordemos que las entradas siguen a la venta en Joinnus y que el cuadro de La Florida tambi\u00e9n anunci\u00f3 la venta de una &#8216;experiencia VIP&#8217;, para algunos hinchas.&nbsp;","og_url":"https:\/\/radiohuancayo.com.pe\/wp54\/conoce-como-va-el-aforo-para-el-duelo-entre-cristal-vs-vallejo\/","og_site_name":"Radio Huancayo","article_published_time":"2024-09-25T22:31:43+00:00","article_modified_time":"2024-09-25T22:31:44+00:00","og_image":[{"width":1200,"height":630,"url":"https:\/\/radiohuancayo.com.pe\/wp54\/wp-content\/uploads\/2024\/09\/redesovacion-2024-09-25t112839200.jpg","type":"image\/jpeg"}],"author":"Michel Sanchez","twitter_card":"summary_large_image","twitter_misc":{"Escrito por":"Michel Sanchez","Tiempo de lectura":"1 minuto"},"schema":{"@context":"https:\/\/schema.org","@graph":[{"@type":"Article","@id":"https:\/\/radiohuancayo.com.pe\/wp54\/conoce-como-va-el-aforo-para-el-duelo-entre-cristal-vs-vallejo\/#article","isPartOf":{"@id":"https:\/\/radiohuancayo.com.pe\/wp54\/conoce-como-va-el-aforo-para-el-duelo-entre-cristal-vs-vallejo\/"},"author":{"name":"Michel Sanchez","@id":"https:\/\/radiohuancayo.com.pe\/wp54\/#\/schema\/person\/74fb124dee9900c6f4d0535fa1d2b5ae"},"headline":"Conoce c\u00f3mo va el aforo para el duelo entre Cristal vs. Vallejo","datePublished":"2024-09-25T22:31:43+00:00","dateModified":"2024-09-25T22:31:44+00:00","mainEntityOfPage":{"@id":"https:\/\/radiohuancayo.com.pe\/wp54\/conoce-como-va-el-aforo-para-el-duelo-entre-cristal-vs-vallejo\/"},"wordCount":188,"commentCount":0,"publisher":{"@id":"https:\/\/radiohuancayo.com.pe\/wp54\/#organization"},"image":{"@id":"https:\/\/radiohuancayo.com.pe\/wp54\/conoce-como-va-el-aforo-para-el-duelo-entre-cristal-vs-vallejo\/#primaryimage"},"thumbnailUrl":"https:\/\/radiohuancayo.com.pe\/wp54\/wp-content\/uploads\/2024\/09\/redesovacion-2024-09-25t112839200.jpg","articleSection":["Deportes"],"inLanguage":"es","potentialAction":[{"@type":"CommentAction","name":"Comment","target":["https:\/\/radiohuancayo.com.pe\/wp54\/conoce-como-va-el-aforo-para-el-duelo-entre-cristal-vs-vallejo\/#respond"]}]},{"@type":"WebPage","@id":"https:\/\/radiohuancayo.com.pe\/wp54\/conoce-como-va-el-aforo-para-el-duelo-entre-cristal-vs-vallejo\/","url":"https:\/\/radiohuancayo.com.pe\/wp54\/conoce-como-va-el-aforo-para-el-duelo-entre-cristal-vs-vallejo\/","name":"Conoce c\u00f3mo va el aforo para el duelo entre Cristal vs. Vallejo - Radio Huancayo","isPartOf":{"@id":"https:\/\/radiohuancayo.com.pe\/wp54\/#website"},"primaryImageOfPage":{"@id":"https:\/\/radiohuancayo.com.pe\/wp54\/conoce-como-va-el-aforo-para-el-duelo-entre-cristal-vs-vallejo\/#primaryimage"},"image":{"@id":"https:\/\/radiohuancayo.com.pe\/wp54\/conoce-como-va-el-aforo-para-el-duelo-entre-cristal-vs-vallejo\/#primaryimage"},"thumbnailUrl":"https:\/\/radiohuancayo.com.pe\/wp54\/wp-content\/uploads\/2024\/09\/redesovacion-2024-09-25t112839200.jpg","datePublished":"2024-09-25T22:31:43+00:00","dateModified":"2024-09-25T22:31:44+00:00","breadcrumb":{"@id":"https:\/\/radiohuancayo.com.pe\/wp54\/conoce-como-va-el-aforo-para-el-duelo-entre-cristal-vs-vallejo\/#breadcrumb"},"inLanguage":"es","potentialAction":[{"@type":"ReadAction","target":["https:\/\/radiohuancayo.com.pe\/wp54\/conoce-como-va-el-aforo-para-el-duelo-entre-cristal-vs-vallejo\/"]}]},{"@type":"ImageObject","inLanguage":"es","@id":"https:\/\/radiohuancayo.com.pe\/wp54\/conoce-como-va-el-aforo-para-el-duelo-entre-cristal-vs-vallejo\/#primaryimage","url":"https:\/\/radiohuancayo.com.pe\/wp54\/wp-content\/uploads\/2024\/09\/redesovacion-2024-09-25t112839200.jpg","contentUrl":"https:\/\/radiohuancayo.com.pe\/wp54\/wp-content\/uploads\/2024\/09\/redesovacion-2024-09-25t112839200.jpg","width":1200,"height":630},{"@type":"BreadcrumbList","@id":"https:\/\/radiohuancayo.com.pe\/wp54\/conoce-como-va-el-aforo-para-el-duelo-entre-cristal-vs-vallejo\/#breadcrumb","itemListElement":[{"@type":"ListItem","position":1,"name":"Portada","item":"https:\/\/radiohuancayo.com.pe\/wp54\/"},{"@type":"ListItem","position":2,"name":"Conoce c\u00f3mo va el aforo para el duelo entre Cristal vs. Vallejo"}]},{"@type":"WebSite","@id":"https:\/\/radiohuancayo.com.pe\/wp54\/#website","url":"https:\/\/radiohuancayo.com.pe\/wp54\/","name":"Radio Huancayo","description":"me gusta!!!","publisher":{"@id":"https:\/\/radiohuancayo.com.pe\/wp54\/#organization"},"potentialAction":[{"@type":"SearchAction","target":{"@type":"EntryPoint","urlTemplate":"https:\/\/radiohuancayo.com.pe\/wp54\/?s={search_term_string}"},"query-input":{"@type":"PropertyValueSpecification","valueRequired":true,"valueName":"search_term_string"}}],"inLanguage":"es"},{"@type":"Organization","@id":"https:\/\/radiohuancayo.com.pe\/wp54\/#organization","name":"Radio Huancayo","url":"https:\/\/radiohuancayo.com.pe\/wp54\/","logo":{"@type":"ImageObject","inLanguage":"es","@id":"https:\/\/radiohuancayo.com.pe\/wp54\/#\/schema\/logo\/image\/","url":"https:\/\/radiohuancayo.com.pe\/wp54\/wp-content\/uploads\/2022\/04\/CABE01.png","contentUrl":"https:\/\/radiohuancayo.com.pe\/wp54\/wp-content\/uploads\/2022\/04\/CABE01.png","width":1640,"height":300,"caption":"Radio Huancayo"},"image":{"@id":"https:\/\/radiohuancayo.com.pe\/wp54\/#\/schema\/logo\/image\/"}},{"@type":"Person","@id":"https:\/\/radiohuancayo.com.pe\/wp54\/#\/schema\/person\/74fb124dee9900c6f4d0535fa1d2b5ae","name":"Michel Sanchez","image":{"@type":"ImageObject","inLanguage":"es","@id":"https:\/\/secure.gravatar.com\/avatar\/f7f6944c01b3f15a174d0cf055aea75c46697913fc8a9cf5c3cf3e8800c645f6?s=96&d=mm&r=g","url":"https:\/\/secure.gravatar.com\/avatar\/f7f6944c01b3f15a174d0cf055aea75c46697913fc8a9cf5c3cf3e8800c645f6?s=96&d=mm&r=g","contentUrl":"https:\/\/secure.gravatar.com\/avatar\/f7f6944c01b3f15a174d0cf055aea75c46697913fc8a9cf5c3cf3e8800c645f6?s=96&d=mm&r=g","caption":"Michel Sanchez"},"url":"https:\/\/radiohuancayo.com.pe\/wp54\/author\/memoris\/"}]}},"_links":{"self":[{"href":"https:\/\/radiohuancayo.com.pe\/wp54\/wp-json\/wp\/v2\/posts\/28486","targetHints":{"allow":["GET"]}}],"collection":[{"href":"https:\/\/radiohuancayo.com.pe\/wp54\/wp-json\/wp\/v2\/posts"}],"about":[{"href":"https:\/\/radiohuancayo.com.pe\/wp54\/wp-json\/wp\/v2\/types\/post"}],"author":[{"embeddable":true,"href":"https:\/\/radiohuancayo.com.pe\/wp54\/wp-json\/wp\/v2\/users\/2"}],"replies":[{"embeddable":true,"href":"https:\/\/radiohuancayo.com.pe\/wp54\/wp-json\/wp\/v2\/comments?post=28486"}],"version-history":[{"count":1,"href":"https:\/\/radiohuancayo.com.pe\/wp54\/wp-json\/wp\/v2\/posts\/28486\/revisions"}],"predecessor-version":[{"id":28488,"href":"https:\/\/radiohuancayo.com.pe\/wp54\/wp-json\/wp\/v2\/posts\/28486\/revisions\/28488"}],"wp:featuredmedia":[{"embeddable":true,"href":"https:\/\/radiohuancayo.com.pe\/wp54\/wp-json\/wp\/v2\/media\/28487"}],"wp:attachment":[{"href":"https:\/\/radiohuancayo.com.pe\/wp54\/wp-json\/wp\/v2\/media?parent=28486"}],"wp:term":[{"taxonomy":"category","embeddable":true,"href":"https:\/\/radiohuancayo.com.pe\/wp54\/wp-json\/wp\/v2\/categories?post=28486"},{"taxonomy":"post_tag","embeddable":true,"href":"https:\/\/radiohuancayo.com.pe\/wp54\/wp-json\/wp\/v2\/tags?post=28486"}],"curies":[{"name":"wp","href":"https:\/\/api.w.org\/{rel}","templated":true}]}}