{"id":28489,"date":"2024-09-25T17:33:35","date_gmt":"2024-09-25T22:33:35","guid":{"rendered":"https:\/\/radiohuancayo.com.pe\/wp54\/?p=28489"},"modified":"2024-09-25T17:33:35","modified_gmt":"2024-09-25T22:33:35","slug":"ruben-sosa-a-peru-le-esta-costando-el-recambio-generacional","status":"publish","type":"post","link":"https:\/\/radiohuancayo.com.pe\/wp54\/ruben-sosa-a-peru-le-esta-costando-el-recambio-generacional\/","title":{"rendered":"Rub\u00e9n Sosa: \u00abA Per\u00fa le est\u00e1 costando el recambio generacional\u00bb"},"content":{"rendered":"\n<p>El exjugador uruguayo Rub\u00e9n Sosa se refiri\u00f3 sobre el choque que jugar\u00e1, en octubre pr\u00f3ximo, la selecci\u00f3n charr\u00faa ante Per\u00fa por las Clasificatorias sudamericanas. El &#8216;Principito&#8217; elogi\u00f3 al t\u00e9cnico Jorge Fosatti y asegur\u00f3 que al f\u00fatbol peruano le est\u00e1 costando mucho trabajo el recambio generacional.<\/p>\n\n\n\n<p>\u00abYa se acerca el partido ante Per\u00fa, luego de esos dos empates que logr\u00f3 Uruguay, en la fecha doble pasada, y esperemos sacar un buen resultado en Lima\u00bb, dijo Sosa.<\/p>\n\n\n\n<p>Sobre las sanciones impuestas a algunos jugadores uruguayos, tras lo sucedido en la Copa Am\u00e9rica, el exmundialista charr\u00faa coment\u00f3 que \u00abconsidero que fue demasiado castigo, sin embargo Uruguay tiene jugadores j\u00f3venes y muy importantes que le pueden dar una mano y suplir a los sancionados\u00bb.<\/p>\n\n\n\n<p>Luego, agreg\u00f3: \u00abvamos a seguir con bajas ante Per\u00fa, pero este pa\u00eds que es tan peque\u00f1o sigue dando jugadores buenos y ahora tienen que demostrar\u00bb.<\/p>\n\n\n\n<p><strong>\u00abPer\u00fa tiene un gran entrenador\u00bb<\/strong><\/p>\n\n\n\n<p>Cuando le consultaron por Jorge Fosatti, Sosa puntualiz\u00f3 que \u00abustedes tienen un gran entrenador, para m\u00ed uno de los mejores, pero los t\u00e9cnicos tambi\u00e9n necesitan su cuota de suerte. Sucede que a Per\u00fa le est\u00e1 costando el recambio generacional como nos pas\u00f3 en alg\u00fan momento a nosotros. En Uruguay se fueron Francescoli, Ruben Paz, Aguilera, Fonseca\u2026 pero llegaron Cavani, Su\u00e1rez, Forl\u00e1n&#8230; Tienen que apostar m\u00e1s por los j\u00f3venes, mover las canteras\u00bb.<\/p>\n\n\n\n<p>El exjugador uruguayo cont\u00f3 que \u00abhoy en d\u00eda el f\u00fatbol se trabaja de manera m\u00e1s personalizada, por ejemplo yo hago cursos y voy a Estados Unidos para ense\u00f1ar en la definici\u00f3n. Yo no soy entrenador sino t\u00e9cnico de delanteros, y as\u00ed por el estilo hay que gente que trabaja con los mediocampistas, defensas y arqueros. Pienso que ese trabajo lo tendr\u00edan que hacer esos jugadores que le dieron algo al f\u00fatbol peruano\u00bb.<\/p>\n","protected":false},"excerpt":{"rendered":"<p>El exjugador uruguayo Rub\u00e9n Sosa se refiri\u00f3 sobre el choque que jugar\u00e1, en octubre pr\u00f3ximo, la selecci\u00f3n charr\u00faa ante Per\u00fa por las Clasificatorias sudamericanas. El &#8216;Principito&#8217; elogi\u00f3 al t\u00e9cnico Jorge Fosatti y asegur\u00f3 que al f\u00fatbol peruano le est\u00e1 costando mucho trabajo el recambio generacional. \u00abYa se acerca el partido ante Per\u00fa, luego de esos dos empates que logr\u00f3 Uruguay, en la fecha doble pasada, y esperemos sacar un buen resultado en Lima\u00bb, dijo Sosa. Sobre las sanciones impuestas a algunos jugadores uruguayos, tras lo sucedido en la Copa Am\u00e9rica, el exmundialista charr\u00faa coment\u00f3 que \u00abconsidero que fue demasiado castigo, sin embargo Uruguay tiene jugadores j\u00f3venes y muy importantes que le pueden dar una mano y suplir a los sancionados\u00bb. Luego, agreg\u00f3: \u00abvamos a seguir con bajas ante Per\u00fa, pero este pa\u00eds que es tan peque\u00f1o sigue dando jugadores buenos y ahora tienen que demostrar\u00bb. \u00abPer\u00fa tiene un gran entrenador\u00bb Cuando le consultaron por Jorge Fosatti, Sosa puntualiz\u00f3 que \u00abustedes tienen un gran entrenador, para m\u00ed uno de los mejores, pero los t\u00e9cnicos tambi\u00e9n necesitan su cuota de suerte. Sucede que a Per\u00fa le est\u00e1 costando el recambio generacional como nos pas\u00f3 en alg\u00fan momento a nosotros. En Uruguay se fueron Francescoli, Ruben Paz, Aguilera, Fonseca\u2026 pero llegaron Cavani, Su\u00e1rez, Forl\u00e1n&#8230; Tienen que apostar m\u00e1s por los j\u00f3venes, mover las canteras\u00bb. El exjugador uruguayo cont\u00f3 que \u00abhoy en d\u00eda el f\u00fatbol se trabaja de manera m\u00e1s personalizada, por ejemplo yo hago cursos y voy a Estados Unidos para ense\u00f1ar en la definici\u00f3n. Yo no soy entrenador sino t\u00e9cnico de delanteros, y as\u00ed por el estilo hay que gente que trabaja con los mediocampistas, defensas y arqueros. Pienso que ese trabajo lo tendr\u00edan que hacer esos jugadores que le dieron algo al f\u00fatbol peruano\u00bb.<\/p>\n","protected":false},"author":2,"featured_media":28490,"comment_status":"open","ping_status":"open","sticky":false,"template":"","format":"standard","meta":{"footnotes":""},"categories":[7],"tags":[],"class_list":["post-28489","post","type-post","status-publish","format-standard","has-post-thumbnail","hentry","category-deportes"],"yoast_head":"<!-- This site is optimized with the Yoast SEO plugin v27.5 - https:\/\/yoast.com\/product\/yoast-seo-wordpress\/ -->\n<title>Rub\u00e9n Sosa: &quot;A Per\u00fa le est\u00e1 costando el recambio generacional&quot; - Radio Huancayo<\/title>\n<meta name=\"robots\" content=\"index, follow, max-snippet:-1, max-image-preview:large, max-video-preview:-1\" \/>\n<link rel=\"canonical\" href=\"https:\/\/radiohuancayo.com.pe\/wp54\/ruben-sosa-a-peru-le-esta-costando-el-recambio-generacional\/\" \/>\n<meta property=\"og:locale\" content=\"es_ES\" \/>\n<meta property=\"og:type\" content=\"article\" \/>\n<meta property=\"og:title\" content=\"Rub\u00e9n Sosa: &quot;A Per\u00fa le est\u00e1 costando el recambio generacional&quot; - Radio Huancayo\" \/>\n<meta property=\"og:description\" content=\"El exjugador uruguayo Rub\u00e9n Sosa se refiri\u00f3 sobre el choque que jugar\u00e1, en octubre pr\u00f3ximo, la selecci\u00f3n charr\u00faa ante Per\u00fa por las Clasificatorias sudamericanas. El &#8216;Principito&#8217; elogi\u00f3 al t\u00e9cnico Jorge Fosatti y asegur\u00f3 que al f\u00fatbol peruano le est\u00e1 costando mucho trabajo el recambio generacional. \u00abYa se acerca el partido ante Per\u00fa, luego de esos dos empates que logr\u00f3 Uruguay, en la fecha doble pasada, y esperemos sacar un buen resultado en Lima\u00bb, dijo Sosa. Sobre las sanciones impuestas a algunos jugadores uruguayos, tras lo sucedido en la Copa Am\u00e9rica, el exmundialista charr\u00faa coment\u00f3 que \u00abconsidero que fue demasiado castigo, sin embargo Uruguay tiene jugadores j\u00f3venes y muy importantes que le pueden dar una mano y suplir a los sancionados\u00bb. Luego, agreg\u00f3: \u00abvamos a seguir con bajas ante Per\u00fa, pero este pa\u00eds que es tan peque\u00f1o sigue dando jugadores buenos y ahora tienen que demostrar\u00bb. \u00abPer\u00fa tiene un gran entrenador\u00bb Cuando le consultaron por Jorge Fosatti, Sosa puntualiz\u00f3 que \u00abustedes tienen un gran entrenador, para m\u00ed uno de los mejores, pero los t\u00e9cnicos tambi\u00e9n necesitan su cuota de suerte. Sucede que a Per\u00fa le est\u00e1 costando el recambio generacional como nos pas\u00f3 en alg\u00fan momento a nosotros. En Uruguay se fueron Francescoli, Ruben Paz, Aguilera, Fonseca\u2026 pero llegaron Cavani, Su\u00e1rez, Forl\u00e1n&#8230; Tienen que apostar m\u00e1s por los j\u00f3venes, mover las canteras\u00bb. El exjugador uruguayo cont\u00f3 que \u00abhoy en d\u00eda el f\u00fatbol se trabaja de manera m\u00e1s personalizada, por ejemplo yo hago cursos y voy a Estados Unidos para ense\u00f1ar en la definici\u00f3n. Yo no soy entrenador sino t\u00e9cnico de delanteros, y as\u00ed por el estilo hay que gente que trabaja con los mediocampistas, defensas y arqueros. Pienso que ese trabajo lo tendr\u00edan que hacer esos jugadores que le dieron algo al f\u00fatbol peruano\u00bb.\" \/>\n<meta property=\"og:url\" content=\"https:\/\/radiohuancayo.com.pe\/wp54\/ruben-sosa-a-peru-le-esta-costando-el-recambio-generacional\/\" \/>\n<meta property=\"og:site_name\" content=\"Radio Huancayo\" \/>\n<meta property=\"article:published_time\" content=\"2024-09-25T22:33:35+00:00\" \/>\n<meta property=\"og:image\" content=\"https:\/\/radiohuancayo.com.pe\/wp54\/wp-content\/uploads\/2024\/09\/46118044612175145327933145504863400526030198n.jpg\" \/>\n\t<meta property=\"og:image:width\" content=\"1200\" \/>\n\t<meta property=\"og:image:height\" content=\"630\" \/>\n\t<meta property=\"og:image:type\" content=\"image\/jpeg\" \/>\n<meta name=\"author\" content=\"Michel Sanchez\" \/>\n<meta name=\"twitter:card\" content=\"summary_large_image\" \/>\n<meta name=\"twitter:label1\" content=\"Escrito por\" \/>\n\t<meta name=\"twitter:data1\" content=\"Michel Sanchez\" \/>\n\t<meta name=\"twitter:label2\" content=\"Tiempo de lectura\" \/>\n\t<meta name=\"twitter:data2\" content=\"2 minutos\" \/>\n<script type=\"application\/ld+json\" class=\"yoast-schema-graph\">{\"@context\":\"https:\\\/\\\/schema.org\",\"@graph\":[{\"@type\":\"Article\",\"@id\":\"https:\\\/\\\/radiohuancayo.com.pe\\\/wp54\\\/ruben-sosa-a-peru-le-esta-costando-el-recambio-generacional\\\/#article\",\"isPartOf\":{\"@id\":\"https:\\\/\\\/radiohuancayo.com.pe\\\/wp54\\\/ruben-sosa-a-peru-le-esta-costando-el-recambio-generacional\\\/\"},\"author\":{\"name\":\"Michel Sanchez\",\"@id\":\"https:\\\/\\\/radiohuancayo.com.pe\\\/wp54\\\/#\\\/schema\\\/person\\\/74fb124dee9900c6f4d0535fa1d2b5ae\"},\"headline\":\"Rub\u00e9n Sosa: \u00abA Per\u00fa le est\u00e1 costando el recambio generacional\u00bb\",\"datePublished\":\"2024-09-25T22:33:35+00:00\",\"mainEntityOfPage\":{\"@id\":\"https:\\\/\\\/radiohuancayo.com.pe\\\/wp54\\\/ruben-sosa-a-peru-le-esta-costando-el-recambio-generacional\\\/\"},\"wordCount\":330,\"commentCount\":0,\"publisher\":{\"@id\":\"https:\\\/\\\/radiohuancayo.com.pe\\\/wp54\\\/#organization\"},\"image\":{\"@id\":\"https:\\\/\\\/radiohuancayo.com.pe\\\/wp54\\\/ruben-sosa-a-peru-le-esta-costando-el-recambio-generacional\\\/#primaryimage\"},\"thumbnailUrl\":\"https:\\\/\\\/radiohuancayo.com.pe\\\/wp54\\\/wp-content\\\/uploads\\\/2024\\\/09\\\/46118044612175145327933145504863400526030198n.jpg\",\"articleSection\":[\"Deportes\"],\"inLanguage\":\"es\",\"potentialAction\":[{\"@type\":\"CommentAction\",\"name\":\"Comment\",\"target\":[\"https:\\\/\\\/radiohuancayo.com.pe\\\/wp54\\\/ruben-sosa-a-peru-le-esta-costando-el-recambio-generacional\\\/#respond\"]}]},{\"@type\":\"WebPage\",\"@id\":\"https:\\\/\\\/radiohuancayo.com.pe\\\/wp54\\\/ruben-sosa-a-peru-le-esta-costando-el-recambio-generacional\\\/\",\"url\":\"https:\\\/\\\/radiohuancayo.com.pe\\\/wp54\\\/ruben-sosa-a-peru-le-esta-costando-el-recambio-generacional\\\/\",\"name\":\"Rub\u00e9n Sosa: \\\"A Per\u00fa le est\u00e1 costando el recambio generacional\\\" - Radio Huancayo\",\"isPartOf\":{\"@id\":\"https:\\\/\\\/radiohuancayo.com.pe\\\/wp54\\\/#website\"},\"primaryImageOfPage\":{\"@id\":\"https:\\\/\\\/radiohuancayo.com.pe\\\/wp54\\\/ruben-sosa-a-peru-le-esta-costando-el-recambio-generacional\\\/#primaryimage\"},\"image\":{\"@id\":\"https:\\\/\\\/radiohuancayo.com.pe\\\/wp54\\\/ruben-sosa-a-peru-le-esta-costando-el-recambio-generacional\\\/#primaryimage\"},\"thumbnailUrl\":\"https:\\\/\\\/radiohuancayo.com.pe\\\/wp54\\\/wp-content\\\/uploads\\\/2024\\\/09\\\/46118044612175145327933145504863400526030198n.jpg\",\"datePublished\":\"2024-09-25T22:33:35+00:00\",\"breadcrumb\":{\"@id\":\"https:\\\/\\\/radiohuancayo.com.pe\\\/wp54\\\/ruben-sosa-a-peru-le-esta-costando-el-recambio-generacional\\\/#breadcrumb\"},\"inLanguage\":\"es\",\"potentialAction\":[{\"@type\":\"ReadAction\",\"target\":[\"https:\\\/\\\/radiohuancayo.com.pe\\\/wp54\\\/ruben-sosa-a-peru-le-esta-costando-el-recambio-generacional\\\/\"]}]},{\"@type\":\"ImageObject\",\"inLanguage\":\"es\",\"@id\":\"https:\\\/\\\/radiohuancayo.com.pe\\\/wp54\\\/ruben-sosa-a-peru-le-esta-costando-el-recambio-generacional\\\/#primaryimage\",\"url\":\"https:\\\/\\\/radiohuancayo.com.pe\\\/wp54\\\/wp-content\\\/uploads\\\/2024\\\/09\\\/46118044612175145327933145504863400526030198n.jpg\",\"contentUrl\":\"https:\\\/\\\/radiohuancayo.com.pe\\\/wp54\\\/wp-content\\\/uploads\\\/2024\\\/09\\\/46118044612175145327933145504863400526030198n.jpg\",\"width\":1200,\"height\":630},{\"@type\":\"BreadcrumbList\",\"@id\":\"https:\\\/\\\/radiohuancayo.com.pe\\\/wp54\\\/ruben-sosa-a-peru-le-esta-costando-el-recambio-generacional\\\/#breadcrumb\",\"itemListElement\":[{\"@type\":\"ListItem\",\"position\":1,\"name\":\"Portada\",\"item\":\"https:\\\/\\\/radiohuancayo.com.pe\\\/wp54\\\/\"},{\"@type\":\"ListItem\",\"position\":2,\"name\":\"Rub\u00e9n Sosa: &#8220;A Per\u00fa le est\u00e1 costando el recambio generacional&#8221;\"}]},{\"@type\":\"WebSite\",\"@id\":\"https:\\\/\\\/radiohuancayo.com.pe\\\/wp54\\\/#website\",\"url\":\"https:\\\/\\\/radiohuancayo.com.pe\\\/wp54\\\/\",\"name\":\"Radio Huancayo\",\"description\":\"me gusta!!!\",\"publisher\":{\"@id\":\"https:\\\/\\\/radiohuancayo.com.pe\\\/wp54\\\/#organization\"},\"potentialAction\":[{\"@type\":\"SearchAction\",\"target\":{\"@type\":\"EntryPoint\",\"urlTemplate\":\"https:\\\/\\\/radiohuancayo.com.pe\\\/wp54\\\/?s={search_term_string}\"},\"query-input\":{\"@type\":\"PropertyValueSpecification\",\"valueRequired\":true,\"valueName\":\"search_term_string\"}}],\"inLanguage\":\"es\"},{\"@type\":\"Organization\",\"@id\":\"https:\\\/\\\/radiohuancayo.com.pe\\\/wp54\\\/#organization\",\"name\":\"Radio Huancayo\",\"url\":\"https:\\\/\\\/radiohuancayo.com.pe\\\/wp54\\\/\",\"logo\":{\"@type\":\"ImageObject\",\"inLanguage\":\"es\",\"@id\":\"https:\\\/\\\/radiohuancayo.com.pe\\\/wp54\\\/#\\\/schema\\\/logo\\\/image\\\/\",\"url\":\"https:\\\/\\\/radiohuancayo.com.pe\\\/wp54\\\/wp-content\\\/uploads\\\/2022\\\/04\\\/CABE01.png\",\"contentUrl\":\"https:\\\/\\\/radiohuancayo.com.pe\\\/wp54\\\/wp-content\\\/uploads\\\/2022\\\/04\\\/CABE01.png\",\"width\":1640,\"height\":300,\"caption\":\"Radio Huancayo\"},\"image\":{\"@id\":\"https:\\\/\\\/radiohuancayo.com.pe\\\/wp54\\\/#\\\/schema\\\/logo\\\/image\\\/\"}},{\"@type\":\"Person\",\"@id\":\"https:\\\/\\\/radiohuancayo.com.pe\\\/wp54\\\/#\\\/schema\\\/person\\\/74fb124dee9900c6f4d0535fa1d2b5ae\",\"name\":\"Michel Sanchez\",\"image\":{\"@type\":\"ImageObject\",\"inLanguage\":\"es\",\"@id\":\"https:\\\/\\\/secure.gravatar.com\\\/avatar\\\/f7f6944c01b3f15a174d0cf055aea75c46697913fc8a9cf5c3cf3e8800c645f6?s=96&d=mm&r=g\",\"url\":\"https:\\\/\\\/secure.gravatar.com\\\/avatar\\\/f7f6944c01b3f15a174d0cf055aea75c46697913fc8a9cf5c3cf3e8800c645f6?s=96&d=mm&r=g\",\"contentUrl\":\"https:\\\/\\\/secure.gravatar.com\\\/avatar\\\/f7f6944c01b3f15a174d0cf055aea75c46697913fc8a9cf5c3cf3e8800c645f6?s=96&d=mm&r=g\",\"caption\":\"Michel Sanchez\"},\"url\":\"https:\\\/\\\/radiohuancayo.com.pe\\\/wp54\\\/author\\\/memoris\\\/\"}]}<\/script>\n<!-- \/ Yoast SEO plugin. -->","yoast_head_json":{"title":"Rub\u00e9n Sosa: \"A Per\u00fa le est\u00e1 costando el recambio generacional\" - Radio Huancayo","robots":{"index":"index","follow":"follow","max-snippet":"max-snippet:-1","max-image-preview":"max-image-preview:large","max-video-preview":"max-video-preview:-1"},"canonical":"https:\/\/radiohuancayo.com.pe\/wp54\/ruben-sosa-a-peru-le-esta-costando-el-recambio-generacional\/","og_locale":"es_ES","og_type":"article","og_title":"Rub\u00e9n Sosa: \"A Per\u00fa le est\u00e1 costando el recambio generacional\" - Radio Huancayo","og_description":"El exjugador uruguayo Rub\u00e9n Sosa se refiri\u00f3 sobre el choque que jugar\u00e1, en octubre pr\u00f3ximo, la selecci\u00f3n charr\u00faa ante Per\u00fa por las Clasificatorias sudamericanas. El &#8216;Principito&#8217; elogi\u00f3 al t\u00e9cnico Jorge Fosatti y asegur\u00f3 que al f\u00fatbol peruano le est\u00e1 costando mucho trabajo el recambio generacional. \u00abYa se acerca el partido ante Per\u00fa, luego de esos dos empates que logr\u00f3 Uruguay, en la fecha doble pasada, y esperemos sacar un buen resultado en Lima\u00bb, dijo Sosa. Sobre las sanciones impuestas a algunos jugadores uruguayos, tras lo sucedido en la Copa Am\u00e9rica, el exmundialista charr\u00faa coment\u00f3 que \u00abconsidero que fue demasiado castigo, sin embargo Uruguay tiene jugadores j\u00f3venes y muy importantes que le pueden dar una mano y suplir a los sancionados\u00bb. Luego, agreg\u00f3: \u00abvamos a seguir con bajas ante Per\u00fa, pero este pa\u00eds que es tan peque\u00f1o sigue dando jugadores buenos y ahora tienen que demostrar\u00bb. \u00abPer\u00fa tiene un gran entrenador\u00bb Cuando le consultaron por Jorge Fosatti, Sosa puntualiz\u00f3 que \u00abustedes tienen un gran entrenador, para m\u00ed uno de los mejores, pero los t\u00e9cnicos tambi\u00e9n necesitan su cuota de suerte. Sucede que a Per\u00fa le est\u00e1 costando el recambio generacional como nos pas\u00f3 en alg\u00fan momento a nosotros. En Uruguay se fueron Francescoli, Ruben Paz, Aguilera, Fonseca\u2026 pero llegaron Cavani, Su\u00e1rez, Forl\u00e1n&#8230; Tienen que apostar m\u00e1s por los j\u00f3venes, mover las canteras\u00bb. El exjugador uruguayo cont\u00f3 que \u00abhoy en d\u00eda el f\u00fatbol se trabaja de manera m\u00e1s personalizada, por ejemplo yo hago cursos y voy a Estados Unidos para ense\u00f1ar en la definici\u00f3n. Yo no soy entrenador sino t\u00e9cnico de delanteros, y as\u00ed por el estilo hay que gente que trabaja con los mediocampistas, defensas y arqueros. Pienso que ese trabajo lo tendr\u00edan que hacer esos jugadores que le dieron algo al f\u00fatbol peruano\u00bb.","og_url":"https:\/\/radiohuancayo.com.pe\/wp54\/ruben-sosa-a-peru-le-esta-costando-el-recambio-generacional\/","og_site_name":"Radio Huancayo","article_published_time":"2024-09-25T22:33:35+00:00","og_image":[{"width":1200,"height":630,"url":"https:\/\/radiohuancayo.com.pe\/wp54\/wp-content\/uploads\/2024\/09\/46118044612175145327933145504863400526030198n.jpg","type":"image\/jpeg"}],"author":"Michel Sanchez","twitter_card":"summary_large_image","twitter_misc":{"Escrito por":"Michel Sanchez","Tiempo de lectura":"2 minutos"},"schema":{"@context":"https:\/\/schema.org","@graph":[{"@type":"Article","@id":"https:\/\/radiohuancayo.com.pe\/wp54\/ruben-sosa-a-peru-le-esta-costando-el-recambio-generacional\/#article","isPartOf":{"@id":"https:\/\/radiohuancayo.com.pe\/wp54\/ruben-sosa-a-peru-le-esta-costando-el-recambio-generacional\/"},"author":{"name":"Michel Sanchez","@id":"https:\/\/radiohuancayo.com.pe\/wp54\/#\/schema\/person\/74fb124dee9900c6f4d0535fa1d2b5ae"},"headline":"Rub\u00e9n Sosa: \u00abA Per\u00fa le est\u00e1 costando el recambio generacional\u00bb","datePublished":"2024-09-25T22:33:35+00:00","mainEntityOfPage":{"@id":"https:\/\/radiohuancayo.com.pe\/wp54\/ruben-sosa-a-peru-le-esta-costando-el-recambio-generacional\/"},"wordCount":330,"commentCount":0,"publisher":{"@id":"https:\/\/radiohuancayo.com.pe\/wp54\/#organization"},"image":{"@id":"https:\/\/radiohuancayo.com.pe\/wp54\/ruben-sosa-a-peru-le-esta-costando-el-recambio-generacional\/#primaryimage"},"thumbnailUrl":"https:\/\/radiohuancayo.com.pe\/wp54\/wp-content\/uploads\/2024\/09\/46118044612175145327933145504863400526030198n.jpg","articleSection":["Deportes"],"inLanguage":"es","potentialAction":[{"@type":"CommentAction","name":"Comment","target":["https:\/\/radiohuancayo.com.pe\/wp54\/ruben-sosa-a-peru-le-esta-costando-el-recambio-generacional\/#respond"]}]},{"@type":"WebPage","@id":"https:\/\/radiohuancayo.com.pe\/wp54\/ruben-sosa-a-peru-le-esta-costando-el-recambio-generacional\/","url":"https:\/\/radiohuancayo.com.pe\/wp54\/ruben-sosa-a-peru-le-esta-costando-el-recambio-generacional\/","name":"Rub\u00e9n Sosa: \"A Per\u00fa le est\u00e1 costando el recambio generacional\" - Radio Huancayo","isPartOf":{"@id":"https:\/\/radiohuancayo.com.pe\/wp54\/#website"},"primaryImageOfPage":{"@id":"https:\/\/radiohuancayo.com.pe\/wp54\/ruben-sosa-a-peru-le-esta-costando-el-recambio-generacional\/#primaryimage"},"image":{"@id":"https:\/\/radiohuancayo.com.pe\/wp54\/ruben-sosa-a-peru-le-esta-costando-el-recambio-generacional\/#primaryimage"},"thumbnailUrl":"https:\/\/radiohuancayo.com.pe\/wp54\/wp-content\/uploads\/2024\/09\/46118044612175145327933145504863400526030198n.jpg","datePublished":"2024-09-25T22:33:35+00:00","breadcrumb":{"@id":"https:\/\/radiohuancayo.com.pe\/wp54\/ruben-sosa-a-peru-le-esta-costando-el-recambio-generacional\/#breadcrumb"},"inLanguage":"es","potentialAction":[{"@type":"ReadAction","target":["https:\/\/radiohuancayo.com.pe\/wp54\/ruben-sosa-a-peru-le-esta-costando-el-recambio-generacional\/"]}]},{"@type":"ImageObject","inLanguage":"es","@id":"https:\/\/radiohuancayo.com.pe\/wp54\/ruben-sosa-a-peru-le-esta-costando-el-recambio-generacional\/#primaryimage","url":"https:\/\/radiohuancayo.com.pe\/wp54\/wp-content\/uploads\/2024\/09\/46118044612175145327933145504863400526030198n.jpg","contentUrl":"https:\/\/radiohuancayo.com.pe\/wp54\/wp-content\/uploads\/2024\/09\/46118044612175145327933145504863400526030198n.jpg","width":1200,"height":630},{"@type":"BreadcrumbList","@id":"https:\/\/radiohuancayo.com.pe\/wp54\/ruben-sosa-a-peru-le-esta-costando-el-recambio-generacional\/#breadcrumb","itemListElement":[{"@type":"ListItem","position":1,"name":"Portada","item":"https:\/\/radiohuancayo.com.pe\/wp54\/"},{"@type":"ListItem","position":2,"name":"Rub\u00e9n Sosa: &#8220;A Per\u00fa le est\u00e1 costando el recambio generacional&#8221;"}]},{"@type":"WebSite","@id":"https:\/\/radiohuancayo.com.pe\/wp54\/#website","url":"https:\/\/radiohuancayo.com.pe\/wp54\/","name":"Radio Huancayo","description":"me gusta!!!","publisher":{"@id":"https:\/\/radiohuancayo.com.pe\/wp54\/#organization"},"potentialAction":[{"@type":"SearchAction","target":{"@type":"EntryPoint","urlTemplate":"https:\/\/radiohuancayo.com.pe\/wp54\/?s={search_term_string}"},"query-input":{"@type":"PropertyValueSpecification","valueRequired":true,"valueName":"search_term_string"}}],"inLanguage":"es"},{"@type":"Organization","@id":"https:\/\/radiohuancayo.com.pe\/wp54\/#organization","name":"Radio Huancayo","url":"https:\/\/radiohuancayo.com.pe\/wp54\/","logo":{"@type":"ImageObject","inLanguage":"es","@id":"https:\/\/radiohuancayo.com.pe\/wp54\/#\/schema\/logo\/image\/","url":"https:\/\/radiohuancayo.com.pe\/wp54\/wp-content\/uploads\/2022\/04\/CABE01.png","contentUrl":"https:\/\/radiohuancayo.com.pe\/wp54\/wp-content\/uploads\/2022\/04\/CABE01.png","width":1640,"height":300,"caption":"Radio Huancayo"},"image":{"@id":"https:\/\/radiohuancayo.com.pe\/wp54\/#\/schema\/logo\/image\/"}},{"@type":"Person","@id":"https:\/\/radiohuancayo.com.pe\/wp54\/#\/schema\/person\/74fb124dee9900c6f4d0535fa1d2b5ae","name":"Michel Sanchez","image":{"@type":"ImageObject","inLanguage":"es","@id":"https:\/\/secure.gravatar.com\/avatar\/f7f6944c01b3f15a174d0cf055aea75c46697913fc8a9cf5c3cf3e8800c645f6?s=96&d=mm&r=g","url":"https:\/\/secure.gravatar.com\/avatar\/f7f6944c01b3f15a174d0cf055aea75c46697913fc8a9cf5c3cf3e8800c645f6?s=96&d=mm&r=g","contentUrl":"https:\/\/secure.gravatar.com\/avatar\/f7f6944c01b3f15a174d0cf055aea75c46697913fc8a9cf5c3cf3e8800c645f6?s=96&d=mm&r=g","caption":"Michel Sanchez"},"url":"https:\/\/radiohuancayo.com.pe\/wp54\/author\/memoris\/"}]}},"_links":{"self":[{"href":"https:\/\/radiohuancayo.com.pe\/wp54\/wp-json\/wp\/v2\/posts\/28489","targetHints":{"allow":["GET"]}}],"collection":[{"href":"https:\/\/radiohuancayo.com.pe\/wp54\/wp-json\/wp\/v2\/posts"}],"about":[{"href":"https:\/\/radiohuancayo.com.pe\/wp54\/wp-json\/wp\/v2\/types\/post"}],"author":[{"embeddable":true,"href":"https:\/\/radiohuancayo.com.pe\/wp54\/wp-json\/wp\/v2\/users\/2"}],"replies":[{"embeddable":true,"href":"https:\/\/radiohuancayo.com.pe\/wp54\/wp-json\/wp\/v2\/comments?post=28489"}],"version-history":[{"count":1,"href":"https:\/\/radiohuancayo.com.pe\/wp54\/wp-json\/wp\/v2\/posts\/28489\/revisions"}],"predecessor-version":[{"id":28491,"href":"https:\/\/radiohuancayo.com.pe\/wp54\/wp-json\/wp\/v2\/posts\/28489\/revisions\/28491"}],"wp:featuredmedia":[{"embeddable":true,"href":"https:\/\/radiohuancayo.com.pe\/wp54\/wp-json\/wp\/v2\/media\/28490"}],"wp:attachment":[{"href":"https:\/\/radiohuancayo.com.pe\/wp54\/wp-json\/wp\/v2\/media?parent=28489"}],"wp:term":[{"taxonomy":"category","embeddable":true,"href":"https:\/\/radiohuancayo.com.pe\/wp54\/wp-json\/wp\/v2\/categories?post=28489"},{"taxonomy":"post_tag","embeddable":true,"href":"https:\/\/radiohuancayo.com.pe\/wp54\/wp-json\/wp\/v2\/tags?post=28489"}],"curies":[{"name":"wp","href":"https:\/\/api.w.org\/{rel}","templated":true}]}}