{"id":28492,"date":"2024-09-25T17:34:51","date_gmt":"2024-09-25T22:34:51","guid":{"rendered":"https:\/\/radiohuancayo.com.pe\/wp54\/?p=28492"},"modified":"2024-09-25T17:34:52","modified_gmt":"2024-09-25T22:34:52","slug":"bandiera-ojala-que-el-cierre-del-torneo-sea-con-una-alegria-para-los-piuranos","status":"publish","type":"post","link":"https:\/\/radiohuancayo.com.pe\/wp54\/bandiera-ojala-que-el-cierre-del-torneo-sea-con-una-alegria-para-los-piuranos\/","title":{"rendered":"Bandiera: \u00abOjal\u00e1 que el cierre del torneo sea con una alegr\u00eda para los piuranos\u00bb"},"content":{"rendered":"\n<p>El goleador del Atl\u00e9tico Grau, Neri Bandiera, valor\u00f3 el punto que sumaron ante FBC Melgar y asegur\u00f3 que el plantel piurano llega con un gran envi\u00f3n an\u00edmico para coronar el a\u00f1o con un cupo a la Copa Sudamericana.<\/p>\n\n\n\n<p>\u00abFue un punto importante en una cancha dif\u00edcil, en donde FBC Melgar gan\u00f3 casi todos sus partidos en esa cancha y nosotros pudimos plantarnos de igual a igual. Lo pudimos haber ganado o perdido, fue un partido bastante entretenido, de ida y vuelta, pero tranquilo porque el equipo dej\u00f3 todo\u00bb, declar\u00f3 el atacante argentino en Jax Latin Media.<\/p>\n\n\n\n<p>De cara a lo que ser\u00e1 el choque ante UTC, Bandiera dijo: \u00abEs un rival complicado, sabemos que est\u00e1 peleando la baja y se van a jugar todo. Trataremos de hacer respetar la local\u00eda y vamos a preparar ese partido\u00bb.<\/p>\n\n\n\n<p>Por \u00faltimo, el futbolista de 35 a\u00f1os, dijo: \u00abEl punto ante Melgar y el partido hist\u00f3rico ante Alianza Lima es un envi\u00f3n an\u00edmico para la recta final del torneo. Ojal\u00e1 que el cierre del torneo sea con una alegr\u00eda para todos los piuranos\u00bb.<\/p>\n","protected":false},"excerpt":{"rendered":"<p>El goleador del Atl\u00e9tico Grau, Neri Bandiera, valor\u00f3 el punto que sumaron ante FBC Melgar y asegur\u00f3 que el plantel piurano llega con un gran envi\u00f3n an\u00edmico para coronar el a\u00f1o con un cupo a la Copa Sudamericana. \u00abFue un punto importante en una cancha dif\u00edcil, en donde FBC Melgar gan\u00f3 casi todos sus partidos en esa cancha y nosotros pudimos plantarnos de igual a igual. Lo pudimos haber ganado o perdido, fue un partido bastante entretenido, de ida y vuelta, pero tranquilo porque el equipo dej\u00f3 todo\u00bb, declar\u00f3 el atacante argentino en Jax Latin Media. De cara a lo que ser\u00e1 el choque ante UTC, Bandiera dijo: \u00abEs un rival complicado, sabemos que est\u00e1 peleando la baja y se van a jugar todo. Trataremos de hacer respetar la local\u00eda y vamos a preparar ese partido\u00bb. Por \u00faltimo, el futbolista de 35 a\u00f1os, dijo: \u00abEl punto ante Melgar y el partido hist\u00f3rico ante Alianza Lima es un envi\u00f3n an\u00edmico para la recta final del torneo. Ojal\u00e1 que el cierre del torneo sea con una alegr\u00eda para todos los piuranos\u00bb.<\/p>\n","protected":false},"author":2,"featured_media":28493,"comment_status":"open","ping_status":"open","sticky":false,"template":"","format":"standard","meta":{"footnotes":""},"categories":[7],"tags":[],"class_list":["post-28492","post","type-post","status-publish","format-standard","has-post-thumbnail","hentry","category-deportes"],"yoast_head":"<!-- This site is optimized with the Yoast SEO plugin v27.5 - https:\/\/yoast.com\/product\/yoast-seo-wordpress\/ -->\n<title>Bandiera: &quot;Ojal\u00e1 que el cierre del torneo sea con una alegr\u00eda para los piuranos&quot; - Radio Huancayo<\/title>\n<meta name=\"robots\" content=\"index, follow, max-snippet:-1, max-image-preview:large, max-video-preview:-1\" \/>\n<link rel=\"canonical\" href=\"https:\/\/radiohuancayo.com.pe\/wp54\/bandiera-ojala-que-el-cierre-del-torneo-sea-con-una-alegria-para-los-piuranos\/\" \/>\n<meta property=\"og:locale\" content=\"es_ES\" \/>\n<meta property=\"og:type\" content=\"article\" \/>\n<meta property=\"og:title\" content=\"Bandiera: &quot;Ojal\u00e1 que el cierre del torneo sea con una alegr\u00eda para los piuranos&quot; - Radio Huancayo\" \/>\n<meta property=\"og:description\" content=\"El goleador del Atl\u00e9tico Grau, Neri Bandiera, valor\u00f3 el punto que sumaron ante FBC Melgar y asegur\u00f3 que el plantel piurano llega con un gran envi\u00f3n an\u00edmico para coronar el a\u00f1o con un cupo a la Copa Sudamericana. \u00abFue un punto importante en una cancha dif\u00edcil, en donde FBC Melgar gan\u00f3 casi todos sus partidos en esa cancha y nosotros pudimos plantarnos de igual a igual. Lo pudimos haber ganado o perdido, fue un partido bastante entretenido, de ida y vuelta, pero tranquilo porque el equipo dej\u00f3 todo\u00bb, declar\u00f3 el atacante argentino en Jax Latin Media. De cara a lo que ser\u00e1 el choque ante UTC, Bandiera dijo: \u00abEs un rival complicado, sabemos que est\u00e1 peleando la baja y se van a jugar todo. Trataremos de hacer respetar la local\u00eda y vamos a preparar ese partido\u00bb. Por \u00faltimo, el futbolista de 35 a\u00f1os, dijo: \u00abEl punto ante Melgar y el partido hist\u00f3rico ante Alianza Lima es un envi\u00f3n an\u00edmico para la recta final del torneo. Ojal\u00e1 que el cierre del torneo sea con una alegr\u00eda para todos los piuranos\u00bb.\" \/>\n<meta property=\"og:url\" content=\"https:\/\/radiohuancayo.com.pe\/wp54\/bandiera-ojala-que-el-cierre-del-torneo-sea-con-una-alegria-para-los-piuranos\/\" \/>\n<meta property=\"og:site_name\" content=\"Radio Huancayo\" \/>\n<meta property=\"article:published_time\" content=\"2024-09-25T22:34:51+00:00\" \/>\n<meta property=\"article:modified_time\" content=\"2024-09-25T22:34:52+00:00\" \/>\n<meta property=\"og:image\" content=\"https:\/\/radiohuancayo.com.pe\/wp54\/wp-content\/uploads\/2024\/09\/bandiera2509.jpg\" \/>\n\t<meta property=\"og:image:width\" content=\"1200\" \/>\n\t<meta property=\"og:image:height\" content=\"630\" \/>\n\t<meta property=\"og:image:type\" content=\"image\/jpeg\" \/>\n<meta name=\"author\" content=\"Michel Sanchez\" \/>\n<meta name=\"twitter:card\" content=\"summary_large_image\" \/>\n<meta name=\"twitter:label1\" content=\"Escrito por\" \/>\n\t<meta name=\"twitter:data1\" content=\"Michel Sanchez\" \/>\n\t<meta name=\"twitter:label2\" content=\"Tiempo de lectura\" \/>\n\t<meta name=\"twitter:data2\" content=\"1 minuto\" \/>\n<script type=\"application\/ld+json\" class=\"yoast-schema-graph\">{\"@context\":\"https:\\\/\\\/schema.org\",\"@graph\":[{\"@type\":\"Article\",\"@id\":\"https:\\\/\\\/radiohuancayo.com.pe\\\/wp54\\\/bandiera-ojala-que-el-cierre-del-torneo-sea-con-una-alegria-para-los-piuranos\\\/#article\",\"isPartOf\":{\"@id\":\"https:\\\/\\\/radiohuancayo.com.pe\\\/wp54\\\/bandiera-ojala-que-el-cierre-del-torneo-sea-con-una-alegria-para-los-piuranos\\\/\"},\"author\":{\"name\":\"Michel Sanchez\",\"@id\":\"https:\\\/\\\/radiohuancayo.com.pe\\\/wp54\\\/#\\\/schema\\\/person\\\/74fb124dee9900c6f4d0535fa1d2b5ae\"},\"headline\":\"Bandiera: \u00abOjal\u00e1 que el cierre del torneo sea con una alegr\u00eda para los piuranos\u00bb\",\"datePublished\":\"2024-09-25T22:34:51+00:00\",\"dateModified\":\"2024-09-25T22:34:52+00:00\",\"mainEntityOfPage\":{\"@id\":\"https:\\\/\\\/radiohuancayo.com.pe\\\/wp54\\\/bandiera-ojala-que-el-cierre-del-torneo-sea-con-una-alegria-para-los-piuranos\\\/\"},\"wordCount\":204,\"commentCount\":0,\"publisher\":{\"@id\":\"https:\\\/\\\/radiohuancayo.com.pe\\\/wp54\\\/#organization\"},\"image\":{\"@id\":\"https:\\\/\\\/radiohuancayo.com.pe\\\/wp54\\\/bandiera-ojala-que-el-cierre-del-torneo-sea-con-una-alegria-para-los-piuranos\\\/#primaryimage\"},\"thumbnailUrl\":\"https:\\\/\\\/radiohuancayo.com.pe\\\/wp54\\\/wp-content\\\/uploads\\\/2024\\\/09\\\/bandiera2509.jpg\",\"articleSection\":[\"Deportes\"],\"inLanguage\":\"es\",\"potentialAction\":[{\"@type\":\"CommentAction\",\"name\":\"Comment\",\"target\":[\"https:\\\/\\\/radiohuancayo.com.pe\\\/wp54\\\/bandiera-ojala-que-el-cierre-del-torneo-sea-con-una-alegria-para-los-piuranos\\\/#respond\"]}]},{\"@type\":\"WebPage\",\"@id\":\"https:\\\/\\\/radiohuancayo.com.pe\\\/wp54\\\/bandiera-ojala-que-el-cierre-del-torneo-sea-con-una-alegria-para-los-piuranos\\\/\",\"url\":\"https:\\\/\\\/radiohuancayo.com.pe\\\/wp54\\\/bandiera-ojala-que-el-cierre-del-torneo-sea-con-una-alegria-para-los-piuranos\\\/\",\"name\":\"Bandiera: \\\"Ojal\u00e1 que el cierre del torneo sea con una alegr\u00eda para los piuranos\\\" - Radio Huancayo\",\"isPartOf\":{\"@id\":\"https:\\\/\\\/radiohuancayo.com.pe\\\/wp54\\\/#website\"},\"primaryImageOfPage\":{\"@id\":\"https:\\\/\\\/radiohuancayo.com.pe\\\/wp54\\\/bandiera-ojala-que-el-cierre-del-torneo-sea-con-una-alegria-para-los-piuranos\\\/#primaryimage\"},\"image\":{\"@id\":\"https:\\\/\\\/radiohuancayo.com.pe\\\/wp54\\\/bandiera-ojala-que-el-cierre-del-torneo-sea-con-una-alegria-para-los-piuranos\\\/#primaryimage\"},\"thumbnailUrl\":\"https:\\\/\\\/radiohuancayo.com.pe\\\/wp54\\\/wp-content\\\/uploads\\\/2024\\\/09\\\/bandiera2509.jpg\",\"datePublished\":\"2024-09-25T22:34:51+00:00\",\"dateModified\":\"2024-09-25T22:34:52+00:00\",\"breadcrumb\":{\"@id\":\"https:\\\/\\\/radiohuancayo.com.pe\\\/wp54\\\/bandiera-ojala-que-el-cierre-del-torneo-sea-con-una-alegria-para-los-piuranos\\\/#breadcrumb\"},\"inLanguage\":\"es\",\"potentialAction\":[{\"@type\":\"ReadAction\",\"target\":[\"https:\\\/\\\/radiohuancayo.com.pe\\\/wp54\\\/bandiera-ojala-que-el-cierre-del-torneo-sea-con-una-alegria-para-los-piuranos\\\/\"]}]},{\"@type\":\"ImageObject\",\"inLanguage\":\"es\",\"@id\":\"https:\\\/\\\/radiohuancayo.com.pe\\\/wp54\\\/bandiera-ojala-que-el-cierre-del-torneo-sea-con-una-alegria-para-los-piuranos\\\/#primaryimage\",\"url\":\"https:\\\/\\\/radiohuancayo.com.pe\\\/wp54\\\/wp-content\\\/uploads\\\/2024\\\/09\\\/bandiera2509.jpg\",\"contentUrl\":\"https:\\\/\\\/radiohuancayo.com.pe\\\/wp54\\\/wp-content\\\/uploads\\\/2024\\\/09\\\/bandiera2509.jpg\",\"width\":1200,\"height\":630},{\"@type\":\"BreadcrumbList\",\"@id\":\"https:\\\/\\\/radiohuancayo.com.pe\\\/wp54\\\/bandiera-ojala-que-el-cierre-del-torneo-sea-con-una-alegria-para-los-piuranos\\\/#breadcrumb\",\"itemListElement\":[{\"@type\":\"ListItem\",\"position\":1,\"name\":\"Portada\",\"item\":\"https:\\\/\\\/radiohuancayo.com.pe\\\/wp54\\\/\"},{\"@type\":\"ListItem\",\"position\":2,\"name\":\"Bandiera: &#8220;Ojal\u00e1 que el cierre del torneo sea con una alegr\u00eda para los piuranos&#8221;\"}]},{\"@type\":\"WebSite\",\"@id\":\"https:\\\/\\\/radiohuancayo.com.pe\\\/wp54\\\/#website\",\"url\":\"https:\\\/\\\/radiohuancayo.com.pe\\\/wp54\\\/\",\"name\":\"Radio Huancayo\",\"description\":\"me gusta!!!\",\"publisher\":{\"@id\":\"https:\\\/\\\/radiohuancayo.com.pe\\\/wp54\\\/#organization\"},\"potentialAction\":[{\"@type\":\"SearchAction\",\"target\":{\"@type\":\"EntryPoint\",\"urlTemplate\":\"https:\\\/\\\/radiohuancayo.com.pe\\\/wp54\\\/?s={search_term_string}\"},\"query-input\":{\"@type\":\"PropertyValueSpecification\",\"valueRequired\":true,\"valueName\":\"search_term_string\"}}],\"inLanguage\":\"es\"},{\"@type\":\"Organization\",\"@id\":\"https:\\\/\\\/radiohuancayo.com.pe\\\/wp54\\\/#organization\",\"name\":\"Radio Huancayo\",\"url\":\"https:\\\/\\\/radiohuancayo.com.pe\\\/wp54\\\/\",\"logo\":{\"@type\":\"ImageObject\",\"inLanguage\":\"es\",\"@id\":\"https:\\\/\\\/radiohuancayo.com.pe\\\/wp54\\\/#\\\/schema\\\/logo\\\/image\\\/\",\"url\":\"https:\\\/\\\/radiohuancayo.com.pe\\\/wp54\\\/wp-content\\\/uploads\\\/2022\\\/04\\\/CABE01.png\",\"contentUrl\":\"https:\\\/\\\/radiohuancayo.com.pe\\\/wp54\\\/wp-content\\\/uploads\\\/2022\\\/04\\\/CABE01.png\",\"width\":1640,\"height\":300,\"caption\":\"Radio Huancayo\"},\"image\":{\"@id\":\"https:\\\/\\\/radiohuancayo.com.pe\\\/wp54\\\/#\\\/schema\\\/logo\\\/image\\\/\"}},{\"@type\":\"Person\",\"@id\":\"https:\\\/\\\/radiohuancayo.com.pe\\\/wp54\\\/#\\\/schema\\\/person\\\/74fb124dee9900c6f4d0535fa1d2b5ae\",\"name\":\"Michel Sanchez\",\"image\":{\"@type\":\"ImageObject\",\"inLanguage\":\"es\",\"@id\":\"https:\\\/\\\/secure.gravatar.com\\\/avatar\\\/f7f6944c01b3f15a174d0cf055aea75c46697913fc8a9cf5c3cf3e8800c645f6?s=96&d=mm&r=g\",\"url\":\"https:\\\/\\\/secure.gravatar.com\\\/avatar\\\/f7f6944c01b3f15a174d0cf055aea75c46697913fc8a9cf5c3cf3e8800c645f6?s=96&d=mm&r=g\",\"contentUrl\":\"https:\\\/\\\/secure.gravatar.com\\\/avatar\\\/f7f6944c01b3f15a174d0cf055aea75c46697913fc8a9cf5c3cf3e8800c645f6?s=96&d=mm&r=g\",\"caption\":\"Michel Sanchez\"},\"url\":\"https:\\\/\\\/radiohuancayo.com.pe\\\/wp54\\\/author\\\/memoris\\\/\"}]}<\/script>\n<!-- \/ Yoast SEO plugin. -->","yoast_head_json":{"title":"Bandiera: \"Ojal\u00e1 que el cierre del torneo sea con una alegr\u00eda para los piuranos\" - Radio Huancayo","robots":{"index":"index","follow":"follow","max-snippet":"max-snippet:-1","max-image-preview":"max-image-preview:large","max-video-preview":"max-video-preview:-1"},"canonical":"https:\/\/radiohuancayo.com.pe\/wp54\/bandiera-ojala-que-el-cierre-del-torneo-sea-con-una-alegria-para-los-piuranos\/","og_locale":"es_ES","og_type":"article","og_title":"Bandiera: \"Ojal\u00e1 que el cierre del torneo sea con una alegr\u00eda para los piuranos\" - Radio Huancayo","og_description":"El goleador del Atl\u00e9tico Grau, Neri Bandiera, valor\u00f3 el punto que sumaron ante FBC Melgar y asegur\u00f3 que el plantel piurano llega con un gran envi\u00f3n an\u00edmico para coronar el a\u00f1o con un cupo a la Copa Sudamericana. \u00abFue un punto importante en una cancha dif\u00edcil, en donde FBC Melgar gan\u00f3 casi todos sus partidos en esa cancha y nosotros pudimos plantarnos de igual a igual. Lo pudimos haber ganado o perdido, fue un partido bastante entretenido, de ida y vuelta, pero tranquilo porque el equipo dej\u00f3 todo\u00bb, declar\u00f3 el atacante argentino en Jax Latin Media. De cara a lo que ser\u00e1 el choque ante UTC, Bandiera dijo: \u00abEs un rival complicado, sabemos que est\u00e1 peleando la baja y se van a jugar todo. Trataremos de hacer respetar la local\u00eda y vamos a preparar ese partido\u00bb. Por \u00faltimo, el futbolista de 35 a\u00f1os, dijo: \u00abEl punto ante Melgar y el partido hist\u00f3rico ante Alianza Lima es un envi\u00f3n an\u00edmico para la recta final del torneo. Ojal\u00e1 que el cierre del torneo sea con una alegr\u00eda para todos los piuranos\u00bb.","og_url":"https:\/\/radiohuancayo.com.pe\/wp54\/bandiera-ojala-que-el-cierre-del-torneo-sea-con-una-alegria-para-los-piuranos\/","og_site_name":"Radio Huancayo","article_published_time":"2024-09-25T22:34:51+00:00","article_modified_time":"2024-09-25T22:34:52+00:00","og_image":[{"width":1200,"height":630,"url":"https:\/\/radiohuancayo.com.pe\/wp54\/wp-content\/uploads\/2024\/09\/bandiera2509.jpg","type":"image\/jpeg"}],"author":"Michel Sanchez","twitter_card":"summary_large_image","twitter_misc":{"Escrito por":"Michel Sanchez","Tiempo de lectura":"1 minuto"},"schema":{"@context":"https:\/\/schema.org","@graph":[{"@type":"Article","@id":"https:\/\/radiohuancayo.com.pe\/wp54\/bandiera-ojala-que-el-cierre-del-torneo-sea-con-una-alegria-para-los-piuranos\/#article","isPartOf":{"@id":"https:\/\/radiohuancayo.com.pe\/wp54\/bandiera-ojala-que-el-cierre-del-torneo-sea-con-una-alegria-para-los-piuranos\/"},"author":{"name":"Michel Sanchez","@id":"https:\/\/radiohuancayo.com.pe\/wp54\/#\/schema\/person\/74fb124dee9900c6f4d0535fa1d2b5ae"},"headline":"Bandiera: \u00abOjal\u00e1 que el cierre del torneo sea con una alegr\u00eda para los piuranos\u00bb","datePublished":"2024-09-25T22:34:51+00:00","dateModified":"2024-09-25T22:34:52+00:00","mainEntityOfPage":{"@id":"https:\/\/radiohuancayo.com.pe\/wp54\/bandiera-ojala-que-el-cierre-del-torneo-sea-con-una-alegria-para-los-piuranos\/"},"wordCount":204,"commentCount":0,"publisher":{"@id":"https:\/\/radiohuancayo.com.pe\/wp54\/#organization"},"image":{"@id":"https:\/\/radiohuancayo.com.pe\/wp54\/bandiera-ojala-que-el-cierre-del-torneo-sea-con-una-alegria-para-los-piuranos\/#primaryimage"},"thumbnailUrl":"https:\/\/radiohuancayo.com.pe\/wp54\/wp-content\/uploads\/2024\/09\/bandiera2509.jpg","articleSection":["Deportes"],"inLanguage":"es","potentialAction":[{"@type":"CommentAction","name":"Comment","target":["https:\/\/radiohuancayo.com.pe\/wp54\/bandiera-ojala-que-el-cierre-del-torneo-sea-con-una-alegria-para-los-piuranos\/#respond"]}]},{"@type":"WebPage","@id":"https:\/\/radiohuancayo.com.pe\/wp54\/bandiera-ojala-que-el-cierre-del-torneo-sea-con-una-alegria-para-los-piuranos\/","url":"https:\/\/radiohuancayo.com.pe\/wp54\/bandiera-ojala-que-el-cierre-del-torneo-sea-con-una-alegria-para-los-piuranos\/","name":"Bandiera: \"Ojal\u00e1 que el cierre del torneo sea con una alegr\u00eda para los piuranos\" - Radio Huancayo","isPartOf":{"@id":"https:\/\/radiohuancayo.com.pe\/wp54\/#website"},"primaryImageOfPage":{"@id":"https:\/\/radiohuancayo.com.pe\/wp54\/bandiera-ojala-que-el-cierre-del-torneo-sea-con-una-alegria-para-los-piuranos\/#primaryimage"},"image":{"@id":"https:\/\/radiohuancayo.com.pe\/wp54\/bandiera-ojala-que-el-cierre-del-torneo-sea-con-una-alegria-para-los-piuranos\/#primaryimage"},"thumbnailUrl":"https:\/\/radiohuancayo.com.pe\/wp54\/wp-content\/uploads\/2024\/09\/bandiera2509.jpg","datePublished":"2024-09-25T22:34:51+00:00","dateModified":"2024-09-25T22:34:52+00:00","breadcrumb":{"@id":"https:\/\/radiohuancayo.com.pe\/wp54\/bandiera-ojala-que-el-cierre-del-torneo-sea-con-una-alegria-para-los-piuranos\/#breadcrumb"},"inLanguage":"es","potentialAction":[{"@type":"ReadAction","target":["https:\/\/radiohuancayo.com.pe\/wp54\/bandiera-ojala-que-el-cierre-del-torneo-sea-con-una-alegria-para-los-piuranos\/"]}]},{"@type":"ImageObject","inLanguage":"es","@id":"https:\/\/radiohuancayo.com.pe\/wp54\/bandiera-ojala-que-el-cierre-del-torneo-sea-con-una-alegria-para-los-piuranos\/#primaryimage","url":"https:\/\/radiohuancayo.com.pe\/wp54\/wp-content\/uploads\/2024\/09\/bandiera2509.jpg","contentUrl":"https:\/\/radiohuancayo.com.pe\/wp54\/wp-content\/uploads\/2024\/09\/bandiera2509.jpg","width":1200,"height":630},{"@type":"BreadcrumbList","@id":"https:\/\/radiohuancayo.com.pe\/wp54\/bandiera-ojala-que-el-cierre-del-torneo-sea-con-una-alegria-para-los-piuranos\/#breadcrumb","itemListElement":[{"@type":"ListItem","position":1,"name":"Portada","item":"https:\/\/radiohuancayo.com.pe\/wp54\/"},{"@type":"ListItem","position":2,"name":"Bandiera: &#8220;Ojal\u00e1 que el cierre del torneo sea con una alegr\u00eda para los piuranos&#8221;"}]},{"@type":"WebSite","@id":"https:\/\/radiohuancayo.com.pe\/wp54\/#website","url":"https:\/\/radiohuancayo.com.pe\/wp54\/","name":"Radio Huancayo","description":"me gusta!!!","publisher":{"@id":"https:\/\/radiohuancayo.com.pe\/wp54\/#organization"},"potentialAction":[{"@type":"SearchAction","target":{"@type":"EntryPoint","urlTemplate":"https:\/\/radiohuancayo.com.pe\/wp54\/?s={search_term_string}"},"query-input":{"@type":"PropertyValueSpecification","valueRequired":true,"valueName":"search_term_string"}}],"inLanguage":"es"},{"@type":"Organization","@id":"https:\/\/radiohuancayo.com.pe\/wp54\/#organization","name":"Radio Huancayo","url":"https:\/\/radiohuancayo.com.pe\/wp54\/","logo":{"@type":"ImageObject","inLanguage":"es","@id":"https:\/\/radiohuancayo.com.pe\/wp54\/#\/schema\/logo\/image\/","url":"https:\/\/radiohuancayo.com.pe\/wp54\/wp-content\/uploads\/2022\/04\/CABE01.png","contentUrl":"https:\/\/radiohuancayo.com.pe\/wp54\/wp-content\/uploads\/2022\/04\/CABE01.png","width":1640,"height":300,"caption":"Radio Huancayo"},"image":{"@id":"https:\/\/radiohuancayo.com.pe\/wp54\/#\/schema\/logo\/image\/"}},{"@type":"Person","@id":"https:\/\/radiohuancayo.com.pe\/wp54\/#\/schema\/person\/74fb124dee9900c6f4d0535fa1d2b5ae","name":"Michel Sanchez","image":{"@type":"ImageObject","inLanguage":"es","@id":"https:\/\/secure.gravatar.com\/avatar\/f7f6944c01b3f15a174d0cf055aea75c46697913fc8a9cf5c3cf3e8800c645f6?s=96&d=mm&r=g","url":"https:\/\/secure.gravatar.com\/avatar\/f7f6944c01b3f15a174d0cf055aea75c46697913fc8a9cf5c3cf3e8800c645f6?s=96&d=mm&r=g","contentUrl":"https:\/\/secure.gravatar.com\/avatar\/f7f6944c01b3f15a174d0cf055aea75c46697913fc8a9cf5c3cf3e8800c645f6?s=96&d=mm&r=g","caption":"Michel Sanchez"},"url":"https:\/\/radiohuancayo.com.pe\/wp54\/author\/memoris\/"}]}},"_links":{"self":[{"href":"https:\/\/radiohuancayo.com.pe\/wp54\/wp-json\/wp\/v2\/posts\/28492","targetHints":{"allow":["GET"]}}],"collection":[{"href":"https:\/\/radiohuancayo.com.pe\/wp54\/wp-json\/wp\/v2\/posts"}],"about":[{"href":"https:\/\/radiohuancayo.com.pe\/wp54\/wp-json\/wp\/v2\/types\/post"}],"author":[{"embeddable":true,"href":"https:\/\/radiohuancayo.com.pe\/wp54\/wp-json\/wp\/v2\/users\/2"}],"replies":[{"embeddable":true,"href":"https:\/\/radiohuancayo.com.pe\/wp54\/wp-json\/wp\/v2\/comments?post=28492"}],"version-history":[{"count":1,"href":"https:\/\/radiohuancayo.com.pe\/wp54\/wp-json\/wp\/v2\/posts\/28492\/revisions"}],"predecessor-version":[{"id":28494,"href":"https:\/\/radiohuancayo.com.pe\/wp54\/wp-json\/wp\/v2\/posts\/28492\/revisions\/28494"}],"wp:featuredmedia":[{"embeddable":true,"href":"https:\/\/radiohuancayo.com.pe\/wp54\/wp-json\/wp\/v2\/media\/28493"}],"wp:attachment":[{"href":"https:\/\/radiohuancayo.com.pe\/wp54\/wp-json\/wp\/v2\/media?parent=28492"}],"wp:term":[{"taxonomy":"category","embeddable":true,"href":"https:\/\/radiohuancayo.com.pe\/wp54\/wp-json\/wp\/v2\/categories?post=28492"},{"taxonomy":"post_tag","embeddable":true,"href":"https:\/\/radiohuancayo.com.pe\/wp54\/wp-json\/wp\/v2\/tags?post=28492"}],"curies":[{"name":"wp","href":"https:\/\/api.w.org\/{rel}","templated":true}]}}