{"id":28495,"date":"2024-09-25T17:36:05","date_gmt":"2024-09-25T22:36:05","guid":{"rendered":"https:\/\/radiohuancayo.com.pe\/wp54\/?p=28495"},"modified":"2024-09-25T17:36:06","modified_gmt":"2024-09-25T22:36:06","slug":"nicolas-pacheco-se-proclamo-campeon-sudamericano-de-tiro","status":"publish","type":"post","link":"https:\/\/radiohuancayo.com.pe\/wp54\/nicolas-pacheco-se-proclamo-campeon-sudamericano-de-tiro\/","title":{"rendered":"Nicol\u00e1s Pacheco se proclam\u00f3 campe\u00f3n sudamericano de tiro"},"content":{"rendered":"\n<p>Nicol\u00e1s Pacheco sigue haciendo historia. El deportista nacional se proclam\u00f3 ahora campe\u00f3n sudamericano de tiro tras vencer en la modalidad Skeet en el Campeonato Sudamericano de Tiro que se desarrolla en el Pol\u00edgono de Tiro de la Base A\u00e9rea Las Palmas.<\/p>\n\n\n\n<p>El tirador nacional se impuso a los chilenos Joaqu\u00edn Irgoin y Mat\u00edas Mart\u00ednez que completaron el podio para colgarse la presea dorada y confirmar su buen momento.<\/p>\n\n\n\n<p>El deportista peruano sigue ampliando su palmar\u00e9s. En los Juegos Panamericanos 2019 y 2023 logr\u00f3 la medalla de bronce en Skeet.<\/p>\n\n\n\n<p>Adem\u00e1s, tambi\u00e9n se colg\u00f3 la de oro en la Copa del Mundo de Escopeta 2022. M\u00e1s recientemente, sum\u00f3 un diploma ol\u00edmpico tras quedar sexto en los Juegos Ol\u00edmpicos de Par\u00eds 2024, mejorando su participaci\u00f3n en Tokio 2020 donde qued\u00f3 octavo.<\/p>\n","protected":false},"excerpt":{"rendered":"<p>Nicol\u00e1s Pacheco sigue haciendo historia. El deportista nacional se proclam\u00f3 ahora campe\u00f3n sudamericano de tiro tras vencer en la modalidad Skeet en el Campeonato Sudamericano de Tiro que se desarrolla en el Pol\u00edgono de Tiro de la Base A\u00e9rea Las Palmas. El tirador nacional se impuso a los chilenos Joaqu\u00edn Irgoin y Mat\u00edas Mart\u00ednez que completaron el podio para colgarse la presea dorada y confirmar su buen momento. El deportista peruano sigue ampliando su palmar\u00e9s. En los Juegos Panamericanos 2019 y 2023 logr\u00f3 la medalla de bronce en Skeet. Adem\u00e1s, tambi\u00e9n se colg\u00f3 la de oro en la Copa del Mundo de Escopeta 2022. M\u00e1s recientemente, sum\u00f3 un diploma ol\u00edmpico tras quedar sexto en los Juegos Ol\u00edmpicos de Par\u00eds 2024, mejorando su participaci\u00f3n en Tokio 2020 donde qued\u00f3 octavo.<\/p>\n","protected":false},"author":2,"featured_media":28496,"comment_status":"open","ping_status":"open","sticky":false,"template":"","format":"standard","meta":{"footnotes":""},"categories":[7],"tags":[],"class_list":["post-28495","post","type-post","status-publish","format-standard","has-post-thumbnail","hentry","category-deportes"],"yoast_head":"<!-- This site is optimized with the Yoast SEO plugin v27.5 - https:\/\/yoast.com\/product\/yoast-seo-wordpress\/ -->\n<title>Nicol\u00e1s Pacheco se proclam\u00f3 campe\u00f3n sudamericano de tiro - Radio Huancayo<\/title>\n<meta name=\"robots\" content=\"index, follow, max-snippet:-1, max-image-preview:large, max-video-preview:-1\" \/>\n<link rel=\"canonical\" href=\"https:\/\/radiohuancayo.com.pe\/wp54\/nicolas-pacheco-se-proclamo-campeon-sudamericano-de-tiro\/\" \/>\n<meta property=\"og:locale\" content=\"es_ES\" \/>\n<meta property=\"og:type\" content=\"article\" \/>\n<meta property=\"og:title\" content=\"Nicol\u00e1s Pacheco se proclam\u00f3 campe\u00f3n sudamericano de tiro - Radio Huancayo\" \/>\n<meta property=\"og:description\" content=\"Nicol\u00e1s Pacheco sigue haciendo historia. El deportista nacional se proclam\u00f3 ahora campe\u00f3n sudamericano de tiro tras vencer en la modalidad Skeet en el Campeonato Sudamericano de Tiro que se desarrolla en el Pol\u00edgono de Tiro de la Base A\u00e9rea Las Palmas. El tirador nacional se impuso a los chilenos Joaqu\u00edn Irgoin y Mat\u00edas Mart\u00ednez que completaron el podio para colgarse la presea dorada y confirmar su buen momento. El deportista peruano sigue ampliando su palmar\u00e9s. En los Juegos Panamericanos 2019 y 2023 logr\u00f3 la medalla de bronce en Skeet. Adem\u00e1s, tambi\u00e9n se colg\u00f3 la de oro en la Copa del Mundo de Escopeta 2022. M\u00e1s recientemente, sum\u00f3 un diploma ol\u00edmpico tras quedar sexto en los Juegos Ol\u00edmpicos de Par\u00eds 2024, mejorando su participaci\u00f3n en Tokio 2020 donde qued\u00f3 octavo.\" \/>\n<meta property=\"og:url\" content=\"https:\/\/radiohuancayo.com.pe\/wp54\/nicolas-pacheco-se-proclamo-campeon-sudamericano-de-tiro\/\" \/>\n<meta property=\"og:site_name\" content=\"Radio Huancayo\" \/>\n<meta property=\"article:published_time\" content=\"2024-09-25T22:36:05+00:00\" \/>\n<meta property=\"article:modified_time\" content=\"2024-09-25T22:36:06+00:00\" \/>\n<meta property=\"og:image\" content=\"https:\/\/radiohuancayo.com.pe\/wp54\/wp-content\/uploads\/2024\/09\/np.jpg\" \/>\n\t<meta property=\"og:image:width\" content=\"1200\" \/>\n\t<meta property=\"og:image:height\" content=\"630\" \/>\n\t<meta property=\"og:image:type\" content=\"image\/jpeg\" \/>\n<meta name=\"author\" content=\"Michel Sanchez\" \/>\n<meta name=\"twitter:card\" content=\"summary_large_image\" \/>\n<meta name=\"twitter:label1\" content=\"Escrito por\" \/>\n\t<meta name=\"twitter:data1\" content=\"Michel Sanchez\" \/>\n\t<meta name=\"twitter:label2\" content=\"Tiempo de lectura\" \/>\n\t<meta name=\"twitter:data2\" content=\"1 minuto\" \/>\n<script type=\"application\/ld+json\" class=\"yoast-schema-graph\">{\"@context\":\"https:\\\/\\\/schema.org\",\"@graph\":[{\"@type\":\"Article\",\"@id\":\"https:\\\/\\\/radiohuancayo.com.pe\\\/wp54\\\/nicolas-pacheco-se-proclamo-campeon-sudamericano-de-tiro\\\/#article\",\"isPartOf\":{\"@id\":\"https:\\\/\\\/radiohuancayo.com.pe\\\/wp54\\\/nicolas-pacheco-se-proclamo-campeon-sudamericano-de-tiro\\\/\"},\"author\":{\"name\":\"Michel Sanchez\",\"@id\":\"https:\\\/\\\/radiohuancayo.com.pe\\\/wp54\\\/#\\\/schema\\\/person\\\/74fb124dee9900c6f4d0535fa1d2b5ae\"},\"headline\":\"Nicol\u00e1s Pacheco se proclam\u00f3 campe\u00f3n sudamericano de tiro\",\"datePublished\":\"2024-09-25T22:36:05+00:00\",\"dateModified\":\"2024-09-25T22:36:06+00:00\",\"mainEntityOfPage\":{\"@id\":\"https:\\\/\\\/radiohuancayo.com.pe\\\/wp54\\\/nicolas-pacheco-se-proclamo-campeon-sudamericano-de-tiro\\\/\"},\"wordCount\":149,\"commentCount\":0,\"publisher\":{\"@id\":\"https:\\\/\\\/radiohuancayo.com.pe\\\/wp54\\\/#organization\"},\"image\":{\"@id\":\"https:\\\/\\\/radiohuancayo.com.pe\\\/wp54\\\/nicolas-pacheco-se-proclamo-campeon-sudamericano-de-tiro\\\/#primaryimage\"},\"thumbnailUrl\":\"https:\\\/\\\/radiohuancayo.com.pe\\\/wp54\\\/wp-content\\\/uploads\\\/2024\\\/09\\\/np.jpg\",\"articleSection\":[\"Deportes\"],\"inLanguage\":\"es\",\"potentialAction\":[{\"@type\":\"CommentAction\",\"name\":\"Comment\",\"target\":[\"https:\\\/\\\/radiohuancayo.com.pe\\\/wp54\\\/nicolas-pacheco-se-proclamo-campeon-sudamericano-de-tiro\\\/#respond\"]}]},{\"@type\":\"WebPage\",\"@id\":\"https:\\\/\\\/radiohuancayo.com.pe\\\/wp54\\\/nicolas-pacheco-se-proclamo-campeon-sudamericano-de-tiro\\\/\",\"url\":\"https:\\\/\\\/radiohuancayo.com.pe\\\/wp54\\\/nicolas-pacheco-se-proclamo-campeon-sudamericano-de-tiro\\\/\",\"name\":\"Nicol\u00e1s Pacheco se proclam\u00f3 campe\u00f3n sudamericano de tiro - Radio Huancayo\",\"isPartOf\":{\"@id\":\"https:\\\/\\\/radiohuancayo.com.pe\\\/wp54\\\/#website\"},\"primaryImageOfPage\":{\"@id\":\"https:\\\/\\\/radiohuancayo.com.pe\\\/wp54\\\/nicolas-pacheco-se-proclamo-campeon-sudamericano-de-tiro\\\/#primaryimage\"},\"image\":{\"@id\":\"https:\\\/\\\/radiohuancayo.com.pe\\\/wp54\\\/nicolas-pacheco-se-proclamo-campeon-sudamericano-de-tiro\\\/#primaryimage\"},\"thumbnailUrl\":\"https:\\\/\\\/radiohuancayo.com.pe\\\/wp54\\\/wp-content\\\/uploads\\\/2024\\\/09\\\/np.jpg\",\"datePublished\":\"2024-09-25T22:36:05+00:00\",\"dateModified\":\"2024-09-25T22:36:06+00:00\",\"breadcrumb\":{\"@id\":\"https:\\\/\\\/radiohuancayo.com.pe\\\/wp54\\\/nicolas-pacheco-se-proclamo-campeon-sudamericano-de-tiro\\\/#breadcrumb\"},\"inLanguage\":\"es\",\"potentialAction\":[{\"@type\":\"ReadAction\",\"target\":[\"https:\\\/\\\/radiohuancayo.com.pe\\\/wp54\\\/nicolas-pacheco-se-proclamo-campeon-sudamericano-de-tiro\\\/\"]}]},{\"@type\":\"ImageObject\",\"inLanguage\":\"es\",\"@id\":\"https:\\\/\\\/radiohuancayo.com.pe\\\/wp54\\\/nicolas-pacheco-se-proclamo-campeon-sudamericano-de-tiro\\\/#primaryimage\",\"url\":\"https:\\\/\\\/radiohuancayo.com.pe\\\/wp54\\\/wp-content\\\/uploads\\\/2024\\\/09\\\/np.jpg\",\"contentUrl\":\"https:\\\/\\\/radiohuancayo.com.pe\\\/wp54\\\/wp-content\\\/uploads\\\/2024\\\/09\\\/np.jpg\",\"width\":1200,\"height\":630},{\"@type\":\"BreadcrumbList\",\"@id\":\"https:\\\/\\\/radiohuancayo.com.pe\\\/wp54\\\/nicolas-pacheco-se-proclamo-campeon-sudamericano-de-tiro\\\/#breadcrumb\",\"itemListElement\":[{\"@type\":\"ListItem\",\"position\":1,\"name\":\"Portada\",\"item\":\"https:\\\/\\\/radiohuancayo.com.pe\\\/wp54\\\/\"},{\"@type\":\"ListItem\",\"position\":2,\"name\":\"Nicol\u00e1s Pacheco se proclam\u00f3 campe\u00f3n sudamericano de tiro\"}]},{\"@type\":\"WebSite\",\"@id\":\"https:\\\/\\\/radiohuancayo.com.pe\\\/wp54\\\/#website\",\"url\":\"https:\\\/\\\/radiohuancayo.com.pe\\\/wp54\\\/\",\"name\":\"Radio Huancayo\",\"description\":\"me gusta!!!\",\"publisher\":{\"@id\":\"https:\\\/\\\/radiohuancayo.com.pe\\\/wp54\\\/#organization\"},\"potentialAction\":[{\"@type\":\"SearchAction\",\"target\":{\"@type\":\"EntryPoint\",\"urlTemplate\":\"https:\\\/\\\/radiohuancayo.com.pe\\\/wp54\\\/?s={search_term_string}\"},\"query-input\":{\"@type\":\"PropertyValueSpecification\",\"valueRequired\":true,\"valueName\":\"search_term_string\"}}],\"inLanguage\":\"es\"},{\"@type\":\"Organization\",\"@id\":\"https:\\\/\\\/radiohuancayo.com.pe\\\/wp54\\\/#organization\",\"name\":\"Radio Huancayo\",\"url\":\"https:\\\/\\\/radiohuancayo.com.pe\\\/wp54\\\/\",\"logo\":{\"@type\":\"ImageObject\",\"inLanguage\":\"es\",\"@id\":\"https:\\\/\\\/radiohuancayo.com.pe\\\/wp54\\\/#\\\/schema\\\/logo\\\/image\\\/\",\"url\":\"https:\\\/\\\/radiohuancayo.com.pe\\\/wp54\\\/wp-content\\\/uploads\\\/2022\\\/04\\\/CABE01.png\",\"contentUrl\":\"https:\\\/\\\/radiohuancayo.com.pe\\\/wp54\\\/wp-content\\\/uploads\\\/2022\\\/04\\\/CABE01.png\",\"width\":1640,\"height\":300,\"caption\":\"Radio Huancayo\"},\"image\":{\"@id\":\"https:\\\/\\\/radiohuancayo.com.pe\\\/wp54\\\/#\\\/schema\\\/logo\\\/image\\\/\"}},{\"@type\":\"Person\",\"@id\":\"https:\\\/\\\/radiohuancayo.com.pe\\\/wp54\\\/#\\\/schema\\\/person\\\/74fb124dee9900c6f4d0535fa1d2b5ae\",\"name\":\"Michel Sanchez\",\"image\":{\"@type\":\"ImageObject\",\"inLanguage\":\"es\",\"@id\":\"https:\\\/\\\/secure.gravatar.com\\\/avatar\\\/f7f6944c01b3f15a174d0cf055aea75c46697913fc8a9cf5c3cf3e8800c645f6?s=96&d=mm&r=g\",\"url\":\"https:\\\/\\\/secure.gravatar.com\\\/avatar\\\/f7f6944c01b3f15a174d0cf055aea75c46697913fc8a9cf5c3cf3e8800c645f6?s=96&d=mm&r=g\",\"contentUrl\":\"https:\\\/\\\/secure.gravatar.com\\\/avatar\\\/f7f6944c01b3f15a174d0cf055aea75c46697913fc8a9cf5c3cf3e8800c645f6?s=96&d=mm&r=g\",\"caption\":\"Michel Sanchez\"},\"url\":\"https:\\\/\\\/radiohuancayo.com.pe\\\/wp54\\\/author\\\/memoris\\\/\"}]}<\/script>\n<!-- \/ Yoast SEO plugin. -->","yoast_head_json":{"title":"Nicol\u00e1s Pacheco se proclam\u00f3 campe\u00f3n sudamericano de tiro - Radio Huancayo","robots":{"index":"index","follow":"follow","max-snippet":"max-snippet:-1","max-image-preview":"max-image-preview:large","max-video-preview":"max-video-preview:-1"},"canonical":"https:\/\/radiohuancayo.com.pe\/wp54\/nicolas-pacheco-se-proclamo-campeon-sudamericano-de-tiro\/","og_locale":"es_ES","og_type":"article","og_title":"Nicol\u00e1s Pacheco se proclam\u00f3 campe\u00f3n sudamericano de tiro - Radio Huancayo","og_description":"Nicol\u00e1s Pacheco sigue haciendo historia. El deportista nacional se proclam\u00f3 ahora campe\u00f3n sudamericano de tiro tras vencer en la modalidad Skeet en el Campeonato Sudamericano de Tiro que se desarrolla en el Pol\u00edgono de Tiro de la Base A\u00e9rea Las Palmas. El tirador nacional se impuso a los chilenos Joaqu\u00edn Irgoin y Mat\u00edas Mart\u00ednez que completaron el podio para colgarse la presea dorada y confirmar su buen momento. El deportista peruano sigue ampliando su palmar\u00e9s. En los Juegos Panamericanos 2019 y 2023 logr\u00f3 la medalla de bronce en Skeet. Adem\u00e1s, tambi\u00e9n se colg\u00f3 la de oro en la Copa del Mundo de Escopeta 2022. M\u00e1s recientemente, sum\u00f3 un diploma ol\u00edmpico tras quedar sexto en los Juegos Ol\u00edmpicos de Par\u00eds 2024, mejorando su participaci\u00f3n en Tokio 2020 donde qued\u00f3 octavo.","og_url":"https:\/\/radiohuancayo.com.pe\/wp54\/nicolas-pacheco-se-proclamo-campeon-sudamericano-de-tiro\/","og_site_name":"Radio Huancayo","article_published_time":"2024-09-25T22:36:05+00:00","article_modified_time":"2024-09-25T22:36:06+00:00","og_image":[{"width":1200,"height":630,"url":"https:\/\/radiohuancayo.com.pe\/wp54\/wp-content\/uploads\/2024\/09\/np.jpg","type":"image\/jpeg"}],"author":"Michel Sanchez","twitter_card":"summary_large_image","twitter_misc":{"Escrito por":"Michel Sanchez","Tiempo de lectura":"1 minuto"},"schema":{"@context":"https:\/\/schema.org","@graph":[{"@type":"Article","@id":"https:\/\/radiohuancayo.com.pe\/wp54\/nicolas-pacheco-se-proclamo-campeon-sudamericano-de-tiro\/#article","isPartOf":{"@id":"https:\/\/radiohuancayo.com.pe\/wp54\/nicolas-pacheco-se-proclamo-campeon-sudamericano-de-tiro\/"},"author":{"name":"Michel Sanchez","@id":"https:\/\/radiohuancayo.com.pe\/wp54\/#\/schema\/person\/74fb124dee9900c6f4d0535fa1d2b5ae"},"headline":"Nicol\u00e1s Pacheco se proclam\u00f3 campe\u00f3n sudamericano de tiro","datePublished":"2024-09-25T22:36:05+00:00","dateModified":"2024-09-25T22:36:06+00:00","mainEntityOfPage":{"@id":"https:\/\/radiohuancayo.com.pe\/wp54\/nicolas-pacheco-se-proclamo-campeon-sudamericano-de-tiro\/"},"wordCount":149,"commentCount":0,"publisher":{"@id":"https:\/\/radiohuancayo.com.pe\/wp54\/#organization"},"image":{"@id":"https:\/\/radiohuancayo.com.pe\/wp54\/nicolas-pacheco-se-proclamo-campeon-sudamericano-de-tiro\/#primaryimage"},"thumbnailUrl":"https:\/\/radiohuancayo.com.pe\/wp54\/wp-content\/uploads\/2024\/09\/np.jpg","articleSection":["Deportes"],"inLanguage":"es","potentialAction":[{"@type":"CommentAction","name":"Comment","target":["https:\/\/radiohuancayo.com.pe\/wp54\/nicolas-pacheco-se-proclamo-campeon-sudamericano-de-tiro\/#respond"]}]},{"@type":"WebPage","@id":"https:\/\/radiohuancayo.com.pe\/wp54\/nicolas-pacheco-se-proclamo-campeon-sudamericano-de-tiro\/","url":"https:\/\/radiohuancayo.com.pe\/wp54\/nicolas-pacheco-se-proclamo-campeon-sudamericano-de-tiro\/","name":"Nicol\u00e1s Pacheco se proclam\u00f3 campe\u00f3n sudamericano de tiro - Radio Huancayo","isPartOf":{"@id":"https:\/\/radiohuancayo.com.pe\/wp54\/#website"},"primaryImageOfPage":{"@id":"https:\/\/radiohuancayo.com.pe\/wp54\/nicolas-pacheco-se-proclamo-campeon-sudamericano-de-tiro\/#primaryimage"},"image":{"@id":"https:\/\/radiohuancayo.com.pe\/wp54\/nicolas-pacheco-se-proclamo-campeon-sudamericano-de-tiro\/#primaryimage"},"thumbnailUrl":"https:\/\/radiohuancayo.com.pe\/wp54\/wp-content\/uploads\/2024\/09\/np.jpg","datePublished":"2024-09-25T22:36:05+00:00","dateModified":"2024-09-25T22:36:06+00:00","breadcrumb":{"@id":"https:\/\/radiohuancayo.com.pe\/wp54\/nicolas-pacheco-se-proclamo-campeon-sudamericano-de-tiro\/#breadcrumb"},"inLanguage":"es","potentialAction":[{"@type":"ReadAction","target":["https:\/\/radiohuancayo.com.pe\/wp54\/nicolas-pacheco-se-proclamo-campeon-sudamericano-de-tiro\/"]}]},{"@type":"ImageObject","inLanguage":"es","@id":"https:\/\/radiohuancayo.com.pe\/wp54\/nicolas-pacheco-se-proclamo-campeon-sudamericano-de-tiro\/#primaryimage","url":"https:\/\/radiohuancayo.com.pe\/wp54\/wp-content\/uploads\/2024\/09\/np.jpg","contentUrl":"https:\/\/radiohuancayo.com.pe\/wp54\/wp-content\/uploads\/2024\/09\/np.jpg","width":1200,"height":630},{"@type":"BreadcrumbList","@id":"https:\/\/radiohuancayo.com.pe\/wp54\/nicolas-pacheco-se-proclamo-campeon-sudamericano-de-tiro\/#breadcrumb","itemListElement":[{"@type":"ListItem","position":1,"name":"Portada","item":"https:\/\/radiohuancayo.com.pe\/wp54\/"},{"@type":"ListItem","position":2,"name":"Nicol\u00e1s Pacheco se proclam\u00f3 campe\u00f3n sudamericano de tiro"}]},{"@type":"WebSite","@id":"https:\/\/radiohuancayo.com.pe\/wp54\/#website","url":"https:\/\/radiohuancayo.com.pe\/wp54\/","name":"Radio Huancayo","description":"me gusta!!!","publisher":{"@id":"https:\/\/radiohuancayo.com.pe\/wp54\/#organization"},"potentialAction":[{"@type":"SearchAction","target":{"@type":"EntryPoint","urlTemplate":"https:\/\/radiohuancayo.com.pe\/wp54\/?s={search_term_string}"},"query-input":{"@type":"PropertyValueSpecification","valueRequired":true,"valueName":"search_term_string"}}],"inLanguage":"es"},{"@type":"Organization","@id":"https:\/\/radiohuancayo.com.pe\/wp54\/#organization","name":"Radio Huancayo","url":"https:\/\/radiohuancayo.com.pe\/wp54\/","logo":{"@type":"ImageObject","inLanguage":"es","@id":"https:\/\/radiohuancayo.com.pe\/wp54\/#\/schema\/logo\/image\/","url":"https:\/\/radiohuancayo.com.pe\/wp54\/wp-content\/uploads\/2022\/04\/CABE01.png","contentUrl":"https:\/\/radiohuancayo.com.pe\/wp54\/wp-content\/uploads\/2022\/04\/CABE01.png","width":1640,"height":300,"caption":"Radio Huancayo"},"image":{"@id":"https:\/\/radiohuancayo.com.pe\/wp54\/#\/schema\/logo\/image\/"}},{"@type":"Person","@id":"https:\/\/radiohuancayo.com.pe\/wp54\/#\/schema\/person\/74fb124dee9900c6f4d0535fa1d2b5ae","name":"Michel Sanchez","image":{"@type":"ImageObject","inLanguage":"es","@id":"https:\/\/secure.gravatar.com\/avatar\/f7f6944c01b3f15a174d0cf055aea75c46697913fc8a9cf5c3cf3e8800c645f6?s=96&d=mm&r=g","url":"https:\/\/secure.gravatar.com\/avatar\/f7f6944c01b3f15a174d0cf055aea75c46697913fc8a9cf5c3cf3e8800c645f6?s=96&d=mm&r=g","contentUrl":"https:\/\/secure.gravatar.com\/avatar\/f7f6944c01b3f15a174d0cf055aea75c46697913fc8a9cf5c3cf3e8800c645f6?s=96&d=mm&r=g","caption":"Michel Sanchez"},"url":"https:\/\/radiohuancayo.com.pe\/wp54\/author\/memoris\/"}]}},"_links":{"self":[{"href":"https:\/\/radiohuancayo.com.pe\/wp54\/wp-json\/wp\/v2\/posts\/28495","targetHints":{"allow":["GET"]}}],"collection":[{"href":"https:\/\/radiohuancayo.com.pe\/wp54\/wp-json\/wp\/v2\/posts"}],"about":[{"href":"https:\/\/radiohuancayo.com.pe\/wp54\/wp-json\/wp\/v2\/types\/post"}],"author":[{"embeddable":true,"href":"https:\/\/radiohuancayo.com.pe\/wp54\/wp-json\/wp\/v2\/users\/2"}],"replies":[{"embeddable":true,"href":"https:\/\/radiohuancayo.com.pe\/wp54\/wp-json\/wp\/v2\/comments?post=28495"}],"version-history":[{"count":1,"href":"https:\/\/radiohuancayo.com.pe\/wp54\/wp-json\/wp\/v2\/posts\/28495\/revisions"}],"predecessor-version":[{"id":28497,"href":"https:\/\/radiohuancayo.com.pe\/wp54\/wp-json\/wp\/v2\/posts\/28495\/revisions\/28497"}],"wp:featuredmedia":[{"embeddable":true,"href":"https:\/\/radiohuancayo.com.pe\/wp54\/wp-json\/wp\/v2\/media\/28496"}],"wp:attachment":[{"href":"https:\/\/radiohuancayo.com.pe\/wp54\/wp-json\/wp\/v2\/media?parent=28495"}],"wp:term":[{"taxonomy":"category","embeddable":true,"href":"https:\/\/radiohuancayo.com.pe\/wp54\/wp-json\/wp\/v2\/categories?post=28495"},{"taxonomy":"post_tag","embeddable":true,"href":"https:\/\/radiohuancayo.com.pe\/wp54\/wp-json\/wp\/v2\/tags?post=28495"}],"curies":[{"name":"wp","href":"https:\/\/api.w.org\/{rel}","templated":true}]}}