{"id":28498,"date":"2024-09-25T17:37:30","date_gmt":"2024-09-25T22:37:30","guid":{"rendered":"https:\/\/radiohuancayo.com.pe\/wp54\/?p=28498"},"modified":"2024-09-25T17:37:31","modified_gmt":"2024-09-25T22:37:31","slug":"jose-letelier-renovo-con-alianza-lima-para-el-proximo-ano","status":"publish","type":"post","link":"https:\/\/radiohuancayo.com.pe\/wp54\/jose-letelier-renovo-con-alianza-lima-para-el-proximo-ano\/","title":{"rendered":"Jos\u00e9 Letelier renov\u00f3 con Alianza Lima para el pr\u00f3ximo a\u00f1o"},"content":{"rendered":"\n<p>El club Alianza Lima anunci\u00f3 que el t\u00e9cnico chileno Jos\u00e9 Letelier lleg\u00f3 a un acuerdo para renovar su contrato con el club y seguir\u00e1 dirigiendo al equipo femenino la pr\u00f3xima temporada.<\/p>\n\n\n\n<p>\u00abLetelier 2025. Jos\u00e9 Letelier renov\u00f3 su v\u00ednculo con nuestra instituci\u00f3n. \u00a1Sigamos haciendo historia, &#8216;profe'\u00bb, anunci\u00f3 el club a trav\u00e9s de sus redes sociales.<\/p>\n\n\n\n<p>Letelier lleg\u00f3 para dirigir este a\u00f1o a Alianza Lima y logr\u00f3 el t\u00edtulo de la Liga Femenina, con lo que adem\u00e1s se gan\u00f3 el cupo para participar de la Copa Libertadores, que se disputar\u00e1 en octubre.<\/p>\n\n\n\n<figure class=\"wp-block-embed is-type-rich is-provider-twitter wp-block-embed-twitter\"><div class=\"wp-block-embed__wrapper\">\n<blockquote class=\"twitter-tweet\" data-width=\"550\" data-dnt=\"true\"><p lang=\"es\" dir=\"ltr\">\ud835\udcdb\ud835\udcee\ud835\udcfd\ud835\udcee\ud835\udcf5\ud835\udcf2\ud835\udcee\ud835\udcfb 2\ufe0f\u20e30\ufe0f\u20e32\ufe0f\u20e35\ufe0f\u20e3 \u270d\ud83c\udffe<br><br>Jos\u00e9 Letelier renov\u00f3 su v\u00ednculo con nuestra instituci\u00f3n.  <br><br>\u00a1Sigamos haciendo historia, &#39;profe&#39;! \ud83e\udd1d\ud83c\udffe<a href=\"https:\/\/twitter.com\/hashtag\/CAMPEONASX100PRE?src=hash&amp;ref_src=twsrc%5Etfw\">#CAMPEONASX100PRE<\/a> <a href=\"https:\/\/t.co\/TAtA4v5RZ1\">pic.twitter.com\/TAtA4v5RZ1<\/a><\/p>&mdash; Alianza Lima Femenino (@AlianzaLimaFF) <a href=\"https:\/\/twitter.com\/AlianzaLimaFF\/status\/1839061478659469364?ref_src=twsrc%5Etfw\">September 25, 2024<\/a><\/blockquote><script async src=\"https:\/\/platform.twitter.com\/widgets.js\" charset=\"utf-8\"><\/script>\n<\/div><\/figure>\n","protected":false},"excerpt":{"rendered":"<p>El club Alianza Lima anunci\u00f3 que el t\u00e9cnico chileno Jos\u00e9 Letelier lleg\u00f3 a un acuerdo para renovar su contrato con el club y seguir\u00e1 dirigiendo al equipo femenino la pr\u00f3xima temporada. \u00abLetelier 2025. Jos\u00e9 Letelier renov\u00f3 su v\u00ednculo con nuestra instituci\u00f3n. \u00a1Sigamos haciendo historia, &#8216;profe&#8217;\u00bb, anunci\u00f3 el club a trav\u00e9s de sus redes sociales. Letelier lleg\u00f3 para dirigir este a\u00f1o a Alianza Lima y logr\u00f3 el t\u00edtulo de la Liga Femenina, con lo que adem\u00e1s se gan\u00f3 el cupo para participar de la Copa Libertadores, que se disputar\u00e1 en octubre.<\/p>\n","protected":false},"author":2,"featured_media":28499,"comment_status":"open","ping_status":"open","sticky":false,"template":"","format":"standard","meta":{"footnotes":""},"categories":[7],"tags":[],"class_list":["post-28498","post","type-post","status-publish","format-standard","has-post-thumbnail","hentry","category-deportes"],"yoast_head":"<!-- This site is optimized with the Yoast SEO plugin v27.5 - https:\/\/yoast.com\/product\/yoast-seo-wordpress\/ -->\n<title>Jos\u00e9 Letelier renov\u00f3 con Alianza Lima para el pr\u00f3ximo a\u00f1o - Radio Huancayo<\/title>\n<meta name=\"robots\" content=\"index, follow, max-snippet:-1, max-image-preview:large, max-video-preview:-1\" \/>\n<link rel=\"canonical\" href=\"https:\/\/radiohuancayo.com.pe\/wp54\/jose-letelier-renovo-con-alianza-lima-para-el-proximo-ano\/\" \/>\n<meta property=\"og:locale\" content=\"es_ES\" \/>\n<meta property=\"og:type\" content=\"article\" \/>\n<meta property=\"og:title\" content=\"Jos\u00e9 Letelier renov\u00f3 con Alianza Lima para el pr\u00f3ximo a\u00f1o - Radio Huancayo\" \/>\n<meta property=\"og:description\" content=\"El club Alianza Lima anunci\u00f3 que el t\u00e9cnico chileno Jos\u00e9 Letelier lleg\u00f3 a un acuerdo para renovar su contrato con el club y seguir\u00e1 dirigiendo al equipo femenino la pr\u00f3xima temporada. \u00abLetelier 2025. Jos\u00e9 Letelier renov\u00f3 su v\u00ednculo con nuestra instituci\u00f3n. \u00a1Sigamos haciendo historia, &#8216;profe&#039;\u00bb, anunci\u00f3 el club a trav\u00e9s de sus redes sociales. Letelier lleg\u00f3 para dirigir este a\u00f1o a Alianza Lima y logr\u00f3 el t\u00edtulo de la Liga Femenina, con lo que adem\u00e1s se gan\u00f3 el cupo para participar de la Copa Libertadores, que se disputar\u00e1 en octubre.\" \/>\n<meta property=\"og:url\" content=\"https:\/\/radiohuancayo.com.pe\/wp54\/jose-letelier-renovo-con-alianza-lima-para-el-proximo-ano\/\" \/>\n<meta property=\"og:site_name\" content=\"Radio Huancayo\" \/>\n<meta property=\"article:published_time\" content=\"2024-09-25T22:37:30+00:00\" \/>\n<meta property=\"article:modified_time\" content=\"2024-09-25T22:37:31+00:00\" \/>\n<meta property=\"og:image\" content=\"https:\/\/radiohuancayo.com.pe\/wp54\/wp-content\/uploads\/2024\/09\/letelier_0.jpg\" \/>\n\t<meta property=\"og:image:width\" content=\"1200\" \/>\n\t<meta property=\"og:image:height\" content=\"630\" \/>\n\t<meta property=\"og:image:type\" content=\"image\/jpeg\" \/>\n<meta name=\"author\" content=\"Michel Sanchez\" \/>\n<meta name=\"twitter:card\" content=\"summary_large_image\" \/>\n<meta name=\"twitter:label1\" content=\"Escrito por\" \/>\n\t<meta name=\"twitter:data1\" content=\"Michel Sanchez\" \/>\n\t<meta name=\"twitter:label2\" content=\"Tiempo de lectura\" \/>\n\t<meta name=\"twitter:data2\" content=\"1 minuto\" \/>\n<script type=\"application\/ld+json\" class=\"yoast-schema-graph\">{\"@context\":\"https:\\\/\\\/schema.org\",\"@graph\":[{\"@type\":\"Article\",\"@id\":\"https:\\\/\\\/radiohuancayo.com.pe\\\/wp54\\\/jose-letelier-renovo-con-alianza-lima-para-el-proximo-ano\\\/#article\",\"isPartOf\":{\"@id\":\"https:\\\/\\\/radiohuancayo.com.pe\\\/wp54\\\/jose-letelier-renovo-con-alianza-lima-para-el-proximo-ano\\\/\"},\"author\":{\"name\":\"Michel Sanchez\",\"@id\":\"https:\\\/\\\/radiohuancayo.com.pe\\\/wp54\\\/#\\\/schema\\\/person\\\/74fb124dee9900c6f4d0535fa1d2b5ae\"},\"headline\":\"Jos\u00e9 Letelier renov\u00f3 con Alianza Lima para el pr\u00f3ximo a\u00f1o\",\"datePublished\":\"2024-09-25T22:37:30+00:00\",\"dateModified\":\"2024-09-25T22:37:31+00:00\",\"mainEntityOfPage\":{\"@id\":\"https:\\\/\\\/radiohuancayo.com.pe\\\/wp54\\\/jose-letelier-renovo-con-alianza-lima-para-el-proximo-ano\\\/\"},\"wordCount\":148,\"commentCount\":0,\"publisher\":{\"@id\":\"https:\\\/\\\/radiohuancayo.com.pe\\\/wp54\\\/#organization\"},\"image\":{\"@id\":\"https:\\\/\\\/radiohuancayo.com.pe\\\/wp54\\\/jose-letelier-renovo-con-alianza-lima-para-el-proximo-ano\\\/#primaryimage\"},\"thumbnailUrl\":\"https:\\\/\\\/radiohuancayo.com.pe\\\/wp54\\\/wp-content\\\/uploads\\\/2024\\\/09\\\/letelier_0.jpg\",\"articleSection\":[\"Deportes\"],\"inLanguage\":\"es\",\"potentialAction\":[{\"@type\":\"CommentAction\",\"name\":\"Comment\",\"target\":[\"https:\\\/\\\/radiohuancayo.com.pe\\\/wp54\\\/jose-letelier-renovo-con-alianza-lima-para-el-proximo-ano\\\/#respond\"]}]},{\"@type\":\"WebPage\",\"@id\":\"https:\\\/\\\/radiohuancayo.com.pe\\\/wp54\\\/jose-letelier-renovo-con-alianza-lima-para-el-proximo-ano\\\/\",\"url\":\"https:\\\/\\\/radiohuancayo.com.pe\\\/wp54\\\/jose-letelier-renovo-con-alianza-lima-para-el-proximo-ano\\\/\",\"name\":\"Jos\u00e9 Letelier renov\u00f3 con Alianza Lima para el pr\u00f3ximo a\u00f1o - Radio Huancayo\",\"isPartOf\":{\"@id\":\"https:\\\/\\\/radiohuancayo.com.pe\\\/wp54\\\/#website\"},\"primaryImageOfPage\":{\"@id\":\"https:\\\/\\\/radiohuancayo.com.pe\\\/wp54\\\/jose-letelier-renovo-con-alianza-lima-para-el-proximo-ano\\\/#primaryimage\"},\"image\":{\"@id\":\"https:\\\/\\\/radiohuancayo.com.pe\\\/wp54\\\/jose-letelier-renovo-con-alianza-lima-para-el-proximo-ano\\\/#primaryimage\"},\"thumbnailUrl\":\"https:\\\/\\\/radiohuancayo.com.pe\\\/wp54\\\/wp-content\\\/uploads\\\/2024\\\/09\\\/letelier_0.jpg\",\"datePublished\":\"2024-09-25T22:37:30+00:00\",\"dateModified\":\"2024-09-25T22:37:31+00:00\",\"breadcrumb\":{\"@id\":\"https:\\\/\\\/radiohuancayo.com.pe\\\/wp54\\\/jose-letelier-renovo-con-alianza-lima-para-el-proximo-ano\\\/#breadcrumb\"},\"inLanguage\":\"es\",\"potentialAction\":[{\"@type\":\"ReadAction\",\"target\":[\"https:\\\/\\\/radiohuancayo.com.pe\\\/wp54\\\/jose-letelier-renovo-con-alianza-lima-para-el-proximo-ano\\\/\"]}]},{\"@type\":\"ImageObject\",\"inLanguage\":\"es\",\"@id\":\"https:\\\/\\\/radiohuancayo.com.pe\\\/wp54\\\/jose-letelier-renovo-con-alianza-lima-para-el-proximo-ano\\\/#primaryimage\",\"url\":\"https:\\\/\\\/radiohuancayo.com.pe\\\/wp54\\\/wp-content\\\/uploads\\\/2024\\\/09\\\/letelier_0.jpg\",\"contentUrl\":\"https:\\\/\\\/radiohuancayo.com.pe\\\/wp54\\\/wp-content\\\/uploads\\\/2024\\\/09\\\/letelier_0.jpg\",\"width\":1200,\"height\":630},{\"@type\":\"BreadcrumbList\",\"@id\":\"https:\\\/\\\/radiohuancayo.com.pe\\\/wp54\\\/jose-letelier-renovo-con-alianza-lima-para-el-proximo-ano\\\/#breadcrumb\",\"itemListElement\":[{\"@type\":\"ListItem\",\"position\":1,\"name\":\"Portada\",\"item\":\"https:\\\/\\\/radiohuancayo.com.pe\\\/wp54\\\/\"},{\"@type\":\"ListItem\",\"position\":2,\"name\":\"Jos\u00e9 Letelier renov\u00f3 con Alianza Lima para el pr\u00f3ximo a\u00f1o\"}]},{\"@type\":\"WebSite\",\"@id\":\"https:\\\/\\\/radiohuancayo.com.pe\\\/wp54\\\/#website\",\"url\":\"https:\\\/\\\/radiohuancayo.com.pe\\\/wp54\\\/\",\"name\":\"Radio Huancayo\",\"description\":\"me gusta!!!\",\"publisher\":{\"@id\":\"https:\\\/\\\/radiohuancayo.com.pe\\\/wp54\\\/#organization\"},\"potentialAction\":[{\"@type\":\"SearchAction\",\"target\":{\"@type\":\"EntryPoint\",\"urlTemplate\":\"https:\\\/\\\/radiohuancayo.com.pe\\\/wp54\\\/?s={search_term_string}\"},\"query-input\":{\"@type\":\"PropertyValueSpecification\",\"valueRequired\":true,\"valueName\":\"search_term_string\"}}],\"inLanguage\":\"es\"},{\"@type\":\"Organization\",\"@id\":\"https:\\\/\\\/radiohuancayo.com.pe\\\/wp54\\\/#organization\",\"name\":\"Radio Huancayo\",\"url\":\"https:\\\/\\\/radiohuancayo.com.pe\\\/wp54\\\/\",\"logo\":{\"@type\":\"ImageObject\",\"inLanguage\":\"es\",\"@id\":\"https:\\\/\\\/radiohuancayo.com.pe\\\/wp54\\\/#\\\/schema\\\/logo\\\/image\\\/\",\"url\":\"https:\\\/\\\/radiohuancayo.com.pe\\\/wp54\\\/wp-content\\\/uploads\\\/2022\\\/04\\\/CABE01.png\",\"contentUrl\":\"https:\\\/\\\/radiohuancayo.com.pe\\\/wp54\\\/wp-content\\\/uploads\\\/2022\\\/04\\\/CABE01.png\",\"width\":1640,\"height\":300,\"caption\":\"Radio Huancayo\"},\"image\":{\"@id\":\"https:\\\/\\\/radiohuancayo.com.pe\\\/wp54\\\/#\\\/schema\\\/logo\\\/image\\\/\"}},{\"@type\":\"Person\",\"@id\":\"https:\\\/\\\/radiohuancayo.com.pe\\\/wp54\\\/#\\\/schema\\\/person\\\/74fb124dee9900c6f4d0535fa1d2b5ae\",\"name\":\"Michel Sanchez\",\"image\":{\"@type\":\"ImageObject\",\"inLanguage\":\"es\",\"@id\":\"https:\\\/\\\/secure.gravatar.com\\\/avatar\\\/f7f6944c01b3f15a174d0cf055aea75c46697913fc8a9cf5c3cf3e8800c645f6?s=96&d=mm&r=g\",\"url\":\"https:\\\/\\\/secure.gravatar.com\\\/avatar\\\/f7f6944c01b3f15a174d0cf055aea75c46697913fc8a9cf5c3cf3e8800c645f6?s=96&d=mm&r=g\",\"contentUrl\":\"https:\\\/\\\/secure.gravatar.com\\\/avatar\\\/f7f6944c01b3f15a174d0cf055aea75c46697913fc8a9cf5c3cf3e8800c645f6?s=96&d=mm&r=g\",\"caption\":\"Michel Sanchez\"},\"url\":\"https:\\\/\\\/radiohuancayo.com.pe\\\/wp54\\\/author\\\/memoris\\\/\"}]}<\/script>\n<!-- \/ Yoast SEO plugin. -->","yoast_head_json":{"title":"Jos\u00e9 Letelier renov\u00f3 con Alianza Lima para el pr\u00f3ximo a\u00f1o - Radio Huancayo","robots":{"index":"index","follow":"follow","max-snippet":"max-snippet:-1","max-image-preview":"max-image-preview:large","max-video-preview":"max-video-preview:-1"},"canonical":"https:\/\/radiohuancayo.com.pe\/wp54\/jose-letelier-renovo-con-alianza-lima-para-el-proximo-ano\/","og_locale":"es_ES","og_type":"article","og_title":"Jos\u00e9 Letelier renov\u00f3 con Alianza Lima para el pr\u00f3ximo a\u00f1o - Radio Huancayo","og_description":"El club Alianza Lima anunci\u00f3 que el t\u00e9cnico chileno Jos\u00e9 Letelier lleg\u00f3 a un acuerdo para renovar su contrato con el club y seguir\u00e1 dirigiendo al equipo femenino la pr\u00f3xima temporada. \u00abLetelier 2025. Jos\u00e9 Letelier renov\u00f3 su v\u00ednculo con nuestra instituci\u00f3n. \u00a1Sigamos haciendo historia, &#8216;profe'\u00bb, anunci\u00f3 el club a trav\u00e9s de sus redes sociales. Letelier lleg\u00f3 para dirigir este a\u00f1o a Alianza Lima y logr\u00f3 el t\u00edtulo de la Liga Femenina, con lo que adem\u00e1s se gan\u00f3 el cupo para participar de la Copa Libertadores, que se disputar\u00e1 en octubre.","og_url":"https:\/\/radiohuancayo.com.pe\/wp54\/jose-letelier-renovo-con-alianza-lima-para-el-proximo-ano\/","og_site_name":"Radio Huancayo","article_published_time":"2024-09-25T22:37:30+00:00","article_modified_time":"2024-09-25T22:37:31+00:00","og_image":[{"width":1200,"height":630,"url":"https:\/\/radiohuancayo.com.pe\/wp54\/wp-content\/uploads\/2024\/09\/letelier_0.jpg","type":"image\/jpeg"}],"author":"Michel Sanchez","twitter_card":"summary_large_image","twitter_misc":{"Escrito por":"Michel Sanchez","Tiempo de lectura":"1 minuto"},"schema":{"@context":"https:\/\/schema.org","@graph":[{"@type":"Article","@id":"https:\/\/radiohuancayo.com.pe\/wp54\/jose-letelier-renovo-con-alianza-lima-para-el-proximo-ano\/#article","isPartOf":{"@id":"https:\/\/radiohuancayo.com.pe\/wp54\/jose-letelier-renovo-con-alianza-lima-para-el-proximo-ano\/"},"author":{"name":"Michel Sanchez","@id":"https:\/\/radiohuancayo.com.pe\/wp54\/#\/schema\/person\/74fb124dee9900c6f4d0535fa1d2b5ae"},"headline":"Jos\u00e9 Letelier renov\u00f3 con Alianza Lima para el pr\u00f3ximo a\u00f1o","datePublished":"2024-09-25T22:37:30+00:00","dateModified":"2024-09-25T22:37:31+00:00","mainEntityOfPage":{"@id":"https:\/\/radiohuancayo.com.pe\/wp54\/jose-letelier-renovo-con-alianza-lima-para-el-proximo-ano\/"},"wordCount":148,"commentCount":0,"publisher":{"@id":"https:\/\/radiohuancayo.com.pe\/wp54\/#organization"},"image":{"@id":"https:\/\/radiohuancayo.com.pe\/wp54\/jose-letelier-renovo-con-alianza-lima-para-el-proximo-ano\/#primaryimage"},"thumbnailUrl":"https:\/\/radiohuancayo.com.pe\/wp54\/wp-content\/uploads\/2024\/09\/letelier_0.jpg","articleSection":["Deportes"],"inLanguage":"es","potentialAction":[{"@type":"CommentAction","name":"Comment","target":["https:\/\/radiohuancayo.com.pe\/wp54\/jose-letelier-renovo-con-alianza-lima-para-el-proximo-ano\/#respond"]}]},{"@type":"WebPage","@id":"https:\/\/radiohuancayo.com.pe\/wp54\/jose-letelier-renovo-con-alianza-lima-para-el-proximo-ano\/","url":"https:\/\/radiohuancayo.com.pe\/wp54\/jose-letelier-renovo-con-alianza-lima-para-el-proximo-ano\/","name":"Jos\u00e9 Letelier renov\u00f3 con Alianza Lima para el pr\u00f3ximo a\u00f1o - Radio Huancayo","isPartOf":{"@id":"https:\/\/radiohuancayo.com.pe\/wp54\/#website"},"primaryImageOfPage":{"@id":"https:\/\/radiohuancayo.com.pe\/wp54\/jose-letelier-renovo-con-alianza-lima-para-el-proximo-ano\/#primaryimage"},"image":{"@id":"https:\/\/radiohuancayo.com.pe\/wp54\/jose-letelier-renovo-con-alianza-lima-para-el-proximo-ano\/#primaryimage"},"thumbnailUrl":"https:\/\/radiohuancayo.com.pe\/wp54\/wp-content\/uploads\/2024\/09\/letelier_0.jpg","datePublished":"2024-09-25T22:37:30+00:00","dateModified":"2024-09-25T22:37:31+00:00","breadcrumb":{"@id":"https:\/\/radiohuancayo.com.pe\/wp54\/jose-letelier-renovo-con-alianza-lima-para-el-proximo-ano\/#breadcrumb"},"inLanguage":"es","potentialAction":[{"@type":"ReadAction","target":["https:\/\/radiohuancayo.com.pe\/wp54\/jose-letelier-renovo-con-alianza-lima-para-el-proximo-ano\/"]}]},{"@type":"ImageObject","inLanguage":"es","@id":"https:\/\/radiohuancayo.com.pe\/wp54\/jose-letelier-renovo-con-alianza-lima-para-el-proximo-ano\/#primaryimage","url":"https:\/\/radiohuancayo.com.pe\/wp54\/wp-content\/uploads\/2024\/09\/letelier_0.jpg","contentUrl":"https:\/\/radiohuancayo.com.pe\/wp54\/wp-content\/uploads\/2024\/09\/letelier_0.jpg","width":1200,"height":630},{"@type":"BreadcrumbList","@id":"https:\/\/radiohuancayo.com.pe\/wp54\/jose-letelier-renovo-con-alianza-lima-para-el-proximo-ano\/#breadcrumb","itemListElement":[{"@type":"ListItem","position":1,"name":"Portada","item":"https:\/\/radiohuancayo.com.pe\/wp54\/"},{"@type":"ListItem","position":2,"name":"Jos\u00e9 Letelier renov\u00f3 con Alianza Lima para el pr\u00f3ximo a\u00f1o"}]},{"@type":"WebSite","@id":"https:\/\/radiohuancayo.com.pe\/wp54\/#website","url":"https:\/\/radiohuancayo.com.pe\/wp54\/","name":"Radio Huancayo","description":"me gusta!!!","publisher":{"@id":"https:\/\/radiohuancayo.com.pe\/wp54\/#organization"},"potentialAction":[{"@type":"SearchAction","target":{"@type":"EntryPoint","urlTemplate":"https:\/\/radiohuancayo.com.pe\/wp54\/?s={search_term_string}"},"query-input":{"@type":"PropertyValueSpecification","valueRequired":true,"valueName":"search_term_string"}}],"inLanguage":"es"},{"@type":"Organization","@id":"https:\/\/radiohuancayo.com.pe\/wp54\/#organization","name":"Radio Huancayo","url":"https:\/\/radiohuancayo.com.pe\/wp54\/","logo":{"@type":"ImageObject","inLanguage":"es","@id":"https:\/\/radiohuancayo.com.pe\/wp54\/#\/schema\/logo\/image\/","url":"https:\/\/radiohuancayo.com.pe\/wp54\/wp-content\/uploads\/2022\/04\/CABE01.png","contentUrl":"https:\/\/radiohuancayo.com.pe\/wp54\/wp-content\/uploads\/2022\/04\/CABE01.png","width":1640,"height":300,"caption":"Radio Huancayo"},"image":{"@id":"https:\/\/radiohuancayo.com.pe\/wp54\/#\/schema\/logo\/image\/"}},{"@type":"Person","@id":"https:\/\/radiohuancayo.com.pe\/wp54\/#\/schema\/person\/74fb124dee9900c6f4d0535fa1d2b5ae","name":"Michel Sanchez","image":{"@type":"ImageObject","inLanguage":"es","@id":"https:\/\/secure.gravatar.com\/avatar\/f7f6944c01b3f15a174d0cf055aea75c46697913fc8a9cf5c3cf3e8800c645f6?s=96&d=mm&r=g","url":"https:\/\/secure.gravatar.com\/avatar\/f7f6944c01b3f15a174d0cf055aea75c46697913fc8a9cf5c3cf3e8800c645f6?s=96&d=mm&r=g","contentUrl":"https:\/\/secure.gravatar.com\/avatar\/f7f6944c01b3f15a174d0cf055aea75c46697913fc8a9cf5c3cf3e8800c645f6?s=96&d=mm&r=g","caption":"Michel Sanchez"},"url":"https:\/\/radiohuancayo.com.pe\/wp54\/author\/memoris\/"}]}},"_links":{"self":[{"href":"https:\/\/radiohuancayo.com.pe\/wp54\/wp-json\/wp\/v2\/posts\/28498","targetHints":{"allow":["GET"]}}],"collection":[{"href":"https:\/\/radiohuancayo.com.pe\/wp54\/wp-json\/wp\/v2\/posts"}],"about":[{"href":"https:\/\/radiohuancayo.com.pe\/wp54\/wp-json\/wp\/v2\/types\/post"}],"author":[{"embeddable":true,"href":"https:\/\/radiohuancayo.com.pe\/wp54\/wp-json\/wp\/v2\/users\/2"}],"replies":[{"embeddable":true,"href":"https:\/\/radiohuancayo.com.pe\/wp54\/wp-json\/wp\/v2\/comments?post=28498"}],"version-history":[{"count":1,"href":"https:\/\/radiohuancayo.com.pe\/wp54\/wp-json\/wp\/v2\/posts\/28498\/revisions"}],"predecessor-version":[{"id":28500,"href":"https:\/\/radiohuancayo.com.pe\/wp54\/wp-json\/wp\/v2\/posts\/28498\/revisions\/28500"}],"wp:featuredmedia":[{"embeddable":true,"href":"https:\/\/radiohuancayo.com.pe\/wp54\/wp-json\/wp\/v2\/media\/28499"}],"wp:attachment":[{"href":"https:\/\/radiohuancayo.com.pe\/wp54\/wp-json\/wp\/v2\/media?parent=28498"}],"wp:term":[{"taxonomy":"category","embeddable":true,"href":"https:\/\/radiohuancayo.com.pe\/wp54\/wp-json\/wp\/v2\/categories?post=28498"},{"taxonomy":"post_tag","embeddable":true,"href":"https:\/\/radiohuancayo.com.pe\/wp54\/wp-json\/wp\/v2\/tags?post=28498"}],"curies":[{"name":"wp","href":"https:\/\/api.w.org\/{rel}","templated":true}]}}