{"id":28504,"date":"2024-09-26T17:07:58","date_gmt":"2024-09-26T22:07:58","guid":{"rendered":"https:\/\/radiohuancayo.com.pe\/wp54\/?p=28504"},"modified":"2024-09-26T17:07:59","modified_gmt":"2024-09-26T22:07:59","slug":"succar-mi-objetivo-es-aportarle-la-mayor-cantidad-de-goles-posibles-a-alianza-y-que-estos-sirvan-para-ser-campeon","status":"publish","type":"post","link":"https:\/\/radiohuancayo.com.pe\/wp54\/succar-mi-objetivo-es-aportarle-la-mayor-cantidad-de-goles-posibles-a-alianza-y-que-estos-sirvan-para-ser-campeon\/","title":{"rendered":"Succar: \u00abMi objetivo es aportarle la mayor cantidad de goles posibles a Alianza y que estos sirvan para ser campe\u00f3n\u00bb"},"content":{"rendered":"\n<p>El delantero de Alianza Lima, Mat\u00edas Succar, elogi\u00f3 la uni\u00f3n y competencia que existe en el plantel &#8216;blanquiazul&#8217;, confes\u00f3 que sue\u00f1a con marcar pronto su primer gol y dej\u00f3 en claro que el equipo est\u00e1 enfocado en el t\u00edtulo nacional.<\/p>\n\n\n\n<p>\u00abVenimos de una semana bastante competitiva, de partidos muy continuos, ahora toca preparar una semana con mayor calma para la final del s\u00e1bado ante FBC Melgar en casa. Estamos enfocados en hacer respetar la casa, hay un lindo grupo en Alianza, se nota en el d\u00eda a d\u00eda, la uni\u00f3n est\u00e1 muy fuerte. Estamos con mucha ilusi\u00f3n y ansias de jugar ya el s\u00e1bado\u00bb, se\u00f1al\u00f3 el atacante de 25 a\u00f1os.<\/p>\n\n\n\n<p>Consultado por la lucha por el titularato, \u00a0admiti\u00f3: \u00abLa competencia saca lo mejor de cada uno, hoy hay una linda competencia con Pablo (Sabbag), Paolo (Guerrero), Hern\u00e1n (Barcos), Kevin (Quevedo), eso es productivo para todos, no nos permite relajarnos, al que le toca se entrega al cien por ciento y el equipo rinde de la mejor manera\u00bb.<\/p>\n\n\n\n<p>Sobre la llegada de Paolo Guerrero, confes\u00f3: \u00abLo conoc\u00eda en la Selecci\u00f3n, es un referente para m\u00ed, como lo es Hern\u00e1n, ambos son delanteros con mucha trayectoria y jerarqu\u00eda, trato de aprovechar de ellos el d\u00eda a d\u00eda, y tratar de nutrirme de su experiencia\u00bb.<\/p>\n\n\n\n<p><strong>HABL\u00d3 DE LOS OBJETIVOS GRUPALES Y PERSONALES<\/strong><\/p>\n\n\n\n<p>Succar no dud\u00f3 en afirmar: \u00abEl objetivo es ser campe\u00f3n del Clausura y luego ser campe\u00f3n nacional. Ese es el \u00fanico objetivo que tenemos todos, lo tenemos clar\u00edsimo, este grupo est\u00e1 convencido que quiere eso, pero somos conscientes que tenemos que ir paso a paso. El s\u00e1bado hay una final con FBC Melgar, luego hay una pausa larga por el tema de la Selecci\u00f3n, nos prepararemos y enfocaremos para el \u00faltimo tramo del Clausura\u00bb.<\/p>\n\n\n\n<p>Mientras que de su meta personal, coment\u00f3: \u00abSalir campe\u00f3n con Alianza, volver a ser convocado en la Selecci\u00f3n, tener minutos ah\u00ed y aportarle la mayor cantidad de goles posibles al club y que estos sirven para ser campe\u00f3n\u00bb.<\/p>\n\n\n\n<h3 class=\"wp-block-heading\"><strong>MENSAJE PARA LA HINCHADA &#8216;BLANQUIAZUL&#8217;<\/strong><\/h3>\n\n\n\n<p>Adem\u00e1s, el exjugador del &#8216;Muni&#8217; o LASK Linz, anhela seguir en lo &#8216;\u00edntimos&#8217;: \u00abEstoy recontra feliz y es un sue\u00f1o estar en Alianza, disfruto todos los d\u00edas y trato de dar siempre lo mejor de m\u00ed para estar aqu\u00ed much\u00edsimos a\u00f1os, porque la verdad que me encanta lo que estoy viviendo y estoy enamorado del club. Estoy buscando ese primero gol que es de lo que yo vivo y trabajo much\u00edsimo todos&nbsp;&nbsp; &nbsp;d\u00edas para poder lograrlo. El s\u00e1bado tenemos un partido importante y estar\u00eda encantado de poder hacerlo ese d\u00eda (gol)\u00bb.&nbsp;<\/p>\n\n\n\n<p>Y como mensaje para afici\u00f3n aliancista, Succar mencion\u00f3: \u00abEl apoyo que el hincha nos da es espectacular, somos locales en todas las canchas, eso es un plus para nosotros, nos empuja en esta vuelta final que se va a definir por detalles. Que el s\u00e1bado vengan a alentarnos como siempre y esperamos poder darles una alegr\u00eda para que puedan celebrar\u00bb.<\/p>\n","protected":false},"excerpt":{"rendered":"<p>El delantero de Alianza Lima, Mat\u00edas Succar, elogi\u00f3 la uni\u00f3n y competencia que existe en el plantel &#8216;blanquiazul&#8217;, confes\u00f3 que sue\u00f1a con marcar pronto su primer gol y dej\u00f3 en claro que el equipo est\u00e1 enfocado en el t\u00edtulo nacional. \u00abVenimos de una semana bastante competitiva, de partidos muy continuos, ahora toca preparar una semana con mayor calma para la final del s\u00e1bado ante FBC Melgar en casa. Estamos enfocados en hacer respetar la casa, hay un lindo grupo en Alianza, se nota en el d\u00eda a d\u00eda, la uni\u00f3n est\u00e1 muy fuerte. Estamos con mucha ilusi\u00f3n y ansias de jugar ya el s\u00e1bado\u00bb, se\u00f1al\u00f3 el atacante de 25 a\u00f1os. Consultado por la lucha por el titularato, \u00a0admiti\u00f3: \u00abLa competencia saca lo mejor de cada uno, hoy hay una linda competencia con Pablo (Sabbag), Paolo (Guerrero), Hern\u00e1n (Barcos), Kevin (Quevedo), eso es productivo para todos, no nos permite relajarnos, al que le toca se entrega al cien por ciento y el equipo rinde de la mejor manera\u00bb. Sobre la llegada de Paolo Guerrero, confes\u00f3: \u00abLo conoc\u00eda en la Selecci\u00f3n, es un referente para m\u00ed, como lo es Hern\u00e1n, ambos son delanteros con mucha trayectoria y jerarqu\u00eda, trato de aprovechar de ellos el d\u00eda a d\u00eda, y tratar de nutrirme de su experiencia\u00bb. HABL\u00d3 DE LOS OBJETIVOS GRUPALES Y PERSONALES Succar no dud\u00f3 en afirmar: \u00abEl objetivo es ser campe\u00f3n del Clausura y luego ser campe\u00f3n nacional. Ese es el \u00fanico objetivo que tenemos todos, lo tenemos clar\u00edsimo, este grupo est\u00e1 convencido que quiere eso, pero somos conscientes que tenemos que ir paso a paso. El s\u00e1bado hay una final con FBC Melgar, luego hay una pausa larga por el tema de la Selecci\u00f3n, nos prepararemos y enfocaremos para el \u00faltimo tramo del Clausura\u00bb. Mientras que de su meta personal, coment\u00f3: \u00abSalir campe\u00f3n con Alianza, volver a ser convocado en la Selecci\u00f3n, tener minutos ah\u00ed y aportarle la mayor cantidad de goles posibles al club y que estos sirven para ser campe\u00f3n\u00bb. MENSAJE PARA LA HINCHADA &#8216;BLANQUIAZUL&#8217; Adem\u00e1s, el exjugador del &#8216;Muni&#8217; o LASK Linz, anhela seguir en lo &#8216;\u00edntimos&#8217;: \u00abEstoy recontra feliz y es un sue\u00f1o estar en Alianza, disfruto todos los d\u00edas y trato de dar siempre lo mejor de m\u00ed para estar aqu\u00ed much\u00edsimos a\u00f1os, porque la verdad que me encanta lo que estoy viviendo y estoy enamorado del club. Estoy buscando ese primero gol que es de lo que yo vivo y trabajo much\u00edsimo todos&nbsp;&nbsp; &nbsp;d\u00edas para poder lograrlo. El s\u00e1bado tenemos un partido importante y estar\u00eda encantado de poder hacerlo ese d\u00eda (gol)\u00bb.&nbsp; Y como mensaje para afici\u00f3n aliancista, Succar mencion\u00f3: \u00abEl apoyo que el hincha nos da es espectacular, somos locales en todas las canchas, eso es un plus para nosotros, nos empuja en esta vuelta final que se va a definir por detalles. Que el s\u00e1bado vengan a alentarnos como siempre y esperamos poder darles una alegr\u00eda para que puedan celebrar\u00bb.<\/p>\n","protected":false},"author":2,"featured_media":28505,"comment_status":"open","ping_status":"open","sticky":false,"template":"","format":"standard","meta":{"footnotes":""},"categories":[7],"tags":[],"class_list":["post-28504","post","type-post","status-publish","format-standard","has-post-thumbnail","hentry","category-deportes"],"yoast_head":"<!-- This site is optimized with the Yoast SEO plugin v27.5 - https:\/\/yoast.com\/product\/yoast-seo-wordpress\/ -->\n<title>Succar: &quot;Mi objetivo es aportarle la mayor cantidad de goles posibles a Alianza y que estos sirvan para ser campe\u00f3n&quot; - Radio Huancayo<\/title>\n<meta name=\"robots\" content=\"index, follow, max-snippet:-1, max-image-preview:large, max-video-preview:-1\" \/>\n<link rel=\"canonical\" href=\"https:\/\/radiohuancayo.com.pe\/wp54\/succar-mi-objetivo-es-aportarle-la-mayor-cantidad-de-goles-posibles-a-alianza-y-que-estos-sirvan-para-ser-campeon\/\" \/>\n<meta property=\"og:locale\" content=\"es_ES\" \/>\n<meta property=\"og:type\" content=\"article\" \/>\n<meta property=\"og:title\" content=\"Succar: &quot;Mi objetivo es aportarle la mayor cantidad de goles posibles a Alianza y que estos sirvan para ser campe\u00f3n&quot; - Radio Huancayo\" \/>\n<meta property=\"og:description\" content=\"El delantero de Alianza Lima, Mat\u00edas Succar, elogi\u00f3 la uni\u00f3n y competencia que existe en el plantel &#8216;blanquiazul&#8217;, confes\u00f3 que sue\u00f1a con marcar pronto su primer gol y dej\u00f3 en claro que el equipo est\u00e1 enfocado en el t\u00edtulo nacional. \u00abVenimos de una semana bastante competitiva, de partidos muy continuos, ahora toca preparar una semana con mayor calma para la final del s\u00e1bado ante FBC Melgar en casa. Estamos enfocados en hacer respetar la casa, hay un lindo grupo en Alianza, se nota en el d\u00eda a d\u00eda, la uni\u00f3n est\u00e1 muy fuerte. Estamos con mucha ilusi\u00f3n y ansias de jugar ya el s\u00e1bado\u00bb, se\u00f1al\u00f3 el atacante de 25 a\u00f1os. Consultado por la lucha por el titularato, \u00a0admiti\u00f3: \u00abLa competencia saca lo mejor de cada uno, hoy hay una linda competencia con Pablo (Sabbag), Paolo (Guerrero), Hern\u00e1n (Barcos), Kevin (Quevedo), eso es productivo para todos, no nos permite relajarnos, al que le toca se entrega al cien por ciento y el equipo rinde de la mejor manera\u00bb. Sobre la llegada de Paolo Guerrero, confes\u00f3: \u00abLo conoc\u00eda en la Selecci\u00f3n, es un referente para m\u00ed, como lo es Hern\u00e1n, ambos son delanteros con mucha trayectoria y jerarqu\u00eda, trato de aprovechar de ellos el d\u00eda a d\u00eda, y tratar de nutrirme de su experiencia\u00bb. HABL\u00d3 DE LOS OBJETIVOS GRUPALES Y PERSONALES Succar no dud\u00f3 en afirmar: \u00abEl objetivo es ser campe\u00f3n del Clausura y luego ser campe\u00f3n nacional. Ese es el \u00fanico objetivo que tenemos todos, lo tenemos clar\u00edsimo, este grupo est\u00e1 convencido que quiere eso, pero somos conscientes que tenemos que ir paso a paso. El s\u00e1bado hay una final con FBC Melgar, luego hay una pausa larga por el tema de la Selecci\u00f3n, nos prepararemos y enfocaremos para el \u00faltimo tramo del Clausura\u00bb. Mientras que de su meta personal, coment\u00f3: \u00abSalir campe\u00f3n con Alianza, volver a ser convocado en la Selecci\u00f3n, tener minutos ah\u00ed y aportarle la mayor cantidad de goles posibles al club y que estos sirven para ser campe\u00f3n\u00bb. MENSAJE PARA LA HINCHADA &#8216;BLANQUIAZUL&#8217; Adem\u00e1s, el exjugador del &#8216;Muni&#8217; o LASK Linz, anhela seguir en lo &#8216;\u00edntimos&#8217;: \u00abEstoy recontra feliz y es un sue\u00f1o estar en Alianza, disfruto todos los d\u00edas y trato de dar siempre lo mejor de m\u00ed para estar aqu\u00ed much\u00edsimos a\u00f1os, porque la verdad que me encanta lo que estoy viviendo y estoy enamorado del club. Estoy buscando ese primero gol que es de lo que yo vivo y trabajo much\u00edsimo todos&nbsp;&nbsp; &nbsp;d\u00edas para poder lograrlo. El s\u00e1bado tenemos un partido importante y estar\u00eda encantado de poder hacerlo ese d\u00eda (gol)\u00bb.&nbsp; Y como mensaje para afici\u00f3n aliancista, Succar mencion\u00f3: \u00abEl apoyo que el hincha nos da es espectacular, somos locales en todas las canchas, eso es un plus para nosotros, nos empuja en esta vuelta final que se va a definir por detalles. Que el s\u00e1bado vengan a alentarnos como siempre y esperamos poder darles una alegr\u00eda para que puedan celebrar\u00bb.\" \/>\n<meta property=\"og:url\" content=\"https:\/\/radiohuancayo.com.pe\/wp54\/succar-mi-objetivo-es-aportarle-la-mayor-cantidad-de-goles-posibles-a-alianza-y-que-estos-sirvan-para-ser-campeon\/\" \/>\n<meta property=\"og:site_name\" content=\"Radio Huancayo\" \/>\n<meta property=\"article:published_time\" content=\"2024-09-26T22:07:58+00:00\" \/>\n<meta property=\"article:modified_time\" content=\"2024-09-26T22:07:59+00:00\" \/>\n<meta property=\"og:image\" content=\"https:\/\/radiohuancayo.com.pe\/wp54\/wp-content\/uploads\/2024\/09\/imagen-whatsapp-2024-09-25-las-154212338b5ce9.jpg\" \/>\n\t<meta property=\"og:image:width\" content=\"1200\" \/>\n\t<meta property=\"og:image:height\" content=\"630\" \/>\n\t<meta property=\"og:image:type\" content=\"image\/jpeg\" \/>\n<meta name=\"author\" content=\"Michel Sanchez\" \/>\n<meta name=\"twitter:card\" content=\"summary_large_image\" \/>\n<meta name=\"twitter:label1\" content=\"Escrito por\" \/>\n\t<meta name=\"twitter:data1\" content=\"Michel Sanchez\" \/>\n\t<meta name=\"twitter:label2\" content=\"Tiempo de lectura\" \/>\n\t<meta name=\"twitter:data2\" content=\"3 minutos\" \/>\n<script type=\"application\/ld+json\" class=\"yoast-schema-graph\">{\"@context\":\"https:\\\/\\\/schema.org\",\"@graph\":[{\"@type\":\"Article\",\"@id\":\"https:\\\/\\\/radiohuancayo.com.pe\\\/wp54\\\/succar-mi-objetivo-es-aportarle-la-mayor-cantidad-de-goles-posibles-a-alianza-y-que-estos-sirvan-para-ser-campeon\\\/#article\",\"isPartOf\":{\"@id\":\"https:\\\/\\\/radiohuancayo.com.pe\\\/wp54\\\/succar-mi-objetivo-es-aportarle-la-mayor-cantidad-de-goles-posibles-a-alianza-y-que-estos-sirvan-para-ser-campeon\\\/\"},\"author\":{\"name\":\"Michel Sanchez\",\"@id\":\"https:\\\/\\\/radiohuancayo.com.pe\\\/wp54\\\/#\\\/schema\\\/person\\\/74fb124dee9900c6f4d0535fa1d2b5ae\"},\"headline\":\"Succar: \u00abMi objetivo es aportarle la mayor cantidad de goles posibles a Alianza y que estos sirvan para ser campe\u00f3n\u00bb\",\"datePublished\":\"2024-09-26T22:07:58+00:00\",\"dateModified\":\"2024-09-26T22:07:59+00:00\",\"mainEntityOfPage\":{\"@id\":\"https:\\\/\\\/radiohuancayo.com.pe\\\/wp54\\\/succar-mi-objetivo-es-aportarle-la-mayor-cantidad-de-goles-posibles-a-alianza-y-que-estos-sirvan-para-ser-campeon\\\/\"},\"wordCount\":552,\"commentCount\":0,\"publisher\":{\"@id\":\"https:\\\/\\\/radiohuancayo.com.pe\\\/wp54\\\/#organization\"},\"image\":{\"@id\":\"https:\\\/\\\/radiohuancayo.com.pe\\\/wp54\\\/succar-mi-objetivo-es-aportarle-la-mayor-cantidad-de-goles-posibles-a-alianza-y-que-estos-sirvan-para-ser-campeon\\\/#primaryimage\"},\"thumbnailUrl\":\"https:\\\/\\\/radiohuancayo.com.pe\\\/wp54\\\/wp-content\\\/uploads\\\/2024\\\/09\\\/imagen-whatsapp-2024-09-25-las-154212338b5ce9.jpg\",\"articleSection\":[\"Deportes\"],\"inLanguage\":\"es\",\"potentialAction\":[{\"@type\":\"CommentAction\",\"name\":\"Comment\",\"target\":[\"https:\\\/\\\/radiohuancayo.com.pe\\\/wp54\\\/succar-mi-objetivo-es-aportarle-la-mayor-cantidad-de-goles-posibles-a-alianza-y-que-estos-sirvan-para-ser-campeon\\\/#respond\"]}]},{\"@type\":\"WebPage\",\"@id\":\"https:\\\/\\\/radiohuancayo.com.pe\\\/wp54\\\/succar-mi-objetivo-es-aportarle-la-mayor-cantidad-de-goles-posibles-a-alianza-y-que-estos-sirvan-para-ser-campeon\\\/\",\"url\":\"https:\\\/\\\/radiohuancayo.com.pe\\\/wp54\\\/succar-mi-objetivo-es-aportarle-la-mayor-cantidad-de-goles-posibles-a-alianza-y-que-estos-sirvan-para-ser-campeon\\\/\",\"name\":\"Succar: \\\"Mi objetivo es aportarle la mayor cantidad de goles posibles a Alianza y que estos sirvan para ser campe\u00f3n\\\" - Radio Huancayo\",\"isPartOf\":{\"@id\":\"https:\\\/\\\/radiohuancayo.com.pe\\\/wp54\\\/#website\"},\"primaryImageOfPage\":{\"@id\":\"https:\\\/\\\/radiohuancayo.com.pe\\\/wp54\\\/succar-mi-objetivo-es-aportarle-la-mayor-cantidad-de-goles-posibles-a-alianza-y-que-estos-sirvan-para-ser-campeon\\\/#primaryimage\"},\"image\":{\"@id\":\"https:\\\/\\\/radiohuancayo.com.pe\\\/wp54\\\/succar-mi-objetivo-es-aportarle-la-mayor-cantidad-de-goles-posibles-a-alianza-y-que-estos-sirvan-para-ser-campeon\\\/#primaryimage\"},\"thumbnailUrl\":\"https:\\\/\\\/radiohuancayo.com.pe\\\/wp54\\\/wp-content\\\/uploads\\\/2024\\\/09\\\/imagen-whatsapp-2024-09-25-las-154212338b5ce9.jpg\",\"datePublished\":\"2024-09-26T22:07:58+00:00\",\"dateModified\":\"2024-09-26T22:07:59+00:00\",\"breadcrumb\":{\"@id\":\"https:\\\/\\\/radiohuancayo.com.pe\\\/wp54\\\/succar-mi-objetivo-es-aportarle-la-mayor-cantidad-de-goles-posibles-a-alianza-y-que-estos-sirvan-para-ser-campeon\\\/#breadcrumb\"},\"inLanguage\":\"es\",\"potentialAction\":[{\"@type\":\"ReadAction\",\"target\":[\"https:\\\/\\\/radiohuancayo.com.pe\\\/wp54\\\/succar-mi-objetivo-es-aportarle-la-mayor-cantidad-de-goles-posibles-a-alianza-y-que-estos-sirvan-para-ser-campeon\\\/\"]}]},{\"@type\":\"ImageObject\",\"inLanguage\":\"es\",\"@id\":\"https:\\\/\\\/radiohuancayo.com.pe\\\/wp54\\\/succar-mi-objetivo-es-aportarle-la-mayor-cantidad-de-goles-posibles-a-alianza-y-que-estos-sirvan-para-ser-campeon\\\/#primaryimage\",\"url\":\"https:\\\/\\\/radiohuancayo.com.pe\\\/wp54\\\/wp-content\\\/uploads\\\/2024\\\/09\\\/imagen-whatsapp-2024-09-25-las-154212338b5ce9.jpg\",\"contentUrl\":\"https:\\\/\\\/radiohuancayo.com.pe\\\/wp54\\\/wp-content\\\/uploads\\\/2024\\\/09\\\/imagen-whatsapp-2024-09-25-las-154212338b5ce9.jpg\",\"width\":1200,\"height\":630},{\"@type\":\"BreadcrumbList\",\"@id\":\"https:\\\/\\\/radiohuancayo.com.pe\\\/wp54\\\/succar-mi-objetivo-es-aportarle-la-mayor-cantidad-de-goles-posibles-a-alianza-y-que-estos-sirvan-para-ser-campeon\\\/#breadcrumb\",\"itemListElement\":[{\"@type\":\"ListItem\",\"position\":1,\"name\":\"Portada\",\"item\":\"https:\\\/\\\/radiohuancayo.com.pe\\\/wp54\\\/\"},{\"@type\":\"ListItem\",\"position\":2,\"name\":\"Succar: &#8220;Mi objetivo es aportarle la mayor cantidad de goles posibles a Alianza y que estos sirvan para ser campe\u00f3n&#8221;\"}]},{\"@type\":\"WebSite\",\"@id\":\"https:\\\/\\\/radiohuancayo.com.pe\\\/wp54\\\/#website\",\"url\":\"https:\\\/\\\/radiohuancayo.com.pe\\\/wp54\\\/\",\"name\":\"Radio Huancayo\",\"description\":\"me gusta!!!\",\"publisher\":{\"@id\":\"https:\\\/\\\/radiohuancayo.com.pe\\\/wp54\\\/#organization\"},\"potentialAction\":[{\"@type\":\"SearchAction\",\"target\":{\"@type\":\"EntryPoint\",\"urlTemplate\":\"https:\\\/\\\/radiohuancayo.com.pe\\\/wp54\\\/?s={search_term_string}\"},\"query-input\":{\"@type\":\"PropertyValueSpecification\",\"valueRequired\":true,\"valueName\":\"search_term_string\"}}],\"inLanguage\":\"es\"},{\"@type\":\"Organization\",\"@id\":\"https:\\\/\\\/radiohuancayo.com.pe\\\/wp54\\\/#organization\",\"name\":\"Radio Huancayo\",\"url\":\"https:\\\/\\\/radiohuancayo.com.pe\\\/wp54\\\/\",\"logo\":{\"@type\":\"ImageObject\",\"inLanguage\":\"es\",\"@id\":\"https:\\\/\\\/radiohuancayo.com.pe\\\/wp54\\\/#\\\/schema\\\/logo\\\/image\\\/\",\"url\":\"https:\\\/\\\/radiohuancayo.com.pe\\\/wp54\\\/wp-content\\\/uploads\\\/2022\\\/04\\\/CABE01.png\",\"contentUrl\":\"https:\\\/\\\/radiohuancayo.com.pe\\\/wp54\\\/wp-content\\\/uploads\\\/2022\\\/04\\\/CABE01.png\",\"width\":1640,\"height\":300,\"caption\":\"Radio Huancayo\"},\"image\":{\"@id\":\"https:\\\/\\\/radiohuancayo.com.pe\\\/wp54\\\/#\\\/schema\\\/logo\\\/image\\\/\"}},{\"@type\":\"Person\",\"@id\":\"https:\\\/\\\/radiohuancayo.com.pe\\\/wp54\\\/#\\\/schema\\\/person\\\/74fb124dee9900c6f4d0535fa1d2b5ae\",\"name\":\"Michel Sanchez\",\"image\":{\"@type\":\"ImageObject\",\"inLanguage\":\"es\",\"@id\":\"https:\\\/\\\/secure.gravatar.com\\\/avatar\\\/f7f6944c01b3f15a174d0cf055aea75c46697913fc8a9cf5c3cf3e8800c645f6?s=96&d=mm&r=g\",\"url\":\"https:\\\/\\\/secure.gravatar.com\\\/avatar\\\/f7f6944c01b3f15a174d0cf055aea75c46697913fc8a9cf5c3cf3e8800c645f6?s=96&d=mm&r=g\",\"contentUrl\":\"https:\\\/\\\/secure.gravatar.com\\\/avatar\\\/f7f6944c01b3f15a174d0cf055aea75c46697913fc8a9cf5c3cf3e8800c645f6?s=96&d=mm&r=g\",\"caption\":\"Michel Sanchez\"},\"url\":\"https:\\\/\\\/radiohuancayo.com.pe\\\/wp54\\\/author\\\/memoris\\\/\"}]}<\/script>\n<!-- \/ Yoast SEO plugin. -->","yoast_head_json":{"title":"Succar: \"Mi objetivo es aportarle la mayor cantidad de goles posibles a Alianza y que estos sirvan para ser campe\u00f3n\" - Radio Huancayo","robots":{"index":"index","follow":"follow","max-snippet":"max-snippet:-1","max-image-preview":"max-image-preview:large","max-video-preview":"max-video-preview:-1"},"canonical":"https:\/\/radiohuancayo.com.pe\/wp54\/succar-mi-objetivo-es-aportarle-la-mayor-cantidad-de-goles-posibles-a-alianza-y-que-estos-sirvan-para-ser-campeon\/","og_locale":"es_ES","og_type":"article","og_title":"Succar: \"Mi objetivo es aportarle la mayor cantidad de goles posibles a Alianza y que estos sirvan para ser campe\u00f3n\" - Radio Huancayo","og_description":"El delantero de Alianza Lima, Mat\u00edas Succar, elogi\u00f3 la uni\u00f3n y competencia que existe en el plantel &#8216;blanquiazul&#8217;, confes\u00f3 que sue\u00f1a con marcar pronto su primer gol y dej\u00f3 en claro que el equipo est\u00e1 enfocado en el t\u00edtulo nacional. \u00abVenimos de una semana bastante competitiva, de partidos muy continuos, ahora toca preparar una semana con mayor calma para la final del s\u00e1bado ante FBC Melgar en casa. Estamos enfocados en hacer respetar la casa, hay un lindo grupo en Alianza, se nota en el d\u00eda a d\u00eda, la uni\u00f3n est\u00e1 muy fuerte. Estamos con mucha ilusi\u00f3n y ansias de jugar ya el s\u00e1bado\u00bb, se\u00f1al\u00f3 el atacante de 25 a\u00f1os. Consultado por la lucha por el titularato, \u00a0admiti\u00f3: \u00abLa competencia saca lo mejor de cada uno, hoy hay una linda competencia con Pablo (Sabbag), Paolo (Guerrero), Hern\u00e1n (Barcos), Kevin (Quevedo), eso es productivo para todos, no nos permite relajarnos, al que le toca se entrega al cien por ciento y el equipo rinde de la mejor manera\u00bb. Sobre la llegada de Paolo Guerrero, confes\u00f3: \u00abLo conoc\u00eda en la Selecci\u00f3n, es un referente para m\u00ed, como lo es Hern\u00e1n, ambos son delanteros con mucha trayectoria y jerarqu\u00eda, trato de aprovechar de ellos el d\u00eda a d\u00eda, y tratar de nutrirme de su experiencia\u00bb. HABL\u00d3 DE LOS OBJETIVOS GRUPALES Y PERSONALES Succar no dud\u00f3 en afirmar: \u00abEl objetivo es ser campe\u00f3n del Clausura y luego ser campe\u00f3n nacional. Ese es el \u00fanico objetivo que tenemos todos, lo tenemos clar\u00edsimo, este grupo est\u00e1 convencido que quiere eso, pero somos conscientes que tenemos que ir paso a paso. El s\u00e1bado hay una final con FBC Melgar, luego hay una pausa larga por el tema de la Selecci\u00f3n, nos prepararemos y enfocaremos para el \u00faltimo tramo del Clausura\u00bb. Mientras que de su meta personal, coment\u00f3: \u00abSalir campe\u00f3n con Alianza, volver a ser convocado en la Selecci\u00f3n, tener minutos ah\u00ed y aportarle la mayor cantidad de goles posibles al club y que estos sirven para ser campe\u00f3n\u00bb. MENSAJE PARA LA HINCHADA &#8216;BLANQUIAZUL&#8217; Adem\u00e1s, el exjugador del &#8216;Muni&#8217; o LASK Linz, anhela seguir en lo &#8216;\u00edntimos&#8217;: \u00abEstoy recontra feliz y es un sue\u00f1o estar en Alianza, disfruto todos los d\u00edas y trato de dar siempre lo mejor de m\u00ed para estar aqu\u00ed much\u00edsimos a\u00f1os, porque la verdad que me encanta lo que estoy viviendo y estoy enamorado del club. Estoy buscando ese primero gol que es de lo que yo vivo y trabajo much\u00edsimo todos&nbsp;&nbsp; &nbsp;d\u00edas para poder lograrlo. El s\u00e1bado tenemos un partido importante y estar\u00eda encantado de poder hacerlo ese d\u00eda (gol)\u00bb.&nbsp; Y como mensaje para afici\u00f3n aliancista, Succar mencion\u00f3: \u00abEl apoyo que el hincha nos da es espectacular, somos locales en todas las canchas, eso es un plus para nosotros, nos empuja en esta vuelta final que se va a definir por detalles. Que el s\u00e1bado vengan a alentarnos como siempre y esperamos poder darles una alegr\u00eda para que puedan celebrar\u00bb.","og_url":"https:\/\/radiohuancayo.com.pe\/wp54\/succar-mi-objetivo-es-aportarle-la-mayor-cantidad-de-goles-posibles-a-alianza-y-que-estos-sirvan-para-ser-campeon\/","og_site_name":"Radio Huancayo","article_published_time":"2024-09-26T22:07:58+00:00","article_modified_time":"2024-09-26T22:07:59+00:00","og_image":[{"width":1200,"height":630,"url":"https:\/\/radiohuancayo.com.pe\/wp54\/wp-content\/uploads\/2024\/09\/imagen-whatsapp-2024-09-25-las-154212338b5ce9.jpg","type":"image\/jpeg"}],"author":"Michel Sanchez","twitter_card":"summary_large_image","twitter_misc":{"Escrito por":"Michel Sanchez","Tiempo de lectura":"3 minutos"},"schema":{"@context":"https:\/\/schema.org","@graph":[{"@type":"Article","@id":"https:\/\/radiohuancayo.com.pe\/wp54\/succar-mi-objetivo-es-aportarle-la-mayor-cantidad-de-goles-posibles-a-alianza-y-que-estos-sirvan-para-ser-campeon\/#article","isPartOf":{"@id":"https:\/\/radiohuancayo.com.pe\/wp54\/succar-mi-objetivo-es-aportarle-la-mayor-cantidad-de-goles-posibles-a-alianza-y-que-estos-sirvan-para-ser-campeon\/"},"author":{"name":"Michel Sanchez","@id":"https:\/\/radiohuancayo.com.pe\/wp54\/#\/schema\/person\/74fb124dee9900c6f4d0535fa1d2b5ae"},"headline":"Succar: \u00abMi objetivo es aportarle la mayor cantidad de goles posibles a Alianza y que estos sirvan para ser campe\u00f3n\u00bb","datePublished":"2024-09-26T22:07:58+00:00","dateModified":"2024-09-26T22:07:59+00:00","mainEntityOfPage":{"@id":"https:\/\/radiohuancayo.com.pe\/wp54\/succar-mi-objetivo-es-aportarle-la-mayor-cantidad-de-goles-posibles-a-alianza-y-que-estos-sirvan-para-ser-campeon\/"},"wordCount":552,"commentCount":0,"publisher":{"@id":"https:\/\/radiohuancayo.com.pe\/wp54\/#organization"},"image":{"@id":"https:\/\/radiohuancayo.com.pe\/wp54\/succar-mi-objetivo-es-aportarle-la-mayor-cantidad-de-goles-posibles-a-alianza-y-que-estos-sirvan-para-ser-campeon\/#primaryimage"},"thumbnailUrl":"https:\/\/radiohuancayo.com.pe\/wp54\/wp-content\/uploads\/2024\/09\/imagen-whatsapp-2024-09-25-las-154212338b5ce9.jpg","articleSection":["Deportes"],"inLanguage":"es","potentialAction":[{"@type":"CommentAction","name":"Comment","target":["https:\/\/radiohuancayo.com.pe\/wp54\/succar-mi-objetivo-es-aportarle-la-mayor-cantidad-de-goles-posibles-a-alianza-y-que-estos-sirvan-para-ser-campeon\/#respond"]}]},{"@type":"WebPage","@id":"https:\/\/radiohuancayo.com.pe\/wp54\/succar-mi-objetivo-es-aportarle-la-mayor-cantidad-de-goles-posibles-a-alianza-y-que-estos-sirvan-para-ser-campeon\/","url":"https:\/\/radiohuancayo.com.pe\/wp54\/succar-mi-objetivo-es-aportarle-la-mayor-cantidad-de-goles-posibles-a-alianza-y-que-estos-sirvan-para-ser-campeon\/","name":"Succar: \"Mi objetivo es aportarle la mayor cantidad de goles posibles a Alianza y que estos sirvan para ser campe\u00f3n\" - Radio Huancayo","isPartOf":{"@id":"https:\/\/radiohuancayo.com.pe\/wp54\/#website"},"primaryImageOfPage":{"@id":"https:\/\/radiohuancayo.com.pe\/wp54\/succar-mi-objetivo-es-aportarle-la-mayor-cantidad-de-goles-posibles-a-alianza-y-que-estos-sirvan-para-ser-campeon\/#primaryimage"},"image":{"@id":"https:\/\/radiohuancayo.com.pe\/wp54\/succar-mi-objetivo-es-aportarle-la-mayor-cantidad-de-goles-posibles-a-alianza-y-que-estos-sirvan-para-ser-campeon\/#primaryimage"},"thumbnailUrl":"https:\/\/radiohuancayo.com.pe\/wp54\/wp-content\/uploads\/2024\/09\/imagen-whatsapp-2024-09-25-las-154212338b5ce9.jpg","datePublished":"2024-09-26T22:07:58+00:00","dateModified":"2024-09-26T22:07:59+00:00","breadcrumb":{"@id":"https:\/\/radiohuancayo.com.pe\/wp54\/succar-mi-objetivo-es-aportarle-la-mayor-cantidad-de-goles-posibles-a-alianza-y-que-estos-sirvan-para-ser-campeon\/#breadcrumb"},"inLanguage":"es","potentialAction":[{"@type":"ReadAction","target":["https:\/\/radiohuancayo.com.pe\/wp54\/succar-mi-objetivo-es-aportarle-la-mayor-cantidad-de-goles-posibles-a-alianza-y-que-estos-sirvan-para-ser-campeon\/"]}]},{"@type":"ImageObject","inLanguage":"es","@id":"https:\/\/radiohuancayo.com.pe\/wp54\/succar-mi-objetivo-es-aportarle-la-mayor-cantidad-de-goles-posibles-a-alianza-y-que-estos-sirvan-para-ser-campeon\/#primaryimage","url":"https:\/\/radiohuancayo.com.pe\/wp54\/wp-content\/uploads\/2024\/09\/imagen-whatsapp-2024-09-25-las-154212338b5ce9.jpg","contentUrl":"https:\/\/radiohuancayo.com.pe\/wp54\/wp-content\/uploads\/2024\/09\/imagen-whatsapp-2024-09-25-las-154212338b5ce9.jpg","width":1200,"height":630},{"@type":"BreadcrumbList","@id":"https:\/\/radiohuancayo.com.pe\/wp54\/succar-mi-objetivo-es-aportarle-la-mayor-cantidad-de-goles-posibles-a-alianza-y-que-estos-sirvan-para-ser-campeon\/#breadcrumb","itemListElement":[{"@type":"ListItem","position":1,"name":"Portada","item":"https:\/\/radiohuancayo.com.pe\/wp54\/"},{"@type":"ListItem","position":2,"name":"Succar: &#8220;Mi objetivo es aportarle la mayor cantidad de goles posibles a Alianza y que estos sirvan para ser campe\u00f3n&#8221;"}]},{"@type":"WebSite","@id":"https:\/\/radiohuancayo.com.pe\/wp54\/#website","url":"https:\/\/radiohuancayo.com.pe\/wp54\/","name":"Radio Huancayo","description":"me gusta!!!","publisher":{"@id":"https:\/\/radiohuancayo.com.pe\/wp54\/#organization"},"potentialAction":[{"@type":"SearchAction","target":{"@type":"EntryPoint","urlTemplate":"https:\/\/radiohuancayo.com.pe\/wp54\/?s={search_term_string}"},"query-input":{"@type":"PropertyValueSpecification","valueRequired":true,"valueName":"search_term_string"}}],"inLanguage":"es"},{"@type":"Organization","@id":"https:\/\/radiohuancayo.com.pe\/wp54\/#organization","name":"Radio Huancayo","url":"https:\/\/radiohuancayo.com.pe\/wp54\/","logo":{"@type":"ImageObject","inLanguage":"es","@id":"https:\/\/radiohuancayo.com.pe\/wp54\/#\/schema\/logo\/image\/","url":"https:\/\/radiohuancayo.com.pe\/wp54\/wp-content\/uploads\/2022\/04\/CABE01.png","contentUrl":"https:\/\/radiohuancayo.com.pe\/wp54\/wp-content\/uploads\/2022\/04\/CABE01.png","width":1640,"height":300,"caption":"Radio Huancayo"},"image":{"@id":"https:\/\/radiohuancayo.com.pe\/wp54\/#\/schema\/logo\/image\/"}},{"@type":"Person","@id":"https:\/\/radiohuancayo.com.pe\/wp54\/#\/schema\/person\/74fb124dee9900c6f4d0535fa1d2b5ae","name":"Michel Sanchez","image":{"@type":"ImageObject","inLanguage":"es","@id":"https:\/\/secure.gravatar.com\/avatar\/f7f6944c01b3f15a174d0cf055aea75c46697913fc8a9cf5c3cf3e8800c645f6?s=96&d=mm&r=g","url":"https:\/\/secure.gravatar.com\/avatar\/f7f6944c01b3f15a174d0cf055aea75c46697913fc8a9cf5c3cf3e8800c645f6?s=96&d=mm&r=g","contentUrl":"https:\/\/secure.gravatar.com\/avatar\/f7f6944c01b3f15a174d0cf055aea75c46697913fc8a9cf5c3cf3e8800c645f6?s=96&d=mm&r=g","caption":"Michel Sanchez"},"url":"https:\/\/radiohuancayo.com.pe\/wp54\/author\/memoris\/"}]}},"_links":{"self":[{"href":"https:\/\/radiohuancayo.com.pe\/wp54\/wp-json\/wp\/v2\/posts\/28504","targetHints":{"allow":["GET"]}}],"collection":[{"href":"https:\/\/radiohuancayo.com.pe\/wp54\/wp-json\/wp\/v2\/posts"}],"about":[{"href":"https:\/\/radiohuancayo.com.pe\/wp54\/wp-json\/wp\/v2\/types\/post"}],"author":[{"embeddable":true,"href":"https:\/\/radiohuancayo.com.pe\/wp54\/wp-json\/wp\/v2\/users\/2"}],"replies":[{"embeddable":true,"href":"https:\/\/radiohuancayo.com.pe\/wp54\/wp-json\/wp\/v2\/comments?post=28504"}],"version-history":[{"count":1,"href":"https:\/\/radiohuancayo.com.pe\/wp54\/wp-json\/wp\/v2\/posts\/28504\/revisions"}],"predecessor-version":[{"id":28506,"href":"https:\/\/radiohuancayo.com.pe\/wp54\/wp-json\/wp\/v2\/posts\/28504\/revisions\/28506"}],"wp:featuredmedia":[{"embeddable":true,"href":"https:\/\/radiohuancayo.com.pe\/wp54\/wp-json\/wp\/v2\/media\/28505"}],"wp:attachment":[{"href":"https:\/\/radiohuancayo.com.pe\/wp54\/wp-json\/wp\/v2\/media?parent=28504"}],"wp:term":[{"taxonomy":"category","embeddable":true,"href":"https:\/\/radiohuancayo.com.pe\/wp54\/wp-json\/wp\/v2\/categories?post=28504"},{"taxonomy":"post_tag","embeddable":true,"href":"https:\/\/radiohuancayo.com.pe\/wp54\/wp-json\/wp\/v2\/tags?post=28504"}],"curies":[{"name":"wp","href":"https:\/\/api.w.org\/{rel}","templated":true}]}}