{"id":28507,"date":"2024-09-26T17:10:31","date_gmt":"2024-09-26T22:10:31","guid":{"rendered":"https:\/\/radiohuancayo.com.pe\/wp54\/?p=28507"},"modified":"2024-09-26T17:10:32","modified_gmt":"2024-09-26T22:10:32","slug":"ames-los-derechos-de-television-estan-muy-mal-repartidos","status":"publish","type":"post","link":"https:\/\/radiohuancayo.com.pe\/wp54\/ames-los-derechos-de-television-estan-muy-mal-repartidos\/","title":{"rendered":"Ames: \u00abLos derechos de televisi\u00f3n est\u00e1n muy mal repartidos\u00bb"},"content":{"rendered":"\n<p>Freddy Ames, presidente de Deportivo Coopsol, se\u00f1al\u00f3 que los derechos de televisi\u00f3n en el f\u00fatbol peruano est\u00e1n mal repartidos y eso evita que los clubes de provincia puedan mejorar en divisiones menores.<\/p>\n\n\n\n<p>El directivo se refiri\u00f3 a lo ocurrido este a\u00f1o en la Liga 2: \u00abPreocupados porque la justicia debe estar fuera y dentro de la cancha. Fuera de la cancha hemos tenido problemas graves con las resoluciones emitidas por la Comisi\u00f3n de Licencia que ha favorecido a Municipal, d\u00e1ndole hasta 3 oportunidades para que cumpla con sus obligaciones econ\u00f3micas y no ha hecho lo mismo con Juan Aurich y Uni\u00f3n Huaral. Hay parcializaci\u00f3n manifiesta y ahora lo que cabr\u00eda es revocarle la licencia\u00bb.<\/p>\n\n\n\n<p>La empresa que se comprometi\u00f3 a comprar los derechos no ha cumplido con hacer los pagos que se hab\u00eda comprometido a hacer. Nosotros no suscribimos el contrato, lo hizo la Federaci\u00f3n y esperemos que act\u00fae y haga cumplir el contrato\u00bb, agreg\u00f3.<\/p>\n\n\n\n<p>Con respecto a los derechos de televisi\u00f3n coment\u00f3: \u00abLos derechos de televisi\u00f3n est\u00e1n muy mal repartidos, deber\u00eda ser mucho mas equitativo, entendemos que hay clubes que tienen por tiempo y se\u00f1or\u00eda una diferencia pero no puede ser de 8 a 1, eso es inaceptable. Puedo entender una diferencia de 2 a 1 o 3-1, que ser\u00eda lo ideal. En los clubes de provincia siempre va a haber exjugadores de Alianza, la &#8216;U&#8217; o Cristal y muy pocos jugadores de la propia zona. De los equipos del norte cu\u00e1ntos jugadores son de la propia zona, probablemente ninguno. Si nosotros tenemos m\u00e1s presupuesto definitivamente trabajaremos con nuestras canteras\u00bb.<\/p>\n\n\n\n<p>\u00abTengo entendido que a partir del pr\u00f3ximo a\u00f1o se crea la Liga de F\u00fatbol Profesional, que va a ver tambi\u00e9n los derechos de televisi\u00f3n y ah\u00ed podr\u00eda darse un cambio. Va a ser dif\u00edcil que los clubes que hoy est\u00e1n percibiendo una cantidad astron\u00f3mica puedan ceder pero no es un problema individual, es un problema grupal\u00bb, asegur\u00f3.<\/p>\n\n\n\n<p>Adem\u00e1s indic\u00f3: \u00abNo se puede trabajar en menores porque no hay recursos suficientes y lo poco que ingresa va para los jugadores, que est\u00e1n sobrevalorados. Ahora la competencia ya no es nacional, es internacional. El Per\u00fa est\u00e1 dando vueltas en lo mismo. Definitivamente la televisi\u00f3n no debe ser el \u00fanico ingreso pero debe ser el importante y en este momento las diferencias son abismales\u00bb.<\/p>\n\n\n\n<h3 class=\"wp-block-heading\">\u00bfQu\u00e9 dijo sobre el cupo de extranjeros?<\/h3>\n\n\n\n<p>\u00abLos extranjeros por lo menos est\u00e1n ayudando a mejorar parte de la calidad del espect\u00e1culo y est\u00e1n m\u00e1s baratos que los nacionales y en algunos casos son muy buenos jugadores. Para m\u00ed no deber\u00eda bajar el cupo de extranjeros hasta que los clubes tengan sus propios trabajos de menores\u00bb, finaliz\u00f3.<\/p>\n","protected":false},"excerpt":{"rendered":"<p>Freddy Ames, presidente de Deportivo Coopsol, se\u00f1al\u00f3 que los derechos de televisi\u00f3n en el f\u00fatbol peruano est\u00e1n mal repartidos y eso evita que los clubes de provincia puedan mejorar en divisiones menores. El directivo se refiri\u00f3 a lo ocurrido este a\u00f1o en la Liga 2: \u00abPreocupados porque la justicia debe estar fuera y dentro de la cancha. Fuera de la cancha hemos tenido problemas graves con las resoluciones emitidas por la Comisi\u00f3n de Licencia que ha favorecido a Municipal, d\u00e1ndole hasta 3 oportunidades para que cumpla con sus obligaciones econ\u00f3micas y no ha hecho lo mismo con Juan Aurich y Uni\u00f3n Huaral. Hay parcializaci\u00f3n manifiesta y ahora lo que cabr\u00eda es revocarle la licencia\u00bb. La empresa que se comprometi\u00f3 a comprar los derechos no ha cumplido con hacer los pagos que se hab\u00eda comprometido a hacer. Nosotros no suscribimos el contrato, lo hizo la Federaci\u00f3n y esperemos que act\u00fae y haga cumplir el contrato\u00bb, agreg\u00f3. Con respecto a los derechos de televisi\u00f3n coment\u00f3: \u00abLos derechos de televisi\u00f3n est\u00e1n muy mal repartidos, deber\u00eda ser mucho mas equitativo, entendemos que hay clubes que tienen por tiempo y se\u00f1or\u00eda una diferencia pero no puede ser de 8 a 1, eso es inaceptable. Puedo entender una diferencia de 2 a 1 o 3-1, que ser\u00eda lo ideal. En los clubes de provincia siempre va a haber exjugadores de Alianza, la &#8216;U&#8217; o Cristal y muy pocos jugadores de la propia zona. De los equipos del norte cu\u00e1ntos jugadores son de la propia zona, probablemente ninguno. Si nosotros tenemos m\u00e1s presupuesto definitivamente trabajaremos con nuestras canteras\u00bb. \u00abTengo entendido que a partir del pr\u00f3ximo a\u00f1o se crea la Liga de F\u00fatbol Profesional, que va a ver tambi\u00e9n los derechos de televisi\u00f3n y ah\u00ed podr\u00eda darse un cambio. Va a ser dif\u00edcil que los clubes que hoy est\u00e1n percibiendo una cantidad astron\u00f3mica puedan ceder pero no es un problema individual, es un problema grupal\u00bb, asegur\u00f3. Adem\u00e1s indic\u00f3: \u00abNo se puede trabajar en menores porque no hay recursos suficientes y lo poco que ingresa va para los jugadores, que est\u00e1n sobrevalorados. Ahora la competencia ya no es nacional, es internacional. El Per\u00fa est\u00e1 dando vueltas en lo mismo. Definitivamente la televisi\u00f3n no debe ser el \u00fanico ingreso pero debe ser el importante y en este momento las diferencias son abismales\u00bb. \u00bfQu\u00e9 dijo sobre el cupo de extranjeros? \u00abLos extranjeros por lo menos est\u00e1n ayudando a mejorar parte de la calidad del espect\u00e1culo y est\u00e1n m\u00e1s baratos que los nacionales y en algunos casos son muy buenos jugadores. Para m\u00ed no deber\u00eda bajar el cupo de extranjeros hasta que los clubes tengan sus propios trabajos de menores\u00bb, finaliz\u00f3.<\/p>\n","protected":false},"author":2,"featured_media":28508,"comment_status":"open","ping_status":"open","sticky":false,"template":"","format":"standard","meta":{"footnotes":""},"categories":[7],"tags":[],"class_list":["post-28507","post","type-post","status-publish","format-standard","has-post-thumbnail","hentry","category-deportes"],"yoast_head":"<!-- This site is optimized with the Yoast SEO plugin v27.5 - https:\/\/yoast.com\/product\/yoast-seo-wordpress\/ -->\n<title>Ames: &quot;Los derechos de televisi\u00f3n est\u00e1n muy mal repartidos&quot; - Radio Huancayo<\/title>\n<meta name=\"robots\" content=\"index, follow, max-snippet:-1, max-image-preview:large, max-video-preview:-1\" \/>\n<link rel=\"canonical\" href=\"https:\/\/radiohuancayo.com.pe\/wp54\/ames-los-derechos-de-television-estan-muy-mal-repartidos\/\" \/>\n<meta property=\"og:locale\" content=\"es_ES\" \/>\n<meta property=\"og:type\" content=\"article\" \/>\n<meta property=\"og:title\" content=\"Ames: &quot;Los derechos de televisi\u00f3n est\u00e1n muy mal repartidos&quot; - Radio Huancayo\" \/>\n<meta property=\"og:description\" content=\"Freddy Ames, presidente de Deportivo Coopsol, se\u00f1al\u00f3 que los derechos de televisi\u00f3n en el f\u00fatbol peruano est\u00e1n mal repartidos y eso evita que los clubes de provincia puedan mejorar en divisiones menores. El directivo se refiri\u00f3 a lo ocurrido este a\u00f1o en la Liga 2: \u00abPreocupados porque la justicia debe estar fuera y dentro de la cancha. Fuera de la cancha hemos tenido problemas graves con las resoluciones emitidas por la Comisi\u00f3n de Licencia que ha favorecido a Municipal, d\u00e1ndole hasta 3 oportunidades para que cumpla con sus obligaciones econ\u00f3micas y no ha hecho lo mismo con Juan Aurich y Uni\u00f3n Huaral. Hay parcializaci\u00f3n manifiesta y ahora lo que cabr\u00eda es revocarle la licencia\u00bb. La empresa que se comprometi\u00f3 a comprar los derechos no ha cumplido con hacer los pagos que se hab\u00eda comprometido a hacer. Nosotros no suscribimos el contrato, lo hizo la Federaci\u00f3n y esperemos que act\u00fae y haga cumplir el contrato\u00bb, agreg\u00f3. Con respecto a los derechos de televisi\u00f3n coment\u00f3: \u00abLos derechos de televisi\u00f3n est\u00e1n muy mal repartidos, deber\u00eda ser mucho mas equitativo, entendemos que hay clubes que tienen por tiempo y se\u00f1or\u00eda una diferencia pero no puede ser de 8 a 1, eso es inaceptable. Puedo entender una diferencia de 2 a 1 o 3-1, que ser\u00eda lo ideal. En los clubes de provincia siempre va a haber exjugadores de Alianza, la &#8216;U&#8217; o Cristal y muy pocos jugadores de la propia zona. De los equipos del norte cu\u00e1ntos jugadores son de la propia zona, probablemente ninguno. Si nosotros tenemos m\u00e1s presupuesto definitivamente trabajaremos con nuestras canteras\u00bb. \u00abTengo entendido que a partir del pr\u00f3ximo a\u00f1o se crea la Liga de F\u00fatbol Profesional, que va a ver tambi\u00e9n los derechos de televisi\u00f3n y ah\u00ed podr\u00eda darse un cambio. Va a ser dif\u00edcil que los clubes que hoy est\u00e1n percibiendo una cantidad astron\u00f3mica puedan ceder pero no es un problema individual, es un problema grupal\u00bb, asegur\u00f3. Adem\u00e1s indic\u00f3: \u00abNo se puede trabajar en menores porque no hay recursos suficientes y lo poco que ingresa va para los jugadores, que est\u00e1n sobrevalorados. Ahora la competencia ya no es nacional, es internacional. El Per\u00fa est\u00e1 dando vueltas en lo mismo. Definitivamente la televisi\u00f3n no debe ser el \u00fanico ingreso pero debe ser el importante y en este momento las diferencias son abismales\u00bb. \u00bfQu\u00e9 dijo sobre el cupo de extranjeros? \u00abLos extranjeros por lo menos est\u00e1n ayudando a mejorar parte de la calidad del espect\u00e1culo y est\u00e1n m\u00e1s baratos que los nacionales y en algunos casos son muy buenos jugadores. Para m\u00ed no deber\u00eda bajar el cupo de extranjeros hasta que los clubes tengan sus propios trabajos de menores\u00bb, finaliz\u00f3.\" \/>\n<meta property=\"og:url\" content=\"https:\/\/radiohuancayo.com.pe\/wp54\/ames-los-derechos-de-television-estan-muy-mal-repartidos\/\" \/>\n<meta property=\"og:site_name\" content=\"Radio Huancayo\" \/>\n<meta property=\"article:published_time\" content=\"2024-09-26T22:10:31+00:00\" \/>\n<meta property=\"article:modified_time\" content=\"2024-09-26T22:10:32+00:00\" \/>\n<meta property=\"og:image\" content=\"https:\/\/radiohuancayo.com.pe\/wp54\/wp-content\/uploads\/2024\/09\/ames.jpg\" \/>\n\t<meta property=\"og:image:width\" content=\"1200\" \/>\n\t<meta property=\"og:image:height\" content=\"630\" \/>\n\t<meta property=\"og:image:type\" content=\"image\/jpeg\" \/>\n<meta name=\"author\" content=\"Michel Sanchez\" \/>\n<meta name=\"twitter:card\" content=\"summary_large_image\" \/>\n<meta name=\"twitter:label1\" content=\"Escrito por\" \/>\n\t<meta name=\"twitter:data1\" content=\"Michel Sanchez\" \/>\n\t<meta name=\"twitter:label2\" content=\"Tiempo de lectura\" \/>\n\t<meta name=\"twitter:data2\" content=\"3 minutos\" \/>\n<script type=\"application\/ld+json\" class=\"yoast-schema-graph\">{\"@context\":\"https:\\\/\\\/schema.org\",\"@graph\":[{\"@type\":\"Article\",\"@id\":\"https:\\\/\\\/radiohuancayo.com.pe\\\/wp54\\\/ames-los-derechos-de-television-estan-muy-mal-repartidos\\\/#article\",\"isPartOf\":{\"@id\":\"https:\\\/\\\/radiohuancayo.com.pe\\\/wp54\\\/ames-los-derechos-de-television-estan-muy-mal-repartidos\\\/\"},\"author\":{\"name\":\"Michel Sanchez\",\"@id\":\"https:\\\/\\\/radiohuancayo.com.pe\\\/wp54\\\/#\\\/schema\\\/person\\\/74fb124dee9900c6f4d0535fa1d2b5ae\"},\"headline\":\"Ames: \u00abLos derechos de televisi\u00f3n est\u00e1n muy mal repartidos\u00bb\",\"datePublished\":\"2024-09-26T22:10:31+00:00\",\"dateModified\":\"2024-09-26T22:10:32+00:00\",\"mainEntityOfPage\":{\"@id\":\"https:\\\/\\\/radiohuancayo.com.pe\\\/wp54\\\/ames-los-derechos-de-television-estan-muy-mal-repartidos\\\/\"},\"wordCount\":484,\"commentCount\":0,\"publisher\":{\"@id\":\"https:\\\/\\\/radiohuancayo.com.pe\\\/wp54\\\/#organization\"},\"image\":{\"@id\":\"https:\\\/\\\/radiohuancayo.com.pe\\\/wp54\\\/ames-los-derechos-de-television-estan-muy-mal-repartidos\\\/#primaryimage\"},\"thumbnailUrl\":\"https:\\\/\\\/radiohuancayo.com.pe\\\/wp54\\\/wp-content\\\/uploads\\\/2024\\\/09\\\/ames.jpg\",\"articleSection\":[\"Deportes\"],\"inLanguage\":\"es\",\"potentialAction\":[{\"@type\":\"CommentAction\",\"name\":\"Comment\",\"target\":[\"https:\\\/\\\/radiohuancayo.com.pe\\\/wp54\\\/ames-los-derechos-de-television-estan-muy-mal-repartidos\\\/#respond\"]}]},{\"@type\":\"WebPage\",\"@id\":\"https:\\\/\\\/radiohuancayo.com.pe\\\/wp54\\\/ames-los-derechos-de-television-estan-muy-mal-repartidos\\\/\",\"url\":\"https:\\\/\\\/radiohuancayo.com.pe\\\/wp54\\\/ames-los-derechos-de-television-estan-muy-mal-repartidos\\\/\",\"name\":\"Ames: \\\"Los derechos de televisi\u00f3n est\u00e1n muy mal repartidos\\\" - Radio Huancayo\",\"isPartOf\":{\"@id\":\"https:\\\/\\\/radiohuancayo.com.pe\\\/wp54\\\/#website\"},\"primaryImageOfPage\":{\"@id\":\"https:\\\/\\\/radiohuancayo.com.pe\\\/wp54\\\/ames-los-derechos-de-television-estan-muy-mal-repartidos\\\/#primaryimage\"},\"image\":{\"@id\":\"https:\\\/\\\/radiohuancayo.com.pe\\\/wp54\\\/ames-los-derechos-de-television-estan-muy-mal-repartidos\\\/#primaryimage\"},\"thumbnailUrl\":\"https:\\\/\\\/radiohuancayo.com.pe\\\/wp54\\\/wp-content\\\/uploads\\\/2024\\\/09\\\/ames.jpg\",\"datePublished\":\"2024-09-26T22:10:31+00:00\",\"dateModified\":\"2024-09-26T22:10:32+00:00\",\"breadcrumb\":{\"@id\":\"https:\\\/\\\/radiohuancayo.com.pe\\\/wp54\\\/ames-los-derechos-de-television-estan-muy-mal-repartidos\\\/#breadcrumb\"},\"inLanguage\":\"es\",\"potentialAction\":[{\"@type\":\"ReadAction\",\"target\":[\"https:\\\/\\\/radiohuancayo.com.pe\\\/wp54\\\/ames-los-derechos-de-television-estan-muy-mal-repartidos\\\/\"]}]},{\"@type\":\"ImageObject\",\"inLanguage\":\"es\",\"@id\":\"https:\\\/\\\/radiohuancayo.com.pe\\\/wp54\\\/ames-los-derechos-de-television-estan-muy-mal-repartidos\\\/#primaryimage\",\"url\":\"https:\\\/\\\/radiohuancayo.com.pe\\\/wp54\\\/wp-content\\\/uploads\\\/2024\\\/09\\\/ames.jpg\",\"contentUrl\":\"https:\\\/\\\/radiohuancayo.com.pe\\\/wp54\\\/wp-content\\\/uploads\\\/2024\\\/09\\\/ames.jpg\",\"width\":1200,\"height\":630},{\"@type\":\"BreadcrumbList\",\"@id\":\"https:\\\/\\\/radiohuancayo.com.pe\\\/wp54\\\/ames-los-derechos-de-television-estan-muy-mal-repartidos\\\/#breadcrumb\",\"itemListElement\":[{\"@type\":\"ListItem\",\"position\":1,\"name\":\"Portada\",\"item\":\"https:\\\/\\\/radiohuancayo.com.pe\\\/wp54\\\/\"},{\"@type\":\"ListItem\",\"position\":2,\"name\":\"Ames: &#8220;Los derechos de televisi\u00f3n est\u00e1n muy mal repartidos&#8221;\"}]},{\"@type\":\"WebSite\",\"@id\":\"https:\\\/\\\/radiohuancayo.com.pe\\\/wp54\\\/#website\",\"url\":\"https:\\\/\\\/radiohuancayo.com.pe\\\/wp54\\\/\",\"name\":\"Radio Huancayo\",\"description\":\"me gusta!!!\",\"publisher\":{\"@id\":\"https:\\\/\\\/radiohuancayo.com.pe\\\/wp54\\\/#organization\"},\"potentialAction\":[{\"@type\":\"SearchAction\",\"target\":{\"@type\":\"EntryPoint\",\"urlTemplate\":\"https:\\\/\\\/radiohuancayo.com.pe\\\/wp54\\\/?s={search_term_string}\"},\"query-input\":{\"@type\":\"PropertyValueSpecification\",\"valueRequired\":true,\"valueName\":\"search_term_string\"}}],\"inLanguage\":\"es\"},{\"@type\":\"Organization\",\"@id\":\"https:\\\/\\\/radiohuancayo.com.pe\\\/wp54\\\/#organization\",\"name\":\"Radio Huancayo\",\"url\":\"https:\\\/\\\/radiohuancayo.com.pe\\\/wp54\\\/\",\"logo\":{\"@type\":\"ImageObject\",\"inLanguage\":\"es\",\"@id\":\"https:\\\/\\\/radiohuancayo.com.pe\\\/wp54\\\/#\\\/schema\\\/logo\\\/image\\\/\",\"url\":\"https:\\\/\\\/radiohuancayo.com.pe\\\/wp54\\\/wp-content\\\/uploads\\\/2022\\\/04\\\/CABE01.png\",\"contentUrl\":\"https:\\\/\\\/radiohuancayo.com.pe\\\/wp54\\\/wp-content\\\/uploads\\\/2022\\\/04\\\/CABE01.png\",\"width\":1640,\"height\":300,\"caption\":\"Radio Huancayo\"},\"image\":{\"@id\":\"https:\\\/\\\/radiohuancayo.com.pe\\\/wp54\\\/#\\\/schema\\\/logo\\\/image\\\/\"}},{\"@type\":\"Person\",\"@id\":\"https:\\\/\\\/radiohuancayo.com.pe\\\/wp54\\\/#\\\/schema\\\/person\\\/74fb124dee9900c6f4d0535fa1d2b5ae\",\"name\":\"Michel Sanchez\",\"image\":{\"@type\":\"ImageObject\",\"inLanguage\":\"es\",\"@id\":\"https:\\\/\\\/secure.gravatar.com\\\/avatar\\\/f7f6944c01b3f15a174d0cf055aea75c46697913fc8a9cf5c3cf3e8800c645f6?s=96&d=mm&r=g\",\"url\":\"https:\\\/\\\/secure.gravatar.com\\\/avatar\\\/f7f6944c01b3f15a174d0cf055aea75c46697913fc8a9cf5c3cf3e8800c645f6?s=96&d=mm&r=g\",\"contentUrl\":\"https:\\\/\\\/secure.gravatar.com\\\/avatar\\\/f7f6944c01b3f15a174d0cf055aea75c46697913fc8a9cf5c3cf3e8800c645f6?s=96&d=mm&r=g\",\"caption\":\"Michel Sanchez\"},\"url\":\"https:\\\/\\\/radiohuancayo.com.pe\\\/wp54\\\/author\\\/memoris\\\/\"}]}<\/script>\n<!-- \/ Yoast SEO plugin. -->","yoast_head_json":{"title":"Ames: \"Los derechos de televisi\u00f3n est\u00e1n muy mal repartidos\" - Radio Huancayo","robots":{"index":"index","follow":"follow","max-snippet":"max-snippet:-1","max-image-preview":"max-image-preview:large","max-video-preview":"max-video-preview:-1"},"canonical":"https:\/\/radiohuancayo.com.pe\/wp54\/ames-los-derechos-de-television-estan-muy-mal-repartidos\/","og_locale":"es_ES","og_type":"article","og_title":"Ames: \"Los derechos de televisi\u00f3n est\u00e1n muy mal repartidos\" - Radio Huancayo","og_description":"Freddy Ames, presidente de Deportivo Coopsol, se\u00f1al\u00f3 que los derechos de televisi\u00f3n en el f\u00fatbol peruano est\u00e1n mal repartidos y eso evita que los clubes de provincia puedan mejorar en divisiones menores. El directivo se refiri\u00f3 a lo ocurrido este a\u00f1o en la Liga 2: \u00abPreocupados porque la justicia debe estar fuera y dentro de la cancha. Fuera de la cancha hemos tenido problemas graves con las resoluciones emitidas por la Comisi\u00f3n de Licencia que ha favorecido a Municipal, d\u00e1ndole hasta 3 oportunidades para que cumpla con sus obligaciones econ\u00f3micas y no ha hecho lo mismo con Juan Aurich y Uni\u00f3n Huaral. Hay parcializaci\u00f3n manifiesta y ahora lo que cabr\u00eda es revocarle la licencia\u00bb. La empresa que se comprometi\u00f3 a comprar los derechos no ha cumplido con hacer los pagos que se hab\u00eda comprometido a hacer. Nosotros no suscribimos el contrato, lo hizo la Federaci\u00f3n y esperemos que act\u00fae y haga cumplir el contrato\u00bb, agreg\u00f3. Con respecto a los derechos de televisi\u00f3n coment\u00f3: \u00abLos derechos de televisi\u00f3n est\u00e1n muy mal repartidos, deber\u00eda ser mucho mas equitativo, entendemos que hay clubes que tienen por tiempo y se\u00f1or\u00eda una diferencia pero no puede ser de 8 a 1, eso es inaceptable. Puedo entender una diferencia de 2 a 1 o 3-1, que ser\u00eda lo ideal. En los clubes de provincia siempre va a haber exjugadores de Alianza, la &#8216;U&#8217; o Cristal y muy pocos jugadores de la propia zona. De los equipos del norte cu\u00e1ntos jugadores son de la propia zona, probablemente ninguno. Si nosotros tenemos m\u00e1s presupuesto definitivamente trabajaremos con nuestras canteras\u00bb. \u00abTengo entendido que a partir del pr\u00f3ximo a\u00f1o se crea la Liga de F\u00fatbol Profesional, que va a ver tambi\u00e9n los derechos de televisi\u00f3n y ah\u00ed podr\u00eda darse un cambio. Va a ser dif\u00edcil que los clubes que hoy est\u00e1n percibiendo una cantidad astron\u00f3mica puedan ceder pero no es un problema individual, es un problema grupal\u00bb, asegur\u00f3. Adem\u00e1s indic\u00f3: \u00abNo se puede trabajar en menores porque no hay recursos suficientes y lo poco que ingresa va para los jugadores, que est\u00e1n sobrevalorados. Ahora la competencia ya no es nacional, es internacional. El Per\u00fa est\u00e1 dando vueltas en lo mismo. Definitivamente la televisi\u00f3n no debe ser el \u00fanico ingreso pero debe ser el importante y en este momento las diferencias son abismales\u00bb. \u00bfQu\u00e9 dijo sobre el cupo de extranjeros? \u00abLos extranjeros por lo menos est\u00e1n ayudando a mejorar parte de la calidad del espect\u00e1culo y est\u00e1n m\u00e1s baratos que los nacionales y en algunos casos son muy buenos jugadores. Para m\u00ed no deber\u00eda bajar el cupo de extranjeros hasta que los clubes tengan sus propios trabajos de menores\u00bb, finaliz\u00f3.","og_url":"https:\/\/radiohuancayo.com.pe\/wp54\/ames-los-derechos-de-television-estan-muy-mal-repartidos\/","og_site_name":"Radio Huancayo","article_published_time":"2024-09-26T22:10:31+00:00","article_modified_time":"2024-09-26T22:10:32+00:00","og_image":[{"width":1200,"height":630,"url":"https:\/\/radiohuancayo.com.pe\/wp54\/wp-content\/uploads\/2024\/09\/ames.jpg","type":"image\/jpeg"}],"author":"Michel Sanchez","twitter_card":"summary_large_image","twitter_misc":{"Escrito por":"Michel Sanchez","Tiempo de lectura":"3 minutos"},"schema":{"@context":"https:\/\/schema.org","@graph":[{"@type":"Article","@id":"https:\/\/radiohuancayo.com.pe\/wp54\/ames-los-derechos-de-television-estan-muy-mal-repartidos\/#article","isPartOf":{"@id":"https:\/\/radiohuancayo.com.pe\/wp54\/ames-los-derechos-de-television-estan-muy-mal-repartidos\/"},"author":{"name":"Michel Sanchez","@id":"https:\/\/radiohuancayo.com.pe\/wp54\/#\/schema\/person\/74fb124dee9900c6f4d0535fa1d2b5ae"},"headline":"Ames: \u00abLos derechos de televisi\u00f3n est\u00e1n muy mal repartidos\u00bb","datePublished":"2024-09-26T22:10:31+00:00","dateModified":"2024-09-26T22:10:32+00:00","mainEntityOfPage":{"@id":"https:\/\/radiohuancayo.com.pe\/wp54\/ames-los-derechos-de-television-estan-muy-mal-repartidos\/"},"wordCount":484,"commentCount":0,"publisher":{"@id":"https:\/\/radiohuancayo.com.pe\/wp54\/#organization"},"image":{"@id":"https:\/\/radiohuancayo.com.pe\/wp54\/ames-los-derechos-de-television-estan-muy-mal-repartidos\/#primaryimage"},"thumbnailUrl":"https:\/\/radiohuancayo.com.pe\/wp54\/wp-content\/uploads\/2024\/09\/ames.jpg","articleSection":["Deportes"],"inLanguage":"es","potentialAction":[{"@type":"CommentAction","name":"Comment","target":["https:\/\/radiohuancayo.com.pe\/wp54\/ames-los-derechos-de-television-estan-muy-mal-repartidos\/#respond"]}]},{"@type":"WebPage","@id":"https:\/\/radiohuancayo.com.pe\/wp54\/ames-los-derechos-de-television-estan-muy-mal-repartidos\/","url":"https:\/\/radiohuancayo.com.pe\/wp54\/ames-los-derechos-de-television-estan-muy-mal-repartidos\/","name":"Ames: \"Los derechos de televisi\u00f3n est\u00e1n muy mal repartidos\" - Radio Huancayo","isPartOf":{"@id":"https:\/\/radiohuancayo.com.pe\/wp54\/#website"},"primaryImageOfPage":{"@id":"https:\/\/radiohuancayo.com.pe\/wp54\/ames-los-derechos-de-television-estan-muy-mal-repartidos\/#primaryimage"},"image":{"@id":"https:\/\/radiohuancayo.com.pe\/wp54\/ames-los-derechos-de-television-estan-muy-mal-repartidos\/#primaryimage"},"thumbnailUrl":"https:\/\/radiohuancayo.com.pe\/wp54\/wp-content\/uploads\/2024\/09\/ames.jpg","datePublished":"2024-09-26T22:10:31+00:00","dateModified":"2024-09-26T22:10:32+00:00","breadcrumb":{"@id":"https:\/\/radiohuancayo.com.pe\/wp54\/ames-los-derechos-de-television-estan-muy-mal-repartidos\/#breadcrumb"},"inLanguage":"es","potentialAction":[{"@type":"ReadAction","target":["https:\/\/radiohuancayo.com.pe\/wp54\/ames-los-derechos-de-television-estan-muy-mal-repartidos\/"]}]},{"@type":"ImageObject","inLanguage":"es","@id":"https:\/\/radiohuancayo.com.pe\/wp54\/ames-los-derechos-de-television-estan-muy-mal-repartidos\/#primaryimage","url":"https:\/\/radiohuancayo.com.pe\/wp54\/wp-content\/uploads\/2024\/09\/ames.jpg","contentUrl":"https:\/\/radiohuancayo.com.pe\/wp54\/wp-content\/uploads\/2024\/09\/ames.jpg","width":1200,"height":630},{"@type":"BreadcrumbList","@id":"https:\/\/radiohuancayo.com.pe\/wp54\/ames-los-derechos-de-television-estan-muy-mal-repartidos\/#breadcrumb","itemListElement":[{"@type":"ListItem","position":1,"name":"Portada","item":"https:\/\/radiohuancayo.com.pe\/wp54\/"},{"@type":"ListItem","position":2,"name":"Ames: &#8220;Los derechos de televisi\u00f3n est\u00e1n muy mal repartidos&#8221;"}]},{"@type":"WebSite","@id":"https:\/\/radiohuancayo.com.pe\/wp54\/#website","url":"https:\/\/radiohuancayo.com.pe\/wp54\/","name":"Radio Huancayo","description":"me gusta!!!","publisher":{"@id":"https:\/\/radiohuancayo.com.pe\/wp54\/#organization"},"potentialAction":[{"@type":"SearchAction","target":{"@type":"EntryPoint","urlTemplate":"https:\/\/radiohuancayo.com.pe\/wp54\/?s={search_term_string}"},"query-input":{"@type":"PropertyValueSpecification","valueRequired":true,"valueName":"search_term_string"}}],"inLanguage":"es"},{"@type":"Organization","@id":"https:\/\/radiohuancayo.com.pe\/wp54\/#organization","name":"Radio Huancayo","url":"https:\/\/radiohuancayo.com.pe\/wp54\/","logo":{"@type":"ImageObject","inLanguage":"es","@id":"https:\/\/radiohuancayo.com.pe\/wp54\/#\/schema\/logo\/image\/","url":"https:\/\/radiohuancayo.com.pe\/wp54\/wp-content\/uploads\/2022\/04\/CABE01.png","contentUrl":"https:\/\/radiohuancayo.com.pe\/wp54\/wp-content\/uploads\/2022\/04\/CABE01.png","width":1640,"height":300,"caption":"Radio Huancayo"},"image":{"@id":"https:\/\/radiohuancayo.com.pe\/wp54\/#\/schema\/logo\/image\/"}},{"@type":"Person","@id":"https:\/\/radiohuancayo.com.pe\/wp54\/#\/schema\/person\/74fb124dee9900c6f4d0535fa1d2b5ae","name":"Michel Sanchez","image":{"@type":"ImageObject","inLanguage":"es","@id":"https:\/\/secure.gravatar.com\/avatar\/f7f6944c01b3f15a174d0cf055aea75c46697913fc8a9cf5c3cf3e8800c645f6?s=96&d=mm&r=g","url":"https:\/\/secure.gravatar.com\/avatar\/f7f6944c01b3f15a174d0cf055aea75c46697913fc8a9cf5c3cf3e8800c645f6?s=96&d=mm&r=g","contentUrl":"https:\/\/secure.gravatar.com\/avatar\/f7f6944c01b3f15a174d0cf055aea75c46697913fc8a9cf5c3cf3e8800c645f6?s=96&d=mm&r=g","caption":"Michel Sanchez"},"url":"https:\/\/radiohuancayo.com.pe\/wp54\/author\/memoris\/"}]}},"_links":{"self":[{"href":"https:\/\/radiohuancayo.com.pe\/wp54\/wp-json\/wp\/v2\/posts\/28507","targetHints":{"allow":["GET"]}}],"collection":[{"href":"https:\/\/radiohuancayo.com.pe\/wp54\/wp-json\/wp\/v2\/posts"}],"about":[{"href":"https:\/\/radiohuancayo.com.pe\/wp54\/wp-json\/wp\/v2\/types\/post"}],"author":[{"embeddable":true,"href":"https:\/\/radiohuancayo.com.pe\/wp54\/wp-json\/wp\/v2\/users\/2"}],"replies":[{"embeddable":true,"href":"https:\/\/radiohuancayo.com.pe\/wp54\/wp-json\/wp\/v2\/comments?post=28507"}],"version-history":[{"count":1,"href":"https:\/\/radiohuancayo.com.pe\/wp54\/wp-json\/wp\/v2\/posts\/28507\/revisions"}],"predecessor-version":[{"id":28509,"href":"https:\/\/radiohuancayo.com.pe\/wp54\/wp-json\/wp\/v2\/posts\/28507\/revisions\/28509"}],"wp:featuredmedia":[{"embeddable":true,"href":"https:\/\/radiohuancayo.com.pe\/wp54\/wp-json\/wp\/v2\/media\/28508"}],"wp:attachment":[{"href":"https:\/\/radiohuancayo.com.pe\/wp54\/wp-json\/wp\/v2\/media?parent=28507"}],"wp:term":[{"taxonomy":"category","embeddable":true,"href":"https:\/\/radiohuancayo.com.pe\/wp54\/wp-json\/wp\/v2\/categories?post=28507"},{"taxonomy":"post_tag","embeddable":true,"href":"https:\/\/radiohuancayo.com.pe\/wp54\/wp-json\/wp\/v2\/tags?post=28507"}],"curies":[{"name":"wp","href":"https:\/\/api.w.org\/{rel}","templated":true}]}}