{"id":28510,"date":"2024-09-26T17:12:00","date_gmt":"2024-09-26T22:12:00","guid":{"rendered":"https:\/\/radiohuancayo.com.pe\/wp54\/?p=28510"},"modified":"2024-09-26T17:12:01","modified_gmt":"2024-09-26T22:12:01","slug":"arranco-la-venta-de-entradas-para-el-peru-vs-uruguay","status":"publish","type":"post","link":"https:\/\/radiohuancayo.com.pe\/wp54\/arranco-la-venta-de-entradas-para-el-peru-vs-uruguay\/","title":{"rendered":"Arranc\u00f3 la venta de entradas para el Per\u00fa vs. Uruguay"},"content":{"rendered":"\n<p>A 15 d\u00edas para la crucial contienda entre Per\u00fa y Uruguay, la Federaci\u00f3n Peruana de F\u00fatbol inform\u00f3 que los boletos ya est\u00e1n disponibles de cara a lo que ser\u00e1 la novena fecha de las Clasificatorias Sudamericanas.&nbsp;<\/p>\n\n\n\n<p>Como se recuerda, el choque entre la &#8216;Bicolor&#8217; y la &#8216;Celeste&#8217; se llevar\u00e1 a cabo el pr\u00f3ximo viernes 11 de octubre desde las 8:30 p.m. en el Estadio Nacional. \u00abLas entradas ya se encuentran disponibles desde este jueves 26 de setiembre (a partir del mediod\u00eda) en la Preventa Yape y la Venta General se abrir\u00e1 el 30 de setiembre\u00bb, inform\u00f3 la FPF.<\/p>\n\n\n\n<h3 class=\"wp-block-heading\">CALENDARIO VENTA PER\u00da VS URUGUAY<\/h3>\n\n\n\n<p>Preventa Yape: Del 26\/09 al 29\/09 a trav\u00e9s del aplicativo<br>Venta General: Del 30\/09 al 11\/10 en labicolor.joinnus.com<\/p>\n\n\n\n<h3 class=\"wp-block-heading\">PRECIOS DE LAS ENTRADAS<\/h3>\n\n\n\n<p>SECTOR&nbsp;&nbsp; &nbsp;PRECIO<br>Pullmann&nbsp;&nbsp; &nbsp;S\/ 850<br>Occidente Lateral&nbsp;&nbsp; &nbsp;S\/ 500<br>Occidente Central&nbsp;&nbsp; &nbsp;S\/ 620<br>Oriente Lateral&nbsp;&nbsp; &nbsp;S\/ 300<br>Oriente Central&nbsp;&nbsp; &nbsp;S\/ 400<br>Sur&nbsp;&nbsp; &nbsp;S\/ 100<br>Norte&nbsp;&nbsp; &nbsp;S\/ 100<\/p>\n\n\n\n<h3 class=\"wp-block-heading\">\u00bfQU\u00c9 TRIBUNA UTILIZAR\u00c1N LOS URUGUAYOS?<\/h3>\n\n\n\n<p>Con el fin de mayor orden y seguridad del espect\u00e1culo deportivo, se habilit\u00f3 la tribuna en el sector Occidente Lateral Alta para los aficionados de Uruguay.<\/p>\n","protected":false},"excerpt":{"rendered":"<p>A 15 d\u00edas para la crucial contienda entre Per\u00fa y Uruguay, la Federaci\u00f3n Peruana de F\u00fatbol inform\u00f3 que los boletos ya est\u00e1n disponibles de cara a lo que ser\u00e1 la novena fecha de las Clasificatorias Sudamericanas.&nbsp; Como se recuerda, el choque entre la &#8216;Bicolor&#8217; y la &#8216;Celeste&#8217; se llevar\u00e1 a cabo el pr\u00f3ximo viernes 11 de octubre desde las 8:30 p.m. en el Estadio Nacional. \u00abLas entradas ya se encuentran disponibles desde este jueves 26 de setiembre (a partir del mediod\u00eda) en la Preventa Yape y la Venta General se abrir\u00e1 el 30 de setiembre\u00bb, inform\u00f3 la FPF. CALENDARIO VENTA PER\u00da VS URUGUAY Preventa Yape: Del 26\/09 al 29\/09 a trav\u00e9s del aplicativoVenta General: Del 30\/09 al 11\/10 en labicolor.joinnus.com PRECIOS DE LAS ENTRADAS SECTOR&nbsp;&nbsp; &nbsp;PRECIOPullmann&nbsp;&nbsp; &nbsp;S\/ 850Occidente Lateral&nbsp;&nbsp; &nbsp;S\/ 500Occidente Central&nbsp;&nbsp; &nbsp;S\/ 620Oriente Lateral&nbsp;&nbsp; &nbsp;S\/ 300Oriente Central&nbsp;&nbsp; &nbsp;S\/ 400Sur&nbsp;&nbsp; &nbsp;S\/ 100Norte&nbsp;&nbsp; &nbsp;S\/ 100 \u00bfQU\u00c9 TRIBUNA UTILIZAR\u00c1N LOS URUGUAYOS? Con el fin de mayor orden y seguridad del espect\u00e1culo deportivo, se habilit\u00f3 la tribuna en el sector Occidente Lateral Alta para los aficionados de Uruguay.<\/p>\n","protected":false},"author":2,"featured_media":28511,"comment_status":"open","ping_status":"open","sticky":false,"template":"","format":"standard","meta":{"footnotes":""},"categories":[7],"tags":[],"class_list":["post-28510","post","type-post","status-publish","format-standard","has-post-thumbnail","hentry","category-deportes"],"yoast_head":"<!-- This site is optimized with the Yoast SEO plugin v27.5 - https:\/\/yoast.com\/product\/yoast-seo-wordpress\/ -->\n<title>Arranc\u00f3 la venta de entradas para el Per\u00fa vs. Uruguay - Radio Huancayo<\/title>\n<meta name=\"robots\" content=\"index, follow, max-snippet:-1, max-image-preview:large, max-video-preview:-1\" \/>\n<link rel=\"canonical\" href=\"https:\/\/radiohuancayo.com.pe\/wp54\/arranco-la-venta-de-entradas-para-el-peru-vs-uruguay\/\" \/>\n<meta property=\"og:locale\" content=\"es_ES\" \/>\n<meta property=\"og:type\" content=\"article\" \/>\n<meta property=\"og:title\" content=\"Arranc\u00f3 la venta de entradas para el Per\u00fa vs. Uruguay - Radio Huancayo\" \/>\n<meta property=\"og:description\" content=\"A 15 d\u00edas para la crucial contienda entre Per\u00fa y Uruguay, la Federaci\u00f3n Peruana de F\u00fatbol inform\u00f3 que los boletos ya est\u00e1n disponibles de cara a lo que ser\u00e1 la novena fecha de las Clasificatorias Sudamericanas.&nbsp; Como se recuerda, el choque entre la &#8216;Bicolor&#8217; y la &#8216;Celeste&#8217; se llevar\u00e1 a cabo el pr\u00f3ximo viernes 11 de octubre desde las 8:30 p.m. en el Estadio Nacional. \u00abLas entradas ya se encuentran disponibles desde este jueves 26 de setiembre (a partir del mediod\u00eda) en la Preventa Yape y la Venta General se abrir\u00e1 el 30 de setiembre\u00bb, inform\u00f3 la FPF. CALENDARIO VENTA PER\u00da VS URUGUAY Preventa Yape: Del 26\/09 al 29\/09 a trav\u00e9s del aplicativoVenta General: Del 30\/09 al 11\/10 en labicolor.joinnus.com PRECIOS DE LAS ENTRADAS SECTOR&nbsp;&nbsp; &nbsp;PRECIOPullmann&nbsp;&nbsp; &nbsp;S\/ 850Occidente Lateral&nbsp;&nbsp; &nbsp;S\/ 500Occidente Central&nbsp;&nbsp; &nbsp;S\/ 620Oriente Lateral&nbsp;&nbsp; &nbsp;S\/ 300Oriente Central&nbsp;&nbsp; &nbsp;S\/ 400Sur&nbsp;&nbsp; &nbsp;S\/ 100Norte&nbsp;&nbsp; &nbsp;S\/ 100 \u00bfQU\u00c9 TRIBUNA UTILIZAR\u00c1N LOS URUGUAYOS? Con el fin de mayor orden y seguridad del espect\u00e1culo deportivo, se habilit\u00f3 la tribuna en el sector Occidente Lateral Alta para los aficionados de Uruguay.\" \/>\n<meta property=\"og:url\" content=\"https:\/\/radiohuancayo.com.pe\/wp54\/arranco-la-venta-de-entradas-para-el-peru-vs-uruguay\/\" \/>\n<meta property=\"og:site_name\" content=\"Radio Huancayo\" \/>\n<meta property=\"article:published_time\" content=\"2024-09-26T22:12:00+00:00\" \/>\n<meta property=\"article:modified_time\" content=\"2024-09-26T22:12:01+00:00\" \/>\n<meta property=\"og:image\" content=\"https:\/\/radiohuancayo.com.pe\/wp54\/wp-content\/uploads\/2024\/09\/hinchada26-1.jpg\" \/>\n\t<meta property=\"og:image:width\" content=\"1200\" \/>\n\t<meta property=\"og:image:height\" content=\"630\" \/>\n\t<meta property=\"og:image:type\" content=\"image\/jpeg\" \/>\n<meta name=\"author\" content=\"Michel Sanchez\" \/>\n<meta name=\"twitter:card\" content=\"summary_large_image\" \/>\n<meta name=\"twitter:label1\" content=\"Escrito por\" \/>\n\t<meta name=\"twitter:data1\" content=\"Michel Sanchez\" \/>\n\t<meta name=\"twitter:label2\" content=\"Tiempo de lectura\" \/>\n\t<meta name=\"twitter:data2\" content=\"1 minuto\" \/>\n<script type=\"application\/ld+json\" class=\"yoast-schema-graph\">{\"@context\":\"https:\\\/\\\/schema.org\",\"@graph\":[{\"@type\":\"Article\",\"@id\":\"https:\\\/\\\/radiohuancayo.com.pe\\\/wp54\\\/arranco-la-venta-de-entradas-para-el-peru-vs-uruguay\\\/#article\",\"isPartOf\":{\"@id\":\"https:\\\/\\\/radiohuancayo.com.pe\\\/wp54\\\/arranco-la-venta-de-entradas-para-el-peru-vs-uruguay\\\/\"},\"author\":{\"name\":\"Michel Sanchez\",\"@id\":\"https:\\\/\\\/radiohuancayo.com.pe\\\/wp54\\\/#\\\/schema\\\/person\\\/74fb124dee9900c6f4d0535fa1d2b5ae\"},\"headline\":\"Arranc\u00f3 la venta de entradas para el Per\u00fa vs. Uruguay\",\"datePublished\":\"2024-09-26T22:12:00+00:00\",\"dateModified\":\"2024-09-26T22:12:01+00:00\",\"mainEntityOfPage\":{\"@id\":\"https:\\\/\\\/radiohuancayo.com.pe\\\/wp54\\\/arranco-la-venta-de-entradas-para-el-peru-vs-uruguay\\\/\"},\"wordCount\":212,\"commentCount\":0,\"publisher\":{\"@id\":\"https:\\\/\\\/radiohuancayo.com.pe\\\/wp54\\\/#organization\"},\"image\":{\"@id\":\"https:\\\/\\\/radiohuancayo.com.pe\\\/wp54\\\/arranco-la-venta-de-entradas-para-el-peru-vs-uruguay\\\/#primaryimage\"},\"thumbnailUrl\":\"https:\\\/\\\/radiohuancayo.com.pe\\\/wp54\\\/wp-content\\\/uploads\\\/2024\\\/09\\\/hinchada26-1.jpg\",\"articleSection\":[\"Deportes\"],\"inLanguage\":\"es\",\"potentialAction\":[{\"@type\":\"CommentAction\",\"name\":\"Comment\",\"target\":[\"https:\\\/\\\/radiohuancayo.com.pe\\\/wp54\\\/arranco-la-venta-de-entradas-para-el-peru-vs-uruguay\\\/#respond\"]}]},{\"@type\":\"WebPage\",\"@id\":\"https:\\\/\\\/radiohuancayo.com.pe\\\/wp54\\\/arranco-la-venta-de-entradas-para-el-peru-vs-uruguay\\\/\",\"url\":\"https:\\\/\\\/radiohuancayo.com.pe\\\/wp54\\\/arranco-la-venta-de-entradas-para-el-peru-vs-uruguay\\\/\",\"name\":\"Arranc\u00f3 la venta de entradas para el Per\u00fa vs. Uruguay - Radio Huancayo\",\"isPartOf\":{\"@id\":\"https:\\\/\\\/radiohuancayo.com.pe\\\/wp54\\\/#website\"},\"primaryImageOfPage\":{\"@id\":\"https:\\\/\\\/radiohuancayo.com.pe\\\/wp54\\\/arranco-la-venta-de-entradas-para-el-peru-vs-uruguay\\\/#primaryimage\"},\"image\":{\"@id\":\"https:\\\/\\\/radiohuancayo.com.pe\\\/wp54\\\/arranco-la-venta-de-entradas-para-el-peru-vs-uruguay\\\/#primaryimage\"},\"thumbnailUrl\":\"https:\\\/\\\/radiohuancayo.com.pe\\\/wp54\\\/wp-content\\\/uploads\\\/2024\\\/09\\\/hinchada26-1.jpg\",\"datePublished\":\"2024-09-26T22:12:00+00:00\",\"dateModified\":\"2024-09-26T22:12:01+00:00\",\"breadcrumb\":{\"@id\":\"https:\\\/\\\/radiohuancayo.com.pe\\\/wp54\\\/arranco-la-venta-de-entradas-para-el-peru-vs-uruguay\\\/#breadcrumb\"},\"inLanguage\":\"es\",\"potentialAction\":[{\"@type\":\"ReadAction\",\"target\":[\"https:\\\/\\\/radiohuancayo.com.pe\\\/wp54\\\/arranco-la-venta-de-entradas-para-el-peru-vs-uruguay\\\/\"]}]},{\"@type\":\"ImageObject\",\"inLanguage\":\"es\",\"@id\":\"https:\\\/\\\/radiohuancayo.com.pe\\\/wp54\\\/arranco-la-venta-de-entradas-para-el-peru-vs-uruguay\\\/#primaryimage\",\"url\":\"https:\\\/\\\/radiohuancayo.com.pe\\\/wp54\\\/wp-content\\\/uploads\\\/2024\\\/09\\\/hinchada26-1.jpg\",\"contentUrl\":\"https:\\\/\\\/radiohuancayo.com.pe\\\/wp54\\\/wp-content\\\/uploads\\\/2024\\\/09\\\/hinchada26-1.jpg\",\"width\":1200,\"height\":630},{\"@type\":\"BreadcrumbList\",\"@id\":\"https:\\\/\\\/radiohuancayo.com.pe\\\/wp54\\\/arranco-la-venta-de-entradas-para-el-peru-vs-uruguay\\\/#breadcrumb\",\"itemListElement\":[{\"@type\":\"ListItem\",\"position\":1,\"name\":\"Portada\",\"item\":\"https:\\\/\\\/radiohuancayo.com.pe\\\/wp54\\\/\"},{\"@type\":\"ListItem\",\"position\":2,\"name\":\"Arranc\u00f3 la venta de entradas para el Per\u00fa vs. Uruguay\"}]},{\"@type\":\"WebSite\",\"@id\":\"https:\\\/\\\/radiohuancayo.com.pe\\\/wp54\\\/#website\",\"url\":\"https:\\\/\\\/radiohuancayo.com.pe\\\/wp54\\\/\",\"name\":\"Radio Huancayo\",\"description\":\"me gusta!!!\",\"publisher\":{\"@id\":\"https:\\\/\\\/radiohuancayo.com.pe\\\/wp54\\\/#organization\"},\"potentialAction\":[{\"@type\":\"SearchAction\",\"target\":{\"@type\":\"EntryPoint\",\"urlTemplate\":\"https:\\\/\\\/radiohuancayo.com.pe\\\/wp54\\\/?s={search_term_string}\"},\"query-input\":{\"@type\":\"PropertyValueSpecification\",\"valueRequired\":true,\"valueName\":\"search_term_string\"}}],\"inLanguage\":\"es\"},{\"@type\":\"Organization\",\"@id\":\"https:\\\/\\\/radiohuancayo.com.pe\\\/wp54\\\/#organization\",\"name\":\"Radio Huancayo\",\"url\":\"https:\\\/\\\/radiohuancayo.com.pe\\\/wp54\\\/\",\"logo\":{\"@type\":\"ImageObject\",\"inLanguage\":\"es\",\"@id\":\"https:\\\/\\\/radiohuancayo.com.pe\\\/wp54\\\/#\\\/schema\\\/logo\\\/image\\\/\",\"url\":\"https:\\\/\\\/radiohuancayo.com.pe\\\/wp54\\\/wp-content\\\/uploads\\\/2022\\\/04\\\/CABE01.png\",\"contentUrl\":\"https:\\\/\\\/radiohuancayo.com.pe\\\/wp54\\\/wp-content\\\/uploads\\\/2022\\\/04\\\/CABE01.png\",\"width\":1640,\"height\":300,\"caption\":\"Radio Huancayo\"},\"image\":{\"@id\":\"https:\\\/\\\/radiohuancayo.com.pe\\\/wp54\\\/#\\\/schema\\\/logo\\\/image\\\/\"}},{\"@type\":\"Person\",\"@id\":\"https:\\\/\\\/radiohuancayo.com.pe\\\/wp54\\\/#\\\/schema\\\/person\\\/74fb124dee9900c6f4d0535fa1d2b5ae\",\"name\":\"Michel Sanchez\",\"image\":{\"@type\":\"ImageObject\",\"inLanguage\":\"es\",\"@id\":\"https:\\\/\\\/secure.gravatar.com\\\/avatar\\\/f7f6944c01b3f15a174d0cf055aea75c46697913fc8a9cf5c3cf3e8800c645f6?s=96&d=mm&r=g\",\"url\":\"https:\\\/\\\/secure.gravatar.com\\\/avatar\\\/f7f6944c01b3f15a174d0cf055aea75c46697913fc8a9cf5c3cf3e8800c645f6?s=96&d=mm&r=g\",\"contentUrl\":\"https:\\\/\\\/secure.gravatar.com\\\/avatar\\\/f7f6944c01b3f15a174d0cf055aea75c46697913fc8a9cf5c3cf3e8800c645f6?s=96&d=mm&r=g\",\"caption\":\"Michel Sanchez\"},\"url\":\"https:\\\/\\\/radiohuancayo.com.pe\\\/wp54\\\/author\\\/memoris\\\/\"}]}<\/script>\n<!-- \/ Yoast SEO plugin. -->","yoast_head_json":{"title":"Arranc\u00f3 la venta de entradas para el Per\u00fa vs. Uruguay - Radio Huancayo","robots":{"index":"index","follow":"follow","max-snippet":"max-snippet:-1","max-image-preview":"max-image-preview:large","max-video-preview":"max-video-preview:-1"},"canonical":"https:\/\/radiohuancayo.com.pe\/wp54\/arranco-la-venta-de-entradas-para-el-peru-vs-uruguay\/","og_locale":"es_ES","og_type":"article","og_title":"Arranc\u00f3 la venta de entradas para el Per\u00fa vs. Uruguay - Radio Huancayo","og_description":"A 15 d\u00edas para la crucial contienda entre Per\u00fa y Uruguay, la Federaci\u00f3n Peruana de F\u00fatbol inform\u00f3 que los boletos ya est\u00e1n disponibles de cara a lo que ser\u00e1 la novena fecha de las Clasificatorias Sudamericanas.&nbsp; Como se recuerda, el choque entre la &#8216;Bicolor&#8217; y la &#8216;Celeste&#8217; se llevar\u00e1 a cabo el pr\u00f3ximo viernes 11 de octubre desde las 8:30 p.m. en el Estadio Nacional. \u00abLas entradas ya se encuentran disponibles desde este jueves 26 de setiembre (a partir del mediod\u00eda) en la Preventa Yape y la Venta General se abrir\u00e1 el 30 de setiembre\u00bb, inform\u00f3 la FPF. CALENDARIO VENTA PER\u00da VS URUGUAY Preventa Yape: Del 26\/09 al 29\/09 a trav\u00e9s del aplicativoVenta General: Del 30\/09 al 11\/10 en labicolor.joinnus.com PRECIOS DE LAS ENTRADAS SECTOR&nbsp;&nbsp; &nbsp;PRECIOPullmann&nbsp;&nbsp; &nbsp;S\/ 850Occidente Lateral&nbsp;&nbsp; &nbsp;S\/ 500Occidente Central&nbsp;&nbsp; &nbsp;S\/ 620Oriente Lateral&nbsp;&nbsp; &nbsp;S\/ 300Oriente Central&nbsp;&nbsp; &nbsp;S\/ 400Sur&nbsp;&nbsp; &nbsp;S\/ 100Norte&nbsp;&nbsp; &nbsp;S\/ 100 \u00bfQU\u00c9 TRIBUNA UTILIZAR\u00c1N LOS URUGUAYOS? Con el fin de mayor orden y seguridad del espect\u00e1culo deportivo, se habilit\u00f3 la tribuna en el sector Occidente Lateral Alta para los aficionados de Uruguay.","og_url":"https:\/\/radiohuancayo.com.pe\/wp54\/arranco-la-venta-de-entradas-para-el-peru-vs-uruguay\/","og_site_name":"Radio Huancayo","article_published_time":"2024-09-26T22:12:00+00:00","article_modified_time":"2024-09-26T22:12:01+00:00","og_image":[{"width":1200,"height":630,"url":"https:\/\/radiohuancayo.com.pe\/wp54\/wp-content\/uploads\/2024\/09\/hinchada26-1.jpg","type":"image\/jpeg"}],"author":"Michel Sanchez","twitter_card":"summary_large_image","twitter_misc":{"Escrito por":"Michel Sanchez","Tiempo de lectura":"1 minuto"},"schema":{"@context":"https:\/\/schema.org","@graph":[{"@type":"Article","@id":"https:\/\/radiohuancayo.com.pe\/wp54\/arranco-la-venta-de-entradas-para-el-peru-vs-uruguay\/#article","isPartOf":{"@id":"https:\/\/radiohuancayo.com.pe\/wp54\/arranco-la-venta-de-entradas-para-el-peru-vs-uruguay\/"},"author":{"name":"Michel Sanchez","@id":"https:\/\/radiohuancayo.com.pe\/wp54\/#\/schema\/person\/74fb124dee9900c6f4d0535fa1d2b5ae"},"headline":"Arranc\u00f3 la venta de entradas para el Per\u00fa vs. Uruguay","datePublished":"2024-09-26T22:12:00+00:00","dateModified":"2024-09-26T22:12:01+00:00","mainEntityOfPage":{"@id":"https:\/\/radiohuancayo.com.pe\/wp54\/arranco-la-venta-de-entradas-para-el-peru-vs-uruguay\/"},"wordCount":212,"commentCount":0,"publisher":{"@id":"https:\/\/radiohuancayo.com.pe\/wp54\/#organization"},"image":{"@id":"https:\/\/radiohuancayo.com.pe\/wp54\/arranco-la-venta-de-entradas-para-el-peru-vs-uruguay\/#primaryimage"},"thumbnailUrl":"https:\/\/radiohuancayo.com.pe\/wp54\/wp-content\/uploads\/2024\/09\/hinchada26-1.jpg","articleSection":["Deportes"],"inLanguage":"es","potentialAction":[{"@type":"CommentAction","name":"Comment","target":["https:\/\/radiohuancayo.com.pe\/wp54\/arranco-la-venta-de-entradas-para-el-peru-vs-uruguay\/#respond"]}]},{"@type":"WebPage","@id":"https:\/\/radiohuancayo.com.pe\/wp54\/arranco-la-venta-de-entradas-para-el-peru-vs-uruguay\/","url":"https:\/\/radiohuancayo.com.pe\/wp54\/arranco-la-venta-de-entradas-para-el-peru-vs-uruguay\/","name":"Arranc\u00f3 la venta de entradas para el Per\u00fa vs. Uruguay - Radio Huancayo","isPartOf":{"@id":"https:\/\/radiohuancayo.com.pe\/wp54\/#website"},"primaryImageOfPage":{"@id":"https:\/\/radiohuancayo.com.pe\/wp54\/arranco-la-venta-de-entradas-para-el-peru-vs-uruguay\/#primaryimage"},"image":{"@id":"https:\/\/radiohuancayo.com.pe\/wp54\/arranco-la-venta-de-entradas-para-el-peru-vs-uruguay\/#primaryimage"},"thumbnailUrl":"https:\/\/radiohuancayo.com.pe\/wp54\/wp-content\/uploads\/2024\/09\/hinchada26-1.jpg","datePublished":"2024-09-26T22:12:00+00:00","dateModified":"2024-09-26T22:12:01+00:00","breadcrumb":{"@id":"https:\/\/radiohuancayo.com.pe\/wp54\/arranco-la-venta-de-entradas-para-el-peru-vs-uruguay\/#breadcrumb"},"inLanguage":"es","potentialAction":[{"@type":"ReadAction","target":["https:\/\/radiohuancayo.com.pe\/wp54\/arranco-la-venta-de-entradas-para-el-peru-vs-uruguay\/"]}]},{"@type":"ImageObject","inLanguage":"es","@id":"https:\/\/radiohuancayo.com.pe\/wp54\/arranco-la-venta-de-entradas-para-el-peru-vs-uruguay\/#primaryimage","url":"https:\/\/radiohuancayo.com.pe\/wp54\/wp-content\/uploads\/2024\/09\/hinchada26-1.jpg","contentUrl":"https:\/\/radiohuancayo.com.pe\/wp54\/wp-content\/uploads\/2024\/09\/hinchada26-1.jpg","width":1200,"height":630},{"@type":"BreadcrumbList","@id":"https:\/\/radiohuancayo.com.pe\/wp54\/arranco-la-venta-de-entradas-para-el-peru-vs-uruguay\/#breadcrumb","itemListElement":[{"@type":"ListItem","position":1,"name":"Portada","item":"https:\/\/radiohuancayo.com.pe\/wp54\/"},{"@type":"ListItem","position":2,"name":"Arranc\u00f3 la venta de entradas para el Per\u00fa vs. Uruguay"}]},{"@type":"WebSite","@id":"https:\/\/radiohuancayo.com.pe\/wp54\/#website","url":"https:\/\/radiohuancayo.com.pe\/wp54\/","name":"Radio Huancayo","description":"me gusta!!!","publisher":{"@id":"https:\/\/radiohuancayo.com.pe\/wp54\/#organization"},"potentialAction":[{"@type":"SearchAction","target":{"@type":"EntryPoint","urlTemplate":"https:\/\/radiohuancayo.com.pe\/wp54\/?s={search_term_string}"},"query-input":{"@type":"PropertyValueSpecification","valueRequired":true,"valueName":"search_term_string"}}],"inLanguage":"es"},{"@type":"Organization","@id":"https:\/\/radiohuancayo.com.pe\/wp54\/#organization","name":"Radio Huancayo","url":"https:\/\/radiohuancayo.com.pe\/wp54\/","logo":{"@type":"ImageObject","inLanguage":"es","@id":"https:\/\/radiohuancayo.com.pe\/wp54\/#\/schema\/logo\/image\/","url":"https:\/\/radiohuancayo.com.pe\/wp54\/wp-content\/uploads\/2022\/04\/CABE01.png","contentUrl":"https:\/\/radiohuancayo.com.pe\/wp54\/wp-content\/uploads\/2022\/04\/CABE01.png","width":1640,"height":300,"caption":"Radio Huancayo"},"image":{"@id":"https:\/\/radiohuancayo.com.pe\/wp54\/#\/schema\/logo\/image\/"}},{"@type":"Person","@id":"https:\/\/radiohuancayo.com.pe\/wp54\/#\/schema\/person\/74fb124dee9900c6f4d0535fa1d2b5ae","name":"Michel Sanchez","image":{"@type":"ImageObject","inLanguage":"es","@id":"https:\/\/secure.gravatar.com\/avatar\/f7f6944c01b3f15a174d0cf055aea75c46697913fc8a9cf5c3cf3e8800c645f6?s=96&d=mm&r=g","url":"https:\/\/secure.gravatar.com\/avatar\/f7f6944c01b3f15a174d0cf055aea75c46697913fc8a9cf5c3cf3e8800c645f6?s=96&d=mm&r=g","contentUrl":"https:\/\/secure.gravatar.com\/avatar\/f7f6944c01b3f15a174d0cf055aea75c46697913fc8a9cf5c3cf3e8800c645f6?s=96&d=mm&r=g","caption":"Michel Sanchez"},"url":"https:\/\/radiohuancayo.com.pe\/wp54\/author\/memoris\/"}]}},"_links":{"self":[{"href":"https:\/\/radiohuancayo.com.pe\/wp54\/wp-json\/wp\/v2\/posts\/28510","targetHints":{"allow":["GET"]}}],"collection":[{"href":"https:\/\/radiohuancayo.com.pe\/wp54\/wp-json\/wp\/v2\/posts"}],"about":[{"href":"https:\/\/radiohuancayo.com.pe\/wp54\/wp-json\/wp\/v2\/types\/post"}],"author":[{"embeddable":true,"href":"https:\/\/radiohuancayo.com.pe\/wp54\/wp-json\/wp\/v2\/users\/2"}],"replies":[{"embeddable":true,"href":"https:\/\/radiohuancayo.com.pe\/wp54\/wp-json\/wp\/v2\/comments?post=28510"}],"version-history":[{"count":1,"href":"https:\/\/radiohuancayo.com.pe\/wp54\/wp-json\/wp\/v2\/posts\/28510\/revisions"}],"predecessor-version":[{"id":28512,"href":"https:\/\/radiohuancayo.com.pe\/wp54\/wp-json\/wp\/v2\/posts\/28510\/revisions\/28512"}],"wp:featuredmedia":[{"embeddable":true,"href":"https:\/\/radiohuancayo.com.pe\/wp54\/wp-json\/wp\/v2\/media\/28511"}],"wp:attachment":[{"href":"https:\/\/radiohuancayo.com.pe\/wp54\/wp-json\/wp\/v2\/media?parent=28510"}],"wp:term":[{"taxonomy":"category","embeddable":true,"href":"https:\/\/radiohuancayo.com.pe\/wp54\/wp-json\/wp\/v2\/categories?post=28510"},{"taxonomy":"post_tag","embeddable":true,"href":"https:\/\/radiohuancayo.com.pe\/wp54\/wp-json\/wp\/v2\/tags?post=28510"}],"curies":[{"name":"wp","href":"https:\/\/api.w.org\/{rel}","templated":true}]}}