{"id":28513,"date":"2024-09-26T17:13:32","date_gmt":"2024-09-26T22:13:32","guid":{"rendered":"https:\/\/radiohuancayo.com.pe\/wp54\/?p=28513"},"modified":"2024-09-26T17:13:32","modified_gmt":"2024-09-26T22:13:32","slug":"pena-fue-titular-en-derrota-del-malmo-en-la-europa-league","status":"publish","type":"post","link":"https:\/\/radiohuancayo.com.pe\/wp54\/pena-fue-titular-en-derrota-del-malmo-en-la-europa-league\/","title":{"rendered":"Pe\u00f1a fue titular en derrota del Malm\u00f6 en la Europa League"},"content":{"rendered":"\n<p>Por la primera fecha de la Europa League, Malm\u00f6 cay\u00f3 como local por 2-0 ante el Rangers de Escocia. El peruano Sergio Pe\u00f1a fue titular y jug\u00f3 todo el partido.<\/p>\n\n\n\n<p>Rangers golpe\u00f3 r\u00e1pido en el partido pues apenas al minuto de juego se puso en ventaja con el gol de Nedim Bajrami. En la segunda mitad, Ross McCausland aument\u00f3 la diferencia.<\/p>\n\n\n\n<p>Malm\u00f6 no pudo recuperarse en el marcador y termin\u00f3 cediendo en casa en su estreno en esta edici\u00f3n de la Europa League.<\/p>\n\n\n\n<p>De esta manera, Rangers sum\u00f3 3 puntos y est\u00e1 entre los punteros en la tabla del torneo, mientras que Malm\u00f6 est\u00e1 en el puesto 34 con cero unidades.<\/p>\n","protected":false},"excerpt":{"rendered":"<p>Por la primera fecha de la Europa League, Malm\u00f6 cay\u00f3 como local por 2-0 ante el Rangers de Escocia. El peruano Sergio Pe\u00f1a fue titular y jug\u00f3 todo el partido. Rangers golpe\u00f3 r\u00e1pido en el partido pues apenas al minuto de juego se puso en ventaja con el gol de Nedim Bajrami. En la segunda mitad, Ross McCausland aument\u00f3 la diferencia. Malm\u00f6 no pudo recuperarse en el marcador y termin\u00f3 cediendo en casa en su estreno en esta edici\u00f3n de la Europa League. De esta manera, Rangers sum\u00f3 3 puntos y est\u00e1 entre los punteros en la tabla del torneo, mientras que Malm\u00f6 est\u00e1 en el puesto 34 con cero unidades.<\/p>\n","protected":false},"author":2,"featured_media":28514,"comment_status":"open","ping_status":"open","sticky":false,"template":"","format":"standard","meta":{"footnotes":""},"categories":[7],"tags":[],"class_list":["post-28513","post","type-post","status-publish","format-standard","has-post-thumbnail","hentry","category-deportes"],"yoast_head":"<!-- This site is optimized with the Yoast SEO plugin v27.5 - https:\/\/yoast.com\/product\/yoast-seo-wordpress\/ -->\n<title>Pe\u00f1a fue titular en derrota del Malm\u00f6 en la Europa League - Radio Huancayo<\/title>\n<meta name=\"robots\" content=\"index, follow, max-snippet:-1, max-image-preview:large, max-video-preview:-1\" \/>\n<link rel=\"canonical\" href=\"https:\/\/radiohuancayo.com.pe\/wp54\/pena-fue-titular-en-derrota-del-malmo-en-la-europa-league\/\" \/>\n<meta property=\"og:locale\" content=\"es_ES\" \/>\n<meta property=\"og:type\" content=\"article\" \/>\n<meta property=\"og:title\" content=\"Pe\u00f1a fue titular en derrota del Malm\u00f6 en la Europa League - Radio Huancayo\" \/>\n<meta property=\"og:description\" content=\"Por la primera fecha de la Europa League, Malm\u00f6 cay\u00f3 como local por 2-0 ante el Rangers de Escocia. El peruano Sergio Pe\u00f1a fue titular y jug\u00f3 todo el partido. Rangers golpe\u00f3 r\u00e1pido en el partido pues apenas al minuto de juego se puso en ventaja con el gol de Nedim Bajrami. En la segunda mitad, Ross McCausland aument\u00f3 la diferencia. Malm\u00f6 no pudo recuperarse en el marcador y termin\u00f3 cediendo en casa en su estreno en esta edici\u00f3n de la Europa League. De esta manera, Rangers sum\u00f3 3 puntos y est\u00e1 entre los punteros en la tabla del torneo, mientras que Malm\u00f6 est\u00e1 en el puesto 34 con cero unidades.\" \/>\n<meta property=\"og:url\" content=\"https:\/\/radiohuancayo.com.pe\/wp54\/pena-fue-titular-en-derrota-del-malmo-en-la-europa-league\/\" \/>\n<meta property=\"og:site_name\" content=\"Radio Huancayo\" \/>\n<meta property=\"article:published_time\" content=\"2024-09-26T22:13:32+00:00\" \/>\n<meta property=\"og:image\" content=\"https:\/\/radiohuancayo.com.pe\/wp54\/wp-content\/uploads\/2024\/09\/malmo.jpg\" \/>\n\t<meta property=\"og:image:width\" content=\"1200\" \/>\n\t<meta property=\"og:image:height\" content=\"630\" \/>\n\t<meta property=\"og:image:type\" content=\"image\/jpeg\" \/>\n<meta name=\"author\" content=\"Michel Sanchez\" \/>\n<meta name=\"twitter:card\" content=\"summary_large_image\" \/>\n<meta name=\"twitter:label1\" content=\"Escrito por\" \/>\n\t<meta name=\"twitter:data1\" content=\"Michel Sanchez\" \/>\n\t<meta name=\"twitter:label2\" content=\"Tiempo de lectura\" \/>\n\t<meta name=\"twitter:data2\" content=\"1 minuto\" \/>\n<script type=\"application\/ld+json\" class=\"yoast-schema-graph\">{\"@context\":\"https:\\\/\\\/schema.org\",\"@graph\":[{\"@type\":\"Article\",\"@id\":\"https:\\\/\\\/radiohuancayo.com.pe\\\/wp54\\\/pena-fue-titular-en-derrota-del-malmo-en-la-europa-league\\\/#article\",\"isPartOf\":{\"@id\":\"https:\\\/\\\/radiohuancayo.com.pe\\\/wp54\\\/pena-fue-titular-en-derrota-del-malmo-en-la-europa-league\\\/\"},\"author\":{\"name\":\"Michel Sanchez\",\"@id\":\"https:\\\/\\\/radiohuancayo.com.pe\\\/wp54\\\/#\\\/schema\\\/person\\\/74fb124dee9900c6f4d0535fa1d2b5ae\"},\"headline\":\"Pe\u00f1a fue titular en derrota del Malm\u00f6 en la Europa League\",\"datePublished\":\"2024-09-26T22:13:32+00:00\",\"mainEntityOfPage\":{\"@id\":\"https:\\\/\\\/radiohuancayo.com.pe\\\/wp54\\\/pena-fue-titular-en-derrota-del-malmo-en-la-europa-league\\\/\"},\"wordCount\":124,\"commentCount\":0,\"publisher\":{\"@id\":\"https:\\\/\\\/radiohuancayo.com.pe\\\/wp54\\\/#organization\"},\"image\":{\"@id\":\"https:\\\/\\\/radiohuancayo.com.pe\\\/wp54\\\/pena-fue-titular-en-derrota-del-malmo-en-la-europa-league\\\/#primaryimage\"},\"thumbnailUrl\":\"https:\\\/\\\/radiohuancayo.com.pe\\\/wp54\\\/wp-content\\\/uploads\\\/2024\\\/09\\\/malmo.jpg\",\"articleSection\":[\"Deportes\"],\"inLanguage\":\"es\",\"potentialAction\":[{\"@type\":\"CommentAction\",\"name\":\"Comment\",\"target\":[\"https:\\\/\\\/radiohuancayo.com.pe\\\/wp54\\\/pena-fue-titular-en-derrota-del-malmo-en-la-europa-league\\\/#respond\"]}]},{\"@type\":\"WebPage\",\"@id\":\"https:\\\/\\\/radiohuancayo.com.pe\\\/wp54\\\/pena-fue-titular-en-derrota-del-malmo-en-la-europa-league\\\/\",\"url\":\"https:\\\/\\\/radiohuancayo.com.pe\\\/wp54\\\/pena-fue-titular-en-derrota-del-malmo-en-la-europa-league\\\/\",\"name\":\"Pe\u00f1a fue titular en derrota del Malm\u00f6 en la Europa League - Radio Huancayo\",\"isPartOf\":{\"@id\":\"https:\\\/\\\/radiohuancayo.com.pe\\\/wp54\\\/#website\"},\"primaryImageOfPage\":{\"@id\":\"https:\\\/\\\/radiohuancayo.com.pe\\\/wp54\\\/pena-fue-titular-en-derrota-del-malmo-en-la-europa-league\\\/#primaryimage\"},\"image\":{\"@id\":\"https:\\\/\\\/radiohuancayo.com.pe\\\/wp54\\\/pena-fue-titular-en-derrota-del-malmo-en-la-europa-league\\\/#primaryimage\"},\"thumbnailUrl\":\"https:\\\/\\\/radiohuancayo.com.pe\\\/wp54\\\/wp-content\\\/uploads\\\/2024\\\/09\\\/malmo.jpg\",\"datePublished\":\"2024-09-26T22:13:32+00:00\",\"breadcrumb\":{\"@id\":\"https:\\\/\\\/radiohuancayo.com.pe\\\/wp54\\\/pena-fue-titular-en-derrota-del-malmo-en-la-europa-league\\\/#breadcrumb\"},\"inLanguage\":\"es\",\"potentialAction\":[{\"@type\":\"ReadAction\",\"target\":[\"https:\\\/\\\/radiohuancayo.com.pe\\\/wp54\\\/pena-fue-titular-en-derrota-del-malmo-en-la-europa-league\\\/\"]}]},{\"@type\":\"ImageObject\",\"inLanguage\":\"es\",\"@id\":\"https:\\\/\\\/radiohuancayo.com.pe\\\/wp54\\\/pena-fue-titular-en-derrota-del-malmo-en-la-europa-league\\\/#primaryimage\",\"url\":\"https:\\\/\\\/radiohuancayo.com.pe\\\/wp54\\\/wp-content\\\/uploads\\\/2024\\\/09\\\/malmo.jpg\",\"contentUrl\":\"https:\\\/\\\/radiohuancayo.com.pe\\\/wp54\\\/wp-content\\\/uploads\\\/2024\\\/09\\\/malmo.jpg\",\"width\":1200,\"height\":630},{\"@type\":\"BreadcrumbList\",\"@id\":\"https:\\\/\\\/radiohuancayo.com.pe\\\/wp54\\\/pena-fue-titular-en-derrota-del-malmo-en-la-europa-league\\\/#breadcrumb\",\"itemListElement\":[{\"@type\":\"ListItem\",\"position\":1,\"name\":\"Portada\",\"item\":\"https:\\\/\\\/radiohuancayo.com.pe\\\/wp54\\\/\"},{\"@type\":\"ListItem\",\"position\":2,\"name\":\"Pe\u00f1a fue titular en derrota del Malm\u00f6 en la Europa League\"}]},{\"@type\":\"WebSite\",\"@id\":\"https:\\\/\\\/radiohuancayo.com.pe\\\/wp54\\\/#website\",\"url\":\"https:\\\/\\\/radiohuancayo.com.pe\\\/wp54\\\/\",\"name\":\"Radio Huancayo\",\"description\":\"me gusta!!!\",\"publisher\":{\"@id\":\"https:\\\/\\\/radiohuancayo.com.pe\\\/wp54\\\/#organization\"},\"potentialAction\":[{\"@type\":\"SearchAction\",\"target\":{\"@type\":\"EntryPoint\",\"urlTemplate\":\"https:\\\/\\\/radiohuancayo.com.pe\\\/wp54\\\/?s={search_term_string}\"},\"query-input\":{\"@type\":\"PropertyValueSpecification\",\"valueRequired\":true,\"valueName\":\"search_term_string\"}}],\"inLanguage\":\"es\"},{\"@type\":\"Organization\",\"@id\":\"https:\\\/\\\/radiohuancayo.com.pe\\\/wp54\\\/#organization\",\"name\":\"Radio Huancayo\",\"url\":\"https:\\\/\\\/radiohuancayo.com.pe\\\/wp54\\\/\",\"logo\":{\"@type\":\"ImageObject\",\"inLanguage\":\"es\",\"@id\":\"https:\\\/\\\/radiohuancayo.com.pe\\\/wp54\\\/#\\\/schema\\\/logo\\\/image\\\/\",\"url\":\"https:\\\/\\\/radiohuancayo.com.pe\\\/wp54\\\/wp-content\\\/uploads\\\/2022\\\/04\\\/CABE01.png\",\"contentUrl\":\"https:\\\/\\\/radiohuancayo.com.pe\\\/wp54\\\/wp-content\\\/uploads\\\/2022\\\/04\\\/CABE01.png\",\"width\":1640,\"height\":300,\"caption\":\"Radio Huancayo\"},\"image\":{\"@id\":\"https:\\\/\\\/radiohuancayo.com.pe\\\/wp54\\\/#\\\/schema\\\/logo\\\/image\\\/\"}},{\"@type\":\"Person\",\"@id\":\"https:\\\/\\\/radiohuancayo.com.pe\\\/wp54\\\/#\\\/schema\\\/person\\\/74fb124dee9900c6f4d0535fa1d2b5ae\",\"name\":\"Michel Sanchez\",\"image\":{\"@type\":\"ImageObject\",\"inLanguage\":\"es\",\"@id\":\"https:\\\/\\\/secure.gravatar.com\\\/avatar\\\/f7f6944c01b3f15a174d0cf055aea75c46697913fc8a9cf5c3cf3e8800c645f6?s=96&d=mm&r=g\",\"url\":\"https:\\\/\\\/secure.gravatar.com\\\/avatar\\\/f7f6944c01b3f15a174d0cf055aea75c46697913fc8a9cf5c3cf3e8800c645f6?s=96&d=mm&r=g\",\"contentUrl\":\"https:\\\/\\\/secure.gravatar.com\\\/avatar\\\/f7f6944c01b3f15a174d0cf055aea75c46697913fc8a9cf5c3cf3e8800c645f6?s=96&d=mm&r=g\",\"caption\":\"Michel Sanchez\"},\"url\":\"https:\\\/\\\/radiohuancayo.com.pe\\\/wp54\\\/author\\\/memoris\\\/\"}]}<\/script>\n<!-- \/ Yoast SEO plugin. -->","yoast_head_json":{"title":"Pe\u00f1a fue titular en derrota del Malm\u00f6 en la Europa League - Radio Huancayo","robots":{"index":"index","follow":"follow","max-snippet":"max-snippet:-1","max-image-preview":"max-image-preview:large","max-video-preview":"max-video-preview:-1"},"canonical":"https:\/\/radiohuancayo.com.pe\/wp54\/pena-fue-titular-en-derrota-del-malmo-en-la-europa-league\/","og_locale":"es_ES","og_type":"article","og_title":"Pe\u00f1a fue titular en derrota del Malm\u00f6 en la Europa League - Radio Huancayo","og_description":"Por la primera fecha de la Europa League, Malm\u00f6 cay\u00f3 como local por 2-0 ante el Rangers de Escocia. El peruano Sergio Pe\u00f1a fue titular y jug\u00f3 todo el partido. Rangers golpe\u00f3 r\u00e1pido en el partido pues apenas al minuto de juego se puso en ventaja con el gol de Nedim Bajrami. En la segunda mitad, Ross McCausland aument\u00f3 la diferencia. Malm\u00f6 no pudo recuperarse en el marcador y termin\u00f3 cediendo en casa en su estreno en esta edici\u00f3n de la Europa League. De esta manera, Rangers sum\u00f3 3 puntos y est\u00e1 entre los punteros en la tabla del torneo, mientras que Malm\u00f6 est\u00e1 en el puesto 34 con cero unidades.","og_url":"https:\/\/radiohuancayo.com.pe\/wp54\/pena-fue-titular-en-derrota-del-malmo-en-la-europa-league\/","og_site_name":"Radio Huancayo","article_published_time":"2024-09-26T22:13:32+00:00","og_image":[{"width":1200,"height":630,"url":"https:\/\/radiohuancayo.com.pe\/wp54\/wp-content\/uploads\/2024\/09\/malmo.jpg","type":"image\/jpeg"}],"author":"Michel Sanchez","twitter_card":"summary_large_image","twitter_misc":{"Escrito por":"Michel Sanchez","Tiempo de lectura":"1 minuto"},"schema":{"@context":"https:\/\/schema.org","@graph":[{"@type":"Article","@id":"https:\/\/radiohuancayo.com.pe\/wp54\/pena-fue-titular-en-derrota-del-malmo-en-la-europa-league\/#article","isPartOf":{"@id":"https:\/\/radiohuancayo.com.pe\/wp54\/pena-fue-titular-en-derrota-del-malmo-en-la-europa-league\/"},"author":{"name":"Michel Sanchez","@id":"https:\/\/radiohuancayo.com.pe\/wp54\/#\/schema\/person\/74fb124dee9900c6f4d0535fa1d2b5ae"},"headline":"Pe\u00f1a fue titular en derrota del Malm\u00f6 en la Europa League","datePublished":"2024-09-26T22:13:32+00:00","mainEntityOfPage":{"@id":"https:\/\/radiohuancayo.com.pe\/wp54\/pena-fue-titular-en-derrota-del-malmo-en-la-europa-league\/"},"wordCount":124,"commentCount":0,"publisher":{"@id":"https:\/\/radiohuancayo.com.pe\/wp54\/#organization"},"image":{"@id":"https:\/\/radiohuancayo.com.pe\/wp54\/pena-fue-titular-en-derrota-del-malmo-en-la-europa-league\/#primaryimage"},"thumbnailUrl":"https:\/\/radiohuancayo.com.pe\/wp54\/wp-content\/uploads\/2024\/09\/malmo.jpg","articleSection":["Deportes"],"inLanguage":"es","potentialAction":[{"@type":"CommentAction","name":"Comment","target":["https:\/\/radiohuancayo.com.pe\/wp54\/pena-fue-titular-en-derrota-del-malmo-en-la-europa-league\/#respond"]}]},{"@type":"WebPage","@id":"https:\/\/radiohuancayo.com.pe\/wp54\/pena-fue-titular-en-derrota-del-malmo-en-la-europa-league\/","url":"https:\/\/radiohuancayo.com.pe\/wp54\/pena-fue-titular-en-derrota-del-malmo-en-la-europa-league\/","name":"Pe\u00f1a fue titular en derrota del Malm\u00f6 en la Europa League - Radio Huancayo","isPartOf":{"@id":"https:\/\/radiohuancayo.com.pe\/wp54\/#website"},"primaryImageOfPage":{"@id":"https:\/\/radiohuancayo.com.pe\/wp54\/pena-fue-titular-en-derrota-del-malmo-en-la-europa-league\/#primaryimage"},"image":{"@id":"https:\/\/radiohuancayo.com.pe\/wp54\/pena-fue-titular-en-derrota-del-malmo-en-la-europa-league\/#primaryimage"},"thumbnailUrl":"https:\/\/radiohuancayo.com.pe\/wp54\/wp-content\/uploads\/2024\/09\/malmo.jpg","datePublished":"2024-09-26T22:13:32+00:00","breadcrumb":{"@id":"https:\/\/radiohuancayo.com.pe\/wp54\/pena-fue-titular-en-derrota-del-malmo-en-la-europa-league\/#breadcrumb"},"inLanguage":"es","potentialAction":[{"@type":"ReadAction","target":["https:\/\/radiohuancayo.com.pe\/wp54\/pena-fue-titular-en-derrota-del-malmo-en-la-europa-league\/"]}]},{"@type":"ImageObject","inLanguage":"es","@id":"https:\/\/radiohuancayo.com.pe\/wp54\/pena-fue-titular-en-derrota-del-malmo-en-la-europa-league\/#primaryimage","url":"https:\/\/radiohuancayo.com.pe\/wp54\/wp-content\/uploads\/2024\/09\/malmo.jpg","contentUrl":"https:\/\/radiohuancayo.com.pe\/wp54\/wp-content\/uploads\/2024\/09\/malmo.jpg","width":1200,"height":630},{"@type":"BreadcrumbList","@id":"https:\/\/radiohuancayo.com.pe\/wp54\/pena-fue-titular-en-derrota-del-malmo-en-la-europa-league\/#breadcrumb","itemListElement":[{"@type":"ListItem","position":1,"name":"Portada","item":"https:\/\/radiohuancayo.com.pe\/wp54\/"},{"@type":"ListItem","position":2,"name":"Pe\u00f1a fue titular en derrota del Malm\u00f6 en la Europa League"}]},{"@type":"WebSite","@id":"https:\/\/radiohuancayo.com.pe\/wp54\/#website","url":"https:\/\/radiohuancayo.com.pe\/wp54\/","name":"Radio Huancayo","description":"me gusta!!!","publisher":{"@id":"https:\/\/radiohuancayo.com.pe\/wp54\/#organization"},"potentialAction":[{"@type":"SearchAction","target":{"@type":"EntryPoint","urlTemplate":"https:\/\/radiohuancayo.com.pe\/wp54\/?s={search_term_string}"},"query-input":{"@type":"PropertyValueSpecification","valueRequired":true,"valueName":"search_term_string"}}],"inLanguage":"es"},{"@type":"Organization","@id":"https:\/\/radiohuancayo.com.pe\/wp54\/#organization","name":"Radio Huancayo","url":"https:\/\/radiohuancayo.com.pe\/wp54\/","logo":{"@type":"ImageObject","inLanguage":"es","@id":"https:\/\/radiohuancayo.com.pe\/wp54\/#\/schema\/logo\/image\/","url":"https:\/\/radiohuancayo.com.pe\/wp54\/wp-content\/uploads\/2022\/04\/CABE01.png","contentUrl":"https:\/\/radiohuancayo.com.pe\/wp54\/wp-content\/uploads\/2022\/04\/CABE01.png","width":1640,"height":300,"caption":"Radio Huancayo"},"image":{"@id":"https:\/\/radiohuancayo.com.pe\/wp54\/#\/schema\/logo\/image\/"}},{"@type":"Person","@id":"https:\/\/radiohuancayo.com.pe\/wp54\/#\/schema\/person\/74fb124dee9900c6f4d0535fa1d2b5ae","name":"Michel Sanchez","image":{"@type":"ImageObject","inLanguage":"es","@id":"https:\/\/secure.gravatar.com\/avatar\/f7f6944c01b3f15a174d0cf055aea75c46697913fc8a9cf5c3cf3e8800c645f6?s=96&d=mm&r=g","url":"https:\/\/secure.gravatar.com\/avatar\/f7f6944c01b3f15a174d0cf055aea75c46697913fc8a9cf5c3cf3e8800c645f6?s=96&d=mm&r=g","contentUrl":"https:\/\/secure.gravatar.com\/avatar\/f7f6944c01b3f15a174d0cf055aea75c46697913fc8a9cf5c3cf3e8800c645f6?s=96&d=mm&r=g","caption":"Michel Sanchez"},"url":"https:\/\/radiohuancayo.com.pe\/wp54\/author\/memoris\/"}]}},"_links":{"self":[{"href":"https:\/\/radiohuancayo.com.pe\/wp54\/wp-json\/wp\/v2\/posts\/28513","targetHints":{"allow":["GET"]}}],"collection":[{"href":"https:\/\/radiohuancayo.com.pe\/wp54\/wp-json\/wp\/v2\/posts"}],"about":[{"href":"https:\/\/radiohuancayo.com.pe\/wp54\/wp-json\/wp\/v2\/types\/post"}],"author":[{"embeddable":true,"href":"https:\/\/radiohuancayo.com.pe\/wp54\/wp-json\/wp\/v2\/users\/2"}],"replies":[{"embeddable":true,"href":"https:\/\/radiohuancayo.com.pe\/wp54\/wp-json\/wp\/v2\/comments?post=28513"}],"version-history":[{"count":1,"href":"https:\/\/radiohuancayo.com.pe\/wp54\/wp-json\/wp\/v2\/posts\/28513\/revisions"}],"predecessor-version":[{"id":28515,"href":"https:\/\/radiohuancayo.com.pe\/wp54\/wp-json\/wp\/v2\/posts\/28513\/revisions\/28515"}],"wp:featuredmedia":[{"embeddable":true,"href":"https:\/\/radiohuancayo.com.pe\/wp54\/wp-json\/wp\/v2\/media\/28514"}],"wp:attachment":[{"href":"https:\/\/radiohuancayo.com.pe\/wp54\/wp-json\/wp\/v2\/media?parent=28513"}],"wp:term":[{"taxonomy":"category","embeddable":true,"href":"https:\/\/radiohuancayo.com.pe\/wp54\/wp-json\/wp\/v2\/categories?post=28513"},{"taxonomy":"post_tag","embeddable":true,"href":"https:\/\/radiohuancayo.com.pe\/wp54\/wp-json\/wp\/v2\/tags?post=28513"}],"curies":[{"name":"wp","href":"https:\/\/api.w.org\/{rel}","templated":true}]}}