{"id":28542,"date":"2024-10-02T16:03:43","date_gmt":"2024-10-02T21:03:43","guid":{"rendered":"https:\/\/radiohuancayo.com.pe\/wp54\/?p=28542"},"modified":"2024-10-02T16:03:43","modified_gmt":"2024-10-02T21:03:43","slug":"con-la-vuelta-de-messi-scaloni-dio-convocados-de-argentina","status":"publish","type":"post","link":"https:\/\/radiohuancayo.com.pe\/wp54\/con-la-vuelta-de-messi-scaloni-dio-convocados-de-argentina\/","title":{"rendered":"Con la vuelta de Messi, Scaloni dio convocados de Argentina"},"content":{"rendered":"\n<p>A trav\u00e9s de las redes sociales se confirm\u00f3 que Lionel Messi regresa a la Selecci\u00f3n de Argentina de cara a la fecha FIFA de octubre donde Argentina enfrentar\u00e1 a Venezuela y Bolivia.<\/p>\n\n\n\n<p>Tras la derrota ante Colombia, el cuadro albiceleste tendr\u00e1 revancha frente a la &#8216;Vinotinto&#8217; y el cuadro &#8216;Verde&#8217;, por lo que el t\u00e9cnico Lionel Scaloni apel\u00f3 a convocar a Lionel Messi quien ya est\u00e1 recuperado de su lesi\u00f3n que lo margin\u00f3 de la pasada fecha FIFA.<\/p>\n\n\n\n<p>Quien no est\u00e1 es el &#8216;Dibu&#8217; Mart\u00ednez quien est\u00e1 sancionado por la FIFA tras lo sucedido luego del encuentro ante Colombia. Pese a ello, el guardameta estar\u00e1 con el equipo.<\/p>\n\n\n\n<h3 class=\"wp-block-heading\">\u00bfCU\u00c1NDO JUEGA ARGENTINA?<\/h3>\n\n\n\n<p>Vale mencionar que el plantel de 26 futbolistas se estar\u00e1 encontrando en Miami al inicio de la semana pr\u00f3xima y de ah\u00ed partir\u00e1 directo a Venezuela, donde jugar\u00e1 el jueves 10 a las 18. Mientas que cerrar\u00e1 la doble jornada el martes 15 a las 21 vs. Bolivia en el Monumental.<\/p>\n\n\n\n<figure class=\"wp-block-embed is-type-rich is-provider-twitter wp-block-embed-twitter\"><div class=\"wp-block-embed__wrapper\">\n<blockquote class=\"twitter-tweet\" data-width=\"550\" data-dnt=\"true\"><p lang=\"es\" dir=\"ltr\"><a href=\"https:\/\/twitter.com\/hashtag\/Selecci%C3%B3nMayor?src=hash&amp;ref_src=twsrc%5Etfw\">#Selecci\u00f3nMayor<\/a> Lista de convocados \ud83c\udde6\ud83c\uddf7 para los pr\u00f3ximos encuentros ante Venezuela y Bolivia, correspondientes a la Fecha FIFA de Eliminatorias. <a href=\"https:\/\/t.co\/4XKJJ5BRX0\">pic.twitter.com\/4XKJJ5BRX0<\/a><\/p>&mdash; \ud83c\udde6\ud83c\uddf7 Selecci\u00f3n Argentina \u2b50\u2b50\u2b50 (@Argentina) <a href=\"https:\/\/twitter.com\/Argentina\/status\/1841501659307860295?ref_src=twsrc%5Etfw\">October 2, 2024<\/a><\/blockquote><script async src=\"https:\/\/platform.twitter.com\/widgets.js\" charset=\"utf-8\"><\/script>\n<\/div><\/figure>\n","protected":false},"excerpt":{"rendered":"<p>A trav\u00e9s de las redes sociales se confirm\u00f3 que Lionel Messi regresa a la Selecci\u00f3n de Argentina de cara a la fecha FIFA de octubre donde Argentina enfrentar\u00e1 a Venezuela y Bolivia. Tras la derrota ante Colombia, el cuadro albiceleste tendr\u00e1 revancha frente a la &#8216;Vinotinto&#8217; y el cuadro &#8216;Verde&#8217;, por lo que el t\u00e9cnico Lionel Scaloni apel\u00f3 a convocar a Lionel Messi quien ya est\u00e1 recuperado de su lesi\u00f3n que lo margin\u00f3 de la pasada fecha FIFA. Quien no est\u00e1 es el &#8216;Dibu&#8217; Mart\u00ednez quien est\u00e1 sancionado por la FIFA tras lo sucedido luego del encuentro ante Colombia. Pese a ello, el guardameta estar\u00e1 con el equipo. \u00bfCU\u00c1NDO JUEGA ARGENTINA? Vale mencionar que el plantel de 26 futbolistas se estar\u00e1 encontrando en Miami al inicio de la semana pr\u00f3xima y de ah\u00ed partir\u00e1 directo a Venezuela, donde jugar\u00e1 el jueves 10 a las 18. Mientas que cerrar\u00e1 la doble jornada el martes 15 a las 21 vs. Bolivia en el Monumental.<\/p>\n","protected":false},"author":2,"featured_media":28543,"comment_status":"open","ping_status":"open","sticky":false,"template":"","format":"standard","meta":{"footnotes":""},"categories":[7],"tags":[],"class_list":["post-28542","post","type-post","status-publish","format-standard","has-post-thumbnail","hentry","category-deportes"],"yoast_head":"<!-- This site is optimized with the Yoast SEO plugin v27.5 - https:\/\/yoast.com\/product\/yoast-seo-wordpress\/ -->\n<title>Con la vuelta de Messi, Scaloni dio convocados de Argentina - Radio Huancayo<\/title>\n<meta name=\"robots\" content=\"index, follow, max-snippet:-1, max-image-preview:large, max-video-preview:-1\" \/>\n<link rel=\"canonical\" href=\"https:\/\/radiohuancayo.com.pe\/wp54\/con-la-vuelta-de-messi-scaloni-dio-convocados-de-argentina\/\" \/>\n<meta property=\"og:locale\" content=\"es_ES\" \/>\n<meta property=\"og:type\" content=\"article\" \/>\n<meta property=\"og:title\" content=\"Con la vuelta de Messi, Scaloni dio convocados de Argentina - Radio Huancayo\" \/>\n<meta property=\"og:description\" content=\"A trav\u00e9s de las redes sociales se confirm\u00f3 que Lionel Messi regresa a la Selecci\u00f3n de Argentina de cara a la fecha FIFA de octubre donde Argentina enfrentar\u00e1 a Venezuela y Bolivia. Tras la derrota ante Colombia, el cuadro albiceleste tendr\u00e1 revancha frente a la &#8216;Vinotinto&#8217; y el cuadro &#8216;Verde&#8217;, por lo que el t\u00e9cnico Lionel Scaloni apel\u00f3 a convocar a Lionel Messi quien ya est\u00e1 recuperado de su lesi\u00f3n que lo margin\u00f3 de la pasada fecha FIFA. Quien no est\u00e1 es el &#8216;Dibu&#8217; Mart\u00ednez quien est\u00e1 sancionado por la FIFA tras lo sucedido luego del encuentro ante Colombia. Pese a ello, el guardameta estar\u00e1 con el equipo. \u00bfCU\u00c1NDO JUEGA ARGENTINA? Vale mencionar que el plantel de 26 futbolistas se estar\u00e1 encontrando en Miami al inicio de la semana pr\u00f3xima y de ah\u00ed partir\u00e1 directo a Venezuela, donde jugar\u00e1 el jueves 10 a las 18. Mientas que cerrar\u00e1 la doble jornada el martes 15 a las 21 vs. Bolivia en el Monumental.\" \/>\n<meta property=\"og:url\" content=\"https:\/\/radiohuancayo.com.pe\/wp54\/con-la-vuelta-de-messi-scaloni-dio-convocados-de-argentina\/\" \/>\n<meta property=\"og:site_name\" content=\"Radio Huancayo\" \/>\n<meta property=\"article:published_time\" content=\"2024-10-02T21:03:43+00:00\" \/>\n<meta property=\"og:image\" content=\"https:\/\/radiohuancayo.com.pe\/wp54\/wp-content\/uploads\/2024\/10\/4616053348910276158113194627368884070814903n.jpg\" \/>\n\t<meta property=\"og:image:width\" content=\"1200\" \/>\n\t<meta property=\"og:image:height\" content=\"630\" \/>\n\t<meta property=\"og:image:type\" content=\"image\/jpeg\" \/>\n<meta name=\"author\" content=\"Michel Sanchez\" \/>\n<meta name=\"twitter:card\" content=\"summary_large_image\" \/>\n<meta name=\"twitter:label1\" content=\"Escrito por\" \/>\n\t<meta name=\"twitter:data1\" content=\"Michel Sanchez\" \/>\n\t<meta name=\"twitter:label2\" content=\"Tiempo de lectura\" \/>\n\t<meta name=\"twitter:data2\" content=\"1 minuto\" \/>\n<script type=\"application\/ld+json\" class=\"yoast-schema-graph\">{\"@context\":\"https:\\\/\\\/schema.org\",\"@graph\":[{\"@type\":\"Article\",\"@id\":\"https:\\\/\\\/radiohuancayo.com.pe\\\/wp54\\\/con-la-vuelta-de-messi-scaloni-dio-convocados-de-argentina\\\/#article\",\"isPartOf\":{\"@id\":\"https:\\\/\\\/radiohuancayo.com.pe\\\/wp54\\\/con-la-vuelta-de-messi-scaloni-dio-convocados-de-argentina\\\/\"},\"author\":{\"name\":\"Michel Sanchez\",\"@id\":\"https:\\\/\\\/radiohuancayo.com.pe\\\/wp54\\\/#\\\/schema\\\/person\\\/74fb124dee9900c6f4d0535fa1d2b5ae\"},\"headline\":\"Con la vuelta de Messi, Scaloni dio convocados de Argentina\",\"datePublished\":\"2024-10-02T21:03:43+00:00\",\"mainEntityOfPage\":{\"@id\":\"https:\\\/\\\/radiohuancayo.com.pe\\\/wp54\\\/con-la-vuelta-de-messi-scaloni-dio-convocados-de-argentina\\\/\"},\"wordCount\":214,\"commentCount\":0,\"publisher\":{\"@id\":\"https:\\\/\\\/radiohuancayo.com.pe\\\/wp54\\\/#organization\"},\"image\":{\"@id\":\"https:\\\/\\\/radiohuancayo.com.pe\\\/wp54\\\/con-la-vuelta-de-messi-scaloni-dio-convocados-de-argentina\\\/#primaryimage\"},\"thumbnailUrl\":\"https:\\\/\\\/radiohuancayo.com.pe\\\/wp54\\\/wp-content\\\/uploads\\\/2024\\\/10\\\/4616053348910276158113194627368884070814903n.jpg\",\"articleSection\":[\"Deportes\"],\"inLanguage\":\"es\",\"potentialAction\":[{\"@type\":\"CommentAction\",\"name\":\"Comment\",\"target\":[\"https:\\\/\\\/radiohuancayo.com.pe\\\/wp54\\\/con-la-vuelta-de-messi-scaloni-dio-convocados-de-argentina\\\/#respond\"]}]},{\"@type\":\"WebPage\",\"@id\":\"https:\\\/\\\/radiohuancayo.com.pe\\\/wp54\\\/con-la-vuelta-de-messi-scaloni-dio-convocados-de-argentina\\\/\",\"url\":\"https:\\\/\\\/radiohuancayo.com.pe\\\/wp54\\\/con-la-vuelta-de-messi-scaloni-dio-convocados-de-argentina\\\/\",\"name\":\"Con la vuelta de Messi, Scaloni dio convocados de Argentina - Radio Huancayo\",\"isPartOf\":{\"@id\":\"https:\\\/\\\/radiohuancayo.com.pe\\\/wp54\\\/#website\"},\"primaryImageOfPage\":{\"@id\":\"https:\\\/\\\/radiohuancayo.com.pe\\\/wp54\\\/con-la-vuelta-de-messi-scaloni-dio-convocados-de-argentina\\\/#primaryimage\"},\"image\":{\"@id\":\"https:\\\/\\\/radiohuancayo.com.pe\\\/wp54\\\/con-la-vuelta-de-messi-scaloni-dio-convocados-de-argentina\\\/#primaryimage\"},\"thumbnailUrl\":\"https:\\\/\\\/radiohuancayo.com.pe\\\/wp54\\\/wp-content\\\/uploads\\\/2024\\\/10\\\/4616053348910276158113194627368884070814903n.jpg\",\"datePublished\":\"2024-10-02T21:03:43+00:00\",\"breadcrumb\":{\"@id\":\"https:\\\/\\\/radiohuancayo.com.pe\\\/wp54\\\/con-la-vuelta-de-messi-scaloni-dio-convocados-de-argentina\\\/#breadcrumb\"},\"inLanguage\":\"es\",\"potentialAction\":[{\"@type\":\"ReadAction\",\"target\":[\"https:\\\/\\\/radiohuancayo.com.pe\\\/wp54\\\/con-la-vuelta-de-messi-scaloni-dio-convocados-de-argentina\\\/\"]}]},{\"@type\":\"ImageObject\",\"inLanguage\":\"es\",\"@id\":\"https:\\\/\\\/radiohuancayo.com.pe\\\/wp54\\\/con-la-vuelta-de-messi-scaloni-dio-convocados-de-argentina\\\/#primaryimage\",\"url\":\"https:\\\/\\\/radiohuancayo.com.pe\\\/wp54\\\/wp-content\\\/uploads\\\/2024\\\/10\\\/4616053348910276158113194627368884070814903n.jpg\",\"contentUrl\":\"https:\\\/\\\/radiohuancayo.com.pe\\\/wp54\\\/wp-content\\\/uploads\\\/2024\\\/10\\\/4616053348910276158113194627368884070814903n.jpg\",\"width\":1200,\"height\":630},{\"@type\":\"BreadcrumbList\",\"@id\":\"https:\\\/\\\/radiohuancayo.com.pe\\\/wp54\\\/con-la-vuelta-de-messi-scaloni-dio-convocados-de-argentina\\\/#breadcrumb\",\"itemListElement\":[{\"@type\":\"ListItem\",\"position\":1,\"name\":\"Portada\",\"item\":\"https:\\\/\\\/radiohuancayo.com.pe\\\/wp54\\\/\"},{\"@type\":\"ListItem\",\"position\":2,\"name\":\"Con la vuelta de Messi, Scaloni dio convocados de Argentina\"}]},{\"@type\":\"WebSite\",\"@id\":\"https:\\\/\\\/radiohuancayo.com.pe\\\/wp54\\\/#website\",\"url\":\"https:\\\/\\\/radiohuancayo.com.pe\\\/wp54\\\/\",\"name\":\"Radio Huancayo\",\"description\":\"me gusta!!!\",\"publisher\":{\"@id\":\"https:\\\/\\\/radiohuancayo.com.pe\\\/wp54\\\/#organization\"},\"potentialAction\":[{\"@type\":\"SearchAction\",\"target\":{\"@type\":\"EntryPoint\",\"urlTemplate\":\"https:\\\/\\\/radiohuancayo.com.pe\\\/wp54\\\/?s={search_term_string}\"},\"query-input\":{\"@type\":\"PropertyValueSpecification\",\"valueRequired\":true,\"valueName\":\"search_term_string\"}}],\"inLanguage\":\"es\"},{\"@type\":\"Organization\",\"@id\":\"https:\\\/\\\/radiohuancayo.com.pe\\\/wp54\\\/#organization\",\"name\":\"Radio Huancayo\",\"url\":\"https:\\\/\\\/radiohuancayo.com.pe\\\/wp54\\\/\",\"logo\":{\"@type\":\"ImageObject\",\"inLanguage\":\"es\",\"@id\":\"https:\\\/\\\/radiohuancayo.com.pe\\\/wp54\\\/#\\\/schema\\\/logo\\\/image\\\/\",\"url\":\"https:\\\/\\\/radiohuancayo.com.pe\\\/wp54\\\/wp-content\\\/uploads\\\/2022\\\/04\\\/CABE01.png\",\"contentUrl\":\"https:\\\/\\\/radiohuancayo.com.pe\\\/wp54\\\/wp-content\\\/uploads\\\/2022\\\/04\\\/CABE01.png\",\"width\":1640,\"height\":300,\"caption\":\"Radio Huancayo\"},\"image\":{\"@id\":\"https:\\\/\\\/radiohuancayo.com.pe\\\/wp54\\\/#\\\/schema\\\/logo\\\/image\\\/\"}},{\"@type\":\"Person\",\"@id\":\"https:\\\/\\\/radiohuancayo.com.pe\\\/wp54\\\/#\\\/schema\\\/person\\\/74fb124dee9900c6f4d0535fa1d2b5ae\",\"name\":\"Michel Sanchez\",\"image\":{\"@type\":\"ImageObject\",\"inLanguage\":\"es\",\"@id\":\"https:\\\/\\\/secure.gravatar.com\\\/avatar\\\/f7f6944c01b3f15a174d0cf055aea75c46697913fc8a9cf5c3cf3e8800c645f6?s=96&d=mm&r=g\",\"url\":\"https:\\\/\\\/secure.gravatar.com\\\/avatar\\\/f7f6944c01b3f15a174d0cf055aea75c46697913fc8a9cf5c3cf3e8800c645f6?s=96&d=mm&r=g\",\"contentUrl\":\"https:\\\/\\\/secure.gravatar.com\\\/avatar\\\/f7f6944c01b3f15a174d0cf055aea75c46697913fc8a9cf5c3cf3e8800c645f6?s=96&d=mm&r=g\",\"caption\":\"Michel Sanchez\"},\"url\":\"https:\\\/\\\/radiohuancayo.com.pe\\\/wp54\\\/author\\\/memoris\\\/\"}]}<\/script>\n<!-- \/ Yoast SEO plugin. -->","yoast_head_json":{"title":"Con la vuelta de Messi, Scaloni dio convocados de Argentina - Radio Huancayo","robots":{"index":"index","follow":"follow","max-snippet":"max-snippet:-1","max-image-preview":"max-image-preview:large","max-video-preview":"max-video-preview:-1"},"canonical":"https:\/\/radiohuancayo.com.pe\/wp54\/con-la-vuelta-de-messi-scaloni-dio-convocados-de-argentina\/","og_locale":"es_ES","og_type":"article","og_title":"Con la vuelta de Messi, Scaloni dio convocados de Argentina - Radio Huancayo","og_description":"A trav\u00e9s de las redes sociales se confirm\u00f3 que Lionel Messi regresa a la Selecci\u00f3n de Argentina de cara a la fecha FIFA de octubre donde Argentina enfrentar\u00e1 a Venezuela y Bolivia. Tras la derrota ante Colombia, el cuadro albiceleste tendr\u00e1 revancha frente a la &#8216;Vinotinto&#8217; y el cuadro &#8216;Verde&#8217;, por lo que el t\u00e9cnico Lionel Scaloni apel\u00f3 a convocar a Lionel Messi quien ya est\u00e1 recuperado de su lesi\u00f3n que lo margin\u00f3 de la pasada fecha FIFA. Quien no est\u00e1 es el &#8216;Dibu&#8217; Mart\u00ednez quien est\u00e1 sancionado por la FIFA tras lo sucedido luego del encuentro ante Colombia. Pese a ello, el guardameta estar\u00e1 con el equipo. \u00bfCU\u00c1NDO JUEGA ARGENTINA? Vale mencionar que el plantel de 26 futbolistas se estar\u00e1 encontrando en Miami al inicio de la semana pr\u00f3xima y de ah\u00ed partir\u00e1 directo a Venezuela, donde jugar\u00e1 el jueves 10 a las 18. Mientas que cerrar\u00e1 la doble jornada el martes 15 a las 21 vs. Bolivia en el Monumental.","og_url":"https:\/\/radiohuancayo.com.pe\/wp54\/con-la-vuelta-de-messi-scaloni-dio-convocados-de-argentina\/","og_site_name":"Radio Huancayo","article_published_time":"2024-10-02T21:03:43+00:00","og_image":[{"width":1200,"height":630,"url":"https:\/\/radiohuancayo.com.pe\/wp54\/wp-content\/uploads\/2024\/10\/4616053348910276158113194627368884070814903n.jpg","type":"image\/jpeg"}],"author":"Michel Sanchez","twitter_card":"summary_large_image","twitter_misc":{"Escrito por":"Michel Sanchez","Tiempo de lectura":"1 minuto"},"schema":{"@context":"https:\/\/schema.org","@graph":[{"@type":"Article","@id":"https:\/\/radiohuancayo.com.pe\/wp54\/con-la-vuelta-de-messi-scaloni-dio-convocados-de-argentina\/#article","isPartOf":{"@id":"https:\/\/radiohuancayo.com.pe\/wp54\/con-la-vuelta-de-messi-scaloni-dio-convocados-de-argentina\/"},"author":{"name":"Michel Sanchez","@id":"https:\/\/radiohuancayo.com.pe\/wp54\/#\/schema\/person\/74fb124dee9900c6f4d0535fa1d2b5ae"},"headline":"Con la vuelta de Messi, Scaloni dio convocados de Argentina","datePublished":"2024-10-02T21:03:43+00:00","mainEntityOfPage":{"@id":"https:\/\/radiohuancayo.com.pe\/wp54\/con-la-vuelta-de-messi-scaloni-dio-convocados-de-argentina\/"},"wordCount":214,"commentCount":0,"publisher":{"@id":"https:\/\/radiohuancayo.com.pe\/wp54\/#organization"},"image":{"@id":"https:\/\/radiohuancayo.com.pe\/wp54\/con-la-vuelta-de-messi-scaloni-dio-convocados-de-argentina\/#primaryimage"},"thumbnailUrl":"https:\/\/radiohuancayo.com.pe\/wp54\/wp-content\/uploads\/2024\/10\/4616053348910276158113194627368884070814903n.jpg","articleSection":["Deportes"],"inLanguage":"es","potentialAction":[{"@type":"CommentAction","name":"Comment","target":["https:\/\/radiohuancayo.com.pe\/wp54\/con-la-vuelta-de-messi-scaloni-dio-convocados-de-argentina\/#respond"]}]},{"@type":"WebPage","@id":"https:\/\/radiohuancayo.com.pe\/wp54\/con-la-vuelta-de-messi-scaloni-dio-convocados-de-argentina\/","url":"https:\/\/radiohuancayo.com.pe\/wp54\/con-la-vuelta-de-messi-scaloni-dio-convocados-de-argentina\/","name":"Con la vuelta de Messi, Scaloni dio convocados de Argentina - Radio Huancayo","isPartOf":{"@id":"https:\/\/radiohuancayo.com.pe\/wp54\/#website"},"primaryImageOfPage":{"@id":"https:\/\/radiohuancayo.com.pe\/wp54\/con-la-vuelta-de-messi-scaloni-dio-convocados-de-argentina\/#primaryimage"},"image":{"@id":"https:\/\/radiohuancayo.com.pe\/wp54\/con-la-vuelta-de-messi-scaloni-dio-convocados-de-argentina\/#primaryimage"},"thumbnailUrl":"https:\/\/radiohuancayo.com.pe\/wp54\/wp-content\/uploads\/2024\/10\/4616053348910276158113194627368884070814903n.jpg","datePublished":"2024-10-02T21:03:43+00:00","breadcrumb":{"@id":"https:\/\/radiohuancayo.com.pe\/wp54\/con-la-vuelta-de-messi-scaloni-dio-convocados-de-argentina\/#breadcrumb"},"inLanguage":"es","potentialAction":[{"@type":"ReadAction","target":["https:\/\/radiohuancayo.com.pe\/wp54\/con-la-vuelta-de-messi-scaloni-dio-convocados-de-argentina\/"]}]},{"@type":"ImageObject","inLanguage":"es","@id":"https:\/\/radiohuancayo.com.pe\/wp54\/con-la-vuelta-de-messi-scaloni-dio-convocados-de-argentina\/#primaryimage","url":"https:\/\/radiohuancayo.com.pe\/wp54\/wp-content\/uploads\/2024\/10\/4616053348910276158113194627368884070814903n.jpg","contentUrl":"https:\/\/radiohuancayo.com.pe\/wp54\/wp-content\/uploads\/2024\/10\/4616053348910276158113194627368884070814903n.jpg","width":1200,"height":630},{"@type":"BreadcrumbList","@id":"https:\/\/radiohuancayo.com.pe\/wp54\/con-la-vuelta-de-messi-scaloni-dio-convocados-de-argentina\/#breadcrumb","itemListElement":[{"@type":"ListItem","position":1,"name":"Portada","item":"https:\/\/radiohuancayo.com.pe\/wp54\/"},{"@type":"ListItem","position":2,"name":"Con la vuelta de Messi, Scaloni dio convocados de Argentina"}]},{"@type":"WebSite","@id":"https:\/\/radiohuancayo.com.pe\/wp54\/#website","url":"https:\/\/radiohuancayo.com.pe\/wp54\/","name":"Radio Huancayo","description":"me gusta!!!","publisher":{"@id":"https:\/\/radiohuancayo.com.pe\/wp54\/#organization"},"potentialAction":[{"@type":"SearchAction","target":{"@type":"EntryPoint","urlTemplate":"https:\/\/radiohuancayo.com.pe\/wp54\/?s={search_term_string}"},"query-input":{"@type":"PropertyValueSpecification","valueRequired":true,"valueName":"search_term_string"}}],"inLanguage":"es"},{"@type":"Organization","@id":"https:\/\/radiohuancayo.com.pe\/wp54\/#organization","name":"Radio Huancayo","url":"https:\/\/radiohuancayo.com.pe\/wp54\/","logo":{"@type":"ImageObject","inLanguage":"es","@id":"https:\/\/radiohuancayo.com.pe\/wp54\/#\/schema\/logo\/image\/","url":"https:\/\/radiohuancayo.com.pe\/wp54\/wp-content\/uploads\/2022\/04\/CABE01.png","contentUrl":"https:\/\/radiohuancayo.com.pe\/wp54\/wp-content\/uploads\/2022\/04\/CABE01.png","width":1640,"height":300,"caption":"Radio Huancayo"},"image":{"@id":"https:\/\/radiohuancayo.com.pe\/wp54\/#\/schema\/logo\/image\/"}},{"@type":"Person","@id":"https:\/\/radiohuancayo.com.pe\/wp54\/#\/schema\/person\/74fb124dee9900c6f4d0535fa1d2b5ae","name":"Michel Sanchez","image":{"@type":"ImageObject","inLanguage":"es","@id":"https:\/\/secure.gravatar.com\/avatar\/f7f6944c01b3f15a174d0cf055aea75c46697913fc8a9cf5c3cf3e8800c645f6?s=96&d=mm&r=g","url":"https:\/\/secure.gravatar.com\/avatar\/f7f6944c01b3f15a174d0cf055aea75c46697913fc8a9cf5c3cf3e8800c645f6?s=96&d=mm&r=g","contentUrl":"https:\/\/secure.gravatar.com\/avatar\/f7f6944c01b3f15a174d0cf055aea75c46697913fc8a9cf5c3cf3e8800c645f6?s=96&d=mm&r=g","caption":"Michel Sanchez"},"url":"https:\/\/radiohuancayo.com.pe\/wp54\/author\/memoris\/"}]}},"_links":{"self":[{"href":"https:\/\/radiohuancayo.com.pe\/wp54\/wp-json\/wp\/v2\/posts\/28542","targetHints":{"allow":["GET"]}}],"collection":[{"href":"https:\/\/radiohuancayo.com.pe\/wp54\/wp-json\/wp\/v2\/posts"}],"about":[{"href":"https:\/\/radiohuancayo.com.pe\/wp54\/wp-json\/wp\/v2\/types\/post"}],"author":[{"embeddable":true,"href":"https:\/\/radiohuancayo.com.pe\/wp54\/wp-json\/wp\/v2\/users\/2"}],"replies":[{"embeddable":true,"href":"https:\/\/radiohuancayo.com.pe\/wp54\/wp-json\/wp\/v2\/comments?post=28542"}],"version-history":[{"count":1,"href":"https:\/\/radiohuancayo.com.pe\/wp54\/wp-json\/wp\/v2\/posts\/28542\/revisions"}],"predecessor-version":[{"id":28544,"href":"https:\/\/radiohuancayo.com.pe\/wp54\/wp-json\/wp\/v2\/posts\/28542\/revisions\/28544"}],"wp:featuredmedia":[{"embeddable":true,"href":"https:\/\/radiohuancayo.com.pe\/wp54\/wp-json\/wp\/v2\/media\/28543"}],"wp:attachment":[{"href":"https:\/\/radiohuancayo.com.pe\/wp54\/wp-json\/wp\/v2\/media?parent=28542"}],"wp:term":[{"taxonomy":"category","embeddable":true,"href":"https:\/\/radiohuancayo.com.pe\/wp54\/wp-json\/wp\/v2\/categories?post=28542"},{"taxonomy":"post_tag","embeddable":true,"href":"https:\/\/radiohuancayo.com.pe\/wp54\/wp-json\/wp\/v2\/tags?post=28542"}],"curies":[{"name":"wp","href":"https:\/\/api.w.org\/{rel}","templated":true}]}}