{"id":28545,"date":"2024-10-02T16:04:37","date_gmt":"2024-10-02T21:04:37","guid":{"rendered":"https:\/\/radiohuancayo.com.pe\/wp54\/?p=28545"},"modified":"2024-10-02T16:04:37","modified_gmt":"2024-10-02T21:04:37","slug":"peruano-felipe-chavez-debuto-en-la-youth-league-con-el-bayern-munich","status":"publish","type":"post","link":"https:\/\/radiohuancayo.com.pe\/wp54\/peruano-felipe-chavez-debuto-en-la-youth-league-con-el-bayern-munich\/","title":{"rendered":"Peruano Felipe Ch\u00e1vez debut\u00f3 en la Youth League con el Bayern M\u00fanich"},"content":{"rendered":"\n<p>El joven futbolista nacional, Felipe Ch\u00e1vez, de apenas 17 a\u00f1os, fue titular y disput\u00f3 87 minutos en la victoria del Bayern M\u00fanich U19 por 1-0 sobre el Aston Villa U19 en la UEFA Youth League.<\/p>\n\n\n\n<p>Apenas a sus 17 a\u00f1os, el jugador quien se desempe\u00f1a como mediocampista o extremo viene teniendo un buen desempe\u00f1o en el conjunto alem\u00e1n que lo incluy\u00f3 en la lista para jugar el torneo europeo.&nbsp;<\/p>\n\n\n\n<p>Ahora, code\u00e1ndose con jugadores mayores que \u00e9l se encuentra cerca de integrar la reserva del club b\u00e1varo.\u00a0<\/p>\n\n\n\n<p>El siguiente encuentro del Bayern ser\u00e1 ante Barcelona U19 el pr\u00f3ximo 22 de octubre.<\/p>\n","protected":false},"excerpt":{"rendered":"<p>El joven futbolista nacional, Felipe Ch\u00e1vez, de apenas 17 a\u00f1os, fue titular y disput\u00f3 87 minutos en la victoria del Bayern M\u00fanich U19 por 1-0 sobre el Aston Villa U19 en la UEFA Youth League. Apenas a sus 17 a\u00f1os, el jugador quien se desempe\u00f1a como mediocampista o extremo viene teniendo un buen desempe\u00f1o en el conjunto alem\u00e1n que lo incluy\u00f3 en la lista para jugar el torneo europeo.&nbsp; Ahora, code\u00e1ndose con jugadores mayores que \u00e9l se encuentra cerca de integrar la reserva del club b\u00e1varo.\u00a0 El siguiente encuentro del Bayern ser\u00e1 ante Barcelona U19 el pr\u00f3ximo 22 de octubre.<\/p>\n","protected":false},"author":2,"featured_media":28546,"comment_status":"open","ping_status":"open","sticky":false,"template":"","format":"standard","meta":{"footnotes":""},"categories":[7],"tags":[],"class_list":["post-28545","post","type-post","status-publish","format-standard","has-post-thumbnail","hentry","category-deportes"],"yoast_head":"<!-- This site is optimized with the Yoast SEO plugin v27.5 - https:\/\/yoast.com\/product\/yoast-seo-wordpress\/ -->\n<title>Peruano Felipe Ch\u00e1vez debut\u00f3 en la Youth League con el Bayern M\u00fanich - Radio Huancayo<\/title>\n<meta name=\"robots\" content=\"index, follow, max-snippet:-1, max-image-preview:large, max-video-preview:-1\" \/>\n<link rel=\"canonical\" href=\"https:\/\/radiohuancayo.com.pe\/wp54\/peruano-felipe-chavez-debuto-en-la-youth-league-con-el-bayern-munich\/\" \/>\n<meta property=\"og:locale\" content=\"es_ES\" \/>\n<meta property=\"og:type\" content=\"article\" \/>\n<meta property=\"og:title\" content=\"Peruano Felipe Ch\u00e1vez debut\u00f3 en la Youth League con el Bayern M\u00fanich - Radio Huancayo\" \/>\n<meta property=\"og:description\" content=\"El joven futbolista nacional, Felipe Ch\u00e1vez, de apenas 17 a\u00f1os, fue titular y disput\u00f3 87 minutos en la victoria del Bayern M\u00fanich U19 por 1-0 sobre el Aston Villa U19 en la UEFA Youth League. Apenas a sus 17 a\u00f1os, el jugador quien se desempe\u00f1a como mediocampista o extremo viene teniendo un buen desempe\u00f1o en el conjunto alem\u00e1n que lo incluy\u00f3 en la lista para jugar el torneo europeo.&nbsp; Ahora, code\u00e1ndose con jugadores mayores que \u00e9l se encuentra cerca de integrar la reserva del club b\u00e1varo.\u00a0 El siguiente encuentro del Bayern ser\u00e1 ante Barcelona U19 el pr\u00f3ximo 22 de octubre.\" \/>\n<meta property=\"og:url\" content=\"https:\/\/radiohuancayo.com.pe\/wp54\/peruano-felipe-chavez-debuto-en-la-youth-league-con-el-bayern-munich\/\" \/>\n<meta property=\"og:site_name\" content=\"Radio Huancayo\" \/>\n<meta property=\"article:published_time\" content=\"2024-10-02T21:04:37+00:00\" \/>\n<meta property=\"og:image\" content=\"https:\/\/radiohuancayo.com.pe\/wp54\/wp-content\/uploads\/2024\/10\/45906229785556486978271948779769476084180041n.jpg\" \/>\n\t<meta property=\"og:image:width\" content=\"1200\" \/>\n\t<meta property=\"og:image:height\" content=\"630\" \/>\n\t<meta property=\"og:image:type\" content=\"image\/jpeg\" \/>\n<meta name=\"author\" content=\"Michel Sanchez\" \/>\n<meta name=\"twitter:card\" content=\"summary_large_image\" \/>\n<meta name=\"twitter:label1\" content=\"Escrito por\" \/>\n\t<meta name=\"twitter:data1\" content=\"Michel Sanchez\" \/>\n\t<meta name=\"twitter:label2\" content=\"Tiempo de lectura\" \/>\n\t<meta name=\"twitter:data2\" content=\"1 minuto\" \/>\n<script type=\"application\/ld+json\" class=\"yoast-schema-graph\">{\"@context\":\"https:\\\/\\\/schema.org\",\"@graph\":[{\"@type\":\"Article\",\"@id\":\"https:\\\/\\\/radiohuancayo.com.pe\\\/wp54\\\/peruano-felipe-chavez-debuto-en-la-youth-league-con-el-bayern-munich\\\/#article\",\"isPartOf\":{\"@id\":\"https:\\\/\\\/radiohuancayo.com.pe\\\/wp54\\\/peruano-felipe-chavez-debuto-en-la-youth-league-con-el-bayern-munich\\\/\"},\"author\":{\"name\":\"Michel Sanchez\",\"@id\":\"https:\\\/\\\/radiohuancayo.com.pe\\\/wp54\\\/#\\\/schema\\\/person\\\/74fb124dee9900c6f4d0535fa1d2b5ae\"},\"headline\":\"Peruano Felipe Ch\u00e1vez debut\u00f3 en la Youth League con el Bayern M\u00fanich\",\"datePublished\":\"2024-10-02T21:04:37+00:00\",\"mainEntityOfPage\":{\"@id\":\"https:\\\/\\\/radiohuancayo.com.pe\\\/wp54\\\/peruano-felipe-chavez-debuto-en-la-youth-league-con-el-bayern-munich\\\/\"},\"wordCount\":121,\"commentCount\":0,\"publisher\":{\"@id\":\"https:\\\/\\\/radiohuancayo.com.pe\\\/wp54\\\/#organization\"},\"image\":{\"@id\":\"https:\\\/\\\/radiohuancayo.com.pe\\\/wp54\\\/peruano-felipe-chavez-debuto-en-la-youth-league-con-el-bayern-munich\\\/#primaryimage\"},\"thumbnailUrl\":\"https:\\\/\\\/radiohuancayo.com.pe\\\/wp54\\\/wp-content\\\/uploads\\\/2024\\\/10\\\/45906229785556486978271948779769476084180041n.jpg\",\"articleSection\":[\"Deportes\"],\"inLanguage\":\"es\",\"potentialAction\":[{\"@type\":\"CommentAction\",\"name\":\"Comment\",\"target\":[\"https:\\\/\\\/radiohuancayo.com.pe\\\/wp54\\\/peruano-felipe-chavez-debuto-en-la-youth-league-con-el-bayern-munich\\\/#respond\"]}]},{\"@type\":\"WebPage\",\"@id\":\"https:\\\/\\\/radiohuancayo.com.pe\\\/wp54\\\/peruano-felipe-chavez-debuto-en-la-youth-league-con-el-bayern-munich\\\/\",\"url\":\"https:\\\/\\\/radiohuancayo.com.pe\\\/wp54\\\/peruano-felipe-chavez-debuto-en-la-youth-league-con-el-bayern-munich\\\/\",\"name\":\"Peruano Felipe Ch\u00e1vez debut\u00f3 en la Youth League con el Bayern M\u00fanich - Radio Huancayo\",\"isPartOf\":{\"@id\":\"https:\\\/\\\/radiohuancayo.com.pe\\\/wp54\\\/#website\"},\"primaryImageOfPage\":{\"@id\":\"https:\\\/\\\/radiohuancayo.com.pe\\\/wp54\\\/peruano-felipe-chavez-debuto-en-la-youth-league-con-el-bayern-munich\\\/#primaryimage\"},\"image\":{\"@id\":\"https:\\\/\\\/radiohuancayo.com.pe\\\/wp54\\\/peruano-felipe-chavez-debuto-en-la-youth-league-con-el-bayern-munich\\\/#primaryimage\"},\"thumbnailUrl\":\"https:\\\/\\\/radiohuancayo.com.pe\\\/wp54\\\/wp-content\\\/uploads\\\/2024\\\/10\\\/45906229785556486978271948779769476084180041n.jpg\",\"datePublished\":\"2024-10-02T21:04:37+00:00\",\"breadcrumb\":{\"@id\":\"https:\\\/\\\/radiohuancayo.com.pe\\\/wp54\\\/peruano-felipe-chavez-debuto-en-la-youth-league-con-el-bayern-munich\\\/#breadcrumb\"},\"inLanguage\":\"es\",\"potentialAction\":[{\"@type\":\"ReadAction\",\"target\":[\"https:\\\/\\\/radiohuancayo.com.pe\\\/wp54\\\/peruano-felipe-chavez-debuto-en-la-youth-league-con-el-bayern-munich\\\/\"]}]},{\"@type\":\"ImageObject\",\"inLanguage\":\"es\",\"@id\":\"https:\\\/\\\/radiohuancayo.com.pe\\\/wp54\\\/peruano-felipe-chavez-debuto-en-la-youth-league-con-el-bayern-munich\\\/#primaryimage\",\"url\":\"https:\\\/\\\/radiohuancayo.com.pe\\\/wp54\\\/wp-content\\\/uploads\\\/2024\\\/10\\\/45906229785556486978271948779769476084180041n.jpg\",\"contentUrl\":\"https:\\\/\\\/radiohuancayo.com.pe\\\/wp54\\\/wp-content\\\/uploads\\\/2024\\\/10\\\/45906229785556486978271948779769476084180041n.jpg\",\"width\":1200,\"height\":630},{\"@type\":\"BreadcrumbList\",\"@id\":\"https:\\\/\\\/radiohuancayo.com.pe\\\/wp54\\\/peruano-felipe-chavez-debuto-en-la-youth-league-con-el-bayern-munich\\\/#breadcrumb\",\"itemListElement\":[{\"@type\":\"ListItem\",\"position\":1,\"name\":\"Portada\",\"item\":\"https:\\\/\\\/radiohuancayo.com.pe\\\/wp54\\\/\"},{\"@type\":\"ListItem\",\"position\":2,\"name\":\"Peruano Felipe Ch\u00e1vez debut\u00f3 en la Youth League con el Bayern M\u00fanich\"}]},{\"@type\":\"WebSite\",\"@id\":\"https:\\\/\\\/radiohuancayo.com.pe\\\/wp54\\\/#website\",\"url\":\"https:\\\/\\\/radiohuancayo.com.pe\\\/wp54\\\/\",\"name\":\"Radio Huancayo\",\"description\":\"me gusta!!!\",\"publisher\":{\"@id\":\"https:\\\/\\\/radiohuancayo.com.pe\\\/wp54\\\/#organization\"},\"potentialAction\":[{\"@type\":\"SearchAction\",\"target\":{\"@type\":\"EntryPoint\",\"urlTemplate\":\"https:\\\/\\\/radiohuancayo.com.pe\\\/wp54\\\/?s={search_term_string}\"},\"query-input\":{\"@type\":\"PropertyValueSpecification\",\"valueRequired\":true,\"valueName\":\"search_term_string\"}}],\"inLanguage\":\"es\"},{\"@type\":\"Organization\",\"@id\":\"https:\\\/\\\/radiohuancayo.com.pe\\\/wp54\\\/#organization\",\"name\":\"Radio Huancayo\",\"url\":\"https:\\\/\\\/radiohuancayo.com.pe\\\/wp54\\\/\",\"logo\":{\"@type\":\"ImageObject\",\"inLanguage\":\"es\",\"@id\":\"https:\\\/\\\/radiohuancayo.com.pe\\\/wp54\\\/#\\\/schema\\\/logo\\\/image\\\/\",\"url\":\"https:\\\/\\\/radiohuancayo.com.pe\\\/wp54\\\/wp-content\\\/uploads\\\/2022\\\/04\\\/CABE01.png\",\"contentUrl\":\"https:\\\/\\\/radiohuancayo.com.pe\\\/wp54\\\/wp-content\\\/uploads\\\/2022\\\/04\\\/CABE01.png\",\"width\":1640,\"height\":300,\"caption\":\"Radio Huancayo\"},\"image\":{\"@id\":\"https:\\\/\\\/radiohuancayo.com.pe\\\/wp54\\\/#\\\/schema\\\/logo\\\/image\\\/\"}},{\"@type\":\"Person\",\"@id\":\"https:\\\/\\\/radiohuancayo.com.pe\\\/wp54\\\/#\\\/schema\\\/person\\\/74fb124dee9900c6f4d0535fa1d2b5ae\",\"name\":\"Michel Sanchez\",\"image\":{\"@type\":\"ImageObject\",\"inLanguage\":\"es\",\"@id\":\"https:\\\/\\\/secure.gravatar.com\\\/avatar\\\/f7f6944c01b3f15a174d0cf055aea75c46697913fc8a9cf5c3cf3e8800c645f6?s=96&d=mm&r=g\",\"url\":\"https:\\\/\\\/secure.gravatar.com\\\/avatar\\\/f7f6944c01b3f15a174d0cf055aea75c46697913fc8a9cf5c3cf3e8800c645f6?s=96&d=mm&r=g\",\"contentUrl\":\"https:\\\/\\\/secure.gravatar.com\\\/avatar\\\/f7f6944c01b3f15a174d0cf055aea75c46697913fc8a9cf5c3cf3e8800c645f6?s=96&d=mm&r=g\",\"caption\":\"Michel Sanchez\"},\"url\":\"https:\\\/\\\/radiohuancayo.com.pe\\\/wp54\\\/author\\\/memoris\\\/\"}]}<\/script>\n<!-- \/ Yoast SEO plugin. -->","yoast_head_json":{"title":"Peruano Felipe Ch\u00e1vez debut\u00f3 en la Youth League con el Bayern M\u00fanich - Radio Huancayo","robots":{"index":"index","follow":"follow","max-snippet":"max-snippet:-1","max-image-preview":"max-image-preview:large","max-video-preview":"max-video-preview:-1"},"canonical":"https:\/\/radiohuancayo.com.pe\/wp54\/peruano-felipe-chavez-debuto-en-la-youth-league-con-el-bayern-munich\/","og_locale":"es_ES","og_type":"article","og_title":"Peruano Felipe Ch\u00e1vez debut\u00f3 en la Youth League con el Bayern M\u00fanich - Radio Huancayo","og_description":"El joven futbolista nacional, Felipe Ch\u00e1vez, de apenas 17 a\u00f1os, fue titular y disput\u00f3 87 minutos en la victoria del Bayern M\u00fanich U19 por 1-0 sobre el Aston Villa U19 en la UEFA Youth League. Apenas a sus 17 a\u00f1os, el jugador quien se desempe\u00f1a como mediocampista o extremo viene teniendo un buen desempe\u00f1o en el conjunto alem\u00e1n que lo incluy\u00f3 en la lista para jugar el torneo europeo.&nbsp; Ahora, code\u00e1ndose con jugadores mayores que \u00e9l se encuentra cerca de integrar la reserva del club b\u00e1varo.\u00a0 El siguiente encuentro del Bayern ser\u00e1 ante Barcelona U19 el pr\u00f3ximo 22 de octubre.","og_url":"https:\/\/radiohuancayo.com.pe\/wp54\/peruano-felipe-chavez-debuto-en-la-youth-league-con-el-bayern-munich\/","og_site_name":"Radio Huancayo","article_published_time":"2024-10-02T21:04:37+00:00","og_image":[{"width":1200,"height":630,"url":"https:\/\/radiohuancayo.com.pe\/wp54\/wp-content\/uploads\/2024\/10\/45906229785556486978271948779769476084180041n.jpg","type":"image\/jpeg"}],"author":"Michel Sanchez","twitter_card":"summary_large_image","twitter_misc":{"Escrito por":"Michel Sanchez","Tiempo de lectura":"1 minuto"},"schema":{"@context":"https:\/\/schema.org","@graph":[{"@type":"Article","@id":"https:\/\/radiohuancayo.com.pe\/wp54\/peruano-felipe-chavez-debuto-en-la-youth-league-con-el-bayern-munich\/#article","isPartOf":{"@id":"https:\/\/radiohuancayo.com.pe\/wp54\/peruano-felipe-chavez-debuto-en-la-youth-league-con-el-bayern-munich\/"},"author":{"name":"Michel Sanchez","@id":"https:\/\/radiohuancayo.com.pe\/wp54\/#\/schema\/person\/74fb124dee9900c6f4d0535fa1d2b5ae"},"headline":"Peruano Felipe Ch\u00e1vez debut\u00f3 en la Youth League con el Bayern M\u00fanich","datePublished":"2024-10-02T21:04:37+00:00","mainEntityOfPage":{"@id":"https:\/\/radiohuancayo.com.pe\/wp54\/peruano-felipe-chavez-debuto-en-la-youth-league-con-el-bayern-munich\/"},"wordCount":121,"commentCount":0,"publisher":{"@id":"https:\/\/radiohuancayo.com.pe\/wp54\/#organization"},"image":{"@id":"https:\/\/radiohuancayo.com.pe\/wp54\/peruano-felipe-chavez-debuto-en-la-youth-league-con-el-bayern-munich\/#primaryimage"},"thumbnailUrl":"https:\/\/radiohuancayo.com.pe\/wp54\/wp-content\/uploads\/2024\/10\/45906229785556486978271948779769476084180041n.jpg","articleSection":["Deportes"],"inLanguage":"es","potentialAction":[{"@type":"CommentAction","name":"Comment","target":["https:\/\/radiohuancayo.com.pe\/wp54\/peruano-felipe-chavez-debuto-en-la-youth-league-con-el-bayern-munich\/#respond"]}]},{"@type":"WebPage","@id":"https:\/\/radiohuancayo.com.pe\/wp54\/peruano-felipe-chavez-debuto-en-la-youth-league-con-el-bayern-munich\/","url":"https:\/\/radiohuancayo.com.pe\/wp54\/peruano-felipe-chavez-debuto-en-la-youth-league-con-el-bayern-munich\/","name":"Peruano Felipe Ch\u00e1vez debut\u00f3 en la Youth League con el Bayern M\u00fanich - Radio Huancayo","isPartOf":{"@id":"https:\/\/radiohuancayo.com.pe\/wp54\/#website"},"primaryImageOfPage":{"@id":"https:\/\/radiohuancayo.com.pe\/wp54\/peruano-felipe-chavez-debuto-en-la-youth-league-con-el-bayern-munich\/#primaryimage"},"image":{"@id":"https:\/\/radiohuancayo.com.pe\/wp54\/peruano-felipe-chavez-debuto-en-la-youth-league-con-el-bayern-munich\/#primaryimage"},"thumbnailUrl":"https:\/\/radiohuancayo.com.pe\/wp54\/wp-content\/uploads\/2024\/10\/45906229785556486978271948779769476084180041n.jpg","datePublished":"2024-10-02T21:04:37+00:00","breadcrumb":{"@id":"https:\/\/radiohuancayo.com.pe\/wp54\/peruano-felipe-chavez-debuto-en-la-youth-league-con-el-bayern-munich\/#breadcrumb"},"inLanguage":"es","potentialAction":[{"@type":"ReadAction","target":["https:\/\/radiohuancayo.com.pe\/wp54\/peruano-felipe-chavez-debuto-en-la-youth-league-con-el-bayern-munich\/"]}]},{"@type":"ImageObject","inLanguage":"es","@id":"https:\/\/radiohuancayo.com.pe\/wp54\/peruano-felipe-chavez-debuto-en-la-youth-league-con-el-bayern-munich\/#primaryimage","url":"https:\/\/radiohuancayo.com.pe\/wp54\/wp-content\/uploads\/2024\/10\/45906229785556486978271948779769476084180041n.jpg","contentUrl":"https:\/\/radiohuancayo.com.pe\/wp54\/wp-content\/uploads\/2024\/10\/45906229785556486978271948779769476084180041n.jpg","width":1200,"height":630},{"@type":"BreadcrumbList","@id":"https:\/\/radiohuancayo.com.pe\/wp54\/peruano-felipe-chavez-debuto-en-la-youth-league-con-el-bayern-munich\/#breadcrumb","itemListElement":[{"@type":"ListItem","position":1,"name":"Portada","item":"https:\/\/radiohuancayo.com.pe\/wp54\/"},{"@type":"ListItem","position":2,"name":"Peruano Felipe Ch\u00e1vez debut\u00f3 en la Youth League con el Bayern M\u00fanich"}]},{"@type":"WebSite","@id":"https:\/\/radiohuancayo.com.pe\/wp54\/#website","url":"https:\/\/radiohuancayo.com.pe\/wp54\/","name":"Radio Huancayo","description":"me gusta!!!","publisher":{"@id":"https:\/\/radiohuancayo.com.pe\/wp54\/#organization"},"potentialAction":[{"@type":"SearchAction","target":{"@type":"EntryPoint","urlTemplate":"https:\/\/radiohuancayo.com.pe\/wp54\/?s={search_term_string}"},"query-input":{"@type":"PropertyValueSpecification","valueRequired":true,"valueName":"search_term_string"}}],"inLanguage":"es"},{"@type":"Organization","@id":"https:\/\/radiohuancayo.com.pe\/wp54\/#organization","name":"Radio Huancayo","url":"https:\/\/radiohuancayo.com.pe\/wp54\/","logo":{"@type":"ImageObject","inLanguage":"es","@id":"https:\/\/radiohuancayo.com.pe\/wp54\/#\/schema\/logo\/image\/","url":"https:\/\/radiohuancayo.com.pe\/wp54\/wp-content\/uploads\/2022\/04\/CABE01.png","contentUrl":"https:\/\/radiohuancayo.com.pe\/wp54\/wp-content\/uploads\/2022\/04\/CABE01.png","width":1640,"height":300,"caption":"Radio Huancayo"},"image":{"@id":"https:\/\/radiohuancayo.com.pe\/wp54\/#\/schema\/logo\/image\/"}},{"@type":"Person","@id":"https:\/\/radiohuancayo.com.pe\/wp54\/#\/schema\/person\/74fb124dee9900c6f4d0535fa1d2b5ae","name":"Michel Sanchez","image":{"@type":"ImageObject","inLanguage":"es","@id":"https:\/\/secure.gravatar.com\/avatar\/f7f6944c01b3f15a174d0cf055aea75c46697913fc8a9cf5c3cf3e8800c645f6?s=96&d=mm&r=g","url":"https:\/\/secure.gravatar.com\/avatar\/f7f6944c01b3f15a174d0cf055aea75c46697913fc8a9cf5c3cf3e8800c645f6?s=96&d=mm&r=g","contentUrl":"https:\/\/secure.gravatar.com\/avatar\/f7f6944c01b3f15a174d0cf055aea75c46697913fc8a9cf5c3cf3e8800c645f6?s=96&d=mm&r=g","caption":"Michel Sanchez"},"url":"https:\/\/radiohuancayo.com.pe\/wp54\/author\/memoris\/"}]}},"_links":{"self":[{"href":"https:\/\/radiohuancayo.com.pe\/wp54\/wp-json\/wp\/v2\/posts\/28545","targetHints":{"allow":["GET"]}}],"collection":[{"href":"https:\/\/radiohuancayo.com.pe\/wp54\/wp-json\/wp\/v2\/posts"}],"about":[{"href":"https:\/\/radiohuancayo.com.pe\/wp54\/wp-json\/wp\/v2\/types\/post"}],"author":[{"embeddable":true,"href":"https:\/\/radiohuancayo.com.pe\/wp54\/wp-json\/wp\/v2\/users\/2"}],"replies":[{"embeddable":true,"href":"https:\/\/radiohuancayo.com.pe\/wp54\/wp-json\/wp\/v2\/comments?post=28545"}],"version-history":[{"count":1,"href":"https:\/\/radiohuancayo.com.pe\/wp54\/wp-json\/wp\/v2\/posts\/28545\/revisions"}],"predecessor-version":[{"id":28547,"href":"https:\/\/radiohuancayo.com.pe\/wp54\/wp-json\/wp\/v2\/posts\/28545\/revisions\/28547"}],"wp:featuredmedia":[{"embeddable":true,"href":"https:\/\/radiohuancayo.com.pe\/wp54\/wp-json\/wp\/v2\/media\/28546"}],"wp:attachment":[{"href":"https:\/\/radiohuancayo.com.pe\/wp54\/wp-json\/wp\/v2\/media?parent=28545"}],"wp:term":[{"taxonomy":"category","embeddable":true,"href":"https:\/\/radiohuancayo.com.pe\/wp54\/wp-json\/wp\/v2\/categories?post=28545"},{"taxonomy":"post_tag","embeddable":true,"href":"https:\/\/radiohuancayo.com.pe\/wp54\/wp-json\/wp\/v2\/tags?post=28545"}],"curies":[{"name":"wp","href":"https:\/\/api.w.org\/{rel}","templated":true}]}}