{"id":28548,"date":"2024-10-02T16:05:57","date_gmt":"2024-10-02T21:05:57","guid":{"rendered":"https:\/\/radiohuancayo.com.pe\/wp54\/?p=28548"},"modified":"2024-10-02T16:05:57","modified_gmt":"2024-10-02T21:05:57","slug":"piero-quispe-figura-en-el-once-ideal-de-la-fecha-de-la-liga-mx","status":"publish","type":"post","link":"https:\/\/radiohuancayo.com.pe\/wp54\/piero-quispe-figura-en-el-once-ideal-de-la-fecha-de-la-liga-mx\/","title":{"rendered":"Piero Quispe figura en el once ideal de la fecha de la Liga MX"},"content":{"rendered":"\n<p>Tras anotar el gol del triunfo y brillar en el Cl\u00e1sico capitalino, el volante nacional Piero Quispe fue incluido en el once ideal de la d\u00e9cima jornada del Torneo Apertura de M\u00e9xico.<\/p>\n\n\n\n<p>Como se recuerda, el peruano Quispe anot\u00f3 su primer gol de la temporada a los 18 minutos y estuvo cerca de marcar un golazo de media cancha. De esta forma, el futbolista de 23 a\u00f1os se viene afianzando como titular en el equipo &#8216;azteca&#8217;.<\/p>\n\n\n\n<p><\/p>\n\n\n\n<p>Cabe indicar que el pr\u00f3ximo partido del Pumas ser\u00e1 el pr\u00f3ximo s\u00e1bado 5 de octubre, de visita ante el Toluca y buscan ganar para seguir consolid\u00e1ndose en zona de play-offs. Luego, Piero Quispe quedar\u00e1 totalmente mentalizado en la Selecic\u00f3n y las Clasificatorias.<\/p>\n\n\n\n<p><strong>A CONTINUACI\u00d3N, EL XI IDEAL DE LA LIGA MX:<\/strong><\/p>\n\n\n\n<p><strong>Arquero<\/strong>:<br>Julio Gonz\u00e1lez (Pumas)<\/p>\n\n\n\n<p><strong>Defensores<\/strong>:<br>Daniel Guill\u00e9n (Atl\u00e9tico San Luis)<br>Lisandro Magall\u00e1n (Pumas)<br>Jos\u00e9 Garc\u00eda (FC Ju\u00e1rez)<br>Unai Bilbao (Xolos)<\/p>\n\n\n\n<p><strong>Volantes<\/strong>:<br>Kevin Casta\u00f1eda (Xolos)<br>Isa\u00eds Violante (Toluca) MVP<br><strong>Piero Quispe (Pumas)<\/strong><br>Luis N\u00e1jera (Atl\u00e9tico San Luis)<\/p>\n\n\n\n<p><strong>Atacantes<\/strong>:<br>Giorgos Giakoumakis (Cruz Azul)<br>Paulinho (Toluca)<\/p>\n\n\n\n<p>DT Mart\u00edn Anselmi (Cruz Azul)<\/p>\n","protected":false},"excerpt":{"rendered":"<p>Tras anotar el gol del triunfo y brillar en el Cl\u00e1sico capitalino, el volante nacional Piero Quispe fue incluido en el once ideal de la d\u00e9cima jornada del Torneo Apertura de M\u00e9xico. Como se recuerda, el peruano Quispe anot\u00f3 su primer gol de la temporada a los 18 minutos y estuvo cerca de marcar un golazo de media cancha. De esta forma, el futbolista de 23 a\u00f1os se viene afianzando como titular en el equipo &#8216;azteca&#8217;. Cabe indicar que el pr\u00f3ximo partido del Pumas ser\u00e1 el pr\u00f3ximo s\u00e1bado 5 de octubre, de visita ante el Toluca y buscan ganar para seguir consolid\u00e1ndose en zona de play-offs. Luego, Piero Quispe quedar\u00e1 totalmente mentalizado en la Selecic\u00f3n y las Clasificatorias. A CONTINUACI\u00d3N, EL XI IDEAL DE LA LIGA MX: Arquero:Julio Gonz\u00e1lez (Pumas) Defensores:Daniel Guill\u00e9n (Atl\u00e9tico San Luis)Lisandro Magall\u00e1n (Pumas)Jos\u00e9 Garc\u00eda (FC Ju\u00e1rez)Unai Bilbao (Xolos) Volantes:Kevin Casta\u00f1eda (Xolos)Isa\u00eds Violante (Toluca) MVPPiero Quispe (Pumas)Luis N\u00e1jera (Atl\u00e9tico San Luis) Atacantes:Giorgos Giakoumakis (Cruz Azul)Paulinho (Toluca) DT Mart\u00edn Anselmi (Cruz Azul)<\/p>\n","protected":false},"author":2,"featured_media":28549,"comment_status":"open","ping_status":"open","sticky":false,"template":"","format":"standard","meta":{"footnotes":""},"categories":[7],"tags":[],"class_list":["post-28548","post","type-post","status-publish","format-standard","has-post-thumbnail","hentry","category-deportes"],"yoast_head":"<!-- This site is optimized with the Yoast SEO plugin v27.5 - https:\/\/yoast.com\/product\/yoast-seo-wordpress\/ -->\n<title>Piero Quispe figura en el once ideal de la fecha de la Liga MX - Radio Huancayo<\/title>\n<meta name=\"robots\" content=\"index, follow, max-snippet:-1, max-image-preview:large, max-video-preview:-1\" \/>\n<link rel=\"canonical\" href=\"https:\/\/radiohuancayo.com.pe\/wp54\/piero-quispe-figura-en-el-once-ideal-de-la-fecha-de-la-liga-mx\/\" \/>\n<meta property=\"og:locale\" content=\"es_ES\" \/>\n<meta property=\"og:type\" content=\"article\" \/>\n<meta property=\"og:title\" content=\"Piero Quispe figura en el once ideal de la fecha de la Liga MX - Radio Huancayo\" \/>\n<meta property=\"og:description\" content=\"Tras anotar el gol del triunfo y brillar en el Cl\u00e1sico capitalino, el volante nacional Piero Quispe fue incluido en el once ideal de la d\u00e9cima jornada del Torneo Apertura de M\u00e9xico. Como se recuerda, el peruano Quispe anot\u00f3 su primer gol de la temporada a los 18 minutos y estuvo cerca de marcar un golazo de media cancha. De esta forma, el futbolista de 23 a\u00f1os se viene afianzando como titular en el equipo &#8216;azteca&#8217;. Cabe indicar que el pr\u00f3ximo partido del Pumas ser\u00e1 el pr\u00f3ximo s\u00e1bado 5 de octubre, de visita ante el Toluca y buscan ganar para seguir consolid\u00e1ndose en zona de play-offs. Luego, Piero Quispe quedar\u00e1 totalmente mentalizado en la Selecic\u00f3n y las Clasificatorias. A CONTINUACI\u00d3N, EL XI IDEAL DE LA LIGA MX: Arquero:Julio Gonz\u00e1lez (Pumas) Defensores:Daniel Guill\u00e9n (Atl\u00e9tico San Luis)Lisandro Magall\u00e1n (Pumas)Jos\u00e9 Garc\u00eda (FC Ju\u00e1rez)Unai Bilbao (Xolos) Volantes:Kevin Casta\u00f1eda (Xolos)Isa\u00eds Violante (Toluca) MVPPiero Quispe (Pumas)Luis N\u00e1jera (Atl\u00e9tico San Luis) Atacantes:Giorgos Giakoumakis (Cruz Azul)Paulinho (Toluca) DT Mart\u00edn Anselmi (Cruz Azul)\" \/>\n<meta property=\"og:url\" content=\"https:\/\/radiohuancayo.com.pe\/wp54\/piero-quispe-figura-en-el-once-ideal-de-la-fecha-de-la-liga-mx\/\" \/>\n<meta property=\"og:site_name\" content=\"Radio Huancayo\" \/>\n<meta property=\"article:published_time\" content=\"2024-10-02T21:05:57+00:00\" \/>\n<meta property=\"og:image\" content=\"https:\/\/radiohuancayo.com.pe\/wp54\/wp-content\/uploads\/2024\/10\/quispe0210.jpg\" \/>\n\t<meta property=\"og:image:width\" content=\"1200\" \/>\n\t<meta property=\"og:image:height\" content=\"630\" \/>\n\t<meta property=\"og:image:type\" content=\"image\/jpeg\" \/>\n<meta name=\"author\" content=\"Michel Sanchez\" \/>\n<meta name=\"twitter:card\" content=\"summary_large_image\" \/>\n<meta name=\"twitter:label1\" content=\"Escrito por\" \/>\n\t<meta name=\"twitter:data1\" content=\"Michel Sanchez\" \/>\n\t<meta name=\"twitter:label2\" content=\"Tiempo de lectura\" \/>\n\t<meta name=\"twitter:data2\" content=\"1 minuto\" \/>\n<script type=\"application\/ld+json\" class=\"yoast-schema-graph\">{\"@context\":\"https:\\\/\\\/schema.org\",\"@graph\":[{\"@type\":\"Article\",\"@id\":\"https:\\\/\\\/radiohuancayo.com.pe\\\/wp54\\\/piero-quispe-figura-en-el-once-ideal-de-la-fecha-de-la-liga-mx\\\/#article\",\"isPartOf\":{\"@id\":\"https:\\\/\\\/radiohuancayo.com.pe\\\/wp54\\\/piero-quispe-figura-en-el-once-ideal-de-la-fecha-de-la-liga-mx\\\/\"},\"author\":{\"name\":\"Michel Sanchez\",\"@id\":\"https:\\\/\\\/radiohuancayo.com.pe\\\/wp54\\\/#\\\/schema\\\/person\\\/74fb124dee9900c6f4d0535fa1d2b5ae\"},\"headline\":\"Piero Quispe figura en el once ideal de la fecha de la Liga MX\",\"datePublished\":\"2024-10-02T21:05:57+00:00\",\"mainEntityOfPage\":{\"@id\":\"https:\\\/\\\/radiohuancayo.com.pe\\\/wp54\\\/piero-quispe-figura-en-el-once-ideal-de-la-fecha-de-la-liga-mx\\\/\"},\"wordCount\":207,\"commentCount\":0,\"publisher\":{\"@id\":\"https:\\\/\\\/radiohuancayo.com.pe\\\/wp54\\\/#organization\"},\"image\":{\"@id\":\"https:\\\/\\\/radiohuancayo.com.pe\\\/wp54\\\/piero-quispe-figura-en-el-once-ideal-de-la-fecha-de-la-liga-mx\\\/#primaryimage\"},\"thumbnailUrl\":\"https:\\\/\\\/radiohuancayo.com.pe\\\/wp54\\\/wp-content\\\/uploads\\\/2024\\\/10\\\/quispe0210.jpg\",\"articleSection\":[\"Deportes\"],\"inLanguage\":\"es\",\"potentialAction\":[{\"@type\":\"CommentAction\",\"name\":\"Comment\",\"target\":[\"https:\\\/\\\/radiohuancayo.com.pe\\\/wp54\\\/piero-quispe-figura-en-el-once-ideal-de-la-fecha-de-la-liga-mx\\\/#respond\"]}]},{\"@type\":\"WebPage\",\"@id\":\"https:\\\/\\\/radiohuancayo.com.pe\\\/wp54\\\/piero-quispe-figura-en-el-once-ideal-de-la-fecha-de-la-liga-mx\\\/\",\"url\":\"https:\\\/\\\/radiohuancayo.com.pe\\\/wp54\\\/piero-quispe-figura-en-el-once-ideal-de-la-fecha-de-la-liga-mx\\\/\",\"name\":\"Piero Quispe figura en el once ideal de la fecha de la Liga MX - Radio Huancayo\",\"isPartOf\":{\"@id\":\"https:\\\/\\\/radiohuancayo.com.pe\\\/wp54\\\/#website\"},\"primaryImageOfPage\":{\"@id\":\"https:\\\/\\\/radiohuancayo.com.pe\\\/wp54\\\/piero-quispe-figura-en-el-once-ideal-de-la-fecha-de-la-liga-mx\\\/#primaryimage\"},\"image\":{\"@id\":\"https:\\\/\\\/radiohuancayo.com.pe\\\/wp54\\\/piero-quispe-figura-en-el-once-ideal-de-la-fecha-de-la-liga-mx\\\/#primaryimage\"},\"thumbnailUrl\":\"https:\\\/\\\/radiohuancayo.com.pe\\\/wp54\\\/wp-content\\\/uploads\\\/2024\\\/10\\\/quispe0210.jpg\",\"datePublished\":\"2024-10-02T21:05:57+00:00\",\"breadcrumb\":{\"@id\":\"https:\\\/\\\/radiohuancayo.com.pe\\\/wp54\\\/piero-quispe-figura-en-el-once-ideal-de-la-fecha-de-la-liga-mx\\\/#breadcrumb\"},\"inLanguage\":\"es\",\"potentialAction\":[{\"@type\":\"ReadAction\",\"target\":[\"https:\\\/\\\/radiohuancayo.com.pe\\\/wp54\\\/piero-quispe-figura-en-el-once-ideal-de-la-fecha-de-la-liga-mx\\\/\"]}]},{\"@type\":\"ImageObject\",\"inLanguage\":\"es\",\"@id\":\"https:\\\/\\\/radiohuancayo.com.pe\\\/wp54\\\/piero-quispe-figura-en-el-once-ideal-de-la-fecha-de-la-liga-mx\\\/#primaryimage\",\"url\":\"https:\\\/\\\/radiohuancayo.com.pe\\\/wp54\\\/wp-content\\\/uploads\\\/2024\\\/10\\\/quispe0210.jpg\",\"contentUrl\":\"https:\\\/\\\/radiohuancayo.com.pe\\\/wp54\\\/wp-content\\\/uploads\\\/2024\\\/10\\\/quispe0210.jpg\",\"width\":1200,\"height\":630},{\"@type\":\"BreadcrumbList\",\"@id\":\"https:\\\/\\\/radiohuancayo.com.pe\\\/wp54\\\/piero-quispe-figura-en-el-once-ideal-de-la-fecha-de-la-liga-mx\\\/#breadcrumb\",\"itemListElement\":[{\"@type\":\"ListItem\",\"position\":1,\"name\":\"Portada\",\"item\":\"https:\\\/\\\/radiohuancayo.com.pe\\\/wp54\\\/\"},{\"@type\":\"ListItem\",\"position\":2,\"name\":\"Piero Quispe figura en el once ideal de la fecha de la Liga MX\"}]},{\"@type\":\"WebSite\",\"@id\":\"https:\\\/\\\/radiohuancayo.com.pe\\\/wp54\\\/#website\",\"url\":\"https:\\\/\\\/radiohuancayo.com.pe\\\/wp54\\\/\",\"name\":\"Radio Huancayo\",\"description\":\"me gusta!!!\",\"publisher\":{\"@id\":\"https:\\\/\\\/radiohuancayo.com.pe\\\/wp54\\\/#organization\"},\"potentialAction\":[{\"@type\":\"SearchAction\",\"target\":{\"@type\":\"EntryPoint\",\"urlTemplate\":\"https:\\\/\\\/radiohuancayo.com.pe\\\/wp54\\\/?s={search_term_string}\"},\"query-input\":{\"@type\":\"PropertyValueSpecification\",\"valueRequired\":true,\"valueName\":\"search_term_string\"}}],\"inLanguage\":\"es\"},{\"@type\":\"Organization\",\"@id\":\"https:\\\/\\\/radiohuancayo.com.pe\\\/wp54\\\/#organization\",\"name\":\"Radio Huancayo\",\"url\":\"https:\\\/\\\/radiohuancayo.com.pe\\\/wp54\\\/\",\"logo\":{\"@type\":\"ImageObject\",\"inLanguage\":\"es\",\"@id\":\"https:\\\/\\\/radiohuancayo.com.pe\\\/wp54\\\/#\\\/schema\\\/logo\\\/image\\\/\",\"url\":\"https:\\\/\\\/radiohuancayo.com.pe\\\/wp54\\\/wp-content\\\/uploads\\\/2022\\\/04\\\/CABE01.png\",\"contentUrl\":\"https:\\\/\\\/radiohuancayo.com.pe\\\/wp54\\\/wp-content\\\/uploads\\\/2022\\\/04\\\/CABE01.png\",\"width\":1640,\"height\":300,\"caption\":\"Radio Huancayo\"},\"image\":{\"@id\":\"https:\\\/\\\/radiohuancayo.com.pe\\\/wp54\\\/#\\\/schema\\\/logo\\\/image\\\/\"}},{\"@type\":\"Person\",\"@id\":\"https:\\\/\\\/radiohuancayo.com.pe\\\/wp54\\\/#\\\/schema\\\/person\\\/74fb124dee9900c6f4d0535fa1d2b5ae\",\"name\":\"Michel Sanchez\",\"image\":{\"@type\":\"ImageObject\",\"inLanguage\":\"es\",\"@id\":\"https:\\\/\\\/secure.gravatar.com\\\/avatar\\\/f7f6944c01b3f15a174d0cf055aea75c46697913fc8a9cf5c3cf3e8800c645f6?s=96&d=mm&r=g\",\"url\":\"https:\\\/\\\/secure.gravatar.com\\\/avatar\\\/f7f6944c01b3f15a174d0cf055aea75c46697913fc8a9cf5c3cf3e8800c645f6?s=96&d=mm&r=g\",\"contentUrl\":\"https:\\\/\\\/secure.gravatar.com\\\/avatar\\\/f7f6944c01b3f15a174d0cf055aea75c46697913fc8a9cf5c3cf3e8800c645f6?s=96&d=mm&r=g\",\"caption\":\"Michel Sanchez\"},\"url\":\"https:\\\/\\\/radiohuancayo.com.pe\\\/wp54\\\/author\\\/memoris\\\/\"}]}<\/script>\n<!-- \/ Yoast SEO plugin. -->","yoast_head_json":{"title":"Piero Quispe figura en el once ideal de la fecha de la Liga MX - Radio Huancayo","robots":{"index":"index","follow":"follow","max-snippet":"max-snippet:-1","max-image-preview":"max-image-preview:large","max-video-preview":"max-video-preview:-1"},"canonical":"https:\/\/radiohuancayo.com.pe\/wp54\/piero-quispe-figura-en-el-once-ideal-de-la-fecha-de-la-liga-mx\/","og_locale":"es_ES","og_type":"article","og_title":"Piero Quispe figura en el once ideal de la fecha de la Liga MX - Radio Huancayo","og_description":"Tras anotar el gol del triunfo y brillar en el Cl\u00e1sico capitalino, el volante nacional Piero Quispe fue incluido en el once ideal de la d\u00e9cima jornada del Torneo Apertura de M\u00e9xico. Como se recuerda, el peruano Quispe anot\u00f3 su primer gol de la temporada a los 18 minutos y estuvo cerca de marcar un golazo de media cancha. De esta forma, el futbolista de 23 a\u00f1os se viene afianzando como titular en el equipo &#8216;azteca&#8217;. Cabe indicar que el pr\u00f3ximo partido del Pumas ser\u00e1 el pr\u00f3ximo s\u00e1bado 5 de octubre, de visita ante el Toluca y buscan ganar para seguir consolid\u00e1ndose en zona de play-offs. Luego, Piero Quispe quedar\u00e1 totalmente mentalizado en la Selecic\u00f3n y las Clasificatorias. A CONTINUACI\u00d3N, EL XI IDEAL DE LA LIGA MX: Arquero:Julio Gonz\u00e1lez (Pumas) Defensores:Daniel Guill\u00e9n (Atl\u00e9tico San Luis)Lisandro Magall\u00e1n (Pumas)Jos\u00e9 Garc\u00eda (FC Ju\u00e1rez)Unai Bilbao (Xolos) Volantes:Kevin Casta\u00f1eda (Xolos)Isa\u00eds Violante (Toluca) MVPPiero Quispe (Pumas)Luis N\u00e1jera (Atl\u00e9tico San Luis) Atacantes:Giorgos Giakoumakis (Cruz Azul)Paulinho (Toluca) DT Mart\u00edn Anselmi (Cruz Azul)","og_url":"https:\/\/radiohuancayo.com.pe\/wp54\/piero-quispe-figura-en-el-once-ideal-de-la-fecha-de-la-liga-mx\/","og_site_name":"Radio Huancayo","article_published_time":"2024-10-02T21:05:57+00:00","og_image":[{"width":1200,"height":630,"url":"https:\/\/radiohuancayo.com.pe\/wp54\/wp-content\/uploads\/2024\/10\/quispe0210.jpg","type":"image\/jpeg"}],"author":"Michel Sanchez","twitter_card":"summary_large_image","twitter_misc":{"Escrito por":"Michel Sanchez","Tiempo de lectura":"1 minuto"},"schema":{"@context":"https:\/\/schema.org","@graph":[{"@type":"Article","@id":"https:\/\/radiohuancayo.com.pe\/wp54\/piero-quispe-figura-en-el-once-ideal-de-la-fecha-de-la-liga-mx\/#article","isPartOf":{"@id":"https:\/\/radiohuancayo.com.pe\/wp54\/piero-quispe-figura-en-el-once-ideal-de-la-fecha-de-la-liga-mx\/"},"author":{"name":"Michel Sanchez","@id":"https:\/\/radiohuancayo.com.pe\/wp54\/#\/schema\/person\/74fb124dee9900c6f4d0535fa1d2b5ae"},"headline":"Piero Quispe figura en el once ideal de la fecha de la Liga MX","datePublished":"2024-10-02T21:05:57+00:00","mainEntityOfPage":{"@id":"https:\/\/radiohuancayo.com.pe\/wp54\/piero-quispe-figura-en-el-once-ideal-de-la-fecha-de-la-liga-mx\/"},"wordCount":207,"commentCount":0,"publisher":{"@id":"https:\/\/radiohuancayo.com.pe\/wp54\/#organization"},"image":{"@id":"https:\/\/radiohuancayo.com.pe\/wp54\/piero-quispe-figura-en-el-once-ideal-de-la-fecha-de-la-liga-mx\/#primaryimage"},"thumbnailUrl":"https:\/\/radiohuancayo.com.pe\/wp54\/wp-content\/uploads\/2024\/10\/quispe0210.jpg","articleSection":["Deportes"],"inLanguage":"es","potentialAction":[{"@type":"CommentAction","name":"Comment","target":["https:\/\/radiohuancayo.com.pe\/wp54\/piero-quispe-figura-en-el-once-ideal-de-la-fecha-de-la-liga-mx\/#respond"]}]},{"@type":"WebPage","@id":"https:\/\/radiohuancayo.com.pe\/wp54\/piero-quispe-figura-en-el-once-ideal-de-la-fecha-de-la-liga-mx\/","url":"https:\/\/radiohuancayo.com.pe\/wp54\/piero-quispe-figura-en-el-once-ideal-de-la-fecha-de-la-liga-mx\/","name":"Piero Quispe figura en el once ideal de la fecha de la Liga MX - Radio Huancayo","isPartOf":{"@id":"https:\/\/radiohuancayo.com.pe\/wp54\/#website"},"primaryImageOfPage":{"@id":"https:\/\/radiohuancayo.com.pe\/wp54\/piero-quispe-figura-en-el-once-ideal-de-la-fecha-de-la-liga-mx\/#primaryimage"},"image":{"@id":"https:\/\/radiohuancayo.com.pe\/wp54\/piero-quispe-figura-en-el-once-ideal-de-la-fecha-de-la-liga-mx\/#primaryimage"},"thumbnailUrl":"https:\/\/radiohuancayo.com.pe\/wp54\/wp-content\/uploads\/2024\/10\/quispe0210.jpg","datePublished":"2024-10-02T21:05:57+00:00","breadcrumb":{"@id":"https:\/\/radiohuancayo.com.pe\/wp54\/piero-quispe-figura-en-el-once-ideal-de-la-fecha-de-la-liga-mx\/#breadcrumb"},"inLanguage":"es","potentialAction":[{"@type":"ReadAction","target":["https:\/\/radiohuancayo.com.pe\/wp54\/piero-quispe-figura-en-el-once-ideal-de-la-fecha-de-la-liga-mx\/"]}]},{"@type":"ImageObject","inLanguage":"es","@id":"https:\/\/radiohuancayo.com.pe\/wp54\/piero-quispe-figura-en-el-once-ideal-de-la-fecha-de-la-liga-mx\/#primaryimage","url":"https:\/\/radiohuancayo.com.pe\/wp54\/wp-content\/uploads\/2024\/10\/quispe0210.jpg","contentUrl":"https:\/\/radiohuancayo.com.pe\/wp54\/wp-content\/uploads\/2024\/10\/quispe0210.jpg","width":1200,"height":630},{"@type":"BreadcrumbList","@id":"https:\/\/radiohuancayo.com.pe\/wp54\/piero-quispe-figura-en-el-once-ideal-de-la-fecha-de-la-liga-mx\/#breadcrumb","itemListElement":[{"@type":"ListItem","position":1,"name":"Portada","item":"https:\/\/radiohuancayo.com.pe\/wp54\/"},{"@type":"ListItem","position":2,"name":"Piero Quispe figura en el once ideal de la fecha de la Liga MX"}]},{"@type":"WebSite","@id":"https:\/\/radiohuancayo.com.pe\/wp54\/#website","url":"https:\/\/radiohuancayo.com.pe\/wp54\/","name":"Radio Huancayo","description":"me gusta!!!","publisher":{"@id":"https:\/\/radiohuancayo.com.pe\/wp54\/#organization"},"potentialAction":[{"@type":"SearchAction","target":{"@type":"EntryPoint","urlTemplate":"https:\/\/radiohuancayo.com.pe\/wp54\/?s={search_term_string}"},"query-input":{"@type":"PropertyValueSpecification","valueRequired":true,"valueName":"search_term_string"}}],"inLanguage":"es"},{"@type":"Organization","@id":"https:\/\/radiohuancayo.com.pe\/wp54\/#organization","name":"Radio Huancayo","url":"https:\/\/radiohuancayo.com.pe\/wp54\/","logo":{"@type":"ImageObject","inLanguage":"es","@id":"https:\/\/radiohuancayo.com.pe\/wp54\/#\/schema\/logo\/image\/","url":"https:\/\/radiohuancayo.com.pe\/wp54\/wp-content\/uploads\/2022\/04\/CABE01.png","contentUrl":"https:\/\/radiohuancayo.com.pe\/wp54\/wp-content\/uploads\/2022\/04\/CABE01.png","width":1640,"height":300,"caption":"Radio Huancayo"},"image":{"@id":"https:\/\/radiohuancayo.com.pe\/wp54\/#\/schema\/logo\/image\/"}},{"@type":"Person","@id":"https:\/\/radiohuancayo.com.pe\/wp54\/#\/schema\/person\/74fb124dee9900c6f4d0535fa1d2b5ae","name":"Michel Sanchez","image":{"@type":"ImageObject","inLanguage":"es","@id":"https:\/\/secure.gravatar.com\/avatar\/f7f6944c01b3f15a174d0cf055aea75c46697913fc8a9cf5c3cf3e8800c645f6?s=96&d=mm&r=g","url":"https:\/\/secure.gravatar.com\/avatar\/f7f6944c01b3f15a174d0cf055aea75c46697913fc8a9cf5c3cf3e8800c645f6?s=96&d=mm&r=g","contentUrl":"https:\/\/secure.gravatar.com\/avatar\/f7f6944c01b3f15a174d0cf055aea75c46697913fc8a9cf5c3cf3e8800c645f6?s=96&d=mm&r=g","caption":"Michel Sanchez"},"url":"https:\/\/radiohuancayo.com.pe\/wp54\/author\/memoris\/"}]}},"_links":{"self":[{"href":"https:\/\/radiohuancayo.com.pe\/wp54\/wp-json\/wp\/v2\/posts\/28548","targetHints":{"allow":["GET"]}}],"collection":[{"href":"https:\/\/radiohuancayo.com.pe\/wp54\/wp-json\/wp\/v2\/posts"}],"about":[{"href":"https:\/\/radiohuancayo.com.pe\/wp54\/wp-json\/wp\/v2\/types\/post"}],"author":[{"embeddable":true,"href":"https:\/\/radiohuancayo.com.pe\/wp54\/wp-json\/wp\/v2\/users\/2"}],"replies":[{"embeddable":true,"href":"https:\/\/radiohuancayo.com.pe\/wp54\/wp-json\/wp\/v2\/comments?post=28548"}],"version-history":[{"count":1,"href":"https:\/\/radiohuancayo.com.pe\/wp54\/wp-json\/wp\/v2\/posts\/28548\/revisions"}],"predecessor-version":[{"id":28550,"href":"https:\/\/radiohuancayo.com.pe\/wp54\/wp-json\/wp\/v2\/posts\/28548\/revisions\/28550"}],"wp:featuredmedia":[{"embeddable":true,"href":"https:\/\/radiohuancayo.com.pe\/wp54\/wp-json\/wp\/v2\/media\/28549"}],"wp:attachment":[{"href":"https:\/\/radiohuancayo.com.pe\/wp54\/wp-json\/wp\/v2\/media?parent=28548"}],"wp:term":[{"taxonomy":"category","embeddable":true,"href":"https:\/\/radiohuancayo.com.pe\/wp54\/wp-json\/wp\/v2\/categories?post=28548"},{"taxonomy":"post_tag","embeddable":true,"href":"https:\/\/radiohuancayo.com.pe\/wp54\/wp-json\/wp\/v2\/tags?post=28548"}],"curies":[{"name":"wp","href":"https:\/\/api.w.org\/{rel}","templated":true}]}}