{"id":28551,"date":"2024-10-02T16:07:06","date_gmt":"2024-10-02T21:07:06","guid":{"rendered":"https:\/\/radiohuancayo.com.pe\/wp54\/?p=28551"},"modified":"2024-10-02T16:07:06","modified_gmt":"2024-10-02T21:07:06","slug":"llegara-motivado-sonne-en-el-once-ideal-de-septiembre-en-dinamarca","status":"publish","type":"post","link":"https:\/\/radiohuancayo.com.pe\/wp54\/llegara-motivado-sonne-en-el-once-ideal-de-septiembre-en-dinamarca\/","title":{"rendered":"\u00a1Llegar\u00e1 motivado! Sonne en el once ideal de septiembre en Dinamarca"},"content":{"rendered":"\n<p>El futbolista del Silkeborg de Dinamarca, el peruano Oliver Sonne llegar\u00e1 motivado a la fecha FIFA de octubre de cara a los duelos frente a Uruguay y Brasil, esto debido a que fue destacado entre los mejores de la liga de ese pa\u00eds.<\/p>\n\n\n\n<p>La 3F Superliga, dio a conocer el equipo ideal del mes de septiembre donde el peruano resalta como lateral derecho. Recordemos que el futbolista de 23 a\u00f1os ha disputado varios encuentros de la liga danesa donde ha sido titular y tuvo dos asistencias en lo que va del torneo.<\/p>\n\n\n\n<p>Sonne jugar\u00e1 ante el Copenhague de Marcos L\u00f3pez este domingo 06 de octubre por la jornada 11 del torneo y posteriormente ambos jugadores viajar\u00e1n rumbo a Lima para la fecha de Clasificatorias.<\/p>\n","protected":false},"excerpt":{"rendered":"<p>El futbolista del Silkeborg de Dinamarca, el peruano Oliver Sonne llegar\u00e1 motivado a la fecha FIFA de octubre de cara a los duelos frente a Uruguay y Brasil, esto debido a que fue destacado entre los mejores de la liga de ese pa\u00eds. La 3F Superliga, dio a conocer el equipo ideal del mes de septiembre donde el peruano resalta como lateral derecho. Recordemos que el futbolista de 23 a\u00f1os ha disputado varios encuentros de la liga danesa donde ha sido titular y tuvo dos asistencias en lo que va del torneo. Sonne jugar\u00e1 ante el Copenhague de Marcos L\u00f3pez este domingo 06 de octubre por la jornada 11 del torneo y posteriormente ambos jugadores viajar\u00e1n rumbo a Lima para la fecha de Clasificatorias.<\/p>\n","protected":false},"author":2,"featured_media":28552,"comment_status":"open","ping_status":"open","sticky":false,"template":"","format":"standard","meta":{"footnotes":""},"categories":[7],"tags":[],"class_list":["post-28551","post","type-post","status-publish","format-standard","has-post-thumbnail","hentry","category-deportes"],"yoast_head":"<!-- This site is optimized with the Yoast SEO plugin v27.5 - https:\/\/yoast.com\/product\/yoast-seo-wordpress\/ -->\n<title>\u00a1Llegar\u00e1 motivado! Sonne en el once ideal de septiembre en Dinamarca - Radio Huancayo<\/title>\n<meta name=\"robots\" content=\"index, follow, max-snippet:-1, max-image-preview:large, max-video-preview:-1\" \/>\n<link rel=\"canonical\" href=\"https:\/\/radiohuancayo.com.pe\/wp54\/llegara-motivado-sonne-en-el-once-ideal-de-septiembre-en-dinamarca\/\" \/>\n<meta property=\"og:locale\" content=\"es_ES\" \/>\n<meta property=\"og:type\" content=\"article\" \/>\n<meta property=\"og:title\" content=\"\u00a1Llegar\u00e1 motivado! Sonne en el once ideal de septiembre en Dinamarca - Radio Huancayo\" \/>\n<meta property=\"og:description\" content=\"El futbolista del Silkeborg de Dinamarca, el peruano Oliver Sonne llegar\u00e1 motivado a la fecha FIFA de octubre de cara a los duelos frente a Uruguay y Brasil, esto debido a que fue destacado entre los mejores de la liga de ese pa\u00eds. La 3F Superliga, dio a conocer el equipo ideal del mes de septiembre donde el peruano resalta como lateral derecho. Recordemos que el futbolista de 23 a\u00f1os ha disputado varios encuentros de la liga danesa donde ha sido titular y tuvo dos asistencias en lo que va del torneo. Sonne jugar\u00e1 ante el Copenhague de Marcos L\u00f3pez este domingo 06 de octubre por la jornada 11 del torneo y posteriormente ambos jugadores viajar\u00e1n rumbo a Lima para la fecha de Clasificatorias.\" \/>\n<meta property=\"og:url\" content=\"https:\/\/radiohuancayo.com.pe\/wp54\/llegara-motivado-sonne-en-el-once-ideal-de-septiembre-en-dinamarca\/\" \/>\n<meta property=\"og:site_name\" content=\"Radio Huancayo\" \/>\n<meta property=\"article:published_time\" content=\"2024-10-02T21:07:06+00:00\" \/>\n<meta property=\"og:image\" content=\"https:\/\/radiohuancayo.com.pe\/wp54\/wp-content\/uploads\/2024\/10\/4612144508406088279146153613885363104848625n.jpg\" \/>\n\t<meta property=\"og:image:width\" content=\"1200\" \/>\n\t<meta property=\"og:image:height\" content=\"630\" \/>\n\t<meta property=\"og:image:type\" content=\"image\/jpeg\" \/>\n<meta name=\"author\" content=\"Michel Sanchez\" \/>\n<meta name=\"twitter:card\" content=\"summary_large_image\" \/>\n<meta name=\"twitter:label1\" content=\"Escrito por\" \/>\n\t<meta name=\"twitter:data1\" content=\"Michel Sanchez\" \/>\n\t<meta name=\"twitter:label2\" content=\"Tiempo de lectura\" \/>\n\t<meta name=\"twitter:data2\" content=\"1 minuto\" \/>\n<script type=\"application\/ld+json\" class=\"yoast-schema-graph\">{\"@context\":\"https:\\\/\\\/schema.org\",\"@graph\":[{\"@type\":\"Article\",\"@id\":\"https:\\\/\\\/radiohuancayo.com.pe\\\/wp54\\\/llegara-motivado-sonne-en-el-once-ideal-de-septiembre-en-dinamarca\\\/#article\",\"isPartOf\":{\"@id\":\"https:\\\/\\\/radiohuancayo.com.pe\\\/wp54\\\/llegara-motivado-sonne-en-el-once-ideal-de-septiembre-en-dinamarca\\\/\"},\"author\":{\"name\":\"Michel Sanchez\",\"@id\":\"https:\\\/\\\/radiohuancayo.com.pe\\\/wp54\\\/#\\\/schema\\\/person\\\/74fb124dee9900c6f4d0535fa1d2b5ae\"},\"headline\":\"\u00a1Llegar\u00e1 motivado! Sonne en el once ideal de septiembre en Dinamarca\",\"datePublished\":\"2024-10-02T21:07:06+00:00\",\"mainEntityOfPage\":{\"@id\":\"https:\\\/\\\/radiohuancayo.com.pe\\\/wp54\\\/llegara-motivado-sonne-en-el-once-ideal-de-septiembre-en-dinamarca\\\/\"},\"wordCount\":136,\"commentCount\":0,\"publisher\":{\"@id\":\"https:\\\/\\\/radiohuancayo.com.pe\\\/wp54\\\/#organization\"},\"image\":{\"@id\":\"https:\\\/\\\/radiohuancayo.com.pe\\\/wp54\\\/llegara-motivado-sonne-en-el-once-ideal-de-septiembre-en-dinamarca\\\/#primaryimage\"},\"thumbnailUrl\":\"https:\\\/\\\/radiohuancayo.com.pe\\\/wp54\\\/wp-content\\\/uploads\\\/2024\\\/10\\\/4612144508406088279146153613885363104848625n.jpg\",\"articleSection\":[\"Deportes\"],\"inLanguage\":\"es\",\"potentialAction\":[{\"@type\":\"CommentAction\",\"name\":\"Comment\",\"target\":[\"https:\\\/\\\/radiohuancayo.com.pe\\\/wp54\\\/llegara-motivado-sonne-en-el-once-ideal-de-septiembre-en-dinamarca\\\/#respond\"]}]},{\"@type\":\"WebPage\",\"@id\":\"https:\\\/\\\/radiohuancayo.com.pe\\\/wp54\\\/llegara-motivado-sonne-en-el-once-ideal-de-septiembre-en-dinamarca\\\/\",\"url\":\"https:\\\/\\\/radiohuancayo.com.pe\\\/wp54\\\/llegara-motivado-sonne-en-el-once-ideal-de-septiembre-en-dinamarca\\\/\",\"name\":\"\u00a1Llegar\u00e1 motivado! Sonne en el once ideal de septiembre en Dinamarca - Radio Huancayo\",\"isPartOf\":{\"@id\":\"https:\\\/\\\/radiohuancayo.com.pe\\\/wp54\\\/#website\"},\"primaryImageOfPage\":{\"@id\":\"https:\\\/\\\/radiohuancayo.com.pe\\\/wp54\\\/llegara-motivado-sonne-en-el-once-ideal-de-septiembre-en-dinamarca\\\/#primaryimage\"},\"image\":{\"@id\":\"https:\\\/\\\/radiohuancayo.com.pe\\\/wp54\\\/llegara-motivado-sonne-en-el-once-ideal-de-septiembre-en-dinamarca\\\/#primaryimage\"},\"thumbnailUrl\":\"https:\\\/\\\/radiohuancayo.com.pe\\\/wp54\\\/wp-content\\\/uploads\\\/2024\\\/10\\\/4612144508406088279146153613885363104848625n.jpg\",\"datePublished\":\"2024-10-02T21:07:06+00:00\",\"breadcrumb\":{\"@id\":\"https:\\\/\\\/radiohuancayo.com.pe\\\/wp54\\\/llegara-motivado-sonne-en-el-once-ideal-de-septiembre-en-dinamarca\\\/#breadcrumb\"},\"inLanguage\":\"es\",\"potentialAction\":[{\"@type\":\"ReadAction\",\"target\":[\"https:\\\/\\\/radiohuancayo.com.pe\\\/wp54\\\/llegara-motivado-sonne-en-el-once-ideal-de-septiembre-en-dinamarca\\\/\"]}]},{\"@type\":\"ImageObject\",\"inLanguage\":\"es\",\"@id\":\"https:\\\/\\\/radiohuancayo.com.pe\\\/wp54\\\/llegara-motivado-sonne-en-el-once-ideal-de-septiembre-en-dinamarca\\\/#primaryimage\",\"url\":\"https:\\\/\\\/radiohuancayo.com.pe\\\/wp54\\\/wp-content\\\/uploads\\\/2024\\\/10\\\/4612144508406088279146153613885363104848625n.jpg\",\"contentUrl\":\"https:\\\/\\\/radiohuancayo.com.pe\\\/wp54\\\/wp-content\\\/uploads\\\/2024\\\/10\\\/4612144508406088279146153613885363104848625n.jpg\",\"width\":1200,\"height\":630},{\"@type\":\"BreadcrumbList\",\"@id\":\"https:\\\/\\\/radiohuancayo.com.pe\\\/wp54\\\/llegara-motivado-sonne-en-el-once-ideal-de-septiembre-en-dinamarca\\\/#breadcrumb\",\"itemListElement\":[{\"@type\":\"ListItem\",\"position\":1,\"name\":\"Portada\",\"item\":\"https:\\\/\\\/radiohuancayo.com.pe\\\/wp54\\\/\"},{\"@type\":\"ListItem\",\"position\":2,\"name\":\"\u00a1Llegar\u00e1 motivado! Sonne en el once ideal de septiembre en Dinamarca\"}]},{\"@type\":\"WebSite\",\"@id\":\"https:\\\/\\\/radiohuancayo.com.pe\\\/wp54\\\/#website\",\"url\":\"https:\\\/\\\/radiohuancayo.com.pe\\\/wp54\\\/\",\"name\":\"Radio Huancayo\",\"description\":\"me gusta!!!\",\"publisher\":{\"@id\":\"https:\\\/\\\/radiohuancayo.com.pe\\\/wp54\\\/#organization\"},\"potentialAction\":[{\"@type\":\"SearchAction\",\"target\":{\"@type\":\"EntryPoint\",\"urlTemplate\":\"https:\\\/\\\/radiohuancayo.com.pe\\\/wp54\\\/?s={search_term_string}\"},\"query-input\":{\"@type\":\"PropertyValueSpecification\",\"valueRequired\":true,\"valueName\":\"search_term_string\"}}],\"inLanguage\":\"es\"},{\"@type\":\"Organization\",\"@id\":\"https:\\\/\\\/radiohuancayo.com.pe\\\/wp54\\\/#organization\",\"name\":\"Radio Huancayo\",\"url\":\"https:\\\/\\\/radiohuancayo.com.pe\\\/wp54\\\/\",\"logo\":{\"@type\":\"ImageObject\",\"inLanguage\":\"es\",\"@id\":\"https:\\\/\\\/radiohuancayo.com.pe\\\/wp54\\\/#\\\/schema\\\/logo\\\/image\\\/\",\"url\":\"https:\\\/\\\/radiohuancayo.com.pe\\\/wp54\\\/wp-content\\\/uploads\\\/2022\\\/04\\\/CABE01.png\",\"contentUrl\":\"https:\\\/\\\/radiohuancayo.com.pe\\\/wp54\\\/wp-content\\\/uploads\\\/2022\\\/04\\\/CABE01.png\",\"width\":1640,\"height\":300,\"caption\":\"Radio Huancayo\"},\"image\":{\"@id\":\"https:\\\/\\\/radiohuancayo.com.pe\\\/wp54\\\/#\\\/schema\\\/logo\\\/image\\\/\"}},{\"@type\":\"Person\",\"@id\":\"https:\\\/\\\/radiohuancayo.com.pe\\\/wp54\\\/#\\\/schema\\\/person\\\/74fb124dee9900c6f4d0535fa1d2b5ae\",\"name\":\"Michel Sanchez\",\"image\":{\"@type\":\"ImageObject\",\"inLanguage\":\"es\",\"@id\":\"https:\\\/\\\/secure.gravatar.com\\\/avatar\\\/f7f6944c01b3f15a174d0cf055aea75c46697913fc8a9cf5c3cf3e8800c645f6?s=96&d=mm&r=g\",\"url\":\"https:\\\/\\\/secure.gravatar.com\\\/avatar\\\/f7f6944c01b3f15a174d0cf055aea75c46697913fc8a9cf5c3cf3e8800c645f6?s=96&d=mm&r=g\",\"contentUrl\":\"https:\\\/\\\/secure.gravatar.com\\\/avatar\\\/f7f6944c01b3f15a174d0cf055aea75c46697913fc8a9cf5c3cf3e8800c645f6?s=96&d=mm&r=g\",\"caption\":\"Michel Sanchez\"},\"url\":\"https:\\\/\\\/radiohuancayo.com.pe\\\/wp54\\\/author\\\/memoris\\\/\"}]}<\/script>\n<!-- \/ Yoast SEO plugin. -->","yoast_head_json":{"title":"\u00a1Llegar\u00e1 motivado! Sonne en el once ideal de septiembre en Dinamarca - Radio Huancayo","robots":{"index":"index","follow":"follow","max-snippet":"max-snippet:-1","max-image-preview":"max-image-preview:large","max-video-preview":"max-video-preview:-1"},"canonical":"https:\/\/radiohuancayo.com.pe\/wp54\/llegara-motivado-sonne-en-el-once-ideal-de-septiembre-en-dinamarca\/","og_locale":"es_ES","og_type":"article","og_title":"\u00a1Llegar\u00e1 motivado! Sonne en el once ideal de septiembre en Dinamarca - Radio Huancayo","og_description":"El futbolista del Silkeborg de Dinamarca, el peruano Oliver Sonne llegar\u00e1 motivado a la fecha FIFA de octubre de cara a los duelos frente a Uruguay y Brasil, esto debido a que fue destacado entre los mejores de la liga de ese pa\u00eds. La 3F Superliga, dio a conocer el equipo ideal del mes de septiembre donde el peruano resalta como lateral derecho. Recordemos que el futbolista de 23 a\u00f1os ha disputado varios encuentros de la liga danesa donde ha sido titular y tuvo dos asistencias en lo que va del torneo. Sonne jugar\u00e1 ante el Copenhague de Marcos L\u00f3pez este domingo 06 de octubre por la jornada 11 del torneo y posteriormente ambos jugadores viajar\u00e1n rumbo a Lima para la fecha de Clasificatorias.","og_url":"https:\/\/radiohuancayo.com.pe\/wp54\/llegara-motivado-sonne-en-el-once-ideal-de-septiembre-en-dinamarca\/","og_site_name":"Radio Huancayo","article_published_time":"2024-10-02T21:07:06+00:00","og_image":[{"width":1200,"height":630,"url":"https:\/\/radiohuancayo.com.pe\/wp54\/wp-content\/uploads\/2024\/10\/4612144508406088279146153613885363104848625n.jpg","type":"image\/jpeg"}],"author":"Michel Sanchez","twitter_card":"summary_large_image","twitter_misc":{"Escrito por":"Michel Sanchez","Tiempo de lectura":"1 minuto"},"schema":{"@context":"https:\/\/schema.org","@graph":[{"@type":"Article","@id":"https:\/\/radiohuancayo.com.pe\/wp54\/llegara-motivado-sonne-en-el-once-ideal-de-septiembre-en-dinamarca\/#article","isPartOf":{"@id":"https:\/\/radiohuancayo.com.pe\/wp54\/llegara-motivado-sonne-en-el-once-ideal-de-septiembre-en-dinamarca\/"},"author":{"name":"Michel Sanchez","@id":"https:\/\/radiohuancayo.com.pe\/wp54\/#\/schema\/person\/74fb124dee9900c6f4d0535fa1d2b5ae"},"headline":"\u00a1Llegar\u00e1 motivado! Sonne en el once ideal de septiembre en Dinamarca","datePublished":"2024-10-02T21:07:06+00:00","mainEntityOfPage":{"@id":"https:\/\/radiohuancayo.com.pe\/wp54\/llegara-motivado-sonne-en-el-once-ideal-de-septiembre-en-dinamarca\/"},"wordCount":136,"commentCount":0,"publisher":{"@id":"https:\/\/radiohuancayo.com.pe\/wp54\/#organization"},"image":{"@id":"https:\/\/radiohuancayo.com.pe\/wp54\/llegara-motivado-sonne-en-el-once-ideal-de-septiembre-en-dinamarca\/#primaryimage"},"thumbnailUrl":"https:\/\/radiohuancayo.com.pe\/wp54\/wp-content\/uploads\/2024\/10\/4612144508406088279146153613885363104848625n.jpg","articleSection":["Deportes"],"inLanguage":"es","potentialAction":[{"@type":"CommentAction","name":"Comment","target":["https:\/\/radiohuancayo.com.pe\/wp54\/llegara-motivado-sonne-en-el-once-ideal-de-septiembre-en-dinamarca\/#respond"]}]},{"@type":"WebPage","@id":"https:\/\/radiohuancayo.com.pe\/wp54\/llegara-motivado-sonne-en-el-once-ideal-de-septiembre-en-dinamarca\/","url":"https:\/\/radiohuancayo.com.pe\/wp54\/llegara-motivado-sonne-en-el-once-ideal-de-septiembre-en-dinamarca\/","name":"\u00a1Llegar\u00e1 motivado! Sonne en el once ideal de septiembre en Dinamarca - Radio Huancayo","isPartOf":{"@id":"https:\/\/radiohuancayo.com.pe\/wp54\/#website"},"primaryImageOfPage":{"@id":"https:\/\/radiohuancayo.com.pe\/wp54\/llegara-motivado-sonne-en-el-once-ideal-de-septiembre-en-dinamarca\/#primaryimage"},"image":{"@id":"https:\/\/radiohuancayo.com.pe\/wp54\/llegara-motivado-sonne-en-el-once-ideal-de-septiembre-en-dinamarca\/#primaryimage"},"thumbnailUrl":"https:\/\/radiohuancayo.com.pe\/wp54\/wp-content\/uploads\/2024\/10\/4612144508406088279146153613885363104848625n.jpg","datePublished":"2024-10-02T21:07:06+00:00","breadcrumb":{"@id":"https:\/\/radiohuancayo.com.pe\/wp54\/llegara-motivado-sonne-en-el-once-ideal-de-septiembre-en-dinamarca\/#breadcrumb"},"inLanguage":"es","potentialAction":[{"@type":"ReadAction","target":["https:\/\/radiohuancayo.com.pe\/wp54\/llegara-motivado-sonne-en-el-once-ideal-de-septiembre-en-dinamarca\/"]}]},{"@type":"ImageObject","inLanguage":"es","@id":"https:\/\/radiohuancayo.com.pe\/wp54\/llegara-motivado-sonne-en-el-once-ideal-de-septiembre-en-dinamarca\/#primaryimage","url":"https:\/\/radiohuancayo.com.pe\/wp54\/wp-content\/uploads\/2024\/10\/4612144508406088279146153613885363104848625n.jpg","contentUrl":"https:\/\/radiohuancayo.com.pe\/wp54\/wp-content\/uploads\/2024\/10\/4612144508406088279146153613885363104848625n.jpg","width":1200,"height":630},{"@type":"BreadcrumbList","@id":"https:\/\/radiohuancayo.com.pe\/wp54\/llegara-motivado-sonne-en-el-once-ideal-de-septiembre-en-dinamarca\/#breadcrumb","itemListElement":[{"@type":"ListItem","position":1,"name":"Portada","item":"https:\/\/radiohuancayo.com.pe\/wp54\/"},{"@type":"ListItem","position":2,"name":"\u00a1Llegar\u00e1 motivado! Sonne en el once ideal de septiembre en Dinamarca"}]},{"@type":"WebSite","@id":"https:\/\/radiohuancayo.com.pe\/wp54\/#website","url":"https:\/\/radiohuancayo.com.pe\/wp54\/","name":"Radio Huancayo","description":"me gusta!!!","publisher":{"@id":"https:\/\/radiohuancayo.com.pe\/wp54\/#organization"},"potentialAction":[{"@type":"SearchAction","target":{"@type":"EntryPoint","urlTemplate":"https:\/\/radiohuancayo.com.pe\/wp54\/?s={search_term_string}"},"query-input":{"@type":"PropertyValueSpecification","valueRequired":true,"valueName":"search_term_string"}}],"inLanguage":"es"},{"@type":"Organization","@id":"https:\/\/radiohuancayo.com.pe\/wp54\/#organization","name":"Radio Huancayo","url":"https:\/\/radiohuancayo.com.pe\/wp54\/","logo":{"@type":"ImageObject","inLanguage":"es","@id":"https:\/\/radiohuancayo.com.pe\/wp54\/#\/schema\/logo\/image\/","url":"https:\/\/radiohuancayo.com.pe\/wp54\/wp-content\/uploads\/2022\/04\/CABE01.png","contentUrl":"https:\/\/radiohuancayo.com.pe\/wp54\/wp-content\/uploads\/2022\/04\/CABE01.png","width":1640,"height":300,"caption":"Radio Huancayo"},"image":{"@id":"https:\/\/radiohuancayo.com.pe\/wp54\/#\/schema\/logo\/image\/"}},{"@type":"Person","@id":"https:\/\/radiohuancayo.com.pe\/wp54\/#\/schema\/person\/74fb124dee9900c6f4d0535fa1d2b5ae","name":"Michel Sanchez","image":{"@type":"ImageObject","inLanguage":"es","@id":"https:\/\/secure.gravatar.com\/avatar\/f7f6944c01b3f15a174d0cf055aea75c46697913fc8a9cf5c3cf3e8800c645f6?s=96&d=mm&r=g","url":"https:\/\/secure.gravatar.com\/avatar\/f7f6944c01b3f15a174d0cf055aea75c46697913fc8a9cf5c3cf3e8800c645f6?s=96&d=mm&r=g","contentUrl":"https:\/\/secure.gravatar.com\/avatar\/f7f6944c01b3f15a174d0cf055aea75c46697913fc8a9cf5c3cf3e8800c645f6?s=96&d=mm&r=g","caption":"Michel Sanchez"},"url":"https:\/\/radiohuancayo.com.pe\/wp54\/author\/memoris\/"}]}},"_links":{"self":[{"href":"https:\/\/radiohuancayo.com.pe\/wp54\/wp-json\/wp\/v2\/posts\/28551","targetHints":{"allow":["GET"]}}],"collection":[{"href":"https:\/\/radiohuancayo.com.pe\/wp54\/wp-json\/wp\/v2\/posts"}],"about":[{"href":"https:\/\/radiohuancayo.com.pe\/wp54\/wp-json\/wp\/v2\/types\/post"}],"author":[{"embeddable":true,"href":"https:\/\/radiohuancayo.com.pe\/wp54\/wp-json\/wp\/v2\/users\/2"}],"replies":[{"embeddable":true,"href":"https:\/\/radiohuancayo.com.pe\/wp54\/wp-json\/wp\/v2\/comments?post=28551"}],"version-history":[{"count":1,"href":"https:\/\/radiohuancayo.com.pe\/wp54\/wp-json\/wp\/v2\/posts\/28551\/revisions"}],"predecessor-version":[{"id":28553,"href":"https:\/\/radiohuancayo.com.pe\/wp54\/wp-json\/wp\/v2\/posts\/28551\/revisions\/28553"}],"wp:featuredmedia":[{"embeddable":true,"href":"https:\/\/radiohuancayo.com.pe\/wp54\/wp-json\/wp\/v2\/media\/28552"}],"wp:attachment":[{"href":"https:\/\/radiohuancayo.com.pe\/wp54\/wp-json\/wp\/v2\/media?parent=28551"}],"wp:term":[{"taxonomy":"category","embeddable":true,"href":"https:\/\/radiohuancayo.com.pe\/wp54\/wp-json\/wp\/v2\/categories?post=28551"},{"taxonomy":"post_tag","embeddable":true,"href":"https:\/\/radiohuancayo.com.pe\/wp54\/wp-json\/wp\/v2\/tags?post=28551"}],"curies":[{"name":"wp","href":"https:\/\/api.w.org\/{rel}","templated":true}]}}