{"id":28557,"date":"2024-10-02T16:09:43","date_gmt":"2024-10-02T21:09:43","guid":{"rendered":"https:\/\/radiohuancayo.com.pe\/wp54\/?p=28557"},"modified":"2024-10-02T16:09:43","modified_gmt":"2024-10-02T21:09:43","slug":"toma-el-mando-de-la-misilera-dt-argentino-cristian-paulucci-dirigira-a-sport-boys","status":"publish","type":"post","link":"https:\/\/radiohuancayo.com.pe\/wp54\/toma-el-mando-de-la-misilera-dt-argentino-cristian-paulucci-dirigira-a-sport-boys\/","title":{"rendered":"\u00a1Toma el mando de la &#8216;Misilera&#8217;! DT argentino Cristian Paulucci dirigir\u00e1 a Sport Boys"},"content":{"rendered":"\n<p>Agarra fierro caliente. Luego de varias idas y vueltas,\u00a0se pudo confirmar que el t\u00e9cnico argentino Cristian Paulucci fue elegido por la administraci\u00f3n de Sport Boys para dirigir al cuadro rosado hasta finales del 2025.<\/p>\n\n\n\n<p>Paulucci viene de dirigir al Celaya de la Segunda del f\u00fatbol mexicano y antes entren\u00f3 al Club Deportivo Ciudad Real con el que sali\u00f3 campe\u00f3n de la tercera divisi\u00f3n del balompi\u00e9 espa\u00f1ol y logr\u00f3 ascender a la Segunda.<\/p>\n\n\n\n<p>Por un tema de visado, Paulucci no pudo continuar en Espa\u00f1a y esto lo llev\u00f3 hasta M\u00e9xico, en donde desde setiembre 2023 hasta abril del a\u00f1o 2024, se desempe\u00f1\u00f3 como t\u00e9cnico del Celaya, club de la Liga Expansi\u00f3n MX, y aunque le ofrecieron renovar, el t\u00e9cnico argentino nuevamente opt\u00f3 por salir a buscar nuevos horizontes.\u00a0<\/p>\n\n\n\n<p>El estratega argentino, de 51 a\u00f1os de edad, tambi\u00e9n visti\u00f3 el buzo de la U. Cat\u00f3lica de Chile con el que logr\u00f3 el t\u00edtulo en el 2021 transform\u00e1ndose en el primer club en la historia del f\u00fatbol chileno en conseguir un tetracampeonato de torneos anuales.&nbsp;Para el a\u00f1o siguiente, Paulucci dej\u00f3 su cargo como entrenador por cumplir una campa\u00f1a muy irregular.<\/p>\n\n\n\n<p>El periodista Gustavo Peralta confirm\u00f3, a trav\u00e9s de sus redes sociales, que Paulucci tendr\u00e1 como asistente al chileno Cristi\u00e1n Salazar y el preparador f\u00edsico ser\u00e1 el argentino Emiliano Fleitas.<\/p>\n\n\n\n<h3 class=\"wp-block-heading\"><strong>\u00bfC\u00f3mo marcha Boys en la tabla acumulada?<\/strong><\/h3>\n\n\n\n<p>Recordemos que Sport Boys actualmente ocupa la casilla 12 en la tabla acumulada con 33 puntos, cuatro m\u00e1s que los equipos que se encuentran en zona de descenso y seis menos lo separan del octavo lugar que tiene derecho a un cupo a la Copa Sudamericana.<\/p>\n","protected":false},"excerpt":{"rendered":"<p>Agarra fierro caliente. Luego de varias idas y vueltas,\u00a0se pudo confirmar que el t\u00e9cnico argentino Cristian Paulucci fue elegido por la administraci\u00f3n de Sport Boys para dirigir al cuadro rosado hasta finales del 2025. Paulucci viene de dirigir al Celaya de la Segunda del f\u00fatbol mexicano y antes entren\u00f3 al Club Deportivo Ciudad Real con el que sali\u00f3 campe\u00f3n de la tercera divisi\u00f3n del balompi\u00e9 espa\u00f1ol y logr\u00f3 ascender a la Segunda. Por un tema de visado, Paulucci no pudo continuar en Espa\u00f1a y esto lo llev\u00f3 hasta M\u00e9xico, en donde desde setiembre 2023 hasta abril del a\u00f1o 2024, se desempe\u00f1\u00f3 como t\u00e9cnico del Celaya, club de la Liga Expansi\u00f3n MX, y aunque le ofrecieron renovar, el t\u00e9cnico argentino nuevamente opt\u00f3 por salir a buscar nuevos horizontes.\u00a0 El estratega argentino, de 51 a\u00f1os de edad, tambi\u00e9n visti\u00f3 el buzo de la U. Cat\u00f3lica de Chile con el que logr\u00f3 el t\u00edtulo en el 2021 transform\u00e1ndose en el primer club en la historia del f\u00fatbol chileno en conseguir un tetracampeonato de torneos anuales.&nbsp;Para el a\u00f1o siguiente, Paulucci dej\u00f3 su cargo como entrenador por cumplir una campa\u00f1a muy irregular. El periodista Gustavo Peralta confirm\u00f3, a trav\u00e9s de sus redes sociales, que Paulucci tendr\u00e1 como asistente al chileno Cristi\u00e1n Salazar y el preparador f\u00edsico ser\u00e1 el argentino Emiliano Fleitas. \u00bfC\u00f3mo marcha Boys en la tabla acumulada? Recordemos que Sport Boys actualmente ocupa la casilla 12 en la tabla acumulada con 33 puntos, cuatro m\u00e1s que los equipos que se encuentran en zona de descenso y seis menos lo separan del octavo lugar que tiene derecho a un cupo a la Copa Sudamericana.<\/p>\n","protected":false},"author":2,"featured_media":28558,"comment_status":"open","ping_status":"open","sticky":false,"template":"","format":"standard","meta":{"footnotes":""},"categories":[7],"tags":[],"class_list":["post-28557","post","type-post","status-publish","format-standard","has-post-thumbnail","hentry","category-deportes"],"yoast_head":"<!-- This site is optimized with the Yoast SEO plugin v27.5 - https:\/\/yoast.com\/product\/yoast-seo-wordpress\/ -->\n<title>\u00a1Toma el mando de la &#039;Misilera&#039;! DT argentino Cristian Paulucci dirigir\u00e1 a Sport Boys - Radio Huancayo<\/title>\n<meta name=\"robots\" content=\"index, follow, max-snippet:-1, max-image-preview:large, max-video-preview:-1\" \/>\n<link rel=\"canonical\" href=\"https:\/\/radiohuancayo.com.pe\/wp54\/toma-el-mando-de-la-misilera-dt-argentino-cristian-paulucci-dirigira-a-sport-boys\/\" \/>\n<meta property=\"og:locale\" content=\"es_ES\" \/>\n<meta property=\"og:type\" content=\"article\" \/>\n<meta property=\"og:title\" content=\"\u00a1Toma el mando de la &#039;Misilera&#039;! DT argentino Cristian Paulucci dirigir\u00e1 a Sport Boys - Radio Huancayo\" \/>\n<meta property=\"og:description\" content=\"Agarra fierro caliente. Luego de varias idas y vueltas,\u00a0se pudo confirmar que el t\u00e9cnico argentino Cristian Paulucci fue elegido por la administraci\u00f3n de Sport Boys para dirigir al cuadro rosado hasta finales del 2025. Paulucci viene de dirigir al Celaya de la Segunda del f\u00fatbol mexicano y antes entren\u00f3 al Club Deportivo Ciudad Real con el que sali\u00f3 campe\u00f3n de la tercera divisi\u00f3n del balompi\u00e9 espa\u00f1ol y logr\u00f3 ascender a la Segunda. Por un tema de visado, Paulucci no pudo continuar en Espa\u00f1a y esto lo llev\u00f3 hasta M\u00e9xico, en donde desde setiembre 2023 hasta abril del a\u00f1o 2024, se desempe\u00f1\u00f3 como t\u00e9cnico del Celaya, club de la Liga Expansi\u00f3n MX, y aunque le ofrecieron renovar, el t\u00e9cnico argentino nuevamente opt\u00f3 por salir a buscar nuevos horizontes.\u00a0 El estratega argentino, de 51 a\u00f1os de edad, tambi\u00e9n visti\u00f3 el buzo de la U. Cat\u00f3lica de Chile con el que logr\u00f3 el t\u00edtulo en el 2021 transform\u00e1ndose en el primer club en la historia del f\u00fatbol chileno en conseguir un tetracampeonato de torneos anuales.&nbsp;Para el a\u00f1o siguiente, Paulucci dej\u00f3 su cargo como entrenador por cumplir una campa\u00f1a muy irregular. El periodista Gustavo Peralta confirm\u00f3, a trav\u00e9s de sus redes sociales, que Paulucci tendr\u00e1 como asistente al chileno Cristi\u00e1n Salazar y el preparador f\u00edsico ser\u00e1 el argentino Emiliano Fleitas. \u00bfC\u00f3mo marcha Boys en la tabla acumulada? Recordemos que Sport Boys actualmente ocupa la casilla 12 en la tabla acumulada con 33 puntos, cuatro m\u00e1s que los equipos que se encuentran en zona de descenso y seis menos lo separan del octavo lugar que tiene derecho a un cupo a la Copa Sudamericana.\" \/>\n<meta property=\"og:url\" content=\"https:\/\/radiohuancayo.com.pe\/wp54\/toma-el-mando-de-la-misilera-dt-argentino-cristian-paulucci-dirigira-a-sport-boys\/\" \/>\n<meta property=\"og:site_name\" content=\"Radio Huancayo\" \/>\n<meta property=\"article:published_time\" content=\"2024-10-02T21:09:43+00:00\" \/>\n<meta property=\"og:image\" content=\"https:\/\/radiohuancayo.com.pe\/wp54\/wp-content\/uploads\/2024\/10\/46122300837645661305267241869716151072469123n.jpg\" \/>\n\t<meta property=\"og:image:width\" content=\"1200\" \/>\n\t<meta property=\"og:image:height\" content=\"630\" \/>\n\t<meta property=\"og:image:type\" content=\"image\/jpeg\" \/>\n<meta name=\"author\" content=\"Michel Sanchez\" \/>\n<meta name=\"twitter:card\" content=\"summary_large_image\" \/>\n<meta name=\"twitter:label1\" content=\"Escrito por\" \/>\n\t<meta name=\"twitter:data1\" content=\"Michel Sanchez\" \/>\n\t<meta name=\"twitter:label2\" content=\"Tiempo de lectura\" \/>\n\t<meta name=\"twitter:data2\" content=\"2 minutos\" \/>\n<script type=\"application\/ld+json\" class=\"yoast-schema-graph\">{\"@context\":\"https:\\\/\\\/schema.org\",\"@graph\":[{\"@type\":\"Article\",\"@id\":\"https:\\\/\\\/radiohuancayo.com.pe\\\/wp54\\\/toma-el-mando-de-la-misilera-dt-argentino-cristian-paulucci-dirigira-a-sport-boys\\\/#article\",\"isPartOf\":{\"@id\":\"https:\\\/\\\/radiohuancayo.com.pe\\\/wp54\\\/toma-el-mando-de-la-misilera-dt-argentino-cristian-paulucci-dirigira-a-sport-boys\\\/\"},\"author\":{\"name\":\"Michel Sanchez\",\"@id\":\"https:\\\/\\\/radiohuancayo.com.pe\\\/wp54\\\/#\\\/schema\\\/person\\\/74fb124dee9900c6f4d0535fa1d2b5ae\"},\"headline\":\"\u00a1Toma el mando de la &#8216;Misilera&#8217;! DT argentino Cristian Paulucci dirigir\u00e1 a Sport Boys\",\"datePublished\":\"2024-10-02T21:09:43+00:00\",\"mainEntityOfPage\":{\"@id\":\"https:\\\/\\\/radiohuancayo.com.pe\\\/wp54\\\/toma-el-mando-de-la-misilera-dt-argentino-cristian-paulucci-dirigira-a-sport-boys\\\/\"},\"wordCount\":304,\"commentCount\":0,\"publisher\":{\"@id\":\"https:\\\/\\\/radiohuancayo.com.pe\\\/wp54\\\/#organization\"},\"image\":{\"@id\":\"https:\\\/\\\/radiohuancayo.com.pe\\\/wp54\\\/toma-el-mando-de-la-misilera-dt-argentino-cristian-paulucci-dirigira-a-sport-boys\\\/#primaryimage\"},\"thumbnailUrl\":\"https:\\\/\\\/radiohuancayo.com.pe\\\/wp54\\\/wp-content\\\/uploads\\\/2024\\\/10\\\/46122300837645661305267241869716151072469123n.jpg\",\"articleSection\":[\"Deportes\"],\"inLanguage\":\"es\",\"potentialAction\":[{\"@type\":\"CommentAction\",\"name\":\"Comment\",\"target\":[\"https:\\\/\\\/radiohuancayo.com.pe\\\/wp54\\\/toma-el-mando-de-la-misilera-dt-argentino-cristian-paulucci-dirigira-a-sport-boys\\\/#respond\"]}]},{\"@type\":\"WebPage\",\"@id\":\"https:\\\/\\\/radiohuancayo.com.pe\\\/wp54\\\/toma-el-mando-de-la-misilera-dt-argentino-cristian-paulucci-dirigira-a-sport-boys\\\/\",\"url\":\"https:\\\/\\\/radiohuancayo.com.pe\\\/wp54\\\/toma-el-mando-de-la-misilera-dt-argentino-cristian-paulucci-dirigira-a-sport-boys\\\/\",\"name\":\"\u00a1Toma el mando de la 'Misilera'! DT argentino Cristian Paulucci dirigir\u00e1 a Sport Boys - Radio Huancayo\",\"isPartOf\":{\"@id\":\"https:\\\/\\\/radiohuancayo.com.pe\\\/wp54\\\/#website\"},\"primaryImageOfPage\":{\"@id\":\"https:\\\/\\\/radiohuancayo.com.pe\\\/wp54\\\/toma-el-mando-de-la-misilera-dt-argentino-cristian-paulucci-dirigira-a-sport-boys\\\/#primaryimage\"},\"image\":{\"@id\":\"https:\\\/\\\/radiohuancayo.com.pe\\\/wp54\\\/toma-el-mando-de-la-misilera-dt-argentino-cristian-paulucci-dirigira-a-sport-boys\\\/#primaryimage\"},\"thumbnailUrl\":\"https:\\\/\\\/radiohuancayo.com.pe\\\/wp54\\\/wp-content\\\/uploads\\\/2024\\\/10\\\/46122300837645661305267241869716151072469123n.jpg\",\"datePublished\":\"2024-10-02T21:09:43+00:00\",\"breadcrumb\":{\"@id\":\"https:\\\/\\\/radiohuancayo.com.pe\\\/wp54\\\/toma-el-mando-de-la-misilera-dt-argentino-cristian-paulucci-dirigira-a-sport-boys\\\/#breadcrumb\"},\"inLanguage\":\"es\",\"potentialAction\":[{\"@type\":\"ReadAction\",\"target\":[\"https:\\\/\\\/radiohuancayo.com.pe\\\/wp54\\\/toma-el-mando-de-la-misilera-dt-argentino-cristian-paulucci-dirigira-a-sport-boys\\\/\"]}]},{\"@type\":\"ImageObject\",\"inLanguage\":\"es\",\"@id\":\"https:\\\/\\\/radiohuancayo.com.pe\\\/wp54\\\/toma-el-mando-de-la-misilera-dt-argentino-cristian-paulucci-dirigira-a-sport-boys\\\/#primaryimage\",\"url\":\"https:\\\/\\\/radiohuancayo.com.pe\\\/wp54\\\/wp-content\\\/uploads\\\/2024\\\/10\\\/46122300837645661305267241869716151072469123n.jpg\",\"contentUrl\":\"https:\\\/\\\/radiohuancayo.com.pe\\\/wp54\\\/wp-content\\\/uploads\\\/2024\\\/10\\\/46122300837645661305267241869716151072469123n.jpg\",\"width\":1200,\"height\":630},{\"@type\":\"BreadcrumbList\",\"@id\":\"https:\\\/\\\/radiohuancayo.com.pe\\\/wp54\\\/toma-el-mando-de-la-misilera-dt-argentino-cristian-paulucci-dirigira-a-sport-boys\\\/#breadcrumb\",\"itemListElement\":[{\"@type\":\"ListItem\",\"position\":1,\"name\":\"Portada\",\"item\":\"https:\\\/\\\/radiohuancayo.com.pe\\\/wp54\\\/\"},{\"@type\":\"ListItem\",\"position\":2,\"name\":\"\u00a1Toma el mando de la &#8216;Misilera&#8217;! DT argentino Cristian Paulucci dirigir\u00e1 a Sport Boys\"}]},{\"@type\":\"WebSite\",\"@id\":\"https:\\\/\\\/radiohuancayo.com.pe\\\/wp54\\\/#website\",\"url\":\"https:\\\/\\\/radiohuancayo.com.pe\\\/wp54\\\/\",\"name\":\"Radio Huancayo\",\"description\":\"me gusta!!!\",\"publisher\":{\"@id\":\"https:\\\/\\\/radiohuancayo.com.pe\\\/wp54\\\/#organization\"},\"potentialAction\":[{\"@type\":\"SearchAction\",\"target\":{\"@type\":\"EntryPoint\",\"urlTemplate\":\"https:\\\/\\\/radiohuancayo.com.pe\\\/wp54\\\/?s={search_term_string}\"},\"query-input\":{\"@type\":\"PropertyValueSpecification\",\"valueRequired\":true,\"valueName\":\"search_term_string\"}}],\"inLanguage\":\"es\"},{\"@type\":\"Organization\",\"@id\":\"https:\\\/\\\/radiohuancayo.com.pe\\\/wp54\\\/#organization\",\"name\":\"Radio Huancayo\",\"url\":\"https:\\\/\\\/radiohuancayo.com.pe\\\/wp54\\\/\",\"logo\":{\"@type\":\"ImageObject\",\"inLanguage\":\"es\",\"@id\":\"https:\\\/\\\/radiohuancayo.com.pe\\\/wp54\\\/#\\\/schema\\\/logo\\\/image\\\/\",\"url\":\"https:\\\/\\\/radiohuancayo.com.pe\\\/wp54\\\/wp-content\\\/uploads\\\/2022\\\/04\\\/CABE01.png\",\"contentUrl\":\"https:\\\/\\\/radiohuancayo.com.pe\\\/wp54\\\/wp-content\\\/uploads\\\/2022\\\/04\\\/CABE01.png\",\"width\":1640,\"height\":300,\"caption\":\"Radio Huancayo\"},\"image\":{\"@id\":\"https:\\\/\\\/radiohuancayo.com.pe\\\/wp54\\\/#\\\/schema\\\/logo\\\/image\\\/\"}},{\"@type\":\"Person\",\"@id\":\"https:\\\/\\\/radiohuancayo.com.pe\\\/wp54\\\/#\\\/schema\\\/person\\\/74fb124dee9900c6f4d0535fa1d2b5ae\",\"name\":\"Michel Sanchez\",\"image\":{\"@type\":\"ImageObject\",\"inLanguage\":\"es\",\"@id\":\"https:\\\/\\\/secure.gravatar.com\\\/avatar\\\/f7f6944c01b3f15a174d0cf055aea75c46697913fc8a9cf5c3cf3e8800c645f6?s=96&d=mm&r=g\",\"url\":\"https:\\\/\\\/secure.gravatar.com\\\/avatar\\\/f7f6944c01b3f15a174d0cf055aea75c46697913fc8a9cf5c3cf3e8800c645f6?s=96&d=mm&r=g\",\"contentUrl\":\"https:\\\/\\\/secure.gravatar.com\\\/avatar\\\/f7f6944c01b3f15a174d0cf055aea75c46697913fc8a9cf5c3cf3e8800c645f6?s=96&d=mm&r=g\",\"caption\":\"Michel Sanchez\"},\"url\":\"https:\\\/\\\/radiohuancayo.com.pe\\\/wp54\\\/author\\\/memoris\\\/\"}]}<\/script>\n<!-- \/ Yoast SEO plugin. -->","yoast_head_json":{"title":"\u00a1Toma el mando de la 'Misilera'! DT argentino Cristian Paulucci dirigir\u00e1 a Sport Boys - Radio Huancayo","robots":{"index":"index","follow":"follow","max-snippet":"max-snippet:-1","max-image-preview":"max-image-preview:large","max-video-preview":"max-video-preview:-1"},"canonical":"https:\/\/radiohuancayo.com.pe\/wp54\/toma-el-mando-de-la-misilera-dt-argentino-cristian-paulucci-dirigira-a-sport-boys\/","og_locale":"es_ES","og_type":"article","og_title":"\u00a1Toma el mando de la 'Misilera'! DT argentino Cristian Paulucci dirigir\u00e1 a Sport Boys - Radio Huancayo","og_description":"Agarra fierro caliente. Luego de varias idas y vueltas,\u00a0se pudo confirmar que el t\u00e9cnico argentino Cristian Paulucci fue elegido por la administraci\u00f3n de Sport Boys para dirigir al cuadro rosado hasta finales del 2025. Paulucci viene de dirigir al Celaya de la Segunda del f\u00fatbol mexicano y antes entren\u00f3 al Club Deportivo Ciudad Real con el que sali\u00f3 campe\u00f3n de la tercera divisi\u00f3n del balompi\u00e9 espa\u00f1ol y logr\u00f3 ascender a la Segunda. Por un tema de visado, Paulucci no pudo continuar en Espa\u00f1a y esto lo llev\u00f3 hasta M\u00e9xico, en donde desde setiembre 2023 hasta abril del a\u00f1o 2024, se desempe\u00f1\u00f3 como t\u00e9cnico del Celaya, club de la Liga Expansi\u00f3n MX, y aunque le ofrecieron renovar, el t\u00e9cnico argentino nuevamente opt\u00f3 por salir a buscar nuevos horizontes.\u00a0 El estratega argentino, de 51 a\u00f1os de edad, tambi\u00e9n visti\u00f3 el buzo de la U. Cat\u00f3lica de Chile con el que logr\u00f3 el t\u00edtulo en el 2021 transform\u00e1ndose en el primer club en la historia del f\u00fatbol chileno en conseguir un tetracampeonato de torneos anuales.&nbsp;Para el a\u00f1o siguiente, Paulucci dej\u00f3 su cargo como entrenador por cumplir una campa\u00f1a muy irregular. El periodista Gustavo Peralta confirm\u00f3, a trav\u00e9s de sus redes sociales, que Paulucci tendr\u00e1 como asistente al chileno Cristi\u00e1n Salazar y el preparador f\u00edsico ser\u00e1 el argentino Emiliano Fleitas. \u00bfC\u00f3mo marcha Boys en la tabla acumulada? Recordemos que Sport Boys actualmente ocupa la casilla 12 en la tabla acumulada con 33 puntos, cuatro m\u00e1s que los equipos que se encuentran en zona de descenso y seis menos lo separan del octavo lugar que tiene derecho a un cupo a la Copa Sudamericana.","og_url":"https:\/\/radiohuancayo.com.pe\/wp54\/toma-el-mando-de-la-misilera-dt-argentino-cristian-paulucci-dirigira-a-sport-boys\/","og_site_name":"Radio Huancayo","article_published_time":"2024-10-02T21:09:43+00:00","og_image":[{"width":1200,"height":630,"url":"https:\/\/radiohuancayo.com.pe\/wp54\/wp-content\/uploads\/2024\/10\/46122300837645661305267241869716151072469123n.jpg","type":"image\/jpeg"}],"author":"Michel Sanchez","twitter_card":"summary_large_image","twitter_misc":{"Escrito por":"Michel Sanchez","Tiempo de lectura":"2 minutos"},"schema":{"@context":"https:\/\/schema.org","@graph":[{"@type":"Article","@id":"https:\/\/radiohuancayo.com.pe\/wp54\/toma-el-mando-de-la-misilera-dt-argentino-cristian-paulucci-dirigira-a-sport-boys\/#article","isPartOf":{"@id":"https:\/\/radiohuancayo.com.pe\/wp54\/toma-el-mando-de-la-misilera-dt-argentino-cristian-paulucci-dirigira-a-sport-boys\/"},"author":{"name":"Michel Sanchez","@id":"https:\/\/radiohuancayo.com.pe\/wp54\/#\/schema\/person\/74fb124dee9900c6f4d0535fa1d2b5ae"},"headline":"\u00a1Toma el mando de la &#8216;Misilera&#8217;! DT argentino Cristian Paulucci dirigir\u00e1 a Sport Boys","datePublished":"2024-10-02T21:09:43+00:00","mainEntityOfPage":{"@id":"https:\/\/radiohuancayo.com.pe\/wp54\/toma-el-mando-de-la-misilera-dt-argentino-cristian-paulucci-dirigira-a-sport-boys\/"},"wordCount":304,"commentCount":0,"publisher":{"@id":"https:\/\/radiohuancayo.com.pe\/wp54\/#organization"},"image":{"@id":"https:\/\/radiohuancayo.com.pe\/wp54\/toma-el-mando-de-la-misilera-dt-argentino-cristian-paulucci-dirigira-a-sport-boys\/#primaryimage"},"thumbnailUrl":"https:\/\/radiohuancayo.com.pe\/wp54\/wp-content\/uploads\/2024\/10\/46122300837645661305267241869716151072469123n.jpg","articleSection":["Deportes"],"inLanguage":"es","potentialAction":[{"@type":"CommentAction","name":"Comment","target":["https:\/\/radiohuancayo.com.pe\/wp54\/toma-el-mando-de-la-misilera-dt-argentino-cristian-paulucci-dirigira-a-sport-boys\/#respond"]}]},{"@type":"WebPage","@id":"https:\/\/radiohuancayo.com.pe\/wp54\/toma-el-mando-de-la-misilera-dt-argentino-cristian-paulucci-dirigira-a-sport-boys\/","url":"https:\/\/radiohuancayo.com.pe\/wp54\/toma-el-mando-de-la-misilera-dt-argentino-cristian-paulucci-dirigira-a-sport-boys\/","name":"\u00a1Toma el mando de la 'Misilera'! DT argentino Cristian Paulucci dirigir\u00e1 a Sport Boys - Radio Huancayo","isPartOf":{"@id":"https:\/\/radiohuancayo.com.pe\/wp54\/#website"},"primaryImageOfPage":{"@id":"https:\/\/radiohuancayo.com.pe\/wp54\/toma-el-mando-de-la-misilera-dt-argentino-cristian-paulucci-dirigira-a-sport-boys\/#primaryimage"},"image":{"@id":"https:\/\/radiohuancayo.com.pe\/wp54\/toma-el-mando-de-la-misilera-dt-argentino-cristian-paulucci-dirigira-a-sport-boys\/#primaryimage"},"thumbnailUrl":"https:\/\/radiohuancayo.com.pe\/wp54\/wp-content\/uploads\/2024\/10\/46122300837645661305267241869716151072469123n.jpg","datePublished":"2024-10-02T21:09:43+00:00","breadcrumb":{"@id":"https:\/\/radiohuancayo.com.pe\/wp54\/toma-el-mando-de-la-misilera-dt-argentino-cristian-paulucci-dirigira-a-sport-boys\/#breadcrumb"},"inLanguage":"es","potentialAction":[{"@type":"ReadAction","target":["https:\/\/radiohuancayo.com.pe\/wp54\/toma-el-mando-de-la-misilera-dt-argentino-cristian-paulucci-dirigira-a-sport-boys\/"]}]},{"@type":"ImageObject","inLanguage":"es","@id":"https:\/\/radiohuancayo.com.pe\/wp54\/toma-el-mando-de-la-misilera-dt-argentino-cristian-paulucci-dirigira-a-sport-boys\/#primaryimage","url":"https:\/\/radiohuancayo.com.pe\/wp54\/wp-content\/uploads\/2024\/10\/46122300837645661305267241869716151072469123n.jpg","contentUrl":"https:\/\/radiohuancayo.com.pe\/wp54\/wp-content\/uploads\/2024\/10\/46122300837645661305267241869716151072469123n.jpg","width":1200,"height":630},{"@type":"BreadcrumbList","@id":"https:\/\/radiohuancayo.com.pe\/wp54\/toma-el-mando-de-la-misilera-dt-argentino-cristian-paulucci-dirigira-a-sport-boys\/#breadcrumb","itemListElement":[{"@type":"ListItem","position":1,"name":"Portada","item":"https:\/\/radiohuancayo.com.pe\/wp54\/"},{"@type":"ListItem","position":2,"name":"\u00a1Toma el mando de la &#8216;Misilera&#8217;! DT argentino Cristian Paulucci dirigir\u00e1 a Sport Boys"}]},{"@type":"WebSite","@id":"https:\/\/radiohuancayo.com.pe\/wp54\/#website","url":"https:\/\/radiohuancayo.com.pe\/wp54\/","name":"Radio Huancayo","description":"me gusta!!!","publisher":{"@id":"https:\/\/radiohuancayo.com.pe\/wp54\/#organization"},"potentialAction":[{"@type":"SearchAction","target":{"@type":"EntryPoint","urlTemplate":"https:\/\/radiohuancayo.com.pe\/wp54\/?s={search_term_string}"},"query-input":{"@type":"PropertyValueSpecification","valueRequired":true,"valueName":"search_term_string"}}],"inLanguage":"es"},{"@type":"Organization","@id":"https:\/\/radiohuancayo.com.pe\/wp54\/#organization","name":"Radio Huancayo","url":"https:\/\/radiohuancayo.com.pe\/wp54\/","logo":{"@type":"ImageObject","inLanguage":"es","@id":"https:\/\/radiohuancayo.com.pe\/wp54\/#\/schema\/logo\/image\/","url":"https:\/\/radiohuancayo.com.pe\/wp54\/wp-content\/uploads\/2022\/04\/CABE01.png","contentUrl":"https:\/\/radiohuancayo.com.pe\/wp54\/wp-content\/uploads\/2022\/04\/CABE01.png","width":1640,"height":300,"caption":"Radio Huancayo"},"image":{"@id":"https:\/\/radiohuancayo.com.pe\/wp54\/#\/schema\/logo\/image\/"}},{"@type":"Person","@id":"https:\/\/radiohuancayo.com.pe\/wp54\/#\/schema\/person\/74fb124dee9900c6f4d0535fa1d2b5ae","name":"Michel Sanchez","image":{"@type":"ImageObject","inLanguage":"es","@id":"https:\/\/secure.gravatar.com\/avatar\/f7f6944c01b3f15a174d0cf055aea75c46697913fc8a9cf5c3cf3e8800c645f6?s=96&d=mm&r=g","url":"https:\/\/secure.gravatar.com\/avatar\/f7f6944c01b3f15a174d0cf055aea75c46697913fc8a9cf5c3cf3e8800c645f6?s=96&d=mm&r=g","contentUrl":"https:\/\/secure.gravatar.com\/avatar\/f7f6944c01b3f15a174d0cf055aea75c46697913fc8a9cf5c3cf3e8800c645f6?s=96&d=mm&r=g","caption":"Michel Sanchez"},"url":"https:\/\/radiohuancayo.com.pe\/wp54\/author\/memoris\/"}]}},"_links":{"self":[{"href":"https:\/\/radiohuancayo.com.pe\/wp54\/wp-json\/wp\/v2\/posts\/28557","targetHints":{"allow":["GET"]}}],"collection":[{"href":"https:\/\/radiohuancayo.com.pe\/wp54\/wp-json\/wp\/v2\/posts"}],"about":[{"href":"https:\/\/radiohuancayo.com.pe\/wp54\/wp-json\/wp\/v2\/types\/post"}],"author":[{"embeddable":true,"href":"https:\/\/radiohuancayo.com.pe\/wp54\/wp-json\/wp\/v2\/users\/2"}],"replies":[{"embeddable":true,"href":"https:\/\/radiohuancayo.com.pe\/wp54\/wp-json\/wp\/v2\/comments?post=28557"}],"version-history":[{"count":1,"href":"https:\/\/radiohuancayo.com.pe\/wp54\/wp-json\/wp\/v2\/posts\/28557\/revisions"}],"predecessor-version":[{"id":28559,"href":"https:\/\/radiohuancayo.com.pe\/wp54\/wp-json\/wp\/v2\/posts\/28557\/revisions\/28559"}],"wp:featuredmedia":[{"embeddable":true,"href":"https:\/\/radiohuancayo.com.pe\/wp54\/wp-json\/wp\/v2\/media\/28558"}],"wp:attachment":[{"href":"https:\/\/radiohuancayo.com.pe\/wp54\/wp-json\/wp\/v2\/media?parent=28557"}],"wp:term":[{"taxonomy":"category","embeddable":true,"href":"https:\/\/radiohuancayo.com.pe\/wp54\/wp-json\/wp\/v2\/categories?post=28557"},{"taxonomy":"post_tag","embeddable":true,"href":"https:\/\/radiohuancayo.com.pe\/wp54\/wp-json\/wp\/v2\/tags?post=28557"}],"curies":[{"name":"wp","href":"https:\/\/api.w.org\/{rel}","templated":true}]}}