{"id":28613,"date":"2024-10-19T11:51:18","date_gmt":"2024-10-19T16:51:18","guid":{"rendered":"https:\/\/radiohuancayo.com.pe\/wp54\/?p=28613"},"modified":"2024-10-19T11:51:18","modified_gmt":"2024-10-19T16:51:18","slug":"cueva-extrano-mucho-la-seleccion-pero-tambien-me-siento-feliz-de-estar-en-cienciano","status":"publish","type":"post","link":"https:\/\/radiohuancayo.com.pe\/wp54\/cueva-extrano-mucho-la-seleccion-pero-tambien-me-siento-feliz-de-estar-en-cienciano\/","title":{"rendered":"Cueva: \u00abExtra\u00f1o mucho la selecci\u00f3n, pero tambi\u00e9n me siento feliz de estar en Cienciano\u00bb"},"content":{"rendered":"\n<p>Christian Cueva, volante de Cienciano, confes\u00f3 su deseo de volver a la selecci\u00f3n peruana, aunque actualmente est\u00e1 enfocado en el cuadro imperial.<\/p>\n\n\n\n<p>\u201cDespu\u00e9s de mucho tiempo sin arrancar un partido, pr\u00e1cticamente un a\u00f1o, me sent\u00ed bien y por eso estoy feliz. Encontr\u00e9 un equipo que me da esa confianza, y sinceramente me sent\u00ed bien. Espero seguir as\u00ed y terminar de la mejor manera\u201d, asegur\u00f3 en L1 Max.<\/p>\n\n\n\n<p>Luego, el creativo a\u00f1adi\u00f3: \u201cTengo que seguir trabajando para dar lo mejor de m\u00ed. Estos partidos me ayudan mucho. Lamentablemente, hay cosas que pasan en un partido, como lo de hoy, que una jugada no se termine y se interrumpa tanto tiempo. Son cosas que cortan las expectativas que tenemos como equipo\u201d.<\/p>\n\n\n\n<p>Cueva tambi\u00e9n se refiri\u00f3 a su estado f\u00edsico: \u201cSiempre trabajo en lo f\u00edsico, busco estar cada vez mejor. S\u00e9 que los tiempos han sido cortos, no he tenido una pretemporada con un club, pero m\u00e1s all\u00e1 de eso, mis compa\u00f1eros y el cuerpo t\u00e9cnico me est\u00e1n ayudando para poder mantenerme bien y, de repente, dar lo mejor de m\u00ed, que es lo que quiero\u201d.<\/p>\n\n\n\n<h3 class=\"wp-block-heading\"><strong>Regreso a la selecci\u00f3n<\/strong><\/h3>\n\n\n\n<p>Finalmente, el volante habl\u00f3 sobre su posible regreso al combinado patrio: \u00abExtra\u00f1o mucho la selecci\u00f3n, pero tambi\u00e9n me siento feliz de estar en Cienciano. Es lo que me mantiene de pie, lo que me mantiene firme: buscar ser feliz jugando al f\u00fatbol\u201d.<\/p>\n","protected":false},"excerpt":{"rendered":"<p>Christian Cueva, volante de Cienciano, confes\u00f3 su deseo de volver a la selecci\u00f3n peruana, aunque actualmente est\u00e1 enfocado en el cuadro imperial. \u201cDespu\u00e9s de mucho tiempo sin arrancar un partido, pr\u00e1cticamente un a\u00f1o, me sent\u00ed bien y por eso estoy feliz. Encontr\u00e9 un equipo que me da esa confianza, y sinceramente me sent\u00ed bien. Espero seguir as\u00ed y terminar de la mejor manera\u201d, asegur\u00f3 en L1 Max. Luego, el creativo a\u00f1adi\u00f3: \u201cTengo que seguir trabajando para dar lo mejor de m\u00ed. Estos partidos me ayudan mucho. Lamentablemente, hay cosas que pasan en un partido, como lo de hoy, que una jugada no se termine y se interrumpa tanto tiempo. Son cosas que cortan las expectativas que tenemos como equipo\u201d. Cueva tambi\u00e9n se refiri\u00f3 a su estado f\u00edsico: \u201cSiempre trabajo en lo f\u00edsico, busco estar cada vez mejor. S\u00e9 que los tiempos han sido cortos, no he tenido una pretemporada con un club, pero m\u00e1s all\u00e1 de eso, mis compa\u00f1eros y el cuerpo t\u00e9cnico me est\u00e1n ayudando para poder mantenerme bien y, de repente, dar lo mejor de m\u00ed, que es lo que quiero\u201d. Regreso a la selecci\u00f3n Finalmente, el volante habl\u00f3 sobre su posible regreso al combinado patrio: \u00abExtra\u00f1o mucho la selecci\u00f3n, pero tambi\u00e9n me siento feliz de estar en Cienciano. Es lo que me mantiene de pie, lo que me mantiene firme: buscar ser feliz jugando al f\u00fatbol\u201d.<\/p>\n","protected":false},"author":2,"featured_media":28614,"comment_status":"open","ping_status":"open","sticky":false,"template":"","format":"standard","meta":{"footnotes":""},"categories":[7],"tags":[],"class_list":["post-28613","post","type-post","status-publish","format-standard","has-post-thumbnail","hentry","category-deportes"],"yoast_head":"<!-- This site is optimized with the Yoast SEO plugin v27.5 - https:\/\/yoast.com\/product\/yoast-seo-wordpress\/ -->\n<title>Cueva: &quot;Extra\u00f1o mucho la selecci\u00f3n, pero tambi\u00e9n me siento feliz de estar en Cienciano&quot; - Radio Huancayo<\/title>\n<meta name=\"robots\" content=\"index, follow, max-snippet:-1, max-image-preview:large, max-video-preview:-1\" \/>\n<link rel=\"canonical\" href=\"https:\/\/radiohuancayo.com.pe\/wp54\/cueva-extrano-mucho-la-seleccion-pero-tambien-me-siento-feliz-de-estar-en-cienciano\/\" \/>\n<meta property=\"og:locale\" content=\"es_ES\" \/>\n<meta property=\"og:type\" content=\"article\" \/>\n<meta property=\"og:title\" content=\"Cueva: &quot;Extra\u00f1o mucho la selecci\u00f3n, pero tambi\u00e9n me siento feliz de estar en Cienciano&quot; - Radio Huancayo\" \/>\n<meta property=\"og:description\" content=\"Christian Cueva, volante de Cienciano, confes\u00f3 su deseo de volver a la selecci\u00f3n peruana, aunque actualmente est\u00e1 enfocado en el cuadro imperial. \u201cDespu\u00e9s de mucho tiempo sin arrancar un partido, pr\u00e1cticamente un a\u00f1o, me sent\u00ed bien y por eso estoy feliz. Encontr\u00e9 un equipo que me da esa confianza, y sinceramente me sent\u00ed bien. Espero seguir as\u00ed y terminar de la mejor manera\u201d, asegur\u00f3 en L1 Max. Luego, el creativo a\u00f1adi\u00f3: \u201cTengo que seguir trabajando para dar lo mejor de m\u00ed. Estos partidos me ayudan mucho. Lamentablemente, hay cosas que pasan en un partido, como lo de hoy, que una jugada no se termine y se interrumpa tanto tiempo. Son cosas que cortan las expectativas que tenemos como equipo\u201d. Cueva tambi\u00e9n se refiri\u00f3 a su estado f\u00edsico: \u201cSiempre trabajo en lo f\u00edsico, busco estar cada vez mejor. S\u00e9 que los tiempos han sido cortos, no he tenido una pretemporada con un club, pero m\u00e1s all\u00e1 de eso, mis compa\u00f1eros y el cuerpo t\u00e9cnico me est\u00e1n ayudando para poder mantenerme bien y, de repente, dar lo mejor de m\u00ed, que es lo que quiero\u201d. Regreso a la selecci\u00f3n Finalmente, el volante habl\u00f3 sobre su posible regreso al combinado patrio: \u00abExtra\u00f1o mucho la selecci\u00f3n, pero tambi\u00e9n me siento feliz de estar en Cienciano. Es lo que me mantiene de pie, lo que me mantiene firme: buscar ser feliz jugando al f\u00fatbol\u201d.\" \/>\n<meta property=\"og:url\" content=\"https:\/\/radiohuancayo.com.pe\/wp54\/cueva-extrano-mucho-la-seleccion-pero-tambien-me-siento-feliz-de-estar-en-cienciano\/\" \/>\n<meta property=\"og:site_name\" content=\"Radio Huancayo\" \/>\n<meta property=\"article:published_time\" content=\"2024-10-19T16:51:18+00:00\" \/>\n<meta property=\"og:image\" content=\"https:\/\/radiohuancayo.com.pe\/wp54\/wp-content\/uploads\/2024\/10\/4625608429233938896606115320663445977697329n.jpg\" \/>\n\t<meta property=\"og:image:width\" content=\"1200\" \/>\n\t<meta property=\"og:image:height\" content=\"630\" \/>\n\t<meta property=\"og:image:type\" content=\"image\/jpeg\" \/>\n<meta name=\"author\" content=\"Michel Sanchez\" \/>\n<meta name=\"twitter:card\" content=\"summary_large_image\" \/>\n<meta name=\"twitter:label1\" content=\"Escrito por\" \/>\n\t<meta name=\"twitter:data1\" content=\"Michel Sanchez\" \/>\n\t<meta name=\"twitter:label2\" content=\"Tiempo de lectura\" \/>\n\t<meta name=\"twitter:data2\" content=\"2 minutos\" \/>\n<script type=\"application\/ld+json\" class=\"yoast-schema-graph\">{\"@context\":\"https:\\\/\\\/schema.org\",\"@graph\":[{\"@type\":\"Article\",\"@id\":\"https:\\\/\\\/radiohuancayo.com.pe\\\/wp54\\\/cueva-extrano-mucho-la-seleccion-pero-tambien-me-siento-feliz-de-estar-en-cienciano\\\/#article\",\"isPartOf\":{\"@id\":\"https:\\\/\\\/radiohuancayo.com.pe\\\/wp54\\\/cueva-extrano-mucho-la-seleccion-pero-tambien-me-siento-feliz-de-estar-en-cienciano\\\/\"},\"author\":{\"name\":\"Michel Sanchez\",\"@id\":\"https:\\\/\\\/radiohuancayo.com.pe\\\/wp54\\\/#\\\/schema\\\/person\\\/74fb124dee9900c6f4d0535fa1d2b5ae\"},\"headline\":\"Cueva: \u00abExtra\u00f1o mucho la selecci\u00f3n, pero tambi\u00e9n me siento feliz de estar en Cienciano\u00bb\",\"datePublished\":\"2024-10-19T16:51:18+00:00\",\"mainEntityOfPage\":{\"@id\":\"https:\\\/\\\/radiohuancayo.com.pe\\\/wp54\\\/cueva-extrano-mucho-la-seleccion-pero-tambien-me-siento-feliz-de-estar-en-cienciano\\\/\"},\"wordCount\":263,\"commentCount\":0,\"publisher\":{\"@id\":\"https:\\\/\\\/radiohuancayo.com.pe\\\/wp54\\\/#organization\"},\"image\":{\"@id\":\"https:\\\/\\\/radiohuancayo.com.pe\\\/wp54\\\/cueva-extrano-mucho-la-seleccion-pero-tambien-me-siento-feliz-de-estar-en-cienciano\\\/#primaryimage\"},\"thumbnailUrl\":\"https:\\\/\\\/radiohuancayo.com.pe\\\/wp54\\\/wp-content\\\/uploads\\\/2024\\\/10\\\/4625608429233938896606115320663445977697329n.jpg\",\"articleSection\":[\"Deportes\"],\"inLanguage\":\"es\",\"potentialAction\":[{\"@type\":\"CommentAction\",\"name\":\"Comment\",\"target\":[\"https:\\\/\\\/radiohuancayo.com.pe\\\/wp54\\\/cueva-extrano-mucho-la-seleccion-pero-tambien-me-siento-feliz-de-estar-en-cienciano\\\/#respond\"]}]},{\"@type\":\"WebPage\",\"@id\":\"https:\\\/\\\/radiohuancayo.com.pe\\\/wp54\\\/cueva-extrano-mucho-la-seleccion-pero-tambien-me-siento-feliz-de-estar-en-cienciano\\\/\",\"url\":\"https:\\\/\\\/radiohuancayo.com.pe\\\/wp54\\\/cueva-extrano-mucho-la-seleccion-pero-tambien-me-siento-feliz-de-estar-en-cienciano\\\/\",\"name\":\"Cueva: \\\"Extra\u00f1o mucho la selecci\u00f3n, pero tambi\u00e9n me siento feliz de estar en Cienciano\\\" - Radio Huancayo\",\"isPartOf\":{\"@id\":\"https:\\\/\\\/radiohuancayo.com.pe\\\/wp54\\\/#website\"},\"primaryImageOfPage\":{\"@id\":\"https:\\\/\\\/radiohuancayo.com.pe\\\/wp54\\\/cueva-extrano-mucho-la-seleccion-pero-tambien-me-siento-feliz-de-estar-en-cienciano\\\/#primaryimage\"},\"image\":{\"@id\":\"https:\\\/\\\/radiohuancayo.com.pe\\\/wp54\\\/cueva-extrano-mucho-la-seleccion-pero-tambien-me-siento-feliz-de-estar-en-cienciano\\\/#primaryimage\"},\"thumbnailUrl\":\"https:\\\/\\\/radiohuancayo.com.pe\\\/wp54\\\/wp-content\\\/uploads\\\/2024\\\/10\\\/4625608429233938896606115320663445977697329n.jpg\",\"datePublished\":\"2024-10-19T16:51:18+00:00\",\"breadcrumb\":{\"@id\":\"https:\\\/\\\/radiohuancayo.com.pe\\\/wp54\\\/cueva-extrano-mucho-la-seleccion-pero-tambien-me-siento-feliz-de-estar-en-cienciano\\\/#breadcrumb\"},\"inLanguage\":\"es\",\"potentialAction\":[{\"@type\":\"ReadAction\",\"target\":[\"https:\\\/\\\/radiohuancayo.com.pe\\\/wp54\\\/cueva-extrano-mucho-la-seleccion-pero-tambien-me-siento-feliz-de-estar-en-cienciano\\\/\"]}]},{\"@type\":\"ImageObject\",\"inLanguage\":\"es\",\"@id\":\"https:\\\/\\\/radiohuancayo.com.pe\\\/wp54\\\/cueva-extrano-mucho-la-seleccion-pero-tambien-me-siento-feliz-de-estar-en-cienciano\\\/#primaryimage\",\"url\":\"https:\\\/\\\/radiohuancayo.com.pe\\\/wp54\\\/wp-content\\\/uploads\\\/2024\\\/10\\\/4625608429233938896606115320663445977697329n.jpg\",\"contentUrl\":\"https:\\\/\\\/radiohuancayo.com.pe\\\/wp54\\\/wp-content\\\/uploads\\\/2024\\\/10\\\/4625608429233938896606115320663445977697329n.jpg\",\"width\":1200,\"height\":630},{\"@type\":\"BreadcrumbList\",\"@id\":\"https:\\\/\\\/radiohuancayo.com.pe\\\/wp54\\\/cueva-extrano-mucho-la-seleccion-pero-tambien-me-siento-feliz-de-estar-en-cienciano\\\/#breadcrumb\",\"itemListElement\":[{\"@type\":\"ListItem\",\"position\":1,\"name\":\"Portada\",\"item\":\"https:\\\/\\\/radiohuancayo.com.pe\\\/wp54\\\/\"},{\"@type\":\"ListItem\",\"position\":2,\"name\":\"Cueva: &#8220;Extra\u00f1o mucho la selecci\u00f3n, pero tambi\u00e9n me siento feliz de estar en Cienciano&#8221;\"}]},{\"@type\":\"WebSite\",\"@id\":\"https:\\\/\\\/radiohuancayo.com.pe\\\/wp54\\\/#website\",\"url\":\"https:\\\/\\\/radiohuancayo.com.pe\\\/wp54\\\/\",\"name\":\"Radio Huancayo\",\"description\":\"me gusta!!!\",\"publisher\":{\"@id\":\"https:\\\/\\\/radiohuancayo.com.pe\\\/wp54\\\/#organization\"},\"potentialAction\":[{\"@type\":\"SearchAction\",\"target\":{\"@type\":\"EntryPoint\",\"urlTemplate\":\"https:\\\/\\\/radiohuancayo.com.pe\\\/wp54\\\/?s={search_term_string}\"},\"query-input\":{\"@type\":\"PropertyValueSpecification\",\"valueRequired\":true,\"valueName\":\"search_term_string\"}}],\"inLanguage\":\"es\"},{\"@type\":\"Organization\",\"@id\":\"https:\\\/\\\/radiohuancayo.com.pe\\\/wp54\\\/#organization\",\"name\":\"Radio Huancayo\",\"url\":\"https:\\\/\\\/radiohuancayo.com.pe\\\/wp54\\\/\",\"logo\":{\"@type\":\"ImageObject\",\"inLanguage\":\"es\",\"@id\":\"https:\\\/\\\/radiohuancayo.com.pe\\\/wp54\\\/#\\\/schema\\\/logo\\\/image\\\/\",\"url\":\"https:\\\/\\\/radiohuancayo.com.pe\\\/wp54\\\/wp-content\\\/uploads\\\/2022\\\/04\\\/CABE01.png\",\"contentUrl\":\"https:\\\/\\\/radiohuancayo.com.pe\\\/wp54\\\/wp-content\\\/uploads\\\/2022\\\/04\\\/CABE01.png\",\"width\":1640,\"height\":300,\"caption\":\"Radio Huancayo\"},\"image\":{\"@id\":\"https:\\\/\\\/radiohuancayo.com.pe\\\/wp54\\\/#\\\/schema\\\/logo\\\/image\\\/\"}},{\"@type\":\"Person\",\"@id\":\"https:\\\/\\\/radiohuancayo.com.pe\\\/wp54\\\/#\\\/schema\\\/person\\\/74fb124dee9900c6f4d0535fa1d2b5ae\",\"name\":\"Michel Sanchez\",\"image\":{\"@type\":\"ImageObject\",\"inLanguage\":\"es\",\"@id\":\"https:\\\/\\\/secure.gravatar.com\\\/avatar\\\/f7f6944c01b3f15a174d0cf055aea75c46697913fc8a9cf5c3cf3e8800c645f6?s=96&d=mm&r=g\",\"url\":\"https:\\\/\\\/secure.gravatar.com\\\/avatar\\\/f7f6944c01b3f15a174d0cf055aea75c46697913fc8a9cf5c3cf3e8800c645f6?s=96&d=mm&r=g\",\"contentUrl\":\"https:\\\/\\\/secure.gravatar.com\\\/avatar\\\/f7f6944c01b3f15a174d0cf055aea75c46697913fc8a9cf5c3cf3e8800c645f6?s=96&d=mm&r=g\",\"caption\":\"Michel Sanchez\"},\"url\":\"https:\\\/\\\/radiohuancayo.com.pe\\\/wp54\\\/author\\\/memoris\\\/\"}]}<\/script>\n<!-- \/ Yoast SEO plugin. -->","yoast_head_json":{"title":"Cueva: \"Extra\u00f1o mucho la selecci\u00f3n, pero tambi\u00e9n me siento feliz de estar en Cienciano\" - Radio Huancayo","robots":{"index":"index","follow":"follow","max-snippet":"max-snippet:-1","max-image-preview":"max-image-preview:large","max-video-preview":"max-video-preview:-1"},"canonical":"https:\/\/radiohuancayo.com.pe\/wp54\/cueva-extrano-mucho-la-seleccion-pero-tambien-me-siento-feliz-de-estar-en-cienciano\/","og_locale":"es_ES","og_type":"article","og_title":"Cueva: \"Extra\u00f1o mucho la selecci\u00f3n, pero tambi\u00e9n me siento feliz de estar en Cienciano\" - Radio Huancayo","og_description":"Christian Cueva, volante de Cienciano, confes\u00f3 su deseo de volver a la selecci\u00f3n peruana, aunque actualmente est\u00e1 enfocado en el cuadro imperial. \u201cDespu\u00e9s de mucho tiempo sin arrancar un partido, pr\u00e1cticamente un a\u00f1o, me sent\u00ed bien y por eso estoy feliz. Encontr\u00e9 un equipo que me da esa confianza, y sinceramente me sent\u00ed bien. Espero seguir as\u00ed y terminar de la mejor manera\u201d, asegur\u00f3 en L1 Max. Luego, el creativo a\u00f1adi\u00f3: \u201cTengo que seguir trabajando para dar lo mejor de m\u00ed. Estos partidos me ayudan mucho. Lamentablemente, hay cosas que pasan en un partido, como lo de hoy, que una jugada no se termine y se interrumpa tanto tiempo. Son cosas que cortan las expectativas que tenemos como equipo\u201d. Cueva tambi\u00e9n se refiri\u00f3 a su estado f\u00edsico: \u201cSiempre trabajo en lo f\u00edsico, busco estar cada vez mejor. S\u00e9 que los tiempos han sido cortos, no he tenido una pretemporada con un club, pero m\u00e1s all\u00e1 de eso, mis compa\u00f1eros y el cuerpo t\u00e9cnico me est\u00e1n ayudando para poder mantenerme bien y, de repente, dar lo mejor de m\u00ed, que es lo que quiero\u201d. Regreso a la selecci\u00f3n Finalmente, el volante habl\u00f3 sobre su posible regreso al combinado patrio: \u00abExtra\u00f1o mucho la selecci\u00f3n, pero tambi\u00e9n me siento feliz de estar en Cienciano. Es lo que me mantiene de pie, lo que me mantiene firme: buscar ser feliz jugando al f\u00fatbol\u201d.","og_url":"https:\/\/radiohuancayo.com.pe\/wp54\/cueva-extrano-mucho-la-seleccion-pero-tambien-me-siento-feliz-de-estar-en-cienciano\/","og_site_name":"Radio Huancayo","article_published_time":"2024-10-19T16:51:18+00:00","og_image":[{"width":1200,"height":630,"url":"https:\/\/radiohuancayo.com.pe\/wp54\/wp-content\/uploads\/2024\/10\/4625608429233938896606115320663445977697329n.jpg","type":"image\/jpeg"}],"author":"Michel Sanchez","twitter_card":"summary_large_image","twitter_misc":{"Escrito por":"Michel Sanchez","Tiempo de lectura":"2 minutos"},"schema":{"@context":"https:\/\/schema.org","@graph":[{"@type":"Article","@id":"https:\/\/radiohuancayo.com.pe\/wp54\/cueva-extrano-mucho-la-seleccion-pero-tambien-me-siento-feliz-de-estar-en-cienciano\/#article","isPartOf":{"@id":"https:\/\/radiohuancayo.com.pe\/wp54\/cueva-extrano-mucho-la-seleccion-pero-tambien-me-siento-feliz-de-estar-en-cienciano\/"},"author":{"name":"Michel Sanchez","@id":"https:\/\/radiohuancayo.com.pe\/wp54\/#\/schema\/person\/74fb124dee9900c6f4d0535fa1d2b5ae"},"headline":"Cueva: \u00abExtra\u00f1o mucho la selecci\u00f3n, pero tambi\u00e9n me siento feliz de estar en Cienciano\u00bb","datePublished":"2024-10-19T16:51:18+00:00","mainEntityOfPage":{"@id":"https:\/\/radiohuancayo.com.pe\/wp54\/cueva-extrano-mucho-la-seleccion-pero-tambien-me-siento-feliz-de-estar-en-cienciano\/"},"wordCount":263,"commentCount":0,"publisher":{"@id":"https:\/\/radiohuancayo.com.pe\/wp54\/#organization"},"image":{"@id":"https:\/\/radiohuancayo.com.pe\/wp54\/cueva-extrano-mucho-la-seleccion-pero-tambien-me-siento-feliz-de-estar-en-cienciano\/#primaryimage"},"thumbnailUrl":"https:\/\/radiohuancayo.com.pe\/wp54\/wp-content\/uploads\/2024\/10\/4625608429233938896606115320663445977697329n.jpg","articleSection":["Deportes"],"inLanguage":"es","potentialAction":[{"@type":"CommentAction","name":"Comment","target":["https:\/\/radiohuancayo.com.pe\/wp54\/cueva-extrano-mucho-la-seleccion-pero-tambien-me-siento-feliz-de-estar-en-cienciano\/#respond"]}]},{"@type":"WebPage","@id":"https:\/\/radiohuancayo.com.pe\/wp54\/cueva-extrano-mucho-la-seleccion-pero-tambien-me-siento-feliz-de-estar-en-cienciano\/","url":"https:\/\/radiohuancayo.com.pe\/wp54\/cueva-extrano-mucho-la-seleccion-pero-tambien-me-siento-feliz-de-estar-en-cienciano\/","name":"Cueva: \"Extra\u00f1o mucho la selecci\u00f3n, pero tambi\u00e9n me siento feliz de estar en Cienciano\" - Radio Huancayo","isPartOf":{"@id":"https:\/\/radiohuancayo.com.pe\/wp54\/#website"},"primaryImageOfPage":{"@id":"https:\/\/radiohuancayo.com.pe\/wp54\/cueva-extrano-mucho-la-seleccion-pero-tambien-me-siento-feliz-de-estar-en-cienciano\/#primaryimage"},"image":{"@id":"https:\/\/radiohuancayo.com.pe\/wp54\/cueva-extrano-mucho-la-seleccion-pero-tambien-me-siento-feliz-de-estar-en-cienciano\/#primaryimage"},"thumbnailUrl":"https:\/\/radiohuancayo.com.pe\/wp54\/wp-content\/uploads\/2024\/10\/4625608429233938896606115320663445977697329n.jpg","datePublished":"2024-10-19T16:51:18+00:00","breadcrumb":{"@id":"https:\/\/radiohuancayo.com.pe\/wp54\/cueva-extrano-mucho-la-seleccion-pero-tambien-me-siento-feliz-de-estar-en-cienciano\/#breadcrumb"},"inLanguage":"es","potentialAction":[{"@type":"ReadAction","target":["https:\/\/radiohuancayo.com.pe\/wp54\/cueva-extrano-mucho-la-seleccion-pero-tambien-me-siento-feliz-de-estar-en-cienciano\/"]}]},{"@type":"ImageObject","inLanguage":"es","@id":"https:\/\/radiohuancayo.com.pe\/wp54\/cueva-extrano-mucho-la-seleccion-pero-tambien-me-siento-feliz-de-estar-en-cienciano\/#primaryimage","url":"https:\/\/radiohuancayo.com.pe\/wp54\/wp-content\/uploads\/2024\/10\/4625608429233938896606115320663445977697329n.jpg","contentUrl":"https:\/\/radiohuancayo.com.pe\/wp54\/wp-content\/uploads\/2024\/10\/4625608429233938896606115320663445977697329n.jpg","width":1200,"height":630},{"@type":"BreadcrumbList","@id":"https:\/\/radiohuancayo.com.pe\/wp54\/cueva-extrano-mucho-la-seleccion-pero-tambien-me-siento-feliz-de-estar-en-cienciano\/#breadcrumb","itemListElement":[{"@type":"ListItem","position":1,"name":"Portada","item":"https:\/\/radiohuancayo.com.pe\/wp54\/"},{"@type":"ListItem","position":2,"name":"Cueva: &#8220;Extra\u00f1o mucho la selecci\u00f3n, pero tambi\u00e9n me siento feliz de estar en Cienciano&#8221;"}]},{"@type":"WebSite","@id":"https:\/\/radiohuancayo.com.pe\/wp54\/#website","url":"https:\/\/radiohuancayo.com.pe\/wp54\/","name":"Radio Huancayo","description":"me gusta!!!","publisher":{"@id":"https:\/\/radiohuancayo.com.pe\/wp54\/#organization"},"potentialAction":[{"@type":"SearchAction","target":{"@type":"EntryPoint","urlTemplate":"https:\/\/radiohuancayo.com.pe\/wp54\/?s={search_term_string}"},"query-input":{"@type":"PropertyValueSpecification","valueRequired":true,"valueName":"search_term_string"}}],"inLanguage":"es"},{"@type":"Organization","@id":"https:\/\/radiohuancayo.com.pe\/wp54\/#organization","name":"Radio Huancayo","url":"https:\/\/radiohuancayo.com.pe\/wp54\/","logo":{"@type":"ImageObject","inLanguage":"es","@id":"https:\/\/radiohuancayo.com.pe\/wp54\/#\/schema\/logo\/image\/","url":"https:\/\/radiohuancayo.com.pe\/wp54\/wp-content\/uploads\/2022\/04\/CABE01.png","contentUrl":"https:\/\/radiohuancayo.com.pe\/wp54\/wp-content\/uploads\/2022\/04\/CABE01.png","width":1640,"height":300,"caption":"Radio Huancayo"},"image":{"@id":"https:\/\/radiohuancayo.com.pe\/wp54\/#\/schema\/logo\/image\/"}},{"@type":"Person","@id":"https:\/\/radiohuancayo.com.pe\/wp54\/#\/schema\/person\/74fb124dee9900c6f4d0535fa1d2b5ae","name":"Michel Sanchez","image":{"@type":"ImageObject","inLanguage":"es","@id":"https:\/\/secure.gravatar.com\/avatar\/f7f6944c01b3f15a174d0cf055aea75c46697913fc8a9cf5c3cf3e8800c645f6?s=96&d=mm&r=g","url":"https:\/\/secure.gravatar.com\/avatar\/f7f6944c01b3f15a174d0cf055aea75c46697913fc8a9cf5c3cf3e8800c645f6?s=96&d=mm&r=g","contentUrl":"https:\/\/secure.gravatar.com\/avatar\/f7f6944c01b3f15a174d0cf055aea75c46697913fc8a9cf5c3cf3e8800c645f6?s=96&d=mm&r=g","caption":"Michel Sanchez"},"url":"https:\/\/radiohuancayo.com.pe\/wp54\/author\/memoris\/"}]}},"_links":{"self":[{"href":"https:\/\/radiohuancayo.com.pe\/wp54\/wp-json\/wp\/v2\/posts\/28613","targetHints":{"allow":["GET"]}}],"collection":[{"href":"https:\/\/radiohuancayo.com.pe\/wp54\/wp-json\/wp\/v2\/posts"}],"about":[{"href":"https:\/\/radiohuancayo.com.pe\/wp54\/wp-json\/wp\/v2\/types\/post"}],"author":[{"embeddable":true,"href":"https:\/\/radiohuancayo.com.pe\/wp54\/wp-json\/wp\/v2\/users\/2"}],"replies":[{"embeddable":true,"href":"https:\/\/radiohuancayo.com.pe\/wp54\/wp-json\/wp\/v2\/comments?post=28613"}],"version-history":[{"count":1,"href":"https:\/\/radiohuancayo.com.pe\/wp54\/wp-json\/wp\/v2\/posts\/28613\/revisions"}],"predecessor-version":[{"id":28615,"href":"https:\/\/radiohuancayo.com.pe\/wp54\/wp-json\/wp\/v2\/posts\/28613\/revisions\/28615"}],"wp:featuredmedia":[{"embeddable":true,"href":"https:\/\/radiohuancayo.com.pe\/wp54\/wp-json\/wp\/v2\/media\/28614"}],"wp:attachment":[{"href":"https:\/\/radiohuancayo.com.pe\/wp54\/wp-json\/wp\/v2\/media?parent=28613"}],"wp:term":[{"taxonomy":"category","embeddable":true,"href":"https:\/\/radiohuancayo.com.pe\/wp54\/wp-json\/wp\/v2\/categories?post=28613"},{"taxonomy":"post_tag","embeddable":true,"href":"https:\/\/radiohuancayo.com.pe\/wp54\/wp-json\/wp\/v2\/tags?post=28613"}],"curies":[{"name":"wp","href":"https:\/\/api.w.org\/{rel}","templated":true}]}}