{"id":28616,"date":"2024-10-19T11:53:24","date_gmt":"2024-10-19T16:53:24","guid":{"rendered":"https:\/\/radiohuancayo.com.pe\/wp54\/?p=28616"},"modified":"2024-10-19T11:53:24","modified_gmt":"2024-10-19T16:53:24","slug":"con-valera-fabian-bustos-presento-la-lista-de-convocados-para-enfrentar-a-adt","status":"publish","type":"post","link":"https:\/\/radiohuancayo.com.pe\/wp54\/con-valera-fabian-bustos-presento-la-lista-de-convocados-para-enfrentar-a-adt\/","title":{"rendered":"Con Valera, Fabi\u00e1n Bustos present\u00f3 la lista de convocados para enfrentar a ADT"},"content":{"rendered":"\n<p>Con la inclusi\u00f3n de \u00c1lex Valera, Universitario se prepara para enfrentar a ADT de Tarma en el marco de la d\u00e9cima cuarta jornada del Torneo Clausura.<\/p>\n\n\n\n<p>El t\u00e9cnico Fabi\u00e1n Bustos convoc\u00f3 a Sebasti\u00e1n Britos, Marco Saravia, Williams Riveros, Mat\u00edas Di Benedetto, Yuriel Celi, Horacio Calcaterra, Jos\u00e9 Rivera, Aamet Calder\u00f3n, Mart\u00edn P\u00e9rez Guedes, Jairo Concha, Rodrigo Ure\u00f1a y Edison Flores.<\/p>\n\n\n\n<p>adAsimismo, se convoc\u00f3 a \u00c1lex Valera, Diego Romero, Jorge Murrugarra, Andy Polo, Hugo Ancajima, N\u00e9stor Cabanillas, Gabriel Costa, Aldo Corzo, Christopher Olivares, Segundo Portocarrero y Gustavo Dulanto.<\/p>\n\n\n\n<p>Cabe se\u00f1alar que el cuadro estudiantil jugar\u00e1 este s\u00e1bado 19 de octubre a las 7:30 p. m. en el Estadio Monumental, donde buscar\u00e1 consolidarse en el primer lugar del certamen.<\/p>\n\n\n\n<figure class=\"wp-block-embed is-type-rich is-provider-twitter wp-block-embed-twitter\"><div class=\"wp-block-embed__wrapper\">\n<blockquote class=\"twitter-tweet\" data-width=\"550\" data-dnt=\"true\"><p lang=\"es\" dir=\"ltr\">\ud835\udddf\ud835\udddc\ud835\udde6\ud835\udde7\ud835\uddd4 \ud835\udde2\ud835\uddd9\ud835\udddc\ud835\uddd6\ud835\udddc\ud835\uddd4\ud835\udddf \ud83d\udccb<br><br>Estos son nuestros convocados para enfrentar a <a href=\"https:\/\/twitter.com\/adt_tarma?ref_src=twsrc%5Etfw\">@adt_tarma<\/a> por la fecha 14 del Clausura 2024.<a href=\"https:\/\/twitter.com\/hashtag\/Los100Del%C3%9AnicoGrande?src=hash&amp;ref_src=twsrc%5Etfw\">#Los100Del\u00danicoGrande<\/a> <a href=\"https:\/\/t.co\/Rk0APQ7piX\">pic.twitter.com\/Rk0APQ7piX<\/a><\/p>&mdash; Universitario (@Universitario) <a href=\"https:\/\/twitter.com\/Universitario\/status\/1847457643054485808?ref_src=twsrc%5Etfw\">October 19, 2024<\/a><\/blockquote><script async src=\"https:\/\/platform.twitter.com\/widgets.js\" charset=\"utf-8\"><\/script>\n<\/div><\/figure>\n","protected":false},"excerpt":{"rendered":"<p>Con la inclusi\u00f3n de \u00c1lex Valera, Universitario se prepara para enfrentar a ADT de Tarma en el marco de la d\u00e9cima cuarta jornada del Torneo Clausura. El t\u00e9cnico Fabi\u00e1n Bustos convoc\u00f3 a Sebasti\u00e1n Britos, Marco Saravia, Williams Riveros, Mat\u00edas Di Benedetto, Yuriel Celi, Horacio Calcaterra, Jos\u00e9 Rivera, Aamet Calder\u00f3n, Mart\u00edn P\u00e9rez Guedes, Jairo Concha, Rodrigo Ure\u00f1a y Edison Flores. adAsimismo, se convoc\u00f3 a \u00c1lex Valera, Diego Romero, Jorge Murrugarra, Andy Polo, Hugo Ancajima, N\u00e9stor Cabanillas, Gabriel Costa, Aldo Corzo, Christopher Olivares, Segundo Portocarrero y Gustavo Dulanto. Cabe se\u00f1alar que el cuadro estudiantil jugar\u00e1 este s\u00e1bado 19 de octubre a las 7:30 p. m. en el Estadio Monumental, donde buscar\u00e1 consolidarse en el primer lugar del certamen.<\/p>\n","protected":false},"author":2,"featured_media":28617,"comment_status":"open","ping_status":"open","sticky":false,"template":"","format":"standard","meta":{"footnotes":""},"categories":[7],"tags":[],"class_list":["post-28616","post","type-post","status-publish","format-standard","has-post-thumbnail","hentry","category-deportes"],"yoast_head":"<!-- This site is optimized with the Yoast SEO plugin v27.5 - https:\/\/yoast.com\/product\/yoast-seo-wordpress\/ -->\n<title>Con Valera, Fabi\u00e1n Bustos present\u00f3 la lista de convocados para enfrentar a ADT - Radio Huancayo<\/title>\n<meta name=\"robots\" content=\"index, follow, max-snippet:-1, max-image-preview:large, max-video-preview:-1\" \/>\n<link rel=\"canonical\" href=\"https:\/\/radiohuancayo.com.pe\/wp54\/con-valera-fabian-bustos-presento-la-lista-de-convocados-para-enfrentar-a-adt\/\" \/>\n<meta property=\"og:locale\" content=\"es_ES\" \/>\n<meta property=\"og:type\" content=\"article\" \/>\n<meta property=\"og:title\" content=\"Con Valera, Fabi\u00e1n Bustos present\u00f3 la lista de convocados para enfrentar a ADT - Radio Huancayo\" \/>\n<meta property=\"og:description\" content=\"Con la inclusi\u00f3n de \u00c1lex Valera, Universitario se prepara para enfrentar a ADT de Tarma en el marco de la d\u00e9cima cuarta jornada del Torneo Clausura. El t\u00e9cnico Fabi\u00e1n Bustos convoc\u00f3 a Sebasti\u00e1n Britos, Marco Saravia, Williams Riveros, Mat\u00edas Di Benedetto, Yuriel Celi, Horacio Calcaterra, Jos\u00e9 Rivera, Aamet Calder\u00f3n, Mart\u00edn P\u00e9rez Guedes, Jairo Concha, Rodrigo Ure\u00f1a y Edison Flores. adAsimismo, se convoc\u00f3 a \u00c1lex Valera, Diego Romero, Jorge Murrugarra, Andy Polo, Hugo Ancajima, N\u00e9stor Cabanillas, Gabriel Costa, Aldo Corzo, Christopher Olivares, Segundo Portocarrero y Gustavo Dulanto. Cabe se\u00f1alar que el cuadro estudiantil jugar\u00e1 este s\u00e1bado 19 de octubre a las 7:30 p. m. en el Estadio Monumental, donde buscar\u00e1 consolidarse en el primer lugar del certamen.\" \/>\n<meta property=\"og:url\" content=\"https:\/\/radiohuancayo.com.pe\/wp54\/con-valera-fabian-bustos-presento-la-lista-de-convocados-para-enfrentar-a-adt\/\" \/>\n<meta property=\"og:site_name\" content=\"Radio Huancayo\" \/>\n<meta property=\"article:published_time\" content=\"2024-10-19T16:53:24+00:00\" \/>\n<meta property=\"og:image\" content=\"https:\/\/radiohuancayo.com.pe\/wp54\/wp-content\/uploads\/2024\/10\/new-design-4-hecho-postermywall-2024-10-18t220108042.jpg\" \/>\n\t<meta property=\"og:image:width\" content=\"1200\" \/>\n\t<meta property=\"og:image:height\" content=\"630\" \/>\n\t<meta property=\"og:image:type\" content=\"image\/jpeg\" \/>\n<meta name=\"author\" content=\"Michel Sanchez\" \/>\n<meta name=\"twitter:card\" content=\"summary_large_image\" \/>\n<meta name=\"twitter:label1\" content=\"Escrito por\" \/>\n\t<meta name=\"twitter:data1\" content=\"Michel Sanchez\" \/>\n\t<meta name=\"twitter:label2\" content=\"Tiempo de lectura\" \/>\n\t<meta name=\"twitter:data2\" content=\"1 minuto\" \/>\n<script type=\"application\/ld+json\" class=\"yoast-schema-graph\">{\"@context\":\"https:\\\/\\\/schema.org\",\"@graph\":[{\"@type\":\"Article\",\"@id\":\"https:\\\/\\\/radiohuancayo.com.pe\\\/wp54\\\/con-valera-fabian-bustos-presento-la-lista-de-convocados-para-enfrentar-a-adt\\\/#article\",\"isPartOf\":{\"@id\":\"https:\\\/\\\/radiohuancayo.com.pe\\\/wp54\\\/con-valera-fabian-bustos-presento-la-lista-de-convocados-para-enfrentar-a-adt\\\/\"},\"author\":{\"name\":\"Michel Sanchez\",\"@id\":\"https:\\\/\\\/radiohuancayo.com.pe\\\/wp54\\\/#\\\/schema\\\/person\\\/74fb124dee9900c6f4d0535fa1d2b5ae\"},\"headline\":\"Con Valera, Fabi\u00e1n Bustos present\u00f3 la lista de convocados para enfrentar a ADT\",\"datePublished\":\"2024-10-19T16:53:24+00:00\",\"mainEntityOfPage\":{\"@id\":\"https:\\\/\\\/radiohuancayo.com.pe\\\/wp54\\\/con-valera-fabian-bustos-presento-la-lista-de-convocados-para-enfrentar-a-adt\\\/\"},\"wordCount\":177,\"commentCount\":0,\"publisher\":{\"@id\":\"https:\\\/\\\/radiohuancayo.com.pe\\\/wp54\\\/#organization\"},\"image\":{\"@id\":\"https:\\\/\\\/radiohuancayo.com.pe\\\/wp54\\\/con-valera-fabian-bustos-presento-la-lista-de-convocados-para-enfrentar-a-adt\\\/#primaryimage\"},\"thumbnailUrl\":\"https:\\\/\\\/radiohuancayo.com.pe\\\/wp54\\\/wp-content\\\/uploads\\\/2024\\\/10\\\/new-design-4-hecho-postermywall-2024-10-18t220108042.jpg\",\"articleSection\":[\"Deportes\"],\"inLanguage\":\"es\",\"potentialAction\":[{\"@type\":\"CommentAction\",\"name\":\"Comment\",\"target\":[\"https:\\\/\\\/radiohuancayo.com.pe\\\/wp54\\\/con-valera-fabian-bustos-presento-la-lista-de-convocados-para-enfrentar-a-adt\\\/#respond\"]}]},{\"@type\":\"WebPage\",\"@id\":\"https:\\\/\\\/radiohuancayo.com.pe\\\/wp54\\\/con-valera-fabian-bustos-presento-la-lista-de-convocados-para-enfrentar-a-adt\\\/\",\"url\":\"https:\\\/\\\/radiohuancayo.com.pe\\\/wp54\\\/con-valera-fabian-bustos-presento-la-lista-de-convocados-para-enfrentar-a-adt\\\/\",\"name\":\"Con Valera, Fabi\u00e1n Bustos present\u00f3 la lista de convocados para enfrentar a ADT - Radio Huancayo\",\"isPartOf\":{\"@id\":\"https:\\\/\\\/radiohuancayo.com.pe\\\/wp54\\\/#website\"},\"primaryImageOfPage\":{\"@id\":\"https:\\\/\\\/radiohuancayo.com.pe\\\/wp54\\\/con-valera-fabian-bustos-presento-la-lista-de-convocados-para-enfrentar-a-adt\\\/#primaryimage\"},\"image\":{\"@id\":\"https:\\\/\\\/radiohuancayo.com.pe\\\/wp54\\\/con-valera-fabian-bustos-presento-la-lista-de-convocados-para-enfrentar-a-adt\\\/#primaryimage\"},\"thumbnailUrl\":\"https:\\\/\\\/radiohuancayo.com.pe\\\/wp54\\\/wp-content\\\/uploads\\\/2024\\\/10\\\/new-design-4-hecho-postermywall-2024-10-18t220108042.jpg\",\"datePublished\":\"2024-10-19T16:53:24+00:00\",\"breadcrumb\":{\"@id\":\"https:\\\/\\\/radiohuancayo.com.pe\\\/wp54\\\/con-valera-fabian-bustos-presento-la-lista-de-convocados-para-enfrentar-a-adt\\\/#breadcrumb\"},\"inLanguage\":\"es\",\"potentialAction\":[{\"@type\":\"ReadAction\",\"target\":[\"https:\\\/\\\/radiohuancayo.com.pe\\\/wp54\\\/con-valera-fabian-bustos-presento-la-lista-de-convocados-para-enfrentar-a-adt\\\/\"]}]},{\"@type\":\"ImageObject\",\"inLanguage\":\"es\",\"@id\":\"https:\\\/\\\/radiohuancayo.com.pe\\\/wp54\\\/con-valera-fabian-bustos-presento-la-lista-de-convocados-para-enfrentar-a-adt\\\/#primaryimage\",\"url\":\"https:\\\/\\\/radiohuancayo.com.pe\\\/wp54\\\/wp-content\\\/uploads\\\/2024\\\/10\\\/new-design-4-hecho-postermywall-2024-10-18t220108042.jpg\",\"contentUrl\":\"https:\\\/\\\/radiohuancayo.com.pe\\\/wp54\\\/wp-content\\\/uploads\\\/2024\\\/10\\\/new-design-4-hecho-postermywall-2024-10-18t220108042.jpg\",\"width\":1200,\"height\":630},{\"@type\":\"BreadcrumbList\",\"@id\":\"https:\\\/\\\/radiohuancayo.com.pe\\\/wp54\\\/con-valera-fabian-bustos-presento-la-lista-de-convocados-para-enfrentar-a-adt\\\/#breadcrumb\",\"itemListElement\":[{\"@type\":\"ListItem\",\"position\":1,\"name\":\"Portada\",\"item\":\"https:\\\/\\\/radiohuancayo.com.pe\\\/wp54\\\/\"},{\"@type\":\"ListItem\",\"position\":2,\"name\":\"Con Valera, Fabi\u00e1n Bustos present\u00f3 la lista de convocados para enfrentar a ADT\"}]},{\"@type\":\"WebSite\",\"@id\":\"https:\\\/\\\/radiohuancayo.com.pe\\\/wp54\\\/#website\",\"url\":\"https:\\\/\\\/radiohuancayo.com.pe\\\/wp54\\\/\",\"name\":\"Radio Huancayo\",\"description\":\"me gusta!!!\",\"publisher\":{\"@id\":\"https:\\\/\\\/radiohuancayo.com.pe\\\/wp54\\\/#organization\"},\"potentialAction\":[{\"@type\":\"SearchAction\",\"target\":{\"@type\":\"EntryPoint\",\"urlTemplate\":\"https:\\\/\\\/radiohuancayo.com.pe\\\/wp54\\\/?s={search_term_string}\"},\"query-input\":{\"@type\":\"PropertyValueSpecification\",\"valueRequired\":true,\"valueName\":\"search_term_string\"}}],\"inLanguage\":\"es\"},{\"@type\":\"Organization\",\"@id\":\"https:\\\/\\\/radiohuancayo.com.pe\\\/wp54\\\/#organization\",\"name\":\"Radio Huancayo\",\"url\":\"https:\\\/\\\/radiohuancayo.com.pe\\\/wp54\\\/\",\"logo\":{\"@type\":\"ImageObject\",\"inLanguage\":\"es\",\"@id\":\"https:\\\/\\\/radiohuancayo.com.pe\\\/wp54\\\/#\\\/schema\\\/logo\\\/image\\\/\",\"url\":\"https:\\\/\\\/radiohuancayo.com.pe\\\/wp54\\\/wp-content\\\/uploads\\\/2022\\\/04\\\/CABE01.png\",\"contentUrl\":\"https:\\\/\\\/radiohuancayo.com.pe\\\/wp54\\\/wp-content\\\/uploads\\\/2022\\\/04\\\/CABE01.png\",\"width\":1640,\"height\":300,\"caption\":\"Radio Huancayo\"},\"image\":{\"@id\":\"https:\\\/\\\/radiohuancayo.com.pe\\\/wp54\\\/#\\\/schema\\\/logo\\\/image\\\/\"}},{\"@type\":\"Person\",\"@id\":\"https:\\\/\\\/radiohuancayo.com.pe\\\/wp54\\\/#\\\/schema\\\/person\\\/74fb124dee9900c6f4d0535fa1d2b5ae\",\"name\":\"Michel Sanchez\",\"image\":{\"@type\":\"ImageObject\",\"inLanguage\":\"es\",\"@id\":\"https:\\\/\\\/secure.gravatar.com\\\/avatar\\\/f7f6944c01b3f15a174d0cf055aea75c46697913fc8a9cf5c3cf3e8800c645f6?s=96&d=mm&r=g\",\"url\":\"https:\\\/\\\/secure.gravatar.com\\\/avatar\\\/f7f6944c01b3f15a174d0cf055aea75c46697913fc8a9cf5c3cf3e8800c645f6?s=96&d=mm&r=g\",\"contentUrl\":\"https:\\\/\\\/secure.gravatar.com\\\/avatar\\\/f7f6944c01b3f15a174d0cf055aea75c46697913fc8a9cf5c3cf3e8800c645f6?s=96&d=mm&r=g\",\"caption\":\"Michel Sanchez\"},\"url\":\"https:\\\/\\\/radiohuancayo.com.pe\\\/wp54\\\/author\\\/memoris\\\/\"}]}<\/script>\n<!-- \/ Yoast SEO plugin. -->","yoast_head_json":{"title":"Con Valera, Fabi\u00e1n Bustos present\u00f3 la lista de convocados para enfrentar a ADT - Radio Huancayo","robots":{"index":"index","follow":"follow","max-snippet":"max-snippet:-1","max-image-preview":"max-image-preview:large","max-video-preview":"max-video-preview:-1"},"canonical":"https:\/\/radiohuancayo.com.pe\/wp54\/con-valera-fabian-bustos-presento-la-lista-de-convocados-para-enfrentar-a-adt\/","og_locale":"es_ES","og_type":"article","og_title":"Con Valera, Fabi\u00e1n Bustos present\u00f3 la lista de convocados para enfrentar a ADT - Radio Huancayo","og_description":"Con la inclusi\u00f3n de \u00c1lex Valera, Universitario se prepara para enfrentar a ADT de Tarma en el marco de la d\u00e9cima cuarta jornada del Torneo Clausura. El t\u00e9cnico Fabi\u00e1n Bustos convoc\u00f3 a Sebasti\u00e1n Britos, Marco Saravia, Williams Riveros, Mat\u00edas Di Benedetto, Yuriel Celi, Horacio Calcaterra, Jos\u00e9 Rivera, Aamet Calder\u00f3n, Mart\u00edn P\u00e9rez Guedes, Jairo Concha, Rodrigo Ure\u00f1a y Edison Flores. adAsimismo, se convoc\u00f3 a \u00c1lex Valera, Diego Romero, Jorge Murrugarra, Andy Polo, Hugo Ancajima, N\u00e9stor Cabanillas, Gabriel Costa, Aldo Corzo, Christopher Olivares, Segundo Portocarrero y Gustavo Dulanto. Cabe se\u00f1alar que el cuadro estudiantil jugar\u00e1 este s\u00e1bado 19 de octubre a las 7:30 p. m. en el Estadio Monumental, donde buscar\u00e1 consolidarse en el primer lugar del certamen.","og_url":"https:\/\/radiohuancayo.com.pe\/wp54\/con-valera-fabian-bustos-presento-la-lista-de-convocados-para-enfrentar-a-adt\/","og_site_name":"Radio Huancayo","article_published_time":"2024-10-19T16:53:24+00:00","og_image":[{"width":1200,"height":630,"url":"https:\/\/radiohuancayo.com.pe\/wp54\/wp-content\/uploads\/2024\/10\/new-design-4-hecho-postermywall-2024-10-18t220108042.jpg","type":"image\/jpeg"}],"author":"Michel Sanchez","twitter_card":"summary_large_image","twitter_misc":{"Escrito por":"Michel Sanchez","Tiempo de lectura":"1 minuto"},"schema":{"@context":"https:\/\/schema.org","@graph":[{"@type":"Article","@id":"https:\/\/radiohuancayo.com.pe\/wp54\/con-valera-fabian-bustos-presento-la-lista-de-convocados-para-enfrentar-a-adt\/#article","isPartOf":{"@id":"https:\/\/radiohuancayo.com.pe\/wp54\/con-valera-fabian-bustos-presento-la-lista-de-convocados-para-enfrentar-a-adt\/"},"author":{"name":"Michel Sanchez","@id":"https:\/\/radiohuancayo.com.pe\/wp54\/#\/schema\/person\/74fb124dee9900c6f4d0535fa1d2b5ae"},"headline":"Con Valera, Fabi\u00e1n Bustos present\u00f3 la lista de convocados para enfrentar a ADT","datePublished":"2024-10-19T16:53:24+00:00","mainEntityOfPage":{"@id":"https:\/\/radiohuancayo.com.pe\/wp54\/con-valera-fabian-bustos-presento-la-lista-de-convocados-para-enfrentar-a-adt\/"},"wordCount":177,"commentCount":0,"publisher":{"@id":"https:\/\/radiohuancayo.com.pe\/wp54\/#organization"},"image":{"@id":"https:\/\/radiohuancayo.com.pe\/wp54\/con-valera-fabian-bustos-presento-la-lista-de-convocados-para-enfrentar-a-adt\/#primaryimage"},"thumbnailUrl":"https:\/\/radiohuancayo.com.pe\/wp54\/wp-content\/uploads\/2024\/10\/new-design-4-hecho-postermywall-2024-10-18t220108042.jpg","articleSection":["Deportes"],"inLanguage":"es","potentialAction":[{"@type":"CommentAction","name":"Comment","target":["https:\/\/radiohuancayo.com.pe\/wp54\/con-valera-fabian-bustos-presento-la-lista-de-convocados-para-enfrentar-a-adt\/#respond"]}]},{"@type":"WebPage","@id":"https:\/\/radiohuancayo.com.pe\/wp54\/con-valera-fabian-bustos-presento-la-lista-de-convocados-para-enfrentar-a-adt\/","url":"https:\/\/radiohuancayo.com.pe\/wp54\/con-valera-fabian-bustos-presento-la-lista-de-convocados-para-enfrentar-a-adt\/","name":"Con Valera, Fabi\u00e1n Bustos present\u00f3 la lista de convocados para enfrentar a ADT - Radio Huancayo","isPartOf":{"@id":"https:\/\/radiohuancayo.com.pe\/wp54\/#website"},"primaryImageOfPage":{"@id":"https:\/\/radiohuancayo.com.pe\/wp54\/con-valera-fabian-bustos-presento-la-lista-de-convocados-para-enfrentar-a-adt\/#primaryimage"},"image":{"@id":"https:\/\/radiohuancayo.com.pe\/wp54\/con-valera-fabian-bustos-presento-la-lista-de-convocados-para-enfrentar-a-adt\/#primaryimage"},"thumbnailUrl":"https:\/\/radiohuancayo.com.pe\/wp54\/wp-content\/uploads\/2024\/10\/new-design-4-hecho-postermywall-2024-10-18t220108042.jpg","datePublished":"2024-10-19T16:53:24+00:00","breadcrumb":{"@id":"https:\/\/radiohuancayo.com.pe\/wp54\/con-valera-fabian-bustos-presento-la-lista-de-convocados-para-enfrentar-a-adt\/#breadcrumb"},"inLanguage":"es","potentialAction":[{"@type":"ReadAction","target":["https:\/\/radiohuancayo.com.pe\/wp54\/con-valera-fabian-bustos-presento-la-lista-de-convocados-para-enfrentar-a-adt\/"]}]},{"@type":"ImageObject","inLanguage":"es","@id":"https:\/\/radiohuancayo.com.pe\/wp54\/con-valera-fabian-bustos-presento-la-lista-de-convocados-para-enfrentar-a-adt\/#primaryimage","url":"https:\/\/radiohuancayo.com.pe\/wp54\/wp-content\/uploads\/2024\/10\/new-design-4-hecho-postermywall-2024-10-18t220108042.jpg","contentUrl":"https:\/\/radiohuancayo.com.pe\/wp54\/wp-content\/uploads\/2024\/10\/new-design-4-hecho-postermywall-2024-10-18t220108042.jpg","width":1200,"height":630},{"@type":"BreadcrumbList","@id":"https:\/\/radiohuancayo.com.pe\/wp54\/con-valera-fabian-bustos-presento-la-lista-de-convocados-para-enfrentar-a-adt\/#breadcrumb","itemListElement":[{"@type":"ListItem","position":1,"name":"Portada","item":"https:\/\/radiohuancayo.com.pe\/wp54\/"},{"@type":"ListItem","position":2,"name":"Con Valera, Fabi\u00e1n Bustos present\u00f3 la lista de convocados para enfrentar a ADT"}]},{"@type":"WebSite","@id":"https:\/\/radiohuancayo.com.pe\/wp54\/#website","url":"https:\/\/radiohuancayo.com.pe\/wp54\/","name":"Radio Huancayo","description":"me gusta!!!","publisher":{"@id":"https:\/\/radiohuancayo.com.pe\/wp54\/#organization"},"potentialAction":[{"@type":"SearchAction","target":{"@type":"EntryPoint","urlTemplate":"https:\/\/radiohuancayo.com.pe\/wp54\/?s={search_term_string}"},"query-input":{"@type":"PropertyValueSpecification","valueRequired":true,"valueName":"search_term_string"}}],"inLanguage":"es"},{"@type":"Organization","@id":"https:\/\/radiohuancayo.com.pe\/wp54\/#organization","name":"Radio Huancayo","url":"https:\/\/radiohuancayo.com.pe\/wp54\/","logo":{"@type":"ImageObject","inLanguage":"es","@id":"https:\/\/radiohuancayo.com.pe\/wp54\/#\/schema\/logo\/image\/","url":"https:\/\/radiohuancayo.com.pe\/wp54\/wp-content\/uploads\/2022\/04\/CABE01.png","contentUrl":"https:\/\/radiohuancayo.com.pe\/wp54\/wp-content\/uploads\/2022\/04\/CABE01.png","width":1640,"height":300,"caption":"Radio Huancayo"},"image":{"@id":"https:\/\/radiohuancayo.com.pe\/wp54\/#\/schema\/logo\/image\/"}},{"@type":"Person","@id":"https:\/\/radiohuancayo.com.pe\/wp54\/#\/schema\/person\/74fb124dee9900c6f4d0535fa1d2b5ae","name":"Michel Sanchez","image":{"@type":"ImageObject","inLanguage":"es","@id":"https:\/\/secure.gravatar.com\/avatar\/f7f6944c01b3f15a174d0cf055aea75c46697913fc8a9cf5c3cf3e8800c645f6?s=96&d=mm&r=g","url":"https:\/\/secure.gravatar.com\/avatar\/f7f6944c01b3f15a174d0cf055aea75c46697913fc8a9cf5c3cf3e8800c645f6?s=96&d=mm&r=g","contentUrl":"https:\/\/secure.gravatar.com\/avatar\/f7f6944c01b3f15a174d0cf055aea75c46697913fc8a9cf5c3cf3e8800c645f6?s=96&d=mm&r=g","caption":"Michel Sanchez"},"url":"https:\/\/radiohuancayo.com.pe\/wp54\/author\/memoris\/"}]}},"_links":{"self":[{"href":"https:\/\/radiohuancayo.com.pe\/wp54\/wp-json\/wp\/v2\/posts\/28616","targetHints":{"allow":["GET"]}}],"collection":[{"href":"https:\/\/radiohuancayo.com.pe\/wp54\/wp-json\/wp\/v2\/posts"}],"about":[{"href":"https:\/\/radiohuancayo.com.pe\/wp54\/wp-json\/wp\/v2\/types\/post"}],"author":[{"embeddable":true,"href":"https:\/\/radiohuancayo.com.pe\/wp54\/wp-json\/wp\/v2\/users\/2"}],"replies":[{"embeddable":true,"href":"https:\/\/radiohuancayo.com.pe\/wp54\/wp-json\/wp\/v2\/comments?post=28616"}],"version-history":[{"count":1,"href":"https:\/\/radiohuancayo.com.pe\/wp54\/wp-json\/wp\/v2\/posts\/28616\/revisions"}],"predecessor-version":[{"id":28618,"href":"https:\/\/radiohuancayo.com.pe\/wp54\/wp-json\/wp\/v2\/posts\/28616\/revisions\/28618"}],"wp:featuredmedia":[{"embeddable":true,"href":"https:\/\/radiohuancayo.com.pe\/wp54\/wp-json\/wp\/v2\/media\/28617"}],"wp:attachment":[{"href":"https:\/\/radiohuancayo.com.pe\/wp54\/wp-json\/wp\/v2\/media?parent=28616"}],"wp:term":[{"taxonomy":"category","embeddable":true,"href":"https:\/\/radiohuancayo.com.pe\/wp54\/wp-json\/wp\/v2\/categories?post=28616"},{"taxonomy":"post_tag","embeddable":true,"href":"https:\/\/radiohuancayo.com.pe\/wp54\/wp-json\/wp\/v2\/tags?post=28616"}],"curies":[{"name":"wp","href":"https:\/\/api.w.org\/{rel}","templated":true}]}}