{"id":28642,"date":"2024-10-25T14:34:26","date_gmt":"2024-10-25T19:34:26","guid":{"rendered":"https:\/\/radiohuancayo.com.pe\/wp54\/?p=28642"},"modified":"2024-10-25T14:34:27","modified_gmt":"2024-10-25T19:34:27","slug":"elena-iparraguirre-pj-dictara-sentencia-el-lunes-28-contra-expareja-de-abimael-guzman-por-caso-perseo","status":"publish","type":"post","link":"https:\/\/radiohuancayo.com.pe\/wp54\/elena-iparraguirre-pj-dictara-sentencia-el-lunes-28-contra-expareja-de-abimael-guzman-por-caso-perseo\/","title":{"rendered":"Elena Iparraguirre: PJ dictar\u00e1 sentencia el LUNES 28 contra expareja de Abimael Guzm\u00e1n por Caso &#8216;Perseo&#8217;"},"content":{"rendered":"\n<p>El\u00a0<strong>Poder Judicial (PJ)<\/strong>\u00a0program\u00f3 para el lunes 28 de octubre la lectura de sentencia contra\u00a0<strong>Elena Iparraguirre Revoredo<\/strong>, expareja de Abimael Guzm\u00e1n, en el marco del<strong>\u00a0caso &#8216;Perseo&#8217;.<\/strong>\u00a0<\/p>\n\n\n\n<h3 class=\"wp-block-heading\"><em><strong>Sentencia contra Elena Iparraguirre<\/strong><\/em><\/h3>\n\n\n\n<p>A trav\u00e9s de su cuenta de X, el\u00a0<strong>PJ<\/strong>\u00a0inform\u00f3 que la audiencia iniciar\u00e1 a las 10:00 de la ma\u00f1ana y la integrante de<strong>\u00a0Sendero Luminoso<\/strong>\u00a0no ser\u00e1 la \u00fanica en recibir su sentencia. Seg\u00fan se precis\u00f3, otras 43 personas vinculadas a este<strong>\u00a0grupo terrorista<\/strong>\u00a0y\u00a0<strong>Movadef\u00a0<\/strong>tambi\u00e9n recibir\u00e1n la decisi\u00f3n judicial.\u00a0<\/p>\n\n\n\n<figure class=\"wp-block-embed is-type-rich is-provider-twitter wp-block-embed-twitter\"><div class=\"wp-block-embed__wrapper\">\n<blockquote class=\"twitter-tweet\" data-width=\"550\" data-dnt=\"true\"><p lang=\"es\" dir=\"ltr\"><a href=\"https:\/\/twitter.com\/hashtag\/Lo%C3%9Altimo?src=hash&amp;ref_src=twsrc%5Etfw\">#Lo\u00daltimo<\/a> Poder Judicial programa para el lunes 28 de octubre, a las 10:00 horas, la lectura de sentencia contra Elena Yparraguirre Revoredo y otras 43 personas relacionadas con Sendero Luminoso y el Movadef, acusadas del delito de terrorismo y otros. Caso <a href=\"https:\/\/twitter.com\/hashtag\/Perseo?src=hash&amp;ref_src=twsrc%5Etfw\">#Perseo<\/a>. <a href=\"https:\/\/t.co\/bw6n0KG9PI\">pic.twitter.com\/bw6n0KG9PI<\/a><\/p>&mdash; Poder Judicial Per\u00fa (@Poder_Judicial_) <a href=\"https:\/\/twitter.com\/Poder_Judicial_\/status\/1849822745749582166?ref_src=twsrc%5Etfw\">October 25, 2024<\/a><\/blockquote><script async src=\"https:\/\/platform.twitter.com\/widgets.js\" charset=\"utf-8\"><\/script>\n<\/div><\/figure>\n","protected":false},"excerpt":{"rendered":"<p>El\u00a0Poder Judicial (PJ)\u00a0program\u00f3 para el lunes 28 de octubre la lectura de sentencia contra\u00a0Elena Iparraguirre Revoredo, expareja de Abimael Guzm\u00e1n, en el marco del\u00a0caso &#8216;Perseo&#8217;.\u00a0 Sentencia contra Elena Iparraguirre A trav\u00e9s de su cuenta de X, el\u00a0PJ\u00a0inform\u00f3 que la audiencia iniciar\u00e1 a las 10:00 de la ma\u00f1ana y la integrante de\u00a0Sendero Luminoso\u00a0no ser\u00e1 la \u00fanica en recibir su sentencia. Seg\u00fan se precis\u00f3, otras 43 personas vinculadas a este\u00a0grupo terrorista\u00a0y\u00a0Movadef\u00a0tambi\u00e9n recibir\u00e1n la decisi\u00f3n judicial.\u00a0<\/p>\n","protected":false},"author":1,"featured_media":28643,"comment_status":"open","ping_status":"open","sticky":false,"template":"","format":"standard","meta":{"footnotes":""},"categories":[5,3],"tags":[],"class_list":["post-28642","post","type-post","status-publish","format-standard","has-post-thumbnail","hentry","category-nacionales","category-noticias"],"yoast_head":"<!-- This site is optimized with the Yoast SEO plugin v27.5 - https:\/\/yoast.com\/product\/yoast-seo-wordpress\/ -->\n<title>Elena Iparraguirre: PJ dictar\u00e1 sentencia el LUNES 28 contra expareja de Abimael Guzm\u00e1n por Caso &#039;Perseo&#039; - Radio Huancayo<\/title>\n<meta name=\"robots\" content=\"index, follow, max-snippet:-1, max-image-preview:large, max-video-preview:-1\" \/>\n<link rel=\"canonical\" href=\"https:\/\/radiohuancayo.com.pe\/wp54\/elena-iparraguirre-pj-dictara-sentencia-el-lunes-28-contra-expareja-de-abimael-guzman-por-caso-perseo\/\" \/>\n<meta property=\"og:locale\" content=\"es_ES\" \/>\n<meta property=\"og:type\" content=\"article\" \/>\n<meta property=\"og:title\" content=\"Elena Iparraguirre: PJ dictar\u00e1 sentencia el LUNES 28 contra expareja de Abimael Guzm\u00e1n por Caso &#039;Perseo&#039; - Radio Huancayo\" \/>\n<meta property=\"og:description\" content=\"El\u00a0Poder Judicial (PJ)\u00a0program\u00f3 para el lunes 28 de octubre la lectura de sentencia contra\u00a0Elena Iparraguirre Revoredo, expareja de Abimael Guzm\u00e1n, en el marco del\u00a0caso &#8216;Perseo&#8217;.\u00a0 Sentencia contra Elena Iparraguirre A trav\u00e9s de su cuenta de X, el\u00a0PJ\u00a0inform\u00f3 que la audiencia iniciar\u00e1 a las 10:00 de la ma\u00f1ana y la integrante de\u00a0Sendero Luminoso\u00a0no ser\u00e1 la \u00fanica en recibir su sentencia. Seg\u00fan se precis\u00f3, otras 43 personas vinculadas a este\u00a0grupo terrorista\u00a0y\u00a0Movadef\u00a0tambi\u00e9n recibir\u00e1n la decisi\u00f3n judicial.\u00a0\" \/>\n<meta property=\"og:url\" content=\"https:\/\/radiohuancayo.com.pe\/wp54\/elena-iparraguirre-pj-dictara-sentencia-el-lunes-28-contra-expareja-de-abimael-guzman-por-caso-perseo\/\" \/>\n<meta property=\"og:site_name\" content=\"Radio Huancayo\" \/>\n<meta property=\"article:published_time\" content=\"2024-10-25T19:34:26+00:00\" \/>\n<meta property=\"article:modified_time\" content=\"2024-10-25T19:34:27+00:00\" \/>\n<meta property=\"og:image\" content=\"https:\/\/radiohuancayo.com.pe\/wp54\/wp-content\/uploads\/2024\/10\/image-18.png\" \/>\n\t<meta property=\"og:image:width\" content=\"696\" \/>\n\t<meta property=\"og:image:height\" content=\"418\" \/>\n\t<meta property=\"og:image:type\" content=\"image\/png\" \/>\n<meta name=\"author\" content=\"admin\" \/>\n<meta name=\"twitter:card\" content=\"summary_large_image\" \/>\n<meta name=\"twitter:label1\" content=\"Escrito por\" \/>\n\t<meta name=\"twitter:data1\" content=\"admin\" \/>\n\t<meta name=\"twitter:label2\" content=\"Tiempo de lectura\" \/>\n\t<meta name=\"twitter:data2\" content=\"1 minuto\" \/>\n<script type=\"application\/ld+json\" class=\"yoast-schema-graph\">{\"@context\":\"https:\\\/\\\/schema.org\",\"@graph\":[{\"@type\":\"Article\",\"@id\":\"https:\\\/\\\/radiohuancayo.com.pe\\\/wp54\\\/elena-iparraguirre-pj-dictara-sentencia-el-lunes-28-contra-expareja-de-abimael-guzman-por-caso-perseo\\\/#article\",\"isPartOf\":{\"@id\":\"https:\\\/\\\/radiohuancayo.com.pe\\\/wp54\\\/elena-iparraguirre-pj-dictara-sentencia-el-lunes-28-contra-expareja-de-abimael-guzman-por-caso-perseo\\\/\"},\"author\":{\"name\":\"admin\",\"@id\":\"https:\\\/\\\/radiohuancayo.com.pe\\\/wp54\\\/#\\\/schema\\\/person\\\/53e7c63df918deff345a30606cbf878c\"},\"headline\":\"Elena Iparraguirre: PJ dictar\u00e1 sentencia el LUNES 28 contra expareja de Abimael Guzm\u00e1n por Caso &#8216;Perseo&#8217;\",\"datePublished\":\"2024-10-25T19:34:26+00:00\",\"dateModified\":\"2024-10-25T19:34:27+00:00\",\"mainEntityOfPage\":{\"@id\":\"https:\\\/\\\/radiohuancayo.com.pe\\\/wp54\\\/elena-iparraguirre-pj-dictara-sentencia-el-lunes-28-contra-expareja-de-abimael-guzman-por-caso-perseo\\\/\"},\"wordCount\":111,\"commentCount\":0,\"publisher\":{\"@id\":\"https:\\\/\\\/radiohuancayo.com.pe\\\/wp54\\\/#organization\"},\"image\":{\"@id\":\"https:\\\/\\\/radiohuancayo.com.pe\\\/wp54\\\/elena-iparraguirre-pj-dictara-sentencia-el-lunes-28-contra-expareja-de-abimael-guzman-por-caso-perseo\\\/#primaryimage\"},\"thumbnailUrl\":\"https:\\\/\\\/radiohuancayo.com.pe\\\/wp54\\\/wp-content\\\/uploads\\\/2024\\\/10\\\/image-18.png\",\"articleSection\":[\"Nacionales\",\"Noticias\"],\"inLanguage\":\"es\",\"potentialAction\":[{\"@type\":\"CommentAction\",\"name\":\"Comment\",\"target\":[\"https:\\\/\\\/radiohuancayo.com.pe\\\/wp54\\\/elena-iparraguirre-pj-dictara-sentencia-el-lunes-28-contra-expareja-de-abimael-guzman-por-caso-perseo\\\/#respond\"]}]},{\"@type\":\"WebPage\",\"@id\":\"https:\\\/\\\/radiohuancayo.com.pe\\\/wp54\\\/elena-iparraguirre-pj-dictara-sentencia-el-lunes-28-contra-expareja-de-abimael-guzman-por-caso-perseo\\\/\",\"url\":\"https:\\\/\\\/radiohuancayo.com.pe\\\/wp54\\\/elena-iparraguirre-pj-dictara-sentencia-el-lunes-28-contra-expareja-de-abimael-guzman-por-caso-perseo\\\/\",\"name\":\"Elena Iparraguirre: PJ dictar\u00e1 sentencia el LUNES 28 contra expareja de Abimael Guzm\u00e1n por Caso 'Perseo' - Radio Huancayo\",\"isPartOf\":{\"@id\":\"https:\\\/\\\/radiohuancayo.com.pe\\\/wp54\\\/#website\"},\"primaryImageOfPage\":{\"@id\":\"https:\\\/\\\/radiohuancayo.com.pe\\\/wp54\\\/elena-iparraguirre-pj-dictara-sentencia-el-lunes-28-contra-expareja-de-abimael-guzman-por-caso-perseo\\\/#primaryimage\"},\"image\":{\"@id\":\"https:\\\/\\\/radiohuancayo.com.pe\\\/wp54\\\/elena-iparraguirre-pj-dictara-sentencia-el-lunes-28-contra-expareja-de-abimael-guzman-por-caso-perseo\\\/#primaryimage\"},\"thumbnailUrl\":\"https:\\\/\\\/radiohuancayo.com.pe\\\/wp54\\\/wp-content\\\/uploads\\\/2024\\\/10\\\/image-18.png\",\"datePublished\":\"2024-10-25T19:34:26+00:00\",\"dateModified\":\"2024-10-25T19:34:27+00:00\",\"breadcrumb\":{\"@id\":\"https:\\\/\\\/radiohuancayo.com.pe\\\/wp54\\\/elena-iparraguirre-pj-dictara-sentencia-el-lunes-28-contra-expareja-de-abimael-guzman-por-caso-perseo\\\/#breadcrumb\"},\"inLanguage\":\"es\",\"potentialAction\":[{\"@type\":\"ReadAction\",\"target\":[\"https:\\\/\\\/radiohuancayo.com.pe\\\/wp54\\\/elena-iparraguirre-pj-dictara-sentencia-el-lunes-28-contra-expareja-de-abimael-guzman-por-caso-perseo\\\/\"]}]},{\"@type\":\"ImageObject\",\"inLanguage\":\"es\",\"@id\":\"https:\\\/\\\/radiohuancayo.com.pe\\\/wp54\\\/elena-iparraguirre-pj-dictara-sentencia-el-lunes-28-contra-expareja-de-abimael-guzman-por-caso-perseo\\\/#primaryimage\",\"url\":\"https:\\\/\\\/radiohuancayo.com.pe\\\/wp54\\\/wp-content\\\/uploads\\\/2024\\\/10\\\/image-18.png\",\"contentUrl\":\"https:\\\/\\\/radiohuancayo.com.pe\\\/wp54\\\/wp-content\\\/uploads\\\/2024\\\/10\\\/image-18.png\",\"width\":696,\"height\":418},{\"@type\":\"BreadcrumbList\",\"@id\":\"https:\\\/\\\/radiohuancayo.com.pe\\\/wp54\\\/elena-iparraguirre-pj-dictara-sentencia-el-lunes-28-contra-expareja-de-abimael-guzman-por-caso-perseo\\\/#breadcrumb\",\"itemListElement\":[{\"@type\":\"ListItem\",\"position\":1,\"name\":\"Portada\",\"item\":\"https:\\\/\\\/radiohuancayo.com.pe\\\/wp54\\\/\"},{\"@type\":\"ListItem\",\"position\":2,\"name\":\"Elena Iparraguirre: PJ dictar\u00e1 sentencia el LUNES 28 contra expareja de Abimael Guzm\u00e1n por Caso &#8216;Perseo&#8217;\"}]},{\"@type\":\"WebSite\",\"@id\":\"https:\\\/\\\/radiohuancayo.com.pe\\\/wp54\\\/#website\",\"url\":\"https:\\\/\\\/radiohuancayo.com.pe\\\/wp54\\\/\",\"name\":\"Radio Huancayo\",\"description\":\"me gusta!!!\",\"publisher\":{\"@id\":\"https:\\\/\\\/radiohuancayo.com.pe\\\/wp54\\\/#organization\"},\"potentialAction\":[{\"@type\":\"SearchAction\",\"target\":{\"@type\":\"EntryPoint\",\"urlTemplate\":\"https:\\\/\\\/radiohuancayo.com.pe\\\/wp54\\\/?s={search_term_string}\"},\"query-input\":{\"@type\":\"PropertyValueSpecification\",\"valueRequired\":true,\"valueName\":\"search_term_string\"}}],\"inLanguage\":\"es\"},{\"@type\":\"Organization\",\"@id\":\"https:\\\/\\\/radiohuancayo.com.pe\\\/wp54\\\/#organization\",\"name\":\"Radio Huancayo\",\"url\":\"https:\\\/\\\/radiohuancayo.com.pe\\\/wp54\\\/\",\"logo\":{\"@type\":\"ImageObject\",\"inLanguage\":\"es\",\"@id\":\"https:\\\/\\\/radiohuancayo.com.pe\\\/wp54\\\/#\\\/schema\\\/logo\\\/image\\\/\",\"url\":\"https:\\\/\\\/radiohuancayo.com.pe\\\/wp54\\\/wp-content\\\/uploads\\\/2022\\\/04\\\/CABE01.png\",\"contentUrl\":\"https:\\\/\\\/radiohuancayo.com.pe\\\/wp54\\\/wp-content\\\/uploads\\\/2022\\\/04\\\/CABE01.png\",\"width\":1640,\"height\":300,\"caption\":\"Radio Huancayo\"},\"image\":{\"@id\":\"https:\\\/\\\/radiohuancayo.com.pe\\\/wp54\\\/#\\\/schema\\\/logo\\\/image\\\/\"}},{\"@type\":\"Person\",\"@id\":\"https:\\\/\\\/radiohuancayo.com.pe\\\/wp54\\\/#\\\/schema\\\/person\\\/53e7c63df918deff345a30606cbf878c\",\"name\":\"admin\",\"image\":{\"@type\":\"ImageObject\",\"inLanguage\":\"es\",\"@id\":\"https:\\\/\\\/secure.gravatar.com\\\/avatar\\\/3d9af84154e8f14d0ba4f62aa2abc4fcd3ee42a1c034539c08ef7c5615f414cb?s=96&d=mm&r=g\",\"url\":\"https:\\\/\\\/secure.gravatar.com\\\/avatar\\\/3d9af84154e8f14d0ba4f62aa2abc4fcd3ee42a1c034539c08ef7c5615f414cb?s=96&d=mm&r=g\",\"contentUrl\":\"https:\\\/\\\/secure.gravatar.com\\\/avatar\\\/3d9af84154e8f14d0ba4f62aa2abc4fcd3ee42a1c034539c08ef7c5615f414cb?s=96&d=mm&r=g\",\"caption\":\"admin\"},\"sameAs\":[\"https:\\\/\\\/radiohuancayo.com.pe\\\/wp54\"],\"url\":\"https:\\\/\\\/radiohuancayo.com.pe\\\/wp54\\\/author\\\/admin\\\/\"}]}<\/script>\n<!-- \/ Yoast SEO plugin. -->","yoast_head_json":{"title":"Elena Iparraguirre: PJ dictar\u00e1 sentencia el LUNES 28 contra expareja de Abimael Guzm\u00e1n por Caso 'Perseo' - Radio Huancayo","robots":{"index":"index","follow":"follow","max-snippet":"max-snippet:-1","max-image-preview":"max-image-preview:large","max-video-preview":"max-video-preview:-1"},"canonical":"https:\/\/radiohuancayo.com.pe\/wp54\/elena-iparraguirre-pj-dictara-sentencia-el-lunes-28-contra-expareja-de-abimael-guzman-por-caso-perseo\/","og_locale":"es_ES","og_type":"article","og_title":"Elena Iparraguirre: PJ dictar\u00e1 sentencia el LUNES 28 contra expareja de Abimael Guzm\u00e1n por Caso 'Perseo' - Radio Huancayo","og_description":"El\u00a0Poder Judicial (PJ)\u00a0program\u00f3 para el lunes 28 de octubre la lectura de sentencia contra\u00a0Elena Iparraguirre Revoredo, expareja de Abimael Guzm\u00e1n, en el marco del\u00a0caso &#8216;Perseo&#8217;.\u00a0 Sentencia contra Elena Iparraguirre A trav\u00e9s de su cuenta de X, el\u00a0PJ\u00a0inform\u00f3 que la audiencia iniciar\u00e1 a las 10:00 de la ma\u00f1ana y la integrante de\u00a0Sendero Luminoso\u00a0no ser\u00e1 la \u00fanica en recibir su sentencia. Seg\u00fan se precis\u00f3, otras 43 personas vinculadas a este\u00a0grupo terrorista\u00a0y\u00a0Movadef\u00a0tambi\u00e9n recibir\u00e1n la decisi\u00f3n judicial.\u00a0","og_url":"https:\/\/radiohuancayo.com.pe\/wp54\/elena-iparraguirre-pj-dictara-sentencia-el-lunes-28-contra-expareja-de-abimael-guzman-por-caso-perseo\/","og_site_name":"Radio Huancayo","article_published_time":"2024-10-25T19:34:26+00:00","article_modified_time":"2024-10-25T19:34:27+00:00","og_image":[{"width":696,"height":418,"url":"https:\/\/radiohuancayo.com.pe\/wp54\/wp-content\/uploads\/2024\/10\/image-18.png","type":"image\/png"}],"author":"admin","twitter_card":"summary_large_image","twitter_misc":{"Escrito por":"admin","Tiempo de lectura":"1 minuto"},"schema":{"@context":"https:\/\/schema.org","@graph":[{"@type":"Article","@id":"https:\/\/radiohuancayo.com.pe\/wp54\/elena-iparraguirre-pj-dictara-sentencia-el-lunes-28-contra-expareja-de-abimael-guzman-por-caso-perseo\/#article","isPartOf":{"@id":"https:\/\/radiohuancayo.com.pe\/wp54\/elena-iparraguirre-pj-dictara-sentencia-el-lunes-28-contra-expareja-de-abimael-guzman-por-caso-perseo\/"},"author":{"name":"admin","@id":"https:\/\/radiohuancayo.com.pe\/wp54\/#\/schema\/person\/53e7c63df918deff345a30606cbf878c"},"headline":"Elena Iparraguirre: PJ dictar\u00e1 sentencia el LUNES 28 contra expareja de Abimael Guzm\u00e1n por Caso &#8216;Perseo&#8217;","datePublished":"2024-10-25T19:34:26+00:00","dateModified":"2024-10-25T19:34:27+00:00","mainEntityOfPage":{"@id":"https:\/\/radiohuancayo.com.pe\/wp54\/elena-iparraguirre-pj-dictara-sentencia-el-lunes-28-contra-expareja-de-abimael-guzman-por-caso-perseo\/"},"wordCount":111,"commentCount":0,"publisher":{"@id":"https:\/\/radiohuancayo.com.pe\/wp54\/#organization"},"image":{"@id":"https:\/\/radiohuancayo.com.pe\/wp54\/elena-iparraguirre-pj-dictara-sentencia-el-lunes-28-contra-expareja-de-abimael-guzman-por-caso-perseo\/#primaryimage"},"thumbnailUrl":"https:\/\/radiohuancayo.com.pe\/wp54\/wp-content\/uploads\/2024\/10\/image-18.png","articleSection":["Nacionales","Noticias"],"inLanguage":"es","potentialAction":[{"@type":"CommentAction","name":"Comment","target":["https:\/\/radiohuancayo.com.pe\/wp54\/elena-iparraguirre-pj-dictara-sentencia-el-lunes-28-contra-expareja-de-abimael-guzman-por-caso-perseo\/#respond"]}]},{"@type":"WebPage","@id":"https:\/\/radiohuancayo.com.pe\/wp54\/elena-iparraguirre-pj-dictara-sentencia-el-lunes-28-contra-expareja-de-abimael-guzman-por-caso-perseo\/","url":"https:\/\/radiohuancayo.com.pe\/wp54\/elena-iparraguirre-pj-dictara-sentencia-el-lunes-28-contra-expareja-de-abimael-guzman-por-caso-perseo\/","name":"Elena Iparraguirre: PJ dictar\u00e1 sentencia el LUNES 28 contra expareja de Abimael Guzm\u00e1n por Caso 'Perseo' - Radio Huancayo","isPartOf":{"@id":"https:\/\/radiohuancayo.com.pe\/wp54\/#website"},"primaryImageOfPage":{"@id":"https:\/\/radiohuancayo.com.pe\/wp54\/elena-iparraguirre-pj-dictara-sentencia-el-lunes-28-contra-expareja-de-abimael-guzman-por-caso-perseo\/#primaryimage"},"image":{"@id":"https:\/\/radiohuancayo.com.pe\/wp54\/elena-iparraguirre-pj-dictara-sentencia-el-lunes-28-contra-expareja-de-abimael-guzman-por-caso-perseo\/#primaryimage"},"thumbnailUrl":"https:\/\/radiohuancayo.com.pe\/wp54\/wp-content\/uploads\/2024\/10\/image-18.png","datePublished":"2024-10-25T19:34:26+00:00","dateModified":"2024-10-25T19:34:27+00:00","breadcrumb":{"@id":"https:\/\/radiohuancayo.com.pe\/wp54\/elena-iparraguirre-pj-dictara-sentencia-el-lunes-28-contra-expareja-de-abimael-guzman-por-caso-perseo\/#breadcrumb"},"inLanguage":"es","potentialAction":[{"@type":"ReadAction","target":["https:\/\/radiohuancayo.com.pe\/wp54\/elena-iparraguirre-pj-dictara-sentencia-el-lunes-28-contra-expareja-de-abimael-guzman-por-caso-perseo\/"]}]},{"@type":"ImageObject","inLanguage":"es","@id":"https:\/\/radiohuancayo.com.pe\/wp54\/elena-iparraguirre-pj-dictara-sentencia-el-lunes-28-contra-expareja-de-abimael-guzman-por-caso-perseo\/#primaryimage","url":"https:\/\/radiohuancayo.com.pe\/wp54\/wp-content\/uploads\/2024\/10\/image-18.png","contentUrl":"https:\/\/radiohuancayo.com.pe\/wp54\/wp-content\/uploads\/2024\/10\/image-18.png","width":696,"height":418},{"@type":"BreadcrumbList","@id":"https:\/\/radiohuancayo.com.pe\/wp54\/elena-iparraguirre-pj-dictara-sentencia-el-lunes-28-contra-expareja-de-abimael-guzman-por-caso-perseo\/#breadcrumb","itemListElement":[{"@type":"ListItem","position":1,"name":"Portada","item":"https:\/\/radiohuancayo.com.pe\/wp54\/"},{"@type":"ListItem","position":2,"name":"Elena Iparraguirre: PJ dictar\u00e1 sentencia el LUNES 28 contra expareja de Abimael Guzm\u00e1n por Caso &#8216;Perseo&#8217;"}]},{"@type":"WebSite","@id":"https:\/\/radiohuancayo.com.pe\/wp54\/#website","url":"https:\/\/radiohuancayo.com.pe\/wp54\/","name":"Radio Huancayo","description":"me gusta!!!","publisher":{"@id":"https:\/\/radiohuancayo.com.pe\/wp54\/#organization"},"potentialAction":[{"@type":"SearchAction","target":{"@type":"EntryPoint","urlTemplate":"https:\/\/radiohuancayo.com.pe\/wp54\/?s={search_term_string}"},"query-input":{"@type":"PropertyValueSpecification","valueRequired":true,"valueName":"search_term_string"}}],"inLanguage":"es"},{"@type":"Organization","@id":"https:\/\/radiohuancayo.com.pe\/wp54\/#organization","name":"Radio Huancayo","url":"https:\/\/radiohuancayo.com.pe\/wp54\/","logo":{"@type":"ImageObject","inLanguage":"es","@id":"https:\/\/radiohuancayo.com.pe\/wp54\/#\/schema\/logo\/image\/","url":"https:\/\/radiohuancayo.com.pe\/wp54\/wp-content\/uploads\/2022\/04\/CABE01.png","contentUrl":"https:\/\/radiohuancayo.com.pe\/wp54\/wp-content\/uploads\/2022\/04\/CABE01.png","width":1640,"height":300,"caption":"Radio Huancayo"},"image":{"@id":"https:\/\/radiohuancayo.com.pe\/wp54\/#\/schema\/logo\/image\/"}},{"@type":"Person","@id":"https:\/\/radiohuancayo.com.pe\/wp54\/#\/schema\/person\/53e7c63df918deff345a30606cbf878c","name":"admin","image":{"@type":"ImageObject","inLanguage":"es","@id":"https:\/\/secure.gravatar.com\/avatar\/3d9af84154e8f14d0ba4f62aa2abc4fcd3ee42a1c034539c08ef7c5615f414cb?s=96&d=mm&r=g","url":"https:\/\/secure.gravatar.com\/avatar\/3d9af84154e8f14d0ba4f62aa2abc4fcd3ee42a1c034539c08ef7c5615f414cb?s=96&d=mm&r=g","contentUrl":"https:\/\/secure.gravatar.com\/avatar\/3d9af84154e8f14d0ba4f62aa2abc4fcd3ee42a1c034539c08ef7c5615f414cb?s=96&d=mm&r=g","caption":"admin"},"sameAs":["https:\/\/radiohuancayo.com.pe\/wp54"],"url":"https:\/\/radiohuancayo.com.pe\/wp54\/author\/admin\/"}]}},"_links":{"self":[{"href":"https:\/\/radiohuancayo.com.pe\/wp54\/wp-json\/wp\/v2\/posts\/28642","targetHints":{"allow":["GET"]}}],"collection":[{"href":"https:\/\/radiohuancayo.com.pe\/wp54\/wp-json\/wp\/v2\/posts"}],"about":[{"href":"https:\/\/radiohuancayo.com.pe\/wp54\/wp-json\/wp\/v2\/types\/post"}],"author":[{"embeddable":true,"href":"https:\/\/radiohuancayo.com.pe\/wp54\/wp-json\/wp\/v2\/users\/1"}],"replies":[{"embeddable":true,"href":"https:\/\/radiohuancayo.com.pe\/wp54\/wp-json\/wp\/v2\/comments?post=28642"}],"version-history":[{"count":1,"href":"https:\/\/radiohuancayo.com.pe\/wp54\/wp-json\/wp\/v2\/posts\/28642\/revisions"}],"predecessor-version":[{"id":28644,"href":"https:\/\/radiohuancayo.com.pe\/wp54\/wp-json\/wp\/v2\/posts\/28642\/revisions\/28644"}],"wp:featuredmedia":[{"embeddable":true,"href":"https:\/\/radiohuancayo.com.pe\/wp54\/wp-json\/wp\/v2\/media\/28643"}],"wp:attachment":[{"href":"https:\/\/radiohuancayo.com.pe\/wp54\/wp-json\/wp\/v2\/media?parent=28642"}],"wp:term":[{"taxonomy":"category","embeddable":true,"href":"https:\/\/radiohuancayo.com.pe\/wp54\/wp-json\/wp\/v2\/categories?post=28642"},{"taxonomy":"post_tag","embeddable":true,"href":"https:\/\/radiohuancayo.com.pe\/wp54\/wp-json\/wp\/v2\/tags?post=28642"}],"curies":[{"name":"wp","href":"https:\/\/api.w.org\/{rel}","templated":true}]}}