{"id":28649,"date":"2024-10-25T14:49:57","date_gmt":"2024-10-25T19:49:57","guid":{"rendered":"https:\/\/radiohuancayo.com.pe\/wp54\/?p=28649"},"modified":"2024-10-25T14:49:58","modified_gmt":"2024-10-25T19:49:58","slug":"palacios-fue-un-lindo-momento-el-vivido-en-la-previa-al-duelo-ante-la-u","status":"publish","type":"post","link":"https:\/\/radiohuancayo.com.pe\/wp54\/palacios-fue-un-lindo-momento-el-vivido-en-la-previa-al-duelo-ante-la-u\/","title":{"rendered":"Palacios: \u00abFue un lindo momento el vivido en la previa al duelo ante la &#8216;U'\u00bb"},"content":{"rendered":"\n<p>Roberto Palacios, exjugador de Sporting Cristal, agradeci\u00f3 el homenaje realizado en la previa al partido frente a Universitario donde estuvo junto a jugadores como Pedro Garay y Julinho.\u00a0<\/p>\n\n\n\n<p>\u00abFue lindo el momento que se vivi\u00f3 antes del encuentro con toda la gente celeste, gente que est\u00e1 muy ligada al club, la directiva trat\u00f3 de juntar a los \u00eddolos y tratar de empezar una nueva era de amor por el club, que se hab\u00eda perdido un poco\u00bb, apunt\u00f3 Palacios.<\/p>\n\n\n\n<p>adSobre el partido ante los cremas, dijo: \u00abCristal gan\u00f3 un duro partido, m\u00e1s all\u00e1 de que no se jug\u00f3 bien, se entreg\u00f3 mucho y eso le permiti\u00f3 quedarse con los tres puntos. Hubo mucho coraje, verg\u00fcenza deportiva, si lo hubieran implementado a lo largo del a\u00f1o, otra ser\u00eda la posici\u00f3n. Creo que si se mostrara esa actitud siempre, Cristal estar\u00eda peleando el campeonato\u00bb.&nbsp;<\/p>\n\n\n\n<p>La baja de Yot\u00fan se hizo sentir a lo largo del torneo: \u00abFue lamentable la lesi\u00f3n de Yoshimar Yot\u00fan, quien dej\u00f3 un gran hueco, no solo en el plantel sino en la Selecci\u00f3n. All\u00ed tuvieron que buscar un jugador similar pero no se consigui\u00f3, esto se hizo notar durante el torneo, pero hab\u00edan jugadores que debieron asumir esa responsabilidad y tratar de que el equipo no decayera buscando el objetivo de ser campe\u00f3n\u00bb.&nbsp;<\/p>\n\n\n\n<h3 class=\"wp-block-heading\">PALABRA AUTORIZADA PARA HABLAR DE LA SELECCI\u00d3N<\/h3>\n\n\n\n<p>El &#8216;Chorrillano&#8217; no dej\u00f3 pasar la oportunidad para hablar del momento de la Selecci\u00f3n peruana en Clasificatorias.<\/p>\n\n\n\n<p>\u00abEs preocupante por el nivel mostrado por la Selecci\u00f3n. No se ha visto el crecimiento o el mismo nivel que en alg\u00fan momento se tuvo. Los jugadores vienen del extranjero, vienen con una preparaci\u00f3n pero las cosas no est\u00e1n saliendo bien. Espero que estos partidos que vienen que son las \u00faltimas opciones que tenemos, podamos conseguir buenos resultados, ser\u00eda ideal al menos conseguir cuatro puntos, pero debemos mejorar much\u00edsimo\u00bb, apunt\u00f3 el &#8216;Chorri&#8217;.<\/p>\n","protected":false},"excerpt":{"rendered":"<p>Roberto Palacios, exjugador de Sporting Cristal, agradeci\u00f3 el homenaje realizado en la previa al partido frente a Universitario donde estuvo junto a jugadores como Pedro Garay y Julinho.\u00a0 \u00abFue lindo el momento que se vivi\u00f3 antes del encuentro con toda la gente celeste, gente que est\u00e1 muy ligada al club, la directiva trat\u00f3 de juntar a los \u00eddolos y tratar de empezar una nueva era de amor por el club, que se hab\u00eda perdido un poco\u00bb, apunt\u00f3 Palacios. adSobre el partido ante los cremas, dijo: \u00abCristal gan\u00f3 un duro partido, m\u00e1s all\u00e1 de que no se jug\u00f3 bien, se entreg\u00f3 mucho y eso le permiti\u00f3 quedarse con los tres puntos. Hubo mucho coraje, verg\u00fcenza deportiva, si lo hubieran implementado a lo largo del a\u00f1o, otra ser\u00eda la posici\u00f3n. Creo que si se mostrara esa actitud siempre, Cristal estar\u00eda peleando el campeonato\u00bb.&nbsp; La baja de Yot\u00fan se hizo sentir a lo largo del torneo: \u00abFue lamentable la lesi\u00f3n de Yoshimar Yot\u00fan, quien dej\u00f3 un gran hueco, no solo en el plantel sino en la Selecci\u00f3n. All\u00ed tuvieron que buscar un jugador similar pero no se consigui\u00f3, esto se hizo notar durante el torneo, pero hab\u00edan jugadores que debieron asumir esa responsabilidad y tratar de que el equipo no decayera buscando el objetivo de ser campe\u00f3n\u00bb.&nbsp; PALABRA AUTORIZADA PARA HABLAR DE LA SELECCI\u00d3N El &#8216;Chorrillano&#8217; no dej\u00f3 pasar la oportunidad para hablar del momento de la Selecci\u00f3n peruana en Clasificatorias. \u00abEs preocupante por el nivel mostrado por la Selecci\u00f3n. No se ha visto el crecimiento o el mismo nivel que en alg\u00fan momento se tuvo. Los jugadores vienen del extranjero, vienen con una preparaci\u00f3n pero las cosas no est\u00e1n saliendo bien. Espero que estos partidos que vienen que son las \u00faltimas opciones que tenemos, podamos conseguir buenos resultados, ser\u00eda ideal al menos conseguir cuatro puntos, pero debemos mejorar much\u00edsimo\u00bb, apunt\u00f3 el &#8216;Chorri&#8217;.<\/p>\n","protected":false},"author":2,"featured_media":28650,"comment_status":"open","ping_status":"open","sticky":false,"template":"","format":"standard","meta":{"footnotes":""},"categories":[7],"tags":[],"class_list":["post-28649","post","type-post","status-publish","format-standard","has-post-thumbnail","hentry","category-deportes"],"yoast_head":"<!-- This site is optimized with the Yoast SEO plugin v27.5 - https:\/\/yoast.com\/product\/yoast-seo-wordpress\/ -->\n<title>Palacios: &quot;Fue un lindo momento el vivido en la previa al duelo ante la &#039;U&#039;&quot; - Radio Huancayo<\/title>\n<meta name=\"robots\" content=\"index, follow, max-snippet:-1, max-image-preview:large, max-video-preview:-1\" \/>\n<link rel=\"canonical\" href=\"https:\/\/radiohuancayo.com.pe\/wp54\/palacios-fue-un-lindo-momento-el-vivido-en-la-previa-al-duelo-ante-la-u\/\" \/>\n<meta property=\"og:locale\" content=\"es_ES\" \/>\n<meta property=\"og:type\" content=\"article\" \/>\n<meta property=\"og:title\" content=\"Palacios: &quot;Fue un lindo momento el vivido en la previa al duelo ante la &#039;U&#039;&quot; - Radio Huancayo\" \/>\n<meta property=\"og:description\" content=\"Roberto Palacios, exjugador de Sporting Cristal, agradeci\u00f3 el homenaje realizado en la previa al partido frente a Universitario donde estuvo junto a jugadores como Pedro Garay y Julinho.\u00a0 \u00abFue lindo el momento que se vivi\u00f3 antes del encuentro con toda la gente celeste, gente que est\u00e1 muy ligada al club, la directiva trat\u00f3 de juntar a los \u00eddolos y tratar de empezar una nueva era de amor por el club, que se hab\u00eda perdido un poco\u00bb, apunt\u00f3 Palacios. adSobre el partido ante los cremas, dijo: \u00abCristal gan\u00f3 un duro partido, m\u00e1s all\u00e1 de que no se jug\u00f3 bien, se entreg\u00f3 mucho y eso le permiti\u00f3 quedarse con los tres puntos. Hubo mucho coraje, verg\u00fcenza deportiva, si lo hubieran implementado a lo largo del a\u00f1o, otra ser\u00eda la posici\u00f3n. Creo que si se mostrara esa actitud siempre, Cristal estar\u00eda peleando el campeonato\u00bb.&nbsp; La baja de Yot\u00fan se hizo sentir a lo largo del torneo: \u00abFue lamentable la lesi\u00f3n de Yoshimar Yot\u00fan, quien dej\u00f3 un gran hueco, no solo en el plantel sino en la Selecci\u00f3n. All\u00ed tuvieron que buscar un jugador similar pero no se consigui\u00f3, esto se hizo notar durante el torneo, pero hab\u00edan jugadores que debieron asumir esa responsabilidad y tratar de que el equipo no decayera buscando el objetivo de ser campe\u00f3n\u00bb.&nbsp; PALABRA AUTORIZADA PARA HABLAR DE LA SELECCI\u00d3N El &#8216;Chorrillano&#8217; no dej\u00f3 pasar la oportunidad para hablar del momento de la Selecci\u00f3n peruana en Clasificatorias. \u00abEs preocupante por el nivel mostrado por la Selecci\u00f3n. No se ha visto el crecimiento o el mismo nivel que en alg\u00fan momento se tuvo. Los jugadores vienen del extranjero, vienen con una preparaci\u00f3n pero las cosas no est\u00e1n saliendo bien. Espero que estos partidos que vienen que son las \u00faltimas opciones que tenemos, podamos conseguir buenos resultados, ser\u00eda ideal al menos conseguir cuatro puntos, pero debemos mejorar much\u00edsimo\u00bb, apunt\u00f3 el &#8216;Chorri&#8217;.\" \/>\n<meta property=\"og:url\" content=\"https:\/\/radiohuancayo.com.pe\/wp54\/palacios-fue-un-lindo-momento-el-vivido-en-la-previa-al-duelo-ante-la-u\/\" \/>\n<meta property=\"og:site_name\" content=\"Radio Huancayo\" \/>\n<meta property=\"article:published_time\" content=\"2024-10-25T19:49:57+00:00\" \/>\n<meta property=\"article:modified_time\" content=\"2024-10-25T19:49:58+00:00\" \/>\n<meta property=\"og:image\" content=\"https:\/\/radiohuancayo.com.pe\/wp54\/wp-content\/uploads\/2024\/10\/4625630529037015879959078221014947359153624n.jpg\" \/>\n\t<meta property=\"og:image:width\" content=\"1200\" \/>\n\t<meta property=\"og:image:height\" content=\"630\" \/>\n\t<meta property=\"og:image:type\" content=\"image\/jpeg\" \/>\n<meta name=\"author\" content=\"Michel Sanchez\" \/>\n<meta name=\"twitter:card\" content=\"summary_large_image\" \/>\n<meta name=\"twitter:label1\" content=\"Escrito por\" \/>\n\t<meta name=\"twitter:data1\" content=\"Michel Sanchez\" \/>\n\t<meta name=\"twitter:label2\" content=\"Tiempo de lectura\" \/>\n\t<meta name=\"twitter:data2\" content=\"2 minutos\" \/>\n<script type=\"application\/ld+json\" class=\"yoast-schema-graph\">{\"@context\":\"https:\\\/\\\/schema.org\",\"@graph\":[{\"@type\":\"Article\",\"@id\":\"https:\\\/\\\/radiohuancayo.com.pe\\\/wp54\\\/palacios-fue-un-lindo-momento-el-vivido-en-la-previa-al-duelo-ante-la-u\\\/#article\",\"isPartOf\":{\"@id\":\"https:\\\/\\\/radiohuancayo.com.pe\\\/wp54\\\/palacios-fue-un-lindo-momento-el-vivido-en-la-previa-al-duelo-ante-la-u\\\/\"},\"author\":{\"name\":\"Michel Sanchez\",\"@id\":\"https:\\\/\\\/radiohuancayo.com.pe\\\/wp54\\\/#\\\/schema\\\/person\\\/74fb124dee9900c6f4d0535fa1d2b5ae\"},\"headline\":\"Palacios: \u00abFue un lindo momento el vivido en la previa al duelo ante la &#8216;U'\u00bb\",\"datePublished\":\"2024-10-25T19:49:57+00:00\",\"dateModified\":\"2024-10-25T19:49:58+00:00\",\"mainEntityOfPage\":{\"@id\":\"https:\\\/\\\/radiohuancayo.com.pe\\\/wp54\\\/palacios-fue-un-lindo-momento-el-vivido-en-la-previa-al-duelo-ante-la-u\\\/\"},\"wordCount\":348,\"commentCount\":0,\"publisher\":{\"@id\":\"https:\\\/\\\/radiohuancayo.com.pe\\\/wp54\\\/#organization\"},\"image\":{\"@id\":\"https:\\\/\\\/radiohuancayo.com.pe\\\/wp54\\\/palacios-fue-un-lindo-momento-el-vivido-en-la-previa-al-duelo-ante-la-u\\\/#primaryimage\"},\"thumbnailUrl\":\"https:\\\/\\\/radiohuancayo.com.pe\\\/wp54\\\/wp-content\\\/uploads\\\/2024\\\/10\\\/4625630529037015879959078221014947359153624n.jpg\",\"articleSection\":[\"Deportes\"],\"inLanguage\":\"es\",\"potentialAction\":[{\"@type\":\"CommentAction\",\"name\":\"Comment\",\"target\":[\"https:\\\/\\\/radiohuancayo.com.pe\\\/wp54\\\/palacios-fue-un-lindo-momento-el-vivido-en-la-previa-al-duelo-ante-la-u\\\/#respond\"]}]},{\"@type\":\"WebPage\",\"@id\":\"https:\\\/\\\/radiohuancayo.com.pe\\\/wp54\\\/palacios-fue-un-lindo-momento-el-vivido-en-la-previa-al-duelo-ante-la-u\\\/\",\"url\":\"https:\\\/\\\/radiohuancayo.com.pe\\\/wp54\\\/palacios-fue-un-lindo-momento-el-vivido-en-la-previa-al-duelo-ante-la-u\\\/\",\"name\":\"Palacios: \\\"Fue un lindo momento el vivido en la previa al duelo ante la 'U'\\\" - Radio Huancayo\",\"isPartOf\":{\"@id\":\"https:\\\/\\\/radiohuancayo.com.pe\\\/wp54\\\/#website\"},\"primaryImageOfPage\":{\"@id\":\"https:\\\/\\\/radiohuancayo.com.pe\\\/wp54\\\/palacios-fue-un-lindo-momento-el-vivido-en-la-previa-al-duelo-ante-la-u\\\/#primaryimage\"},\"image\":{\"@id\":\"https:\\\/\\\/radiohuancayo.com.pe\\\/wp54\\\/palacios-fue-un-lindo-momento-el-vivido-en-la-previa-al-duelo-ante-la-u\\\/#primaryimage\"},\"thumbnailUrl\":\"https:\\\/\\\/radiohuancayo.com.pe\\\/wp54\\\/wp-content\\\/uploads\\\/2024\\\/10\\\/4625630529037015879959078221014947359153624n.jpg\",\"datePublished\":\"2024-10-25T19:49:57+00:00\",\"dateModified\":\"2024-10-25T19:49:58+00:00\",\"breadcrumb\":{\"@id\":\"https:\\\/\\\/radiohuancayo.com.pe\\\/wp54\\\/palacios-fue-un-lindo-momento-el-vivido-en-la-previa-al-duelo-ante-la-u\\\/#breadcrumb\"},\"inLanguage\":\"es\",\"potentialAction\":[{\"@type\":\"ReadAction\",\"target\":[\"https:\\\/\\\/radiohuancayo.com.pe\\\/wp54\\\/palacios-fue-un-lindo-momento-el-vivido-en-la-previa-al-duelo-ante-la-u\\\/\"]}]},{\"@type\":\"ImageObject\",\"inLanguage\":\"es\",\"@id\":\"https:\\\/\\\/radiohuancayo.com.pe\\\/wp54\\\/palacios-fue-un-lindo-momento-el-vivido-en-la-previa-al-duelo-ante-la-u\\\/#primaryimage\",\"url\":\"https:\\\/\\\/radiohuancayo.com.pe\\\/wp54\\\/wp-content\\\/uploads\\\/2024\\\/10\\\/4625630529037015879959078221014947359153624n.jpg\",\"contentUrl\":\"https:\\\/\\\/radiohuancayo.com.pe\\\/wp54\\\/wp-content\\\/uploads\\\/2024\\\/10\\\/4625630529037015879959078221014947359153624n.jpg\",\"width\":1200,\"height\":630},{\"@type\":\"BreadcrumbList\",\"@id\":\"https:\\\/\\\/radiohuancayo.com.pe\\\/wp54\\\/palacios-fue-un-lindo-momento-el-vivido-en-la-previa-al-duelo-ante-la-u\\\/#breadcrumb\",\"itemListElement\":[{\"@type\":\"ListItem\",\"position\":1,\"name\":\"Portada\",\"item\":\"https:\\\/\\\/radiohuancayo.com.pe\\\/wp54\\\/\"},{\"@type\":\"ListItem\",\"position\":2,\"name\":\"Palacios: &#8220;Fue un lindo momento el vivido en la previa al duelo ante la &#8216;U'&#8221;\"}]},{\"@type\":\"WebSite\",\"@id\":\"https:\\\/\\\/radiohuancayo.com.pe\\\/wp54\\\/#website\",\"url\":\"https:\\\/\\\/radiohuancayo.com.pe\\\/wp54\\\/\",\"name\":\"Radio Huancayo\",\"description\":\"me gusta!!!\",\"publisher\":{\"@id\":\"https:\\\/\\\/radiohuancayo.com.pe\\\/wp54\\\/#organization\"},\"potentialAction\":[{\"@type\":\"SearchAction\",\"target\":{\"@type\":\"EntryPoint\",\"urlTemplate\":\"https:\\\/\\\/radiohuancayo.com.pe\\\/wp54\\\/?s={search_term_string}\"},\"query-input\":{\"@type\":\"PropertyValueSpecification\",\"valueRequired\":true,\"valueName\":\"search_term_string\"}}],\"inLanguage\":\"es\"},{\"@type\":\"Organization\",\"@id\":\"https:\\\/\\\/radiohuancayo.com.pe\\\/wp54\\\/#organization\",\"name\":\"Radio Huancayo\",\"url\":\"https:\\\/\\\/radiohuancayo.com.pe\\\/wp54\\\/\",\"logo\":{\"@type\":\"ImageObject\",\"inLanguage\":\"es\",\"@id\":\"https:\\\/\\\/radiohuancayo.com.pe\\\/wp54\\\/#\\\/schema\\\/logo\\\/image\\\/\",\"url\":\"https:\\\/\\\/radiohuancayo.com.pe\\\/wp54\\\/wp-content\\\/uploads\\\/2022\\\/04\\\/CABE01.png\",\"contentUrl\":\"https:\\\/\\\/radiohuancayo.com.pe\\\/wp54\\\/wp-content\\\/uploads\\\/2022\\\/04\\\/CABE01.png\",\"width\":1640,\"height\":300,\"caption\":\"Radio Huancayo\"},\"image\":{\"@id\":\"https:\\\/\\\/radiohuancayo.com.pe\\\/wp54\\\/#\\\/schema\\\/logo\\\/image\\\/\"}},{\"@type\":\"Person\",\"@id\":\"https:\\\/\\\/radiohuancayo.com.pe\\\/wp54\\\/#\\\/schema\\\/person\\\/74fb124dee9900c6f4d0535fa1d2b5ae\",\"name\":\"Michel Sanchez\",\"image\":{\"@type\":\"ImageObject\",\"inLanguage\":\"es\",\"@id\":\"https:\\\/\\\/secure.gravatar.com\\\/avatar\\\/f7f6944c01b3f15a174d0cf055aea75c46697913fc8a9cf5c3cf3e8800c645f6?s=96&d=mm&r=g\",\"url\":\"https:\\\/\\\/secure.gravatar.com\\\/avatar\\\/f7f6944c01b3f15a174d0cf055aea75c46697913fc8a9cf5c3cf3e8800c645f6?s=96&d=mm&r=g\",\"contentUrl\":\"https:\\\/\\\/secure.gravatar.com\\\/avatar\\\/f7f6944c01b3f15a174d0cf055aea75c46697913fc8a9cf5c3cf3e8800c645f6?s=96&d=mm&r=g\",\"caption\":\"Michel Sanchez\"},\"url\":\"https:\\\/\\\/radiohuancayo.com.pe\\\/wp54\\\/author\\\/memoris\\\/\"}]}<\/script>\n<!-- \/ Yoast SEO plugin. -->","yoast_head_json":{"title":"Palacios: \"Fue un lindo momento el vivido en la previa al duelo ante la 'U'\" - Radio Huancayo","robots":{"index":"index","follow":"follow","max-snippet":"max-snippet:-1","max-image-preview":"max-image-preview:large","max-video-preview":"max-video-preview:-1"},"canonical":"https:\/\/radiohuancayo.com.pe\/wp54\/palacios-fue-un-lindo-momento-el-vivido-en-la-previa-al-duelo-ante-la-u\/","og_locale":"es_ES","og_type":"article","og_title":"Palacios: \"Fue un lindo momento el vivido en la previa al duelo ante la 'U'\" - Radio Huancayo","og_description":"Roberto Palacios, exjugador de Sporting Cristal, agradeci\u00f3 el homenaje realizado en la previa al partido frente a Universitario donde estuvo junto a jugadores como Pedro Garay y Julinho.\u00a0 \u00abFue lindo el momento que se vivi\u00f3 antes del encuentro con toda la gente celeste, gente que est\u00e1 muy ligada al club, la directiva trat\u00f3 de juntar a los \u00eddolos y tratar de empezar una nueva era de amor por el club, que se hab\u00eda perdido un poco\u00bb, apunt\u00f3 Palacios. adSobre el partido ante los cremas, dijo: \u00abCristal gan\u00f3 un duro partido, m\u00e1s all\u00e1 de que no se jug\u00f3 bien, se entreg\u00f3 mucho y eso le permiti\u00f3 quedarse con los tres puntos. Hubo mucho coraje, verg\u00fcenza deportiva, si lo hubieran implementado a lo largo del a\u00f1o, otra ser\u00eda la posici\u00f3n. Creo que si se mostrara esa actitud siempre, Cristal estar\u00eda peleando el campeonato\u00bb.&nbsp; La baja de Yot\u00fan se hizo sentir a lo largo del torneo: \u00abFue lamentable la lesi\u00f3n de Yoshimar Yot\u00fan, quien dej\u00f3 un gran hueco, no solo en el plantel sino en la Selecci\u00f3n. All\u00ed tuvieron que buscar un jugador similar pero no se consigui\u00f3, esto se hizo notar durante el torneo, pero hab\u00edan jugadores que debieron asumir esa responsabilidad y tratar de que el equipo no decayera buscando el objetivo de ser campe\u00f3n\u00bb.&nbsp; PALABRA AUTORIZADA PARA HABLAR DE LA SELECCI\u00d3N El &#8216;Chorrillano&#8217; no dej\u00f3 pasar la oportunidad para hablar del momento de la Selecci\u00f3n peruana en Clasificatorias. \u00abEs preocupante por el nivel mostrado por la Selecci\u00f3n. No se ha visto el crecimiento o el mismo nivel que en alg\u00fan momento se tuvo. Los jugadores vienen del extranjero, vienen con una preparaci\u00f3n pero las cosas no est\u00e1n saliendo bien. Espero que estos partidos que vienen que son las \u00faltimas opciones que tenemos, podamos conseguir buenos resultados, ser\u00eda ideal al menos conseguir cuatro puntos, pero debemos mejorar much\u00edsimo\u00bb, apunt\u00f3 el &#8216;Chorri&#8217;.","og_url":"https:\/\/radiohuancayo.com.pe\/wp54\/palacios-fue-un-lindo-momento-el-vivido-en-la-previa-al-duelo-ante-la-u\/","og_site_name":"Radio Huancayo","article_published_time":"2024-10-25T19:49:57+00:00","article_modified_time":"2024-10-25T19:49:58+00:00","og_image":[{"width":1200,"height":630,"url":"https:\/\/radiohuancayo.com.pe\/wp54\/wp-content\/uploads\/2024\/10\/4625630529037015879959078221014947359153624n.jpg","type":"image\/jpeg"}],"author":"Michel Sanchez","twitter_card":"summary_large_image","twitter_misc":{"Escrito por":"Michel Sanchez","Tiempo de lectura":"2 minutos"},"schema":{"@context":"https:\/\/schema.org","@graph":[{"@type":"Article","@id":"https:\/\/radiohuancayo.com.pe\/wp54\/palacios-fue-un-lindo-momento-el-vivido-en-la-previa-al-duelo-ante-la-u\/#article","isPartOf":{"@id":"https:\/\/radiohuancayo.com.pe\/wp54\/palacios-fue-un-lindo-momento-el-vivido-en-la-previa-al-duelo-ante-la-u\/"},"author":{"name":"Michel Sanchez","@id":"https:\/\/radiohuancayo.com.pe\/wp54\/#\/schema\/person\/74fb124dee9900c6f4d0535fa1d2b5ae"},"headline":"Palacios: \u00abFue un lindo momento el vivido en la previa al duelo ante la &#8216;U'\u00bb","datePublished":"2024-10-25T19:49:57+00:00","dateModified":"2024-10-25T19:49:58+00:00","mainEntityOfPage":{"@id":"https:\/\/radiohuancayo.com.pe\/wp54\/palacios-fue-un-lindo-momento-el-vivido-en-la-previa-al-duelo-ante-la-u\/"},"wordCount":348,"commentCount":0,"publisher":{"@id":"https:\/\/radiohuancayo.com.pe\/wp54\/#organization"},"image":{"@id":"https:\/\/radiohuancayo.com.pe\/wp54\/palacios-fue-un-lindo-momento-el-vivido-en-la-previa-al-duelo-ante-la-u\/#primaryimage"},"thumbnailUrl":"https:\/\/radiohuancayo.com.pe\/wp54\/wp-content\/uploads\/2024\/10\/4625630529037015879959078221014947359153624n.jpg","articleSection":["Deportes"],"inLanguage":"es","potentialAction":[{"@type":"CommentAction","name":"Comment","target":["https:\/\/radiohuancayo.com.pe\/wp54\/palacios-fue-un-lindo-momento-el-vivido-en-la-previa-al-duelo-ante-la-u\/#respond"]}]},{"@type":"WebPage","@id":"https:\/\/radiohuancayo.com.pe\/wp54\/palacios-fue-un-lindo-momento-el-vivido-en-la-previa-al-duelo-ante-la-u\/","url":"https:\/\/radiohuancayo.com.pe\/wp54\/palacios-fue-un-lindo-momento-el-vivido-en-la-previa-al-duelo-ante-la-u\/","name":"Palacios: \"Fue un lindo momento el vivido en la previa al duelo ante la 'U'\" - Radio Huancayo","isPartOf":{"@id":"https:\/\/radiohuancayo.com.pe\/wp54\/#website"},"primaryImageOfPage":{"@id":"https:\/\/radiohuancayo.com.pe\/wp54\/palacios-fue-un-lindo-momento-el-vivido-en-la-previa-al-duelo-ante-la-u\/#primaryimage"},"image":{"@id":"https:\/\/radiohuancayo.com.pe\/wp54\/palacios-fue-un-lindo-momento-el-vivido-en-la-previa-al-duelo-ante-la-u\/#primaryimage"},"thumbnailUrl":"https:\/\/radiohuancayo.com.pe\/wp54\/wp-content\/uploads\/2024\/10\/4625630529037015879959078221014947359153624n.jpg","datePublished":"2024-10-25T19:49:57+00:00","dateModified":"2024-10-25T19:49:58+00:00","breadcrumb":{"@id":"https:\/\/radiohuancayo.com.pe\/wp54\/palacios-fue-un-lindo-momento-el-vivido-en-la-previa-al-duelo-ante-la-u\/#breadcrumb"},"inLanguage":"es","potentialAction":[{"@type":"ReadAction","target":["https:\/\/radiohuancayo.com.pe\/wp54\/palacios-fue-un-lindo-momento-el-vivido-en-la-previa-al-duelo-ante-la-u\/"]}]},{"@type":"ImageObject","inLanguage":"es","@id":"https:\/\/radiohuancayo.com.pe\/wp54\/palacios-fue-un-lindo-momento-el-vivido-en-la-previa-al-duelo-ante-la-u\/#primaryimage","url":"https:\/\/radiohuancayo.com.pe\/wp54\/wp-content\/uploads\/2024\/10\/4625630529037015879959078221014947359153624n.jpg","contentUrl":"https:\/\/radiohuancayo.com.pe\/wp54\/wp-content\/uploads\/2024\/10\/4625630529037015879959078221014947359153624n.jpg","width":1200,"height":630},{"@type":"BreadcrumbList","@id":"https:\/\/radiohuancayo.com.pe\/wp54\/palacios-fue-un-lindo-momento-el-vivido-en-la-previa-al-duelo-ante-la-u\/#breadcrumb","itemListElement":[{"@type":"ListItem","position":1,"name":"Portada","item":"https:\/\/radiohuancayo.com.pe\/wp54\/"},{"@type":"ListItem","position":2,"name":"Palacios: &#8220;Fue un lindo momento el vivido en la previa al duelo ante la &#8216;U'&#8221;"}]},{"@type":"WebSite","@id":"https:\/\/radiohuancayo.com.pe\/wp54\/#website","url":"https:\/\/radiohuancayo.com.pe\/wp54\/","name":"Radio Huancayo","description":"me gusta!!!","publisher":{"@id":"https:\/\/radiohuancayo.com.pe\/wp54\/#organization"},"potentialAction":[{"@type":"SearchAction","target":{"@type":"EntryPoint","urlTemplate":"https:\/\/radiohuancayo.com.pe\/wp54\/?s={search_term_string}"},"query-input":{"@type":"PropertyValueSpecification","valueRequired":true,"valueName":"search_term_string"}}],"inLanguage":"es"},{"@type":"Organization","@id":"https:\/\/radiohuancayo.com.pe\/wp54\/#organization","name":"Radio Huancayo","url":"https:\/\/radiohuancayo.com.pe\/wp54\/","logo":{"@type":"ImageObject","inLanguage":"es","@id":"https:\/\/radiohuancayo.com.pe\/wp54\/#\/schema\/logo\/image\/","url":"https:\/\/radiohuancayo.com.pe\/wp54\/wp-content\/uploads\/2022\/04\/CABE01.png","contentUrl":"https:\/\/radiohuancayo.com.pe\/wp54\/wp-content\/uploads\/2022\/04\/CABE01.png","width":1640,"height":300,"caption":"Radio Huancayo"},"image":{"@id":"https:\/\/radiohuancayo.com.pe\/wp54\/#\/schema\/logo\/image\/"}},{"@type":"Person","@id":"https:\/\/radiohuancayo.com.pe\/wp54\/#\/schema\/person\/74fb124dee9900c6f4d0535fa1d2b5ae","name":"Michel Sanchez","image":{"@type":"ImageObject","inLanguage":"es","@id":"https:\/\/secure.gravatar.com\/avatar\/f7f6944c01b3f15a174d0cf055aea75c46697913fc8a9cf5c3cf3e8800c645f6?s=96&d=mm&r=g","url":"https:\/\/secure.gravatar.com\/avatar\/f7f6944c01b3f15a174d0cf055aea75c46697913fc8a9cf5c3cf3e8800c645f6?s=96&d=mm&r=g","contentUrl":"https:\/\/secure.gravatar.com\/avatar\/f7f6944c01b3f15a174d0cf055aea75c46697913fc8a9cf5c3cf3e8800c645f6?s=96&d=mm&r=g","caption":"Michel Sanchez"},"url":"https:\/\/radiohuancayo.com.pe\/wp54\/author\/memoris\/"}]}},"_links":{"self":[{"href":"https:\/\/radiohuancayo.com.pe\/wp54\/wp-json\/wp\/v2\/posts\/28649","targetHints":{"allow":["GET"]}}],"collection":[{"href":"https:\/\/radiohuancayo.com.pe\/wp54\/wp-json\/wp\/v2\/posts"}],"about":[{"href":"https:\/\/radiohuancayo.com.pe\/wp54\/wp-json\/wp\/v2\/types\/post"}],"author":[{"embeddable":true,"href":"https:\/\/radiohuancayo.com.pe\/wp54\/wp-json\/wp\/v2\/users\/2"}],"replies":[{"embeddable":true,"href":"https:\/\/radiohuancayo.com.pe\/wp54\/wp-json\/wp\/v2\/comments?post=28649"}],"version-history":[{"count":1,"href":"https:\/\/radiohuancayo.com.pe\/wp54\/wp-json\/wp\/v2\/posts\/28649\/revisions"}],"predecessor-version":[{"id":28651,"href":"https:\/\/radiohuancayo.com.pe\/wp54\/wp-json\/wp\/v2\/posts\/28649\/revisions\/28651"}],"wp:featuredmedia":[{"embeddable":true,"href":"https:\/\/radiohuancayo.com.pe\/wp54\/wp-json\/wp\/v2\/media\/28650"}],"wp:attachment":[{"href":"https:\/\/radiohuancayo.com.pe\/wp54\/wp-json\/wp\/v2\/media?parent=28649"}],"wp:term":[{"taxonomy":"category","embeddable":true,"href":"https:\/\/radiohuancayo.com.pe\/wp54\/wp-json\/wp\/v2\/categories?post=28649"},{"taxonomy":"post_tag","embeddable":true,"href":"https:\/\/radiohuancayo.com.pe\/wp54\/wp-json\/wp\/v2\/tags?post=28649"}],"curies":[{"name":"wp","href":"https:\/\/api.w.org\/{rel}","templated":true}]}}