{"id":28700,"date":"2024-10-28T17:40:36","date_gmt":"2024-10-28T22:40:36","guid":{"rendered":"https:\/\/radiohuancayo.com.pe\/wp54\/?p=28700"},"modified":"2024-10-28T17:40:37","modified_gmt":"2024-10-28T22:40:37","slug":"malmo-con-sergio-pena-se-proclamo-campeon-en-suecia","status":"publish","type":"post","link":"https:\/\/radiohuancayo.com.pe\/wp54\/malmo-con-sergio-pena-se-proclamo-campeon-en-suecia\/","title":{"rendered":"Malmo, con Sergio Pe\u00f1a, se proclam\u00f3 campe\u00f3n en Suecia"},"content":{"rendered":"\n<p>A falta de dos jornadas para que finalice la liga sueca, Malmo FF conquist\u00f3 el bicampeonato tras imponerse como local por 2-1 sobre G\u00f6teborg, y el peruano Sergio Pe\u00f1a jug\u00f3 como titular hasta la hora de juego.<\/p>\n\n\n\n<p>Solo era cuesti\u00f3n de tiempo para que Malmo FF logre un nuevo t\u00edtulo en su pa\u00eds, pero Malmo no dej\u00f3 pasar la oportunidad y lo gan\u00f3 hoy ante su afici\u00f3n. \u00abDi bl\u00e5e\u00bb urg\u00eda de la victoria y as\u00ed fue con goles de Ali (58&#8242;) y Bolin (76&#8242;).<\/p>\n\n\n\n<p>Es el segundo a\u00f1o consecutivo que Malmo FF gana la Copa y la Liga de manera simult\u00e1nea, y es el m\u00e1s ganador de su pa\u00eds con 24 trofeos, dejando atr\u00e1s al IFK G\u00f6teborg\u00a0\u00a0 \u00a0(18) o al \u00a0\u00d6rgryte IS (14). Cabe indicar que Sergio Pe\u00f1a lleva 5 t\u00edtulos con el elenco escandinavo.<\/p>\n\n\n\n<p>De esta forma, Malmo FF qued\u00f3 enfocado \u00fanicamente en avanzar en la Europa League, ya que luego de tres jornadas solo sum\u00f3 una victoria y dos derrotas, por lo que buscar\u00e1 recuperarse en su visita al Besiktas de Turqu\u00eda.<\/p>\n","protected":false},"excerpt":{"rendered":"<p>A falta de dos jornadas para que finalice la liga sueca, Malmo FF conquist\u00f3 el bicampeonato tras imponerse como local por 2-1 sobre G\u00f6teborg, y el peruano Sergio Pe\u00f1a jug\u00f3 como titular hasta la hora de juego. Solo era cuesti\u00f3n de tiempo para que Malmo FF logre un nuevo t\u00edtulo en su pa\u00eds, pero Malmo no dej\u00f3 pasar la oportunidad y lo gan\u00f3 hoy ante su afici\u00f3n. \u00abDi bl\u00e5e\u00bb urg\u00eda de la victoria y as\u00ed fue con goles de Ali (58&#8242;) y Bolin (76&#8242;). Es el segundo a\u00f1o consecutivo que Malmo FF gana la Copa y la Liga de manera simult\u00e1nea, y es el m\u00e1s ganador de su pa\u00eds con 24 trofeos, dejando atr\u00e1s al IFK G\u00f6teborg\u00a0\u00a0 \u00a0(18) o al \u00a0\u00d6rgryte IS (14). Cabe indicar que Sergio Pe\u00f1a lleva 5 t\u00edtulos con el elenco escandinavo. De esta forma, Malmo FF qued\u00f3 enfocado \u00fanicamente en avanzar en la Europa League, ya que luego de tres jornadas solo sum\u00f3 una victoria y dos derrotas, por lo que buscar\u00e1 recuperarse en su visita al Besiktas de Turqu\u00eda.<\/p>\n","protected":false},"author":2,"featured_media":28701,"comment_status":"open","ping_status":"open","sticky":false,"template":"","format":"standard","meta":{"footnotes":""},"categories":[7],"tags":[],"class_list":["post-28700","post","type-post","status-publish","format-standard","has-post-thumbnail","hentry","category-deportes"],"yoast_head":"<!-- This site is optimized with the Yoast SEO plugin v27.5 - https:\/\/yoast.com\/product\/yoast-seo-wordpress\/ -->\n<title>Malmo, con Sergio Pe\u00f1a, se proclam\u00f3 campe\u00f3n en Suecia - Radio Huancayo<\/title>\n<meta name=\"robots\" content=\"index, follow, max-snippet:-1, max-image-preview:large, max-video-preview:-1\" \/>\n<link rel=\"canonical\" href=\"https:\/\/radiohuancayo.com.pe\/wp54\/malmo-con-sergio-pena-se-proclamo-campeon-en-suecia\/\" \/>\n<meta property=\"og:locale\" content=\"es_ES\" \/>\n<meta property=\"og:type\" content=\"article\" \/>\n<meta property=\"og:title\" content=\"Malmo, con Sergio Pe\u00f1a, se proclam\u00f3 campe\u00f3n en Suecia - Radio Huancayo\" \/>\n<meta property=\"og:description\" content=\"A falta de dos jornadas para que finalice la liga sueca, Malmo FF conquist\u00f3 el bicampeonato tras imponerse como local por 2-1 sobre G\u00f6teborg, y el peruano Sergio Pe\u00f1a jug\u00f3 como titular hasta la hora de juego. Solo era cuesti\u00f3n de tiempo para que Malmo FF logre un nuevo t\u00edtulo en su pa\u00eds, pero Malmo no dej\u00f3 pasar la oportunidad y lo gan\u00f3 hoy ante su afici\u00f3n. \u00abDi bl\u00e5e\u00bb urg\u00eda de la victoria y as\u00ed fue con goles de Ali (58&#8242;) y Bolin (76&#8242;). Es el segundo a\u00f1o consecutivo que Malmo FF gana la Copa y la Liga de manera simult\u00e1nea, y es el m\u00e1s ganador de su pa\u00eds con 24 trofeos, dejando atr\u00e1s al IFK G\u00f6teborg\u00a0\u00a0 \u00a0(18) o al \u00a0\u00d6rgryte IS (14). Cabe indicar que Sergio Pe\u00f1a lleva 5 t\u00edtulos con el elenco escandinavo. De esta forma, Malmo FF qued\u00f3 enfocado \u00fanicamente en avanzar en la Europa League, ya que luego de tres jornadas solo sum\u00f3 una victoria y dos derrotas, por lo que buscar\u00e1 recuperarse en su visita al Besiktas de Turqu\u00eda.\" \/>\n<meta property=\"og:url\" content=\"https:\/\/radiohuancayo.com.pe\/wp54\/malmo-con-sergio-pena-se-proclamo-campeon-en-suecia\/\" \/>\n<meta property=\"og:site_name\" content=\"Radio Huancayo\" \/>\n<meta property=\"article:published_time\" content=\"2024-10-28T22:40:36+00:00\" \/>\n<meta property=\"article:modified_time\" content=\"2024-10-28T22:40:37+00:00\" \/>\n<meta property=\"og:image\" content=\"https:\/\/radiohuancayo.com.pe\/wp54\/wp-content\/uploads\/2024\/10\/image-28.png\" \/>\n\t<meta property=\"og:image:width\" content=\"1200\" \/>\n\t<meta property=\"og:image:height\" content=\"630\" \/>\n\t<meta property=\"og:image:type\" content=\"image\/png\" \/>\n<meta name=\"author\" content=\"Michel Sanchez\" \/>\n<meta name=\"twitter:card\" content=\"summary_large_image\" \/>\n<meta name=\"twitter:label1\" content=\"Escrito por\" \/>\n\t<meta name=\"twitter:data1\" content=\"Michel Sanchez\" \/>\n\t<meta name=\"twitter:label2\" content=\"Tiempo de lectura\" \/>\n\t<meta name=\"twitter:data2\" content=\"1 minuto\" \/>\n<script type=\"application\/ld+json\" class=\"yoast-schema-graph\">{\"@context\":\"https:\\\/\\\/schema.org\",\"@graph\":[{\"@type\":\"Article\",\"@id\":\"https:\\\/\\\/radiohuancayo.com.pe\\\/wp54\\\/malmo-con-sergio-pena-se-proclamo-campeon-en-suecia\\\/#article\",\"isPartOf\":{\"@id\":\"https:\\\/\\\/radiohuancayo.com.pe\\\/wp54\\\/malmo-con-sergio-pena-se-proclamo-campeon-en-suecia\\\/\"},\"author\":{\"name\":\"Michel Sanchez\",\"@id\":\"https:\\\/\\\/radiohuancayo.com.pe\\\/wp54\\\/#\\\/schema\\\/person\\\/74fb124dee9900c6f4d0535fa1d2b5ae\"},\"headline\":\"Malmo, con Sergio Pe\u00f1a, se proclam\u00f3 campe\u00f3n en Suecia\",\"datePublished\":\"2024-10-28T22:40:36+00:00\",\"dateModified\":\"2024-10-28T22:40:37+00:00\",\"mainEntityOfPage\":{\"@id\":\"https:\\\/\\\/radiohuancayo.com.pe\\\/wp54\\\/malmo-con-sergio-pena-se-proclamo-campeon-en-suecia\\\/\"},\"wordCount\":198,\"commentCount\":0,\"publisher\":{\"@id\":\"https:\\\/\\\/radiohuancayo.com.pe\\\/wp54\\\/#organization\"},\"image\":{\"@id\":\"https:\\\/\\\/radiohuancayo.com.pe\\\/wp54\\\/malmo-con-sergio-pena-se-proclamo-campeon-en-suecia\\\/#primaryimage\"},\"thumbnailUrl\":\"https:\\\/\\\/radiohuancayo.com.pe\\\/wp54\\\/wp-content\\\/uploads\\\/2024\\\/10\\\/image-28.png\",\"articleSection\":[\"Deportes\"],\"inLanguage\":\"es\",\"potentialAction\":[{\"@type\":\"CommentAction\",\"name\":\"Comment\",\"target\":[\"https:\\\/\\\/radiohuancayo.com.pe\\\/wp54\\\/malmo-con-sergio-pena-se-proclamo-campeon-en-suecia\\\/#respond\"]}]},{\"@type\":\"WebPage\",\"@id\":\"https:\\\/\\\/radiohuancayo.com.pe\\\/wp54\\\/malmo-con-sergio-pena-se-proclamo-campeon-en-suecia\\\/\",\"url\":\"https:\\\/\\\/radiohuancayo.com.pe\\\/wp54\\\/malmo-con-sergio-pena-se-proclamo-campeon-en-suecia\\\/\",\"name\":\"Malmo, con Sergio Pe\u00f1a, se proclam\u00f3 campe\u00f3n en Suecia - Radio Huancayo\",\"isPartOf\":{\"@id\":\"https:\\\/\\\/radiohuancayo.com.pe\\\/wp54\\\/#website\"},\"primaryImageOfPage\":{\"@id\":\"https:\\\/\\\/radiohuancayo.com.pe\\\/wp54\\\/malmo-con-sergio-pena-se-proclamo-campeon-en-suecia\\\/#primaryimage\"},\"image\":{\"@id\":\"https:\\\/\\\/radiohuancayo.com.pe\\\/wp54\\\/malmo-con-sergio-pena-se-proclamo-campeon-en-suecia\\\/#primaryimage\"},\"thumbnailUrl\":\"https:\\\/\\\/radiohuancayo.com.pe\\\/wp54\\\/wp-content\\\/uploads\\\/2024\\\/10\\\/image-28.png\",\"datePublished\":\"2024-10-28T22:40:36+00:00\",\"dateModified\":\"2024-10-28T22:40:37+00:00\",\"breadcrumb\":{\"@id\":\"https:\\\/\\\/radiohuancayo.com.pe\\\/wp54\\\/malmo-con-sergio-pena-se-proclamo-campeon-en-suecia\\\/#breadcrumb\"},\"inLanguage\":\"es\",\"potentialAction\":[{\"@type\":\"ReadAction\",\"target\":[\"https:\\\/\\\/radiohuancayo.com.pe\\\/wp54\\\/malmo-con-sergio-pena-se-proclamo-campeon-en-suecia\\\/\"]}]},{\"@type\":\"ImageObject\",\"inLanguage\":\"es\",\"@id\":\"https:\\\/\\\/radiohuancayo.com.pe\\\/wp54\\\/malmo-con-sergio-pena-se-proclamo-campeon-en-suecia\\\/#primaryimage\",\"url\":\"https:\\\/\\\/radiohuancayo.com.pe\\\/wp54\\\/wp-content\\\/uploads\\\/2024\\\/10\\\/image-28.png\",\"contentUrl\":\"https:\\\/\\\/radiohuancayo.com.pe\\\/wp54\\\/wp-content\\\/uploads\\\/2024\\\/10\\\/image-28.png\",\"width\":1200,\"height\":630},{\"@type\":\"BreadcrumbList\",\"@id\":\"https:\\\/\\\/radiohuancayo.com.pe\\\/wp54\\\/malmo-con-sergio-pena-se-proclamo-campeon-en-suecia\\\/#breadcrumb\",\"itemListElement\":[{\"@type\":\"ListItem\",\"position\":1,\"name\":\"Portada\",\"item\":\"https:\\\/\\\/radiohuancayo.com.pe\\\/wp54\\\/\"},{\"@type\":\"ListItem\",\"position\":2,\"name\":\"Malmo, con Sergio Pe\u00f1a, se proclam\u00f3 campe\u00f3n en Suecia\"}]},{\"@type\":\"WebSite\",\"@id\":\"https:\\\/\\\/radiohuancayo.com.pe\\\/wp54\\\/#website\",\"url\":\"https:\\\/\\\/radiohuancayo.com.pe\\\/wp54\\\/\",\"name\":\"Radio Huancayo\",\"description\":\"me gusta!!!\",\"publisher\":{\"@id\":\"https:\\\/\\\/radiohuancayo.com.pe\\\/wp54\\\/#organization\"},\"potentialAction\":[{\"@type\":\"SearchAction\",\"target\":{\"@type\":\"EntryPoint\",\"urlTemplate\":\"https:\\\/\\\/radiohuancayo.com.pe\\\/wp54\\\/?s={search_term_string}\"},\"query-input\":{\"@type\":\"PropertyValueSpecification\",\"valueRequired\":true,\"valueName\":\"search_term_string\"}}],\"inLanguage\":\"es\"},{\"@type\":\"Organization\",\"@id\":\"https:\\\/\\\/radiohuancayo.com.pe\\\/wp54\\\/#organization\",\"name\":\"Radio Huancayo\",\"url\":\"https:\\\/\\\/radiohuancayo.com.pe\\\/wp54\\\/\",\"logo\":{\"@type\":\"ImageObject\",\"inLanguage\":\"es\",\"@id\":\"https:\\\/\\\/radiohuancayo.com.pe\\\/wp54\\\/#\\\/schema\\\/logo\\\/image\\\/\",\"url\":\"https:\\\/\\\/radiohuancayo.com.pe\\\/wp54\\\/wp-content\\\/uploads\\\/2022\\\/04\\\/CABE01.png\",\"contentUrl\":\"https:\\\/\\\/radiohuancayo.com.pe\\\/wp54\\\/wp-content\\\/uploads\\\/2022\\\/04\\\/CABE01.png\",\"width\":1640,\"height\":300,\"caption\":\"Radio Huancayo\"},\"image\":{\"@id\":\"https:\\\/\\\/radiohuancayo.com.pe\\\/wp54\\\/#\\\/schema\\\/logo\\\/image\\\/\"}},{\"@type\":\"Person\",\"@id\":\"https:\\\/\\\/radiohuancayo.com.pe\\\/wp54\\\/#\\\/schema\\\/person\\\/74fb124dee9900c6f4d0535fa1d2b5ae\",\"name\":\"Michel Sanchez\",\"image\":{\"@type\":\"ImageObject\",\"inLanguage\":\"es\",\"@id\":\"https:\\\/\\\/secure.gravatar.com\\\/avatar\\\/f7f6944c01b3f15a174d0cf055aea75c46697913fc8a9cf5c3cf3e8800c645f6?s=96&d=mm&r=g\",\"url\":\"https:\\\/\\\/secure.gravatar.com\\\/avatar\\\/f7f6944c01b3f15a174d0cf055aea75c46697913fc8a9cf5c3cf3e8800c645f6?s=96&d=mm&r=g\",\"contentUrl\":\"https:\\\/\\\/secure.gravatar.com\\\/avatar\\\/f7f6944c01b3f15a174d0cf055aea75c46697913fc8a9cf5c3cf3e8800c645f6?s=96&d=mm&r=g\",\"caption\":\"Michel Sanchez\"},\"url\":\"https:\\\/\\\/radiohuancayo.com.pe\\\/wp54\\\/author\\\/memoris\\\/\"}]}<\/script>\n<!-- \/ Yoast SEO plugin. -->","yoast_head_json":{"title":"Malmo, con Sergio Pe\u00f1a, se proclam\u00f3 campe\u00f3n en Suecia - Radio Huancayo","robots":{"index":"index","follow":"follow","max-snippet":"max-snippet:-1","max-image-preview":"max-image-preview:large","max-video-preview":"max-video-preview:-1"},"canonical":"https:\/\/radiohuancayo.com.pe\/wp54\/malmo-con-sergio-pena-se-proclamo-campeon-en-suecia\/","og_locale":"es_ES","og_type":"article","og_title":"Malmo, con Sergio Pe\u00f1a, se proclam\u00f3 campe\u00f3n en Suecia - Radio Huancayo","og_description":"A falta de dos jornadas para que finalice la liga sueca, Malmo FF conquist\u00f3 el bicampeonato tras imponerse como local por 2-1 sobre G\u00f6teborg, y el peruano Sergio Pe\u00f1a jug\u00f3 como titular hasta la hora de juego. Solo era cuesti\u00f3n de tiempo para que Malmo FF logre un nuevo t\u00edtulo en su pa\u00eds, pero Malmo no dej\u00f3 pasar la oportunidad y lo gan\u00f3 hoy ante su afici\u00f3n. \u00abDi bl\u00e5e\u00bb urg\u00eda de la victoria y as\u00ed fue con goles de Ali (58&#8242;) y Bolin (76&#8242;). Es el segundo a\u00f1o consecutivo que Malmo FF gana la Copa y la Liga de manera simult\u00e1nea, y es el m\u00e1s ganador de su pa\u00eds con 24 trofeos, dejando atr\u00e1s al IFK G\u00f6teborg\u00a0\u00a0 \u00a0(18) o al \u00a0\u00d6rgryte IS (14). Cabe indicar que Sergio Pe\u00f1a lleva 5 t\u00edtulos con el elenco escandinavo. De esta forma, Malmo FF qued\u00f3 enfocado \u00fanicamente en avanzar en la Europa League, ya que luego de tres jornadas solo sum\u00f3 una victoria y dos derrotas, por lo que buscar\u00e1 recuperarse en su visita al Besiktas de Turqu\u00eda.","og_url":"https:\/\/radiohuancayo.com.pe\/wp54\/malmo-con-sergio-pena-se-proclamo-campeon-en-suecia\/","og_site_name":"Radio Huancayo","article_published_time":"2024-10-28T22:40:36+00:00","article_modified_time":"2024-10-28T22:40:37+00:00","og_image":[{"width":1200,"height":630,"url":"https:\/\/radiohuancayo.com.pe\/wp54\/wp-content\/uploads\/2024\/10\/image-28.png","type":"image\/png"}],"author":"Michel Sanchez","twitter_card":"summary_large_image","twitter_misc":{"Escrito por":"Michel Sanchez","Tiempo de lectura":"1 minuto"},"schema":{"@context":"https:\/\/schema.org","@graph":[{"@type":"Article","@id":"https:\/\/radiohuancayo.com.pe\/wp54\/malmo-con-sergio-pena-se-proclamo-campeon-en-suecia\/#article","isPartOf":{"@id":"https:\/\/radiohuancayo.com.pe\/wp54\/malmo-con-sergio-pena-se-proclamo-campeon-en-suecia\/"},"author":{"name":"Michel Sanchez","@id":"https:\/\/radiohuancayo.com.pe\/wp54\/#\/schema\/person\/74fb124dee9900c6f4d0535fa1d2b5ae"},"headline":"Malmo, con Sergio Pe\u00f1a, se proclam\u00f3 campe\u00f3n en Suecia","datePublished":"2024-10-28T22:40:36+00:00","dateModified":"2024-10-28T22:40:37+00:00","mainEntityOfPage":{"@id":"https:\/\/radiohuancayo.com.pe\/wp54\/malmo-con-sergio-pena-se-proclamo-campeon-en-suecia\/"},"wordCount":198,"commentCount":0,"publisher":{"@id":"https:\/\/radiohuancayo.com.pe\/wp54\/#organization"},"image":{"@id":"https:\/\/radiohuancayo.com.pe\/wp54\/malmo-con-sergio-pena-se-proclamo-campeon-en-suecia\/#primaryimage"},"thumbnailUrl":"https:\/\/radiohuancayo.com.pe\/wp54\/wp-content\/uploads\/2024\/10\/image-28.png","articleSection":["Deportes"],"inLanguage":"es","potentialAction":[{"@type":"CommentAction","name":"Comment","target":["https:\/\/radiohuancayo.com.pe\/wp54\/malmo-con-sergio-pena-se-proclamo-campeon-en-suecia\/#respond"]}]},{"@type":"WebPage","@id":"https:\/\/radiohuancayo.com.pe\/wp54\/malmo-con-sergio-pena-se-proclamo-campeon-en-suecia\/","url":"https:\/\/radiohuancayo.com.pe\/wp54\/malmo-con-sergio-pena-se-proclamo-campeon-en-suecia\/","name":"Malmo, con Sergio Pe\u00f1a, se proclam\u00f3 campe\u00f3n en Suecia - Radio Huancayo","isPartOf":{"@id":"https:\/\/radiohuancayo.com.pe\/wp54\/#website"},"primaryImageOfPage":{"@id":"https:\/\/radiohuancayo.com.pe\/wp54\/malmo-con-sergio-pena-se-proclamo-campeon-en-suecia\/#primaryimage"},"image":{"@id":"https:\/\/radiohuancayo.com.pe\/wp54\/malmo-con-sergio-pena-se-proclamo-campeon-en-suecia\/#primaryimage"},"thumbnailUrl":"https:\/\/radiohuancayo.com.pe\/wp54\/wp-content\/uploads\/2024\/10\/image-28.png","datePublished":"2024-10-28T22:40:36+00:00","dateModified":"2024-10-28T22:40:37+00:00","breadcrumb":{"@id":"https:\/\/radiohuancayo.com.pe\/wp54\/malmo-con-sergio-pena-se-proclamo-campeon-en-suecia\/#breadcrumb"},"inLanguage":"es","potentialAction":[{"@type":"ReadAction","target":["https:\/\/radiohuancayo.com.pe\/wp54\/malmo-con-sergio-pena-se-proclamo-campeon-en-suecia\/"]}]},{"@type":"ImageObject","inLanguage":"es","@id":"https:\/\/radiohuancayo.com.pe\/wp54\/malmo-con-sergio-pena-se-proclamo-campeon-en-suecia\/#primaryimage","url":"https:\/\/radiohuancayo.com.pe\/wp54\/wp-content\/uploads\/2024\/10\/image-28.png","contentUrl":"https:\/\/radiohuancayo.com.pe\/wp54\/wp-content\/uploads\/2024\/10\/image-28.png","width":1200,"height":630},{"@type":"BreadcrumbList","@id":"https:\/\/radiohuancayo.com.pe\/wp54\/malmo-con-sergio-pena-se-proclamo-campeon-en-suecia\/#breadcrumb","itemListElement":[{"@type":"ListItem","position":1,"name":"Portada","item":"https:\/\/radiohuancayo.com.pe\/wp54\/"},{"@type":"ListItem","position":2,"name":"Malmo, con Sergio Pe\u00f1a, se proclam\u00f3 campe\u00f3n en Suecia"}]},{"@type":"WebSite","@id":"https:\/\/radiohuancayo.com.pe\/wp54\/#website","url":"https:\/\/radiohuancayo.com.pe\/wp54\/","name":"Radio Huancayo","description":"me gusta!!!","publisher":{"@id":"https:\/\/radiohuancayo.com.pe\/wp54\/#organization"},"potentialAction":[{"@type":"SearchAction","target":{"@type":"EntryPoint","urlTemplate":"https:\/\/radiohuancayo.com.pe\/wp54\/?s={search_term_string}"},"query-input":{"@type":"PropertyValueSpecification","valueRequired":true,"valueName":"search_term_string"}}],"inLanguage":"es"},{"@type":"Organization","@id":"https:\/\/radiohuancayo.com.pe\/wp54\/#organization","name":"Radio Huancayo","url":"https:\/\/radiohuancayo.com.pe\/wp54\/","logo":{"@type":"ImageObject","inLanguage":"es","@id":"https:\/\/radiohuancayo.com.pe\/wp54\/#\/schema\/logo\/image\/","url":"https:\/\/radiohuancayo.com.pe\/wp54\/wp-content\/uploads\/2022\/04\/CABE01.png","contentUrl":"https:\/\/radiohuancayo.com.pe\/wp54\/wp-content\/uploads\/2022\/04\/CABE01.png","width":1640,"height":300,"caption":"Radio Huancayo"},"image":{"@id":"https:\/\/radiohuancayo.com.pe\/wp54\/#\/schema\/logo\/image\/"}},{"@type":"Person","@id":"https:\/\/radiohuancayo.com.pe\/wp54\/#\/schema\/person\/74fb124dee9900c6f4d0535fa1d2b5ae","name":"Michel Sanchez","image":{"@type":"ImageObject","inLanguage":"es","@id":"https:\/\/secure.gravatar.com\/avatar\/f7f6944c01b3f15a174d0cf055aea75c46697913fc8a9cf5c3cf3e8800c645f6?s=96&d=mm&r=g","url":"https:\/\/secure.gravatar.com\/avatar\/f7f6944c01b3f15a174d0cf055aea75c46697913fc8a9cf5c3cf3e8800c645f6?s=96&d=mm&r=g","contentUrl":"https:\/\/secure.gravatar.com\/avatar\/f7f6944c01b3f15a174d0cf055aea75c46697913fc8a9cf5c3cf3e8800c645f6?s=96&d=mm&r=g","caption":"Michel Sanchez"},"url":"https:\/\/radiohuancayo.com.pe\/wp54\/author\/memoris\/"}]}},"_links":{"self":[{"href":"https:\/\/radiohuancayo.com.pe\/wp54\/wp-json\/wp\/v2\/posts\/28700","targetHints":{"allow":["GET"]}}],"collection":[{"href":"https:\/\/radiohuancayo.com.pe\/wp54\/wp-json\/wp\/v2\/posts"}],"about":[{"href":"https:\/\/radiohuancayo.com.pe\/wp54\/wp-json\/wp\/v2\/types\/post"}],"author":[{"embeddable":true,"href":"https:\/\/radiohuancayo.com.pe\/wp54\/wp-json\/wp\/v2\/users\/2"}],"replies":[{"embeddable":true,"href":"https:\/\/radiohuancayo.com.pe\/wp54\/wp-json\/wp\/v2\/comments?post=28700"}],"version-history":[{"count":1,"href":"https:\/\/radiohuancayo.com.pe\/wp54\/wp-json\/wp\/v2\/posts\/28700\/revisions"}],"predecessor-version":[{"id":28702,"href":"https:\/\/radiohuancayo.com.pe\/wp54\/wp-json\/wp\/v2\/posts\/28700\/revisions\/28702"}],"wp:featuredmedia":[{"embeddable":true,"href":"https:\/\/radiohuancayo.com.pe\/wp54\/wp-json\/wp\/v2\/media\/28701"}],"wp:attachment":[{"href":"https:\/\/radiohuancayo.com.pe\/wp54\/wp-json\/wp\/v2\/media?parent=28700"}],"wp:term":[{"taxonomy":"category","embeddable":true,"href":"https:\/\/radiohuancayo.com.pe\/wp54\/wp-json\/wp\/v2\/categories?post=28700"},{"taxonomy":"post_tag","embeddable":true,"href":"https:\/\/radiohuancayo.com.pe\/wp54\/wp-json\/wp\/v2\/tags?post=28700"}],"curies":[{"name":"wp","href":"https:\/\/api.w.org\/{rel}","templated":true}]}}