{"id":28721,"date":"2024-10-30T17:04:52","date_gmt":"2024-10-30T22:04:52","guid":{"rendered":"https:\/\/radiohuancayo.com.pe\/wp54\/?p=28721"},"modified":"2024-10-30T17:04:53","modified_gmt":"2024-10-30T22:04:53","slug":"presidente-de-cienciano-tomara-seria-medida-con-christian-cueva-tras-altercado-con-jean-ferrari-en-el-universitario-vs-cienciano","status":"publish","type":"post","link":"https:\/\/radiohuancayo.com.pe\/wp54\/presidente-de-cienciano-tomara-seria-medida-con-christian-cueva-tras-altercado-con-jean-ferrari-en-el-universitario-vs-cienciano\/","title":{"rendered":"Presidente de Cienciano tomar\u00e1 seria medida con Christian Cueva tras altercado con Jean Ferrari en el Universitario vs Cienciano"},"content":{"rendered":"\n<p>M\u00e1s all\u00e1 de la gran victoria de Universitario ante Cienciano el \u00faltimo domingo 27 de octubre, lo que llam\u00f3 la atenci\u00f3n fue el altercado que protagonizaron Christian Cueva y Jean Ferrari durante el encuentro en el Estadio Monumental. De acuerdo con el periodista Ramiro Rodr\u00edguez de GolPer\u00fa, el jugador del Pap\u00e1 le habr\u00eda dicho al mandam\u00e1s crema: \u00ab\u00bfCu\u00e1ndo has jugado t\u00fa?\u00bb. Sergio Lude\u00f1a, administrador del cuadro cusque\u00f1o, est\u00e1 al tanto de esta situaci\u00f3n, por lo que aplicar\u00e1 una seria medida contra &#8216;Aladino&#8217;.<\/p>\n\n\n\n<p>Si bien los imperiales ya clasificaron a la Copa Sudamericana de la pr\u00f3xima temporada, buscaba arruinarle los planes a los actuales punteros del Torneo Clausura de la Liga 1 Te Apuesto 2024. Incluso, Cienciano &#8216;calent\u00f3&#8217; la previa con provocadoras publicaciones en que record\u00f3, por ejemplo, la definici\u00f3n que le gan\u00f3 a la &#8216;U&#8217; por el Clausura 2006.<\/p>\n\n\n\n<figure class=\"wp-block-image size-full\"><img fetchpriority=\"high\" decoding=\"async\" width=\"640\" height=\"463\" src=\"https:\/\/radiohuancayo.com.pe\/wp54\/wp-content\/uploads\/2024\/10\/image-35.png\" alt=\"\" class=\"wp-image-28722\" srcset=\"https:\/\/radiohuancayo.com.pe\/wp54\/wp-content\/uploads\/2024\/10\/image-35.png 640w, https:\/\/radiohuancayo.com.pe\/wp54\/wp-content\/uploads\/2024\/10\/image-35-300x217.png 300w\" sizes=\"(max-width: 640px) 100vw, 640px\" \/><\/figure>\n\n\n\n<h2 class=\"wp-block-heading\">Presidente de Cienciano anuncia medida contra Cueva por altercado con Ferrari<\/h2>\n\n\n\n<p>En el programa &#8216;En otra cancha&#8217; de ATV,&nbsp;<strong>Sergio Lude\u00f1a<\/strong>, presidente de la instituci\u00f3n cusque\u00f1a, fue entrevistado por el conductor &#8216;Paco&#8217; Baz\u00e1n y aclar\u00f3 que<strong>&nbsp;Christian Cueva<\/strong>&nbsp;le explic\u00f3 por qu\u00e9 reaccion\u00f3 as\u00ed. Asimismo, anunci\u00f3 que se reunir\u00e1 con el mediocampista y que &#8216;Aladino&#8217; conversar\u00e1 con su psic\u00f3logo para que este tipo de acciones no se repitan en el campo de juego.<\/p>\n\n\n\n<p>\u00abLo que \u00e9l (Christian Cueva) nos indic\u00f3 es que escuch\u00f3 un comentario proveniente de ese sector y he tenido una reacci\u00f3n, la cual no fue adecuada y su forma de expresarse como ejemplo hacia ni\u00f1os y sociedad. T<strong>endremos una reuni\u00f3n con \u00e9l y hablaremos un poco m\u00e1s calmados de este tema en particular. Cueva tiene un psic\u00f3logo que va a conversar con \u00e9l y le dar\u00e1 las recomendaciones del caso para que eso no se vuelva a repetir.&nbsp;<\/strong>Entendemos que hubo una acci\u00f3n y esta es una reacci\u00f3n no adecuada, totalmente de acuerdo\u00bb, detall\u00f3 el mandam\u00e1s del Pap\u00e1.<\/p>\n\n\n\n<h2 class=\"wp-block-heading\">Christian Cueva discuti\u00f3 con Jean Ferrari en el duelo Universitario vs Cienciano<\/h2>\n\n\n\n<p>En el compromiso del \u00faltimo domingo 27 de octubre por la pen\u00faltima jornada del Clausura, cuando el volante de la selecci\u00f3n peruana fue cambiado por Aldair Rodr\u00edguez, sali\u00f3 vociferando a Jean Ferrari, mandam\u00e1s de la instituci\u00f3n merengue. En la transmisi\u00f3n de GolPer\u00fa manifestaron que, al momento de la sustituci\u00f3n, el mediocampista dirigi\u00f3 las siguientes palabras: \u00ab<strong>\u00bfCu\u00e1ndo has jugado t\u00fa?<\/strong>\u00ab.<\/p>\n\n\n\n<p>Posteriormente, luego del pitazo final, el periodista Ramiro Rodr\u00edguez relat\u00f3 que &#8216;<strong>Aladino&#8217; tuvo un intercambio de palabras con el directivo de la &#8216;U&#8217;, por lo que fue sacado para evitar que la discusi\u00f3n llegue a mayores<\/strong>.<\/p>\n\n\n\n<p>Jean Ferrari, ese mismo d\u00eda, se pronunci\u00f3 sobre su discusi\u00f3n con Cueva para las c\u00e1maras del programa &#8216;Tiempo extra&#8217; y tuvo una escueta respuesta cuando le consultaron sobre dicha situaci\u00f3n con el mediocampista de la selecci\u00f3n peruana: \u00ab<strong>No pas\u00f3 nada<\/strong>\u00ab, contest\u00f3.<\/p>\n","protected":false},"excerpt":{"rendered":"<p>M\u00e1s all\u00e1 de la gran victoria de Universitario ante Cienciano el \u00faltimo domingo 27 de octubre, lo que llam\u00f3 la atenci\u00f3n fue el altercado que protagonizaron Christian Cueva y Jean Ferrari durante el encuentro en el Estadio Monumental. De acuerdo con el periodista Ramiro Rodr\u00edguez de GolPer\u00fa, el jugador del Pap\u00e1 le habr\u00eda dicho al mandam\u00e1s crema: \u00ab\u00bfCu\u00e1ndo has jugado t\u00fa?\u00bb. Sergio Lude\u00f1a, administrador del cuadro cusque\u00f1o, est\u00e1 al tanto de esta situaci\u00f3n, por lo que aplicar\u00e1 una seria medida contra &#8216;Aladino&#8217;. Si bien los imperiales ya clasificaron a la Copa Sudamericana de la pr\u00f3xima temporada, buscaba arruinarle los planes a los actuales punteros del Torneo Clausura de la Liga 1 Te Apuesto 2024. Incluso, Cienciano &#8216;calent\u00f3&#8217; la previa con provocadoras publicaciones en que record\u00f3, por ejemplo, la definici\u00f3n que le gan\u00f3 a la &#8216;U&#8217; por el Clausura 2006. Presidente de Cienciano anuncia medida contra Cueva por altercado con Ferrari En el programa &#8216;En otra cancha&#8217; de ATV,&nbsp;Sergio Lude\u00f1a, presidente de la instituci\u00f3n cusque\u00f1a, fue entrevistado por el conductor &#8216;Paco&#8217; Baz\u00e1n y aclar\u00f3 que&nbsp;Christian Cueva&nbsp;le explic\u00f3 por qu\u00e9 reaccion\u00f3 as\u00ed. Asimismo, anunci\u00f3 que se reunir\u00e1 con el mediocampista y que &#8216;Aladino&#8217; conversar\u00e1 con su psic\u00f3logo para que este tipo de acciones no se repitan en el campo de juego. \u00abLo que \u00e9l (Christian Cueva) nos indic\u00f3 es que escuch\u00f3 un comentario proveniente de ese sector y he tenido una reacci\u00f3n, la cual no fue adecuada y su forma de expresarse como ejemplo hacia ni\u00f1os y sociedad. Tendremos una reuni\u00f3n con \u00e9l y hablaremos un poco m\u00e1s calmados de este tema en particular. Cueva tiene un psic\u00f3logo que va a conversar con \u00e9l y le dar\u00e1 las recomendaciones del caso para que eso no se vuelva a repetir.&nbsp;Entendemos que hubo una acci\u00f3n y esta es una reacci\u00f3n no adecuada, totalmente de acuerdo\u00bb, detall\u00f3 el mandam\u00e1s del Pap\u00e1. Christian Cueva discuti\u00f3 con Jean Ferrari en el duelo Universitario vs Cienciano En el compromiso del \u00faltimo domingo 27 de octubre por la pen\u00faltima jornada del Clausura, cuando el volante de la selecci\u00f3n peruana fue cambiado por Aldair Rodr\u00edguez, sali\u00f3 vociferando a Jean Ferrari, mandam\u00e1s de la instituci\u00f3n merengue. En la transmisi\u00f3n de GolPer\u00fa manifestaron que, al momento de la sustituci\u00f3n, el mediocampista dirigi\u00f3 las siguientes palabras: \u00ab\u00bfCu\u00e1ndo has jugado t\u00fa?\u00ab. Posteriormente, luego del pitazo final, el periodista Ramiro Rodr\u00edguez relat\u00f3 que &#8216;Aladino&#8217; tuvo un intercambio de palabras con el directivo de la &#8216;U&#8217;, por lo que fue sacado para evitar que la discusi\u00f3n llegue a mayores. Jean Ferrari, ese mismo d\u00eda, se pronunci\u00f3 sobre su discusi\u00f3n con Cueva para las c\u00e1maras del programa &#8216;Tiempo extra&#8217; y tuvo una escueta respuesta cuando le consultaron sobre dicha situaci\u00f3n con el mediocampista de la selecci\u00f3n peruana: \u00abNo pas\u00f3 nada\u00ab, contest\u00f3.<\/p>\n","protected":false},"author":2,"featured_media":28723,"comment_status":"open","ping_status":"open","sticky":false,"template":"","format":"standard","meta":{"footnotes":""},"categories":[7],"tags":[],"class_list":["post-28721","post","type-post","status-publish","format-standard","has-post-thumbnail","hentry","category-deportes"],"yoast_head":"<!-- This site is optimized with the Yoast SEO plugin v27.5 - https:\/\/yoast.com\/product\/yoast-seo-wordpress\/ -->\n<title>Presidente de Cienciano tomar\u00e1 seria medida con Christian Cueva tras altercado con Jean Ferrari en el Universitario vs Cienciano - Radio Huancayo<\/title>\n<meta name=\"robots\" content=\"index, follow, max-snippet:-1, max-image-preview:large, max-video-preview:-1\" \/>\n<link rel=\"canonical\" href=\"https:\/\/radiohuancayo.com.pe\/wp54\/presidente-de-cienciano-tomara-seria-medida-con-christian-cueva-tras-altercado-con-jean-ferrari-en-el-universitario-vs-cienciano\/\" \/>\n<meta property=\"og:locale\" content=\"es_ES\" \/>\n<meta property=\"og:type\" content=\"article\" \/>\n<meta property=\"og:title\" content=\"Presidente de Cienciano tomar\u00e1 seria medida con Christian Cueva tras altercado con Jean Ferrari en el Universitario vs Cienciano - Radio Huancayo\" \/>\n<meta property=\"og:description\" content=\"M\u00e1s all\u00e1 de la gran victoria de Universitario ante Cienciano el \u00faltimo domingo 27 de octubre, lo que llam\u00f3 la atenci\u00f3n fue el altercado que protagonizaron Christian Cueva y Jean Ferrari durante el encuentro en el Estadio Monumental. De acuerdo con el periodista Ramiro Rodr\u00edguez de GolPer\u00fa, el jugador del Pap\u00e1 le habr\u00eda dicho al mandam\u00e1s crema: \u00ab\u00bfCu\u00e1ndo has jugado t\u00fa?\u00bb. Sergio Lude\u00f1a, administrador del cuadro cusque\u00f1o, est\u00e1 al tanto de esta situaci\u00f3n, por lo que aplicar\u00e1 una seria medida contra &#8216;Aladino&#8217;. Si bien los imperiales ya clasificaron a la Copa Sudamericana de la pr\u00f3xima temporada, buscaba arruinarle los planes a los actuales punteros del Torneo Clausura de la Liga 1 Te Apuesto 2024. Incluso, Cienciano &#8216;calent\u00f3&#8217; la previa con provocadoras publicaciones en que record\u00f3, por ejemplo, la definici\u00f3n que le gan\u00f3 a la &#8216;U&#8217; por el Clausura 2006. Presidente de Cienciano anuncia medida contra Cueva por altercado con Ferrari En el programa &#8216;En otra cancha&#8217; de ATV,&nbsp;Sergio Lude\u00f1a, presidente de la instituci\u00f3n cusque\u00f1a, fue entrevistado por el conductor &#8216;Paco&#8217; Baz\u00e1n y aclar\u00f3 que&nbsp;Christian Cueva&nbsp;le explic\u00f3 por qu\u00e9 reaccion\u00f3 as\u00ed. Asimismo, anunci\u00f3 que se reunir\u00e1 con el mediocampista y que &#8216;Aladino&#8217; conversar\u00e1 con su psic\u00f3logo para que este tipo de acciones no se repitan en el campo de juego. \u00abLo que \u00e9l (Christian Cueva) nos indic\u00f3 es que escuch\u00f3 un comentario proveniente de ese sector y he tenido una reacci\u00f3n, la cual no fue adecuada y su forma de expresarse como ejemplo hacia ni\u00f1os y sociedad. Tendremos una reuni\u00f3n con \u00e9l y hablaremos un poco m\u00e1s calmados de este tema en particular. Cueva tiene un psic\u00f3logo que va a conversar con \u00e9l y le dar\u00e1 las recomendaciones del caso para que eso no se vuelva a repetir.&nbsp;Entendemos que hubo una acci\u00f3n y esta es una reacci\u00f3n no adecuada, totalmente de acuerdo\u00bb, detall\u00f3 el mandam\u00e1s del Pap\u00e1. Christian Cueva discuti\u00f3 con Jean Ferrari en el duelo Universitario vs Cienciano En el compromiso del \u00faltimo domingo 27 de octubre por la pen\u00faltima jornada del Clausura, cuando el volante de la selecci\u00f3n peruana fue cambiado por Aldair Rodr\u00edguez, sali\u00f3 vociferando a Jean Ferrari, mandam\u00e1s de la instituci\u00f3n merengue. En la transmisi\u00f3n de GolPer\u00fa manifestaron que, al momento de la sustituci\u00f3n, el mediocampista dirigi\u00f3 las siguientes palabras: \u00ab\u00bfCu\u00e1ndo has jugado t\u00fa?\u00ab. Posteriormente, luego del pitazo final, el periodista Ramiro Rodr\u00edguez relat\u00f3 que &#8216;Aladino&#8217; tuvo un intercambio de palabras con el directivo de la &#8216;U&#8217;, por lo que fue sacado para evitar que la discusi\u00f3n llegue a mayores. Jean Ferrari, ese mismo d\u00eda, se pronunci\u00f3 sobre su discusi\u00f3n con Cueva para las c\u00e1maras del programa &#8216;Tiempo extra&#8217; y tuvo una escueta respuesta cuando le consultaron sobre dicha situaci\u00f3n con el mediocampista de la selecci\u00f3n peruana: \u00abNo pas\u00f3 nada\u00ab, contest\u00f3.\" \/>\n<meta property=\"og:url\" content=\"https:\/\/radiohuancayo.com.pe\/wp54\/presidente-de-cienciano-tomara-seria-medida-con-christian-cueva-tras-altercado-con-jean-ferrari-en-el-universitario-vs-cienciano\/\" \/>\n<meta property=\"og:site_name\" content=\"Radio Huancayo\" \/>\n<meta property=\"article:published_time\" content=\"2024-10-30T22:04:52+00:00\" \/>\n<meta property=\"article:modified_time\" content=\"2024-10-30T22:04:53+00:00\" \/>\n<meta property=\"og:image\" content=\"https:\/\/radiohuancayo.com.pe\/wp54\/wp-content\/uploads\/2024\/10\/image-36.png\" \/>\n\t<meta property=\"og:image:width\" content=\"640\" \/>\n\t<meta property=\"og:image:height\" content=\"371\" \/>\n\t<meta property=\"og:image:type\" content=\"image\/png\" \/>\n<meta name=\"author\" content=\"Michel Sanchez\" \/>\n<meta name=\"twitter:card\" content=\"summary_large_image\" \/>\n<meta name=\"twitter:label1\" content=\"Escrito por\" \/>\n\t<meta name=\"twitter:data1\" content=\"Michel Sanchez\" \/>\n\t<meta name=\"twitter:label2\" content=\"Tiempo de lectura\" \/>\n\t<meta name=\"twitter:data2\" content=\"3 minutos\" \/>\n<script type=\"application\/ld+json\" class=\"yoast-schema-graph\">{\"@context\":\"https:\\\/\\\/schema.org\",\"@graph\":[{\"@type\":\"Article\",\"@id\":\"https:\\\/\\\/radiohuancayo.com.pe\\\/wp54\\\/presidente-de-cienciano-tomara-seria-medida-con-christian-cueva-tras-altercado-con-jean-ferrari-en-el-universitario-vs-cienciano\\\/#article\",\"isPartOf\":{\"@id\":\"https:\\\/\\\/radiohuancayo.com.pe\\\/wp54\\\/presidente-de-cienciano-tomara-seria-medida-con-christian-cueva-tras-altercado-con-jean-ferrari-en-el-universitario-vs-cienciano\\\/\"},\"author\":{\"name\":\"Michel Sanchez\",\"@id\":\"https:\\\/\\\/radiohuancayo.com.pe\\\/wp54\\\/#\\\/schema\\\/person\\\/74fb124dee9900c6f4d0535fa1d2b5ae\"},\"headline\":\"Presidente de Cienciano tomar\u00e1 seria medida con Christian Cueva tras altercado con Jean Ferrari en el Universitario vs Cienciano\",\"datePublished\":\"2024-10-30T22:04:52+00:00\",\"dateModified\":\"2024-10-30T22:04:53+00:00\",\"mainEntityOfPage\":{\"@id\":\"https:\\\/\\\/radiohuancayo.com.pe\\\/wp54\\\/presidente-de-cienciano-tomara-seria-medida-con-christian-cueva-tras-altercado-con-jean-ferrari-en-el-universitario-vs-cienciano\\\/\"},\"wordCount\":516,\"commentCount\":0,\"publisher\":{\"@id\":\"https:\\\/\\\/radiohuancayo.com.pe\\\/wp54\\\/#organization\"},\"image\":{\"@id\":\"https:\\\/\\\/radiohuancayo.com.pe\\\/wp54\\\/presidente-de-cienciano-tomara-seria-medida-con-christian-cueva-tras-altercado-con-jean-ferrari-en-el-universitario-vs-cienciano\\\/#primaryimage\"},\"thumbnailUrl\":\"https:\\\/\\\/radiohuancayo.com.pe\\\/wp54\\\/wp-content\\\/uploads\\\/2024\\\/10\\\/image-36.png\",\"articleSection\":[\"Deportes\"],\"inLanguage\":\"es\",\"potentialAction\":[{\"@type\":\"CommentAction\",\"name\":\"Comment\",\"target\":[\"https:\\\/\\\/radiohuancayo.com.pe\\\/wp54\\\/presidente-de-cienciano-tomara-seria-medida-con-christian-cueva-tras-altercado-con-jean-ferrari-en-el-universitario-vs-cienciano\\\/#respond\"]}]},{\"@type\":\"WebPage\",\"@id\":\"https:\\\/\\\/radiohuancayo.com.pe\\\/wp54\\\/presidente-de-cienciano-tomara-seria-medida-con-christian-cueva-tras-altercado-con-jean-ferrari-en-el-universitario-vs-cienciano\\\/\",\"url\":\"https:\\\/\\\/radiohuancayo.com.pe\\\/wp54\\\/presidente-de-cienciano-tomara-seria-medida-con-christian-cueva-tras-altercado-con-jean-ferrari-en-el-universitario-vs-cienciano\\\/\",\"name\":\"Presidente de Cienciano tomar\u00e1 seria medida con Christian Cueva tras altercado con Jean Ferrari en el Universitario vs Cienciano - Radio Huancayo\",\"isPartOf\":{\"@id\":\"https:\\\/\\\/radiohuancayo.com.pe\\\/wp54\\\/#website\"},\"primaryImageOfPage\":{\"@id\":\"https:\\\/\\\/radiohuancayo.com.pe\\\/wp54\\\/presidente-de-cienciano-tomara-seria-medida-con-christian-cueva-tras-altercado-con-jean-ferrari-en-el-universitario-vs-cienciano\\\/#primaryimage\"},\"image\":{\"@id\":\"https:\\\/\\\/radiohuancayo.com.pe\\\/wp54\\\/presidente-de-cienciano-tomara-seria-medida-con-christian-cueva-tras-altercado-con-jean-ferrari-en-el-universitario-vs-cienciano\\\/#primaryimage\"},\"thumbnailUrl\":\"https:\\\/\\\/radiohuancayo.com.pe\\\/wp54\\\/wp-content\\\/uploads\\\/2024\\\/10\\\/image-36.png\",\"datePublished\":\"2024-10-30T22:04:52+00:00\",\"dateModified\":\"2024-10-30T22:04:53+00:00\",\"breadcrumb\":{\"@id\":\"https:\\\/\\\/radiohuancayo.com.pe\\\/wp54\\\/presidente-de-cienciano-tomara-seria-medida-con-christian-cueva-tras-altercado-con-jean-ferrari-en-el-universitario-vs-cienciano\\\/#breadcrumb\"},\"inLanguage\":\"es\",\"potentialAction\":[{\"@type\":\"ReadAction\",\"target\":[\"https:\\\/\\\/radiohuancayo.com.pe\\\/wp54\\\/presidente-de-cienciano-tomara-seria-medida-con-christian-cueva-tras-altercado-con-jean-ferrari-en-el-universitario-vs-cienciano\\\/\"]}]},{\"@type\":\"ImageObject\",\"inLanguage\":\"es\",\"@id\":\"https:\\\/\\\/radiohuancayo.com.pe\\\/wp54\\\/presidente-de-cienciano-tomara-seria-medida-con-christian-cueva-tras-altercado-con-jean-ferrari-en-el-universitario-vs-cienciano\\\/#primaryimage\",\"url\":\"https:\\\/\\\/radiohuancayo.com.pe\\\/wp54\\\/wp-content\\\/uploads\\\/2024\\\/10\\\/image-36.png\",\"contentUrl\":\"https:\\\/\\\/radiohuancayo.com.pe\\\/wp54\\\/wp-content\\\/uploads\\\/2024\\\/10\\\/image-36.png\",\"width\":640,\"height\":371},{\"@type\":\"BreadcrumbList\",\"@id\":\"https:\\\/\\\/radiohuancayo.com.pe\\\/wp54\\\/presidente-de-cienciano-tomara-seria-medida-con-christian-cueva-tras-altercado-con-jean-ferrari-en-el-universitario-vs-cienciano\\\/#breadcrumb\",\"itemListElement\":[{\"@type\":\"ListItem\",\"position\":1,\"name\":\"Portada\",\"item\":\"https:\\\/\\\/radiohuancayo.com.pe\\\/wp54\\\/\"},{\"@type\":\"ListItem\",\"position\":2,\"name\":\"Presidente de Cienciano tomar\u00e1 seria medida con Christian Cueva tras altercado con Jean Ferrari en el Universitario vs Cienciano\"}]},{\"@type\":\"WebSite\",\"@id\":\"https:\\\/\\\/radiohuancayo.com.pe\\\/wp54\\\/#website\",\"url\":\"https:\\\/\\\/radiohuancayo.com.pe\\\/wp54\\\/\",\"name\":\"Radio Huancayo\",\"description\":\"me gusta!!!\",\"publisher\":{\"@id\":\"https:\\\/\\\/radiohuancayo.com.pe\\\/wp54\\\/#organization\"},\"potentialAction\":[{\"@type\":\"SearchAction\",\"target\":{\"@type\":\"EntryPoint\",\"urlTemplate\":\"https:\\\/\\\/radiohuancayo.com.pe\\\/wp54\\\/?s={search_term_string}\"},\"query-input\":{\"@type\":\"PropertyValueSpecification\",\"valueRequired\":true,\"valueName\":\"search_term_string\"}}],\"inLanguage\":\"es\"},{\"@type\":\"Organization\",\"@id\":\"https:\\\/\\\/radiohuancayo.com.pe\\\/wp54\\\/#organization\",\"name\":\"Radio Huancayo\",\"url\":\"https:\\\/\\\/radiohuancayo.com.pe\\\/wp54\\\/\",\"logo\":{\"@type\":\"ImageObject\",\"inLanguage\":\"es\",\"@id\":\"https:\\\/\\\/radiohuancayo.com.pe\\\/wp54\\\/#\\\/schema\\\/logo\\\/image\\\/\",\"url\":\"https:\\\/\\\/radiohuancayo.com.pe\\\/wp54\\\/wp-content\\\/uploads\\\/2022\\\/04\\\/CABE01.png\",\"contentUrl\":\"https:\\\/\\\/radiohuancayo.com.pe\\\/wp54\\\/wp-content\\\/uploads\\\/2022\\\/04\\\/CABE01.png\",\"width\":1640,\"height\":300,\"caption\":\"Radio Huancayo\"},\"image\":{\"@id\":\"https:\\\/\\\/radiohuancayo.com.pe\\\/wp54\\\/#\\\/schema\\\/logo\\\/image\\\/\"}},{\"@type\":\"Person\",\"@id\":\"https:\\\/\\\/radiohuancayo.com.pe\\\/wp54\\\/#\\\/schema\\\/person\\\/74fb124dee9900c6f4d0535fa1d2b5ae\",\"name\":\"Michel Sanchez\",\"image\":{\"@type\":\"ImageObject\",\"inLanguage\":\"es\",\"@id\":\"https:\\\/\\\/secure.gravatar.com\\\/avatar\\\/f7f6944c01b3f15a174d0cf055aea75c46697913fc8a9cf5c3cf3e8800c645f6?s=96&d=mm&r=g\",\"url\":\"https:\\\/\\\/secure.gravatar.com\\\/avatar\\\/f7f6944c01b3f15a174d0cf055aea75c46697913fc8a9cf5c3cf3e8800c645f6?s=96&d=mm&r=g\",\"contentUrl\":\"https:\\\/\\\/secure.gravatar.com\\\/avatar\\\/f7f6944c01b3f15a174d0cf055aea75c46697913fc8a9cf5c3cf3e8800c645f6?s=96&d=mm&r=g\",\"caption\":\"Michel Sanchez\"},\"url\":\"https:\\\/\\\/radiohuancayo.com.pe\\\/wp54\\\/author\\\/memoris\\\/\"}]}<\/script>\n<!-- \/ Yoast SEO plugin. -->","yoast_head_json":{"title":"Presidente de Cienciano tomar\u00e1 seria medida con Christian Cueva tras altercado con Jean Ferrari en el Universitario vs Cienciano - Radio Huancayo","robots":{"index":"index","follow":"follow","max-snippet":"max-snippet:-1","max-image-preview":"max-image-preview:large","max-video-preview":"max-video-preview:-1"},"canonical":"https:\/\/radiohuancayo.com.pe\/wp54\/presidente-de-cienciano-tomara-seria-medida-con-christian-cueva-tras-altercado-con-jean-ferrari-en-el-universitario-vs-cienciano\/","og_locale":"es_ES","og_type":"article","og_title":"Presidente de Cienciano tomar\u00e1 seria medida con Christian Cueva tras altercado con Jean Ferrari en el Universitario vs Cienciano - Radio Huancayo","og_description":"M\u00e1s all\u00e1 de la gran victoria de Universitario ante Cienciano el \u00faltimo domingo 27 de octubre, lo que llam\u00f3 la atenci\u00f3n fue el altercado que protagonizaron Christian Cueva y Jean Ferrari durante el encuentro en el Estadio Monumental. De acuerdo con el periodista Ramiro Rodr\u00edguez de GolPer\u00fa, el jugador del Pap\u00e1 le habr\u00eda dicho al mandam\u00e1s crema: \u00ab\u00bfCu\u00e1ndo has jugado t\u00fa?\u00bb. Sergio Lude\u00f1a, administrador del cuadro cusque\u00f1o, est\u00e1 al tanto de esta situaci\u00f3n, por lo que aplicar\u00e1 una seria medida contra &#8216;Aladino&#8217;. Si bien los imperiales ya clasificaron a la Copa Sudamericana de la pr\u00f3xima temporada, buscaba arruinarle los planes a los actuales punteros del Torneo Clausura de la Liga 1 Te Apuesto 2024. Incluso, Cienciano &#8216;calent\u00f3&#8217; la previa con provocadoras publicaciones en que record\u00f3, por ejemplo, la definici\u00f3n que le gan\u00f3 a la &#8216;U&#8217; por el Clausura 2006. Presidente de Cienciano anuncia medida contra Cueva por altercado con Ferrari En el programa &#8216;En otra cancha&#8217; de ATV,&nbsp;Sergio Lude\u00f1a, presidente de la instituci\u00f3n cusque\u00f1a, fue entrevistado por el conductor &#8216;Paco&#8217; Baz\u00e1n y aclar\u00f3 que&nbsp;Christian Cueva&nbsp;le explic\u00f3 por qu\u00e9 reaccion\u00f3 as\u00ed. Asimismo, anunci\u00f3 que se reunir\u00e1 con el mediocampista y que &#8216;Aladino&#8217; conversar\u00e1 con su psic\u00f3logo para que este tipo de acciones no se repitan en el campo de juego. \u00abLo que \u00e9l (Christian Cueva) nos indic\u00f3 es que escuch\u00f3 un comentario proveniente de ese sector y he tenido una reacci\u00f3n, la cual no fue adecuada y su forma de expresarse como ejemplo hacia ni\u00f1os y sociedad. Tendremos una reuni\u00f3n con \u00e9l y hablaremos un poco m\u00e1s calmados de este tema en particular. Cueva tiene un psic\u00f3logo que va a conversar con \u00e9l y le dar\u00e1 las recomendaciones del caso para que eso no se vuelva a repetir.&nbsp;Entendemos que hubo una acci\u00f3n y esta es una reacci\u00f3n no adecuada, totalmente de acuerdo\u00bb, detall\u00f3 el mandam\u00e1s del Pap\u00e1. Christian Cueva discuti\u00f3 con Jean Ferrari en el duelo Universitario vs Cienciano En el compromiso del \u00faltimo domingo 27 de octubre por la pen\u00faltima jornada del Clausura, cuando el volante de la selecci\u00f3n peruana fue cambiado por Aldair Rodr\u00edguez, sali\u00f3 vociferando a Jean Ferrari, mandam\u00e1s de la instituci\u00f3n merengue. En la transmisi\u00f3n de GolPer\u00fa manifestaron que, al momento de la sustituci\u00f3n, el mediocampista dirigi\u00f3 las siguientes palabras: \u00ab\u00bfCu\u00e1ndo has jugado t\u00fa?\u00ab. Posteriormente, luego del pitazo final, el periodista Ramiro Rodr\u00edguez relat\u00f3 que &#8216;Aladino&#8217; tuvo un intercambio de palabras con el directivo de la &#8216;U&#8217;, por lo que fue sacado para evitar que la discusi\u00f3n llegue a mayores. Jean Ferrari, ese mismo d\u00eda, se pronunci\u00f3 sobre su discusi\u00f3n con Cueva para las c\u00e1maras del programa &#8216;Tiempo extra&#8217; y tuvo una escueta respuesta cuando le consultaron sobre dicha situaci\u00f3n con el mediocampista de la selecci\u00f3n peruana: \u00abNo pas\u00f3 nada\u00ab, contest\u00f3.","og_url":"https:\/\/radiohuancayo.com.pe\/wp54\/presidente-de-cienciano-tomara-seria-medida-con-christian-cueva-tras-altercado-con-jean-ferrari-en-el-universitario-vs-cienciano\/","og_site_name":"Radio Huancayo","article_published_time":"2024-10-30T22:04:52+00:00","article_modified_time":"2024-10-30T22:04:53+00:00","og_image":[{"width":640,"height":371,"url":"https:\/\/radiohuancayo.com.pe\/wp54\/wp-content\/uploads\/2024\/10\/image-36.png","type":"image\/png"}],"author":"Michel Sanchez","twitter_card":"summary_large_image","twitter_misc":{"Escrito por":"Michel Sanchez","Tiempo de lectura":"3 minutos"},"schema":{"@context":"https:\/\/schema.org","@graph":[{"@type":"Article","@id":"https:\/\/radiohuancayo.com.pe\/wp54\/presidente-de-cienciano-tomara-seria-medida-con-christian-cueva-tras-altercado-con-jean-ferrari-en-el-universitario-vs-cienciano\/#article","isPartOf":{"@id":"https:\/\/radiohuancayo.com.pe\/wp54\/presidente-de-cienciano-tomara-seria-medida-con-christian-cueva-tras-altercado-con-jean-ferrari-en-el-universitario-vs-cienciano\/"},"author":{"name":"Michel Sanchez","@id":"https:\/\/radiohuancayo.com.pe\/wp54\/#\/schema\/person\/74fb124dee9900c6f4d0535fa1d2b5ae"},"headline":"Presidente de Cienciano tomar\u00e1 seria medida con Christian Cueva tras altercado con Jean Ferrari en el Universitario vs Cienciano","datePublished":"2024-10-30T22:04:52+00:00","dateModified":"2024-10-30T22:04:53+00:00","mainEntityOfPage":{"@id":"https:\/\/radiohuancayo.com.pe\/wp54\/presidente-de-cienciano-tomara-seria-medida-con-christian-cueva-tras-altercado-con-jean-ferrari-en-el-universitario-vs-cienciano\/"},"wordCount":516,"commentCount":0,"publisher":{"@id":"https:\/\/radiohuancayo.com.pe\/wp54\/#organization"},"image":{"@id":"https:\/\/radiohuancayo.com.pe\/wp54\/presidente-de-cienciano-tomara-seria-medida-con-christian-cueva-tras-altercado-con-jean-ferrari-en-el-universitario-vs-cienciano\/#primaryimage"},"thumbnailUrl":"https:\/\/radiohuancayo.com.pe\/wp54\/wp-content\/uploads\/2024\/10\/image-36.png","articleSection":["Deportes"],"inLanguage":"es","potentialAction":[{"@type":"CommentAction","name":"Comment","target":["https:\/\/radiohuancayo.com.pe\/wp54\/presidente-de-cienciano-tomara-seria-medida-con-christian-cueva-tras-altercado-con-jean-ferrari-en-el-universitario-vs-cienciano\/#respond"]}]},{"@type":"WebPage","@id":"https:\/\/radiohuancayo.com.pe\/wp54\/presidente-de-cienciano-tomara-seria-medida-con-christian-cueva-tras-altercado-con-jean-ferrari-en-el-universitario-vs-cienciano\/","url":"https:\/\/radiohuancayo.com.pe\/wp54\/presidente-de-cienciano-tomara-seria-medida-con-christian-cueva-tras-altercado-con-jean-ferrari-en-el-universitario-vs-cienciano\/","name":"Presidente de Cienciano tomar\u00e1 seria medida con Christian Cueva tras altercado con Jean Ferrari en el Universitario vs Cienciano - Radio Huancayo","isPartOf":{"@id":"https:\/\/radiohuancayo.com.pe\/wp54\/#website"},"primaryImageOfPage":{"@id":"https:\/\/radiohuancayo.com.pe\/wp54\/presidente-de-cienciano-tomara-seria-medida-con-christian-cueva-tras-altercado-con-jean-ferrari-en-el-universitario-vs-cienciano\/#primaryimage"},"image":{"@id":"https:\/\/radiohuancayo.com.pe\/wp54\/presidente-de-cienciano-tomara-seria-medida-con-christian-cueva-tras-altercado-con-jean-ferrari-en-el-universitario-vs-cienciano\/#primaryimage"},"thumbnailUrl":"https:\/\/radiohuancayo.com.pe\/wp54\/wp-content\/uploads\/2024\/10\/image-36.png","datePublished":"2024-10-30T22:04:52+00:00","dateModified":"2024-10-30T22:04:53+00:00","breadcrumb":{"@id":"https:\/\/radiohuancayo.com.pe\/wp54\/presidente-de-cienciano-tomara-seria-medida-con-christian-cueva-tras-altercado-con-jean-ferrari-en-el-universitario-vs-cienciano\/#breadcrumb"},"inLanguage":"es","potentialAction":[{"@type":"ReadAction","target":["https:\/\/radiohuancayo.com.pe\/wp54\/presidente-de-cienciano-tomara-seria-medida-con-christian-cueva-tras-altercado-con-jean-ferrari-en-el-universitario-vs-cienciano\/"]}]},{"@type":"ImageObject","inLanguage":"es","@id":"https:\/\/radiohuancayo.com.pe\/wp54\/presidente-de-cienciano-tomara-seria-medida-con-christian-cueva-tras-altercado-con-jean-ferrari-en-el-universitario-vs-cienciano\/#primaryimage","url":"https:\/\/radiohuancayo.com.pe\/wp54\/wp-content\/uploads\/2024\/10\/image-36.png","contentUrl":"https:\/\/radiohuancayo.com.pe\/wp54\/wp-content\/uploads\/2024\/10\/image-36.png","width":640,"height":371},{"@type":"BreadcrumbList","@id":"https:\/\/radiohuancayo.com.pe\/wp54\/presidente-de-cienciano-tomara-seria-medida-con-christian-cueva-tras-altercado-con-jean-ferrari-en-el-universitario-vs-cienciano\/#breadcrumb","itemListElement":[{"@type":"ListItem","position":1,"name":"Portada","item":"https:\/\/radiohuancayo.com.pe\/wp54\/"},{"@type":"ListItem","position":2,"name":"Presidente de Cienciano tomar\u00e1 seria medida con Christian Cueva tras altercado con Jean Ferrari en el Universitario vs Cienciano"}]},{"@type":"WebSite","@id":"https:\/\/radiohuancayo.com.pe\/wp54\/#website","url":"https:\/\/radiohuancayo.com.pe\/wp54\/","name":"Radio Huancayo","description":"me gusta!!!","publisher":{"@id":"https:\/\/radiohuancayo.com.pe\/wp54\/#organization"},"potentialAction":[{"@type":"SearchAction","target":{"@type":"EntryPoint","urlTemplate":"https:\/\/radiohuancayo.com.pe\/wp54\/?s={search_term_string}"},"query-input":{"@type":"PropertyValueSpecification","valueRequired":true,"valueName":"search_term_string"}}],"inLanguage":"es"},{"@type":"Organization","@id":"https:\/\/radiohuancayo.com.pe\/wp54\/#organization","name":"Radio Huancayo","url":"https:\/\/radiohuancayo.com.pe\/wp54\/","logo":{"@type":"ImageObject","inLanguage":"es","@id":"https:\/\/radiohuancayo.com.pe\/wp54\/#\/schema\/logo\/image\/","url":"https:\/\/radiohuancayo.com.pe\/wp54\/wp-content\/uploads\/2022\/04\/CABE01.png","contentUrl":"https:\/\/radiohuancayo.com.pe\/wp54\/wp-content\/uploads\/2022\/04\/CABE01.png","width":1640,"height":300,"caption":"Radio Huancayo"},"image":{"@id":"https:\/\/radiohuancayo.com.pe\/wp54\/#\/schema\/logo\/image\/"}},{"@type":"Person","@id":"https:\/\/radiohuancayo.com.pe\/wp54\/#\/schema\/person\/74fb124dee9900c6f4d0535fa1d2b5ae","name":"Michel Sanchez","image":{"@type":"ImageObject","inLanguage":"es","@id":"https:\/\/secure.gravatar.com\/avatar\/f7f6944c01b3f15a174d0cf055aea75c46697913fc8a9cf5c3cf3e8800c645f6?s=96&d=mm&r=g","url":"https:\/\/secure.gravatar.com\/avatar\/f7f6944c01b3f15a174d0cf055aea75c46697913fc8a9cf5c3cf3e8800c645f6?s=96&d=mm&r=g","contentUrl":"https:\/\/secure.gravatar.com\/avatar\/f7f6944c01b3f15a174d0cf055aea75c46697913fc8a9cf5c3cf3e8800c645f6?s=96&d=mm&r=g","caption":"Michel Sanchez"},"url":"https:\/\/radiohuancayo.com.pe\/wp54\/author\/memoris\/"}]}},"_links":{"self":[{"href":"https:\/\/radiohuancayo.com.pe\/wp54\/wp-json\/wp\/v2\/posts\/28721","targetHints":{"allow":["GET"]}}],"collection":[{"href":"https:\/\/radiohuancayo.com.pe\/wp54\/wp-json\/wp\/v2\/posts"}],"about":[{"href":"https:\/\/radiohuancayo.com.pe\/wp54\/wp-json\/wp\/v2\/types\/post"}],"author":[{"embeddable":true,"href":"https:\/\/radiohuancayo.com.pe\/wp54\/wp-json\/wp\/v2\/users\/2"}],"replies":[{"embeddable":true,"href":"https:\/\/radiohuancayo.com.pe\/wp54\/wp-json\/wp\/v2\/comments?post=28721"}],"version-history":[{"count":1,"href":"https:\/\/radiohuancayo.com.pe\/wp54\/wp-json\/wp\/v2\/posts\/28721\/revisions"}],"predecessor-version":[{"id":28724,"href":"https:\/\/radiohuancayo.com.pe\/wp54\/wp-json\/wp\/v2\/posts\/28721\/revisions\/28724"}],"wp:featuredmedia":[{"embeddable":true,"href":"https:\/\/radiohuancayo.com.pe\/wp54\/wp-json\/wp\/v2\/media\/28723"}],"wp:attachment":[{"href":"https:\/\/radiohuancayo.com.pe\/wp54\/wp-json\/wp\/v2\/media?parent=28721"}],"wp:term":[{"taxonomy":"category","embeddable":true,"href":"https:\/\/radiohuancayo.com.pe\/wp54\/wp-json\/wp\/v2\/categories?post=28721"},{"taxonomy":"post_tag","embeddable":true,"href":"https:\/\/radiohuancayo.com.pe\/wp54\/wp-json\/wp\/v2\/tags?post=28721"}],"curies":[{"name":"wp","href":"https:\/\/api.w.org\/{rel}","templated":true}]}}