{"id":28748,"date":"2024-11-06T17:09:17","date_gmt":"2024-11-06T22:09:17","guid":{"rendered":"https:\/\/radiohuancayo.com.pe\/wp54\/?p=28748"},"modified":"2024-11-06T17:09:17","modified_gmt":"2024-11-06T22:09:17","slug":"agente-de-diaz-pedimos-4-anos-de-inhabilitacion-para-marioni-ademas-del-dinero-del-contrato-que-hubo-con-alianza","status":"publish","type":"post","link":"https:\/\/radiohuancayo.com.pe\/wp54\/agente-de-diaz-pedimos-4-anos-de-inhabilitacion-para-marioni-ademas-del-dinero-del-contrato-que-hubo-con-alianza\/","title":{"rendered":"Agente de D\u00edaz: \u00abPedimos 4 a\u00f1os de inhabilitaci\u00f3n para Marioni, adem\u00e1s del dinero del contrato que hubo con Alianza\u00bb"},"content":{"rendered":"\n<p>En exclusiva con el programa 360\u00b0 de Radio Ovaci\u00f3n, Ulises Guallanez, representante de Cristian D\u00edaz, inform\u00f3 que en los pr\u00f3ximos d\u00edas se dar\u00e1 a conocer el fallo de la FIFA respecto a la denuncia que el realizaron a Alianza por incumplimiento de contrato.<\/p>\n\n\n\n<p>\u00abEl fallo estar\u00eda pr\u00f3ximo a salir, en cuesti\u00f3n de d\u00edas se resuelve. Alianza Lima no compareci\u00f3, as\u00ed que se van a basar solo en las pruebas presentada por nuestra parte. (&#8230;) Al cien por ciento se van a basar en las pruebas que presentamos en la denuncia\u00bb, declar\u00f3 el argentino en Radio Ovaci\u00f3n.<\/p>\n\n\n\n<p>Luego, a\u00f1adi\u00f3: \u00abNosotros pedimos que estas cosas no vuelvan a ocurrir, estar\u00eda muy bueno que el caso Cristian D\u00edaz quede marcado como un buen precedente y sea un buen &#8216;tir\u00f3n de orejas&#8217; para que otro entrenador &nbsp;no pase esta misma situaci\u00f3n, ojal\u00e1 se marque un buen precedente\u00bb.<\/p>\n\n\n\n<h3 class=\"wp-block-heading\">\u00bfCU\u00c1LES FUERON LOS PEDIDOS DE SANCIONES?&nbsp;<\/h3>\n\n\n\n<p>Consultado sobre qu\u00e9 esperan, Guallanez dijo: \u00abHemos pedido que se cumpla una sanci\u00f3n ejemplar a la gente que llev\u00f3 adelante esta negligencia para con el se\u00f1or Cristian D\u00edaz. Hemos pedido cuatro a\u00f1os de inhabilitaci\u00f3n en el cargo (a Marioni), adem\u00e1s hemos pedido el dinero que hemos arreglado del contrato, y despu\u00e9s que FIFA haga lo que tenga que hacer, pero no hemos pedido algo espec\u00edfico algo en contra del club\u00bb.<\/p>\n\n\n\n<p><\/p>\n\n\n\n<h3 class=\"wp-block-heading\">GUALLANEZ RECORD\u00d3 C\u00d3MO SE DIERON LAS COSAS<\/h3>\n\n\n\n<p>Al respecto, el agente de D\u00edaz, rememor\u00f3: \u00abHubo incumplimiento de contrato, por no ponerlo en funciones y por la negligencia de todo lo vivido, por haberlo hecho renunciar en un club, en donde \u00e9l estaba c\u00f3modo y no darle las &nbsp;funciones que rezaba el acuerdo que ten\u00edan ambas partes.<\/p>\n\n\n\n<p>Adem\u00e1s, acot\u00f3: \u00abTras la firma, a los tres d\u00edas un abogado con poder de Alianza nos contact\u00f3 y nos dijo que por fuerza mayor, que no podr\u00edan defender la integridad f\u00edsica del entrenador, que no estaban dadas la seguridad y un mont\u00f3n de cosas, como si el pa\u00eds estar\u00eda en estado sumamente grave, puras &#8216;pavadas&#8217; que no ten\u00edan nada que ver con la decisi\u00f3n que ellos hab\u00edan tomado\u00bb.<\/p>\n\n\n\n<h3 class=\"wp-block-heading\">\u00bfQU\u00c9 LES DIJO BRUNO MARIONI?<\/h3>\n\n\n\n<p>Asimismo, dio a conocer el descargo del exdirector deportivo &#8216;blanquiazul&#8217;: \u00abPor una orden desde arriba, que Cristian D\u00edaz no ten\u00eda que llegar, y que \u00e9l no ten\u00eda que ver con eso, y lamentablemente a nosotros no nos importa la interna que manejan entre ellos o si se arrepienten, nosotros ya hab\u00edamos hecho todo los que nos pidieron. La negligencia es lo que m\u00e1s pesa en esta cuesti\u00f3n\u00bb.<\/p>\n\n\n\n<p>Por \u00faltimo, el representante del DT argentino, dijo: \u00abSon unos irresponsables y negligentes, no midieron las consecuencias del da\u00f1o que hab\u00edan hecho. A ra\u00edz de eso, esta denuncia tom\u00f3 forma, se present\u00f3. Uno no quiere hacerle da\u00f1o a Alianza Lima, respetamos al hincha, pero nos sentimos perjudicados por los funcionarios y por quienes llevan adelante el buen nombre de una instituci\u00f3n sumamente grande en Sudam\u00e9rica\u00bb.<\/p>\n","protected":false},"excerpt":{"rendered":"<p>En exclusiva con el programa 360\u00b0 de Radio Ovaci\u00f3n, Ulises Guallanez, representante de Cristian D\u00edaz, inform\u00f3 que en los pr\u00f3ximos d\u00edas se dar\u00e1 a conocer el fallo de la FIFA respecto a la denuncia que el realizaron a Alianza por incumplimiento de contrato. \u00abEl fallo estar\u00eda pr\u00f3ximo a salir, en cuesti\u00f3n de d\u00edas se resuelve. Alianza Lima no compareci\u00f3, as\u00ed que se van a basar solo en las pruebas presentada por nuestra parte. (&#8230;) Al cien por ciento se van a basar en las pruebas que presentamos en la denuncia\u00bb, declar\u00f3 el argentino en Radio Ovaci\u00f3n. Luego, a\u00f1adi\u00f3: \u00abNosotros pedimos que estas cosas no vuelvan a ocurrir, estar\u00eda muy bueno que el caso Cristian D\u00edaz quede marcado como un buen precedente y sea un buen &#8216;tir\u00f3n de orejas&#8217; para que otro entrenador &nbsp;no pase esta misma situaci\u00f3n, ojal\u00e1 se marque un buen precedente\u00bb. \u00bfCU\u00c1LES FUERON LOS PEDIDOS DE SANCIONES?&nbsp; Consultado sobre qu\u00e9 esperan, Guallanez dijo: \u00abHemos pedido que se cumpla una sanci\u00f3n ejemplar a la gente que llev\u00f3 adelante esta negligencia para con el se\u00f1or Cristian D\u00edaz. Hemos pedido cuatro a\u00f1os de inhabilitaci\u00f3n en el cargo (a Marioni), adem\u00e1s hemos pedido el dinero que hemos arreglado del contrato, y despu\u00e9s que FIFA haga lo que tenga que hacer, pero no hemos pedido algo espec\u00edfico algo en contra del club\u00bb. GUALLANEZ RECORD\u00d3 C\u00d3MO SE DIERON LAS COSAS Al respecto, el agente de D\u00edaz, rememor\u00f3: \u00abHubo incumplimiento de contrato, por no ponerlo en funciones y por la negligencia de todo lo vivido, por haberlo hecho renunciar en un club, en donde \u00e9l estaba c\u00f3modo y no darle las &nbsp;funciones que rezaba el acuerdo que ten\u00edan ambas partes. Adem\u00e1s, acot\u00f3: \u00abTras la firma, a los tres d\u00edas un abogado con poder de Alianza nos contact\u00f3 y nos dijo que por fuerza mayor, que no podr\u00edan defender la integridad f\u00edsica del entrenador, que no estaban dadas la seguridad y un mont\u00f3n de cosas, como si el pa\u00eds estar\u00eda en estado sumamente grave, puras &#8216;pavadas&#8217; que no ten\u00edan nada que ver con la decisi\u00f3n que ellos hab\u00edan tomado\u00bb. \u00bfQU\u00c9 LES DIJO BRUNO MARIONI? Asimismo, dio a conocer el descargo del exdirector deportivo &#8216;blanquiazul&#8217;: \u00abPor una orden desde arriba, que Cristian D\u00edaz no ten\u00eda que llegar, y que \u00e9l no ten\u00eda que ver con eso, y lamentablemente a nosotros no nos importa la interna que manejan entre ellos o si se arrepienten, nosotros ya hab\u00edamos hecho todo los que nos pidieron. La negligencia es lo que m\u00e1s pesa en esta cuesti\u00f3n\u00bb. Por \u00faltimo, el representante del DT argentino, dijo: \u00abSon unos irresponsables y negligentes, no midieron las consecuencias del da\u00f1o que hab\u00edan hecho. A ra\u00edz de eso, esta denuncia tom\u00f3 forma, se present\u00f3. Uno no quiere hacerle da\u00f1o a Alianza Lima, respetamos al hincha, pero nos sentimos perjudicados por los funcionarios y por quienes llevan adelante el buen nombre de una instituci\u00f3n sumamente grande en Sudam\u00e9rica\u00bb.<\/p>\n","protected":false},"author":2,"featured_media":28749,"comment_status":"open","ping_status":"open","sticky":false,"template":"","format":"standard","meta":{"footnotes":""},"categories":[7],"tags":[],"class_list":["post-28748","post","type-post","status-publish","format-standard","has-post-thumbnail","hentry","category-deportes"],"yoast_head":"<!-- This site is optimized with the Yoast SEO plugin v27.5 - https:\/\/yoast.com\/product\/yoast-seo-wordpress\/ -->\n<title>Agente de D\u00edaz: &quot;Pedimos 4 a\u00f1os de inhabilitaci\u00f3n para Marioni, adem\u00e1s del dinero del contrato que hubo con Alianza&quot; - Radio Huancayo<\/title>\n<meta name=\"robots\" content=\"index, follow, max-snippet:-1, max-image-preview:large, max-video-preview:-1\" \/>\n<link rel=\"canonical\" href=\"https:\/\/radiohuancayo.com.pe\/wp54\/agente-de-diaz-pedimos-4-anos-de-inhabilitacion-para-marioni-ademas-del-dinero-del-contrato-que-hubo-con-alianza\/\" \/>\n<meta property=\"og:locale\" content=\"es_ES\" \/>\n<meta property=\"og:type\" content=\"article\" \/>\n<meta property=\"og:title\" content=\"Agente de D\u00edaz: &quot;Pedimos 4 a\u00f1os de inhabilitaci\u00f3n para Marioni, adem\u00e1s del dinero del contrato que hubo con Alianza&quot; - Radio Huancayo\" \/>\n<meta property=\"og:description\" content=\"En exclusiva con el programa 360\u00b0 de Radio Ovaci\u00f3n, Ulises Guallanez, representante de Cristian D\u00edaz, inform\u00f3 que en los pr\u00f3ximos d\u00edas se dar\u00e1 a conocer el fallo de la FIFA respecto a la denuncia que el realizaron a Alianza por incumplimiento de contrato. \u00abEl fallo estar\u00eda pr\u00f3ximo a salir, en cuesti\u00f3n de d\u00edas se resuelve. Alianza Lima no compareci\u00f3, as\u00ed que se van a basar solo en las pruebas presentada por nuestra parte. (&#8230;) Al cien por ciento se van a basar en las pruebas que presentamos en la denuncia\u00bb, declar\u00f3 el argentino en Radio Ovaci\u00f3n. Luego, a\u00f1adi\u00f3: \u00abNosotros pedimos que estas cosas no vuelvan a ocurrir, estar\u00eda muy bueno que el caso Cristian D\u00edaz quede marcado como un buen precedente y sea un buen &#8216;tir\u00f3n de orejas&#8217; para que otro entrenador &nbsp;no pase esta misma situaci\u00f3n, ojal\u00e1 se marque un buen precedente\u00bb. \u00bfCU\u00c1LES FUERON LOS PEDIDOS DE SANCIONES?&nbsp; Consultado sobre qu\u00e9 esperan, Guallanez dijo: \u00abHemos pedido que se cumpla una sanci\u00f3n ejemplar a la gente que llev\u00f3 adelante esta negligencia para con el se\u00f1or Cristian D\u00edaz. Hemos pedido cuatro a\u00f1os de inhabilitaci\u00f3n en el cargo (a Marioni), adem\u00e1s hemos pedido el dinero que hemos arreglado del contrato, y despu\u00e9s que FIFA haga lo que tenga que hacer, pero no hemos pedido algo espec\u00edfico algo en contra del club\u00bb. GUALLANEZ RECORD\u00d3 C\u00d3MO SE DIERON LAS COSAS Al respecto, el agente de D\u00edaz, rememor\u00f3: \u00abHubo incumplimiento de contrato, por no ponerlo en funciones y por la negligencia de todo lo vivido, por haberlo hecho renunciar en un club, en donde \u00e9l estaba c\u00f3modo y no darle las &nbsp;funciones que rezaba el acuerdo que ten\u00edan ambas partes. Adem\u00e1s, acot\u00f3: \u00abTras la firma, a los tres d\u00edas un abogado con poder de Alianza nos contact\u00f3 y nos dijo que por fuerza mayor, que no podr\u00edan defender la integridad f\u00edsica del entrenador, que no estaban dadas la seguridad y un mont\u00f3n de cosas, como si el pa\u00eds estar\u00eda en estado sumamente grave, puras &#8216;pavadas&#8217; que no ten\u00edan nada que ver con la decisi\u00f3n que ellos hab\u00edan tomado\u00bb. \u00bfQU\u00c9 LES DIJO BRUNO MARIONI? Asimismo, dio a conocer el descargo del exdirector deportivo &#8216;blanquiazul&#8217;: \u00abPor una orden desde arriba, que Cristian D\u00edaz no ten\u00eda que llegar, y que \u00e9l no ten\u00eda que ver con eso, y lamentablemente a nosotros no nos importa la interna que manejan entre ellos o si se arrepienten, nosotros ya hab\u00edamos hecho todo los que nos pidieron. La negligencia es lo que m\u00e1s pesa en esta cuesti\u00f3n\u00bb. Por \u00faltimo, el representante del DT argentino, dijo: \u00abSon unos irresponsables y negligentes, no midieron las consecuencias del da\u00f1o que hab\u00edan hecho. A ra\u00edz de eso, esta denuncia tom\u00f3 forma, se present\u00f3. Uno no quiere hacerle da\u00f1o a Alianza Lima, respetamos al hincha, pero nos sentimos perjudicados por los funcionarios y por quienes llevan adelante el buen nombre de una instituci\u00f3n sumamente grande en Sudam\u00e9rica\u00bb.\" \/>\n<meta property=\"og:url\" content=\"https:\/\/radiohuancayo.com.pe\/wp54\/agente-de-diaz-pedimos-4-anos-de-inhabilitacion-para-marioni-ademas-del-dinero-del-contrato-que-hubo-con-alianza\/\" \/>\n<meta property=\"og:site_name\" content=\"Radio Huancayo\" \/>\n<meta property=\"article:published_time\" content=\"2024-11-06T22:09:17+00:00\" \/>\n<meta property=\"og:image\" content=\"https:\/\/radiohuancayo.com.pe\/wp54\/wp-content\/uploads\/2024\/11\/image-6.png\" \/>\n\t<meta property=\"og:image:width\" content=\"1200\" \/>\n\t<meta property=\"og:image:height\" content=\"630\" \/>\n\t<meta property=\"og:image:type\" content=\"image\/png\" \/>\n<meta name=\"author\" content=\"Michel Sanchez\" \/>\n<meta name=\"twitter:card\" content=\"summary_large_image\" \/>\n<meta name=\"twitter:label1\" content=\"Escrito por\" \/>\n\t<meta name=\"twitter:data1\" content=\"Michel Sanchez\" \/>\n\t<meta name=\"twitter:label2\" content=\"Tiempo de lectura\" \/>\n\t<meta name=\"twitter:data2\" content=\"3 minutos\" \/>\n<script type=\"application\/ld+json\" class=\"yoast-schema-graph\">{\"@context\":\"https:\\\/\\\/schema.org\",\"@graph\":[{\"@type\":\"Article\",\"@id\":\"https:\\\/\\\/radiohuancayo.com.pe\\\/wp54\\\/agente-de-diaz-pedimos-4-anos-de-inhabilitacion-para-marioni-ademas-del-dinero-del-contrato-que-hubo-con-alianza\\\/#article\",\"isPartOf\":{\"@id\":\"https:\\\/\\\/radiohuancayo.com.pe\\\/wp54\\\/agente-de-diaz-pedimos-4-anos-de-inhabilitacion-para-marioni-ademas-del-dinero-del-contrato-que-hubo-con-alianza\\\/\"},\"author\":{\"name\":\"Michel Sanchez\",\"@id\":\"https:\\\/\\\/radiohuancayo.com.pe\\\/wp54\\\/#\\\/schema\\\/person\\\/74fb124dee9900c6f4d0535fa1d2b5ae\"},\"headline\":\"Agente de D\u00edaz: \u00abPedimos 4 a\u00f1os de inhabilitaci\u00f3n para Marioni, adem\u00e1s del dinero del contrato que hubo con Alianza\u00bb\",\"datePublished\":\"2024-11-06T22:09:17+00:00\",\"mainEntityOfPage\":{\"@id\":\"https:\\\/\\\/radiohuancayo.com.pe\\\/wp54\\\/agente-de-diaz-pedimos-4-anos-de-inhabilitacion-para-marioni-ademas-del-dinero-del-contrato-que-hubo-con-alianza\\\/\"},\"wordCount\":552,\"commentCount\":0,\"publisher\":{\"@id\":\"https:\\\/\\\/radiohuancayo.com.pe\\\/wp54\\\/#organization\"},\"image\":{\"@id\":\"https:\\\/\\\/radiohuancayo.com.pe\\\/wp54\\\/agente-de-diaz-pedimos-4-anos-de-inhabilitacion-para-marioni-ademas-del-dinero-del-contrato-que-hubo-con-alianza\\\/#primaryimage\"},\"thumbnailUrl\":\"https:\\\/\\\/radiohuancayo.com.pe\\\/wp54\\\/wp-content\\\/uploads\\\/2024\\\/11\\\/image-6.png\",\"articleSection\":[\"Deportes\"],\"inLanguage\":\"es\",\"potentialAction\":[{\"@type\":\"CommentAction\",\"name\":\"Comment\",\"target\":[\"https:\\\/\\\/radiohuancayo.com.pe\\\/wp54\\\/agente-de-diaz-pedimos-4-anos-de-inhabilitacion-para-marioni-ademas-del-dinero-del-contrato-que-hubo-con-alianza\\\/#respond\"]}]},{\"@type\":\"WebPage\",\"@id\":\"https:\\\/\\\/radiohuancayo.com.pe\\\/wp54\\\/agente-de-diaz-pedimos-4-anos-de-inhabilitacion-para-marioni-ademas-del-dinero-del-contrato-que-hubo-con-alianza\\\/\",\"url\":\"https:\\\/\\\/radiohuancayo.com.pe\\\/wp54\\\/agente-de-diaz-pedimos-4-anos-de-inhabilitacion-para-marioni-ademas-del-dinero-del-contrato-que-hubo-con-alianza\\\/\",\"name\":\"Agente de D\u00edaz: \\\"Pedimos 4 a\u00f1os de inhabilitaci\u00f3n para Marioni, adem\u00e1s del dinero del contrato que hubo con Alianza\\\" - Radio Huancayo\",\"isPartOf\":{\"@id\":\"https:\\\/\\\/radiohuancayo.com.pe\\\/wp54\\\/#website\"},\"primaryImageOfPage\":{\"@id\":\"https:\\\/\\\/radiohuancayo.com.pe\\\/wp54\\\/agente-de-diaz-pedimos-4-anos-de-inhabilitacion-para-marioni-ademas-del-dinero-del-contrato-que-hubo-con-alianza\\\/#primaryimage\"},\"image\":{\"@id\":\"https:\\\/\\\/radiohuancayo.com.pe\\\/wp54\\\/agente-de-diaz-pedimos-4-anos-de-inhabilitacion-para-marioni-ademas-del-dinero-del-contrato-que-hubo-con-alianza\\\/#primaryimage\"},\"thumbnailUrl\":\"https:\\\/\\\/radiohuancayo.com.pe\\\/wp54\\\/wp-content\\\/uploads\\\/2024\\\/11\\\/image-6.png\",\"datePublished\":\"2024-11-06T22:09:17+00:00\",\"breadcrumb\":{\"@id\":\"https:\\\/\\\/radiohuancayo.com.pe\\\/wp54\\\/agente-de-diaz-pedimos-4-anos-de-inhabilitacion-para-marioni-ademas-del-dinero-del-contrato-que-hubo-con-alianza\\\/#breadcrumb\"},\"inLanguage\":\"es\",\"potentialAction\":[{\"@type\":\"ReadAction\",\"target\":[\"https:\\\/\\\/radiohuancayo.com.pe\\\/wp54\\\/agente-de-diaz-pedimos-4-anos-de-inhabilitacion-para-marioni-ademas-del-dinero-del-contrato-que-hubo-con-alianza\\\/\"]}]},{\"@type\":\"ImageObject\",\"inLanguage\":\"es\",\"@id\":\"https:\\\/\\\/radiohuancayo.com.pe\\\/wp54\\\/agente-de-diaz-pedimos-4-anos-de-inhabilitacion-para-marioni-ademas-del-dinero-del-contrato-que-hubo-con-alianza\\\/#primaryimage\",\"url\":\"https:\\\/\\\/radiohuancayo.com.pe\\\/wp54\\\/wp-content\\\/uploads\\\/2024\\\/11\\\/image-6.png\",\"contentUrl\":\"https:\\\/\\\/radiohuancayo.com.pe\\\/wp54\\\/wp-content\\\/uploads\\\/2024\\\/11\\\/image-6.png\",\"width\":1200,\"height\":630},{\"@type\":\"BreadcrumbList\",\"@id\":\"https:\\\/\\\/radiohuancayo.com.pe\\\/wp54\\\/agente-de-diaz-pedimos-4-anos-de-inhabilitacion-para-marioni-ademas-del-dinero-del-contrato-que-hubo-con-alianza\\\/#breadcrumb\",\"itemListElement\":[{\"@type\":\"ListItem\",\"position\":1,\"name\":\"Portada\",\"item\":\"https:\\\/\\\/radiohuancayo.com.pe\\\/wp54\\\/\"},{\"@type\":\"ListItem\",\"position\":2,\"name\":\"Agente de D\u00edaz: &#8220;Pedimos 4 a\u00f1os de inhabilitaci\u00f3n para Marioni, adem\u00e1s del dinero del contrato que hubo con Alianza&#8221;\"}]},{\"@type\":\"WebSite\",\"@id\":\"https:\\\/\\\/radiohuancayo.com.pe\\\/wp54\\\/#website\",\"url\":\"https:\\\/\\\/radiohuancayo.com.pe\\\/wp54\\\/\",\"name\":\"Radio Huancayo\",\"description\":\"me gusta!!!\",\"publisher\":{\"@id\":\"https:\\\/\\\/radiohuancayo.com.pe\\\/wp54\\\/#organization\"},\"potentialAction\":[{\"@type\":\"SearchAction\",\"target\":{\"@type\":\"EntryPoint\",\"urlTemplate\":\"https:\\\/\\\/radiohuancayo.com.pe\\\/wp54\\\/?s={search_term_string}\"},\"query-input\":{\"@type\":\"PropertyValueSpecification\",\"valueRequired\":true,\"valueName\":\"search_term_string\"}}],\"inLanguage\":\"es\"},{\"@type\":\"Organization\",\"@id\":\"https:\\\/\\\/radiohuancayo.com.pe\\\/wp54\\\/#organization\",\"name\":\"Radio Huancayo\",\"url\":\"https:\\\/\\\/radiohuancayo.com.pe\\\/wp54\\\/\",\"logo\":{\"@type\":\"ImageObject\",\"inLanguage\":\"es\",\"@id\":\"https:\\\/\\\/radiohuancayo.com.pe\\\/wp54\\\/#\\\/schema\\\/logo\\\/image\\\/\",\"url\":\"https:\\\/\\\/radiohuancayo.com.pe\\\/wp54\\\/wp-content\\\/uploads\\\/2022\\\/04\\\/CABE01.png\",\"contentUrl\":\"https:\\\/\\\/radiohuancayo.com.pe\\\/wp54\\\/wp-content\\\/uploads\\\/2022\\\/04\\\/CABE01.png\",\"width\":1640,\"height\":300,\"caption\":\"Radio Huancayo\"},\"image\":{\"@id\":\"https:\\\/\\\/radiohuancayo.com.pe\\\/wp54\\\/#\\\/schema\\\/logo\\\/image\\\/\"}},{\"@type\":\"Person\",\"@id\":\"https:\\\/\\\/radiohuancayo.com.pe\\\/wp54\\\/#\\\/schema\\\/person\\\/74fb124dee9900c6f4d0535fa1d2b5ae\",\"name\":\"Michel Sanchez\",\"image\":{\"@type\":\"ImageObject\",\"inLanguage\":\"es\",\"@id\":\"https:\\\/\\\/secure.gravatar.com\\\/avatar\\\/f7f6944c01b3f15a174d0cf055aea75c46697913fc8a9cf5c3cf3e8800c645f6?s=96&d=mm&r=g\",\"url\":\"https:\\\/\\\/secure.gravatar.com\\\/avatar\\\/f7f6944c01b3f15a174d0cf055aea75c46697913fc8a9cf5c3cf3e8800c645f6?s=96&d=mm&r=g\",\"contentUrl\":\"https:\\\/\\\/secure.gravatar.com\\\/avatar\\\/f7f6944c01b3f15a174d0cf055aea75c46697913fc8a9cf5c3cf3e8800c645f6?s=96&d=mm&r=g\",\"caption\":\"Michel Sanchez\"},\"url\":\"https:\\\/\\\/radiohuancayo.com.pe\\\/wp54\\\/author\\\/memoris\\\/\"}]}<\/script>\n<!-- \/ Yoast SEO plugin. -->","yoast_head_json":{"title":"Agente de D\u00edaz: \"Pedimos 4 a\u00f1os de inhabilitaci\u00f3n para Marioni, adem\u00e1s del dinero del contrato que hubo con Alianza\" - Radio Huancayo","robots":{"index":"index","follow":"follow","max-snippet":"max-snippet:-1","max-image-preview":"max-image-preview:large","max-video-preview":"max-video-preview:-1"},"canonical":"https:\/\/radiohuancayo.com.pe\/wp54\/agente-de-diaz-pedimos-4-anos-de-inhabilitacion-para-marioni-ademas-del-dinero-del-contrato-que-hubo-con-alianza\/","og_locale":"es_ES","og_type":"article","og_title":"Agente de D\u00edaz: \"Pedimos 4 a\u00f1os de inhabilitaci\u00f3n para Marioni, adem\u00e1s del dinero del contrato que hubo con Alianza\" - Radio Huancayo","og_description":"En exclusiva con el programa 360\u00b0 de Radio Ovaci\u00f3n, Ulises Guallanez, representante de Cristian D\u00edaz, inform\u00f3 que en los pr\u00f3ximos d\u00edas se dar\u00e1 a conocer el fallo de la FIFA respecto a la denuncia que el realizaron a Alianza por incumplimiento de contrato. \u00abEl fallo estar\u00eda pr\u00f3ximo a salir, en cuesti\u00f3n de d\u00edas se resuelve. Alianza Lima no compareci\u00f3, as\u00ed que se van a basar solo en las pruebas presentada por nuestra parte. (&#8230;) Al cien por ciento se van a basar en las pruebas que presentamos en la denuncia\u00bb, declar\u00f3 el argentino en Radio Ovaci\u00f3n. Luego, a\u00f1adi\u00f3: \u00abNosotros pedimos que estas cosas no vuelvan a ocurrir, estar\u00eda muy bueno que el caso Cristian D\u00edaz quede marcado como un buen precedente y sea un buen &#8216;tir\u00f3n de orejas&#8217; para que otro entrenador &nbsp;no pase esta misma situaci\u00f3n, ojal\u00e1 se marque un buen precedente\u00bb. \u00bfCU\u00c1LES FUERON LOS PEDIDOS DE SANCIONES?&nbsp; Consultado sobre qu\u00e9 esperan, Guallanez dijo: \u00abHemos pedido que se cumpla una sanci\u00f3n ejemplar a la gente que llev\u00f3 adelante esta negligencia para con el se\u00f1or Cristian D\u00edaz. Hemos pedido cuatro a\u00f1os de inhabilitaci\u00f3n en el cargo (a Marioni), adem\u00e1s hemos pedido el dinero que hemos arreglado del contrato, y despu\u00e9s que FIFA haga lo que tenga que hacer, pero no hemos pedido algo espec\u00edfico algo en contra del club\u00bb. GUALLANEZ RECORD\u00d3 C\u00d3MO SE DIERON LAS COSAS Al respecto, el agente de D\u00edaz, rememor\u00f3: \u00abHubo incumplimiento de contrato, por no ponerlo en funciones y por la negligencia de todo lo vivido, por haberlo hecho renunciar en un club, en donde \u00e9l estaba c\u00f3modo y no darle las &nbsp;funciones que rezaba el acuerdo que ten\u00edan ambas partes. Adem\u00e1s, acot\u00f3: \u00abTras la firma, a los tres d\u00edas un abogado con poder de Alianza nos contact\u00f3 y nos dijo que por fuerza mayor, que no podr\u00edan defender la integridad f\u00edsica del entrenador, que no estaban dadas la seguridad y un mont\u00f3n de cosas, como si el pa\u00eds estar\u00eda en estado sumamente grave, puras &#8216;pavadas&#8217; que no ten\u00edan nada que ver con la decisi\u00f3n que ellos hab\u00edan tomado\u00bb. \u00bfQU\u00c9 LES DIJO BRUNO MARIONI? Asimismo, dio a conocer el descargo del exdirector deportivo &#8216;blanquiazul&#8217;: \u00abPor una orden desde arriba, que Cristian D\u00edaz no ten\u00eda que llegar, y que \u00e9l no ten\u00eda que ver con eso, y lamentablemente a nosotros no nos importa la interna que manejan entre ellos o si se arrepienten, nosotros ya hab\u00edamos hecho todo los que nos pidieron. La negligencia es lo que m\u00e1s pesa en esta cuesti\u00f3n\u00bb. Por \u00faltimo, el representante del DT argentino, dijo: \u00abSon unos irresponsables y negligentes, no midieron las consecuencias del da\u00f1o que hab\u00edan hecho. A ra\u00edz de eso, esta denuncia tom\u00f3 forma, se present\u00f3. Uno no quiere hacerle da\u00f1o a Alianza Lima, respetamos al hincha, pero nos sentimos perjudicados por los funcionarios y por quienes llevan adelante el buen nombre de una instituci\u00f3n sumamente grande en Sudam\u00e9rica\u00bb.","og_url":"https:\/\/radiohuancayo.com.pe\/wp54\/agente-de-diaz-pedimos-4-anos-de-inhabilitacion-para-marioni-ademas-del-dinero-del-contrato-que-hubo-con-alianza\/","og_site_name":"Radio Huancayo","article_published_time":"2024-11-06T22:09:17+00:00","og_image":[{"width":1200,"height":630,"url":"https:\/\/radiohuancayo.com.pe\/wp54\/wp-content\/uploads\/2024\/11\/image-6.png","type":"image\/png"}],"author":"Michel Sanchez","twitter_card":"summary_large_image","twitter_misc":{"Escrito por":"Michel Sanchez","Tiempo de lectura":"3 minutos"},"schema":{"@context":"https:\/\/schema.org","@graph":[{"@type":"Article","@id":"https:\/\/radiohuancayo.com.pe\/wp54\/agente-de-diaz-pedimos-4-anos-de-inhabilitacion-para-marioni-ademas-del-dinero-del-contrato-que-hubo-con-alianza\/#article","isPartOf":{"@id":"https:\/\/radiohuancayo.com.pe\/wp54\/agente-de-diaz-pedimos-4-anos-de-inhabilitacion-para-marioni-ademas-del-dinero-del-contrato-que-hubo-con-alianza\/"},"author":{"name":"Michel Sanchez","@id":"https:\/\/radiohuancayo.com.pe\/wp54\/#\/schema\/person\/74fb124dee9900c6f4d0535fa1d2b5ae"},"headline":"Agente de D\u00edaz: \u00abPedimos 4 a\u00f1os de inhabilitaci\u00f3n para Marioni, adem\u00e1s del dinero del contrato que hubo con Alianza\u00bb","datePublished":"2024-11-06T22:09:17+00:00","mainEntityOfPage":{"@id":"https:\/\/radiohuancayo.com.pe\/wp54\/agente-de-diaz-pedimos-4-anos-de-inhabilitacion-para-marioni-ademas-del-dinero-del-contrato-que-hubo-con-alianza\/"},"wordCount":552,"commentCount":0,"publisher":{"@id":"https:\/\/radiohuancayo.com.pe\/wp54\/#organization"},"image":{"@id":"https:\/\/radiohuancayo.com.pe\/wp54\/agente-de-diaz-pedimos-4-anos-de-inhabilitacion-para-marioni-ademas-del-dinero-del-contrato-que-hubo-con-alianza\/#primaryimage"},"thumbnailUrl":"https:\/\/radiohuancayo.com.pe\/wp54\/wp-content\/uploads\/2024\/11\/image-6.png","articleSection":["Deportes"],"inLanguage":"es","potentialAction":[{"@type":"CommentAction","name":"Comment","target":["https:\/\/radiohuancayo.com.pe\/wp54\/agente-de-diaz-pedimos-4-anos-de-inhabilitacion-para-marioni-ademas-del-dinero-del-contrato-que-hubo-con-alianza\/#respond"]}]},{"@type":"WebPage","@id":"https:\/\/radiohuancayo.com.pe\/wp54\/agente-de-diaz-pedimos-4-anos-de-inhabilitacion-para-marioni-ademas-del-dinero-del-contrato-que-hubo-con-alianza\/","url":"https:\/\/radiohuancayo.com.pe\/wp54\/agente-de-diaz-pedimos-4-anos-de-inhabilitacion-para-marioni-ademas-del-dinero-del-contrato-que-hubo-con-alianza\/","name":"Agente de D\u00edaz: \"Pedimos 4 a\u00f1os de inhabilitaci\u00f3n para Marioni, adem\u00e1s del dinero del contrato que hubo con Alianza\" - Radio Huancayo","isPartOf":{"@id":"https:\/\/radiohuancayo.com.pe\/wp54\/#website"},"primaryImageOfPage":{"@id":"https:\/\/radiohuancayo.com.pe\/wp54\/agente-de-diaz-pedimos-4-anos-de-inhabilitacion-para-marioni-ademas-del-dinero-del-contrato-que-hubo-con-alianza\/#primaryimage"},"image":{"@id":"https:\/\/radiohuancayo.com.pe\/wp54\/agente-de-diaz-pedimos-4-anos-de-inhabilitacion-para-marioni-ademas-del-dinero-del-contrato-que-hubo-con-alianza\/#primaryimage"},"thumbnailUrl":"https:\/\/radiohuancayo.com.pe\/wp54\/wp-content\/uploads\/2024\/11\/image-6.png","datePublished":"2024-11-06T22:09:17+00:00","breadcrumb":{"@id":"https:\/\/radiohuancayo.com.pe\/wp54\/agente-de-diaz-pedimos-4-anos-de-inhabilitacion-para-marioni-ademas-del-dinero-del-contrato-que-hubo-con-alianza\/#breadcrumb"},"inLanguage":"es","potentialAction":[{"@type":"ReadAction","target":["https:\/\/radiohuancayo.com.pe\/wp54\/agente-de-diaz-pedimos-4-anos-de-inhabilitacion-para-marioni-ademas-del-dinero-del-contrato-que-hubo-con-alianza\/"]}]},{"@type":"ImageObject","inLanguage":"es","@id":"https:\/\/radiohuancayo.com.pe\/wp54\/agente-de-diaz-pedimos-4-anos-de-inhabilitacion-para-marioni-ademas-del-dinero-del-contrato-que-hubo-con-alianza\/#primaryimage","url":"https:\/\/radiohuancayo.com.pe\/wp54\/wp-content\/uploads\/2024\/11\/image-6.png","contentUrl":"https:\/\/radiohuancayo.com.pe\/wp54\/wp-content\/uploads\/2024\/11\/image-6.png","width":1200,"height":630},{"@type":"BreadcrumbList","@id":"https:\/\/radiohuancayo.com.pe\/wp54\/agente-de-diaz-pedimos-4-anos-de-inhabilitacion-para-marioni-ademas-del-dinero-del-contrato-que-hubo-con-alianza\/#breadcrumb","itemListElement":[{"@type":"ListItem","position":1,"name":"Portada","item":"https:\/\/radiohuancayo.com.pe\/wp54\/"},{"@type":"ListItem","position":2,"name":"Agente de D\u00edaz: &#8220;Pedimos 4 a\u00f1os de inhabilitaci\u00f3n para Marioni, adem\u00e1s del dinero del contrato que hubo con Alianza&#8221;"}]},{"@type":"WebSite","@id":"https:\/\/radiohuancayo.com.pe\/wp54\/#website","url":"https:\/\/radiohuancayo.com.pe\/wp54\/","name":"Radio Huancayo","description":"me gusta!!!","publisher":{"@id":"https:\/\/radiohuancayo.com.pe\/wp54\/#organization"},"potentialAction":[{"@type":"SearchAction","target":{"@type":"EntryPoint","urlTemplate":"https:\/\/radiohuancayo.com.pe\/wp54\/?s={search_term_string}"},"query-input":{"@type":"PropertyValueSpecification","valueRequired":true,"valueName":"search_term_string"}}],"inLanguage":"es"},{"@type":"Organization","@id":"https:\/\/radiohuancayo.com.pe\/wp54\/#organization","name":"Radio Huancayo","url":"https:\/\/radiohuancayo.com.pe\/wp54\/","logo":{"@type":"ImageObject","inLanguage":"es","@id":"https:\/\/radiohuancayo.com.pe\/wp54\/#\/schema\/logo\/image\/","url":"https:\/\/radiohuancayo.com.pe\/wp54\/wp-content\/uploads\/2022\/04\/CABE01.png","contentUrl":"https:\/\/radiohuancayo.com.pe\/wp54\/wp-content\/uploads\/2022\/04\/CABE01.png","width":1640,"height":300,"caption":"Radio Huancayo"},"image":{"@id":"https:\/\/radiohuancayo.com.pe\/wp54\/#\/schema\/logo\/image\/"}},{"@type":"Person","@id":"https:\/\/radiohuancayo.com.pe\/wp54\/#\/schema\/person\/74fb124dee9900c6f4d0535fa1d2b5ae","name":"Michel Sanchez","image":{"@type":"ImageObject","inLanguage":"es","@id":"https:\/\/secure.gravatar.com\/avatar\/f7f6944c01b3f15a174d0cf055aea75c46697913fc8a9cf5c3cf3e8800c645f6?s=96&d=mm&r=g","url":"https:\/\/secure.gravatar.com\/avatar\/f7f6944c01b3f15a174d0cf055aea75c46697913fc8a9cf5c3cf3e8800c645f6?s=96&d=mm&r=g","contentUrl":"https:\/\/secure.gravatar.com\/avatar\/f7f6944c01b3f15a174d0cf055aea75c46697913fc8a9cf5c3cf3e8800c645f6?s=96&d=mm&r=g","caption":"Michel Sanchez"},"url":"https:\/\/radiohuancayo.com.pe\/wp54\/author\/memoris\/"}]}},"_links":{"self":[{"href":"https:\/\/radiohuancayo.com.pe\/wp54\/wp-json\/wp\/v2\/posts\/28748","targetHints":{"allow":["GET"]}}],"collection":[{"href":"https:\/\/radiohuancayo.com.pe\/wp54\/wp-json\/wp\/v2\/posts"}],"about":[{"href":"https:\/\/radiohuancayo.com.pe\/wp54\/wp-json\/wp\/v2\/types\/post"}],"author":[{"embeddable":true,"href":"https:\/\/radiohuancayo.com.pe\/wp54\/wp-json\/wp\/v2\/users\/2"}],"replies":[{"embeddable":true,"href":"https:\/\/radiohuancayo.com.pe\/wp54\/wp-json\/wp\/v2\/comments?post=28748"}],"version-history":[{"count":1,"href":"https:\/\/radiohuancayo.com.pe\/wp54\/wp-json\/wp\/v2\/posts\/28748\/revisions"}],"predecessor-version":[{"id":28750,"href":"https:\/\/radiohuancayo.com.pe\/wp54\/wp-json\/wp\/v2\/posts\/28748\/revisions\/28750"}],"wp:featuredmedia":[{"embeddable":true,"href":"https:\/\/radiohuancayo.com.pe\/wp54\/wp-json\/wp\/v2\/media\/28749"}],"wp:attachment":[{"href":"https:\/\/radiohuancayo.com.pe\/wp54\/wp-json\/wp\/v2\/media?parent=28748"}],"wp:term":[{"taxonomy":"category","embeddable":true,"href":"https:\/\/radiohuancayo.com.pe\/wp54\/wp-json\/wp\/v2\/categories?post=28748"},{"taxonomy":"post_tag","embeddable":true,"href":"https:\/\/radiohuancayo.com.pe\/wp54\/wp-json\/wp\/v2\/tags?post=28748"}],"curies":[{"name":"wp","href":"https:\/\/api.w.org\/{rel}","templated":true}]}}