{"id":28751,"date":"2024-11-06T17:14:17","date_gmt":"2024-11-06T22:14:17","guid":{"rendered":"https:\/\/radiohuancayo.com.pe\/wp54\/?p=28751"},"modified":"2024-11-06T17:14:17","modified_gmt":"2024-11-06T22:14:17","slug":"vuelve-a-sus-raices-valencia-seguira-como-jefe-de-la-unidad-tecnica-de-menores-en-fbc-melgar","status":"publish","type":"post","link":"https:\/\/radiohuancayo.com.pe\/wp54\/vuelve-a-sus-raices-valencia-seguira-como-jefe-de-la-unidad-tecnica-de-menores-en-fbc-melgar\/","title":{"rendered":"\u00a1Vuelve a sus ra\u00edces! Valencia seguir\u00e1 como Jefe de la Unidad T\u00e9cnica de Menores en FBC Melgar"},"content":{"rendered":"\n<p>A trav\u00e9s de un comunicado oficial, el cuadro de FBC Melgar, anunci\u00f3 que Marco Valencia no continuar\u00e1 como entrenador del cuadro rojinegro durante la temporada 2025. Sin embargo, s\u00ed lo har\u00e1 como Jefe de la Unidad T\u00e9cnica de Menores en el club arequipe\u00f1o.&nbsp;<\/p>\n\n\n\n<p>\u00abLa Administraci\u00f3n del FBC Melgar comunica que el Sr. Marco Antonio Valencia Pacheco continuar\u00e1 en el club como Jefe de la Unidad T\u00e9cnica de Menores. De esta manera, estar\u00e1 a cargo del Equipo que participar\u00e1 en el torneo de la Liga3, la nueva categor\u00eda Sub 18 y todas las Categor\u00edas de Menores que representan a nuestra instituci\u00f3n Deportiva\u00bb, se\u00f1al\u00f3 la misiva.<\/p>\n\n\n\n<p>El cuadro arequipe\u00f1o, agreg\u00f3: \u00abLe expresamos nuestro profundo agradecimiento por la labor realizada con el Primer Equipo en esta temporada 2024 y estamos seguros que seguir\u00e1 logrando importantes resultados en beneficio del Club\u00bb.<\/p>\n\n\n\n<p>Recordemos que esta temporada, Valencia tom\u00f3 el cargo en el Torneo Apertura y tras una buena campa\u00f1a fue ratificado para el Clausura donde termin\u00f3 en el tercer lugar de la tabla acumulada consiguiendo el puesto de Per\u00fa 3 y la clasificaci\u00f3n a Copa Libertadores 2025.<\/p>\n","protected":false},"excerpt":{"rendered":"<p>A trav\u00e9s de un comunicado oficial, el cuadro de FBC Melgar, anunci\u00f3 que Marco Valencia no continuar\u00e1 como entrenador del cuadro rojinegro durante la temporada 2025. Sin embargo, s\u00ed lo har\u00e1 como Jefe de la Unidad T\u00e9cnica de Menores en el club arequipe\u00f1o.&nbsp; \u00abLa Administraci\u00f3n del FBC Melgar comunica que el Sr. Marco Antonio Valencia Pacheco continuar\u00e1 en el club como Jefe de la Unidad T\u00e9cnica de Menores. De esta manera, estar\u00e1 a cargo del Equipo que participar\u00e1 en el torneo de la Liga3, la nueva categor\u00eda Sub 18 y todas las Categor\u00edas de Menores que representan a nuestra instituci\u00f3n Deportiva\u00bb, se\u00f1al\u00f3 la misiva. El cuadro arequipe\u00f1o, agreg\u00f3: \u00abLe expresamos nuestro profundo agradecimiento por la labor realizada con el Primer Equipo en esta temporada 2024 y estamos seguros que seguir\u00e1 logrando importantes resultados en beneficio del Club\u00bb. Recordemos que esta temporada, Valencia tom\u00f3 el cargo en el Torneo Apertura y tras una buena campa\u00f1a fue ratificado para el Clausura donde termin\u00f3 en el tercer lugar de la tabla acumulada consiguiendo el puesto de Per\u00fa 3 y la clasificaci\u00f3n a Copa Libertadores 2025.<\/p>\n","protected":false},"author":2,"featured_media":28752,"comment_status":"open","ping_status":"open","sticky":false,"template":"","format":"standard","meta":{"footnotes":""},"categories":[7],"tags":[],"class_list":["post-28751","post","type-post","status-publish","format-standard","has-post-thumbnail","hentry","category-deportes"],"yoast_head":"<!-- This site is optimized with the Yoast SEO plugin v27.5 - https:\/\/yoast.com\/product\/yoast-seo-wordpress\/ -->\n<title>\u00a1Vuelve a sus ra\u00edces! Valencia seguir\u00e1 como Jefe de la Unidad T\u00e9cnica de Menores en FBC Melgar - Radio Huancayo<\/title>\n<meta name=\"robots\" content=\"index, follow, max-snippet:-1, max-image-preview:large, max-video-preview:-1\" \/>\n<link rel=\"canonical\" href=\"https:\/\/radiohuancayo.com.pe\/wp54\/vuelve-a-sus-raices-valencia-seguira-como-jefe-de-la-unidad-tecnica-de-menores-en-fbc-melgar\/\" \/>\n<meta property=\"og:locale\" content=\"es_ES\" \/>\n<meta property=\"og:type\" content=\"article\" \/>\n<meta property=\"og:title\" content=\"\u00a1Vuelve a sus ra\u00edces! Valencia seguir\u00e1 como Jefe de la Unidad T\u00e9cnica de Menores en FBC Melgar - Radio Huancayo\" \/>\n<meta property=\"og:description\" content=\"A trav\u00e9s de un comunicado oficial, el cuadro de FBC Melgar, anunci\u00f3 que Marco Valencia no continuar\u00e1 como entrenador del cuadro rojinegro durante la temporada 2025. Sin embargo, s\u00ed lo har\u00e1 como Jefe de la Unidad T\u00e9cnica de Menores en el club arequipe\u00f1o.&nbsp; \u00abLa Administraci\u00f3n del FBC Melgar comunica que el Sr. Marco Antonio Valencia Pacheco continuar\u00e1 en el club como Jefe de la Unidad T\u00e9cnica de Menores. De esta manera, estar\u00e1 a cargo del Equipo que participar\u00e1 en el torneo de la Liga3, la nueva categor\u00eda Sub 18 y todas las Categor\u00edas de Menores que representan a nuestra instituci\u00f3n Deportiva\u00bb, se\u00f1al\u00f3 la misiva. El cuadro arequipe\u00f1o, agreg\u00f3: \u00abLe expresamos nuestro profundo agradecimiento por la labor realizada con el Primer Equipo en esta temporada 2024 y estamos seguros que seguir\u00e1 logrando importantes resultados en beneficio del Club\u00bb. Recordemos que esta temporada, Valencia tom\u00f3 el cargo en el Torneo Apertura y tras una buena campa\u00f1a fue ratificado para el Clausura donde termin\u00f3 en el tercer lugar de la tabla acumulada consiguiendo el puesto de Per\u00fa 3 y la clasificaci\u00f3n a Copa Libertadores 2025.\" \/>\n<meta property=\"og:url\" content=\"https:\/\/radiohuancayo.com.pe\/wp54\/vuelve-a-sus-raices-valencia-seguira-como-jefe-de-la-unidad-tecnica-de-menores-en-fbc-melgar\/\" \/>\n<meta property=\"og:site_name\" content=\"Radio Huancayo\" \/>\n<meta property=\"article:published_time\" content=\"2024-11-06T22:14:17+00:00\" \/>\n<meta property=\"og:image\" content=\"https:\/\/radiohuancayo.com.pe\/wp54\/wp-content\/uploads\/2024\/11\/image-7.png\" \/>\n\t<meta property=\"og:image:width\" content=\"1200\" \/>\n\t<meta property=\"og:image:height\" content=\"630\" \/>\n\t<meta property=\"og:image:type\" content=\"image\/png\" \/>\n<meta name=\"author\" content=\"Michel Sanchez\" \/>\n<meta name=\"twitter:card\" content=\"summary_large_image\" \/>\n<meta name=\"twitter:label1\" content=\"Escrito por\" \/>\n\t<meta name=\"twitter:data1\" content=\"Michel Sanchez\" \/>\n\t<meta name=\"twitter:label2\" content=\"Tiempo de lectura\" \/>\n\t<meta name=\"twitter:data2\" content=\"2 minutos\" \/>\n<script type=\"application\/ld+json\" class=\"yoast-schema-graph\">{\"@context\":\"https:\\\/\\\/schema.org\",\"@graph\":[{\"@type\":\"Article\",\"@id\":\"https:\\\/\\\/radiohuancayo.com.pe\\\/wp54\\\/vuelve-a-sus-raices-valencia-seguira-como-jefe-de-la-unidad-tecnica-de-menores-en-fbc-melgar\\\/#article\",\"isPartOf\":{\"@id\":\"https:\\\/\\\/radiohuancayo.com.pe\\\/wp54\\\/vuelve-a-sus-raices-valencia-seguira-como-jefe-de-la-unidad-tecnica-de-menores-en-fbc-melgar\\\/\"},\"author\":{\"name\":\"Michel Sanchez\",\"@id\":\"https:\\\/\\\/radiohuancayo.com.pe\\\/wp54\\\/#\\\/schema\\\/person\\\/74fb124dee9900c6f4d0535fa1d2b5ae\"},\"headline\":\"\u00a1Vuelve a sus ra\u00edces! Valencia seguir\u00e1 como Jefe de la Unidad T\u00e9cnica de Menores en FBC Melgar\",\"datePublished\":\"2024-11-06T22:14:17+00:00\",\"mainEntityOfPage\":{\"@id\":\"https:\\\/\\\/radiohuancayo.com.pe\\\/wp54\\\/vuelve-a-sus-raices-valencia-seguira-como-jefe-de-la-unidad-tecnica-de-menores-en-fbc-melgar\\\/\"},\"wordCount\":209,\"commentCount\":0,\"publisher\":{\"@id\":\"https:\\\/\\\/radiohuancayo.com.pe\\\/wp54\\\/#organization\"},\"image\":{\"@id\":\"https:\\\/\\\/radiohuancayo.com.pe\\\/wp54\\\/vuelve-a-sus-raices-valencia-seguira-como-jefe-de-la-unidad-tecnica-de-menores-en-fbc-melgar\\\/#primaryimage\"},\"thumbnailUrl\":\"https:\\\/\\\/radiohuancayo.com.pe\\\/wp54\\\/wp-content\\\/uploads\\\/2024\\\/11\\\/image-7.png\",\"articleSection\":[\"Deportes\"],\"inLanguage\":\"es\",\"potentialAction\":[{\"@type\":\"CommentAction\",\"name\":\"Comment\",\"target\":[\"https:\\\/\\\/radiohuancayo.com.pe\\\/wp54\\\/vuelve-a-sus-raices-valencia-seguira-como-jefe-de-la-unidad-tecnica-de-menores-en-fbc-melgar\\\/#respond\"]}]},{\"@type\":\"WebPage\",\"@id\":\"https:\\\/\\\/radiohuancayo.com.pe\\\/wp54\\\/vuelve-a-sus-raices-valencia-seguira-como-jefe-de-la-unidad-tecnica-de-menores-en-fbc-melgar\\\/\",\"url\":\"https:\\\/\\\/radiohuancayo.com.pe\\\/wp54\\\/vuelve-a-sus-raices-valencia-seguira-como-jefe-de-la-unidad-tecnica-de-menores-en-fbc-melgar\\\/\",\"name\":\"\u00a1Vuelve a sus ra\u00edces! Valencia seguir\u00e1 como Jefe de la Unidad T\u00e9cnica de Menores en FBC Melgar - Radio Huancayo\",\"isPartOf\":{\"@id\":\"https:\\\/\\\/radiohuancayo.com.pe\\\/wp54\\\/#website\"},\"primaryImageOfPage\":{\"@id\":\"https:\\\/\\\/radiohuancayo.com.pe\\\/wp54\\\/vuelve-a-sus-raices-valencia-seguira-como-jefe-de-la-unidad-tecnica-de-menores-en-fbc-melgar\\\/#primaryimage\"},\"image\":{\"@id\":\"https:\\\/\\\/radiohuancayo.com.pe\\\/wp54\\\/vuelve-a-sus-raices-valencia-seguira-como-jefe-de-la-unidad-tecnica-de-menores-en-fbc-melgar\\\/#primaryimage\"},\"thumbnailUrl\":\"https:\\\/\\\/radiohuancayo.com.pe\\\/wp54\\\/wp-content\\\/uploads\\\/2024\\\/11\\\/image-7.png\",\"datePublished\":\"2024-11-06T22:14:17+00:00\",\"breadcrumb\":{\"@id\":\"https:\\\/\\\/radiohuancayo.com.pe\\\/wp54\\\/vuelve-a-sus-raices-valencia-seguira-como-jefe-de-la-unidad-tecnica-de-menores-en-fbc-melgar\\\/#breadcrumb\"},\"inLanguage\":\"es\",\"potentialAction\":[{\"@type\":\"ReadAction\",\"target\":[\"https:\\\/\\\/radiohuancayo.com.pe\\\/wp54\\\/vuelve-a-sus-raices-valencia-seguira-como-jefe-de-la-unidad-tecnica-de-menores-en-fbc-melgar\\\/\"]}]},{\"@type\":\"ImageObject\",\"inLanguage\":\"es\",\"@id\":\"https:\\\/\\\/radiohuancayo.com.pe\\\/wp54\\\/vuelve-a-sus-raices-valencia-seguira-como-jefe-de-la-unidad-tecnica-de-menores-en-fbc-melgar\\\/#primaryimage\",\"url\":\"https:\\\/\\\/radiohuancayo.com.pe\\\/wp54\\\/wp-content\\\/uploads\\\/2024\\\/11\\\/image-7.png\",\"contentUrl\":\"https:\\\/\\\/radiohuancayo.com.pe\\\/wp54\\\/wp-content\\\/uploads\\\/2024\\\/11\\\/image-7.png\",\"width\":1200,\"height\":630},{\"@type\":\"BreadcrumbList\",\"@id\":\"https:\\\/\\\/radiohuancayo.com.pe\\\/wp54\\\/vuelve-a-sus-raices-valencia-seguira-como-jefe-de-la-unidad-tecnica-de-menores-en-fbc-melgar\\\/#breadcrumb\",\"itemListElement\":[{\"@type\":\"ListItem\",\"position\":1,\"name\":\"Portada\",\"item\":\"https:\\\/\\\/radiohuancayo.com.pe\\\/wp54\\\/\"},{\"@type\":\"ListItem\",\"position\":2,\"name\":\"\u00a1Vuelve a sus ra\u00edces! Valencia seguir\u00e1 como Jefe de la Unidad T\u00e9cnica de Menores en FBC Melgar\"}]},{\"@type\":\"WebSite\",\"@id\":\"https:\\\/\\\/radiohuancayo.com.pe\\\/wp54\\\/#website\",\"url\":\"https:\\\/\\\/radiohuancayo.com.pe\\\/wp54\\\/\",\"name\":\"Radio Huancayo\",\"description\":\"me gusta!!!\",\"publisher\":{\"@id\":\"https:\\\/\\\/radiohuancayo.com.pe\\\/wp54\\\/#organization\"},\"potentialAction\":[{\"@type\":\"SearchAction\",\"target\":{\"@type\":\"EntryPoint\",\"urlTemplate\":\"https:\\\/\\\/radiohuancayo.com.pe\\\/wp54\\\/?s={search_term_string}\"},\"query-input\":{\"@type\":\"PropertyValueSpecification\",\"valueRequired\":true,\"valueName\":\"search_term_string\"}}],\"inLanguage\":\"es\"},{\"@type\":\"Organization\",\"@id\":\"https:\\\/\\\/radiohuancayo.com.pe\\\/wp54\\\/#organization\",\"name\":\"Radio Huancayo\",\"url\":\"https:\\\/\\\/radiohuancayo.com.pe\\\/wp54\\\/\",\"logo\":{\"@type\":\"ImageObject\",\"inLanguage\":\"es\",\"@id\":\"https:\\\/\\\/radiohuancayo.com.pe\\\/wp54\\\/#\\\/schema\\\/logo\\\/image\\\/\",\"url\":\"https:\\\/\\\/radiohuancayo.com.pe\\\/wp54\\\/wp-content\\\/uploads\\\/2022\\\/04\\\/CABE01.png\",\"contentUrl\":\"https:\\\/\\\/radiohuancayo.com.pe\\\/wp54\\\/wp-content\\\/uploads\\\/2022\\\/04\\\/CABE01.png\",\"width\":1640,\"height\":300,\"caption\":\"Radio Huancayo\"},\"image\":{\"@id\":\"https:\\\/\\\/radiohuancayo.com.pe\\\/wp54\\\/#\\\/schema\\\/logo\\\/image\\\/\"}},{\"@type\":\"Person\",\"@id\":\"https:\\\/\\\/radiohuancayo.com.pe\\\/wp54\\\/#\\\/schema\\\/person\\\/74fb124dee9900c6f4d0535fa1d2b5ae\",\"name\":\"Michel Sanchez\",\"image\":{\"@type\":\"ImageObject\",\"inLanguage\":\"es\",\"@id\":\"https:\\\/\\\/secure.gravatar.com\\\/avatar\\\/f7f6944c01b3f15a174d0cf055aea75c46697913fc8a9cf5c3cf3e8800c645f6?s=96&d=mm&r=g\",\"url\":\"https:\\\/\\\/secure.gravatar.com\\\/avatar\\\/f7f6944c01b3f15a174d0cf055aea75c46697913fc8a9cf5c3cf3e8800c645f6?s=96&d=mm&r=g\",\"contentUrl\":\"https:\\\/\\\/secure.gravatar.com\\\/avatar\\\/f7f6944c01b3f15a174d0cf055aea75c46697913fc8a9cf5c3cf3e8800c645f6?s=96&d=mm&r=g\",\"caption\":\"Michel Sanchez\"},\"url\":\"https:\\\/\\\/radiohuancayo.com.pe\\\/wp54\\\/author\\\/memoris\\\/\"}]}<\/script>\n<!-- \/ Yoast SEO plugin. -->","yoast_head_json":{"title":"\u00a1Vuelve a sus ra\u00edces! Valencia seguir\u00e1 como Jefe de la Unidad T\u00e9cnica de Menores en FBC Melgar - Radio Huancayo","robots":{"index":"index","follow":"follow","max-snippet":"max-snippet:-1","max-image-preview":"max-image-preview:large","max-video-preview":"max-video-preview:-1"},"canonical":"https:\/\/radiohuancayo.com.pe\/wp54\/vuelve-a-sus-raices-valencia-seguira-como-jefe-de-la-unidad-tecnica-de-menores-en-fbc-melgar\/","og_locale":"es_ES","og_type":"article","og_title":"\u00a1Vuelve a sus ra\u00edces! Valencia seguir\u00e1 como Jefe de la Unidad T\u00e9cnica de Menores en FBC Melgar - Radio Huancayo","og_description":"A trav\u00e9s de un comunicado oficial, el cuadro de FBC Melgar, anunci\u00f3 que Marco Valencia no continuar\u00e1 como entrenador del cuadro rojinegro durante la temporada 2025. Sin embargo, s\u00ed lo har\u00e1 como Jefe de la Unidad T\u00e9cnica de Menores en el club arequipe\u00f1o.&nbsp; \u00abLa Administraci\u00f3n del FBC Melgar comunica que el Sr. Marco Antonio Valencia Pacheco continuar\u00e1 en el club como Jefe de la Unidad T\u00e9cnica de Menores. De esta manera, estar\u00e1 a cargo del Equipo que participar\u00e1 en el torneo de la Liga3, la nueva categor\u00eda Sub 18 y todas las Categor\u00edas de Menores que representan a nuestra instituci\u00f3n Deportiva\u00bb, se\u00f1al\u00f3 la misiva. El cuadro arequipe\u00f1o, agreg\u00f3: \u00abLe expresamos nuestro profundo agradecimiento por la labor realizada con el Primer Equipo en esta temporada 2024 y estamos seguros que seguir\u00e1 logrando importantes resultados en beneficio del Club\u00bb. Recordemos que esta temporada, Valencia tom\u00f3 el cargo en el Torneo Apertura y tras una buena campa\u00f1a fue ratificado para el Clausura donde termin\u00f3 en el tercer lugar de la tabla acumulada consiguiendo el puesto de Per\u00fa 3 y la clasificaci\u00f3n a Copa Libertadores 2025.","og_url":"https:\/\/radiohuancayo.com.pe\/wp54\/vuelve-a-sus-raices-valencia-seguira-como-jefe-de-la-unidad-tecnica-de-menores-en-fbc-melgar\/","og_site_name":"Radio Huancayo","article_published_time":"2024-11-06T22:14:17+00:00","og_image":[{"width":1200,"height":630,"url":"https:\/\/radiohuancayo.com.pe\/wp54\/wp-content\/uploads\/2024\/11\/image-7.png","type":"image\/png"}],"author":"Michel Sanchez","twitter_card":"summary_large_image","twitter_misc":{"Escrito por":"Michel Sanchez","Tiempo de lectura":"2 minutos"},"schema":{"@context":"https:\/\/schema.org","@graph":[{"@type":"Article","@id":"https:\/\/radiohuancayo.com.pe\/wp54\/vuelve-a-sus-raices-valencia-seguira-como-jefe-de-la-unidad-tecnica-de-menores-en-fbc-melgar\/#article","isPartOf":{"@id":"https:\/\/radiohuancayo.com.pe\/wp54\/vuelve-a-sus-raices-valencia-seguira-como-jefe-de-la-unidad-tecnica-de-menores-en-fbc-melgar\/"},"author":{"name":"Michel Sanchez","@id":"https:\/\/radiohuancayo.com.pe\/wp54\/#\/schema\/person\/74fb124dee9900c6f4d0535fa1d2b5ae"},"headline":"\u00a1Vuelve a sus ra\u00edces! Valencia seguir\u00e1 como Jefe de la Unidad T\u00e9cnica de Menores en FBC Melgar","datePublished":"2024-11-06T22:14:17+00:00","mainEntityOfPage":{"@id":"https:\/\/radiohuancayo.com.pe\/wp54\/vuelve-a-sus-raices-valencia-seguira-como-jefe-de-la-unidad-tecnica-de-menores-en-fbc-melgar\/"},"wordCount":209,"commentCount":0,"publisher":{"@id":"https:\/\/radiohuancayo.com.pe\/wp54\/#organization"},"image":{"@id":"https:\/\/radiohuancayo.com.pe\/wp54\/vuelve-a-sus-raices-valencia-seguira-como-jefe-de-la-unidad-tecnica-de-menores-en-fbc-melgar\/#primaryimage"},"thumbnailUrl":"https:\/\/radiohuancayo.com.pe\/wp54\/wp-content\/uploads\/2024\/11\/image-7.png","articleSection":["Deportes"],"inLanguage":"es","potentialAction":[{"@type":"CommentAction","name":"Comment","target":["https:\/\/radiohuancayo.com.pe\/wp54\/vuelve-a-sus-raices-valencia-seguira-como-jefe-de-la-unidad-tecnica-de-menores-en-fbc-melgar\/#respond"]}]},{"@type":"WebPage","@id":"https:\/\/radiohuancayo.com.pe\/wp54\/vuelve-a-sus-raices-valencia-seguira-como-jefe-de-la-unidad-tecnica-de-menores-en-fbc-melgar\/","url":"https:\/\/radiohuancayo.com.pe\/wp54\/vuelve-a-sus-raices-valencia-seguira-como-jefe-de-la-unidad-tecnica-de-menores-en-fbc-melgar\/","name":"\u00a1Vuelve a sus ra\u00edces! Valencia seguir\u00e1 como Jefe de la Unidad T\u00e9cnica de Menores en FBC Melgar - Radio Huancayo","isPartOf":{"@id":"https:\/\/radiohuancayo.com.pe\/wp54\/#website"},"primaryImageOfPage":{"@id":"https:\/\/radiohuancayo.com.pe\/wp54\/vuelve-a-sus-raices-valencia-seguira-como-jefe-de-la-unidad-tecnica-de-menores-en-fbc-melgar\/#primaryimage"},"image":{"@id":"https:\/\/radiohuancayo.com.pe\/wp54\/vuelve-a-sus-raices-valencia-seguira-como-jefe-de-la-unidad-tecnica-de-menores-en-fbc-melgar\/#primaryimage"},"thumbnailUrl":"https:\/\/radiohuancayo.com.pe\/wp54\/wp-content\/uploads\/2024\/11\/image-7.png","datePublished":"2024-11-06T22:14:17+00:00","breadcrumb":{"@id":"https:\/\/radiohuancayo.com.pe\/wp54\/vuelve-a-sus-raices-valencia-seguira-como-jefe-de-la-unidad-tecnica-de-menores-en-fbc-melgar\/#breadcrumb"},"inLanguage":"es","potentialAction":[{"@type":"ReadAction","target":["https:\/\/radiohuancayo.com.pe\/wp54\/vuelve-a-sus-raices-valencia-seguira-como-jefe-de-la-unidad-tecnica-de-menores-en-fbc-melgar\/"]}]},{"@type":"ImageObject","inLanguage":"es","@id":"https:\/\/radiohuancayo.com.pe\/wp54\/vuelve-a-sus-raices-valencia-seguira-como-jefe-de-la-unidad-tecnica-de-menores-en-fbc-melgar\/#primaryimage","url":"https:\/\/radiohuancayo.com.pe\/wp54\/wp-content\/uploads\/2024\/11\/image-7.png","contentUrl":"https:\/\/radiohuancayo.com.pe\/wp54\/wp-content\/uploads\/2024\/11\/image-7.png","width":1200,"height":630},{"@type":"BreadcrumbList","@id":"https:\/\/radiohuancayo.com.pe\/wp54\/vuelve-a-sus-raices-valencia-seguira-como-jefe-de-la-unidad-tecnica-de-menores-en-fbc-melgar\/#breadcrumb","itemListElement":[{"@type":"ListItem","position":1,"name":"Portada","item":"https:\/\/radiohuancayo.com.pe\/wp54\/"},{"@type":"ListItem","position":2,"name":"\u00a1Vuelve a sus ra\u00edces! Valencia seguir\u00e1 como Jefe de la Unidad T\u00e9cnica de Menores en FBC Melgar"}]},{"@type":"WebSite","@id":"https:\/\/radiohuancayo.com.pe\/wp54\/#website","url":"https:\/\/radiohuancayo.com.pe\/wp54\/","name":"Radio Huancayo","description":"me gusta!!!","publisher":{"@id":"https:\/\/radiohuancayo.com.pe\/wp54\/#organization"},"potentialAction":[{"@type":"SearchAction","target":{"@type":"EntryPoint","urlTemplate":"https:\/\/radiohuancayo.com.pe\/wp54\/?s={search_term_string}"},"query-input":{"@type":"PropertyValueSpecification","valueRequired":true,"valueName":"search_term_string"}}],"inLanguage":"es"},{"@type":"Organization","@id":"https:\/\/radiohuancayo.com.pe\/wp54\/#organization","name":"Radio Huancayo","url":"https:\/\/radiohuancayo.com.pe\/wp54\/","logo":{"@type":"ImageObject","inLanguage":"es","@id":"https:\/\/radiohuancayo.com.pe\/wp54\/#\/schema\/logo\/image\/","url":"https:\/\/radiohuancayo.com.pe\/wp54\/wp-content\/uploads\/2022\/04\/CABE01.png","contentUrl":"https:\/\/radiohuancayo.com.pe\/wp54\/wp-content\/uploads\/2022\/04\/CABE01.png","width":1640,"height":300,"caption":"Radio Huancayo"},"image":{"@id":"https:\/\/radiohuancayo.com.pe\/wp54\/#\/schema\/logo\/image\/"}},{"@type":"Person","@id":"https:\/\/radiohuancayo.com.pe\/wp54\/#\/schema\/person\/74fb124dee9900c6f4d0535fa1d2b5ae","name":"Michel Sanchez","image":{"@type":"ImageObject","inLanguage":"es","@id":"https:\/\/secure.gravatar.com\/avatar\/f7f6944c01b3f15a174d0cf055aea75c46697913fc8a9cf5c3cf3e8800c645f6?s=96&d=mm&r=g","url":"https:\/\/secure.gravatar.com\/avatar\/f7f6944c01b3f15a174d0cf055aea75c46697913fc8a9cf5c3cf3e8800c645f6?s=96&d=mm&r=g","contentUrl":"https:\/\/secure.gravatar.com\/avatar\/f7f6944c01b3f15a174d0cf055aea75c46697913fc8a9cf5c3cf3e8800c645f6?s=96&d=mm&r=g","caption":"Michel Sanchez"},"url":"https:\/\/radiohuancayo.com.pe\/wp54\/author\/memoris\/"}]}},"_links":{"self":[{"href":"https:\/\/radiohuancayo.com.pe\/wp54\/wp-json\/wp\/v2\/posts\/28751","targetHints":{"allow":["GET"]}}],"collection":[{"href":"https:\/\/radiohuancayo.com.pe\/wp54\/wp-json\/wp\/v2\/posts"}],"about":[{"href":"https:\/\/radiohuancayo.com.pe\/wp54\/wp-json\/wp\/v2\/types\/post"}],"author":[{"embeddable":true,"href":"https:\/\/radiohuancayo.com.pe\/wp54\/wp-json\/wp\/v2\/users\/2"}],"replies":[{"embeddable":true,"href":"https:\/\/radiohuancayo.com.pe\/wp54\/wp-json\/wp\/v2\/comments?post=28751"}],"version-history":[{"count":1,"href":"https:\/\/radiohuancayo.com.pe\/wp54\/wp-json\/wp\/v2\/posts\/28751\/revisions"}],"predecessor-version":[{"id":28753,"href":"https:\/\/radiohuancayo.com.pe\/wp54\/wp-json\/wp\/v2\/posts\/28751\/revisions\/28753"}],"wp:featuredmedia":[{"embeddable":true,"href":"https:\/\/radiohuancayo.com.pe\/wp54\/wp-json\/wp\/v2\/media\/28752"}],"wp:attachment":[{"href":"https:\/\/radiohuancayo.com.pe\/wp54\/wp-json\/wp\/v2\/media?parent=28751"}],"wp:term":[{"taxonomy":"category","embeddable":true,"href":"https:\/\/radiohuancayo.com.pe\/wp54\/wp-json\/wp\/v2\/categories?post=28751"},{"taxonomy":"post_tag","embeddable":true,"href":"https:\/\/radiohuancayo.com.pe\/wp54\/wp-json\/wp\/v2\/tags?post=28751"}],"curies":[{"name":"wp","href":"https:\/\/api.w.org\/{rel}","templated":true}]}}