{"id":28754,"date":"2024-11-06T17:35:31","date_gmt":"2024-11-06T22:35:31","guid":{"rendered":"https:\/\/radiohuancayo.com.pe\/wp54\/?p=28754"},"modified":"2024-11-06T17:35:32","modified_gmt":"2024-11-06T22:35:32","slug":"zevallos-comenzar-el-ano-con-tres-millones-menos-claro-que-golpea","status":"publish","type":"post","link":"https:\/\/radiohuancayo.com.pe\/wp54\/zevallos-comenzar-el-ano-con-tres-millones-menos-claro-que-golpea\/","title":{"rendered":"Zevallos: \u00abComenzar el a\u00f1o con tres millones menos, claro que golpea\u00bb"},"content":{"rendered":"\n<p>Gustavo Zevallos, exgerente de Alianza Lima, en di\u00e1logo con<strong>&nbsp;&#8216;Radio Ovaci\u00f3n&#8217;<\/strong>, manifest\u00f3 que el ser Per\u00fa 4 en la Copa Libertadores, es algo que finalmente s\u00ed golpea en la econom\u00eda del cuadro blanquiazul de cara a la pr\u00f3xima temporada.&nbsp;<\/p>\n\n\n\n<p>\u00abComenzar el a\u00f1o con 3 millones menos, claro que golpea, no solo econ\u00f3micamente, sino moralmente. Alianza siempre debe jugar para campeonar, si no lo logras, al menos debes de tener el ingreso en el segundo lugar, comenzar el a\u00f1o sin tres millones no es poca cosa\u00bb, afirm\u00f3 Zevallos en Radio Ovaci\u00f3n.<\/p>\n\n\n\n<p>lAdem\u00e1s, el ex directivo del club, lament\u00f3 que no haya personas ligadas al equipo que hayan sido referentes en el pasado.<\/p>\n\n\n\n<p>\u00abEn Alianza no se ve gente ligada al club como s\u00ed en otros clubes, en el primer equipo deber\u00eda haber un referente, esos son detalles que al final suman\u00bb, apunt\u00f3.<\/p>\n\n\n\n<p>Zevallos record\u00f3 que \u00ablo m\u00e1s importante al final de la temporada es el grupo que se haya formado, tanto afuera como dentro de la cancha. Eso se logr\u00f3 en el pasado, ahora hay otros presupuestos, el equipo juega con el estadio lleno y eso implica que el club tenga otro tipo de recursos\u00bb.&nbsp;<\/p>\n\n\n\n<h3 class=\"wp-block-heading\">SOBRE C\u00d3MO SE MANEJO EL TEMA DE CRISTIAN D\u00cdAZ EN ALIANZA<\/h3>\n\n\n\n<p>El ex directivo tambi\u00e9n se refiri\u00f3 acerca de lo sucedido con el t\u00e9cnico Cristian D\u00edaz y el contrato que tuvo con Alianza Lima.&nbsp;<\/p>\n\n\n\n<p>\u00abNo s\u00e9 qu\u00e9 tipo de autonom\u00eda tendr\u00eda \u00e9l (Marioni) para que se haya atribuido el firmar ese contrato y que luego lo hayan desconocido. No va a ser nada f\u00e1cil para el club, no tengo duda que si han ido a la FIFA, ellos har\u00e1n cumplirlo, al menos en el tema econ\u00f3mico\u00bb, coment\u00f3.<\/p>\n\n\n\n<p>\u00abCreo que se desconoci\u00f3 la autonom\u00eda del gerente deportivo, si no tiene autonom\u00eda, es dif\u00edcil que funcione. Si lo llevan a este se\u00f1or, es para que \u00e9l se encargue. No s\u00e9 qu\u00e9 habr\u00e1 pasado durante, que es algo donde finalmente queda mal el club\u00bb, acot\u00f3.<\/p>\n","protected":false},"excerpt":{"rendered":"<p>Gustavo Zevallos, exgerente de Alianza Lima, en di\u00e1logo con&nbsp;&#8216;Radio Ovaci\u00f3n&#8217;, manifest\u00f3 que el ser Per\u00fa 4 en la Copa Libertadores, es algo que finalmente s\u00ed golpea en la econom\u00eda del cuadro blanquiazul de cara a la pr\u00f3xima temporada.&nbsp; \u00abComenzar el a\u00f1o con 3 millones menos, claro que golpea, no solo econ\u00f3micamente, sino moralmente. Alianza siempre debe jugar para campeonar, si no lo logras, al menos debes de tener el ingreso en el segundo lugar, comenzar el a\u00f1o sin tres millones no es poca cosa\u00bb, afirm\u00f3 Zevallos en Radio Ovaci\u00f3n. lAdem\u00e1s, el ex directivo del club, lament\u00f3 que no haya personas ligadas al equipo que hayan sido referentes en el pasado. \u00abEn Alianza no se ve gente ligada al club como s\u00ed en otros clubes, en el primer equipo deber\u00eda haber un referente, esos son detalles que al final suman\u00bb, apunt\u00f3. Zevallos record\u00f3 que \u00ablo m\u00e1s importante al final de la temporada es el grupo que se haya formado, tanto afuera como dentro de la cancha. Eso se logr\u00f3 en el pasado, ahora hay otros presupuestos, el equipo juega con el estadio lleno y eso implica que el club tenga otro tipo de recursos\u00bb.&nbsp; SOBRE C\u00d3MO SE MANEJO EL TEMA DE CRISTIAN D\u00cdAZ EN ALIANZA El ex directivo tambi\u00e9n se refiri\u00f3 acerca de lo sucedido con el t\u00e9cnico Cristian D\u00edaz y el contrato que tuvo con Alianza Lima.&nbsp; \u00abNo s\u00e9 qu\u00e9 tipo de autonom\u00eda tendr\u00eda \u00e9l (Marioni) para que se haya atribuido el firmar ese contrato y que luego lo hayan desconocido. No va a ser nada f\u00e1cil para el club, no tengo duda que si han ido a la FIFA, ellos har\u00e1n cumplirlo, al menos en el tema econ\u00f3mico\u00bb, coment\u00f3. \u00abCreo que se desconoci\u00f3 la autonom\u00eda del gerente deportivo, si no tiene autonom\u00eda, es dif\u00edcil que funcione. Si lo llevan a este se\u00f1or, es para que \u00e9l se encargue. No s\u00e9 qu\u00e9 habr\u00e1 pasado durante, que es algo donde finalmente queda mal el club\u00bb, acot\u00f3.<\/p>\n","protected":false},"author":2,"featured_media":28755,"comment_status":"open","ping_status":"open","sticky":false,"template":"","format":"standard","meta":{"footnotes":""},"categories":[7],"tags":[],"class_list":["post-28754","post","type-post","status-publish","format-standard","has-post-thumbnail","hentry","category-deportes"],"yoast_head":"<!-- This site is optimized with the Yoast SEO plugin v27.5 - https:\/\/yoast.com\/product\/yoast-seo-wordpress\/ -->\n<title>Zevallos: &quot;Comenzar el a\u00f1o con tres millones menos, claro que golpea&quot; - Radio Huancayo<\/title>\n<meta name=\"robots\" content=\"index, follow, max-snippet:-1, max-image-preview:large, max-video-preview:-1\" \/>\n<link rel=\"canonical\" href=\"https:\/\/radiohuancayo.com.pe\/wp54\/zevallos-comenzar-el-ano-con-tres-millones-menos-claro-que-golpea\/\" \/>\n<meta property=\"og:locale\" content=\"es_ES\" \/>\n<meta property=\"og:type\" content=\"article\" \/>\n<meta property=\"og:title\" content=\"Zevallos: &quot;Comenzar el a\u00f1o con tres millones menos, claro que golpea&quot; - Radio Huancayo\" \/>\n<meta property=\"og:description\" content=\"Gustavo Zevallos, exgerente de Alianza Lima, en di\u00e1logo con&nbsp;&#8216;Radio Ovaci\u00f3n&#8217;, manifest\u00f3 que el ser Per\u00fa 4 en la Copa Libertadores, es algo que finalmente s\u00ed golpea en la econom\u00eda del cuadro blanquiazul de cara a la pr\u00f3xima temporada.&nbsp; \u00abComenzar el a\u00f1o con 3 millones menos, claro que golpea, no solo econ\u00f3micamente, sino moralmente. Alianza siempre debe jugar para campeonar, si no lo logras, al menos debes de tener el ingreso en el segundo lugar, comenzar el a\u00f1o sin tres millones no es poca cosa\u00bb, afirm\u00f3 Zevallos en Radio Ovaci\u00f3n. lAdem\u00e1s, el ex directivo del club, lament\u00f3 que no haya personas ligadas al equipo que hayan sido referentes en el pasado. \u00abEn Alianza no se ve gente ligada al club como s\u00ed en otros clubes, en el primer equipo deber\u00eda haber un referente, esos son detalles que al final suman\u00bb, apunt\u00f3. Zevallos record\u00f3 que \u00ablo m\u00e1s importante al final de la temporada es el grupo que se haya formado, tanto afuera como dentro de la cancha. Eso se logr\u00f3 en el pasado, ahora hay otros presupuestos, el equipo juega con el estadio lleno y eso implica que el club tenga otro tipo de recursos\u00bb.&nbsp; SOBRE C\u00d3MO SE MANEJO EL TEMA DE CRISTIAN D\u00cdAZ EN ALIANZA El ex directivo tambi\u00e9n se refiri\u00f3 acerca de lo sucedido con el t\u00e9cnico Cristian D\u00edaz y el contrato que tuvo con Alianza Lima.&nbsp; \u00abNo s\u00e9 qu\u00e9 tipo de autonom\u00eda tendr\u00eda \u00e9l (Marioni) para que se haya atribuido el firmar ese contrato y que luego lo hayan desconocido. No va a ser nada f\u00e1cil para el club, no tengo duda que si han ido a la FIFA, ellos har\u00e1n cumplirlo, al menos en el tema econ\u00f3mico\u00bb, coment\u00f3. \u00abCreo que se desconoci\u00f3 la autonom\u00eda del gerente deportivo, si no tiene autonom\u00eda, es dif\u00edcil que funcione. Si lo llevan a este se\u00f1or, es para que \u00e9l se encargue. No s\u00e9 qu\u00e9 habr\u00e1 pasado durante, que es algo donde finalmente queda mal el club\u00bb, acot\u00f3.\" \/>\n<meta property=\"og:url\" content=\"https:\/\/radiohuancayo.com.pe\/wp54\/zevallos-comenzar-el-ano-con-tres-millones-menos-claro-que-golpea\/\" \/>\n<meta property=\"og:site_name\" content=\"Radio Huancayo\" \/>\n<meta property=\"article:published_time\" content=\"2024-11-06T22:35:31+00:00\" \/>\n<meta property=\"article:modified_time\" content=\"2024-11-06T22:35:32+00:00\" \/>\n<meta property=\"og:image\" content=\"https:\/\/radiohuancayo.com.pe\/wp54\/wp-content\/uploads\/2024\/11\/image-8.png\" \/>\n\t<meta property=\"og:image:width\" content=\"1200\" \/>\n\t<meta property=\"og:image:height\" content=\"630\" \/>\n\t<meta property=\"og:image:type\" content=\"image\/png\" \/>\n<meta name=\"author\" content=\"Michel Sanchez\" \/>\n<meta name=\"twitter:card\" content=\"summary_large_image\" \/>\n<meta name=\"twitter:label1\" content=\"Escrito por\" \/>\n\t<meta name=\"twitter:data1\" content=\"Michel Sanchez\" \/>\n\t<meta name=\"twitter:label2\" content=\"Tiempo de lectura\" \/>\n\t<meta name=\"twitter:data2\" content=\"2 minutos\" \/>\n<script type=\"application\/ld+json\" class=\"yoast-schema-graph\">{\"@context\":\"https:\\\/\\\/schema.org\",\"@graph\":[{\"@type\":\"Article\",\"@id\":\"https:\\\/\\\/radiohuancayo.com.pe\\\/wp54\\\/zevallos-comenzar-el-ano-con-tres-millones-menos-claro-que-golpea\\\/#article\",\"isPartOf\":{\"@id\":\"https:\\\/\\\/radiohuancayo.com.pe\\\/wp54\\\/zevallos-comenzar-el-ano-con-tres-millones-menos-claro-que-golpea\\\/\"},\"author\":{\"name\":\"Michel Sanchez\",\"@id\":\"https:\\\/\\\/radiohuancayo.com.pe\\\/wp54\\\/#\\\/schema\\\/person\\\/74fb124dee9900c6f4d0535fa1d2b5ae\"},\"headline\":\"Zevallos: \u00abComenzar el a\u00f1o con tres millones menos, claro que golpea\u00bb\",\"datePublished\":\"2024-11-06T22:35:31+00:00\",\"dateModified\":\"2024-11-06T22:35:32+00:00\",\"mainEntityOfPage\":{\"@id\":\"https:\\\/\\\/radiohuancayo.com.pe\\\/wp54\\\/zevallos-comenzar-el-ano-con-tres-millones-menos-claro-que-golpea\\\/\"},\"wordCount\":365,\"commentCount\":0,\"publisher\":{\"@id\":\"https:\\\/\\\/radiohuancayo.com.pe\\\/wp54\\\/#organization\"},\"image\":{\"@id\":\"https:\\\/\\\/radiohuancayo.com.pe\\\/wp54\\\/zevallos-comenzar-el-ano-con-tres-millones-menos-claro-que-golpea\\\/#primaryimage\"},\"thumbnailUrl\":\"https:\\\/\\\/radiohuancayo.com.pe\\\/wp54\\\/wp-content\\\/uploads\\\/2024\\\/11\\\/image-8.png\",\"articleSection\":[\"Deportes\"],\"inLanguage\":\"es\",\"potentialAction\":[{\"@type\":\"CommentAction\",\"name\":\"Comment\",\"target\":[\"https:\\\/\\\/radiohuancayo.com.pe\\\/wp54\\\/zevallos-comenzar-el-ano-con-tres-millones-menos-claro-que-golpea\\\/#respond\"]}]},{\"@type\":\"WebPage\",\"@id\":\"https:\\\/\\\/radiohuancayo.com.pe\\\/wp54\\\/zevallos-comenzar-el-ano-con-tres-millones-menos-claro-que-golpea\\\/\",\"url\":\"https:\\\/\\\/radiohuancayo.com.pe\\\/wp54\\\/zevallos-comenzar-el-ano-con-tres-millones-menos-claro-que-golpea\\\/\",\"name\":\"Zevallos: \\\"Comenzar el a\u00f1o con tres millones menos, claro que golpea\\\" - Radio Huancayo\",\"isPartOf\":{\"@id\":\"https:\\\/\\\/radiohuancayo.com.pe\\\/wp54\\\/#website\"},\"primaryImageOfPage\":{\"@id\":\"https:\\\/\\\/radiohuancayo.com.pe\\\/wp54\\\/zevallos-comenzar-el-ano-con-tres-millones-menos-claro-que-golpea\\\/#primaryimage\"},\"image\":{\"@id\":\"https:\\\/\\\/radiohuancayo.com.pe\\\/wp54\\\/zevallos-comenzar-el-ano-con-tres-millones-menos-claro-que-golpea\\\/#primaryimage\"},\"thumbnailUrl\":\"https:\\\/\\\/radiohuancayo.com.pe\\\/wp54\\\/wp-content\\\/uploads\\\/2024\\\/11\\\/image-8.png\",\"datePublished\":\"2024-11-06T22:35:31+00:00\",\"dateModified\":\"2024-11-06T22:35:32+00:00\",\"breadcrumb\":{\"@id\":\"https:\\\/\\\/radiohuancayo.com.pe\\\/wp54\\\/zevallos-comenzar-el-ano-con-tres-millones-menos-claro-que-golpea\\\/#breadcrumb\"},\"inLanguage\":\"es\",\"potentialAction\":[{\"@type\":\"ReadAction\",\"target\":[\"https:\\\/\\\/radiohuancayo.com.pe\\\/wp54\\\/zevallos-comenzar-el-ano-con-tres-millones-menos-claro-que-golpea\\\/\"]}]},{\"@type\":\"ImageObject\",\"inLanguage\":\"es\",\"@id\":\"https:\\\/\\\/radiohuancayo.com.pe\\\/wp54\\\/zevallos-comenzar-el-ano-con-tres-millones-menos-claro-que-golpea\\\/#primaryimage\",\"url\":\"https:\\\/\\\/radiohuancayo.com.pe\\\/wp54\\\/wp-content\\\/uploads\\\/2024\\\/11\\\/image-8.png\",\"contentUrl\":\"https:\\\/\\\/radiohuancayo.com.pe\\\/wp54\\\/wp-content\\\/uploads\\\/2024\\\/11\\\/image-8.png\",\"width\":1200,\"height\":630},{\"@type\":\"BreadcrumbList\",\"@id\":\"https:\\\/\\\/radiohuancayo.com.pe\\\/wp54\\\/zevallos-comenzar-el-ano-con-tres-millones-menos-claro-que-golpea\\\/#breadcrumb\",\"itemListElement\":[{\"@type\":\"ListItem\",\"position\":1,\"name\":\"Portada\",\"item\":\"https:\\\/\\\/radiohuancayo.com.pe\\\/wp54\\\/\"},{\"@type\":\"ListItem\",\"position\":2,\"name\":\"Zevallos: &#8220;Comenzar el a\u00f1o con tres millones menos, claro que golpea&#8221;\"}]},{\"@type\":\"WebSite\",\"@id\":\"https:\\\/\\\/radiohuancayo.com.pe\\\/wp54\\\/#website\",\"url\":\"https:\\\/\\\/radiohuancayo.com.pe\\\/wp54\\\/\",\"name\":\"Radio Huancayo\",\"description\":\"me gusta!!!\",\"publisher\":{\"@id\":\"https:\\\/\\\/radiohuancayo.com.pe\\\/wp54\\\/#organization\"},\"potentialAction\":[{\"@type\":\"SearchAction\",\"target\":{\"@type\":\"EntryPoint\",\"urlTemplate\":\"https:\\\/\\\/radiohuancayo.com.pe\\\/wp54\\\/?s={search_term_string}\"},\"query-input\":{\"@type\":\"PropertyValueSpecification\",\"valueRequired\":true,\"valueName\":\"search_term_string\"}}],\"inLanguage\":\"es\"},{\"@type\":\"Organization\",\"@id\":\"https:\\\/\\\/radiohuancayo.com.pe\\\/wp54\\\/#organization\",\"name\":\"Radio Huancayo\",\"url\":\"https:\\\/\\\/radiohuancayo.com.pe\\\/wp54\\\/\",\"logo\":{\"@type\":\"ImageObject\",\"inLanguage\":\"es\",\"@id\":\"https:\\\/\\\/radiohuancayo.com.pe\\\/wp54\\\/#\\\/schema\\\/logo\\\/image\\\/\",\"url\":\"https:\\\/\\\/radiohuancayo.com.pe\\\/wp54\\\/wp-content\\\/uploads\\\/2022\\\/04\\\/CABE01.png\",\"contentUrl\":\"https:\\\/\\\/radiohuancayo.com.pe\\\/wp54\\\/wp-content\\\/uploads\\\/2022\\\/04\\\/CABE01.png\",\"width\":1640,\"height\":300,\"caption\":\"Radio Huancayo\"},\"image\":{\"@id\":\"https:\\\/\\\/radiohuancayo.com.pe\\\/wp54\\\/#\\\/schema\\\/logo\\\/image\\\/\"}},{\"@type\":\"Person\",\"@id\":\"https:\\\/\\\/radiohuancayo.com.pe\\\/wp54\\\/#\\\/schema\\\/person\\\/74fb124dee9900c6f4d0535fa1d2b5ae\",\"name\":\"Michel Sanchez\",\"image\":{\"@type\":\"ImageObject\",\"inLanguage\":\"es\",\"@id\":\"https:\\\/\\\/secure.gravatar.com\\\/avatar\\\/f7f6944c01b3f15a174d0cf055aea75c46697913fc8a9cf5c3cf3e8800c645f6?s=96&d=mm&r=g\",\"url\":\"https:\\\/\\\/secure.gravatar.com\\\/avatar\\\/f7f6944c01b3f15a174d0cf055aea75c46697913fc8a9cf5c3cf3e8800c645f6?s=96&d=mm&r=g\",\"contentUrl\":\"https:\\\/\\\/secure.gravatar.com\\\/avatar\\\/f7f6944c01b3f15a174d0cf055aea75c46697913fc8a9cf5c3cf3e8800c645f6?s=96&d=mm&r=g\",\"caption\":\"Michel Sanchez\"},\"url\":\"https:\\\/\\\/radiohuancayo.com.pe\\\/wp54\\\/author\\\/memoris\\\/\"}]}<\/script>\n<!-- \/ Yoast SEO plugin. -->","yoast_head_json":{"title":"Zevallos: \"Comenzar el a\u00f1o con tres millones menos, claro que golpea\" - Radio Huancayo","robots":{"index":"index","follow":"follow","max-snippet":"max-snippet:-1","max-image-preview":"max-image-preview:large","max-video-preview":"max-video-preview:-1"},"canonical":"https:\/\/radiohuancayo.com.pe\/wp54\/zevallos-comenzar-el-ano-con-tres-millones-menos-claro-que-golpea\/","og_locale":"es_ES","og_type":"article","og_title":"Zevallos: \"Comenzar el a\u00f1o con tres millones menos, claro que golpea\" - Radio Huancayo","og_description":"Gustavo Zevallos, exgerente de Alianza Lima, en di\u00e1logo con&nbsp;&#8216;Radio Ovaci\u00f3n&#8217;, manifest\u00f3 que el ser Per\u00fa 4 en la Copa Libertadores, es algo que finalmente s\u00ed golpea en la econom\u00eda del cuadro blanquiazul de cara a la pr\u00f3xima temporada.&nbsp; \u00abComenzar el a\u00f1o con 3 millones menos, claro que golpea, no solo econ\u00f3micamente, sino moralmente. Alianza siempre debe jugar para campeonar, si no lo logras, al menos debes de tener el ingreso en el segundo lugar, comenzar el a\u00f1o sin tres millones no es poca cosa\u00bb, afirm\u00f3 Zevallos en Radio Ovaci\u00f3n. lAdem\u00e1s, el ex directivo del club, lament\u00f3 que no haya personas ligadas al equipo que hayan sido referentes en el pasado. \u00abEn Alianza no se ve gente ligada al club como s\u00ed en otros clubes, en el primer equipo deber\u00eda haber un referente, esos son detalles que al final suman\u00bb, apunt\u00f3. Zevallos record\u00f3 que \u00ablo m\u00e1s importante al final de la temporada es el grupo que se haya formado, tanto afuera como dentro de la cancha. Eso se logr\u00f3 en el pasado, ahora hay otros presupuestos, el equipo juega con el estadio lleno y eso implica que el club tenga otro tipo de recursos\u00bb.&nbsp; SOBRE C\u00d3MO SE MANEJO EL TEMA DE CRISTIAN D\u00cdAZ EN ALIANZA El ex directivo tambi\u00e9n se refiri\u00f3 acerca de lo sucedido con el t\u00e9cnico Cristian D\u00edaz y el contrato que tuvo con Alianza Lima.&nbsp; \u00abNo s\u00e9 qu\u00e9 tipo de autonom\u00eda tendr\u00eda \u00e9l (Marioni) para que se haya atribuido el firmar ese contrato y que luego lo hayan desconocido. No va a ser nada f\u00e1cil para el club, no tengo duda que si han ido a la FIFA, ellos har\u00e1n cumplirlo, al menos en el tema econ\u00f3mico\u00bb, coment\u00f3. \u00abCreo que se desconoci\u00f3 la autonom\u00eda del gerente deportivo, si no tiene autonom\u00eda, es dif\u00edcil que funcione. Si lo llevan a este se\u00f1or, es para que \u00e9l se encargue. No s\u00e9 qu\u00e9 habr\u00e1 pasado durante, que es algo donde finalmente queda mal el club\u00bb, acot\u00f3.","og_url":"https:\/\/radiohuancayo.com.pe\/wp54\/zevallos-comenzar-el-ano-con-tres-millones-menos-claro-que-golpea\/","og_site_name":"Radio Huancayo","article_published_time":"2024-11-06T22:35:31+00:00","article_modified_time":"2024-11-06T22:35:32+00:00","og_image":[{"width":1200,"height":630,"url":"https:\/\/radiohuancayo.com.pe\/wp54\/wp-content\/uploads\/2024\/11\/image-8.png","type":"image\/png"}],"author":"Michel Sanchez","twitter_card":"summary_large_image","twitter_misc":{"Escrito por":"Michel Sanchez","Tiempo de lectura":"2 minutos"},"schema":{"@context":"https:\/\/schema.org","@graph":[{"@type":"Article","@id":"https:\/\/radiohuancayo.com.pe\/wp54\/zevallos-comenzar-el-ano-con-tres-millones-menos-claro-que-golpea\/#article","isPartOf":{"@id":"https:\/\/radiohuancayo.com.pe\/wp54\/zevallos-comenzar-el-ano-con-tres-millones-menos-claro-que-golpea\/"},"author":{"name":"Michel Sanchez","@id":"https:\/\/radiohuancayo.com.pe\/wp54\/#\/schema\/person\/74fb124dee9900c6f4d0535fa1d2b5ae"},"headline":"Zevallos: \u00abComenzar el a\u00f1o con tres millones menos, claro que golpea\u00bb","datePublished":"2024-11-06T22:35:31+00:00","dateModified":"2024-11-06T22:35:32+00:00","mainEntityOfPage":{"@id":"https:\/\/radiohuancayo.com.pe\/wp54\/zevallos-comenzar-el-ano-con-tres-millones-menos-claro-que-golpea\/"},"wordCount":365,"commentCount":0,"publisher":{"@id":"https:\/\/radiohuancayo.com.pe\/wp54\/#organization"},"image":{"@id":"https:\/\/radiohuancayo.com.pe\/wp54\/zevallos-comenzar-el-ano-con-tres-millones-menos-claro-que-golpea\/#primaryimage"},"thumbnailUrl":"https:\/\/radiohuancayo.com.pe\/wp54\/wp-content\/uploads\/2024\/11\/image-8.png","articleSection":["Deportes"],"inLanguage":"es","potentialAction":[{"@type":"CommentAction","name":"Comment","target":["https:\/\/radiohuancayo.com.pe\/wp54\/zevallos-comenzar-el-ano-con-tres-millones-menos-claro-que-golpea\/#respond"]}]},{"@type":"WebPage","@id":"https:\/\/radiohuancayo.com.pe\/wp54\/zevallos-comenzar-el-ano-con-tres-millones-menos-claro-que-golpea\/","url":"https:\/\/radiohuancayo.com.pe\/wp54\/zevallos-comenzar-el-ano-con-tres-millones-menos-claro-que-golpea\/","name":"Zevallos: \"Comenzar el a\u00f1o con tres millones menos, claro que golpea\" - Radio Huancayo","isPartOf":{"@id":"https:\/\/radiohuancayo.com.pe\/wp54\/#website"},"primaryImageOfPage":{"@id":"https:\/\/radiohuancayo.com.pe\/wp54\/zevallos-comenzar-el-ano-con-tres-millones-menos-claro-que-golpea\/#primaryimage"},"image":{"@id":"https:\/\/radiohuancayo.com.pe\/wp54\/zevallos-comenzar-el-ano-con-tres-millones-menos-claro-que-golpea\/#primaryimage"},"thumbnailUrl":"https:\/\/radiohuancayo.com.pe\/wp54\/wp-content\/uploads\/2024\/11\/image-8.png","datePublished":"2024-11-06T22:35:31+00:00","dateModified":"2024-11-06T22:35:32+00:00","breadcrumb":{"@id":"https:\/\/radiohuancayo.com.pe\/wp54\/zevallos-comenzar-el-ano-con-tres-millones-menos-claro-que-golpea\/#breadcrumb"},"inLanguage":"es","potentialAction":[{"@type":"ReadAction","target":["https:\/\/radiohuancayo.com.pe\/wp54\/zevallos-comenzar-el-ano-con-tres-millones-menos-claro-que-golpea\/"]}]},{"@type":"ImageObject","inLanguage":"es","@id":"https:\/\/radiohuancayo.com.pe\/wp54\/zevallos-comenzar-el-ano-con-tres-millones-menos-claro-que-golpea\/#primaryimage","url":"https:\/\/radiohuancayo.com.pe\/wp54\/wp-content\/uploads\/2024\/11\/image-8.png","contentUrl":"https:\/\/radiohuancayo.com.pe\/wp54\/wp-content\/uploads\/2024\/11\/image-8.png","width":1200,"height":630},{"@type":"BreadcrumbList","@id":"https:\/\/radiohuancayo.com.pe\/wp54\/zevallos-comenzar-el-ano-con-tres-millones-menos-claro-que-golpea\/#breadcrumb","itemListElement":[{"@type":"ListItem","position":1,"name":"Portada","item":"https:\/\/radiohuancayo.com.pe\/wp54\/"},{"@type":"ListItem","position":2,"name":"Zevallos: &#8220;Comenzar el a\u00f1o con tres millones menos, claro que golpea&#8221;"}]},{"@type":"WebSite","@id":"https:\/\/radiohuancayo.com.pe\/wp54\/#website","url":"https:\/\/radiohuancayo.com.pe\/wp54\/","name":"Radio Huancayo","description":"me gusta!!!","publisher":{"@id":"https:\/\/radiohuancayo.com.pe\/wp54\/#organization"},"potentialAction":[{"@type":"SearchAction","target":{"@type":"EntryPoint","urlTemplate":"https:\/\/radiohuancayo.com.pe\/wp54\/?s={search_term_string}"},"query-input":{"@type":"PropertyValueSpecification","valueRequired":true,"valueName":"search_term_string"}}],"inLanguage":"es"},{"@type":"Organization","@id":"https:\/\/radiohuancayo.com.pe\/wp54\/#organization","name":"Radio Huancayo","url":"https:\/\/radiohuancayo.com.pe\/wp54\/","logo":{"@type":"ImageObject","inLanguage":"es","@id":"https:\/\/radiohuancayo.com.pe\/wp54\/#\/schema\/logo\/image\/","url":"https:\/\/radiohuancayo.com.pe\/wp54\/wp-content\/uploads\/2022\/04\/CABE01.png","contentUrl":"https:\/\/radiohuancayo.com.pe\/wp54\/wp-content\/uploads\/2022\/04\/CABE01.png","width":1640,"height":300,"caption":"Radio Huancayo"},"image":{"@id":"https:\/\/radiohuancayo.com.pe\/wp54\/#\/schema\/logo\/image\/"}},{"@type":"Person","@id":"https:\/\/radiohuancayo.com.pe\/wp54\/#\/schema\/person\/74fb124dee9900c6f4d0535fa1d2b5ae","name":"Michel Sanchez","image":{"@type":"ImageObject","inLanguage":"es","@id":"https:\/\/secure.gravatar.com\/avatar\/f7f6944c01b3f15a174d0cf055aea75c46697913fc8a9cf5c3cf3e8800c645f6?s=96&d=mm&r=g","url":"https:\/\/secure.gravatar.com\/avatar\/f7f6944c01b3f15a174d0cf055aea75c46697913fc8a9cf5c3cf3e8800c645f6?s=96&d=mm&r=g","contentUrl":"https:\/\/secure.gravatar.com\/avatar\/f7f6944c01b3f15a174d0cf055aea75c46697913fc8a9cf5c3cf3e8800c645f6?s=96&d=mm&r=g","caption":"Michel Sanchez"},"url":"https:\/\/radiohuancayo.com.pe\/wp54\/author\/memoris\/"}]}},"_links":{"self":[{"href":"https:\/\/radiohuancayo.com.pe\/wp54\/wp-json\/wp\/v2\/posts\/28754","targetHints":{"allow":["GET"]}}],"collection":[{"href":"https:\/\/radiohuancayo.com.pe\/wp54\/wp-json\/wp\/v2\/posts"}],"about":[{"href":"https:\/\/radiohuancayo.com.pe\/wp54\/wp-json\/wp\/v2\/types\/post"}],"author":[{"embeddable":true,"href":"https:\/\/radiohuancayo.com.pe\/wp54\/wp-json\/wp\/v2\/users\/2"}],"replies":[{"embeddable":true,"href":"https:\/\/radiohuancayo.com.pe\/wp54\/wp-json\/wp\/v2\/comments?post=28754"}],"version-history":[{"count":1,"href":"https:\/\/radiohuancayo.com.pe\/wp54\/wp-json\/wp\/v2\/posts\/28754\/revisions"}],"predecessor-version":[{"id":28756,"href":"https:\/\/radiohuancayo.com.pe\/wp54\/wp-json\/wp\/v2\/posts\/28754\/revisions\/28756"}],"wp:featuredmedia":[{"embeddable":true,"href":"https:\/\/radiohuancayo.com.pe\/wp54\/wp-json\/wp\/v2\/media\/28755"}],"wp:attachment":[{"href":"https:\/\/radiohuancayo.com.pe\/wp54\/wp-json\/wp\/v2\/media?parent=28754"}],"wp:term":[{"taxonomy":"category","embeddable":true,"href":"https:\/\/radiohuancayo.com.pe\/wp54\/wp-json\/wp\/v2\/categories?post=28754"},{"taxonomy":"post_tag","embeddable":true,"href":"https:\/\/radiohuancayo.com.pe\/wp54\/wp-json\/wp\/v2\/tags?post=28754"}],"curies":[{"name":"wp","href":"https:\/\/api.w.org\/{rel}","templated":true}]}}