{"id":28757,"date":"2024-11-06T17:37:05","date_gmt":"2024-11-06T22:37:05","guid":{"rendered":"https:\/\/radiohuancayo.com.pe\/wp54\/?p=28757"},"modified":"2024-11-06T17:37:05","modified_gmt":"2024-11-06T22:37:05","slug":"araujo-el-carino-que-le-tenemos-a-gareca-no-va-a-estar-dentro-del-campo","status":"publish","type":"post","link":"https:\/\/radiohuancayo.com.pe\/wp54\/araujo-el-carino-que-le-tenemos-a-gareca-no-va-a-estar-dentro-del-campo\/","title":{"rendered":"Araujo: \u00abEl cari\u00f1o que le tenemos a Gareca no va a estar dentro del campo\u00bb"},"content":{"rendered":"\n<p>Miguel Araujo, defensa de la selecci\u00f3n peruana, habl\u00f3 de cara al pr\u00f3ximo partido ante Chile por las eliminatorias y lo que significa el regreso de Ricardo Gareca al pa\u00eds. El central tambi\u00e9n se refiri\u00f3 a la ausencia de Carlos Zambrano.<\/p>\n\n\n\n<p>\u00abMe toc\u00f3 venir antes, hace una semana ya estoy trabajando con los &#8216;profes&#8217;, con los chicos de la sub 17 y sub 20 y desde el lunes ya se incorporaron los del torneo local y estamos bien. Tenemos que ganar ante Chile, los 3 puntos se tienen que quedar en casa pero tenemos que trabajarlo, estar sumamente concentrados, es un rival muy duro, est\u00e1n casi en la misma situaci\u00f3n que nosotros y hay que asumirlo como tal\u00bb, dijo en conferencia.<\/p>\n\n\n\n<p>Sobre lo que representa enfrentar a Chile coment\u00f3: \u00abEs un cl\u00e1sico y los cl\u00e1sicos son totalmente diferentes, con correr no vas a ganar, tienes que poner el 150%, tiene que haber f\u00fatbol, el coraz\u00f3n y la mente tienen que ser f\u00fatbol. El cari\u00f1o que le tenemos al &#8216;profe&#8217; (Gareca) est\u00e1 pero dentro del campo no va a estar, vamos a ir con todo, estamos trabajando para eso. El cari\u00f1o est\u00e1 afuera del campo\u00bb.<\/p>\n\n\n\n<h3 class=\"wp-block-heading\">\u00bfQu\u00e9 dijo sobre la baja de Zambrano y su posible cambio de posici\u00f3n?<\/h3>\n\n\n\n<p>\u00abMe siento c\u00f3modo, ya he jugado de l\u00edbero, de central por izquierda. Es algo que nos cay\u00f3 como un baldazo de agua fr\u00eda, el &#8216;profe&#8217; me recalc\u00f3 de la posici\u00f3n pero tengo muchos partidos jugando de l\u00edbero en mi club\u00bb, record\u00f3.<\/p>\n\n\n\n<p>Adem\u00e1s manifest\u00f3: \u00abMe siento muy bien, la etapa de mi carrera est\u00e1 s\u00faper linda, me siento muy c\u00f3modo\u00bb.&nbsp;<\/p>\n\n\n\n<p>El defensa tambi\u00e9n se refiri\u00f3 a los convocados que acaban de ser campeones con Universitario: \u00abEstoy muy feliz por ellos. La alegr\u00eda que transmiten en los entrenamientos, hay que aprovechar eso porque vienen con una confianza a tope y si no aprovechamos eso ser\u00edamos muy tontos\u00bb.<\/p>\n\n\n\n<p>Con respecto a los partidos frente a Chile y Argentina se\u00f1al\u00f3: \u00abCon Chile estamos casi en la misma posici\u00f3n y va a ser muy duro ganarlo pero vamos paso a paso, primero vamos a mirar a Chile, a esforzarnos, doblar marcas y hacer todo lo posible, primero en los entrenamientos\u00bb.<\/p>\n\n\n\n<p>\u00abNos est\u00e1 costando jugar un poco de visita pero creo que el mismo profesor nos dice que son 90 minutos. El partido con Uruguay lo trabajamos muy bien como el partido con Colombia, fuimos un equipo s\u00f3lido, fuerte, con energ\u00eda, que no bajaba los brazos. El partido de Brasil fue dos tiempos totalmente distintos, el primer tiempo muy bueno pero despu\u00e9s el desorden que tuvimos en el segundo nos cost\u00f3 y el &#8216;profe&#8217; nos llam\u00f3 la atenci\u00f3n porque no podemos desorganizarnos as\u00ed, pero nos vamos a hacer fuertes en ese aspecto\u00bb, a\u00f1adi\u00f3.<\/p>\n\n\n\n<p>Al ser preguntado por la ausencia de Joao Grimaldo en la lista indic\u00f3: \u00abEs un compa\u00f1ero importante, todos los que estamos aqu\u00ed y los que no han sido convocados somos importantes para la selecci\u00f3n. Siempre se ha dicho que todos tenemos la puerta abierta y solamente es trabajo. Si no est\u00e1 convocado \u00e9l tiene que darse cuenta que seguramente algo est\u00e1 haciendo mal y tiene que trabajar el doble y lo va a hacer porque es un chico muy humilde\u00bb.<\/p>\n\n\n\n<h3 class=\"wp-block-heading\">\u00bfC\u00f3mo anticipa la vuelta de Gareca al estadio Nacional?<\/h3>\n\n\n\n<p>\u00abVuelve al Nacional con nuestro rival directo pero nosotros estamos enfocados en nosotros. Primero nos enfocamos en nuestro trabajo, nuestro entrenamiento y la energ\u00eda que tenemos que poner todos los d\u00edas para ir mejorando en todos los detalles\u00bb, remarc\u00f3.<\/p>\n\n\n\n<p>Finalmente argument\u00f3: \u00abHay que hacer fuerte la casa, en el partido con Uruguay se sinti\u00f3 as\u00ed antes del gol y despu\u00e9s del gol, nos dieron esa energ\u00eda porque a veces ya minuto 85 te pesan las piernas pero los c\u00e1nticos hacen que corras, que metas. Nos gust\u00f3 como alentaron en el partido con Uruguay y el partido con Chile no va a ser la excepci\u00f3n\u00bb.<\/p>\n","protected":false},"excerpt":{"rendered":"<p>Miguel Araujo, defensa de la selecci\u00f3n peruana, habl\u00f3 de cara al pr\u00f3ximo partido ante Chile por las eliminatorias y lo que significa el regreso de Ricardo Gareca al pa\u00eds. El central tambi\u00e9n se refiri\u00f3 a la ausencia de Carlos Zambrano. \u00abMe toc\u00f3 venir antes, hace una semana ya estoy trabajando con los &#8216;profes&#8217;, con los chicos de la sub 17 y sub 20 y desde el lunes ya se incorporaron los del torneo local y estamos bien. Tenemos que ganar ante Chile, los 3 puntos se tienen que quedar en casa pero tenemos que trabajarlo, estar sumamente concentrados, es un rival muy duro, est\u00e1n casi en la misma situaci\u00f3n que nosotros y hay que asumirlo como tal\u00bb, dijo en conferencia. Sobre lo que representa enfrentar a Chile coment\u00f3: \u00abEs un cl\u00e1sico y los cl\u00e1sicos son totalmente diferentes, con correr no vas a ganar, tienes que poner el 150%, tiene que haber f\u00fatbol, el coraz\u00f3n y la mente tienen que ser f\u00fatbol. El cari\u00f1o que le tenemos al &#8216;profe&#8217; (Gareca) est\u00e1 pero dentro del campo no va a estar, vamos a ir con todo, estamos trabajando para eso. El cari\u00f1o est\u00e1 afuera del campo\u00bb. \u00bfQu\u00e9 dijo sobre la baja de Zambrano y su posible cambio de posici\u00f3n? \u00abMe siento c\u00f3modo, ya he jugado de l\u00edbero, de central por izquierda. Es algo que nos cay\u00f3 como un baldazo de agua fr\u00eda, el &#8216;profe&#8217; me recalc\u00f3 de la posici\u00f3n pero tengo muchos partidos jugando de l\u00edbero en mi club\u00bb, record\u00f3. Adem\u00e1s manifest\u00f3: \u00abMe siento muy bien, la etapa de mi carrera est\u00e1 s\u00faper linda, me siento muy c\u00f3modo\u00bb.&nbsp; El defensa tambi\u00e9n se refiri\u00f3 a los convocados que acaban de ser campeones con Universitario: \u00abEstoy muy feliz por ellos. La alegr\u00eda que transmiten en los entrenamientos, hay que aprovechar eso porque vienen con una confianza a tope y si no aprovechamos eso ser\u00edamos muy tontos\u00bb. Con respecto a los partidos frente a Chile y Argentina se\u00f1al\u00f3: \u00abCon Chile estamos casi en la misma posici\u00f3n y va a ser muy duro ganarlo pero vamos paso a paso, primero vamos a mirar a Chile, a esforzarnos, doblar marcas y hacer todo lo posible, primero en los entrenamientos\u00bb. \u00abNos est\u00e1 costando jugar un poco de visita pero creo que el mismo profesor nos dice que son 90 minutos. El partido con Uruguay lo trabajamos muy bien como el partido con Colombia, fuimos un equipo s\u00f3lido, fuerte, con energ\u00eda, que no bajaba los brazos. El partido de Brasil fue dos tiempos totalmente distintos, el primer tiempo muy bueno pero despu\u00e9s el desorden que tuvimos en el segundo nos cost\u00f3 y el &#8216;profe&#8217; nos llam\u00f3 la atenci\u00f3n porque no podemos desorganizarnos as\u00ed, pero nos vamos a hacer fuertes en ese aspecto\u00bb, a\u00f1adi\u00f3. Al ser preguntado por la ausencia de Joao Grimaldo en la lista indic\u00f3: \u00abEs un compa\u00f1ero importante, todos los que estamos aqu\u00ed y los que no han sido convocados somos importantes para la selecci\u00f3n. Siempre se ha dicho que todos tenemos la puerta abierta y solamente es trabajo. Si no est\u00e1 convocado \u00e9l tiene que darse cuenta que seguramente algo est\u00e1 haciendo mal y tiene que trabajar el doble y lo va a hacer porque es un chico muy humilde\u00bb. \u00bfC\u00f3mo anticipa la vuelta de Gareca al estadio Nacional? \u00abVuelve al Nacional con nuestro rival directo pero nosotros estamos enfocados en nosotros. Primero nos enfocamos en nuestro trabajo, nuestro entrenamiento y la energ\u00eda que tenemos que poner todos los d\u00edas para ir mejorando en todos los detalles\u00bb, remarc\u00f3. Finalmente argument\u00f3: \u00abHay que hacer fuerte la casa, en el partido con Uruguay se sinti\u00f3 as\u00ed antes del gol y despu\u00e9s del gol, nos dieron esa energ\u00eda porque a veces ya minuto 85 te pesan las piernas pero los c\u00e1nticos hacen que corras, que metas. Nos gust\u00f3 como alentaron en el partido con Uruguay y el partido con Chile no va a ser la excepci\u00f3n\u00bb.<\/p>\n","protected":false},"author":2,"featured_media":28758,"comment_status":"open","ping_status":"open","sticky":false,"template":"","format":"standard","meta":{"footnotes":""},"categories":[7],"tags":[],"class_list":["post-28757","post","type-post","status-publish","format-standard","has-post-thumbnail","hentry","category-deportes"],"yoast_head":"<!-- This site is optimized with the Yoast SEO plugin v27.5 - https:\/\/yoast.com\/product\/yoast-seo-wordpress\/ -->\n<title>Araujo: &quot;El cari\u00f1o que le tenemos a Gareca no va a estar dentro del campo&quot; - Radio Huancayo<\/title>\n<meta name=\"robots\" content=\"index, follow, max-snippet:-1, max-image-preview:large, max-video-preview:-1\" \/>\n<link rel=\"canonical\" href=\"https:\/\/radiohuancayo.com.pe\/wp54\/araujo-el-carino-que-le-tenemos-a-gareca-no-va-a-estar-dentro-del-campo\/\" \/>\n<meta property=\"og:locale\" content=\"es_ES\" \/>\n<meta property=\"og:type\" content=\"article\" \/>\n<meta property=\"og:title\" content=\"Araujo: &quot;El cari\u00f1o que le tenemos a Gareca no va a estar dentro del campo&quot; - Radio Huancayo\" \/>\n<meta property=\"og:description\" content=\"Miguel Araujo, defensa de la selecci\u00f3n peruana, habl\u00f3 de cara al pr\u00f3ximo partido ante Chile por las eliminatorias y lo que significa el regreso de Ricardo Gareca al pa\u00eds. El central tambi\u00e9n se refiri\u00f3 a la ausencia de Carlos Zambrano. \u00abMe toc\u00f3 venir antes, hace una semana ya estoy trabajando con los &#8216;profes&#8217;, con los chicos de la sub 17 y sub 20 y desde el lunes ya se incorporaron los del torneo local y estamos bien. Tenemos que ganar ante Chile, los 3 puntos se tienen que quedar en casa pero tenemos que trabajarlo, estar sumamente concentrados, es un rival muy duro, est\u00e1n casi en la misma situaci\u00f3n que nosotros y hay que asumirlo como tal\u00bb, dijo en conferencia. Sobre lo que representa enfrentar a Chile coment\u00f3: \u00abEs un cl\u00e1sico y los cl\u00e1sicos son totalmente diferentes, con correr no vas a ganar, tienes que poner el 150%, tiene que haber f\u00fatbol, el coraz\u00f3n y la mente tienen que ser f\u00fatbol. El cari\u00f1o que le tenemos al &#8216;profe&#8217; (Gareca) est\u00e1 pero dentro del campo no va a estar, vamos a ir con todo, estamos trabajando para eso. El cari\u00f1o est\u00e1 afuera del campo\u00bb. \u00bfQu\u00e9 dijo sobre la baja de Zambrano y su posible cambio de posici\u00f3n? \u00abMe siento c\u00f3modo, ya he jugado de l\u00edbero, de central por izquierda. Es algo que nos cay\u00f3 como un baldazo de agua fr\u00eda, el &#8216;profe&#8217; me recalc\u00f3 de la posici\u00f3n pero tengo muchos partidos jugando de l\u00edbero en mi club\u00bb, record\u00f3. Adem\u00e1s manifest\u00f3: \u00abMe siento muy bien, la etapa de mi carrera est\u00e1 s\u00faper linda, me siento muy c\u00f3modo\u00bb.&nbsp; El defensa tambi\u00e9n se refiri\u00f3 a los convocados que acaban de ser campeones con Universitario: \u00abEstoy muy feliz por ellos. La alegr\u00eda que transmiten en los entrenamientos, hay que aprovechar eso porque vienen con una confianza a tope y si no aprovechamos eso ser\u00edamos muy tontos\u00bb. Con respecto a los partidos frente a Chile y Argentina se\u00f1al\u00f3: \u00abCon Chile estamos casi en la misma posici\u00f3n y va a ser muy duro ganarlo pero vamos paso a paso, primero vamos a mirar a Chile, a esforzarnos, doblar marcas y hacer todo lo posible, primero en los entrenamientos\u00bb. \u00abNos est\u00e1 costando jugar un poco de visita pero creo que el mismo profesor nos dice que son 90 minutos. El partido con Uruguay lo trabajamos muy bien como el partido con Colombia, fuimos un equipo s\u00f3lido, fuerte, con energ\u00eda, que no bajaba los brazos. El partido de Brasil fue dos tiempos totalmente distintos, el primer tiempo muy bueno pero despu\u00e9s el desorden que tuvimos en el segundo nos cost\u00f3 y el &#8216;profe&#8217; nos llam\u00f3 la atenci\u00f3n porque no podemos desorganizarnos as\u00ed, pero nos vamos a hacer fuertes en ese aspecto\u00bb, a\u00f1adi\u00f3. Al ser preguntado por la ausencia de Joao Grimaldo en la lista indic\u00f3: \u00abEs un compa\u00f1ero importante, todos los que estamos aqu\u00ed y los que no han sido convocados somos importantes para la selecci\u00f3n. Siempre se ha dicho que todos tenemos la puerta abierta y solamente es trabajo. Si no est\u00e1 convocado \u00e9l tiene que darse cuenta que seguramente algo est\u00e1 haciendo mal y tiene que trabajar el doble y lo va a hacer porque es un chico muy humilde\u00bb. \u00bfC\u00f3mo anticipa la vuelta de Gareca al estadio Nacional? \u00abVuelve al Nacional con nuestro rival directo pero nosotros estamos enfocados en nosotros. Primero nos enfocamos en nuestro trabajo, nuestro entrenamiento y la energ\u00eda que tenemos que poner todos los d\u00edas para ir mejorando en todos los detalles\u00bb, remarc\u00f3. Finalmente argument\u00f3: \u00abHay que hacer fuerte la casa, en el partido con Uruguay se sinti\u00f3 as\u00ed antes del gol y despu\u00e9s del gol, nos dieron esa energ\u00eda porque a veces ya minuto 85 te pesan las piernas pero los c\u00e1nticos hacen que corras, que metas. Nos gust\u00f3 como alentaron en el partido con Uruguay y el partido con Chile no va a ser la excepci\u00f3n\u00bb.\" \/>\n<meta property=\"og:url\" content=\"https:\/\/radiohuancayo.com.pe\/wp54\/araujo-el-carino-que-le-tenemos-a-gareca-no-va-a-estar-dentro-del-campo\/\" \/>\n<meta property=\"og:site_name\" content=\"Radio Huancayo\" \/>\n<meta property=\"article:published_time\" content=\"2024-11-06T22:37:05+00:00\" \/>\n<meta property=\"og:image\" content=\"https:\/\/radiohuancayo.com.pe\/wp54\/wp-content\/uploads\/2024\/11\/image-9.png\" \/>\n\t<meta property=\"og:image:width\" content=\"1200\" \/>\n\t<meta property=\"og:image:height\" content=\"630\" \/>\n\t<meta property=\"og:image:type\" content=\"image\/png\" \/>\n<meta name=\"author\" content=\"Michel Sanchez\" \/>\n<meta name=\"twitter:card\" content=\"summary_large_image\" \/>\n<meta name=\"twitter:label1\" content=\"Escrito por\" \/>\n\t<meta name=\"twitter:data1\" content=\"Michel Sanchez\" \/>\n\t<meta name=\"twitter:label2\" content=\"Tiempo de lectura\" \/>\n\t<meta name=\"twitter:data2\" content=\"4 minutos\" \/>\n<script type=\"application\/ld+json\" class=\"yoast-schema-graph\">{\"@context\":\"https:\\\/\\\/schema.org\",\"@graph\":[{\"@type\":\"Article\",\"@id\":\"https:\\\/\\\/radiohuancayo.com.pe\\\/wp54\\\/araujo-el-carino-que-le-tenemos-a-gareca-no-va-a-estar-dentro-del-campo\\\/#article\",\"isPartOf\":{\"@id\":\"https:\\\/\\\/radiohuancayo.com.pe\\\/wp54\\\/araujo-el-carino-que-le-tenemos-a-gareca-no-va-a-estar-dentro-del-campo\\\/\"},\"author\":{\"name\":\"Michel Sanchez\",\"@id\":\"https:\\\/\\\/radiohuancayo.com.pe\\\/wp54\\\/#\\\/schema\\\/person\\\/74fb124dee9900c6f4d0535fa1d2b5ae\"},\"headline\":\"Araujo: \u00abEl cari\u00f1o que le tenemos a Gareca no va a estar dentro del campo\u00bb\",\"datePublished\":\"2024-11-06T22:37:05+00:00\",\"mainEntityOfPage\":{\"@id\":\"https:\\\/\\\/radiohuancayo.com.pe\\\/wp54\\\/araujo-el-carino-que-le-tenemos-a-gareca-no-va-a-estar-dentro-del-campo\\\/\"},\"wordCount\":698,\"commentCount\":0,\"publisher\":{\"@id\":\"https:\\\/\\\/radiohuancayo.com.pe\\\/wp54\\\/#organization\"},\"image\":{\"@id\":\"https:\\\/\\\/radiohuancayo.com.pe\\\/wp54\\\/araujo-el-carino-que-le-tenemos-a-gareca-no-va-a-estar-dentro-del-campo\\\/#primaryimage\"},\"thumbnailUrl\":\"https:\\\/\\\/radiohuancayo.com.pe\\\/wp54\\\/wp-content\\\/uploads\\\/2024\\\/11\\\/image-9.png\",\"articleSection\":[\"Deportes\"],\"inLanguage\":\"es\",\"potentialAction\":[{\"@type\":\"CommentAction\",\"name\":\"Comment\",\"target\":[\"https:\\\/\\\/radiohuancayo.com.pe\\\/wp54\\\/araujo-el-carino-que-le-tenemos-a-gareca-no-va-a-estar-dentro-del-campo\\\/#respond\"]}]},{\"@type\":\"WebPage\",\"@id\":\"https:\\\/\\\/radiohuancayo.com.pe\\\/wp54\\\/araujo-el-carino-que-le-tenemos-a-gareca-no-va-a-estar-dentro-del-campo\\\/\",\"url\":\"https:\\\/\\\/radiohuancayo.com.pe\\\/wp54\\\/araujo-el-carino-que-le-tenemos-a-gareca-no-va-a-estar-dentro-del-campo\\\/\",\"name\":\"Araujo: \\\"El cari\u00f1o que le tenemos a Gareca no va a estar dentro del campo\\\" - Radio Huancayo\",\"isPartOf\":{\"@id\":\"https:\\\/\\\/radiohuancayo.com.pe\\\/wp54\\\/#website\"},\"primaryImageOfPage\":{\"@id\":\"https:\\\/\\\/radiohuancayo.com.pe\\\/wp54\\\/araujo-el-carino-que-le-tenemos-a-gareca-no-va-a-estar-dentro-del-campo\\\/#primaryimage\"},\"image\":{\"@id\":\"https:\\\/\\\/radiohuancayo.com.pe\\\/wp54\\\/araujo-el-carino-que-le-tenemos-a-gareca-no-va-a-estar-dentro-del-campo\\\/#primaryimage\"},\"thumbnailUrl\":\"https:\\\/\\\/radiohuancayo.com.pe\\\/wp54\\\/wp-content\\\/uploads\\\/2024\\\/11\\\/image-9.png\",\"datePublished\":\"2024-11-06T22:37:05+00:00\",\"breadcrumb\":{\"@id\":\"https:\\\/\\\/radiohuancayo.com.pe\\\/wp54\\\/araujo-el-carino-que-le-tenemos-a-gareca-no-va-a-estar-dentro-del-campo\\\/#breadcrumb\"},\"inLanguage\":\"es\",\"potentialAction\":[{\"@type\":\"ReadAction\",\"target\":[\"https:\\\/\\\/radiohuancayo.com.pe\\\/wp54\\\/araujo-el-carino-que-le-tenemos-a-gareca-no-va-a-estar-dentro-del-campo\\\/\"]}]},{\"@type\":\"ImageObject\",\"inLanguage\":\"es\",\"@id\":\"https:\\\/\\\/radiohuancayo.com.pe\\\/wp54\\\/araujo-el-carino-que-le-tenemos-a-gareca-no-va-a-estar-dentro-del-campo\\\/#primaryimage\",\"url\":\"https:\\\/\\\/radiohuancayo.com.pe\\\/wp54\\\/wp-content\\\/uploads\\\/2024\\\/11\\\/image-9.png\",\"contentUrl\":\"https:\\\/\\\/radiohuancayo.com.pe\\\/wp54\\\/wp-content\\\/uploads\\\/2024\\\/11\\\/image-9.png\",\"width\":1200,\"height\":630},{\"@type\":\"BreadcrumbList\",\"@id\":\"https:\\\/\\\/radiohuancayo.com.pe\\\/wp54\\\/araujo-el-carino-que-le-tenemos-a-gareca-no-va-a-estar-dentro-del-campo\\\/#breadcrumb\",\"itemListElement\":[{\"@type\":\"ListItem\",\"position\":1,\"name\":\"Portada\",\"item\":\"https:\\\/\\\/radiohuancayo.com.pe\\\/wp54\\\/\"},{\"@type\":\"ListItem\",\"position\":2,\"name\":\"Araujo: &#8220;El cari\u00f1o que le tenemos a Gareca no va a estar dentro del campo&#8221;\"}]},{\"@type\":\"WebSite\",\"@id\":\"https:\\\/\\\/radiohuancayo.com.pe\\\/wp54\\\/#website\",\"url\":\"https:\\\/\\\/radiohuancayo.com.pe\\\/wp54\\\/\",\"name\":\"Radio Huancayo\",\"description\":\"me gusta!!!\",\"publisher\":{\"@id\":\"https:\\\/\\\/radiohuancayo.com.pe\\\/wp54\\\/#organization\"},\"potentialAction\":[{\"@type\":\"SearchAction\",\"target\":{\"@type\":\"EntryPoint\",\"urlTemplate\":\"https:\\\/\\\/radiohuancayo.com.pe\\\/wp54\\\/?s={search_term_string}\"},\"query-input\":{\"@type\":\"PropertyValueSpecification\",\"valueRequired\":true,\"valueName\":\"search_term_string\"}}],\"inLanguage\":\"es\"},{\"@type\":\"Organization\",\"@id\":\"https:\\\/\\\/radiohuancayo.com.pe\\\/wp54\\\/#organization\",\"name\":\"Radio Huancayo\",\"url\":\"https:\\\/\\\/radiohuancayo.com.pe\\\/wp54\\\/\",\"logo\":{\"@type\":\"ImageObject\",\"inLanguage\":\"es\",\"@id\":\"https:\\\/\\\/radiohuancayo.com.pe\\\/wp54\\\/#\\\/schema\\\/logo\\\/image\\\/\",\"url\":\"https:\\\/\\\/radiohuancayo.com.pe\\\/wp54\\\/wp-content\\\/uploads\\\/2022\\\/04\\\/CABE01.png\",\"contentUrl\":\"https:\\\/\\\/radiohuancayo.com.pe\\\/wp54\\\/wp-content\\\/uploads\\\/2022\\\/04\\\/CABE01.png\",\"width\":1640,\"height\":300,\"caption\":\"Radio Huancayo\"},\"image\":{\"@id\":\"https:\\\/\\\/radiohuancayo.com.pe\\\/wp54\\\/#\\\/schema\\\/logo\\\/image\\\/\"}},{\"@type\":\"Person\",\"@id\":\"https:\\\/\\\/radiohuancayo.com.pe\\\/wp54\\\/#\\\/schema\\\/person\\\/74fb124dee9900c6f4d0535fa1d2b5ae\",\"name\":\"Michel Sanchez\",\"image\":{\"@type\":\"ImageObject\",\"inLanguage\":\"es\",\"@id\":\"https:\\\/\\\/secure.gravatar.com\\\/avatar\\\/f7f6944c01b3f15a174d0cf055aea75c46697913fc8a9cf5c3cf3e8800c645f6?s=96&d=mm&r=g\",\"url\":\"https:\\\/\\\/secure.gravatar.com\\\/avatar\\\/f7f6944c01b3f15a174d0cf055aea75c46697913fc8a9cf5c3cf3e8800c645f6?s=96&d=mm&r=g\",\"contentUrl\":\"https:\\\/\\\/secure.gravatar.com\\\/avatar\\\/f7f6944c01b3f15a174d0cf055aea75c46697913fc8a9cf5c3cf3e8800c645f6?s=96&d=mm&r=g\",\"caption\":\"Michel Sanchez\"},\"url\":\"https:\\\/\\\/radiohuancayo.com.pe\\\/wp54\\\/author\\\/memoris\\\/\"}]}<\/script>\n<!-- \/ Yoast SEO plugin. -->","yoast_head_json":{"title":"Araujo: \"El cari\u00f1o que le tenemos a Gareca no va a estar dentro del campo\" - Radio Huancayo","robots":{"index":"index","follow":"follow","max-snippet":"max-snippet:-1","max-image-preview":"max-image-preview:large","max-video-preview":"max-video-preview:-1"},"canonical":"https:\/\/radiohuancayo.com.pe\/wp54\/araujo-el-carino-que-le-tenemos-a-gareca-no-va-a-estar-dentro-del-campo\/","og_locale":"es_ES","og_type":"article","og_title":"Araujo: \"El cari\u00f1o que le tenemos a Gareca no va a estar dentro del campo\" - Radio Huancayo","og_description":"Miguel Araujo, defensa de la selecci\u00f3n peruana, habl\u00f3 de cara al pr\u00f3ximo partido ante Chile por las eliminatorias y lo que significa el regreso de Ricardo Gareca al pa\u00eds. El central tambi\u00e9n se refiri\u00f3 a la ausencia de Carlos Zambrano. \u00abMe toc\u00f3 venir antes, hace una semana ya estoy trabajando con los &#8216;profes&#8217;, con los chicos de la sub 17 y sub 20 y desde el lunes ya se incorporaron los del torneo local y estamos bien. Tenemos que ganar ante Chile, los 3 puntos se tienen que quedar en casa pero tenemos que trabajarlo, estar sumamente concentrados, es un rival muy duro, est\u00e1n casi en la misma situaci\u00f3n que nosotros y hay que asumirlo como tal\u00bb, dijo en conferencia. Sobre lo que representa enfrentar a Chile coment\u00f3: \u00abEs un cl\u00e1sico y los cl\u00e1sicos son totalmente diferentes, con correr no vas a ganar, tienes que poner el 150%, tiene que haber f\u00fatbol, el coraz\u00f3n y la mente tienen que ser f\u00fatbol. El cari\u00f1o que le tenemos al &#8216;profe&#8217; (Gareca) est\u00e1 pero dentro del campo no va a estar, vamos a ir con todo, estamos trabajando para eso. El cari\u00f1o est\u00e1 afuera del campo\u00bb. \u00bfQu\u00e9 dijo sobre la baja de Zambrano y su posible cambio de posici\u00f3n? \u00abMe siento c\u00f3modo, ya he jugado de l\u00edbero, de central por izquierda. Es algo que nos cay\u00f3 como un baldazo de agua fr\u00eda, el &#8216;profe&#8217; me recalc\u00f3 de la posici\u00f3n pero tengo muchos partidos jugando de l\u00edbero en mi club\u00bb, record\u00f3. Adem\u00e1s manifest\u00f3: \u00abMe siento muy bien, la etapa de mi carrera est\u00e1 s\u00faper linda, me siento muy c\u00f3modo\u00bb.&nbsp; El defensa tambi\u00e9n se refiri\u00f3 a los convocados que acaban de ser campeones con Universitario: \u00abEstoy muy feliz por ellos. La alegr\u00eda que transmiten en los entrenamientos, hay que aprovechar eso porque vienen con una confianza a tope y si no aprovechamos eso ser\u00edamos muy tontos\u00bb. Con respecto a los partidos frente a Chile y Argentina se\u00f1al\u00f3: \u00abCon Chile estamos casi en la misma posici\u00f3n y va a ser muy duro ganarlo pero vamos paso a paso, primero vamos a mirar a Chile, a esforzarnos, doblar marcas y hacer todo lo posible, primero en los entrenamientos\u00bb. \u00abNos est\u00e1 costando jugar un poco de visita pero creo que el mismo profesor nos dice que son 90 minutos. El partido con Uruguay lo trabajamos muy bien como el partido con Colombia, fuimos un equipo s\u00f3lido, fuerte, con energ\u00eda, que no bajaba los brazos. El partido de Brasil fue dos tiempos totalmente distintos, el primer tiempo muy bueno pero despu\u00e9s el desorden que tuvimos en el segundo nos cost\u00f3 y el &#8216;profe&#8217; nos llam\u00f3 la atenci\u00f3n porque no podemos desorganizarnos as\u00ed, pero nos vamos a hacer fuertes en ese aspecto\u00bb, a\u00f1adi\u00f3. Al ser preguntado por la ausencia de Joao Grimaldo en la lista indic\u00f3: \u00abEs un compa\u00f1ero importante, todos los que estamos aqu\u00ed y los que no han sido convocados somos importantes para la selecci\u00f3n. Siempre se ha dicho que todos tenemos la puerta abierta y solamente es trabajo. Si no est\u00e1 convocado \u00e9l tiene que darse cuenta que seguramente algo est\u00e1 haciendo mal y tiene que trabajar el doble y lo va a hacer porque es un chico muy humilde\u00bb. \u00bfC\u00f3mo anticipa la vuelta de Gareca al estadio Nacional? \u00abVuelve al Nacional con nuestro rival directo pero nosotros estamos enfocados en nosotros. Primero nos enfocamos en nuestro trabajo, nuestro entrenamiento y la energ\u00eda que tenemos que poner todos los d\u00edas para ir mejorando en todos los detalles\u00bb, remarc\u00f3. Finalmente argument\u00f3: \u00abHay que hacer fuerte la casa, en el partido con Uruguay se sinti\u00f3 as\u00ed antes del gol y despu\u00e9s del gol, nos dieron esa energ\u00eda porque a veces ya minuto 85 te pesan las piernas pero los c\u00e1nticos hacen que corras, que metas. Nos gust\u00f3 como alentaron en el partido con Uruguay y el partido con Chile no va a ser la excepci\u00f3n\u00bb.","og_url":"https:\/\/radiohuancayo.com.pe\/wp54\/araujo-el-carino-que-le-tenemos-a-gareca-no-va-a-estar-dentro-del-campo\/","og_site_name":"Radio Huancayo","article_published_time":"2024-11-06T22:37:05+00:00","og_image":[{"width":1200,"height":630,"url":"https:\/\/radiohuancayo.com.pe\/wp54\/wp-content\/uploads\/2024\/11\/image-9.png","type":"image\/png"}],"author":"Michel Sanchez","twitter_card":"summary_large_image","twitter_misc":{"Escrito por":"Michel Sanchez","Tiempo de lectura":"4 minutos"},"schema":{"@context":"https:\/\/schema.org","@graph":[{"@type":"Article","@id":"https:\/\/radiohuancayo.com.pe\/wp54\/araujo-el-carino-que-le-tenemos-a-gareca-no-va-a-estar-dentro-del-campo\/#article","isPartOf":{"@id":"https:\/\/radiohuancayo.com.pe\/wp54\/araujo-el-carino-que-le-tenemos-a-gareca-no-va-a-estar-dentro-del-campo\/"},"author":{"name":"Michel Sanchez","@id":"https:\/\/radiohuancayo.com.pe\/wp54\/#\/schema\/person\/74fb124dee9900c6f4d0535fa1d2b5ae"},"headline":"Araujo: \u00abEl cari\u00f1o que le tenemos a Gareca no va a estar dentro del campo\u00bb","datePublished":"2024-11-06T22:37:05+00:00","mainEntityOfPage":{"@id":"https:\/\/radiohuancayo.com.pe\/wp54\/araujo-el-carino-que-le-tenemos-a-gareca-no-va-a-estar-dentro-del-campo\/"},"wordCount":698,"commentCount":0,"publisher":{"@id":"https:\/\/radiohuancayo.com.pe\/wp54\/#organization"},"image":{"@id":"https:\/\/radiohuancayo.com.pe\/wp54\/araujo-el-carino-que-le-tenemos-a-gareca-no-va-a-estar-dentro-del-campo\/#primaryimage"},"thumbnailUrl":"https:\/\/radiohuancayo.com.pe\/wp54\/wp-content\/uploads\/2024\/11\/image-9.png","articleSection":["Deportes"],"inLanguage":"es","potentialAction":[{"@type":"CommentAction","name":"Comment","target":["https:\/\/radiohuancayo.com.pe\/wp54\/araujo-el-carino-que-le-tenemos-a-gareca-no-va-a-estar-dentro-del-campo\/#respond"]}]},{"@type":"WebPage","@id":"https:\/\/radiohuancayo.com.pe\/wp54\/araujo-el-carino-que-le-tenemos-a-gareca-no-va-a-estar-dentro-del-campo\/","url":"https:\/\/radiohuancayo.com.pe\/wp54\/araujo-el-carino-que-le-tenemos-a-gareca-no-va-a-estar-dentro-del-campo\/","name":"Araujo: \"El cari\u00f1o que le tenemos a Gareca no va a estar dentro del campo\" - Radio Huancayo","isPartOf":{"@id":"https:\/\/radiohuancayo.com.pe\/wp54\/#website"},"primaryImageOfPage":{"@id":"https:\/\/radiohuancayo.com.pe\/wp54\/araujo-el-carino-que-le-tenemos-a-gareca-no-va-a-estar-dentro-del-campo\/#primaryimage"},"image":{"@id":"https:\/\/radiohuancayo.com.pe\/wp54\/araujo-el-carino-que-le-tenemos-a-gareca-no-va-a-estar-dentro-del-campo\/#primaryimage"},"thumbnailUrl":"https:\/\/radiohuancayo.com.pe\/wp54\/wp-content\/uploads\/2024\/11\/image-9.png","datePublished":"2024-11-06T22:37:05+00:00","breadcrumb":{"@id":"https:\/\/radiohuancayo.com.pe\/wp54\/araujo-el-carino-que-le-tenemos-a-gareca-no-va-a-estar-dentro-del-campo\/#breadcrumb"},"inLanguage":"es","potentialAction":[{"@type":"ReadAction","target":["https:\/\/radiohuancayo.com.pe\/wp54\/araujo-el-carino-que-le-tenemos-a-gareca-no-va-a-estar-dentro-del-campo\/"]}]},{"@type":"ImageObject","inLanguage":"es","@id":"https:\/\/radiohuancayo.com.pe\/wp54\/araujo-el-carino-que-le-tenemos-a-gareca-no-va-a-estar-dentro-del-campo\/#primaryimage","url":"https:\/\/radiohuancayo.com.pe\/wp54\/wp-content\/uploads\/2024\/11\/image-9.png","contentUrl":"https:\/\/radiohuancayo.com.pe\/wp54\/wp-content\/uploads\/2024\/11\/image-9.png","width":1200,"height":630},{"@type":"BreadcrumbList","@id":"https:\/\/radiohuancayo.com.pe\/wp54\/araujo-el-carino-que-le-tenemos-a-gareca-no-va-a-estar-dentro-del-campo\/#breadcrumb","itemListElement":[{"@type":"ListItem","position":1,"name":"Portada","item":"https:\/\/radiohuancayo.com.pe\/wp54\/"},{"@type":"ListItem","position":2,"name":"Araujo: &#8220;El cari\u00f1o que le tenemos a Gareca no va a estar dentro del campo&#8221;"}]},{"@type":"WebSite","@id":"https:\/\/radiohuancayo.com.pe\/wp54\/#website","url":"https:\/\/radiohuancayo.com.pe\/wp54\/","name":"Radio Huancayo","description":"me gusta!!!","publisher":{"@id":"https:\/\/radiohuancayo.com.pe\/wp54\/#organization"},"potentialAction":[{"@type":"SearchAction","target":{"@type":"EntryPoint","urlTemplate":"https:\/\/radiohuancayo.com.pe\/wp54\/?s={search_term_string}"},"query-input":{"@type":"PropertyValueSpecification","valueRequired":true,"valueName":"search_term_string"}}],"inLanguage":"es"},{"@type":"Organization","@id":"https:\/\/radiohuancayo.com.pe\/wp54\/#organization","name":"Radio Huancayo","url":"https:\/\/radiohuancayo.com.pe\/wp54\/","logo":{"@type":"ImageObject","inLanguage":"es","@id":"https:\/\/radiohuancayo.com.pe\/wp54\/#\/schema\/logo\/image\/","url":"https:\/\/radiohuancayo.com.pe\/wp54\/wp-content\/uploads\/2022\/04\/CABE01.png","contentUrl":"https:\/\/radiohuancayo.com.pe\/wp54\/wp-content\/uploads\/2022\/04\/CABE01.png","width":1640,"height":300,"caption":"Radio Huancayo"},"image":{"@id":"https:\/\/radiohuancayo.com.pe\/wp54\/#\/schema\/logo\/image\/"}},{"@type":"Person","@id":"https:\/\/radiohuancayo.com.pe\/wp54\/#\/schema\/person\/74fb124dee9900c6f4d0535fa1d2b5ae","name":"Michel Sanchez","image":{"@type":"ImageObject","inLanguage":"es","@id":"https:\/\/secure.gravatar.com\/avatar\/f7f6944c01b3f15a174d0cf055aea75c46697913fc8a9cf5c3cf3e8800c645f6?s=96&d=mm&r=g","url":"https:\/\/secure.gravatar.com\/avatar\/f7f6944c01b3f15a174d0cf055aea75c46697913fc8a9cf5c3cf3e8800c645f6?s=96&d=mm&r=g","contentUrl":"https:\/\/secure.gravatar.com\/avatar\/f7f6944c01b3f15a174d0cf055aea75c46697913fc8a9cf5c3cf3e8800c645f6?s=96&d=mm&r=g","caption":"Michel Sanchez"},"url":"https:\/\/radiohuancayo.com.pe\/wp54\/author\/memoris\/"}]}},"_links":{"self":[{"href":"https:\/\/radiohuancayo.com.pe\/wp54\/wp-json\/wp\/v2\/posts\/28757","targetHints":{"allow":["GET"]}}],"collection":[{"href":"https:\/\/radiohuancayo.com.pe\/wp54\/wp-json\/wp\/v2\/posts"}],"about":[{"href":"https:\/\/radiohuancayo.com.pe\/wp54\/wp-json\/wp\/v2\/types\/post"}],"author":[{"embeddable":true,"href":"https:\/\/radiohuancayo.com.pe\/wp54\/wp-json\/wp\/v2\/users\/2"}],"replies":[{"embeddable":true,"href":"https:\/\/radiohuancayo.com.pe\/wp54\/wp-json\/wp\/v2\/comments?post=28757"}],"version-history":[{"count":1,"href":"https:\/\/radiohuancayo.com.pe\/wp54\/wp-json\/wp\/v2\/posts\/28757\/revisions"}],"predecessor-version":[{"id":28759,"href":"https:\/\/radiohuancayo.com.pe\/wp54\/wp-json\/wp\/v2\/posts\/28757\/revisions\/28759"}],"wp:featuredmedia":[{"embeddable":true,"href":"https:\/\/radiohuancayo.com.pe\/wp54\/wp-json\/wp\/v2\/media\/28758"}],"wp:attachment":[{"href":"https:\/\/radiohuancayo.com.pe\/wp54\/wp-json\/wp\/v2\/media?parent=28757"}],"wp:term":[{"taxonomy":"category","embeddable":true,"href":"https:\/\/radiohuancayo.com.pe\/wp54\/wp-json\/wp\/v2\/categories?post=28757"},{"taxonomy":"post_tag","embeddable":true,"href":"https:\/\/radiohuancayo.com.pe\/wp54\/wp-json\/wp\/v2\/tags?post=28757"}],"curies":[{"name":"wp","href":"https:\/\/api.w.org\/{rel}","templated":true}]}}