{"id":28768,"date":"2024-11-07T12:38:03","date_gmt":"2024-11-07T17:38:03","guid":{"rendered":"https:\/\/radiohuancayo.com.pe\/wp54\/?p=28768"},"modified":"2024-11-07T12:38:03","modified_gmt":"2024-11-07T17:38:03","slug":"terremoto-en-el-futbol-peruano-asi-informo-la-prensa-internacional-la-detencion-de-agustin-lozano","status":"publish","type":"post","link":"https:\/\/radiohuancayo.com.pe\/wp54\/terremoto-en-el-futbol-peruano-asi-informo-la-prensa-internacional-la-detencion-de-agustin-lozano\/","title":{"rendered":"\u00abTerremoto en el f\u00fatbol peruano\u00bb: as\u00ed inform\u00f3 la prensa internacional la detenci\u00f3n de Agust\u00edn Lozano"},"content":{"rendered":"\n<p><strong>Deportes 13 de Chile:\u00a0<\/strong>\u00a1Esc\u00e1ndalo total! Presidente de la Federaci\u00f3n Peruana de F\u00fatbol es detenido por v\u00ednculos con organizaci\u00f3n criminal ( Fuente: deportes 13 de Chile)<\/p>\n\n\n\n<figure class=\"wp-block-image size-large\"><img fetchpriority=\"high\" decoding=\"async\" width=\"1024\" height=\"618\" src=\"https:\/\/radiohuancayo.com.pe\/wp54\/wp-content\/uploads\/2024\/11\/image-13-1024x618.png\" alt=\"\" class=\"wp-image-28769\" srcset=\"https:\/\/radiohuancayo.com.pe\/wp54\/wp-content\/uploads\/2024\/11\/image-13-1024x618.png 1024w, https:\/\/radiohuancayo.com.pe\/wp54\/wp-content\/uploads\/2024\/11\/image-13-300x181.png 300w, https:\/\/radiohuancayo.com.pe\/wp54\/wp-content\/uploads\/2024\/11\/image-13-768x464.png 768w, https:\/\/radiohuancayo.com.pe\/wp54\/wp-content\/uploads\/2024\/11\/image-13.png 1244w\" sizes=\"(max-width: 1024px) 100vw, 1024px\" \/><\/figure>\n\n\n\n<p><strong>El Colombiano de Colombia:<\/strong>\u00a0Detuvieron en Lima a Agust\u00edn Lozano, presidente de la Federaci\u00f3n Peruana de F\u00fatbol por presuntos actos de corrupci\u00f3n ( Fuente: El Colombiano)<\/p>\n\n\n\n<figure class=\"wp-block-image size-full\"><img decoding=\"async\" width=\"979\" height=\"830\" src=\"https:\/\/radiohuancayo.com.pe\/wp54\/wp-content\/uploads\/2024\/11\/image-14.png\" alt=\"\" class=\"wp-image-28770\" srcset=\"https:\/\/radiohuancayo.com.pe\/wp54\/wp-content\/uploads\/2024\/11\/image-14.png 979w, https:\/\/radiohuancayo.com.pe\/wp54\/wp-content\/uploads\/2024\/11\/image-14-300x254.png 300w, https:\/\/radiohuancayo.com.pe\/wp54\/wp-content\/uploads\/2024\/11\/image-14-768x651.png 768w\" sizes=\"(max-width: 979px) 100vw, 979px\" \/><\/figure>\n\n\n\n<p><strong>El Espa\u00f1ol de Espa\u00f1a:<\/strong>\u00a0Agust\u00edn Lozano, presidente de federaci\u00f3n de f\u00fatbol de Per\u00fa, detenido por formar parte de una presunta red corrupta ( Fuente: El Espa\u00f1ol)<\/p>\n\n\n\n<figure class=\"wp-block-image size-large\"><img decoding=\"async\" width=\"1024\" height=\"686\" src=\"https:\/\/radiohuancayo.com.pe\/wp54\/wp-content\/uploads\/2024\/11\/image-15-1024x686.png\" alt=\"\" class=\"wp-image-28771\" srcset=\"https:\/\/radiohuancayo.com.pe\/wp54\/wp-content\/uploads\/2024\/11\/image-15-1024x686.png 1024w, https:\/\/radiohuancayo.com.pe\/wp54\/wp-content\/uploads\/2024\/11\/image-15-300x201.png 300w, https:\/\/radiohuancayo.com.pe\/wp54\/wp-content\/uploads\/2024\/11\/image-15-768x514.png 768w, https:\/\/radiohuancayo.com.pe\/wp54\/wp-content\/uploads\/2024\/11\/image-15.png 1177w\" sizes=\"(max-width: 1024px) 100vw, 1024px\" \/><\/figure>\n\n\n\n<p><strong>La Naci\u00f3n de Argentina<\/strong>: Detuvieron al presidente de la Federaci\u00f3n Peruana de F\u00fatbol por corrupci\u00f3n ( Fuente: La Naci\u00f3n)<\/p>\n\n\n\n<figure class=\"wp-block-image size-large\"><img loading=\"lazy\" decoding=\"async\" width=\"1024\" height=\"704\" src=\"https:\/\/radiohuancayo.com.pe\/wp54\/wp-content\/uploads\/2024\/11\/image-16-1024x704.png\" alt=\"\" class=\"wp-image-28772\" srcset=\"https:\/\/radiohuancayo.com.pe\/wp54\/wp-content\/uploads\/2024\/11\/image-16-1024x704.png 1024w, https:\/\/radiohuancayo.com.pe\/wp54\/wp-content\/uploads\/2024\/11\/image-16-300x206.png 300w, https:\/\/radiohuancayo.com.pe\/wp54\/wp-content\/uploads\/2024\/11\/image-16-768x528.png 768w, https:\/\/radiohuancayo.com.pe\/wp54\/wp-content\/uploads\/2024\/11\/image-16.png 1260w\" sizes=\"(max-width: 1024px) 100vw, 1024px\" \/><\/figure>\n","protected":false},"excerpt":{"rendered":"<p>Deportes 13 de Chile:\u00a0\u00a1Esc\u00e1ndalo total! Presidente de la Federaci\u00f3n Peruana de F\u00fatbol es detenido por v\u00ednculos con organizaci\u00f3n criminal ( Fuente: deportes 13 de Chile) El Colombiano de Colombia:\u00a0Detuvieron en Lima a Agust\u00edn Lozano, presidente de la Federaci\u00f3n Peruana de F\u00fatbol por presuntos actos de corrupci\u00f3n ( Fuente: El Colombiano) El Espa\u00f1ol de Espa\u00f1a:\u00a0Agust\u00edn Lozano, presidente de federaci\u00f3n de f\u00fatbol de Per\u00fa, detenido por formar parte de una presunta red corrupta ( Fuente: El Espa\u00f1ol) La Naci\u00f3n de Argentina: Detuvieron al presidente de la Federaci\u00f3n Peruana de F\u00fatbol por corrupci\u00f3n ( Fuente: La Naci\u00f3n)<\/p>\n","protected":false},"author":5,"featured_media":28769,"comment_status":"open","ping_status":"open","sticky":false,"template":"","format":"standard","meta":{"footnotes":""},"categories":[22,20],"tags":[],"class_list":["post-28768","post","type-post","status-publish","format-standard","has-post-thumbnail","hentry","category-portada","category-tendencia"],"yoast_head":"<!-- This site is optimized with the Yoast SEO plugin v27.5 - https:\/\/yoast.com\/product\/yoast-seo-wordpress\/ -->\n<title>&quot;Terremoto en el f\u00fatbol peruano&quot;: as\u00ed inform\u00f3 la prensa internacional la detenci\u00f3n de Agust\u00edn Lozano - Radio Huancayo<\/title>\n<meta name=\"robots\" content=\"index, follow, max-snippet:-1, max-image-preview:large, max-video-preview:-1\" \/>\n<link rel=\"canonical\" href=\"https:\/\/radiohuancayo.com.pe\/wp54\/terremoto-en-el-futbol-peruano-asi-informo-la-prensa-internacional-la-detencion-de-agustin-lozano\/\" \/>\n<meta property=\"og:locale\" content=\"es_ES\" \/>\n<meta property=\"og:type\" content=\"article\" \/>\n<meta property=\"og:title\" content=\"&quot;Terremoto en el f\u00fatbol peruano&quot;: as\u00ed inform\u00f3 la prensa internacional la detenci\u00f3n de Agust\u00edn Lozano - Radio Huancayo\" \/>\n<meta property=\"og:description\" content=\"Deportes 13 de Chile:\u00a0\u00a1Esc\u00e1ndalo total! Presidente de la Federaci\u00f3n Peruana de F\u00fatbol es detenido por v\u00ednculos con organizaci\u00f3n criminal ( Fuente: deportes 13 de Chile) El Colombiano de Colombia:\u00a0Detuvieron en Lima a Agust\u00edn Lozano, presidente de la Federaci\u00f3n Peruana de F\u00fatbol por presuntos actos de corrupci\u00f3n ( Fuente: El Colombiano) El Espa\u00f1ol de Espa\u00f1a:\u00a0Agust\u00edn Lozano, presidente de federaci\u00f3n de f\u00fatbol de Per\u00fa, detenido por formar parte de una presunta red corrupta ( Fuente: El Espa\u00f1ol) La Naci\u00f3n de Argentina: Detuvieron al presidente de la Federaci\u00f3n Peruana de F\u00fatbol por corrupci\u00f3n ( Fuente: La Naci\u00f3n)\" \/>\n<meta property=\"og:url\" content=\"https:\/\/radiohuancayo.com.pe\/wp54\/terremoto-en-el-futbol-peruano-asi-informo-la-prensa-internacional-la-detencion-de-agustin-lozano\/\" \/>\n<meta property=\"og:site_name\" content=\"Radio Huancayo\" \/>\n<meta property=\"article:published_time\" content=\"2024-11-07T17:38:03+00:00\" \/>\n<meta property=\"og:image\" content=\"https:\/\/radiohuancayo.com.pe\/wp54\/wp-content\/uploads\/2024\/11\/image-13.png\" \/>\n\t<meta property=\"og:image:width\" content=\"1244\" \/>\n\t<meta property=\"og:image:height\" content=\"751\" \/>\n\t<meta property=\"og:image:type\" content=\"image\/png\" \/>\n<meta name=\"author\" content=\"Maytin DBO\" \/>\n<meta name=\"twitter:card\" content=\"summary_large_image\" \/>\n<meta name=\"twitter:label1\" content=\"Escrito por\" \/>\n\t<meta name=\"twitter:data1\" content=\"Maytin DBO\" \/>\n\t<meta name=\"twitter:label2\" content=\"Tiempo de lectura\" \/>\n\t<meta name=\"twitter:data2\" content=\"2 minutos\" \/>\n<script type=\"application\/ld+json\" class=\"yoast-schema-graph\">{\"@context\":\"https:\\\/\\\/schema.org\",\"@graph\":[{\"@type\":\"Article\",\"@id\":\"https:\\\/\\\/radiohuancayo.com.pe\\\/wp54\\\/terremoto-en-el-futbol-peruano-asi-informo-la-prensa-internacional-la-detencion-de-agustin-lozano\\\/#article\",\"isPartOf\":{\"@id\":\"https:\\\/\\\/radiohuancayo.com.pe\\\/wp54\\\/terremoto-en-el-futbol-peruano-asi-informo-la-prensa-internacional-la-detencion-de-agustin-lozano\\\/\"},\"author\":{\"name\":\"Maytin DBO\",\"@id\":\"https:\\\/\\\/radiohuancayo.com.pe\\\/wp54\\\/#\\\/schema\\\/person\\\/6baed031d35922e76b91866439cb0b86\"},\"headline\":\"\u00abTerremoto en el f\u00fatbol peruano\u00bb: as\u00ed inform\u00f3 la prensa internacional la detenci\u00f3n de Agust\u00edn Lozano\",\"datePublished\":\"2024-11-07T17:38:03+00:00\",\"mainEntityOfPage\":{\"@id\":\"https:\\\/\\\/radiohuancayo.com.pe\\\/wp54\\\/terremoto-en-el-futbol-peruano-asi-informo-la-prensa-internacional-la-detencion-de-agustin-lozano\\\/\"},\"wordCount\":129,\"commentCount\":0,\"publisher\":{\"@id\":\"https:\\\/\\\/radiohuancayo.com.pe\\\/wp54\\\/#organization\"},\"image\":{\"@id\":\"https:\\\/\\\/radiohuancayo.com.pe\\\/wp54\\\/terremoto-en-el-futbol-peruano-asi-informo-la-prensa-internacional-la-detencion-de-agustin-lozano\\\/#primaryimage\"},\"thumbnailUrl\":\"https:\\\/\\\/radiohuancayo.com.pe\\\/wp54\\\/wp-content\\\/uploads\\\/2024\\\/11\\\/image-13.png\",\"articleSection\":[\"Portada\",\"Tendencia\"],\"inLanguage\":\"es\",\"potentialAction\":[{\"@type\":\"CommentAction\",\"name\":\"Comment\",\"target\":[\"https:\\\/\\\/radiohuancayo.com.pe\\\/wp54\\\/terremoto-en-el-futbol-peruano-asi-informo-la-prensa-internacional-la-detencion-de-agustin-lozano\\\/#respond\"]}]},{\"@type\":\"WebPage\",\"@id\":\"https:\\\/\\\/radiohuancayo.com.pe\\\/wp54\\\/terremoto-en-el-futbol-peruano-asi-informo-la-prensa-internacional-la-detencion-de-agustin-lozano\\\/\",\"url\":\"https:\\\/\\\/radiohuancayo.com.pe\\\/wp54\\\/terremoto-en-el-futbol-peruano-asi-informo-la-prensa-internacional-la-detencion-de-agustin-lozano\\\/\",\"name\":\"\\\"Terremoto en el f\u00fatbol peruano\\\": as\u00ed inform\u00f3 la prensa internacional la detenci\u00f3n de Agust\u00edn Lozano - Radio Huancayo\",\"isPartOf\":{\"@id\":\"https:\\\/\\\/radiohuancayo.com.pe\\\/wp54\\\/#website\"},\"primaryImageOfPage\":{\"@id\":\"https:\\\/\\\/radiohuancayo.com.pe\\\/wp54\\\/terremoto-en-el-futbol-peruano-asi-informo-la-prensa-internacional-la-detencion-de-agustin-lozano\\\/#primaryimage\"},\"image\":{\"@id\":\"https:\\\/\\\/radiohuancayo.com.pe\\\/wp54\\\/terremoto-en-el-futbol-peruano-asi-informo-la-prensa-internacional-la-detencion-de-agustin-lozano\\\/#primaryimage\"},\"thumbnailUrl\":\"https:\\\/\\\/radiohuancayo.com.pe\\\/wp54\\\/wp-content\\\/uploads\\\/2024\\\/11\\\/image-13.png\",\"datePublished\":\"2024-11-07T17:38:03+00:00\",\"breadcrumb\":{\"@id\":\"https:\\\/\\\/radiohuancayo.com.pe\\\/wp54\\\/terremoto-en-el-futbol-peruano-asi-informo-la-prensa-internacional-la-detencion-de-agustin-lozano\\\/#breadcrumb\"},\"inLanguage\":\"es\",\"potentialAction\":[{\"@type\":\"ReadAction\",\"target\":[\"https:\\\/\\\/radiohuancayo.com.pe\\\/wp54\\\/terremoto-en-el-futbol-peruano-asi-informo-la-prensa-internacional-la-detencion-de-agustin-lozano\\\/\"]}]},{\"@type\":\"ImageObject\",\"inLanguage\":\"es\",\"@id\":\"https:\\\/\\\/radiohuancayo.com.pe\\\/wp54\\\/terremoto-en-el-futbol-peruano-asi-informo-la-prensa-internacional-la-detencion-de-agustin-lozano\\\/#primaryimage\",\"url\":\"https:\\\/\\\/radiohuancayo.com.pe\\\/wp54\\\/wp-content\\\/uploads\\\/2024\\\/11\\\/image-13.png\",\"contentUrl\":\"https:\\\/\\\/radiohuancayo.com.pe\\\/wp54\\\/wp-content\\\/uploads\\\/2024\\\/11\\\/image-13.png\",\"width\":1244,\"height\":751},{\"@type\":\"BreadcrumbList\",\"@id\":\"https:\\\/\\\/radiohuancayo.com.pe\\\/wp54\\\/terremoto-en-el-futbol-peruano-asi-informo-la-prensa-internacional-la-detencion-de-agustin-lozano\\\/#breadcrumb\",\"itemListElement\":[{\"@type\":\"ListItem\",\"position\":1,\"name\":\"Portada\",\"item\":\"https:\\\/\\\/radiohuancayo.com.pe\\\/wp54\\\/\"},{\"@type\":\"ListItem\",\"position\":2,\"name\":\"&#8220;Terremoto en el f\u00fatbol peruano&#8221;: as\u00ed inform\u00f3 la prensa internacional la detenci\u00f3n de Agust\u00edn Lozano\"}]},{\"@type\":\"WebSite\",\"@id\":\"https:\\\/\\\/radiohuancayo.com.pe\\\/wp54\\\/#website\",\"url\":\"https:\\\/\\\/radiohuancayo.com.pe\\\/wp54\\\/\",\"name\":\"Radio Huancayo\",\"description\":\"me gusta!!!\",\"publisher\":{\"@id\":\"https:\\\/\\\/radiohuancayo.com.pe\\\/wp54\\\/#organization\"},\"potentialAction\":[{\"@type\":\"SearchAction\",\"target\":{\"@type\":\"EntryPoint\",\"urlTemplate\":\"https:\\\/\\\/radiohuancayo.com.pe\\\/wp54\\\/?s={search_term_string}\"},\"query-input\":{\"@type\":\"PropertyValueSpecification\",\"valueRequired\":true,\"valueName\":\"search_term_string\"}}],\"inLanguage\":\"es\"},{\"@type\":\"Organization\",\"@id\":\"https:\\\/\\\/radiohuancayo.com.pe\\\/wp54\\\/#organization\",\"name\":\"Radio Huancayo\",\"url\":\"https:\\\/\\\/radiohuancayo.com.pe\\\/wp54\\\/\",\"logo\":{\"@type\":\"ImageObject\",\"inLanguage\":\"es\",\"@id\":\"https:\\\/\\\/radiohuancayo.com.pe\\\/wp54\\\/#\\\/schema\\\/logo\\\/image\\\/\",\"url\":\"https:\\\/\\\/radiohuancayo.com.pe\\\/wp54\\\/wp-content\\\/uploads\\\/2022\\\/04\\\/CABE01.png\",\"contentUrl\":\"https:\\\/\\\/radiohuancayo.com.pe\\\/wp54\\\/wp-content\\\/uploads\\\/2022\\\/04\\\/CABE01.png\",\"width\":1640,\"height\":300,\"caption\":\"Radio Huancayo\"},\"image\":{\"@id\":\"https:\\\/\\\/radiohuancayo.com.pe\\\/wp54\\\/#\\\/schema\\\/logo\\\/image\\\/\"}},{\"@type\":\"Person\",\"@id\":\"https:\\\/\\\/radiohuancayo.com.pe\\\/wp54\\\/#\\\/schema\\\/person\\\/6baed031d35922e76b91866439cb0b86\",\"name\":\"Maytin DBO\",\"image\":{\"@type\":\"ImageObject\",\"inLanguage\":\"es\",\"@id\":\"https:\\\/\\\/secure.gravatar.com\\\/avatar\\\/58ac8a13712dd72aa77651ede28efcec1556ba2f16162e16bbad5b8220f88ac4?s=96&d=mm&r=g\",\"url\":\"https:\\\/\\\/secure.gravatar.com\\\/avatar\\\/58ac8a13712dd72aa77651ede28efcec1556ba2f16162e16bbad5b8220f88ac4?s=96&d=mm&r=g\",\"contentUrl\":\"https:\\\/\\\/secure.gravatar.com\\\/avatar\\\/58ac8a13712dd72aa77651ede28efcec1556ba2f16162e16bbad5b8220f88ac4?s=96&d=mm&r=g\",\"caption\":\"Maytin DBO\"},\"url\":\"https:\\\/\\\/radiohuancayo.com.pe\\\/wp54\\\/author\\\/debuenaonda\\\/\"}]}<\/script>\n<!-- \/ Yoast SEO plugin. -->","yoast_head_json":{"title":"\"Terremoto en el f\u00fatbol peruano\": as\u00ed inform\u00f3 la prensa internacional la detenci\u00f3n de Agust\u00edn Lozano - Radio Huancayo","robots":{"index":"index","follow":"follow","max-snippet":"max-snippet:-1","max-image-preview":"max-image-preview:large","max-video-preview":"max-video-preview:-1"},"canonical":"https:\/\/radiohuancayo.com.pe\/wp54\/terremoto-en-el-futbol-peruano-asi-informo-la-prensa-internacional-la-detencion-de-agustin-lozano\/","og_locale":"es_ES","og_type":"article","og_title":"\"Terremoto en el f\u00fatbol peruano\": as\u00ed inform\u00f3 la prensa internacional la detenci\u00f3n de Agust\u00edn Lozano - Radio Huancayo","og_description":"Deportes 13 de Chile:\u00a0\u00a1Esc\u00e1ndalo total! Presidente de la Federaci\u00f3n Peruana de F\u00fatbol es detenido por v\u00ednculos con organizaci\u00f3n criminal ( Fuente: deportes 13 de Chile) El Colombiano de Colombia:\u00a0Detuvieron en Lima a Agust\u00edn Lozano, presidente de la Federaci\u00f3n Peruana de F\u00fatbol por presuntos actos de corrupci\u00f3n ( Fuente: El Colombiano) El Espa\u00f1ol de Espa\u00f1a:\u00a0Agust\u00edn Lozano, presidente de federaci\u00f3n de f\u00fatbol de Per\u00fa, detenido por formar parte de una presunta red corrupta ( Fuente: El Espa\u00f1ol) La Naci\u00f3n de Argentina: Detuvieron al presidente de la Federaci\u00f3n Peruana de F\u00fatbol por corrupci\u00f3n ( Fuente: La Naci\u00f3n)","og_url":"https:\/\/radiohuancayo.com.pe\/wp54\/terremoto-en-el-futbol-peruano-asi-informo-la-prensa-internacional-la-detencion-de-agustin-lozano\/","og_site_name":"Radio Huancayo","article_published_time":"2024-11-07T17:38:03+00:00","og_image":[{"width":1244,"height":751,"url":"https:\/\/radiohuancayo.com.pe\/wp54\/wp-content\/uploads\/2024\/11\/image-13.png","type":"image\/png"}],"author":"Maytin DBO","twitter_card":"summary_large_image","twitter_misc":{"Escrito por":"Maytin DBO","Tiempo de lectura":"2 minutos"},"schema":{"@context":"https:\/\/schema.org","@graph":[{"@type":"Article","@id":"https:\/\/radiohuancayo.com.pe\/wp54\/terremoto-en-el-futbol-peruano-asi-informo-la-prensa-internacional-la-detencion-de-agustin-lozano\/#article","isPartOf":{"@id":"https:\/\/radiohuancayo.com.pe\/wp54\/terremoto-en-el-futbol-peruano-asi-informo-la-prensa-internacional-la-detencion-de-agustin-lozano\/"},"author":{"name":"Maytin DBO","@id":"https:\/\/radiohuancayo.com.pe\/wp54\/#\/schema\/person\/6baed031d35922e76b91866439cb0b86"},"headline":"\u00abTerremoto en el f\u00fatbol peruano\u00bb: as\u00ed inform\u00f3 la prensa internacional la detenci\u00f3n de Agust\u00edn Lozano","datePublished":"2024-11-07T17:38:03+00:00","mainEntityOfPage":{"@id":"https:\/\/radiohuancayo.com.pe\/wp54\/terremoto-en-el-futbol-peruano-asi-informo-la-prensa-internacional-la-detencion-de-agustin-lozano\/"},"wordCount":129,"commentCount":0,"publisher":{"@id":"https:\/\/radiohuancayo.com.pe\/wp54\/#organization"},"image":{"@id":"https:\/\/radiohuancayo.com.pe\/wp54\/terremoto-en-el-futbol-peruano-asi-informo-la-prensa-internacional-la-detencion-de-agustin-lozano\/#primaryimage"},"thumbnailUrl":"https:\/\/radiohuancayo.com.pe\/wp54\/wp-content\/uploads\/2024\/11\/image-13.png","articleSection":["Portada","Tendencia"],"inLanguage":"es","potentialAction":[{"@type":"CommentAction","name":"Comment","target":["https:\/\/radiohuancayo.com.pe\/wp54\/terremoto-en-el-futbol-peruano-asi-informo-la-prensa-internacional-la-detencion-de-agustin-lozano\/#respond"]}]},{"@type":"WebPage","@id":"https:\/\/radiohuancayo.com.pe\/wp54\/terremoto-en-el-futbol-peruano-asi-informo-la-prensa-internacional-la-detencion-de-agustin-lozano\/","url":"https:\/\/radiohuancayo.com.pe\/wp54\/terremoto-en-el-futbol-peruano-asi-informo-la-prensa-internacional-la-detencion-de-agustin-lozano\/","name":"\"Terremoto en el f\u00fatbol peruano\": as\u00ed inform\u00f3 la prensa internacional la detenci\u00f3n de Agust\u00edn Lozano - Radio Huancayo","isPartOf":{"@id":"https:\/\/radiohuancayo.com.pe\/wp54\/#website"},"primaryImageOfPage":{"@id":"https:\/\/radiohuancayo.com.pe\/wp54\/terremoto-en-el-futbol-peruano-asi-informo-la-prensa-internacional-la-detencion-de-agustin-lozano\/#primaryimage"},"image":{"@id":"https:\/\/radiohuancayo.com.pe\/wp54\/terremoto-en-el-futbol-peruano-asi-informo-la-prensa-internacional-la-detencion-de-agustin-lozano\/#primaryimage"},"thumbnailUrl":"https:\/\/radiohuancayo.com.pe\/wp54\/wp-content\/uploads\/2024\/11\/image-13.png","datePublished":"2024-11-07T17:38:03+00:00","breadcrumb":{"@id":"https:\/\/radiohuancayo.com.pe\/wp54\/terremoto-en-el-futbol-peruano-asi-informo-la-prensa-internacional-la-detencion-de-agustin-lozano\/#breadcrumb"},"inLanguage":"es","potentialAction":[{"@type":"ReadAction","target":["https:\/\/radiohuancayo.com.pe\/wp54\/terremoto-en-el-futbol-peruano-asi-informo-la-prensa-internacional-la-detencion-de-agustin-lozano\/"]}]},{"@type":"ImageObject","inLanguage":"es","@id":"https:\/\/radiohuancayo.com.pe\/wp54\/terremoto-en-el-futbol-peruano-asi-informo-la-prensa-internacional-la-detencion-de-agustin-lozano\/#primaryimage","url":"https:\/\/radiohuancayo.com.pe\/wp54\/wp-content\/uploads\/2024\/11\/image-13.png","contentUrl":"https:\/\/radiohuancayo.com.pe\/wp54\/wp-content\/uploads\/2024\/11\/image-13.png","width":1244,"height":751},{"@type":"BreadcrumbList","@id":"https:\/\/radiohuancayo.com.pe\/wp54\/terremoto-en-el-futbol-peruano-asi-informo-la-prensa-internacional-la-detencion-de-agustin-lozano\/#breadcrumb","itemListElement":[{"@type":"ListItem","position":1,"name":"Portada","item":"https:\/\/radiohuancayo.com.pe\/wp54\/"},{"@type":"ListItem","position":2,"name":"&#8220;Terremoto en el f\u00fatbol peruano&#8221;: as\u00ed inform\u00f3 la prensa internacional la detenci\u00f3n de Agust\u00edn Lozano"}]},{"@type":"WebSite","@id":"https:\/\/radiohuancayo.com.pe\/wp54\/#website","url":"https:\/\/radiohuancayo.com.pe\/wp54\/","name":"Radio Huancayo","description":"me gusta!!!","publisher":{"@id":"https:\/\/radiohuancayo.com.pe\/wp54\/#organization"},"potentialAction":[{"@type":"SearchAction","target":{"@type":"EntryPoint","urlTemplate":"https:\/\/radiohuancayo.com.pe\/wp54\/?s={search_term_string}"},"query-input":{"@type":"PropertyValueSpecification","valueRequired":true,"valueName":"search_term_string"}}],"inLanguage":"es"},{"@type":"Organization","@id":"https:\/\/radiohuancayo.com.pe\/wp54\/#organization","name":"Radio Huancayo","url":"https:\/\/radiohuancayo.com.pe\/wp54\/","logo":{"@type":"ImageObject","inLanguage":"es","@id":"https:\/\/radiohuancayo.com.pe\/wp54\/#\/schema\/logo\/image\/","url":"https:\/\/radiohuancayo.com.pe\/wp54\/wp-content\/uploads\/2022\/04\/CABE01.png","contentUrl":"https:\/\/radiohuancayo.com.pe\/wp54\/wp-content\/uploads\/2022\/04\/CABE01.png","width":1640,"height":300,"caption":"Radio Huancayo"},"image":{"@id":"https:\/\/radiohuancayo.com.pe\/wp54\/#\/schema\/logo\/image\/"}},{"@type":"Person","@id":"https:\/\/radiohuancayo.com.pe\/wp54\/#\/schema\/person\/6baed031d35922e76b91866439cb0b86","name":"Maytin DBO","image":{"@type":"ImageObject","inLanguage":"es","@id":"https:\/\/secure.gravatar.com\/avatar\/58ac8a13712dd72aa77651ede28efcec1556ba2f16162e16bbad5b8220f88ac4?s=96&d=mm&r=g","url":"https:\/\/secure.gravatar.com\/avatar\/58ac8a13712dd72aa77651ede28efcec1556ba2f16162e16bbad5b8220f88ac4?s=96&d=mm&r=g","contentUrl":"https:\/\/secure.gravatar.com\/avatar\/58ac8a13712dd72aa77651ede28efcec1556ba2f16162e16bbad5b8220f88ac4?s=96&d=mm&r=g","caption":"Maytin DBO"},"url":"https:\/\/radiohuancayo.com.pe\/wp54\/author\/debuenaonda\/"}]}},"_links":{"self":[{"href":"https:\/\/radiohuancayo.com.pe\/wp54\/wp-json\/wp\/v2\/posts\/28768","targetHints":{"allow":["GET"]}}],"collection":[{"href":"https:\/\/radiohuancayo.com.pe\/wp54\/wp-json\/wp\/v2\/posts"}],"about":[{"href":"https:\/\/radiohuancayo.com.pe\/wp54\/wp-json\/wp\/v2\/types\/post"}],"author":[{"embeddable":true,"href":"https:\/\/radiohuancayo.com.pe\/wp54\/wp-json\/wp\/v2\/users\/5"}],"replies":[{"embeddable":true,"href":"https:\/\/radiohuancayo.com.pe\/wp54\/wp-json\/wp\/v2\/comments?post=28768"}],"version-history":[{"count":1,"href":"https:\/\/radiohuancayo.com.pe\/wp54\/wp-json\/wp\/v2\/posts\/28768\/revisions"}],"predecessor-version":[{"id":28773,"href":"https:\/\/radiohuancayo.com.pe\/wp54\/wp-json\/wp\/v2\/posts\/28768\/revisions\/28773"}],"wp:featuredmedia":[{"embeddable":true,"href":"https:\/\/radiohuancayo.com.pe\/wp54\/wp-json\/wp\/v2\/media\/28769"}],"wp:attachment":[{"href":"https:\/\/radiohuancayo.com.pe\/wp54\/wp-json\/wp\/v2\/media?parent=28768"}],"wp:term":[{"taxonomy":"category","embeddable":true,"href":"https:\/\/radiohuancayo.com.pe\/wp54\/wp-json\/wp\/v2\/categories?post=28768"},{"taxonomy":"post_tag","embeddable":true,"href":"https:\/\/radiohuancayo.com.pe\/wp54\/wp-json\/wp\/v2\/tags?post=28768"}],"curies":[{"name":"wp","href":"https:\/\/api.w.org\/{rel}","templated":true}]}}