{"id":28789,"date":"2024-11-07T14:48:33","date_gmt":"2024-11-07T19:48:33","guid":{"rendered":"https:\/\/radiohuancayo.com.pe\/wp54\/?p=28789"},"modified":"2024-11-07T14:48:34","modified_gmt":"2024-11-07T19:48:34","slug":"direccion-de-agricultura-senala-que-junin-seria-afectado-con-escasez-de-limon-por-sequia-en-norte","status":"publish","type":"post","link":"https:\/\/radiohuancayo.com.pe\/wp54\/direccion-de-agricultura-senala-que-junin-seria-afectado-con-escasez-de-limon-por-sequia-en-norte\/","title":{"rendered":"Direcci\u00f3n de Agricultura se\u00f1ala que Jun\u00edn ser\u00eda afectado con escasez de lim\u00f3n por sequ\u00eda en norte"},"content":{"rendered":"\n<p><strong>La crisis de estiaje que afecta al norte del pa\u00eds, especialmente en Piura y otras regiones del norte, podr\u00eda impactar directamente en los hogares de Jun\u00edn, alterando la oferta de productos tradicionales de la canasta familiar. Uno de los productos m\u00e1s afectados ser\u00e1 el lim\u00f3n, que hist\u00f3ricamente ha sido abastecido en gran parte por las regiones del norte.<\/strong><\/p>\n\n\n\n<p>Durante los \u00faltimos a\u00f1os, los precios del lim\u00f3n llegaron a dispararse hasta 60 soles el kilo, lo que gener\u00f3 un gran impacto en las amas de casa.<\/p>\n\n\n\n<p>Ahora, ante la posible escasez, se recomienda evaluar productos alternativos. \u201dNosotros, en Piura, dependemos de los limones, que b\u00e1sicamente se utilizan para el ceviche y las ensaladas. Vamos a sufrir los pr\u00f3ximos meses por la baja producci\u00f3n de este producto. En nuestros cultivos de pan llevar no dependemos de otras regiones\u201d, afirm\u00f3 el director regional de Agricultura, Ronal Mari\u00f1o.<\/p>\n\n\n\n<p>Sobre el impacto del estiaje en la agricultura local la autoridad regional ha descartado perjuicios en la producci\u00f3n habiendo ya iniciado la campa\u00f1a grande de siembra. Director de Agricultura de Jun\u00edn descarta problemas en cultivos locales, pero alerta sobre el impacto del estiaje.<\/p>\n","protected":false},"excerpt":{"rendered":"<p>La crisis de estiaje que afecta al norte del pa\u00eds, especialmente en Piura y otras regiones del norte, podr\u00eda impactar directamente en los hogares de Jun\u00edn, alterando la oferta de productos tradicionales de la canasta familiar. Uno de los productos m\u00e1s afectados ser\u00e1 el lim\u00f3n, que hist\u00f3ricamente ha sido abastecido en gran parte por las regiones del norte. Durante los \u00faltimos a\u00f1os, los precios del lim\u00f3n llegaron a dispararse hasta 60 soles el kilo, lo que gener\u00f3 un gran impacto en las amas de casa. Ahora, ante la posible escasez, se recomienda evaluar productos alternativos. \u201dNosotros, en Piura, dependemos de los limones, que b\u00e1sicamente se utilizan para el ceviche y las ensaladas. Vamos a sufrir los pr\u00f3ximos meses por la baja producci\u00f3n de este producto. En nuestros cultivos de pan llevar no dependemos de otras regiones\u201d, afirm\u00f3 el director regional de Agricultura, Ronal Mari\u00f1o. Sobre el impacto del estiaje en la agricultura local la autoridad regional ha descartado perjuicios en la producci\u00f3n habiendo ya iniciado la campa\u00f1a grande de siembra. Director de Agricultura de Jun\u00edn descarta problemas en cultivos locales, pero alerta sobre el impacto del estiaje.<\/p>\n","protected":false},"author":5,"featured_media":28790,"comment_status":"open","ping_status":"open","sticky":false,"template":"","format":"standard","meta":{"footnotes":""},"categories":[3,18],"tags":[],"class_list":["post-28789","post","type-post","status-publish","format-standard","has-post-thumbnail","hentry","category-noticias","category-regionales"],"yoast_head":"<!-- This site is optimized with the Yoast SEO plugin v27.5 - https:\/\/yoast.com\/product\/yoast-seo-wordpress\/ -->\n<title>Direcci\u00f3n de Agricultura se\u00f1ala que Jun\u00edn ser\u00eda afectado con escasez de lim\u00f3n por sequ\u00eda en norte - Radio Huancayo<\/title>\n<meta name=\"robots\" content=\"index, follow, max-snippet:-1, max-image-preview:large, max-video-preview:-1\" \/>\n<link rel=\"canonical\" href=\"https:\/\/radiohuancayo.com.pe\/wp54\/direccion-de-agricultura-senala-que-junin-seria-afectado-con-escasez-de-limon-por-sequia-en-norte\/\" \/>\n<meta property=\"og:locale\" content=\"es_ES\" \/>\n<meta property=\"og:type\" content=\"article\" \/>\n<meta property=\"og:title\" content=\"Direcci\u00f3n de Agricultura se\u00f1ala que Jun\u00edn ser\u00eda afectado con escasez de lim\u00f3n por sequ\u00eda en norte - Radio Huancayo\" \/>\n<meta property=\"og:description\" content=\"La crisis de estiaje que afecta al norte del pa\u00eds, especialmente en Piura y otras regiones del norte, podr\u00eda impactar directamente en los hogares de Jun\u00edn, alterando la oferta de productos tradicionales de la canasta familiar. Uno de los productos m\u00e1s afectados ser\u00e1 el lim\u00f3n, que hist\u00f3ricamente ha sido abastecido en gran parte por las regiones del norte. Durante los \u00faltimos a\u00f1os, los precios del lim\u00f3n llegaron a dispararse hasta 60 soles el kilo, lo que gener\u00f3 un gran impacto en las amas de casa. Ahora, ante la posible escasez, se recomienda evaluar productos alternativos. \u201dNosotros, en Piura, dependemos de los limones, que b\u00e1sicamente se utilizan para el ceviche y las ensaladas. Vamos a sufrir los pr\u00f3ximos meses por la baja producci\u00f3n de este producto. En nuestros cultivos de pan llevar no dependemos de otras regiones\u201d, afirm\u00f3 el director regional de Agricultura, Ronal Mari\u00f1o. Sobre el impacto del estiaje en la agricultura local la autoridad regional ha descartado perjuicios en la producci\u00f3n habiendo ya iniciado la campa\u00f1a grande de siembra. Director de Agricultura de Jun\u00edn descarta problemas en cultivos locales, pero alerta sobre el impacto del estiaje.\" \/>\n<meta property=\"og:url\" content=\"https:\/\/radiohuancayo.com.pe\/wp54\/direccion-de-agricultura-senala-que-junin-seria-afectado-con-escasez-de-limon-por-sequia-en-norte\/\" \/>\n<meta property=\"og:site_name\" content=\"Radio Huancayo\" \/>\n<meta property=\"article:published_time\" content=\"2024-11-07T19:48:33+00:00\" \/>\n<meta property=\"article:modified_time\" content=\"2024-11-07T19:48:34+00:00\" \/>\n<meta property=\"og:image\" content=\"https:\/\/radiohuancayo.com.pe\/wp54\/wp-content\/uploads\/2024\/11\/image-22-1024x582.png\" \/>\n\t<meta property=\"og:image:width\" content=\"1024\" \/>\n\t<meta property=\"og:image:height\" content=\"582\" \/>\n\t<meta property=\"og:image:type\" content=\"image\/png\" \/>\n<meta name=\"author\" content=\"Maytin DBO\" \/>\n<meta name=\"twitter:card\" content=\"summary_large_image\" \/>\n<meta name=\"twitter:label1\" content=\"Escrito por\" \/>\n\t<meta name=\"twitter:data1\" content=\"Maytin DBO\" \/>\n\t<meta name=\"twitter:label2\" content=\"Tiempo de lectura\" \/>\n\t<meta name=\"twitter:data2\" content=\"2 minutos\" \/>\n<script type=\"application\/ld+json\" class=\"yoast-schema-graph\">{\"@context\":\"https:\\\/\\\/schema.org\",\"@graph\":[{\"@type\":\"Article\",\"@id\":\"https:\\\/\\\/radiohuancayo.com.pe\\\/wp54\\\/direccion-de-agricultura-senala-que-junin-seria-afectado-con-escasez-de-limon-por-sequia-en-norte\\\/#article\",\"isPartOf\":{\"@id\":\"https:\\\/\\\/radiohuancayo.com.pe\\\/wp54\\\/direccion-de-agricultura-senala-que-junin-seria-afectado-con-escasez-de-limon-por-sequia-en-norte\\\/\"},\"author\":{\"name\":\"Maytin DBO\",\"@id\":\"https:\\\/\\\/radiohuancayo.com.pe\\\/wp54\\\/#\\\/schema\\\/person\\\/6baed031d35922e76b91866439cb0b86\"},\"headline\":\"Direcci\u00f3n de Agricultura se\u00f1ala que Jun\u00edn ser\u00eda afectado con escasez de lim\u00f3n por sequ\u00eda en norte\",\"datePublished\":\"2024-11-07T19:48:33+00:00\",\"dateModified\":\"2024-11-07T19:48:34+00:00\",\"mainEntityOfPage\":{\"@id\":\"https:\\\/\\\/radiohuancayo.com.pe\\\/wp54\\\/direccion-de-agricultura-senala-que-junin-seria-afectado-con-escasez-de-limon-por-sequia-en-norte\\\/\"},\"wordCount\":223,\"commentCount\":0,\"publisher\":{\"@id\":\"https:\\\/\\\/radiohuancayo.com.pe\\\/wp54\\\/#organization\"},\"image\":{\"@id\":\"https:\\\/\\\/radiohuancayo.com.pe\\\/wp54\\\/direccion-de-agricultura-senala-que-junin-seria-afectado-con-escasez-de-limon-por-sequia-en-norte\\\/#primaryimage\"},\"thumbnailUrl\":\"https:\\\/\\\/radiohuancayo.com.pe\\\/wp54\\\/wp-content\\\/uploads\\\/2024\\\/11\\\/image-22.png\",\"articleSection\":[\"Noticias\",\"Regionales\"],\"inLanguage\":\"es\",\"potentialAction\":[{\"@type\":\"CommentAction\",\"name\":\"Comment\",\"target\":[\"https:\\\/\\\/radiohuancayo.com.pe\\\/wp54\\\/direccion-de-agricultura-senala-que-junin-seria-afectado-con-escasez-de-limon-por-sequia-en-norte\\\/#respond\"]}]},{\"@type\":\"WebPage\",\"@id\":\"https:\\\/\\\/radiohuancayo.com.pe\\\/wp54\\\/direccion-de-agricultura-senala-que-junin-seria-afectado-con-escasez-de-limon-por-sequia-en-norte\\\/\",\"url\":\"https:\\\/\\\/radiohuancayo.com.pe\\\/wp54\\\/direccion-de-agricultura-senala-que-junin-seria-afectado-con-escasez-de-limon-por-sequia-en-norte\\\/\",\"name\":\"Direcci\u00f3n de Agricultura se\u00f1ala que Jun\u00edn ser\u00eda afectado con escasez de lim\u00f3n por sequ\u00eda en norte - Radio Huancayo\",\"isPartOf\":{\"@id\":\"https:\\\/\\\/radiohuancayo.com.pe\\\/wp54\\\/#website\"},\"primaryImageOfPage\":{\"@id\":\"https:\\\/\\\/radiohuancayo.com.pe\\\/wp54\\\/direccion-de-agricultura-senala-que-junin-seria-afectado-con-escasez-de-limon-por-sequia-en-norte\\\/#primaryimage\"},\"image\":{\"@id\":\"https:\\\/\\\/radiohuancayo.com.pe\\\/wp54\\\/direccion-de-agricultura-senala-que-junin-seria-afectado-con-escasez-de-limon-por-sequia-en-norte\\\/#primaryimage\"},\"thumbnailUrl\":\"https:\\\/\\\/radiohuancayo.com.pe\\\/wp54\\\/wp-content\\\/uploads\\\/2024\\\/11\\\/image-22.png\",\"datePublished\":\"2024-11-07T19:48:33+00:00\",\"dateModified\":\"2024-11-07T19:48:34+00:00\",\"breadcrumb\":{\"@id\":\"https:\\\/\\\/radiohuancayo.com.pe\\\/wp54\\\/direccion-de-agricultura-senala-que-junin-seria-afectado-con-escasez-de-limon-por-sequia-en-norte\\\/#breadcrumb\"},\"inLanguage\":\"es\",\"potentialAction\":[{\"@type\":\"ReadAction\",\"target\":[\"https:\\\/\\\/radiohuancayo.com.pe\\\/wp54\\\/direccion-de-agricultura-senala-que-junin-seria-afectado-con-escasez-de-limon-por-sequia-en-norte\\\/\"]}]},{\"@type\":\"ImageObject\",\"inLanguage\":\"es\",\"@id\":\"https:\\\/\\\/radiohuancayo.com.pe\\\/wp54\\\/direccion-de-agricultura-senala-que-junin-seria-afectado-con-escasez-de-limon-por-sequia-en-norte\\\/#primaryimage\",\"url\":\"https:\\\/\\\/radiohuancayo.com.pe\\\/wp54\\\/wp-content\\\/uploads\\\/2024\\\/11\\\/image-22.png\",\"contentUrl\":\"https:\\\/\\\/radiohuancayo.com.pe\\\/wp54\\\/wp-content\\\/uploads\\\/2024\\\/11\\\/image-22.png\",\"width\":1200,\"height\":682},{\"@type\":\"BreadcrumbList\",\"@id\":\"https:\\\/\\\/radiohuancayo.com.pe\\\/wp54\\\/direccion-de-agricultura-senala-que-junin-seria-afectado-con-escasez-de-limon-por-sequia-en-norte\\\/#breadcrumb\",\"itemListElement\":[{\"@type\":\"ListItem\",\"position\":1,\"name\":\"Portada\",\"item\":\"https:\\\/\\\/radiohuancayo.com.pe\\\/wp54\\\/\"},{\"@type\":\"ListItem\",\"position\":2,\"name\":\"Direcci\u00f3n de Agricultura se\u00f1ala que Jun\u00edn ser\u00eda afectado con escasez de lim\u00f3n por sequ\u00eda en norte\"}]},{\"@type\":\"WebSite\",\"@id\":\"https:\\\/\\\/radiohuancayo.com.pe\\\/wp54\\\/#website\",\"url\":\"https:\\\/\\\/radiohuancayo.com.pe\\\/wp54\\\/\",\"name\":\"Radio Huancayo\",\"description\":\"me gusta!!!\",\"publisher\":{\"@id\":\"https:\\\/\\\/radiohuancayo.com.pe\\\/wp54\\\/#organization\"},\"potentialAction\":[{\"@type\":\"SearchAction\",\"target\":{\"@type\":\"EntryPoint\",\"urlTemplate\":\"https:\\\/\\\/radiohuancayo.com.pe\\\/wp54\\\/?s={search_term_string}\"},\"query-input\":{\"@type\":\"PropertyValueSpecification\",\"valueRequired\":true,\"valueName\":\"search_term_string\"}}],\"inLanguage\":\"es\"},{\"@type\":\"Organization\",\"@id\":\"https:\\\/\\\/radiohuancayo.com.pe\\\/wp54\\\/#organization\",\"name\":\"Radio Huancayo\",\"url\":\"https:\\\/\\\/radiohuancayo.com.pe\\\/wp54\\\/\",\"logo\":{\"@type\":\"ImageObject\",\"inLanguage\":\"es\",\"@id\":\"https:\\\/\\\/radiohuancayo.com.pe\\\/wp54\\\/#\\\/schema\\\/logo\\\/image\\\/\",\"url\":\"https:\\\/\\\/radiohuancayo.com.pe\\\/wp54\\\/wp-content\\\/uploads\\\/2022\\\/04\\\/CABE01.png\",\"contentUrl\":\"https:\\\/\\\/radiohuancayo.com.pe\\\/wp54\\\/wp-content\\\/uploads\\\/2022\\\/04\\\/CABE01.png\",\"width\":1640,\"height\":300,\"caption\":\"Radio Huancayo\"},\"image\":{\"@id\":\"https:\\\/\\\/radiohuancayo.com.pe\\\/wp54\\\/#\\\/schema\\\/logo\\\/image\\\/\"}},{\"@type\":\"Person\",\"@id\":\"https:\\\/\\\/radiohuancayo.com.pe\\\/wp54\\\/#\\\/schema\\\/person\\\/6baed031d35922e76b91866439cb0b86\",\"name\":\"Maytin DBO\",\"image\":{\"@type\":\"ImageObject\",\"inLanguage\":\"es\",\"@id\":\"https:\\\/\\\/secure.gravatar.com\\\/avatar\\\/58ac8a13712dd72aa77651ede28efcec1556ba2f16162e16bbad5b8220f88ac4?s=96&d=mm&r=g\",\"url\":\"https:\\\/\\\/secure.gravatar.com\\\/avatar\\\/58ac8a13712dd72aa77651ede28efcec1556ba2f16162e16bbad5b8220f88ac4?s=96&d=mm&r=g\",\"contentUrl\":\"https:\\\/\\\/secure.gravatar.com\\\/avatar\\\/58ac8a13712dd72aa77651ede28efcec1556ba2f16162e16bbad5b8220f88ac4?s=96&d=mm&r=g\",\"caption\":\"Maytin DBO\"},\"url\":\"https:\\\/\\\/radiohuancayo.com.pe\\\/wp54\\\/author\\\/debuenaonda\\\/\"}]}<\/script>\n<!-- \/ Yoast SEO plugin. -->","yoast_head_json":{"title":"Direcci\u00f3n de Agricultura se\u00f1ala que Jun\u00edn ser\u00eda afectado con escasez de lim\u00f3n por sequ\u00eda en norte - Radio Huancayo","robots":{"index":"index","follow":"follow","max-snippet":"max-snippet:-1","max-image-preview":"max-image-preview:large","max-video-preview":"max-video-preview:-1"},"canonical":"https:\/\/radiohuancayo.com.pe\/wp54\/direccion-de-agricultura-senala-que-junin-seria-afectado-con-escasez-de-limon-por-sequia-en-norte\/","og_locale":"es_ES","og_type":"article","og_title":"Direcci\u00f3n de Agricultura se\u00f1ala que Jun\u00edn ser\u00eda afectado con escasez de lim\u00f3n por sequ\u00eda en norte - Radio Huancayo","og_description":"La crisis de estiaje que afecta al norte del pa\u00eds, especialmente en Piura y otras regiones del norte, podr\u00eda impactar directamente en los hogares de Jun\u00edn, alterando la oferta de productos tradicionales de la canasta familiar. Uno de los productos m\u00e1s afectados ser\u00e1 el lim\u00f3n, que hist\u00f3ricamente ha sido abastecido en gran parte por las regiones del norte. Durante los \u00faltimos a\u00f1os, los precios del lim\u00f3n llegaron a dispararse hasta 60 soles el kilo, lo que gener\u00f3 un gran impacto en las amas de casa. Ahora, ante la posible escasez, se recomienda evaluar productos alternativos. \u201dNosotros, en Piura, dependemos de los limones, que b\u00e1sicamente se utilizan para el ceviche y las ensaladas. Vamos a sufrir los pr\u00f3ximos meses por la baja producci\u00f3n de este producto. En nuestros cultivos de pan llevar no dependemos de otras regiones\u201d, afirm\u00f3 el director regional de Agricultura, Ronal Mari\u00f1o. Sobre el impacto del estiaje en la agricultura local la autoridad regional ha descartado perjuicios en la producci\u00f3n habiendo ya iniciado la campa\u00f1a grande de siembra. Director de Agricultura de Jun\u00edn descarta problemas en cultivos locales, pero alerta sobre el impacto del estiaje.","og_url":"https:\/\/radiohuancayo.com.pe\/wp54\/direccion-de-agricultura-senala-que-junin-seria-afectado-con-escasez-de-limon-por-sequia-en-norte\/","og_site_name":"Radio Huancayo","article_published_time":"2024-11-07T19:48:33+00:00","article_modified_time":"2024-11-07T19:48:34+00:00","og_image":[{"width":1024,"height":582,"url":"https:\/\/radiohuancayo.com.pe\/wp54\/wp-content\/uploads\/2024\/11\/image-22-1024x582.png","type":"image\/png"}],"author":"Maytin DBO","twitter_card":"summary_large_image","twitter_misc":{"Escrito por":"Maytin DBO","Tiempo de lectura":"2 minutos"},"schema":{"@context":"https:\/\/schema.org","@graph":[{"@type":"Article","@id":"https:\/\/radiohuancayo.com.pe\/wp54\/direccion-de-agricultura-senala-que-junin-seria-afectado-con-escasez-de-limon-por-sequia-en-norte\/#article","isPartOf":{"@id":"https:\/\/radiohuancayo.com.pe\/wp54\/direccion-de-agricultura-senala-que-junin-seria-afectado-con-escasez-de-limon-por-sequia-en-norte\/"},"author":{"name":"Maytin DBO","@id":"https:\/\/radiohuancayo.com.pe\/wp54\/#\/schema\/person\/6baed031d35922e76b91866439cb0b86"},"headline":"Direcci\u00f3n de Agricultura se\u00f1ala que Jun\u00edn ser\u00eda afectado con escasez de lim\u00f3n por sequ\u00eda en norte","datePublished":"2024-11-07T19:48:33+00:00","dateModified":"2024-11-07T19:48:34+00:00","mainEntityOfPage":{"@id":"https:\/\/radiohuancayo.com.pe\/wp54\/direccion-de-agricultura-senala-que-junin-seria-afectado-con-escasez-de-limon-por-sequia-en-norte\/"},"wordCount":223,"commentCount":0,"publisher":{"@id":"https:\/\/radiohuancayo.com.pe\/wp54\/#organization"},"image":{"@id":"https:\/\/radiohuancayo.com.pe\/wp54\/direccion-de-agricultura-senala-que-junin-seria-afectado-con-escasez-de-limon-por-sequia-en-norte\/#primaryimage"},"thumbnailUrl":"https:\/\/radiohuancayo.com.pe\/wp54\/wp-content\/uploads\/2024\/11\/image-22.png","articleSection":["Noticias","Regionales"],"inLanguage":"es","potentialAction":[{"@type":"CommentAction","name":"Comment","target":["https:\/\/radiohuancayo.com.pe\/wp54\/direccion-de-agricultura-senala-que-junin-seria-afectado-con-escasez-de-limon-por-sequia-en-norte\/#respond"]}]},{"@type":"WebPage","@id":"https:\/\/radiohuancayo.com.pe\/wp54\/direccion-de-agricultura-senala-que-junin-seria-afectado-con-escasez-de-limon-por-sequia-en-norte\/","url":"https:\/\/radiohuancayo.com.pe\/wp54\/direccion-de-agricultura-senala-que-junin-seria-afectado-con-escasez-de-limon-por-sequia-en-norte\/","name":"Direcci\u00f3n de Agricultura se\u00f1ala que Jun\u00edn ser\u00eda afectado con escasez de lim\u00f3n por sequ\u00eda en norte - Radio Huancayo","isPartOf":{"@id":"https:\/\/radiohuancayo.com.pe\/wp54\/#website"},"primaryImageOfPage":{"@id":"https:\/\/radiohuancayo.com.pe\/wp54\/direccion-de-agricultura-senala-que-junin-seria-afectado-con-escasez-de-limon-por-sequia-en-norte\/#primaryimage"},"image":{"@id":"https:\/\/radiohuancayo.com.pe\/wp54\/direccion-de-agricultura-senala-que-junin-seria-afectado-con-escasez-de-limon-por-sequia-en-norte\/#primaryimage"},"thumbnailUrl":"https:\/\/radiohuancayo.com.pe\/wp54\/wp-content\/uploads\/2024\/11\/image-22.png","datePublished":"2024-11-07T19:48:33+00:00","dateModified":"2024-11-07T19:48:34+00:00","breadcrumb":{"@id":"https:\/\/radiohuancayo.com.pe\/wp54\/direccion-de-agricultura-senala-que-junin-seria-afectado-con-escasez-de-limon-por-sequia-en-norte\/#breadcrumb"},"inLanguage":"es","potentialAction":[{"@type":"ReadAction","target":["https:\/\/radiohuancayo.com.pe\/wp54\/direccion-de-agricultura-senala-que-junin-seria-afectado-con-escasez-de-limon-por-sequia-en-norte\/"]}]},{"@type":"ImageObject","inLanguage":"es","@id":"https:\/\/radiohuancayo.com.pe\/wp54\/direccion-de-agricultura-senala-que-junin-seria-afectado-con-escasez-de-limon-por-sequia-en-norte\/#primaryimage","url":"https:\/\/radiohuancayo.com.pe\/wp54\/wp-content\/uploads\/2024\/11\/image-22.png","contentUrl":"https:\/\/radiohuancayo.com.pe\/wp54\/wp-content\/uploads\/2024\/11\/image-22.png","width":1200,"height":682},{"@type":"BreadcrumbList","@id":"https:\/\/radiohuancayo.com.pe\/wp54\/direccion-de-agricultura-senala-que-junin-seria-afectado-con-escasez-de-limon-por-sequia-en-norte\/#breadcrumb","itemListElement":[{"@type":"ListItem","position":1,"name":"Portada","item":"https:\/\/radiohuancayo.com.pe\/wp54\/"},{"@type":"ListItem","position":2,"name":"Direcci\u00f3n de Agricultura se\u00f1ala que Jun\u00edn ser\u00eda afectado con escasez de lim\u00f3n por sequ\u00eda en norte"}]},{"@type":"WebSite","@id":"https:\/\/radiohuancayo.com.pe\/wp54\/#website","url":"https:\/\/radiohuancayo.com.pe\/wp54\/","name":"Radio Huancayo","description":"me gusta!!!","publisher":{"@id":"https:\/\/radiohuancayo.com.pe\/wp54\/#organization"},"potentialAction":[{"@type":"SearchAction","target":{"@type":"EntryPoint","urlTemplate":"https:\/\/radiohuancayo.com.pe\/wp54\/?s={search_term_string}"},"query-input":{"@type":"PropertyValueSpecification","valueRequired":true,"valueName":"search_term_string"}}],"inLanguage":"es"},{"@type":"Organization","@id":"https:\/\/radiohuancayo.com.pe\/wp54\/#organization","name":"Radio Huancayo","url":"https:\/\/radiohuancayo.com.pe\/wp54\/","logo":{"@type":"ImageObject","inLanguage":"es","@id":"https:\/\/radiohuancayo.com.pe\/wp54\/#\/schema\/logo\/image\/","url":"https:\/\/radiohuancayo.com.pe\/wp54\/wp-content\/uploads\/2022\/04\/CABE01.png","contentUrl":"https:\/\/radiohuancayo.com.pe\/wp54\/wp-content\/uploads\/2022\/04\/CABE01.png","width":1640,"height":300,"caption":"Radio Huancayo"},"image":{"@id":"https:\/\/radiohuancayo.com.pe\/wp54\/#\/schema\/logo\/image\/"}},{"@type":"Person","@id":"https:\/\/radiohuancayo.com.pe\/wp54\/#\/schema\/person\/6baed031d35922e76b91866439cb0b86","name":"Maytin DBO","image":{"@type":"ImageObject","inLanguage":"es","@id":"https:\/\/secure.gravatar.com\/avatar\/58ac8a13712dd72aa77651ede28efcec1556ba2f16162e16bbad5b8220f88ac4?s=96&d=mm&r=g","url":"https:\/\/secure.gravatar.com\/avatar\/58ac8a13712dd72aa77651ede28efcec1556ba2f16162e16bbad5b8220f88ac4?s=96&d=mm&r=g","contentUrl":"https:\/\/secure.gravatar.com\/avatar\/58ac8a13712dd72aa77651ede28efcec1556ba2f16162e16bbad5b8220f88ac4?s=96&d=mm&r=g","caption":"Maytin DBO"},"url":"https:\/\/radiohuancayo.com.pe\/wp54\/author\/debuenaonda\/"}]}},"_links":{"self":[{"href":"https:\/\/radiohuancayo.com.pe\/wp54\/wp-json\/wp\/v2\/posts\/28789","targetHints":{"allow":["GET"]}}],"collection":[{"href":"https:\/\/radiohuancayo.com.pe\/wp54\/wp-json\/wp\/v2\/posts"}],"about":[{"href":"https:\/\/radiohuancayo.com.pe\/wp54\/wp-json\/wp\/v2\/types\/post"}],"author":[{"embeddable":true,"href":"https:\/\/radiohuancayo.com.pe\/wp54\/wp-json\/wp\/v2\/users\/5"}],"replies":[{"embeddable":true,"href":"https:\/\/radiohuancayo.com.pe\/wp54\/wp-json\/wp\/v2\/comments?post=28789"}],"version-history":[{"count":1,"href":"https:\/\/radiohuancayo.com.pe\/wp54\/wp-json\/wp\/v2\/posts\/28789\/revisions"}],"predecessor-version":[{"id":28791,"href":"https:\/\/radiohuancayo.com.pe\/wp54\/wp-json\/wp\/v2\/posts\/28789\/revisions\/28791"}],"wp:featuredmedia":[{"embeddable":true,"href":"https:\/\/radiohuancayo.com.pe\/wp54\/wp-json\/wp\/v2\/media\/28790"}],"wp:attachment":[{"href":"https:\/\/radiohuancayo.com.pe\/wp54\/wp-json\/wp\/v2\/media?parent=28789"}],"wp:term":[{"taxonomy":"category","embeddable":true,"href":"https:\/\/radiohuancayo.com.pe\/wp54\/wp-json\/wp\/v2\/categories?post=28789"},{"taxonomy":"post_tag","embeddable":true,"href":"https:\/\/radiohuancayo.com.pe\/wp54\/wp-json\/wp\/v2\/tags?post=28789"}],"curies":[{"name":"wp","href":"https:\/\/api.w.org\/{rel}","templated":true}]}}